{"id":6835,"date":"2017-12-21T17:51:56","date_gmt":"2017-12-21T20:51:56","guid":{"rendered":"http:\/\/caririemdestaque.com\/cd\/?p=6835"},"modified":"2017-12-21T17:51:56","modified_gmt":"2017-12-21T20:51:56","slug":"governo-parcela-recolhimento-do-icms-do-varejo-de-dezembro","status":"publish","type":"post","link":"https:\/\/noticiasemdestaque.com\/cd\/?p=6835","title":{"rendered":"Governo parcela recolhimento do ICMS do varejo de dezembro"},"content":{"rendered":"<p><a href=\"http:\/\/caririemdestaque.com\/cd\/wp-content\/uploads\/2017\/10\/Ricardo-Coutinho-81.jpg\"><img fetchpriority=\"high\" decoding=\"async\" class=\"alignleft wp-image-5400 size-medium\" src=\"http:\/\/caririemdestaque.com\/cd\/wp-content\/uploads\/2017\/10\/Ricardo-Coutinho-81-300x200.jpg\" alt=\"\" width=\"300\" height=\"200\" srcset=\"https:\/\/noticiasemdestaque.com\/cd\/wp-content\/uploads\/2017\/10\/Ricardo-Coutinho-81-300x200.jpg 300w, https:\/\/noticiasemdestaque.com\/cd\/wp-content\/uploads\/2017\/10\/Ricardo-Coutinho-81-768x511.jpg 768w, https:\/\/noticiasemdestaque.com\/cd\/wp-content\/uploads\/2017\/10\/Ricardo-Coutinho-81-1024x682.jpg 1024w, https:\/\/noticiasemdestaque.com\/cd\/wp-content\/uploads\/2017\/10\/Ricardo-Coutinho-81-480x320.jpg 480w\" sizes=\"(max-width: 300px) 100vw, 300px\" \/><\/a>Pelo s\u00e9timo ano consecutivo da atual gest\u00e3o, o Governo do Estado Para\u00edba vai parcelar em duas vezes o recolhimento do ICMS do com\u00e9rcio varejista, referente \u00e0s vendas de mercadorias realizadas no m\u00eas de dezembro. O decreto de n\u00famero 37.962 foi assinado pelo governador Ricardo Coutinho e publicado no Di\u00e1rio Oficial do Estado desta ter\u00e7a-feira (19).<\/p>\n<p>O objetivo \u00e9 suavizar o fluxo de caixa dos estabelecimentos das empresas do com\u00e9rcio varejista paraibano no m\u00eas de maior de vendas, mas tamb\u00e9m de compromissos do setor diante ainda de um cen\u00e1rio de retomada lenta da economia.<\/p>\n<p>Segundo o texto do decreto, as empresas dever\u00e3o recolher no dia 15 de janeiro o valor m\u00ednimo equivalente a 50% do ICMS devido do m\u00eas de dezembro, enquanto o saldo remanescente do recolhimento de dezembro dever\u00e1 ser pago em parcela \u00fanica at\u00e9 o dia 15 de fevereiro de 2018, junto com o recolhimento devido do m\u00eas de janeiro.<\/p>\n<p>O decreto estabelece crit\u00e9rios para o benef\u00edcio do parcelamento em duas vezes. Primeiro, \u00e9 aplicado somente aos contribuintes varejistas regularmente inscritos no Cadastro de Contribuintes do ICMS do Estado da Para\u00edba. Esse parcelamento n\u00e3o inclui as opera\u00e7\u00f5es sujeitas \u00e0 substitui\u00e7\u00e3o tribut\u00e1ria, ao ICMS Garantido e aos contribuintes detentores de algum regime especial de tributa\u00e7\u00e3o. O contribuinte tamb\u00e9m que tenha praticado atos que sejam caracterizados como infra\u00e7\u00e3o \u00e0 legisla\u00e7\u00e3o tribut\u00e1ria perder\u00e1 o direito de usufruir o benef\u00edcio deste decreto.<\/p>\n","protected":false},"excerpt":{"rendered":"<p>Pelo s\u00e9timo ano consecutivo da atual gest\u00e3o, o Governo do Estado Para\u00edba vai parcelar em duas vezes o recolhimento do ICMS do com\u00e9rcio varejista, referente \u00e0s vendas de mercadorias realizadas no m\u00eas de dezembro. O decreto de n\u00famero 37.962 foi assinado pelo governador Ricardo Coutinho e publicado no Di\u00e1rio Oficial do Estado desta ter\u00e7a-feira (19). O objetivo \u00e9 suavizar o fluxo de caixa dos estabelecimentos das empresas do com\u00e9rcio varejista paraibano no m\u00eas de maior de vendas, mas tamb\u00e9m de compromissos do setor diante ainda de um cen\u00e1rio de retomada lenta da economia. Segundo o texto do decreto, as empresas dever\u00e3o recolher no dia 15 de janeiro o valor m\u00ednimo equivalente a 50% do ICMS devido do m\u00eas de dezembro, enquanto o saldo remanescente do recolhimento de dezembro dever\u00e1 ser pago em parcela \u00fanica at\u00e9 o dia 15 de fevereiro de 2018, junto com o recolhimento devido do m\u00eas de janeiro. O decreto estabelece crit\u00e9rios para o benef\u00edcio do parcelamento em duas vezes. Primeiro, \u00e9 aplicado somente aos contribuintes varejistas regularmente inscritos no Cadastro de Contribuintes do ICMS do Estado da Para\u00edba. Esse parcelamento n\u00e3o inclui as opera\u00e7\u00f5es sujeitas \u00e0 substitui\u00e7\u00e3o tribut\u00e1ria, ao ICMS Garantido e aos contribuintes detentores de algum regime especial de tributa\u00e7\u00e3o. O contribuinte tamb\u00e9m que tenha praticado atos que sejam caracterizados como infra\u00e7\u00e3o \u00e0 legisla\u00e7\u00e3o tribut\u00e1ria perder\u00e1 o direito de usufruir o benef\u00edcio deste decreto.<\/p>\n","protected":false},"author":2,"featured_media":1617,"comment_status":"closed","ping_status":"open","sticky":false,"template":"","format":"standard","meta":{"_eb_attr":"","_jetpack_memberships_contains_paid_content":false,"footnotes":""},"categories":[11],"tags":[],"class_list":["post-6835","post","type-post","status-publish","format-standard","has-post-thumbnail","hentry","category-economia"],"yoast_head":"<!-- This site is optimized with the Yoast SEO plugin v26.5 - https:\/\/yoast.com\/wordpress\/plugins\/seo\/ -->\n<title>Governo parcela recolhimento do ICMS do varejo de dezembro - Not&iacute;cias em Destaque<\/title>\n<meta name=\"robots\" content=\"index, follow, max-snippet:-1, max-image-preview:large, max-video-preview:-1\" \/>\n<link rel=\"canonical\" href=\"https:\/\/noticiasemdestaque.com\/cd\/?p=6835\" \/>\n<meta property=\"og:locale\" content=\"pt_BR\" \/>\n<meta property=\"og:type\" content=\"article\" \/>\n<meta property=\"og:title\" content=\"Governo parcela recolhimento do ICMS do varejo de dezembro - Not&iacute;cias em Destaque\" \/>\n<meta property=\"og:description\" content=\"Pelo s\u00e9timo ano consecutivo da atual gest\u00e3o, o Governo do Estado Para\u00edba vai parcelar em duas vezes o recolhimento do ICMS do com\u00e9rcio varejista, referente \u00e0s vendas de mercadorias realizadas no m\u00eas de dezembro. O decreto de n\u00famero 37.962 foi assinado pelo governador Ricardo Coutinho e publicado no Di\u00e1rio Oficial do Estado desta ter\u00e7a-feira (19). O objetivo \u00e9 suavizar o fluxo de caixa dos estabelecimentos das empresas do com\u00e9rcio varejista paraibano no m\u00eas de maior de vendas, mas tamb\u00e9m de compromissos do setor diante ainda de um cen\u00e1rio de retomada lenta da economia. Segundo o texto do decreto, as empresas dever\u00e3o recolher no dia 15 de janeiro o valor m\u00ednimo equivalente a 50% do ICMS devido do m\u00eas de dezembro, enquanto o saldo remanescente do recolhimento de dezembro dever\u00e1 ser pago em parcela \u00fanica at\u00e9 o dia 15 de fevereiro de 2018, junto com o recolhimento devido do m\u00eas de janeiro. O decreto estabelece crit\u00e9rios para o benef\u00edcio do parcelamento em duas vezes. Primeiro, \u00e9 aplicado somente aos contribuintes varejistas regularmente inscritos no Cadastro de Contribuintes do ICMS do Estado da Para\u00edba. Esse parcelamento n\u00e3o inclui as opera\u00e7\u00f5es sujeitas \u00e0 substitui\u00e7\u00e3o tribut\u00e1ria, ao ICMS Garantido e aos contribuintes detentores de algum regime especial de tributa\u00e7\u00e3o. O contribuinte tamb\u00e9m que tenha praticado atos que sejam caracterizados como infra\u00e7\u00e3o \u00e0 legisla\u00e7\u00e3o tribut\u00e1ria perder\u00e1 o direito de usufruir o benef\u00edcio deste decreto.\" \/>\n<meta property=\"og:url\" content=\"https:\/\/noticiasemdestaque.com\/cd\/?p=6835\" \/>\n<meta property=\"og:site_name\" content=\"Not&iacute;cias em Destaque\" \/>\n<meta property=\"article:published_time\" content=\"2017-12-21T20:51:56+00:00\" \/>\n<meta property=\"og:image\" content=\"https:\/\/noticiasemdestaque.com\/cd\/wp-content\/uploads\/2017\/07\/ricardo_coutinho_walla_santos2.jpg\" \/>\n\t<meta property=\"og:image:width\" content=\"876\" \/>\n\t<meta property=\"og:image:height\" content=\"585\" \/>\n\t<meta property=\"og:image:type\" content=\"image\/jpeg\" \/>\n<meta name=\"author\" content=\"Not\u00edcias em Destaque\" \/>\n<meta name=\"twitter:card\" content=\"summary_large_image\" \/>\n<meta name=\"twitter:label1\" content=\"Escrito por\" \/>\n\t<meta name=\"twitter:data1\" content=\"Not\u00edcias em Destaque\" \/>\n\t<meta name=\"twitter:label2\" content=\"Est. tempo de leitura\" \/>\n\t<meta name=\"twitter:data2\" content=\"1 minuto\" \/>\n<script type=\"application\/ld+json\" class=\"yoast-schema-graph\">{\"@context\":\"https:\/\/schema.org\",\"@graph\":[{\"@type\":\"Article\",\"@id\":\"https:\/\/noticiasemdestaque.com\/cd\/?p=6835#article\",\"isPartOf\":{\"@id\":\"https:\/\/noticiasemdestaque.com\/cd\/?p=6835\"},\"author\":{\"name\":\"Not\u00edcias em Destaque\",\"@id\":\"https:\/\/noticiasemdestaque.com\/cd\/#\/schema\/person\/47f7d4f55eec17c6b2ca036c5500f6ce\"},\"headline\":\"Governo parcela recolhimento do ICMS do varejo de dezembro\",\"datePublished\":\"2017-12-21T20:51:56+00:00\",\"mainEntityOfPage\":{\"@id\":\"https:\/\/noticiasemdestaque.com\/cd\/?p=6835\"},\"wordCount\":257,\"publisher\":{\"@id\":\"https:\/\/noticiasemdestaque.com\/cd\/#organization\"},\"image\":{\"@id\":\"https:\/\/noticiasemdestaque.com\/cd\/?p=6835#primaryimage\"},\"thumbnailUrl\":\"https:\/\/noticiasemdestaque.com\/cd\/wp-content\/uploads\/2017\/07\/ricardo_coutinho_walla_santos2.jpg\",\"articleSection\":[\"Economia\"],\"inLanguage\":\"pt-BR\"},{\"@type\":\"WebPage\",\"@id\":\"https:\/\/noticiasemdestaque.com\/cd\/?p=6835\",\"url\":\"https:\/\/noticiasemdestaque.com\/cd\/?p=6835\",\"name\":\"Governo parcela recolhimento do ICMS do varejo de dezembro - Not&iacute;cias em Destaque\",\"isPartOf\":{\"@id\":\"https:\/\/noticiasemdestaque.com\/cd\/#website\"},\"primaryImageOfPage\":{\"@id\":\"https:\/\/noticiasemdestaque.com\/cd\/?p=6835#primaryimage\"},\"image\":{\"@id\":\"https:\/\/noticiasemdestaque.com\/cd\/?p=6835#primaryimage\"},\"thumbnailUrl\":\"https:\/\/noticiasemdestaque.com\/cd\/wp-content\/uploads\/2017\/07\/ricardo_coutinho_walla_santos2.jpg\",\"datePublished\":\"2017-12-21T20:51:56+00:00\",\"breadcrumb\":{\"@id\":\"https:\/\/noticiasemdestaque.com\/cd\/?p=6835#breadcrumb\"},\"inLanguage\":\"pt-BR\",\"potentialAction\":[{\"@type\":\"ReadAction\",\"target\":[\"https:\/\/noticiasemdestaque.com\/cd\/?p=6835\"]}]},{\"@type\":\"ImageObject\",\"inLanguage\":\"pt-BR\",\"@id\":\"https:\/\/noticiasemdestaque.com\/cd\/?p=6835#primaryimage\",\"url\":\"https:\/\/noticiasemdestaque.com\/cd\/wp-content\/uploads\/2017\/07\/ricardo_coutinho_walla_santos2.jpg\",\"contentUrl\":\"https:\/\/noticiasemdestaque.com\/cd\/wp-content\/uploads\/2017\/07\/ricardo_coutinho_walla_santos2.jpg\",\"width\":876,\"height\":585},{\"@type\":\"BreadcrumbList\",\"@id\":\"https:\/\/noticiasemdestaque.com\/cd\/?p=6835#breadcrumb\",\"itemListElement\":[{\"@type\":\"ListItem\",\"position\":1,\"name\":\"In\u00edcio\",\"item\":\"https:\/\/noticiasemdestaque.com\/cd\/\"},{\"@type\":\"ListItem\",\"position\":2,\"name\":\"Governo parcela recolhimento do ICMS do varejo de dezembro\"}]},{\"@type\":\"WebSite\",\"@id\":\"https:\/\/noticiasemdestaque.com\/cd\/#website\",\"url\":\"https:\/\/noticiasemdestaque.com\/cd\/\",\"name\":\"Not&iacute;cias em Destaque\",\"description\":\"\",\"publisher\":{\"@id\":\"https:\/\/noticiasemdestaque.com\/cd\/#organization\"},\"potentialAction\":[{\"@type\":\"SearchAction\",\"target\":{\"@type\":\"EntryPoint\",\"urlTemplate\":\"https:\/\/noticiasemdestaque.com\/cd\/?s={search_term_string}\"},\"query-input\":{\"@type\":\"PropertyValueSpecification\",\"valueRequired\":true,\"valueName\":\"search_term_string\"}}],\"inLanguage\":\"pt-BR\"},{\"@type\":\"Organization\",\"@id\":\"https:\/\/noticiasemdestaque.com\/cd\/#organization\",\"name\":\"Not\u00edcias em Destaque\",\"url\":\"https:\/\/noticiasemdestaque.com\/cd\/\",\"logo\":{\"@type\":\"ImageObject\",\"inLanguage\":\"pt-BR\",\"@id\":\"https:\/\/noticiasemdestaque.com\/cd\/#\/schema\/logo\/image\/\",\"url\":\"https:\/\/noticiasemdestaque.com\/cd\/wp-content\/uploads\/2022\/05\/imagem-base-noticiasemdestaque.png\",\"contentUrl\":\"https:\/\/noticiasemdestaque.com\/cd\/wp-content\/uploads\/2022\/05\/imagem-base-noticiasemdestaque.png\",\"width\":1200,\"height\":630,\"caption\":\"Not\u00edcias em Destaque\"},\"image\":{\"@id\":\"https:\/\/noticiasemdestaque.com\/cd\/#\/schema\/logo\/image\/\"}},{\"@type\":\"Person\",\"@id\":\"https:\/\/noticiasemdestaque.com\/cd\/#\/schema\/person\/47f7d4f55eec17c6b2ca036c5500f6ce\",\"name\":\"Not\u00edcias em Destaque\",\"url\":\"https:\/\/noticiasemdestaque.com\/cd\/?author=2\"}]}<\/script>\n<!-- \/ Yoast SEO plugin. -->","yoast_head_json":{"title":"Governo parcela recolhimento do ICMS do varejo de dezembro - Not&iacute;cias em Destaque","robots":{"index":"index","follow":"follow","max-snippet":"max-snippet:-1","max-image-preview":"max-image-preview:large","max-video-preview":"max-video-preview:-1"},"canonical":"https:\/\/noticiasemdestaque.com\/cd\/?p=6835","og_locale":"pt_BR","og_type":"article","og_title":"Governo parcela recolhimento do ICMS do varejo de dezembro - Not&iacute;cias em Destaque","og_description":"Pelo s\u00e9timo ano consecutivo da atual gest\u00e3o, o Governo do Estado Para\u00edba vai parcelar em duas vezes o recolhimento do ICMS do com\u00e9rcio varejista, referente \u00e0s vendas de mercadorias realizadas no m\u00eas de dezembro. O decreto de n\u00famero 37.962 foi assinado pelo governador Ricardo Coutinho e publicado no Di\u00e1rio Oficial do Estado desta ter\u00e7a-feira (19). O objetivo \u00e9 suavizar o fluxo de caixa dos estabelecimentos das empresas do com\u00e9rcio varejista paraibano no m\u00eas de maior de vendas, mas tamb\u00e9m de compromissos do setor diante ainda de um cen\u00e1rio de retomada lenta da economia. Segundo o texto do decreto, as empresas dever\u00e3o recolher no dia 15 de janeiro o valor m\u00ednimo equivalente a 50% do ICMS devido do m\u00eas de dezembro, enquanto o saldo remanescente do recolhimento de dezembro dever\u00e1 ser pago em parcela \u00fanica at\u00e9 o dia 15 de fevereiro de 2018, junto com o recolhimento devido do m\u00eas de janeiro. O decreto estabelece crit\u00e9rios para o benef\u00edcio do parcelamento em duas vezes. Primeiro, \u00e9 aplicado somente aos contribuintes varejistas regularmente inscritos no Cadastro de Contribuintes do ICMS do Estado da Para\u00edba. Esse parcelamento n\u00e3o inclui as opera\u00e7\u00f5es sujeitas \u00e0 substitui\u00e7\u00e3o tribut\u00e1ria, ao ICMS Garantido e aos contribuintes detentores de algum regime especial de tributa\u00e7\u00e3o. O contribuinte tamb\u00e9m que tenha praticado atos que sejam caracterizados como infra\u00e7\u00e3o \u00e0 legisla\u00e7\u00e3o tribut\u00e1ria perder\u00e1 o direito de usufruir o benef\u00edcio deste decreto.","og_url":"https:\/\/noticiasemdestaque.com\/cd\/?p=6835","og_site_name":"Not&iacute;cias em Destaque","article_published_time":"2017-12-21T20:51:56+00:00","og_image":[{"width":876,"height":585,"url":"https:\/\/noticiasemdestaque.com\/cd\/wp-content\/uploads\/2017\/07\/ricardo_coutinho_walla_santos2.jpg","type":"image\/jpeg"}],"author":"Not\u00edcias em Destaque","twitter_card":"summary_large_image","twitter_misc":{"Escrito por":"Not\u00edcias em Destaque","Est. tempo de leitura":"1 minuto"},"schema":{"@context":"https:\/\/schema.org","@graph":[{"@type":"Article","@id":"https:\/\/noticiasemdestaque.com\/cd\/?p=6835#article","isPartOf":{"@id":"https:\/\/noticiasemdestaque.com\/cd\/?p=6835"},"author":{"name":"Not\u00edcias em Destaque","@id":"https:\/\/noticiasemdestaque.com\/cd\/#\/schema\/person\/47f7d4f55eec17c6b2ca036c5500f6ce"},"headline":"Governo parcela recolhimento do ICMS do varejo de dezembro","datePublished":"2017-12-21T20:51:56+00:00","mainEntityOfPage":{"@id":"https:\/\/noticiasemdestaque.com\/cd\/?p=6835"},"wordCount":257,"publisher":{"@id":"https:\/\/noticiasemdestaque.com\/cd\/#organization"},"image":{"@id":"https:\/\/noticiasemdestaque.com\/cd\/?p=6835#primaryimage"},"thumbnailUrl":"https:\/\/noticiasemdestaque.com\/cd\/wp-content\/uploads\/2017\/07\/ricardo_coutinho_walla_santos2.jpg","articleSection":["Economia"],"inLanguage":"pt-BR"},{"@type":"WebPage","@id":"https:\/\/noticiasemdestaque.com\/cd\/?p=6835","url":"https:\/\/noticiasemdestaque.com\/cd\/?p=6835","name":"Governo parcela recolhimento do ICMS do varejo de dezembro - Not&iacute;cias em Destaque","isPartOf":{"@id":"https:\/\/noticiasemdestaque.com\/cd\/#website"},"primaryImageOfPage":{"@id":"https:\/\/noticiasemdestaque.com\/cd\/?p=6835#primaryimage"},"image":{"@id":"https:\/\/noticiasemdestaque.com\/cd\/?p=6835#primaryimage"},"thumbnailUrl":"https:\/\/noticiasemdestaque.com\/cd\/wp-content\/uploads\/2017\/07\/ricardo_coutinho_walla_santos2.jpg","datePublished":"2017-12-21T20:51:56+00:00","breadcrumb":{"@id":"https:\/\/noticiasemdestaque.com\/cd\/?p=6835#breadcrumb"},"inLanguage":"pt-BR","potentialAction":[{"@type":"ReadAction","target":["https:\/\/noticiasemdestaque.com\/cd\/?p=6835"]}]},{"@type":"ImageObject","inLanguage":"pt-BR","@id":"https:\/\/noticiasemdestaque.com\/cd\/?p=6835#primaryimage","url":"https:\/\/noticiasemdestaque.com\/cd\/wp-content\/uploads\/2017\/07\/ricardo_coutinho_walla_santos2.jpg","contentUrl":"https:\/\/noticiasemdestaque.com\/cd\/wp-content\/uploads\/2017\/07\/ricardo_coutinho_walla_santos2.jpg","width":876,"height":585},{"@type":"BreadcrumbList","@id":"https:\/\/noticiasemdestaque.com\/cd\/?p=6835#breadcrumb","itemListElement":[{"@type":"ListItem","position":1,"name":"In\u00edcio","item":"https:\/\/noticiasemdestaque.com\/cd\/"},{"@type":"ListItem","position":2,"name":"Governo parcela recolhimento do ICMS do varejo de dezembro"}]},{"@type":"WebSite","@id":"https:\/\/noticiasemdestaque.com\/cd\/#website","url":"https:\/\/noticiasemdestaque.com\/cd\/","name":"Not&iacute;cias em Destaque","description":"","publisher":{"@id":"https:\/\/noticiasemdestaque.com\/cd\/#organization"},"potentialAction":[{"@type":"SearchAction","target":{"@type":"EntryPoint","urlTemplate":"https:\/\/noticiasemdestaque.com\/cd\/?s={search_term_string}"},"query-input":{"@type":"PropertyValueSpecification","valueRequired":true,"valueName":"search_term_string"}}],"inLanguage":"pt-BR"},{"@type":"Organization","@id":"https:\/\/noticiasemdestaque.com\/cd\/#organization","name":"Not\u00edcias em Destaque","url":"https:\/\/noticiasemdestaque.com\/cd\/","logo":{"@type":"ImageObject","inLanguage":"pt-BR","@id":"https:\/\/noticiasemdestaque.com\/cd\/#\/schema\/logo\/image\/","url":"https:\/\/noticiasemdestaque.com\/cd\/wp-content\/uploads\/2022\/05\/imagem-base-noticiasemdestaque.png","contentUrl":"https:\/\/noticiasemdestaque.com\/cd\/wp-content\/uploads\/2022\/05\/imagem-base-noticiasemdestaque.png","width":1200,"height":630,"caption":"Not\u00edcias em Destaque"},"image":{"@id":"https:\/\/noticiasemdestaque.com\/cd\/#\/schema\/logo\/image\/"}},{"@type":"Person","@id":"https:\/\/noticiasemdestaque.com\/cd\/#\/schema\/person\/47f7d4f55eec17c6b2ca036c5500f6ce","name":"Not\u00edcias em Destaque","url":"https:\/\/noticiasemdestaque.com\/cd\/?author=2"}]}},"jetpack_featured_media_url":"https:\/\/noticiasemdestaque.com\/cd\/wp-content\/uploads\/2017\/07\/ricardo_coutinho_walla_santos2.jpg","jetpack_sharing_enabled":true,"_links":{"self":[{"href":"https:\/\/noticiasemdestaque.com\/cd\/index.php?rest_route=\/wp\/v2\/posts\/6835","targetHints":{"allow":["GET"]}}],"collection":[{"href":"https:\/\/noticiasemdestaque.com\/cd\/index.php?rest_route=\/wp\/v2\/posts"}],"about":[{"href":"https:\/\/noticiasemdestaque.com\/cd\/index.php?rest_route=\/wp\/v2\/types\/post"}],"author":[{"embeddable":true,"href":"https:\/\/noticiasemdestaque.com\/cd\/index.php?rest_route=\/wp\/v2\/users\/2"}],"replies":[{"embeddable":true,"href":"https:\/\/noticiasemdestaque.com\/cd\/index.php?rest_route=%2Fwp%2Fv2%2Fcomments&post=6835"}],"version-history":[{"count":1,"href":"https:\/\/noticiasemdestaque.com\/cd\/index.php?rest_route=\/wp\/v2\/posts\/6835\/revisions"}],"predecessor-version":[{"id":6836,"href":"https:\/\/noticiasemdestaque.com\/cd\/index.php?rest_route=\/wp\/v2\/posts\/6835\/revisions\/6836"}],"wp:featuredmedia":[{"embeddable":true,"href":"https:\/\/noticiasemdestaque.com\/cd\/index.php?rest_route=\/wp\/v2\/media\/1617"}],"wp:attachment":[{"href":"https:\/\/noticiasemdestaque.com\/cd\/index.php?rest_route=%2Fwp%2Fv2%2Fmedia&parent=6835"}],"wp:term":[{"taxonomy":"category","embeddable":true,"href":"https:\/\/noticiasemdestaque.com\/cd\/index.php?rest_route=%2Fwp%2Fv2%2Fcategories&post=6835"},{"taxonomy":"post_tag","embeddable":true,"href":"https:\/\/noticiasemdestaque.com\/cd\/index.php?rest_route=%2Fwp%2Fv2%2Ftags&post=6835"}],"curies":[{"name":"wp","href":"https:\/\/api.w.org\/{rel}","templated":true}]}}