{"id":6832,"date":"2017-12-21T18:04:56","date_gmt":"2017-12-21T21:04:56","guid":{"rendered":"http:\/\/caririemdestaque.com\/cd\/?p=6832"},"modified":"2017-12-21T18:04:56","modified_gmt":"2017-12-21T21:04:56","slug":"assistencia-social-de-sume-entrega-certificados-de-cursos-profissionalizantes","status":"publish","type":"post","link":"https:\/\/noticiasemdestaque.com\/cd\/?p=6832","title":{"rendered":"Assist\u00eancia Social de Sum\u00e9 entrega certificados de cursos profissionalizantes"},"content":{"rendered":"<figure id=\"attachment_6833\" aria-describedby=\"caption-attachment-6833\" style=\"width: 300px\" class=\"wp-caption alignleft\"><a href=\"http:\/\/caririemdestaque.com\/cd\/wp-content\/uploads\/2017\/12\/DSC_0086.jpg\"><img fetchpriority=\"high\" decoding=\"async\" class=\"wp-image-6833 size-medium\" src=\"http:\/\/caririemdestaque.com\/cd\/wp-content\/uploads\/2017\/12\/DSC_0086-300x200.jpg\" alt=\"\" width=\"300\" height=\"200\" srcset=\"https:\/\/noticiasemdestaque.com\/cd\/wp-content\/uploads\/2017\/12\/DSC_0086-300x200.jpg 300w, https:\/\/noticiasemdestaque.com\/cd\/wp-content\/uploads\/2017\/12\/DSC_0086-768x511.jpg 768w, https:\/\/noticiasemdestaque.com\/cd\/wp-content\/uploads\/2017\/12\/DSC_0086.jpg 1024w, https:\/\/noticiasemdestaque.com\/cd\/wp-content\/uploads\/2017\/12\/DSC_0086-480x320.jpg 480w\" sizes=\"(max-width: 300px) 100vw, 300px\" \/><\/a><figcaption id=\"caption-attachment-6833\" class=\"wp-caption-text\">?<\/figcaption><\/figure>\n<p>Prefeitura de Sum\u00e9, atrav\u00e9s da Secretaria de Assist\u00eancia Social, realizou na ter\u00e7a-feira (19\/12) a entrega de certificados para os participantes de cursos profissionalizantes ofertados pelo CRAS.<\/p><\/div>\n<p>Foram certificadas 25 pessoas que participaram de tr\u00eas cursos: atendente de lanchonete corte e costura e cabeleireiro.<\/p>\n<p>Os cursos foram ofertados em parceria com o Centro de Apoio \u00e0 Crian\u00e7a e ao Adolescente (Cendac). Na oportunidade a Secretaria de Assist\u00eancia Social fez a distribui\u00e7\u00e3o de brindes para as alunas.<\/p>\n<p>Os certificados foram entregues pela secret\u00e1ria de Assist\u00eancia Social, Tanniery L\u00eala, pelas assistentes sociais, Elidiene Batista, Francismere Passos e Karleide Leite.<\/p>\n<p>VEJA MAIS\u00a0 FOTOS NO NOSSA P\u00c1GINA:<\/p>\n<p>https:\/\/www.facebook.com\/media\/set\/?set=a.1187558921377636.1073741896.1051584748308388&#038;type=3<\/p>\n<p><em><strong>Cariri em Destaque<\/strong><\/em><\/p>\n<p>Com Ascom\/PMS<\/p>\n","protected":false},"excerpt":{"rendered":"<p>Prefeitura de Sum\u00e9, atrav\u00e9s da Secretaria de Assist\u00eancia Social, realizou na ter\u00e7a-feira (19\/12) a entrega de certificados para os participantes de cursos profissionalizantes ofertados pelo CRAS. Foram certificadas 25 pessoas que participaram de tr\u00eas cursos: atendente de lanchonete corte e costura e cabeleireiro. Os cursos foram ofertados em parceria com o Centro de Apoio \u00e0 Crian\u00e7a e ao Adolescente (Cendac). Na oportunidade a Secretaria de Assist\u00eancia Social fez a distribui\u00e7\u00e3o de brindes para as alunas. Os certificados foram entregues pela secret\u00e1ria de Assist\u00eancia Social, Tanniery L\u00eala, pelas assistentes sociais, Elidiene Batista, Francismere Passos e Karleide Leite. VEJA MAIS\u00a0 FOTOS NO NOSSA P\u00c1GINA: https:\/\/www.facebook.com\/media\/set\/?set=a.1187558921377636.1073741896.1051584748308388&#038;type=3 Cariri em Destaque Com Ascom\/PMS<\/p>\n","protected":false},"author":2,"featured_media":6833,"comment_status":"closed","ping_status":"open","sticky":false,"template":"","format":"standard","meta":{"_eb_attr":"","_jetpack_memberships_contains_paid_content":false,"footnotes":""},"categories":[6],"tags":[],"class_list":["post-6832","post","type-post","status-publish","format-standard","has-post-thumbnail","hentry","category-educacao"],"yoast_head":"<!-- This site is optimized with the Yoast SEO plugin v26.5 - https:\/\/yoast.com\/wordpress\/plugins\/seo\/ -->\n<title>Assist\u00eancia Social de Sum\u00e9 entrega certificados de cursos profissionalizantes - Not&iacute;cias em Destaque<\/title>\n<meta name=\"robots\" content=\"index, follow, max-snippet:-1, max-image-preview:large, max-video-preview:-1\" \/>\n<link rel=\"canonical\" href=\"https:\/\/noticiasemdestaque.com\/cd\/?p=6832\" \/>\n<meta property=\"og:locale\" content=\"pt_BR\" \/>\n<meta property=\"og:type\" content=\"article\" \/>\n<meta property=\"og:title\" content=\"Assist\u00eancia Social de Sum\u00e9 entrega certificados de cursos profissionalizantes - Not&iacute;cias em Destaque\" \/>\n<meta property=\"og:description\" content=\"Prefeitura de Sum\u00e9, atrav\u00e9s da Secretaria de Assist\u00eancia Social, realizou na ter\u00e7a-feira (19\/12) a entrega de certificados para os participantes de cursos profissionalizantes ofertados pelo CRAS. Foram certificadas 25 pessoas que participaram de tr\u00eas cursos: atendente de lanchonete corte e costura e cabeleireiro. Os cursos foram ofertados em parceria com o Centro de Apoio \u00e0 Crian\u00e7a e ao Adolescente (Cendac). Na oportunidade a Secretaria de Assist\u00eancia Social fez a distribui\u00e7\u00e3o de brindes para as alunas. Os certificados foram entregues pela secret\u00e1ria de Assist\u00eancia Social, Tanniery L\u00eala, pelas assistentes sociais, Elidiene Batista, Francismere Passos e Karleide Leite. VEJA MAIS\u00a0 FOTOS NO NOSSA P\u00c1GINA: https:\/\/www.facebook.com\/media\/set\/?set=a.1187558921377636.1073741896.1051584748308388&#038;type=3 Cariri em Destaque Com Ascom\/PMS\" \/>\n<meta property=\"og:url\" content=\"https:\/\/noticiasemdestaque.com\/cd\/?p=6832\" \/>\n<meta property=\"og:site_name\" content=\"Not&iacute;cias em Destaque\" \/>\n<meta property=\"article:published_time\" content=\"2017-12-21T21:04:56+00:00\" \/>\n<meta property=\"og:image\" content=\"https:\/\/noticiasemdestaque.com\/cd\/wp-content\/uploads\/2017\/12\/DSC_0086.jpg\" \/>\n\t<meta property=\"og:image:width\" content=\"1024\" \/>\n\t<meta property=\"og:image:height\" content=\"681\" \/>\n\t<meta property=\"og:image:type\" content=\"image\/jpeg\" \/>\n<meta name=\"author\" content=\"Not\u00edcias em Destaque\" \/>\n<meta name=\"twitter:card\" content=\"summary_large_image\" \/>\n<meta name=\"twitter:label1\" content=\"Escrito por\" \/>\n\t<meta name=\"twitter:data1\" content=\"Not\u00edcias em Destaque\" \/>\n\t<meta name=\"twitter:label2\" content=\"Est. tempo de leitura\" \/>\n\t<meta name=\"twitter:data2\" content=\"1 minuto\" \/>\n<script type=\"application\/ld+json\" class=\"yoast-schema-graph\">{\"@context\":\"https:\/\/schema.org\",\"@graph\":[{\"@type\":\"Article\",\"@id\":\"https:\/\/noticiasemdestaque.com\/cd\/?p=6832#article\",\"isPartOf\":{\"@id\":\"https:\/\/noticiasemdestaque.com\/cd\/?p=6832\"},\"author\":{\"name\":\"Not\u00edcias em Destaque\",\"@id\":\"https:\/\/noticiasemdestaque.com\/cd\/#\/schema\/person\/47f7d4f55eec17c6b2ca036c5500f6ce\"},\"headline\":\"Assist\u00eancia Social de Sum\u00e9 entrega certificados de cursos profissionalizantes\",\"datePublished\":\"2017-12-21T21:04:56+00:00\",\"mainEntityOfPage\":{\"@id\":\"https:\/\/noticiasemdestaque.com\/cd\/?p=6832\"},\"wordCount\":143,\"publisher\":{\"@id\":\"https:\/\/noticiasemdestaque.com\/cd\/#organization\"},\"image\":{\"@id\":\"https:\/\/noticiasemdestaque.com\/cd\/?p=6832#primaryimage\"},\"thumbnailUrl\":\"https:\/\/noticiasemdestaque.com\/cd\/wp-content\/uploads\/2017\/12\/DSC_0086.jpg\",\"articleSection\":[\"Educa\u00e7\u00e3o\"],\"inLanguage\":\"pt-BR\"},{\"@type\":\"WebPage\",\"@id\":\"https:\/\/noticiasemdestaque.com\/cd\/?p=6832\",\"url\":\"https:\/\/noticiasemdestaque.com\/cd\/?p=6832\",\"name\":\"Assist\u00eancia Social de Sum\u00e9 entrega certificados de cursos profissionalizantes - Not&iacute;cias em Destaque\",\"isPartOf\":{\"@id\":\"https:\/\/noticiasemdestaque.com\/cd\/#website\"},\"primaryImageOfPage\":{\"@id\":\"https:\/\/noticiasemdestaque.com\/cd\/?p=6832#primaryimage\"},\"image\":{\"@id\":\"https:\/\/noticiasemdestaque.com\/cd\/?p=6832#primaryimage\"},\"thumbnailUrl\":\"https:\/\/noticiasemdestaque.com\/cd\/wp-content\/uploads\/2017\/12\/DSC_0086.jpg\",\"datePublished\":\"2017-12-21T21:04:56+00:00\",\"breadcrumb\":{\"@id\":\"https:\/\/noticiasemdestaque.com\/cd\/?p=6832#breadcrumb\"},\"inLanguage\":\"pt-BR\",\"potentialAction\":[{\"@type\":\"ReadAction\",\"target\":[\"https:\/\/noticiasemdestaque.com\/cd\/?p=6832\"]}]},{\"@type\":\"ImageObject\",\"inLanguage\":\"pt-BR\",\"@id\":\"https:\/\/noticiasemdestaque.com\/cd\/?p=6832#primaryimage\",\"url\":\"https:\/\/noticiasemdestaque.com\/cd\/wp-content\/uploads\/2017\/12\/DSC_0086.jpg\",\"contentUrl\":\"https:\/\/noticiasemdestaque.com\/cd\/wp-content\/uploads\/2017\/12\/DSC_0086.jpg\",\"width\":1024,\"height\":681,\"caption\":\"????????????????????????????????????\"},{\"@type\":\"BreadcrumbList\",\"@id\":\"https:\/\/noticiasemdestaque.com\/cd\/?p=6832#breadcrumb\",\"itemListElement\":[{\"@type\":\"ListItem\",\"position\":1,\"name\":\"In\u00edcio\",\"item\":\"https:\/\/noticiasemdestaque.com\/cd\/\"},{\"@type\":\"ListItem\",\"position\":2,\"name\":\"Assist\u00eancia Social de Sum\u00e9 entrega certificados de cursos profissionalizantes\"}]},{\"@type\":\"WebSite\",\"@id\":\"https:\/\/noticiasemdestaque.com\/cd\/#website\",\"url\":\"https:\/\/noticiasemdestaque.com\/cd\/\",\"name\":\"Not&iacute;cias em Destaque\",\"description\":\"\",\"publisher\":{\"@id\":\"https:\/\/noticiasemdestaque.com\/cd\/#organization\"},\"potentialAction\":[{\"@type\":\"SearchAction\",\"target\":{\"@type\":\"EntryPoint\",\"urlTemplate\":\"https:\/\/noticiasemdestaque.com\/cd\/?s={search_term_string}\"},\"query-input\":{\"@type\":\"PropertyValueSpecification\",\"valueRequired\":true,\"valueName\":\"search_term_string\"}}],\"inLanguage\":\"pt-BR\"},{\"@type\":\"Organization\",\"@id\":\"https:\/\/noticiasemdestaque.com\/cd\/#organization\",\"name\":\"Not\u00edcias em Destaque\",\"url\":\"https:\/\/noticiasemdestaque.com\/cd\/\",\"logo\":{\"@type\":\"ImageObject\",\"inLanguage\":\"pt-BR\",\"@id\":\"https:\/\/noticiasemdestaque.com\/cd\/#\/schema\/logo\/image\/\",\"url\":\"https:\/\/noticiasemdestaque.com\/cd\/wp-content\/uploads\/2022\/05\/imagem-base-noticiasemdestaque.png\",\"contentUrl\":\"https:\/\/noticiasemdestaque.com\/cd\/wp-content\/uploads\/2022\/05\/imagem-base-noticiasemdestaque.png\",\"width\":1200,\"height\":630,\"caption\":\"Not\u00edcias em Destaque\"},\"image\":{\"@id\":\"https:\/\/noticiasemdestaque.com\/cd\/#\/schema\/logo\/image\/\"}},{\"@type\":\"Person\",\"@id\":\"https:\/\/noticiasemdestaque.com\/cd\/#\/schema\/person\/47f7d4f55eec17c6b2ca036c5500f6ce\",\"name\":\"Not\u00edcias em Destaque\",\"url\":\"https:\/\/noticiasemdestaque.com\/cd\/?author=2\"}]}<\/script>\n<!-- \/ Yoast SEO plugin. -->","yoast_head_json":{"title":"Assist\u00eancia Social de Sum\u00e9 entrega certificados de cursos profissionalizantes - Not&iacute;cias em Destaque","robots":{"index":"index","follow":"follow","max-snippet":"max-snippet:-1","max-image-preview":"max-image-preview:large","max-video-preview":"max-video-preview:-1"},"canonical":"https:\/\/noticiasemdestaque.com\/cd\/?p=6832","og_locale":"pt_BR","og_type":"article","og_title":"Assist\u00eancia Social de Sum\u00e9 entrega certificados de cursos profissionalizantes - Not&iacute;cias em Destaque","og_description":"Prefeitura de Sum\u00e9, atrav\u00e9s da Secretaria de Assist\u00eancia Social, realizou na ter\u00e7a-feira (19\/12) a entrega de certificados para os participantes de cursos profissionalizantes ofertados pelo CRAS. Foram certificadas 25 pessoas que participaram de tr\u00eas cursos: atendente de lanchonete corte e costura e cabeleireiro. Os cursos foram ofertados em parceria com o Centro de Apoio \u00e0 Crian\u00e7a e ao Adolescente (Cendac). Na oportunidade a Secretaria de Assist\u00eancia Social fez a distribui\u00e7\u00e3o de brindes para as alunas. Os certificados foram entregues pela secret\u00e1ria de Assist\u00eancia Social, Tanniery L\u00eala, pelas assistentes sociais, Elidiene Batista, Francismere Passos e Karleide Leite. VEJA MAIS\u00a0 FOTOS NO NOSSA P\u00c1GINA: https:\/\/www.facebook.com\/media\/set\/?set=a.1187558921377636.1073741896.1051584748308388&#038;type=3 Cariri em Destaque Com Ascom\/PMS","og_url":"https:\/\/noticiasemdestaque.com\/cd\/?p=6832","og_site_name":"Not&iacute;cias em Destaque","article_published_time":"2017-12-21T21:04:56+00:00","og_image":[{"width":1024,"height":681,"url":"https:\/\/noticiasemdestaque.com\/cd\/wp-content\/uploads\/2017\/12\/DSC_0086.jpg","type":"image\/jpeg"}],"author":"Not\u00edcias em Destaque","twitter_card":"summary_large_image","twitter_misc":{"Escrito por":"Not\u00edcias em Destaque","Est. tempo de leitura":"1 minuto"},"schema":{"@context":"https:\/\/schema.org","@graph":[{"@type":"Article","@id":"https:\/\/noticiasemdestaque.com\/cd\/?p=6832#article","isPartOf":{"@id":"https:\/\/noticiasemdestaque.com\/cd\/?p=6832"},"author":{"name":"Not\u00edcias em Destaque","@id":"https:\/\/noticiasemdestaque.com\/cd\/#\/schema\/person\/47f7d4f55eec17c6b2ca036c5500f6ce"},"headline":"Assist\u00eancia Social de Sum\u00e9 entrega certificados de cursos profissionalizantes","datePublished":"2017-12-21T21:04:56+00:00","mainEntityOfPage":{"@id":"https:\/\/noticiasemdestaque.com\/cd\/?p=6832"},"wordCount":143,"publisher":{"@id":"https:\/\/noticiasemdestaque.com\/cd\/#organization"},"image":{"@id":"https:\/\/noticiasemdestaque.com\/cd\/?p=6832#primaryimage"},"thumbnailUrl":"https:\/\/noticiasemdestaque.com\/cd\/wp-content\/uploads\/2017\/12\/DSC_0086.jpg","articleSection":["Educa\u00e7\u00e3o"],"inLanguage":"pt-BR"},{"@type":"WebPage","@id":"https:\/\/noticiasemdestaque.com\/cd\/?p=6832","url":"https:\/\/noticiasemdestaque.com\/cd\/?p=6832","name":"Assist\u00eancia Social de Sum\u00e9 entrega certificados de cursos profissionalizantes - Not&iacute;cias em Destaque","isPartOf":{"@id":"https:\/\/noticiasemdestaque.com\/cd\/#website"},"primaryImageOfPage":{"@id":"https:\/\/noticiasemdestaque.com\/cd\/?p=6832#primaryimage"},"image":{"@id":"https:\/\/noticiasemdestaque.com\/cd\/?p=6832#primaryimage"},"thumbnailUrl":"https:\/\/noticiasemdestaque.com\/cd\/wp-content\/uploads\/2017\/12\/DSC_0086.jpg","datePublished":"2017-12-21T21:04:56+00:00","breadcrumb":{"@id":"https:\/\/noticiasemdestaque.com\/cd\/?p=6832#breadcrumb"},"inLanguage":"pt-BR","potentialAction":[{"@type":"ReadAction","target":["https:\/\/noticiasemdestaque.com\/cd\/?p=6832"]}]},{"@type":"ImageObject","inLanguage":"pt-BR","@id":"https:\/\/noticiasemdestaque.com\/cd\/?p=6832#primaryimage","url":"https:\/\/noticiasemdestaque.com\/cd\/wp-content\/uploads\/2017\/12\/DSC_0086.jpg","contentUrl":"https:\/\/noticiasemdestaque.com\/cd\/wp-content\/uploads\/2017\/12\/DSC_0086.jpg","width":1024,"height":681,"caption":"????????????????????????????????????"},{"@type":"BreadcrumbList","@id":"https:\/\/noticiasemdestaque.com\/cd\/?p=6832#breadcrumb","itemListElement":[{"@type":"ListItem","position":1,"name":"In\u00edcio","item":"https:\/\/noticiasemdestaque.com\/cd\/"},{"@type":"ListItem","position":2,"name":"Assist\u00eancia Social de Sum\u00e9 entrega certificados de cursos profissionalizantes"}]},{"@type":"WebSite","@id":"https:\/\/noticiasemdestaque.com\/cd\/#website","url":"https:\/\/noticiasemdestaque.com\/cd\/","name":"Not&iacute;cias em Destaque","description":"","publisher":{"@id":"https:\/\/noticiasemdestaque.com\/cd\/#organization"},"potentialAction":[{"@type":"SearchAction","target":{"@type":"EntryPoint","urlTemplate":"https:\/\/noticiasemdestaque.com\/cd\/?s={search_term_string}"},"query-input":{"@type":"PropertyValueSpecification","valueRequired":true,"valueName":"search_term_string"}}],"inLanguage":"pt-BR"},{"@type":"Organization","@id":"https:\/\/noticiasemdestaque.com\/cd\/#organization","name":"Not\u00edcias em Destaque","url":"https:\/\/noticiasemdestaque.com\/cd\/","logo":{"@type":"ImageObject","inLanguage":"pt-BR","@id":"https:\/\/noticiasemdestaque.com\/cd\/#\/schema\/logo\/image\/","url":"https:\/\/noticiasemdestaque.com\/cd\/wp-content\/uploads\/2022\/05\/imagem-base-noticiasemdestaque.png","contentUrl":"https:\/\/noticiasemdestaque.com\/cd\/wp-content\/uploads\/2022\/05\/imagem-base-noticiasemdestaque.png","width":1200,"height":630,"caption":"Not\u00edcias em Destaque"},"image":{"@id":"https:\/\/noticiasemdestaque.com\/cd\/#\/schema\/logo\/image\/"}},{"@type":"Person","@id":"https:\/\/noticiasemdestaque.com\/cd\/#\/schema\/person\/47f7d4f55eec17c6b2ca036c5500f6ce","name":"Not\u00edcias em Destaque","url":"https:\/\/noticiasemdestaque.com\/cd\/?author=2"}]}},"jetpack_featured_media_url":"https:\/\/noticiasemdestaque.com\/cd\/wp-content\/uploads\/2017\/12\/DSC_0086.jpg","jetpack_sharing_enabled":true,"_links":{"self":[{"href":"https:\/\/noticiasemdestaque.com\/cd\/index.php?rest_route=\/wp\/v2\/posts\/6832","targetHints":{"allow":["GET"]}}],"collection":[{"href":"https:\/\/noticiasemdestaque.com\/cd\/index.php?rest_route=\/wp\/v2\/posts"}],"about":[{"href":"https:\/\/noticiasemdestaque.com\/cd\/index.php?rest_route=\/wp\/v2\/types\/post"}],"author":[{"embeddable":true,"href":"https:\/\/noticiasemdestaque.com\/cd\/index.php?rest_route=\/wp\/v2\/users\/2"}],"replies":[{"embeddable":true,"href":"https:\/\/noticiasemdestaque.com\/cd\/index.php?rest_route=%2Fwp%2Fv2%2Fcomments&post=6832"}],"version-history":[{"count":1,"href":"https:\/\/noticiasemdestaque.com\/cd\/index.php?rest_route=\/wp\/v2\/posts\/6832\/revisions"}],"predecessor-version":[{"id":6837,"href":"https:\/\/noticiasemdestaque.com\/cd\/index.php?rest_route=\/wp\/v2\/posts\/6832\/revisions\/6837"}],"wp:featuredmedia":[{"embeddable":true,"href":"https:\/\/noticiasemdestaque.com\/cd\/index.php?rest_route=\/wp\/v2\/media\/6833"}],"wp:attachment":[{"href":"https:\/\/noticiasemdestaque.com\/cd\/index.php?rest_route=%2Fwp%2Fv2%2Fmedia&parent=6832"}],"wp:term":[{"taxonomy":"category","embeddable":true,"href":"https:\/\/noticiasemdestaque.com\/cd\/index.php?rest_route=%2Fwp%2Fv2%2Fcategories&post=6832"},{"taxonomy":"post_tag","embeddable":true,"href":"https:\/\/noticiasemdestaque.com\/cd\/index.php?rest_route=%2Fwp%2Fv2%2Ftags&post=6832"}],"curies":[{"name":"wp","href":"https:\/\/api.w.org\/{rel}","templated":true}]}}