{"id":6820,"date":"2017-12-21T17:23:49","date_gmt":"2017-12-21T20:23:49","guid":{"rendered":"http:\/\/caririemdestaque.com\/cd\/?p=6820"},"modified":"2017-12-21T17:23:49","modified_gmt":"2017-12-21T20:23:49","slug":"prefeito-eden-duarte-entrega-novos-equipamentos-para-unidades-basicas-de-saude","status":"publish","type":"post","link":"https:\/\/noticiasemdestaque.com\/cd\/?p=6820","title":{"rendered":"PREFEITO \u00c9DEN DUARTE ENTREGA NOVOS EQUIPAMENTOS PARA UNIDADES B\u00c1SICAS DE SA\u00daDE"},"content":{"rendered":"<p><a href=\"http:\/\/caririemdestaque.com\/cd\/wp-content\/uploads\/2017\/12\/25446215_914254068737186_2789274952558372661_n.jpg\"><img fetchpriority=\"high\" decoding=\"async\" class=\"alignleft wp-image-6821 size-medium\" src=\"http:\/\/caririemdestaque.com\/cd\/wp-content\/uploads\/2017\/12\/25446215_914254068737186_2789274952558372661_n-300x199.jpg\" alt=\"\" width=\"300\" height=\"199\" srcset=\"https:\/\/noticiasemdestaque.com\/cd\/wp-content\/uploads\/2017\/12\/25446215_914254068737186_2789274952558372661_n-300x199.jpg 300w, https:\/\/noticiasemdestaque.com\/cd\/wp-content\/uploads\/2017\/12\/25446215_914254068737186_2789274952558372661_n-768x510.jpg 768w, https:\/\/noticiasemdestaque.com\/cd\/wp-content\/uploads\/2017\/12\/25446215_914254068737186_2789274952558372661_n-480x320.jpg 480w, https:\/\/noticiasemdestaque.com\/cd\/wp-content\/uploads\/2017\/12\/25446215_914254068737186_2789274952558372661_n.jpg 960w\" sizes=\"(max-width: 300px) 100vw, 300px\" \/><\/a>O prefeito \u00c9den Duarte entregou na manh\u00e3 de quarta-feira (20\/12), uma s\u00e9rie de equipamentos e materiais para as unidades b\u00e1sicas de sa\u00fade do centro, alto alegre e v\u00e1rzea redonda.<\/p>\n<p>Em solenidade realizada na unidade do centro, o prefeito fez a entrega ao lado da secret\u00e1ria de Sa\u00fade, Alessandra Regina, Tanniery L\u00eala (Assist\u00eancia Social), Miguel Rob\u00e9rio (Finan\u00e7as) e dos vereadores Jos\u00e9 Ant\u00f4nio Fernandes, Br\u00edgida Xavier e Bon\u00edlson Tim\u00f3teo.<\/p>\n<p>Os equipamentos foram adquiridos com recursos provenientes de emenda parlamentar do deputado federal Wellington Roberto, no valor de R$ 120 mil.<\/p>\n<p>Foram adquiridos ar-condicionados, notebooks, data show, telas de proje\u00e7\u00e3o, televisor, balan\u00e7a antropom\u00e9trica, <a href=\"http:\/\/caririemdestaque.com\/cd\/wp-content\/uploads\/2017\/12\/25552136_914254378737155_8268828184794187642_n.jpg\"><img decoding=\"async\" class=\"alignright wp-image-6824 \" src=\"http:\/\/caririemdestaque.com\/cd\/wp-content\/uploads\/2017\/12\/25552136_914254378737155_8268828184794187642_n-300x199.jpg\" alt=\"\" width=\"271\" height=\"180\" srcset=\"https:\/\/noticiasemdestaque.com\/cd\/wp-content\/uploads\/2017\/12\/25552136_914254378737155_8268828184794187642_n-300x199.jpg 300w, https:\/\/noticiasemdestaque.com\/cd\/wp-content\/uploads\/2017\/12\/25552136_914254378737155_8268828184794187642_n-768x510.jpg 768w, https:\/\/noticiasemdestaque.com\/cd\/wp-content\/uploads\/2017\/12\/25552136_914254378737155_8268828184794187642_n-480x320.jpg 480w, https:\/\/noticiasemdestaque.com\/cd\/wp-content\/uploads\/2017\/12\/25552136_914254378737155_8268828184794187642_n.jpg 960w\" sizes=\"(max-width: 271px) 100vw, 271px\" \/><\/a>aparelhos de raio \u2013x, geladeiras, amalgamador odontol\u00f3gico, negatosc\u00f3pio, mesas, cadeiras e outros materiais.<\/p>\n<p>De acordo com \u00c9den, mais uma vez o deputado Wellington Roberto contribui com o munic\u00edpio de Sum\u00e9, os recursos recebidos permitiram a compra desses materiais que ir\u00e3o auxiliar no trabalho das equipes da estrat\u00e9gia sa\u00fade da fam\u00edlia e consequentemente melhorar o atendimento aos usu\u00e1rios.<\/p>\n<p>\u00c9den fez uma retrospectiva, lembrando de outros investimentos feitos ao longo deste ano na \u00e1rea da sa\u00fade, como o aumento do repasse financeiro para o Cons\u00f3rcio Intermunicipal de Sa\u00fade (Cisco), a entrega da reforma de unidades para melhorar a estrutura f\u00edsica dos pr\u00e9dios e ainda a contrata\u00e7\u00e3o de novos profissionais, atrav\u00e9s de concurso p\u00fablico e processo seletivo, nomeando agentes comunit\u00e1rios de sa\u00fade, m\u00e9dicos, dentista, fisioterapeuta, psic\u00f3logo, pediatra, psiquiatra e t\u00e9cnicos em sa\u00fade bucal.<\/p>\n<p>CONFIRA MAIS FOTOS EM NOSSA P\u00c1GINA:<\/p>\n<p>https:\/\/www.facebook.com\/media\/set\/?set=a.1187545941378934.1073741895.1051584748308388&#038;type=3<\/p>\n<p><em><strong>Cariri em Destaque<\/strong><\/em><\/p>\n<p>Com Ascom\/PMS<\/p>\n","protected":false},"excerpt":{"rendered":"<p>O prefeito \u00c9den Duarte entregou na manh\u00e3 de quarta-feira (20\/12), uma s\u00e9rie de equipamentos e materiais para as unidades b\u00e1sicas de sa\u00fade do centro, alto alegre e v\u00e1rzea redonda. Em solenidade realizada na unidade do centro, o prefeito fez a entrega ao lado da secret\u00e1ria de Sa\u00fade, Alessandra Regina, Tanniery L\u00eala (Assist\u00eancia Social), Miguel Rob\u00e9rio (Finan\u00e7as) e dos vereadores Jos\u00e9 Ant\u00f4nio Fernandes, Br\u00edgida Xavier e Bon\u00edlson Tim\u00f3teo. Os equipamentos foram adquiridos com recursos provenientes de emenda parlamentar do deputado federal Wellington Roberto, no valor de R$ 120 mil. Foram adquiridos ar-condicionados, notebooks, data show, telas de proje\u00e7\u00e3o, televisor, balan\u00e7a antropom\u00e9trica, aparelhos de raio \u2013x, geladeiras, amalgamador odontol\u00f3gico, negatosc\u00f3pio, mesas, cadeiras e outros materiais. De acordo com \u00c9den, mais uma vez o deputado Wellington Roberto contribui com o munic\u00edpio de Sum\u00e9, os recursos recebidos permitiram a compra desses materiais que ir\u00e3o auxiliar no trabalho das equipes da estrat\u00e9gia sa\u00fade da fam\u00edlia e consequentemente melhorar o atendimento aos usu\u00e1rios. \u00c9den fez uma retrospectiva, lembrando de outros investimentos feitos ao longo deste ano na \u00e1rea da sa\u00fade, como o aumento do repasse financeiro para o Cons\u00f3rcio Intermunicipal de Sa\u00fade (Cisco), a entrega da reforma de unidades para melhorar a estrutura f\u00edsica dos pr\u00e9dios e ainda a contrata\u00e7\u00e3o de novos profissionais, atrav\u00e9s de concurso p\u00fablico e processo seletivo, nomeando agentes comunit\u00e1rios de sa\u00fade, m\u00e9dicos, dentista, fisioterapeuta, psic\u00f3logo, pediatra, psiquiatra e t\u00e9cnicos em sa\u00fade bucal. CONFIRA MAIS FOTOS EM NOSSA P\u00c1GINA: https:\/\/www.facebook.com\/media\/set\/?set=a.1187545941378934.1073741895.1051584748308388&#038;type=3 Cariri em Destaque Com Ascom\/PMS<\/p>\n","protected":false},"author":2,"featured_media":6823,"comment_status":"closed","ping_status":"open","sticky":false,"template":"","format":"standard","meta":{"_eb_attr":"","_jetpack_memberships_contains_paid_content":false,"footnotes":""},"categories":[8],"tags":[],"class_list":["post-6820","post","type-post","status-publish","format-standard","has-post-thumbnail","hentry","category-saude"],"yoast_head":"<!-- This site is optimized with the Yoast SEO plugin v26.5 - https:\/\/yoast.com\/wordpress\/plugins\/seo\/ -->\n<title>PREFEITO \u00c9DEN DUARTE ENTREGA NOVOS EQUIPAMENTOS PARA UNIDADES B\u00c1SICAS DE SA\u00daDE - Not&iacute;cias em Destaque<\/title>\n<meta name=\"robots\" content=\"index, follow, max-snippet:-1, max-image-preview:large, max-video-preview:-1\" \/>\n<link rel=\"canonical\" href=\"https:\/\/noticiasemdestaque.com\/cd\/?p=6820\" \/>\n<meta property=\"og:locale\" content=\"pt_BR\" \/>\n<meta property=\"og:type\" content=\"article\" \/>\n<meta property=\"og:title\" content=\"PREFEITO \u00c9DEN DUARTE ENTREGA NOVOS EQUIPAMENTOS PARA UNIDADES B\u00c1SICAS DE SA\u00daDE - Not&iacute;cias em Destaque\" \/>\n<meta property=\"og:description\" content=\"O prefeito \u00c9den Duarte entregou na manh\u00e3 de quarta-feira (20\/12), uma s\u00e9rie de equipamentos e materiais para as unidades b\u00e1sicas de sa\u00fade do centro, alto alegre e v\u00e1rzea redonda. Em solenidade realizada na unidade do centro, o prefeito fez a entrega ao lado da secret\u00e1ria de Sa\u00fade, Alessandra Regina, Tanniery L\u00eala (Assist\u00eancia Social), Miguel Rob\u00e9rio (Finan\u00e7as) e dos vereadores Jos\u00e9 Ant\u00f4nio Fernandes, Br\u00edgida Xavier e Bon\u00edlson Tim\u00f3teo. Os equipamentos foram adquiridos com recursos provenientes de emenda parlamentar do deputado federal Wellington Roberto, no valor de R$ 120 mil. Foram adquiridos ar-condicionados, notebooks, data show, telas de proje\u00e7\u00e3o, televisor, balan\u00e7a antropom\u00e9trica, aparelhos de raio \u2013x, geladeiras, amalgamador odontol\u00f3gico, negatosc\u00f3pio, mesas, cadeiras e outros materiais. De acordo com \u00c9den, mais uma vez o deputado Wellington Roberto contribui com o munic\u00edpio de Sum\u00e9, os recursos recebidos permitiram a compra desses materiais que ir\u00e3o auxiliar no trabalho das equipes da estrat\u00e9gia sa\u00fade da fam\u00edlia e consequentemente melhorar o atendimento aos usu\u00e1rios. \u00c9den fez uma retrospectiva, lembrando de outros investimentos feitos ao longo deste ano na \u00e1rea da sa\u00fade, como o aumento do repasse financeiro para o Cons\u00f3rcio Intermunicipal de Sa\u00fade (Cisco), a entrega da reforma de unidades para melhorar a estrutura f\u00edsica dos pr\u00e9dios e ainda a contrata\u00e7\u00e3o de novos profissionais, atrav\u00e9s de concurso p\u00fablico e processo seletivo, nomeando agentes comunit\u00e1rios de sa\u00fade, m\u00e9dicos, dentista, fisioterapeuta, psic\u00f3logo, pediatra, psiquiatra e t\u00e9cnicos em sa\u00fade bucal. CONFIRA MAIS FOTOS EM NOSSA P\u00c1GINA: https:\/\/www.facebook.com\/media\/set\/?set=a.1187545941378934.1073741895.1051584748308388&#038;type=3 Cariri em Destaque Com Ascom\/PMS\" \/>\n<meta property=\"og:url\" content=\"https:\/\/noticiasemdestaque.com\/cd\/?p=6820\" \/>\n<meta property=\"og:site_name\" content=\"Not&iacute;cias em Destaque\" \/>\n<meta property=\"article:published_time\" content=\"2017-12-21T20:23:49+00:00\" \/>\n<meta property=\"og:image\" content=\"https:\/\/noticiasemdestaque.com\/cd\/wp-content\/uploads\/2017\/12\/25498358_914253788737214_8007757728495215506_n.jpg\" \/>\n\t<meta property=\"og:image:width\" content=\"960\" \/>\n\t<meta property=\"og:image:height\" content=\"638\" \/>\n\t<meta property=\"og:image:type\" content=\"image\/jpeg\" \/>\n<meta name=\"author\" content=\"Not\u00edcias em Destaque\" \/>\n<meta name=\"twitter:card\" content=\"summary_large_image\" \/>\n<meta name=\"twitter:label1\" content=\"Escrito por\" \/>\n\t<meta name=\"twitter:data1\" content=\"Not\u00edcias em Destaque\" \/>\n\t<meta name=\"twitter:label2\" content=\"Est. tempo de leitura\" \/>\n\t<meta name=\"twitter:data2\" content=\"1 minuto\" \/>\n<script type=\"application\/ld+json\" class=\"yoast-schema-graph\">{\"@context\":\"https:\/\/schema.org\",\"@graph\":[{\"@type\":\"Article\",\"@id\":\"https:\/\/noticiasemdestaque.com\/cd\/?p=6820#article\",\"isPartOf\":{\"@id\":\"https:\/\/noticiasemdestaque.com\/cd\/?p=6820\"},\"author\":{\"name\":\"Not\u00edcias em Destaque\",\"@id\":\"https:\/\/noticiasemdestaque.com\/cd\/#\/schema\/person\/47f7d4f55eec17c6b2ca036c5500f6ce\"},\"headline\":\"PREFEITO \u00c9DEN DUARTE ENTREGA NOVOS EQUIPAMENTOS PARA UNIDADES B\u00c1SICAS DE SA\u00daDE\",\"datePublished\":\"2017-12-21T20:23:49+00:00\",\"mainEntityOfPage\":{\"@id\":\"https:\/\/noticiasemdestaque.com\/cd\/?p=6820\"},\"wordCount\":303,\"publisher\":{\"@id\":\"https:\/\/noticiasemdestaque.com\/cd\/#organization\"},\"image\":{\"@id\":\"https:\/\/noticiasemdestaque.com\/cd\/?p=6820#primaryimage\"},\"thumbnailUrl\":\"https:\/\/noticiasemdestaque.com\/cd\/wp-content\/uploads\/2017\/12\/25498358_914253788737214_8007757728495215506_n.jpg\",\"articleSection\":[\"Sa\u00fade\"],\"inLanguage\":\"pt-BR\"},{\"@type\":\"WebPage\",\"@id\":\"https:\/\/noticiasemdestaque.com\/cd\/?p=6820\",\"url\":\"https:\/\/noticiasemdestaque.com\/cd\/?p=6820\",\"name\":\"PREFEITO \u00c9DEN DUARTE ENTREGA NOVOS EQUIPAMENTOS PARA UNIDADES B\u00c1SICAS DE SA\u00daDE - Not&iacute;cias em Destaque\",\"isPartOf\":{\"@id\":\"https:\/\/noticiasemdestaque.com\/cd\/#website\"},\"primaryImageOfPage\":{\"@id\":\"https:\/\/noticiasemdestaque.com\/cd\/?p=6820#primaryimage\"},\"image\":{\"@id\":\"https:\/\/noticiasemdestaque.com\/cd\/?p=6820#primaryimage\"},\"thumbnailUrl\":\"https:\/\/noticiasemdestaque.com\/cd\/wp-content\/uploads\/2017\/12\/25498358_914253788737214_8007757728495215506_n.jpg\",\"datePublished\":\"2017-12-21T20:23:49+00:00\",\"breadcrumb\":{\"@id\":\"https:\/\/noticiasemdestaque.com\/cd\/?p=6820#breadcrumb\"},\"inLanguage\":\"pt-BR\",\"potentialAction\":[{\"@type\":\"ReadAction\",\"target\":[\"https:\/\/noticiasemdestaque.com\/cd\/?p=6820\"]}]},{\"@type\":\"ImageObject\",\"inLanguage\":\"pt-BR\",\"@id\":\"https:\/\/noticiasemdestaque.com\/cd\/?p=6820#primaryimage\",\"url\":\"https:\/\/noticiasemdestaque.com\/cd\/wp-content\/uploads\/2017\/12\/25498358_914253788737214_8007757728495215506_n.jpg\",\"contentUrl\":\"https:\/\/noticiasemdestaque.com\/cd\/wp-content\/uploads\/2017\/12\/25498358_914253788737214_8007757728495215506_n.jpg\",\"width\":960,\"height\":638},{\"@type\":\"BreadcrumbList\",\"@id\":\"https:\/\/noticiasemdestaque.com\/cd\/?p=6820#breadcrumb\",\"itemListElement\":[{\"@type\":\"ListItem\",\"position\":1,\"name\":\"In\u00edcio\",\"item\":\"https:\/\/noticiasemdestaque.com\/cd\/\"},{\"@type\":\"ListItem\",\"position\":2,\"name\":\"PREFEITO \u00c9DEN DUARTE ENTREGA NOVOS EQUIPAMENTOS PARA UNIDADES B\u00c1SICAS DE SA\u00daDE\"}]},{\"@type\":\"WebSite\",\"@id\":\"https:\/\/noticiasemdestaque.com\/cd\/#website\",\"url\":\"https:\/\/noticiasemdestaque.com\/cd\/\",\"name\":\"Not&iacute;cias em Destaque\",\"description\":\"\",\"publisher\":{\"@id\":\"https:\/\/noticiasemdestaque.com\/cd\/#organization\"},\"potentialAction\":[{\"@type\":\"SearchAction\",\"target\":{\"@type\":\"EntryPoint\",\"urlTemplate\":\"https:\/\/noticiasemdestaque.com\/cd\/?s={search_term_string}\"},\"query-input\":{\"@type\":\"PropertyValueSpecification\",\"valueRequired\":true,\"valueName\":\"search_term_string\"}}],\"inLanguage\":\"pt-BR\"},{\"@type\":\"Organization\",\"@id\":\"https:\/\/noticiasemdestaque.com\/cd\/#organization\",\"name\":\"Not\u00edcias em Destaque\",\"url\":\"https:\/\/noticiasemdestaque.com\/cd\/\",\"logo\":{\"@type\":\"ImageObject\",\"inLanguage\":\"pt-BR\",\"@id\":\"https:\/\/noticiasemdestaque.com\/cd\/#\/schema\/logo\/image\/\",\"url\":\"https:\/\/noticiasemdestaque.com\/cd\/wp-content\/uploads\/2022\/05\/imagem-base-noticiasemdestaque.png\",\"contentUrl\":\"https:\/\/noticiasemdestaque.com\/cd\/wp-content\/uploads\/2022\/05\/imagem-base-noticiasemdestaque.png\",\"width\":1200,\"height\":630,\"caption\":\"Not\u00edcias em Destaque\"},\"image\":{\"@id\":\"https:\/\/noticiasemdestaque.com\/cd\/#\/schema\/logo\/image\/\"}},{\"@type\":\"Person\",\"@id\":\"https:\/\/noticiasemdestaque.com\/cd\/#\/schema\/person\/47f7d4f55eec17c6b2ca036c5500f6ce\",\"name\":\"Not\u00edcias em Destaque\",\"url\":\"https:\/\/noticiasemdestaque.com\/cd\/?author=2\"}]}<\/script>\n<!-- \/ Yoast SEO plugin. -->","yoast_head_json":{"title":"PREFEITO \u00c9DEN DUARTE ENTREGA NOVOS EQUIPAMENTOS PARA UNIDADES B\u00c1SICAS DE SA\u00daDE - Not&iacute;cias em Destaque","robots":{"index":"index","follow":"follow","max-snippet":"max-snippet:-1","max-image-preview":"max-image-preview:large","max-video-preview":"max-video-preview:-1"},"canonical":"https:\/\/noticiasemdestaque.com\/cd\/?p=6820","og_locale":"pt_BR","og_type":"article","og_title":"PREFEITO \u00c9DEN DUARTE ENTREGA NOVOS EQUIPAMENTOS PARA UNIDADES B\u00c1SICAS DE SA\u00daDE - Not&iacute;cias em Destaque","og_description":"O prefeito \u00c9den Duarte entregou na manh\u00e3 de quarta-feira (20\/12), uma s\u00e9rie de equipamentos e materiais para as unidades b\u00e1sicas de sa\u00fade do centro, alto alegre e v\u00e1rzea redonda. Em solenidade realizada na unidade do centro, o prefeito fez a entrega ao lado da secret\u00e1ria de Sa\u00fade, Alessandra Regina, Tanniery L\u00eala (Assist\u00eancia Social), Miguel Rob\u00e9rio (Finan\u00e7as) e dos vereadores Jos\u00e9 Ant\u00f4nio Fernandes, Br\u00edgida Xavier e Bon\u00edlson Tim\u00f3teo. Os equipamentos foram adquiridos com recursos provenientes de emenda parlamentar do deputado federal Wellington Roberto, no valor de R$ 120 mil. Foram adquiridos ar-condicionados, notebooks, data show, telas de proje\u00e7\u00e3o, televisor, balan\u00e7a antropom\u00e9trica, aparelhos de raio \u2013x, geladeiras, amalgamador odontol\u00f3gico, negatosc\u00f3pio, mesas, cadeiras e outros materiais. De acordo com \u00c9den, mais uma vez o deputado Wellington Roberto contribui com o munic\u00edpio de Sum\u00e9, os recursos recebidos permitiram a compra desses materiais que ir\u00e3o auxiliar no trabalho das equipes da estrat\u00e9gia sa\u00fade da fam\u00edlia e consequentemente melhorar o atendimento aos usu\u00e1rios. \u00c9den fez uma retrospectiva, lembrando de outros investimentos feitos ao longo deste ano na \u00e1rea da sa\u00fade, como o aumento do repasse financeiro para o Cons\u00f3rcio Intermunicipal de Sa\u00fade (Cisco), a entrega da reforma de unidades para melhorar a estrutura f\u00edsica dos pr\u00e9dios e ainda a contrata\u00e7\u00e3o de novos profissionais, atrav\u00e9s de concurso p\u00fablico e processo seletivo, nomeando agentes comunit\u00e1rios de sa\u00fade, m\u00e9dicos, dentista, fisioterapeuta, psic\u00f3logo, pediatra, psiquiatra e t\u00e9cnicos em sa\u00fade bucal. CONFIRA MAIS FOTOS EM NOSSA P\u00c1GINA: https:\/\/www.facebook.com\/media\/set\/?set=a.1187545941378934.1073741895.1051584748308388&#038;type=3 Cariri em Destaque Com Ascom\/PMS","og_url":"https:\/\/noticiasemdestaque.com\/cd\/?p=6820","og_site_name":"Not&iacute;cias em Destaque","article_published_time":"2017-12-21T20:23:49+00:00","og_image":[{"width":960,"height":638,"url":"https:\/\/noticiasemdestaque.com\/cd\/wp-content\/uploads\/2017\/12\/25498358_914253788737214_8007757728495215506_n.jpg","type":"image\/jpeg"}],"author":"Not\u00edcias em Destaque","twitter_card":"summary_large_image","twitter_misc":{"Escrito por":"Not\u00edcias em Destaque","Est. tempo de leitura":"1 minuto"},"schema":{"@context":"https:\/\/schema.org","@graph":[{"@type":"Article","@id":"https:\/\/noticiasemdestaque.com\/cd\/?p=6820#article","isPartOf":{"@id":"https:\/\/noticiasemdestaque.com\/cd\/?p=6820"},"author":{"name":"Not\u00edcias em Destaque","@id":"https:\/\/noticiasemdestaque.com\/cd\/#\/schema\/person\/47f7d4f55eec17c6b2ca036c5500f6ce"},"headline":"PREFEITO \u00c9DEN DUARTE ENTREGA NOVOS EQUIPAMENTOS PARA UNIDADES B\u00c1SICAS DE SA\u00daDE","datePublished":"2017-12-21T20:23:49+00:00","mainEntityOfPage":{"@id":"https:\/\/noticiasemdestaque.com\/cd\/?p=6820"},"wordCount":303,"publisher":{"@id":"https:\/\/noticiasemdestaque.com\/cd\/#organization"},"image":{"@id":"https:\/\/noticiasemdestaque.com\/cd\/?p=6820#primaryimage"},"thumbnailUrl":"https:\/\/noticiasemdestaque.com\/cd\/wp-content\/uploads\/2017\/12\/25498358_914253788737214_8007757728495215506_n.jpg","articleSection":["Sa\u00fade"],"inLanguage":"pt-BR"},{"@type":"WebPage","@id":"https:\/\/noticiasemdestaque.com\/cd\/?p=6820","url":"https:\/\/noticiasemdestaque.com\/cd\/?p=6820","name":"PREFEITO \u00c9DEN DUARTE ENTREGA NOVOS EQUIPAMENTOS PARA UNIDADES B\u00c1SICAS DE SA\u00daDE - Not&iacute;cias em Destaque","isPartOf":{"@id":"https:\/\/noticiasemdestaque.com\/cd\/#website"},"primaryImageOfPage":{"@id":"https:\/\/noticiasemdestaque.com\/cd\/?p=6820#primaryimage"},"image":{"@id":"https:\/\/noticiasemdestaque.com\/cd\/?p=6820#primaryimage"},"thumbnailUrl":"https:\/\/noticiasemdestaque.com\/cd\/wp-content\/uploads\/2017\/12\/25498358_914253788737214_8007757728495215506_n.jpg","datePublished":"2017-12-21T20:23:49+00:00","breadcrumb":{"@id":"https:\/\/noticiasemdestaque.com\/cd\/?p=6820#breadcrumb"},"inLanguage":"pt-BR","potentialAction":[{"@type":"ReadAction","target":["https:\/\/noticiasemdestaque.com\/cd\/?p=6820"]}]},{"@type":"ImageObject","inLanguage":"pt-BR","@id":"https:\/\/noticiasemdestaque.com\/cd\/?p=6820#primaryimage","url":"https:\/\/noticiasemdestaque.com\/cd\/wp-content\/uploads\/2017\/12\/25498358_914253788737214_8007757728495215506_n.jpg","contentUrl":"https:\/\/noticiasemdestaque.com\/cd\/wp-content\/uploads\/2017\/12\/25498358_914253788737214_8007757728495215506_n.jpg","width":960,"height":638},{"@type":"BreadcrumbList","@id":"https:\/\/noticiasemdestaque.com\/cd\/?p=6820#breadcrumb","itemListElement":[{"@type":"ListItem","position":1,"name":"In\u00edcio","item":"https:\/\/noticiasemdestaque.com\/cd\/"},{"@type":"ListItem","position":2,"name":"PREFEITO \u00c9DEN DUARTE ENTREGA NOVOS EQUIPAMENTOS PARA UNIDADES B\u00c1SICAS DE SA\u00daDE"}]},{"@type":"WebSite","@id":"https:\/\/noticiasemdestaque.com\/cd\/#website","url":"https:\/\/noticiasemdestaque.com\/cd\/","name":"Not&iacute;cias em Destaque","description":"","publisher":{"@id":"https:\/\/noticiasemdestaque.com\/cd\/#organization"},"potentialAction":[{"@type":"SearchAction","target":{"@type":"EntryPoint","urlTemplate":"https:\/\/noticiasemdestaque.com\/cd\/?s={search_term_string}"},"query-input":{"@type":"PropertyValueSpecification","valueRequired":true,"valueName":"search_term_string"}}],"inLanguage":"pt-BR"},{"@type":"Organization","@id":"https:\/\/noticiasemdestaque.com\/cd\/#organization","name":"Not\u00edcias em Destaque","url":"https:\/\/noticiasemdestaque.com\/cd\/","logo":{"@type":"ImageObject","inLanguage":"pt-BR","@id":"https:\/\/noticiasemdestaque.com\/cd\/#\/schema\/logo\/image\/","url":"https:\/\/noticiasemdestaque.com\/cd\/wp-content\/uploads\/2022\/05\/imagem-base-noticiasemdestaque.png","contentUrl":"https:\/\/noticiasemdestaque.com\/cd\/wp-content\/uploads\/2022\/05\/imagem-base-noticiasemdestaque.png","width":1200,"height":630,"caption":"Not\u00edcias em Destaque"},"image":{"@id":"https:\/\/noticiasemdestaque.com\/cd\/#\/schema\/logo\/image\/"}},{"@type":"Person","@id":"https:\/\/noticiasemdestaque.com\/cd\/#\/schema\/person\/47f7d4f55eec17c6b2ca036c5500f6ce","name":"Not\u00edcias em Destaque","url":"https:\/\/noticiasemdestaque.com\/cd\/?author=2"}]}},"jetpack_featured_media_url":"https:\/\/noticiasemdestaque.com\/cd\/wp-content\/uploads\/2017\/12\/25498358_914253788737214_8007757728495215506_n.jpg","jetpack_sharing_enabled":true,"_links":{"self":[{"href":"https:\/\/noticiasemdestaque.com\/cd\/index.php?rest_route=\/wp\/v2\/posts\/6820","targetHints":{"allow":["GET"]}}],"collection":[{"href":"https:\/\/noticiasemdestaque.com\/cd\/index.php?rest_route=\/wp\/v2\/posts"}],"about":[{"href":"https:\/\/noticiasemdestaque.com\/cd\/index.php?rest_route=\/wp\/v2\/types\/post"}],"author":[{"embeddable":true,"href":"https:\/\/noticiasemdestaque.com\/cd\/index.php?rest_route=\/wp\/v2\/users\/2"}],"replies":[{"embeddable":true,"href":"https:\/\/noticiasemdestaque.com\/cd\/index.php?rest_route=%2Fwp%2Fv2%2Fcomments&post=6820"}],"version-history":[{"count":1,"href":"https:\/\/noticiasemdestaque.com\/cd\/index.php?rest_route=\/wp\/v2\/posts\/6820\/revisions"}],"predecessor-version":[{"id":6831,"href":"https:\/\/noticiasemdestaque.com\/cd\/index.php?rest_route=\/wp\/v2\/posts\/6820\/revisions\/6831"}],"wp:featuredmedia":[{"embeddable":true,"href":"https:\/\/noticiasemdestaque.com\/cd\/index.php?rest_route=\/wp\/v2\/media\/6823"}],"wp:attachment":[{"href":"https:\/\/noticiasemdestaque.com\/cd\/index.php?rest_route=%2Fwp%2Fv2%2Fmedia&parent=6820"}],"wp:term":[{"taxonomy":"category","embeddable":true,"href":"https:\/\/noticiasemdestaque.com\/cd\/index.php?rest_route=%2Fwp%2Fv2%2Fcategories&post=6820"},{"taxonomy":"post_tag","embeddable":true,"href":"https:\/\/noticiasemdestaque.com\/cd\/index.php?rest_route=%2Fwp%2Fv2%2Ftags&post=6820"}],"curies":[{"name":"wp","href":"https:\/\/api.w.org\/{rel}","templated":true}]}}