{"id":68036,"date":"2025-03-28T20:45:52","date_gmt":"2025-03-28T23:45:52","guid":{"rendered":"https:\/\/noticiasemdestaque.com\/cd\/?p=68036"},"modified":"2025-03-28T20:45:52","modified_gmt":"2025-03-28T23:45:52","slug":"camara-de-vereadores-de-sume-realiza-sessao-produtiva-com-aprovacao-de-requerimentos-em-prol-da-populacao","status":"publish","type":"post","link":"https:\/\/noticiasemdestaque.com\/cd\/?p=68036","title":{"rendered":"C\u00e2mara de Vereadores de Sum\u00e9 realiza sess\u00e3o produtiva com aprova\u00e7\u00e3o de requerimentos em prol da popula\u00e7\u00e3o"},"content":{"rendered":"<p><a href=\"https:\/\/noticiasemdestaque.com\/cd\/wp-content\/uploads\/2025\/03\/Imagem-do-WhatsApp-de-2025-03-28-as-20.00.06_4bc10947.jpg\"><img fetchpriority=\"high\" decoding=\"async\" class=\" wp-image-68037 aligncenter\" src=\"https:\/\/noticiasemdestaque.com\/cd\/wp-content\/uploads\/2025\/03\/Imagem-do-WhatsApp-de-2025-03-28-as-20.00.06_4bc10947-300x200.jpg\" alt=\"\" width=\"813\" height=\"542\" srcset=\"https:\/\/noticiasemdestaque.com\/cd\/wp-content\/uploads\/2025\/03\/Imagem-do-WhatsApp-de-2025-03-28-as-20.00.06_4bc10947-300x200.jpg 300w, https:\/\/noticiasemdestaque.com\/cd\/wp-content\/uploads\/2025\/03\/Imagem-do-WhatsApp-de-2025-03-28-as-20.00.06_4bc10947-1024x682.jpg 1024w, https:\/\/noticiasemdestaque.com\/cd\/wp-content\/uploads\/2025\/03\/Imagem-do-WhatsApp-de-2025-03-28-as-20.00.06_4bc10947-768x512.jpg 768w, https:\/\/noticiasemdestaque.com\/cd\/wp-content\/uploads\/2025\/03\/Imagem-do-WhatsApp-de-2025-03-28-as-20.00.06_4bc10947-1536x1023.jpg 1536w, https:\/\/noticiasemdestaque.com\/cd\/wp-content\/uploads\/2025\/03\/Imagem-do-WhatsApp-de-2025-03-28-as-20.00.06_4bc10947.jpg 1600w\" sizes=\"(max-width: 813px) 100vw, 813px\" \/><\/a><\/p>\n<p>Na \u00faltima sess\u00e3o da C\u00e2mara de Vereadores de Sum\u00e9, realizada na quarta-feira (26\/03), os parlamentares apresentaram uma s\u00e9rie de requerimentos, projetos e votos de pesar em favor de pessoas importantes da comunidade.<\/p>\n<p>O vereador Branco Xiliu iniciou a sess\u00e3o requerendo verbalmente um Voto de Pesar para a fam\u00edlia do Senhor Heleno Henrique, em respeito ao falecimento do cidad\u00e3o.<\/p>\n<p><a href=\"https:\/\/noticiasemdestaque.com\/cd\/wp-content\/uploads\/2025\/03\/branco.jpg\"><img decoding=\"async\" class=\" wp-image-68043 aligncenter\" src=\"https:\/\/noticiasemdestaque.com\/cd\/wp-content\/uploads\/2025\/03\/branco-231x300.jpg\" alt=\"\" width=\"351\" height=\"456\" srcset=\"https:\/\/noticiasemdestaque.com\/cd\/wp-content\/uploads\/2025\/03\/branco-231x300.jpg 231w, https:\/\/noticiasemdestaque.com\/cd\/wp-content\/uploads\/2025\/03\/branco-788x1024.jpg 788w, https:\/\/noticiasemdestaque.com\/cd\/wp-content\/uploads\/2025\/03\/branco-768x998.jpg 768w, https:\/\/noticiasemdestaque.com\/cd\/wp-content\/uploads\/2025\/03\/branco-1182x1536.jpg 1182w, https:\/\/noticiasemdestaque.com\/cd\/wp-content\/uploads\/2025\/03\/branco.jpg 1231w\" sizes=\"(max-width: 351px) 100vw, 351px\" \/><\/a><\/p>\n<p>O vereador Ruan Pereira foi respons\u00e1vel por v\u00e1rias solicita\u00e7\u00f5es \u00e0 Secretaria de Obras e Servi\u00e7os Urbanos. Entre seus pedidos estavam a reforma das paredes da parte de tr\u00e1s do cemit\u00e9rio local, pavimenta\u00e7\u00e3o da Rua Divaneide Freitas de Queiroz, a constru\u00e7\u00e3o de um canil para o munic\u00edpio, al\u00e9m de uma pra\u00e7a na Rua Manoel Gomes de Assis com instala\u00e7\u00e3o de aparelhos recreativos. O vereador tamb\u00e9m requereu a reforma da passagem molhada no S\u00edtio Chor\u00e3o. Ruan apresentou ainda um Voto de Aplauso para o mesa-tenista Cidenildo Leite de Lima, atleta do programa ProlCariri, que foi campe\u00e3o da primeira etapa do Campeonato Paraibano de T\u00eanis de Mesa. Por fim, ele solicitou o alargamento da Rua Raimundo Sabia, no acesso \u00e0 Pra\u00e7a de Corisco.<\/p>\n<p><a href=\"https:\/\/noticiasemdestaque.com\/cd\/wp-content\/uploads\/2025\/03\/ruan-pereira.jpg\"><img decoding=\"async\" class=\" wp-image-68042 aligncenter\" src=\"https:\/\/noticiasemdestaque.com\/cd\/wp-content\/uploads\/2025\/03\/ruan-pereira-200x300.jpg\" alt=\"\" width=\"320\" height=\"480\" srcset=\"https:\/\/noticiasemdestaque.com\/cd\/wp-content\/uploads\/2025\/03\/ruan-pereira-200x300.jpg 200w, https:\/\/noticiasemdestaque.com\/cd\/wp-content\/uploads\/2025\/03\/ruan-pereira-682x1024.jpg 682w, https:\/\/noticiasemdestaque.com\/cd\/wp-content\/uploads\/2025\/03\/ruan-pereira-768x1153.jpg 768w, https:\/\/noticiasemdestaque.com\/cd\/wp-content\/uploads\/2025\/03\/ruan-pereira-1023x1536.jpg 1023w, https:\/\/noticiasemdestaque.com\/cd\/wp-content\/uploads\/2025\/03\/ruan-pereira.jpg 1066w\" sizes=\"(max-width: 320px) 100vw, 320px\" \/><\/a><\/p>\n<p>O vereador Fernando Lima Freitas requereu a constru\u00e7\u00e3o de uma pra\u00e7a na Rua Luiz Mendon\u00e7a e, por meio de um requerimento formal, solicitou a instala\u00e7\u00e3o de um redutor de velocidade (quebra-molas) na Rua Professora Guiomar Coelho, em frente ao Col\u00e9gio Estadual Jos\u00e9 Gon\u00e7alves de Queiroz.<\/p>\n<p><a href=\"https:\/\/noticiasemdestaque.com\/cd\/wp-content\/uploads\/2025\/03\/fernando-1.jpg\"><img loading=\"lazy\" decoding=\"async\" class=\" wp-image-68039 aligncenter\" src=\"https:\/\/noticiasemdestaque.com\/cd\/wp-content\/uploads\/2025\/03\/fernando-1-283x300.jpg\" alt=\"\" width=\"358\" height=\"380\" srcset=\"https:\/\/noticiasemdestaque.com\/cd\/wp-content\/uploads\/2025\/03\/fernando-1-283x300.jpg 283w, https:\/\/noticiasemdestaque.com\/cd\/wp-content\/uploads\/2025\/03\/fernando-1-967x1024.jpg 967w, https:\/\/noticiasemdestaque.com\/cd\/wp-content\/uploads\/2025\/03\/fernando-1-768x813.jpg 768w, https:\/\/noticiasemdestaque.com\/cd\/wp-content\/uploads\/2025\/03\/fernando-1-1451x1536.jpg 1451w, https:\/\/noticiasemdestaque.com\/cd\/wp-content\/uploads\/2025\/03\/fernando-1.jpg 1511w\" sizes=\"(max-width: 358px) 100vw, 358px\" \/><\/a><\/p>\n<p>O vereador Jeffeson Menezes apresentou um requerimento solicitando a limpeza do cemit\u00e9rio no Distrito do Pio X e tamb\u00e9m apresentou um Voto de Pesar \u00e0 fam\u00edlia de Matheus Rafael de Queiroz Leite, que faleceu recentemente.<\/p>\n<p><a href=\"https:\/\/noticiasemdestaque.com\/cd\/wp-content\/uploads\/2025\/03\/jefferson-mene.jpg\"><img loading=\"lazy\" decoding=\"async\" class=\" wp-image-68041 aligncenter\" src=\"https:\/\/noticiasemdestaque.com\/cd\/wp-content\/uploads\/2025\/03\/jefferson-mene-200x300.jpg\" alt=\"\" width=\"305\" height=\"458\" srcset=\"https:\/\/noticiasemdestaque.com\/cd\/wp-content\/uploads\/2025\/03\/jefferson-mene-200x300.jpg 200w, https:\/\/noticiasemdestaque.com\/cd\/wp-content\/uploads\/2025\/03\/jefferson-mene-682x1024.jpg 682w, https:\/\/noticiasemdestaque.com\/cd\/wp-content\/uploads\/2025\/03\/jefferson-mene-768x1153.jpg 768w, https:\/\/noticiasemdestaque.com\/cd\/wp-content\/uploads\/2025\/03\/jefferson-mene-1023x1536.jpg 1023w, https:\/\/noticiasemdestaque.com\/cd\/wp-content\/uploads\/2025\/03\/jefferson-mene.jpg 1066w\" sizes=\"(max-width: 305px) 100vw, 305px\" \/><\/a><\/p>\n<p>O vereador Dami\u00e3o Rildo fez quest\u00e3o de prestar homenagem \u00e0 fam\u00edlia do Senhor Jos\u00e9 Braz da Silva com um Voto de Pesar e solicitou, por meio de requerimento, a contrata\u00e7\u00e3o de um fisioterapeuta para atendimento na Unidade B\u00e1sica de Sa\u00fade do Distrito de Pio X. Outro destaque da sess\u00e3o foi o projeto de resolu\u00e7\u00e3o 148\/2025, apresentado pelo vereador Dami\u00e3o Rildo, que concede o T\u00edtulo de Cidad\u00e3o Sumeense ao Senhor Jos\u00e9 Aristides dos Santos Filho.<\/p>\n<p><a href=\"https:\/\/noticiasemdestaque.com\/cd\/wp-content\/uploads\/2025\/03\/damiaao.jpg\"><img loading=\"lazy\" decoding=\"async\" class=\" wp-image-68040 aligncenter\" src=\"https:\/\/noticiasemdestaque.com\/cd\/wp-content\/uploads\/2025\/03\/damiaao-200x300.jpg\" alt=\"\" width=\"326\" height=\"489\" srcset=\"https:\/\/noticiasemdestaque.com\/cd\/wp-content\/uploads\/2025\/03\/damiaao-200x300.jpg 200w, https:\/\/noticiasemdestaque.com\/cd\/wp-content\/uploads\/2025\/03\/damiaao-682x1024.jpg 682w, https:\/\/noticiasemdestaque.com\/cd\/wp-content\/uploads\/2025\/03\/damiaao-768x1153.jpg 768w, https:\/\/noticiasemdestaque.com\/cd\/wp-content\/uploads\/2025\/03\/damiaao-1023x1536.jpg 1023w, https:\/\/noticiasemdestaque.com\/cd\/wp-content\/uploads\/2025\/03\/damiaao.jpg 1066w\" sizes=\"(max-width: 326px) 100vw, 326px\" \/><\/a><\/p>\n<p>A vereadora Arymat\u00e9ia Silva solicitou a troca do piso da Escola Municipal Gon\u00e7ala Rodrigues de Freitas e tamb\u00e9m apresentou Voto de Pesar \u00e0 fam\u00edlia de Valdirene Batista Silva.<\/p>\n<p><a href=\"https:\/\/noticiasemdestaque.com\/cd\/wp-content\/uploads\/2025\/03\/ary.jpg\"><img loading=\"lazy\" decoding=\"async\" class=\" wp-image-68038 aligncenter\" src=\"https:\/\/noticiasemdestaque.com\/cd\/wp-content\/uploads\/2025\/03\/ary-274x300.jpg\" alt=\"\" width=\"371\" height=\"407\" srcset=\"https:\/\/noticiasemdestaque.com\/cd\/wp-content\/uploads\/2025\/03\/ary-274x300.jpg 274w, https:\/\/noticiasemdestaque.com\/cd\/wp-content\/uploads\/2025\/03\/ary-936x1024.jpg 936w, https:\/\/noticiasemdestaque.com\/cd\/wp-content\/uploads\/2025\/03\/ary-768x840.jpg 768w, https:\/\/noticiasemdestaque.com\/cd\/wp-content\/uploads\/2025\/03\/ary-1404x1536.jpg 1404w, https:\/\/noticiasemdestaque.com\/cd\/wp-content\/uploads\/2025\/03\/ary.jpg 1463w\" sizes=\"(max-width: 371px) 100vw, 371px\" \/><\/a><\/p>\n<p>O vereador Daniel L\u00eala apresentou uma s\u00e9rie de solicita\u00e7\u00f5es ao prefeito Manezinho Louren\u00e7o, entre elas, a perman\u00eancia da sala de monitoramento de c\u00e2meras no Sum\u00e9 Shopping, a renova\u00e7\u00e3o da pintura das faixas de pedestres em frente \u00e0s escolas do munic\u00edpio, al\u00e9m de recursos para o Programa Ol\u00edmpico do Cariri (ProlCariri). Daniel tamb\u00e9m fez um Voto de Pesar \u00e0 fam\u00edlia de Rivania Torres de Macedo Coelho.<\/p>\n<p><a href=\"https:\/\/noticiasemdestaque.com\/cd\/wp-content\/uploads\/2025\/03\/daniel.jpg\"><img loading=\"lazy\" decoding=\"async\" class=\" wp-image-68044 aligncenter\" src=\"https:\/\/noticiasemdestaque.com\/cd\/wp-content\/uploads\/2025\/03\/daniel-270x300.jpg\" alt=\"\" width=\"361\" height=\"401\" srcset=\"https:\/\/noticiasemdestaque.com\/cd\/wp-content\/uploads\/2025\/03\/daniel-270x300.jpg 270w, https:\/\/noticiasemdestaque.com\/cd\/wp-content\/uploads\/2025\/03\/daniel-920x1024.jpg 920w, https:\/\/noticiasemdestaque.com\/cd\/wp-content\/uploads\/2025\/03\/daniel-768x855.jpg 768w, https:\/\/noticiasemdestaque.com\/cd\/wp-content\/uploads\/2025\/03\/daniel-1380x1536.jpg 1380w, https:\/\/noticiasemdestaque.com\/cd\/wp-content\/uploads\/2025\/03\/daniel.jpg 1438w\" sizes=\"(max-width: 361px) 100vw, 361px\" \/><\/a><\/p>\n<p>O vereador Dida Alves apresentou uma importante proposta ao prefeito, solicitando a cria\u00e7\u00e3o de um piso salarial adequado para os cuidadores que atuam em salas de aula com crian\u00e7as com defici\u00eancia (PCD) nas escolas de Sum\u00e9. Dida tamb\u00e9m prestou homenagem \u00e0 fam\u00edlia do Senhor Severino Santino dos Santos com um Voto de Pesar.<\/p>\n<p><a href=\"https:\/\/noticiasemdestaque.com\/cd\/wp-content\/uploads\/2025\/03\/ida.jpg\"><img loading=\"lazy\" decoding=\"async\" class=\" wp-image-68045 aligncenter\" src=\"https:\/\/noticiasemdestaque.com\/cd\/wp-content\/uploads\/2025\/03\/ida-300x277.jpg\" alt=\"\" width=\"384\" height=\"355\" srcset=\"https:\/\/noticiasemdestaque.com\/cd\/wp-content\/uploads\/2025\/03\/ida-300x277.jpg 300w, https:\/\/noticiasemdestaque.com\/cd\/wp-content\/uploads\/2025\/03\/ida-1024x945.jpg 1024w, https:\/\/noticiasemdestaque.com\/cd\/wp-content\/uploads\/2025\/03\/ida-768x708.jpg 768w, https:\/\/noticiasemdestaque.com\/cd\/wp-content\/uploads\/2025\/03\/ida-1536x1417.jpg 1536w, https:\/\/noticiasemdestaque.com\/cd\/wp-content\/uploads\/2025\/03\/ida.jpg 1600w\" sizes=\"(max-width: 384px) 100vw, 384px\" \/><\/a><\/p>\n<p>Al\u00e9m disso, foi aprovado o Decreto Legislativo 02\/2025, que determina o fechamento da C\u00e2mara Municipal de Sum\u00e9 no dia 31 de mar\u00e7o de 2025, em virtude do feriado municipal do dia 1\u00ba de abril, data da Emancipa\u00e7\u00e3o Pol\u00edtica do Munic\u00edpio. As atividades ser\u00e3o retomadas normalmente no dia 2 de abril.<\/p>\n<p>Ao final da sess\u00e3o, o presidente Jeffeson Menezes fez um balan\u00e7o positivo do encontro e agradeceu a todos os vereadores pelas valiosas contribui\u00e7\u00f5es, destacando o empenho e o trabalho coletivo em prol da comunidade.<\/p>\n<p><strong>Noticias em Destaque<\/strong><\/p>\n<p style=\"text-align: right;\"><em>Fonte: Ascom\/C\u00e2mara<\/em><\/p>\n","protected":false},"excerpt":{"rendered":"<p>Na \u00faltima sess\u00e3o da C\u00e2mara de Vereadores de Sum\u00e9, realizada na quarta-feira (26\/03), os parlamentares apresentaram uma s\u00e9rie de requerimentos, projetos e votos de pesar em favor de pessoas importantes da comunidade. O vereador Branco Xiliu iniciou a sess\u00e3o requerendo verbalmente um Voto de Pesar para a fam\u00edlia do Senhor Heleno Henrique, em respeito ao falecimento do cidad\u00e3o. O vereador Ruan Pereira foi respons\u00e1vel por v\u00e1rias solicita\u00e7\u00f5es \u00e0 Secretaria de Obras e Servi\u00e7os Urbanos. Entre seus pedidos estavam a reforma das paredes da parte de tr\u00e1s do cemit\u00e9rio local, pavimenta\u00e7\u00e3o da Rua Divaneide Freitas de Queiroz, a constru\u00e7\u00e3o de um canil para o munic\u00edpio, al\u00e9m de uma pra\u00e7a na Rua Manoel Gomes de Assis com instala\u00e7\u00e3o de aparelhos recreativos. O vereador tamb\u00e9m requereu a reforma da passagem molhada no S\u00edtio Chor\u00e3o. Ruan apresentou ainda um Voto de Aplauso para o mesa-tenista Cidenildo Leite de Lima, atleta do programa ProlCariri, que foi campe\u00e3o da primeira etapa do Campeonato Paraibano de T\u00eanis de Mesa. Por fim, ele solicitou o alargamento da Rua Raimundo Sabia, no acesso \u00e0 Pra\u00e7a de Corisco. O vereador Fernando Lima Freitas requereu a constru\u00e7\u00e3o de uma pra\u00e7a na Rua Luiz Mendon\u00e7a e, por meio de um requerimento formal, solicitou a instala\u00e7\u00e3o de um redutor de velocidade (quebra-molas) na Rua Professora Guiomar Coelho, em frente ao Col\u00e9gio Estadual Jos\u00e9 Gon\u00e7alves de Queiroz. O vereador Jeffeson Menezes apresentou um requerimento solicitando a limpeza do cemit\u00e9rio no Distrito do Pio X e tamb\u00e9m apresentou um Voto de Pesar \u00e0 fam\u00edlia de Matheus Rafael de Queiroz Leite, que faleceu recentemente. O vereador Dami\u00e3o Rildo fez quest\u00e3o de prestar homenagem \u00e0 fam\u00edlia do Senhor Jos\u00e9 Braz da Silva com um Voto de Pesar e solicitou, por meio de requerimento, a contrata\u00e7\u00e3o de um fisioterapeuta para atendimento na Unidade B\u00e1sica de Sa\u00fade do Distrito de Pio X. Outro destaque da sess\u00e3o foi o projeto de resolu\u00e7\u00e3o 148\/2025, apresentado pelo vereador Dami\u00e3o Rildo, que concede o T\u00edtulo de Cidad\u00e3o Sumeense ao Senhor Jos\u00e9 Aristides dos Santos Filho. A vereadora Arymat\u00e9ia Silva solicitou a troca do piso da Escola Municipal Gon\u00e7ala Rodrigues de Freitas e tamb\u00e9m apresentou Voto de Pesar \u00e0 fam\u00edlia de Valdirene Batista Silva. O vereador Daniel L\u00eala apresentou uma s\u00e9rie de solicita\u00e7\u00f5es ao prefeito Manezinho Louren\u00e7o, entre elas, a perman\u00eancia da sala de monitoramento de c\u00e2meras no Sum\u00e9 Shopping, a renova\u00e7\u00e3o da pintura das faixas de pedestres em frente \u00e0s escolas do munic\u00edpio, al\u00e9m de recursos para o Programa Ol\u00edmpico do Cariri (ProlCariri). Daniel tamb\u00e9m fez um Voto de Pesar \u00e0 fam\u00edlia de Rivania Torres de Macedo Coelho. O vereador Dida Alves apresentou uma importante proposta ao prefeito, solicitando a cria\u00e7\u00e3o de um piso salarial adequado para os cuidadores que atuam em salas de aula com crian\u00e7as com defici\u00eancia (PCD) nas escolas de Sum\u00e9. Dida tamb\u00e9m prestou homenagem \u00e0 fam\u00edlia do Senhor Severino Santino dos Santos com um Voto de Pesar. Al\u00e9m disso, foi aprovado o Decreto Legislativo 02\/2025, que determina o fechamento da C\u00e2mara Municipal de Sum\u00e9 no dia 31 de mar\u00e7o de 2025, em virtude do feriado municipal do dia 1\u00ba de abril, data da Emancipa\u00e7\u00e3o Pol\u00edtica do Munic\u00edpio. As atividades ser\u00e3o retomadas normalmente no dia 2 de abril. Ao final da sess\u00e3o, o presidente Jeffeson Menezes fez um balan\u00e7o positivo do encontro e agradeceu a todos os vereadores pelas valiosas contribui\u00e7\u00f5es, destacando o empenho e o trabalho coletivo em prol da comunidade. Noticias em Destaque Fonte: Ascom\/C\u00e2mara<\/p>\n","protected":false},"author":2,"featured_media":68037,"comment_status":"closed","ping_status":"closed","sticky":false,"template":"","format":"standard","meta":{"_eb_attr":"","_jetpack_memberships_contains_paid_content":false,"footnotes":""},"categories":[4],"tags":[],"class_list":["post-68036","post","type-post","status-publish","format-standard","has-post-thumbnail","hentry","category-politica"],"yoast_head":"<!-- This site is optimized with the Yoast SEO plugin v26.5 - https:\/\/yoast.com\/wordpress\/plugins\/seo\/ -->\n<title>C\u00e2mara de Vereadores de Sum\u00e9 realiza sess\u00e3o produtiva com aprova\u00e7\u00e3o de requerimentos em prol da popula\u00e7\u00e3o - Not&iacute;cias em Destaque<\/title>\n<meta name=\"robots\" content=\"index, follow, max-snippet:-1, max-image-preview:large, max-video-preview:-1\" \/>\n<link rel=\"canonical\" href=\"https:\/\/noticiasemdestaque.com\/cd\/?p=68036\" \/>\n<meta property=\"og:locale\" content=\"pt_BR\" \/>\n<meta property=\"og:type\" content=\"article\" \/>\n<meta property=\"og:title\" content=\"C\u00e2mara de Vereadores de Sum\u00e9 realiza sess\u00e3o produtiva com aprova\u00e7\u00e3o de requerimentos em prol da popula\u00e7\u00e3o - Not&iacute;cias em Destaque\" \/>\n<meta property=\"og:description\" content=\"Na \u00faltima sess\u00e3o da C\u00e2mara de Vereadores de Sum\u00e9, realizada na quarta-feira (26\/03), os parlamentares apresentaram uma s\u00e9rie de requerimentos, projetos e votos de pesar em favor de pessoas importantes da comunidade. O vereador Branco Xiliu iniciou a sess\u00e3o requerendo verbalmente um Voto de Pesar para a fam\u00edlia do Senhor Heleno Henrique, em respeito ao falecimento do cidad\u00e3o. O vereador Ruan Pereira foi respons\u00e1vel por v\u00e1rias solicita\u00e7\u00f5es \u00e0 Secretaria de Obras e Servi\u00e7os Urbanos. Entre seus pedidos estavam a reforma das paredes da parte de tr\u00e1s do cemit\u00e9rio local, pavimenta\u00e7\u00e3o da Rua Divaneide Freitas de Queiroz, a constru\u00e7\u00e3o de um canil para o munic\u00edpio, al\u00e9m de uma pra\u00e7a na Rua Manoel Gomes de Assis com instala\u00e7\u00e3o de aparelhos recreativos. O vereador tamb\u00e9m requereu a reforma da passagem molhada no S\u00edtio Chor\u00e3o. Ruan apresentou ainda um Voto de Aplauso para o mesa-tenista Cidenildo Leite de Lima, atleta do programa ProlCariri, que foi campe\u00e3o da primeira etapa do Campeonato Paraibano de T\u00eanis de Mesa. Por fim, ele solicitou o alargamento da Rua Raimundo Sabia, no acesso \u00e0 Pra\u00e7a de Corisco. O vereador Fernando Lima Freitas requereu a constru\u00e7\u00e3o de uma pra\u00e7a na Rua Luiz Mendon\u00e7a e, por meio de um requerimento formal, solicitou a instala\u00e7\u00e3o de um redutor de velocidade (quebra-molas) na Rua Professora Guiomar Coelho, em frente ao Col\u00e9gio Estadual Jos\u00e9 Gon\u00e7alves de Queiroz. O vereador Jeffeson Menezes apresentou um requerimento solicitando a limpeza do cemit\u00e9rio no Distrito do Pio X e tamb\u00e9m apresentou um Voto de Pesar \u00e0 fam\u00edlia de Matheus Rafael de Queiroz Leite, que faleceu recentemente. O vereador Dami\u00e3o Rildo fez quest\u00e3o de prestar homenagem \u00e0 fam\u00edlia do Senhor Jos\u00e9 Braz da Silva com um Voto de Pesar e solicitou, por meio de requerimento, a contrata\u00e7\u00e3o de um fisioterapeuta para atendimento na Unidade B\u00e1sica de Sa\u00fade do Distrito de Pio X. Outro destaque da sess\u00e3o foi o projeto de resolu\u00e7\u00e3o 148\/2025, apresentado pelo vereador Dami\u00e3o Rildo, que concede o T\u00edtulo de Cidad\u00e3o Sumeense ao Senhor Jos\u00e9 Aristides dos Santos Filho. A vereadora Arymat\u00e9ia Silva solicitou a troca do piso da Escola Municipal Gon\u00e7ala Rodrigues de Freitas e tamb\u00e9m apresentou Voto de Pesar \u00e0 fam\u00edlia de Valdirene Batista Silva. O vereador Daniel L\u00eala apresentou uma s\u00e9rie de solicita\u00e7\u00f5es ao prefeito Manezinho Louren\u00e7o, entre elas, a perman\u00eancia da sala de monitoramento de c\u00e2meras no Sum\u00e9 Shopping, a renova\u00e7\u00e3o da pintura das faixas de pedestres em frente \u00e0s escolas do munic\u00edpio, al\u00e9m de recursos para o Programa Ol\u00edmpico do Cariri (ProlCariri). Daniel tamb\u00e9m fez um Voto de Pesar \u00e0 fam\u00edlia de Rivania Torres de Macedo Coelho. O vereador Dida Alves apresentou uma importante proposta ao prefeito, solicitando a cria\u00e7\u00e3o de um piso salarial adequado para os cuidadores que atuam em salas de aula com crian\u00e7as com defici\u00eancia (PCD) nas escolas de Sum\u00e9. Dida tamb\u00e9m prestou homenagem \u00e0 fam\u00edlia do Senhor Severino Santino dos Santos com um Voto de Pesar. Al\u00e9m disso, foi aprovado o Decreto Legislativo 02\/2025, que determina o fechamento da C\u00e2mara Municipal de Sum\u00e9 no dia 31 de mar\u00e7o de 2025, em virtude do feriado municipal do dia 1\u00ba de abril, data da Emancipa\u00e7\u00e3o Pol\u00edtica do Munic\u00edpio. As atividades ser\u00e3o retomadas normalmente no dia 2 de abril. Ao final da sess\u00e3o, o presidente Jeffeson Menezes fez um balan\u00e7o positivo do encontro e agradeceu a todos os vereadores pelas valiosas contribui\u00e7\u00f5es, destacando o empenho e o trabalho coletivo em prol da comunidade. Noticias em Destaque Fonte: Ascom\/C\u00e2mara\" \/>\n<meta property=\"og:url\" content=\"https:\/\/noticiasemdestaque.com\/cd\/?p=68036\" \/>\n<meta property=\"og:site_name\" content=\"Not&iacute;cias em Destaque\" \/>\n<meta property=\"article:published_time\" content=\"2025-03-28T23:45:52+00:00\" \/>\n<meta property=\"og:image\" content=\"https:\/\/noticiasemdestaque.com\/cd\/wp-content\/uploads\/2025\/03\/Imagem-do-WhatsApp-de-2025-03-28-as-20.00.06_4bc10947.jpg\" \/>\n\t<meta property=\"og:image:width\" content=\"1600\" \/>\n\t<meta property=\"og:image:height\" content=\"1066\" \/>\n\t<meta property=\"og:image:type\" content=\"image\/jpeg\" \/>\n<meta name=\"author\" content=\"Not\u00edcias em Destaque\" \/>\n<meta name=\"twitter:card\" content=\"summary_large_image\" \/>\n<meta name=\"twitter:label1\" content=\"Escrito por\" \/>\n\t<meta name=\"twitter:data1\" content=\"Not\u00edcias em Destaque\" \/>\n\t<meta name=\"twitter:label2\" content=\"Est. tempo de leitura\" \/>\n\t<meta name=\"twitter:data2\" content=\"6 minutos\" \/>\n<script type=\"application\/ld+json\" class=\"yoast-schema-graph\">{\"@context\":\"https:\/\/schema.org\",\"@graph\":[{\"@type\":\"Article\",\"@id\":\"https:\/\/noticiasemdestaque.com\/cd\/?p=68036#article\",\"isPartOf\":{\"@id\":\"https:\/\/noticiasemdestaque.com\/cd\/?p=68036\"},\"author\":{\"name\":\"Not\u00edcias em Destaque\",\"@id\":\"https:\/\/noticiasemdestaque.com\/cd\/#\/schema\/person\/21320b03a7e8bb90128938dafc9b908a\"},\"headline\":\"C\u00e2mara de Vereadores de Sum\u00e9 realiza sess\u00e3o produtiva com aprova\u00e7\u00e3o de requerimentos em prol da popula\u00e7\u00e3o\",\"datePublished\":\"2025-03-28T23:45:52+00:00\",\"mainEntityOfPage\":{\"@id\":\"https:\/\/noticiasemdestaque.com\/cd\/?p=68036\"},\"wordCount\":650,\"publisher\":{\"@id\":\"https:\/\/noticiasemdestaque.com\/cd\/#organization\"},\"image\":{\"@id\":\"https:\/\/noticiasemdestaque.com\/cd\/?p=68036#primaryimage\"},\"thumbnailUrl\":\"https:\/\/noticiasemdestaque.com\/cd\/wp-content\/uploads\/2025\/03\/Imagem-do-WhatsApp-de-2025-03-28-as-20.00.06_4bc10947.jpg\",\"articleSection\":[\"Pol\u00edtica\"],\"inLanguage\":\"pt-BR\"},{\"@type\":\"WebPage\",\"@id\":\"https:\/\/noticiasemdestaque.com\/cd\/?p=68036\",\"url\":\"https:\/\/noticiasemdestaque.com\/cd\/?p=68036\",\"name\":\"C\u00e2mara de Vereadores de Sum\u00e9 realiza sess\u00e3o produtiva com aprova\u00e7\u00e3o de requerimentos em prol da popula\u00e7\u00e3o - Not&iacute;cias em Destaque\",\"isPartOf\":{\"@id\":\"https:\/\/noticiasemdestaque.com\/cd\/#website\"},\"primaryImageOfPage\":{\"@id\":\"https:\/\/noticiasemdestaque.com\/cd\/?p=68036#primaryimage\"},\"image\":{\"@id\":\"https:\/\/noticiasemdestaque.com\/cd\/?p=68036#primaryimage\"},\"thumbnailUrl\":\"https:\/\/noticiasemdestaque.com\/cd\/wp-content\/uploads\/2025\/03\/Imagem-do-WhatsApp-de-2025-03-28-as-20.00.06_4bc10947.jpg\",\"datePublished\":\"2025-03-28T23:45:52+00:00\",\"breadcrumb\":{\"@id\":\"https:\/\/noticiasemdestaque.com\/cd\/?p=68036#breadcrumb\"},\"inLanguage\":\"pt-BR\",\"potentialAction\":[{\"@type\":\"ReadAction\",\"target\":[\"https:\/\/noticiasemdestaque.com\/cd\/?p=68036\"]}]},{\"@type\":\"ImageObject\",\"inLanguage\":\"pt-BR\",\"@id\":\"https:\/\/noticiasemdestaque.com\/cd\/?p=68036#primaryimage\",\"url\":\"https:\/\/noticiasemdestaque.com\/cd\/wp-content\/uploads\/2025\/03\/Imagem-do-WhatsApp-de-2025-03-28-as-20.00.06_4bc10947.jpg\",\"contentUrl\":\"https:\/\/noticiasemdestaque.com\/cd\/wp-content\/uploads\/2025\/03\/Imagem-do-WhatsApp-de-2025-03-28-as-20.00.06_4bc10947.jpg\",\"width\":1600,\"height\":1066},{\"@type\":\"BreadcrumbList\",\"@id\":\"https:\/\/noticiasemdestaque.com\/cd\/?p=68036#breadcrumb\",\"itemListElement\":[{\"@type\":\"ListItem\",\"position\":1,\"name\":\"In\u00edcio\",\"item\":\"https:\/\/noticiasemdestaque.com\/cd\/\"},{\"@type\":\"ListItem\",\"position\":2,\"name\":\"C\u00e2mara de Vereadores de Sum\u00e9 realiza sess\u00e3o produtiva com aprova\u00e7\u00e3o de requerimentos em prol da popula\u00e7\u00e3o\"}]},{\"@type\":\"WebSite\",\"@id\":\"https:\/\/noticiasemdestaque.com\/cd\/#website\",\"url\":\"https:\/\/noticiasemdestaque.com\/cd\/\",\"name\":\"Not&iacute;cias em Destaque\",\"description\":\"\",\"publisher\":{\"@id\":\"https:\/\/noticiasemdestaque.com\/cd\/#organization\"},\"potentialAction\":[{\"@type\":\"SearchAction\",\"target\":{\"@type\":\"EntryPoint\",\"urlTemplate\":\"https:\/\/noticiasemdestaque.com\/cd\/?s={search_term_string}\"},\"query-input\":{\"@type\":\"PropertyValueSpecification\",\"valueRequired\":true,\"valueName\":\"search_term_string\"}}],\"inLanguage\":\"pt-BR\"},{\"@type\":\"Organization\",\"@id\":\"https:\/\/noticiasemdestaque.com\/cd\/#organization\",\"name\":\"Not\u00edcias em Destaque\",\"url\":\"https:\/\/noticiasemdestaque.com\/cd\/\",\"logo\":{\"@type\":\"ImageObject\",\"inLanguage\":\"pt-BR\",\"@id\":\"https:\/\/noticiasemdestaque.com\/cd\/#\/schema\/logo\/image\/\",\"url\":\"https:\/\/noticiasemdestaque.com\/cd\/wp-content\/uploads\/2022\/05\/imagem-base-noticiasemdestaque.png\",\"contentUrl\":\"https:\/\/noticiasemdestaque.com\/cd\/wp-content\/uploads\/2022\/05\/imagem-base-noticiasemdestaque.png\",\"width\":1200,\"height\":630,\"caption\":\"Not\u00edcias em Destaque\"},\"image\":{\"@id\":\"https:\/\/noticiasemdestaque.com\/cd\/#\/schema\/logo\/image\/\"}},{\"@type\":\"Person\",\"@id\":\"https:\/\/noticiasemdestaque.com\/cd\/#\/schema\/person\/21320b03a7e8bb90128938dafc9b908a\",\"name\":\"Not\u00edcias em Destaque\",\"url\":\"https:\/\/noticiasemdestaque.com\/cd\/?author=2\"}]}<\/script>\n<!-- \/ Yoast SEO plugin. -->","yoast_head_json":{"title":"C\u00e2mara de Vereadores de Sum\u00e9 realiza sess\u00e3o produtiva com aprova\u00e7\u00e3o de requerimentos em prol da popula\u00e7\u00e3o - Not&iacute;cias em Destaque","robots":{"index":"index","follow":"follow","max-snippet":"max-snippet:-1","max-image-preview":"max-image-preview:large","max-video-preview":"max-video-preview:-1"},"canonical":"https:\/\/noticiasemdestaque.com\/cd\/?p=68036","og_locale":"pt_BR","og_type":"article","og_title":"C\u00e2mara de Vereadores de Sum\u00e9 realiza sess\u00e3o produtiva com aprova\u00e7\u00e3o de requerimentos em prol da popula\u00e7\u00e3o - Not&iacute;cias em Destaque","og_description":"Na \u00faltima sess\u00e3o da C\u00e2mara de Vereadores de Sum\u00e9, realizada na quarta-feira (26\/03), os parlamentares apresentaram uma s\u00e9rie de requerimentos, projetos e votos de pesar em favor de pessoas importantes da comunidade. O vereador Branco Xiliu iniciou a sess\u00e3o requerendo verbalmente um Voto de Pesar para a fam\u00edlia do Senhor Heleno Henrique, em respeito ao falecimento do cidad\u00e3o. O vereador Ruan Pereira foi respons\u00e1vel por v\u00e1rias solicita\u00e7\u00f5es \u00e0 Secretaria de Obras e Servi\u00e7os Urbanos. Entre seus pedidos estavam a reforma das paredes da parte de tr\u00e1s do cemit\u00e9rio local, pavimenta\u00e7\u00e3o da Rua Divaneide Freitas de Queiroz, a constru\u00e7\u00e3o de um canil para o munic\u00edpio, al\u00e9m de uma pra\u00e7a na Rua Manoel Gomes de Assis com instala\u00e7\u00e3o de aparelhos recreativos. O vereador tamb\u00e9m requereu a reforma da passagem molhada no S\u00edtio Chor\u00e3o. Ruan apresentou ainda um Voto de Aplauso para o mesa-tenista Cidenildo Leite de Lima, atleta do programa ProlCariri, que foi campe\u00e3o da primeira etapa do Campeonato Paraibano de T\u00eanis de Mesa. Por fim, ele solicitou o alargamento da Rua Raimundo Sabia, no acesso \u00e0 Pra\u00e7a de Corisco. O vereador Fernando Lima Freitas requereu a constru\u00e7\u00e3o de uma pra\u00e7a na Rua Luiz Mendon\u00e7a e, por meio de um requerimento formal, solicitou a instala\u00e7\u00e3o de um redutor de velocidade (quebra-molas) na Rua Professora Guiomar Coelho, em frente ao Col\u00e9gio Estadual Jos\u00e9 Gon\u00e7alves de Queiroz. O vereador Jeffeson Menezes apresentou um requerimento solicitando a limpeza do cemit\u00e9rio no Distrito do Pio X e tamb\u00e9m apresentou um Voto de Pesar \u00e0 fam\u00edlia de Matheus Rafael de Queiroz Leite, que faleceu recentemente. O vereador Dami\u00e3o Rildo fez quest\u00e3o de prestar homenagem \u00e0 fam\u00edlia do Senhor Jos\u00e9 Braz da Silva com um Voto de Pesar e solicitou, por meio de requerimento, a contrata\u00e7\u00e3o de um fisioterapeuta para atendimento na Unidade B\u00e1sica de Sa\u00fade do Distrito de Pio X. Outro destaque da sess\u00e3o foi o projeto de resolu\u00e7\u00e3o 148\/2025, apresentado pelo vereador Dami\u00e3o Rildo, que concede o T\u00edtulo de Cidad\u00e3o Sumeense ao Senhor Jos\u00e9 Aristides dos Santos Filho. A vereadora Arymat\u00e9ia Silva solicitou a troca do piso da Escola Municipal Gon\u00e7ala Rodrigues de Freitas e tamb\u00e9m apresentou Voto de Pesar \u00e0 fam\u00edlia de Valdirene Batista Silva. O vereador Daniel L\u00eala apresentou uma s\u00e9rie de solicita\u00e7\u00f5es ao prefeito Manezinho Louren\u00e7o, entre elas, a perman\u00eancia da sala de monitoramento de c\u00e2meras no Sum\u00e9 Shopping, a renova\u00e7\u00e3o da pintura das faixas de pedestres em frente \u00e0s escolas do munic\u00edpio, al\u00e9m de recursos para o Programa Ol\u00edmpico do Cariri (ProlCariri). Daniel tamb\u00e9m fez um Voto de Pesar \u00e0 fam\u00edlia de Rivania Torres de Macedo Coelho. O vereador Dida Alves apresentou uma importante proposta ao prefeito, solicitando a cria\u00e7\u00e3o de um piso salarial adequado para os cuidadores que atuam em salas de aula com crian\u00e7as com defici\u00eancia (PCD) nas escolas de Sum\u00e9. Dida tamb\u00e9m prestou homenagem \u00e0 fam\u00edlia do Senhor Severino Santino dos Santos com um Voto de Pesar. Al\u00e9m disso, foi aprovado o Decreto Legislativo 02\/2025, que determina o fechamento da C\u00e2mara Municipal de Sum\u00e9 no dia 31 de mar\u00e7o de 2025, em virtude do feriado municipal do dia 1\u00ba de abril, data da Emancipa\u00e7\u00e3o Pol\u00edtica do Munic\u00edpio. As atividades ser\u00e3o retomadas normalmente no dia 2 de abril. Ao final da sess\u00e3o, o presidente Jeffeson Menezes fez um balan\u00e7o positivo do encontro e agradeceu a todos os vereadores pelas valiosas contribui\u00e7\u00f5es, destacando o empenho e o trabalho coletivo em prol da comunidade. Noticias em Destaque Fonte: Ascom\/C\u00e2mara","og_url":"https:\/\/noticiasemdestaque.com\/cd\/?p=68036","og_site_name":"Not&iacute;cias em Destaque","article_published_time":"2025-03-28T23:45:52+00:00","og_image":[{"width":1600,"height":1066,"url":"https:\/\/noticiasemdestaque.com\/cd\/wp-content\/uploads\/2025\/03\/Imagem-do-WhatsApp-de-2025-03-28-as-20.00.06_4bc10947.jpg","type":"image\/jpeg"}],"author":"Not\u00edcias em Destaque","twitter_card":"summary_large_image","twitter_misc":{"Escrito por":"Not\u00edcias em Destaque","Est. tempo de leitura":"6 minutos"},"schema":{"@context":"https:\/\/schema.org","@graph":[{"@type":"Article","@id":"https:\/\/noticiasemdestaque.com\/cd\/?p=68036#article","isPartOf":{"@id":"https:\/\/noticiasemdestaque.com\/cd\/?p=68036"},"author":{"name":"Not\u00edcias em Destaque","@id":"https:\/\/noticiasemdestaque.com\/cd\/#\/schema\/person\/21320b03a7e8bb90128938dafc9b908a"},"headline":"C\u00e2mara de Vereadores de Sum\u00e9 realiza sess\u00e3o produtiva com aprova\u00e7\u00e3o de requerimentos em prol da popula\u00e7\u00e3o","datePublished":"2025-03-28T23:45:52+00:00","mainEntityOfPage":{"@id":"https:\/\/noticiasemdestaque.com\/cd\/?p=68036"},"wordCount":650,"publisher":{"@id":"https:\/\/noticiasemdestaque.com\/cd\/#organization"},"image":{"@id":"https:\/\/noticiasemdestaque.com\/cd\/?p=68036#primaryimage"},"thumbnailUrl":"https:\/\/noticiasemdestaque.com\/cd\/wp-content\/uploads\/2025\/03\/Imagem-do-WhatsApp-de-2025-03-28-as-20.00.06_4bc10947.jpg","articleSection":["Pol\u00edtica"],"inLanguage":"pt-BR"},{"@type":"WebPage","@id":"https:\/\/noticiasemdestaque.com\/cd\/?p=68036","url":"https:\/\/noticiasemdestaque.com\/cd\/?p=68036","name":"C\u00e2mara de Vereadores de Sum\u00e9 realiza sess\u00e3o produtiva com aprova\u00e7\u00e3o de requerimentos em prol da popula\u00e7\u00e3o - Not&iacute;cias em Destaque","isPartOf":{"@id":"https:\/\/noticiasemdestaque.com\/cd\/#website"},"primaryImageOfPage":{"@id":"https:\/\/noticiasemdestaque.com\/cd\/?p=68036#primaryimage"},"image":{"@id":"https:\/\/noticiasemdestaque.com\/cd\/?p=68036#primaryimage"},"thumbnailUrl":"https:\/\/noticiasemdestaque.com\/cd\/wp-content\/uploads\/2025\/03\/Imagem-do-WhatsApp-de-2025-03-28-as-20.00.06_4bc10947.jpg","datePublished":"2025-03-28T23:45:52+00:00","breadcrumb":{"@id":"https:\/\/noticiasemdestaque.com\/cd\/?p=68036#breadcrumb"},"inLanguage":"pt-BR","potentialAction":[{"@type":"ReadAction","target":["https:\/\/noticiasemdestaque.com\/cd\/?p=68036"]}]},{"@type":"ImageObject","inLanguage":"pt-BR","@id":"https:\/\/noticiasemdestaque.com\/cd\/?p=68036#primaryimage","url":"https:\/\/noticiasemdestaque.com\/cd\/wp-content\/uploads\/2025\/03\/Imagem-do-WhatsApp-de-2025-03-28-as-20.00.06_4bc10947.jpg","contentUrl":"https:\/\/noticiasemdestaque.com\/cd\/wp-content\/uploads\/2025\/03\/Imagem-do-WhatsApp-de-2025-03-28-as-20.00.06_4bc10947.jpg","width":1600,"height":1066},{"@type":"BreadcrumbList","@id":"https:\/\/noticiasemdestaque.com\/cd\/?p=68036#breadcrumb","itemListElement":[{"@type":"ListItem","position":1,"name":"In\u00edcio","item":"https:\/\/noticiasemdestaque.com\/cd\/"},{"@type":"ListItem","position":2,"name":"C\u00e2mara de Vereadores de Sum\u00e9 realiza sess\u00e3o produtiva com aprova\u00e7\u00e3o de requerimentos em prol da popula\u00e7\u00e3o"}]},{"@type":"WebSite","@id":"https:\/\/noticiasemdestaque.com\/cd\/#website","url":"https:\/\/noticiasemdestaque.com\/cd\/","name":"Not&iacute;cias em Destaque","description":"","publisher":{"@id":"https:\/\/noticiasemdestaque.com\/cd\/#organization"},"potentialAction":[{"@type":"SearchAction","target":{"@type":"EntryPoint","urlTemplate":"https:\/\/noticiasemdestaque.com\/cd\/?s={search_term_string}"},"query-input":{"@type":"PropertyValueSpecification","valueRequired":true,"valueName":"search_term_string"}}],"inLanguage":"pt-BR"},{"@type":"Organization","@id":"https:\/\/noticiasemdestaque.com\/cd\/#organization","name":"Not\u00edcias em Destaque","url":"https:\/\/noticiasemdestaque.com\/cd\/","logo":{"@type":"ImageObject","inLanguage":"pt-BR","@id":"https:\/\/noticiasemdestaque.com\/cd\/#\/schema\/logo\/image\/","url":"https:\/\/noticiasemdestaque.com\/cd\/wp-content\/uploads\/2022\/05\/imagem-base-noticiasemdestaque.png","contentUrl":"https:\/\/noticiasemdestaque.com\/cd\/wp-content\/uploads\/2022\/05\/imagem-base-noticiasemdestaque.png","width":1200,"height":630,"caption":"Not\u00edcias em Destaque"},"image":{"@id":"https:\/\/noticiasemdestaque.com\/cd\/#\/schema\/logo\/image\/"}},{"@type":"Person","@id":"https:\/\/noticiasemdestaque.com\/cd\/#\/schema\/person\/21320b03a7e8bb90128938dafc9b908a","name":"Not\u00edcias em Destaque","url":"https:\/\/noticiasemdestaque.com\/cd\/?author=2"}]}},"jetpack_featured_media_url":"https:\/\/noticiasemdestaque.com\/cd\/wp-content\/uploads\/2025\/03\/Imagem-do-WhatsApp-de-2025-03-28-as-20.00.06_4bc10947.jpg","jetpack_sharing_enabled":true,"_links":{"self":[{"href":"https:\/\/noticiasemdestaque.com\/cd\/index.php?rest_route=\/wp\/v2\/posts\/68036","targetHints":{"allow":["GET"]}}],"collection":[{"href":"https:\/\/noticiasemdestaque.com\/cd\/index.php?rest_route=\/wp\/v2\/posts"}],"about":[{"href":"https:\/\/noticiasemdestaque.com\/cd\/index.php?rest_route=\/wp\/v2\/types\/post"}],"author":[{"embeddable":true,"href":"https:\/\/noticiasemdestaque.com\/cd\/index.php?rest_route=\/wp\/v2\/users\/2"}],"replies":[{"embeddable":true,"href":"https:\/\/noticiasemdestaque.com\/cd\/index.php?rest_route=%2Fwp%2Fv2%2Fcomments&post=68036"}],"version-history":[{"count":1,"href":"https:\/\/noticiasemdestaque.com\/cd\/index.php?rest_route=\/wp\/v2\/posts\/68036\/revisions"}],"predecessor-version":[{"id":68046,"href":"https:\/\/noticiasemdestaque.com\/cd\/index.php?rest_route=\/wp\/v2\/posts\/68036\/revisions\/68046"}],"wp:featuredmedia":[{"embeddable":true,"href":"https:\/\/noticiasemdestaque.com\/cd\/index.php?rest_route=\/wp\/v2\/media\/68037"}],"wp:attachment":[{"href":"https:\/\/noticiasemdestaque.com\/cd\/index.php?rest_route=%2Fwp%2Fv2%2Fmedia&parent=68036"}],"wp:term":[{"taxonomy":"category","embeddable":true,"href":"https:\/\/noticiasemdestaque.com\/cd\/index.php?rest_route=%2Fwp%2Fv2%2Fcategories&post=68036"},{"taxonomy":"post_tag","embeddable":true,"href":"https:\/\/noticiasemdestaque.com\/cd\/index.php?rest_route=%2Fwp%2Fv2%2Ftags&post=68036"}],"curies":[{"name":"wp","href":"https:\/\/api.w.org\/{rel}","templated":true}]}}