{"id":6801,"date":"2017-12-21T15:27:51","date_gmt":"2017-12-21T18:27:51","guid":{"rendered":"http:\/\/caririemdestaque.com\/cd\/?p=6801"},"modified":"2017-12-21T16:55:55","modified_gmt":"2017-12-21T19:55:55","slug":"prefeitura-de-amparo-realiza-cantata-natalina","status":"publish","type":"post","link":"https:\/\/noticiasemdestaque.com\/cd\/?p=6801","title":{"rendered":"Prefeitura de Amparo realiza Cantata Natalina"},"content":{"rendered":"<p><a href=\"http:\/\/caririemdestaque.com\/cd\/wp-content\/uploads\/2017\/12\/IMG_4760.jpg\"><img fetchpriority=\"high\" decoding=\"async\" class=\"alignleft wp-image-6803 size-medium\" src=\"http:\/\/caririemdestaque.com\/cd\/wp-content\/uploads\/2017\/12\/IMG_4760-300x200.jpg\" alt=\"\" width=\"300\" height=\"200\" srcset=\"https:\/\/noticiasemdestaque.com\/cd\/wp-content\/uploads\/2017\/12\/IMG_4760-300x200.jpg 300w, https:\/\/noticiasemdestaque.com\/cd\/wp-content\/uploads\/2017\/12\/IMG_4760-768x512.jpg 768w, https:\/\/noticiasemdestaque.com\/cd\/wp-content\/uploads\/2017\/12\/IMG_4760.jpg 1024w, https:\/\/noticiasemdestaque.com\/cd\/wp-content\/uploads\/2017\/12\/IMG_4760-480x320.jpg 480w\" sizes=\"(max-width: 300px) 100vw, 300px\" \/><\/a> \u00c9 durante a noite que vemos o brilho das luzes que enfeitam o m\u00eas de dezembro, no munic\u00edpio de Amparo, a magia do natal tomou conta em um evento promovido pela Prefeitura Municipal atrav\u00e9s da Secretaria de Assist\u00eancia Social, que em conjunto prepararam apresenta\u00e7\u00f5es que emocionaram o p\u00fablico, nesta ter\u00e7a-feira (19\/12).<\/p>\n<p>As apresenta\u00e7\u00f5es aconteceram em frente \u00e0 Igreja Matriz, na abertura foi realizado uma Cantata Natalina com a Filarm\u00f4nica do munic\u00edpio realizando uma bel\u00edssima apresenta\u00e7\u00e3o, com m\u00fasicas que fazem sucesso nessa \u00e9poca.<\/p>\n<p>Logo Ap\u00f3s, foi a vez do bal\u00e9 de dois, al\u00e9m disso, o evento contou com a participa\u00e7\u00e3o do Servi\u00e7o de Conviv\u00eancia e Fortalecimento de V\u00ednculos abrilhantando a noite.<a href=\"http:\/\/caririemdestaque.com\/cd\/wp-content\/uploads\/2017\/12\/IMG_4737.jpg\"><img decoding=\"async\" class=\"alignright wp-image-6805 size-medium\" src=\"http:\/\/caririemdestaque.com\/cd\/wp-content\/uploads\/2017\/12\/IMG_4737-300x168.jpg\" alt=\"\" width=\"300\" height=\"168\" srcset=\"https:\/\/noticiasemdestaque.com\/cd\/wp-content\/uploads\/2017\/12\/IMG_4737-300x168.jpg 300w, https:\/\/noticiasemdestaque.com\/cd\/wp-content\/uploads\/2017\/12\/IMG_4737-768x431.jpg 768w, https:\/\/noticiasemdestaque.com\/cd\/wp-content\/uploads\/2017\/12\/IMG_4737.jpg 1024w\" sizes=\"(max-width: 300px) 100vw, 300px\" \/><\/a><\/p>\n<p>Finalizando as atividades da noite, os amparenses cantaram juntos com o Coral da Escola Cidad\u00e3 Integral Professor Jos\u00e9 Gon\u00e7alves de Queiroz, do Munic\u00edpio de Sum\u00e9.<\/p>\n<p>Na oportunidade estiveram presentes, o Prefeito In\u00e1cio N\u00f3brega, a secret\u00e1ria de Assist\u00eancia Social Ranilda Sales, o secret\u00e1rio de Comunica\u00e7\u00e3o Wanderley Paulo, secret\u00e1rio de Sa\u00fade Jussie Lacerda, secret\u00e1rio de Obras, J\u00fanior Sales, Paulo Henrique secret\u00e1rio da Agricultura, \u00a0Joseilma Anselmo \u2013 Finan\u00e7as, al\u00e9m dos subsecret\u00e1rios de Sa\u00fade &#8211; Fabricia Mizael \/ Simone Macedo &#8211; Assist\u00eancia Social \/ Edilene Rafael \u2013 Educa\u00e7\u00e3o.<\/p>\n<p><b><i>VEJA AS FOTOS EM NOSSA P\u00c1GINA:\u00a0<\/i><\/b><\/p>\n<p>https:\/\/www.facebook.com\/media\/set\/?set=a.1186948491438679.1073741894.1051584748308388&#038;type=3<\/p>\n<p><em><strong>Cariri em Destaque\u00a0<\/strong><\/em><\/p>\n","protected":false},"excerpt":{"rendered":"<p>\u00c9 durante a noite que vemos o brilho das luzes que enfeitam o m\u00eas de dezembro, no munic\u00edpio de Amparo, a magia do natal tomou conta em um evento promovido pela Prefeitura Municipal atrav\u00e9s da Secretaria de Assist\u00eancia Social, que em conjunto prepararam apresenta\u00e7\u00f5es que emocionaram o p\u00fablico, nesta ter\u00e7a-feira (19\/12). As apresenta\u00e7\u00f5es aconteceram em frente \u00e0 Igreja Matriz, na abertura foi realizado uma Cantata Natalina com a Filarm\u00f4nica do munic\u00edpio realizando uma bel\u00edssima apresenta\u00e7\u00e3o, com m\u00fasicas que fazem sucesso nessa \u00e9poca. Logo Ap\u00f3s, foi a vez do bal\u00e9 de dois, al\u00e9m disso, o evento contou com a participa\u00e7\u00e3o do Servi\u00e7o de Conviv\u00eancia e Fortalecimento de V\u00ednculos abrilhantando a noite. Finalizando as atividades da noite, os amparenses cantaram juntos com o Coral da Escola Cidad\u00e3 Integral Professor Jos\u00e9 Gon\u00e7alves de Queiroz, do Munic\u00edpio de Sum\u00e9. Na oportunidade estiveram presentes, o Prefeito In\u00e1cio N\u00f3brega, a secret\u00e1ria de Assist\u00eancia Social Ranilda Sales, o secret\u00e1rio de Comunica\u00e7\u00e3o Wanderley Paulo, secret\u00e1rio de Sa\u00fade Jussie Lacerda, secret\u00e1rio de Obras, J\u00fanior Sales, Paulo Henrique secret\u00e1rio da Agricultura, \u00a0Joseilma Anselmo \u2013 Finan\u00e7as, al\u00e9m dos subsecret\u00e1rios de Sa\u00fade &#8211; Fabricia Mizael \/ Simone Macedo &#8211; Assist\u00eancia Social \/ Edilene Rafael \u2013 Educa\u00e7\u00e3o. VEJA AS FOTOS EM NOSSA P\u00c1GINA:\u00a0 https:\/\/www.facebook.com\/media\/set\/?set=a.1186948491438679.1073741894.1051584748308388&#038;type=3 Cariri em Destaque\u00a0<\/p>\n","protected":false},"author":2,"featured_media":6807,"comment_status":"closed","ping_status":"open","sticky":false,"template":"","format":"standard","meta":{"_eb_attr":"","_jetpack_memberships_contains_paid_content":false,"footnotes":""},"categories":[4],"tags":[],"class_list":["post-6801","post","type-post","status-publish","format-standard","has-post-thumbnail","hentry","category-politica"],"yoast_head":"<!-- This site is optimized with the Yoast SEO plugin v26.5 - https:\/\/yoast.com\/wordpress\/plugins\/seo\/ -->\n<title>Prefeitura de Amparo realiza Cantata Natalina - Not&iacute;cias em Destaque<\/title>\n<meta name=\"robots\" content=\"index, follow, max-snippet:-1, max-image-preview:large, max-video-preview:-1\" \/>\n<link rel=\"canonical\" href=\"https:\/\/noticiasemdestaque.com\/cd\/?p=6801\" \/>\n<meta property=\"og:locale\" content=\"pt_BR\" \/>\n<meta property=\"og:type\" content=\"article\" \/>\n<meta property=\"og:title\" content=\"Prefeitura de Amparo realiza Cantata Natalina - Not&iacute;cias em Destaque\" \/>\n<meta property=\"og:description\" content=\"\u00c9 durante a noite que vemos o brilho das luzes que enfeitam o m\u00eas de dezembro, no munic\u00edpio de Amparo, a magia do natal tomou conta em um evento promovido pela Prefeitura Municipal atrav\u00e9s da Secretaria de Assist\u00eancia Social, que em conjunto prepararam apresenta\u00e7\u00f5es que emocionaram o p\u00fablico, nesta ter\u00e7a-feira (19\/12). As apresenta\u00e7\u00f5es aconteceram em frente \u00e0 Igreja Matriz, na abertura foi realizado uma Cantata Natalina com a Filarm\u00f4nica do munic\u00edpio realizando uma bel\u00edssima apresenta\u00e7\u00e3o, com m\u00fasicas que fazem sucesso nessa \u00e9poca. Logo Ap\u00f3s, foi a vez do bal\u00e9 de dois, al\u00e9m disso, o evento contou com a participa\u00e7\u00e3o do Servi\u00e7o de Conviv\u00eancia e Fortalecimento de V\u00ednculos abrilhantando a noite. Finalizando as atividades da noite, os amparenses cantaram juntos com o Coral da Escola Cidad\u00e3 Integral Professor Jos\u00e9 Gon\u00e7alves de Queiroz, do Munic\u00edpio de Sum\u00e9. Na oportunidade estiveram presentes, o Prefeito In\u00e1cio N\u00f3brega, a secret\u00e1ria de Assist\u00eancia Social Ranilda Sales, o secret\u00e1rio de Comunica\u00e7\u00e3o Wanderley Paulo, secret\u00e1rio de Sa\u00fade Jussie Lacerda, secret\u00e1rio de Obras, J\u00fanior Sales, Paulo Henrique secret\u00e1rio da Agricultura, \u00a0Joseilma Anselmo \u2013 Finan\u00e7as, al\u00e9m dos subsecret\u00e1rios de Sa\u00fade &#8211; Fabricia Mizael \/ Simone Macedo &#8211; Assist\u00eancia Social \/ Edilene Rafael \u2013 Educa\u00e7\u00e3o. VEJA AS FOTOS EM NOSSA P\u00c1GINA:\u00a0 https:\/\/www.facebook.com\/media\/set\/?set=a.1186948491438679.1073741894.1051584748308388&#038;type=3 Cariri em Destaque\u00a0\" \/>\n<meta property=\"og:url\" content=\"https:\/\/noticiasemdestaque.com\/cd\/?p=6801\" \/>\n<meta property=\"og:site_name\" content=\"Not&iacute;cias em Destaque\" \/>\n<meta property=\"article:published_time\" content=\"2017-12-21T18:27:51+00:00\" \/>\n<meta property=\"article:modified_time\" content=\"2017-12-21T19:55:55+00:00\" \/>\n<meta property=\"og:image\" content=\"https:\/\/noticiasemdestaque.com\/cd\/wp-content\/uploads\/2017\/12\/25564674_1300731603366486_74288368_n-1.jpg\" \/>\n\t<meta property=\"og:image:width\" content=\"960\" \/>\n\t<meta property=\"og:image:height\" content=\"960\" \/>\n\t<meta property=\"og:image:type\" content=\"image\/jpeg\" \/>\n<meta name=\"author\" content=\"Not\u00edcias em Destaque\" \/>\n<meta name=\"twitter:card\" content=\"summary_large_image\" \/>\n<meta name=\"twitter:label1\" content=\"Escrito por\" \/>\n\t<meta name=\"twitter:data1\" content=\"Not\u00edcias em Destaque\" \/>\n\t<meta name=\"twitter:label2\" content=\"Est. tempo de leitura\" \/>\n\t<meta name=\"twitter:data2\" content=\"1 minuto\" \/>\n<script type=\"application\/ld+json\" class=\"yoast-schema-graph\">{\"@context\":\"https:\/\/schema.org\",\"@graph\":[{\"@type\":\"Article\",\"@id\":\"https:\/\/noticiasemdestaque.com\/cd\/?p=6801#article\",\"isPartOf\":{\"@id\":\"https:\/\/noticiasemdestaque.com\/cd\/?p=6801\"},\"author\":{\"name\":\"Not\u00edcias em Destaque\",\"@id\":\"https:\/\/noticiasemdestaque.com\/cd\/#\/schema\/person\/47f7d4f55eec17c6b2ca036c5500f6ce\"},\"headline\":\"Prefeitura de Amparo realiza Cantata Natalina\",\"datePublished\":\"2017-12-21T18:27:51+00:00\",\"dateModified\":\"2017-12-21T19:55:55+00:00\",\"mainEntityOfPage\":{\"@id\":\"https:\/\/noticiasemdestaque.com\/cd\/?p=6801\"},\"wordCount\":251,\"publisher\":{\"@id\":\"https:\/\/noticiasemdestaque.com\/cd\/#organization\"},\"image\":{\"@id\":\"https:\/\/noticiasemdestaque.com\/cd\/?p=6801#primaryimage\"},\"thumbnailUrl\":\"https:\/\/noticiasemdestaque.com\/cd\/wp-content\/uploads\/2017\/12\/25564674_1300731603366486_74288368_n-1.jpg\",\"articleSection\":[\"Pol\u00edtica\"],\"inLanguage\":\"pt-BR\"},{\"@type\":\"WebPage\",\"@id\":\"https:\/\/noticiasemdestaque.com\/cd\/?p=6801\",\"url\":\"https:\/\/noticiasemdestaque.com\/cd\/?p=6801\",\"name\":\"Prefeitura de Amparo realiza Cantata Natalina - Not&iacute;cias em Destaque\",\"isPartOf\":{\"@id\":\"https:\/\/noticiasemdestaque.com\/cd\/#website\"},\"primaryImageOfPage\":{\"@id\":\"https:\/\/noticiasemdestaque.com\/cd\/?p=6801#primaryimage\"},\"image\":{\"@id\":\"https:\/\/noticiasemdestaque.com\/cd\/?p=6801#primaryimage\"},\"thumbnailUrl\":\"https:\/\/noticiasemdestaque.com\/cd\/wp-content\/uploads\/2017\/12\/25564674_1300731603366486_74288368_n-1.jpg\",\"datePublished\":\"2017-12-21T18:27:51+00:00\",\"dateModified\":\"2017-12-21T19:55:55+00:00\",\"breadcrumb\":{\"@id\":\"https:\/\/noticiasemdestaque.com\/cd\/?p=6801#breadcrumb\"},\"inLanguage\":\"pt-BR\",\"potentialAction\":[{\"@type\":\"ReadAction\",\"target\":[\"https:\/\/noticiasemdestaque.com\/cd\/?p=6801\"]}]},{\"@type\":\"ImageObject\",\"inLanguage\":\"pt-BR\",\"@id\":\"https:\/\/noticiasemdestaque.com\/cd\/?p=6801#primaryimage\",\"url\":\"https:\/\/noticiasemdestaque.com\/cd\/wp-content\/uploads\/2017\/12\/25564674_1300731603366486_74288368_n-1.jpg\",\"contentUrl\":\"https:\/\/noticiasemdestaque.com\/cd\/wp-content\/uploads\/2017\/12\/25564674_1300731603366486_74288368_n-1.jpg\",\"width\":960,\"height\":960},{\"@type\":\"BreadcrumbList\",\"@id\":\"https:\/\/noticiasemdestaque.com\/cd\/?p=6801#breadcrumb\",\"itemListElement\":[{\"@type\":\"ListItem\",\"position\":1,\"name\":\"In\u00edcio\",\"item\":\"https:\/\/noticiasemdestaque.com\/cd\/\"},{\"@type\":\"ListItem\",\"position\":2,\"name\":\"Prefeitura de Amparo realiza Cantata Natalina\"}]},{\"@type\":\"WebSite\",\"@id\":\"https:\/\/noticiasemdestaque.com\/cd\/#website\",\"url\":\"https:\/\/noticiasemdestaque.com\/cd\/\",\"name\":\"Not&iacute;cias em Destaque\",\"description\":\"\",\"publisher\":{\"@id\":\"https:\/\/noticiasemdestaque.com\/cd\/#organization\"},\"potentialAction\":[{\"@type\":\"SearchAction\",\"target\":{\"@type\":\"EntryPoint\",\"urlTemplate\":\"https:\/\/noticiasemdestaque.com\/cd\/?s={search_term_string}\"},\"query-input\":{\"@type\":\"PropertyValueSpecification\",\"valueRequired\":true,\"valueName\":\"search_term_string\"}}],\"inLanguage\":\"pt-BR\"},{\"@type\":\"Organization\",\"@id\":\"https:\/\/noticiasemdestaque.com\/cd\/#organization\",\"name\":\"Not\u00edcias em Destaque\",\"url\":\"https:\/\/noticiasemdestaque.com\/cd\/\",\"logo\":{\"@type\":\"ImageObject\",\"inLanguage\":\"pt-BR\",\"@id\":\"https:\/\/noticiasemdestaque.com\/cd\/#\/schema\/logo\/image\/\",\"url\":\"https:\/\/noticiasemdestaque.com\/cd\/wp-content\/uploads\/2022\/05\/imagem-base-noticiasemdestaque.png\",\"contentUrl\":\"https:\/\/noticiasemdestaque.com\/cd\/wp-content\/uploads\/2022\/05\/imagem-base-noticiasemdestaque.png\",\"width\":1200,\"height\":630,\"caption\":\"Not\u00edcias em Destaque\"},\"image\":{\"@id\":\"https:\/\/noticiasemdestaque.com\/cd\/#\/schema\/logo\/image\/\"}},{\"@type\":\"Person\",\"@id\":\"https:\/\/noticiasemdestaque.com\/cd\/#\/schema\/person\/47f7d4f55eec17c6b2ca036c5500f6ce\",\"name\":\"Not\u00edcias em Destaque\",\"url\":\"https:\/\/noticiasemdestaque.com\/cd\/?author=2\"}]}<\/script>\n<!-- \/ Yoast SEO plugin. -->","yoast_head_json":{"title":"Prefeitura de Amparo realiza Cantata Natalina - Not&iacute;cias em Destaque","robots":{"index":"index","follow":"follow","max-snippet":"max-snippet:-1","max-image-preview":"max-image-preview:large","max-video-preview":"max-video-preview:-1"},"canonical":"https:\/\/noticiasemdestaque.com\/cd\/?p=6801","og_locale":"pt_BR","og_type":"article","og_title":"Prefeitura de Amparo realiza Cantata Natalina - Not&iacute;cias em Destaque","og_description":"\u00c9 durante a noite que vemos o brilho das luzes que enfeitam o m\u00eas de dezembro, no munic\u00edpio de Amparo, a magia do natal tomou conta em um evento promovido pela Prefeitura Municipal atrav\u00e9s da Secretaria de Assist\u00eancia Social, que em conjunto prepararam apresenta\u00e7\u00f5es que emocionaram o p\u00fablico, nesta ter\u00e7a-feira (19\/12). As apresenta\u00e7\u00f5es aconteceram em frente \u00e0 Igreja Matriz, na abertura foi realizado uma Cantata Natalina com a Filarm\u00f4nica do munic\u00edpio realizando uma bel\u00edssima apresenta\u00e7\u00e3o, com m\u00fasicas que fazem sucesso nessa \u00e9poca. Logo Ap\u00f3s, foi a vez do bal\u00e9 de dois, al\u00e9m disso, o evento contou com a participa\u00e7\u00e3o do Servi\u00e7o de Conviv\u00eancia e Fortalecimento de V\u00ednculos abrilhantando a noite. Finalizando as atividades da noite, os amparenses cantaram juntos com o Coral da Escola Cidad\u00e3 Integral Professor Jos\u00e9 Gon\u00e7alves de Queiroz, do Munic\u00edpio de Sum\u00e9. Na oportunidade estiveram presentes, o Prefeito In\u00e1cio N\u00f3brega, a secret\u00e1ria de Assist\u00eancia Social Ranilda Sales, o secret\u00e1rio de Comunica\u00e7\u00e3o Wanderley Paulo, secret\u00e1rio de Sa\u00fade Jussie Lacerda, secret\u00e1rio de Obras, J\u00fanior Sales, Paulo Henrique secret\u00e1rio da Agricultura, \u00a0Joseilma Anselmo \u2013 Finan\u00e7as, al\u00e9m dos subsecret\u00e1rios de Sa\u00fade &#8211; Fabricia Mizael \/ Simone Macedo &#8211; Assist\u00eancia Social \/ Edilene Rafael \u2013 Educa\u00e7\u00e3o. VEJA AS FOTOS EM NOSSA P\u00c1GINA:\u00a0 https:\/\/www.facebook.com\/media\/set\/?set=a.1186948491438679.1073741894.1051584748308388&#038;type=3 Cariri em Destaque\u00a0","og_url":"https:\/\/noticiasemdestaque.com\/cd\/?p=6801","og_site_name":"Not&iacute;cias em Destaque","article_published_time":"2017-12-21T18:27:51+00:00","article_modified_time":"2017-12-21T19:55:55+00:00","og_image":[{"width":960,"height":960,"url":"https:\/\/noticiasemdestaque.com\/cd\/wp-content\/uploads\/2017\/12\/25564674_1300731603366486_74288368_n-1.jpg","type":"image\/jpeg"}],"author":"Not\u00edcias em Destaque","twitter_card":"summary_large_image","twitter_misc":{"Escrito por":"Not\u00edcias em Destaque","Est. tempo de leitura":"1 minuto"},"schema":{"@context":"https:\/\/schema.org","@graph":[{"@type":"Article","@id":"https:\/\/noticiasemdestaque.com\/cd\/?p=6801#article","isPartOf":{"@id":"https:\/\/noticiasemdestaque.com\/cd\/?p=6801"},"author":{"name":"Not\u00edcias em Destaque","@id":"https:\/\/noticiasemdestaque.com\/cd\/#\/schema\/person\/47f7d4f55eec17c6b2ca036c5500f6ce"},"headline":"Prefeitura de Amparo realiza Cantata Natalina","datePublished":"2017-12-21T18:27:51+00:00","dateModified":"2017-12-21T19:55:55+00:00","mainEntityOfPage":{"@id":"https:\/\/noticiasemdestaque.com\/cd\/?p=6801"},"wordCount":251,"publisher":{"@id":"https:\/\/noticiasemdestaque.com\/cd\/#organization"},"image":{"@id":"https:\/\/noticiasemdestaque.com\/cd\/?p=6801#primaryimage"},"thumbnailUrl":"https:\/\/noticiasemdestaque.com\/cd\/wp-content\/uploads\/2017\/12\/25564674_1300731603366486_74288368_n-1.jpg","articleSection":["Pol\u00edtica"],"inLanguage":"pt-BR"},{"@type":"WebPage","@id":"https:\/\/noticiasemdestaque.com\/cd\/?p=6801","url":"https:\/\/noticiasemdestaque.com\/cd\/?p=6801","name":"Prefeitura de Amparo realiza Cantata Natalina - Not&iacute;cias em Destaque","isPartOf":{"@id":"https:\/\/noticiasemdestaque.com\/cd\/#website"},"primaryImageOfPage":{"@id":"https:\/\/noticiasemdestaque.com\/cd\/?p=6801#primaryimage"},"image":{"@id":"https:\/\/noticiasemdestaque.com\/cd\/?p=6801#primaryimage"},"thumbnailUrl":"https:\/\/noticiasemdestaque.com\/cd\/wp-content\/uploads\/2017\/12\/25564674_1300731603366486_74288368_n-1.jpg","datePublished":"2017-12-21T18:27:51+00:00","dateModified":"2017-12-21T19:55:55+00:00","breadcrumb":{"@id":"https:\/\/noticiasemdestaque.com\/cd\/?p=6801#breadcrumb"},"inLanguage":"pt-BR","potentialAction":[{"@type":"ReadAction","target":["https:\/\/noticiasemdestaque.com\/cd\/?p=6801"]}]},{"@type":"ImageObject","inLanguage":"pt-BR","@id":"https:\/\/noticiasemdestaque.com\/cd\/?p=6801#primaryimage","url":"https:\/\/noticiasemdestaque.com\/cd\/wp-content\/uploads\/2017\/12\/25564674_1300731603366486_74288368_n-1.jpg","contentUrl":"https:\/\/noticiasemdestaque.com\/cd\/wp-content\/uploads\/2017\/12\/25564674_1300731603366486_74288368_n-1.jpg","width":960,"height":960},{"@type":"BreadcrumbList","@id":"https:\/\/noticiasemdestaque.com\/cd\/?p=6801#breadcrumb","itemListElement":[{"@type":"ListItem","position":1,"name":"In\u00edcio","item":"https:\/\/noticiasemdestaque.com\/cd\/"},{"@type":"ListItem","position":2,"name":"Prefeitura de Amparo realiza Cantata Natalina"}]},{"@type":"WebSite","@id":"https:\/\/noticiasemdestaque.com\/cd\/#website","url":"https:\/\/noticiasemdestaque.com\/cd\/","name":"Not&iacute;cias em Destaque","description":"","publisher":{"@id":"https:\/\/noticiasemdestaque.com\/cd\/#organization"},"potentialAction":[{"@type":"SearchAction","target":{"@type":"EntryPoint","urlTemplate":"https:\/\/noticiasemdestaque.com\/cd\/?s={search_term_string}"},"query-input":{"@type":"PropertyValueSpecification","valueRequired":true,"valueName":"search_term_string"}}],"inLanguage":"pt-BR"},{"@type":"Organization","@id":"https:\/\/noticiasemdestaque.com\/cd\/#organization","name":"Not\u00edcias em Destaque","url":"https:\/\/noticiasemdestaque.com\/cd\/","logo":{"@type":"ImageObject","inLanguage":"pt-BR","@id":"https:\/\/noticiasemdestaque.com\/cd\/#\/schema\/logo\/image\/","url":"https:\/\/noticiasemdestaque.com\/cd\/wp-content\/uploads\/2022\/05\/imagem-base-noticiasemdestaque.png","contentUrl":"https:\/\/noticiasemdestaque.com\/cd\/wp-content\/uploads\/2022\/05\/imagem-base-noticiasemdestaque.png","width":1200,"height":630,"caption":"Not\u00edcias em Destaque"},"image":{"@id":"https:\/\/noticiasemdestaque.com\/cd\/#\/schema\/logo\/image\/"}},{"@type":"Person","@id":"https:\/\/noticiasemdestaque.com\/cd\/#\/schema\/person\/47f7d4f55eec17c6b2ca036c5500f6ce","name":"Not\u00edcias em Destaque","url":"https:\/\/noticiasemdestaque.com\/cd\/?author=2"}]}},"jetpack_featured_media_url":"https:\/\/noticiasemdestaque.com\/cd\/wp-content\/uploads\/2017\/12\/25564674_1300731603366486_74288368_n-1.jpg","jetpack_sharing_enabled":true,"_links":{"self":[{"href":"https:\/\/noticiasemdestaque.com\/cd\/index.php?rest_route=\/wp\/v2\/posts\/6801","targetHints":{"allow":["GET"]}}],"collection":[{"href":"https:\/\/noticiasemdestaque.com\/cd\/index.php?rest_route=\/wp\/v2\/posts"}],"about":[{"href":"https:\/\/noticiasemdestaque.com\/cd\/index.php?rest_route=\/wp\/v2\/types\/post"}],"author":[{"embeddable":true,"href":"https:\/\/noticiasemdestaque.com\/cd\/index.php?rest_route=\/wp\/v2\/users\/2"}],"replies":[{"embeddable":true,"href":"https:\/\/noticiasemdestaque.com\/cd\/index.php?rest_route=%2Fwp%2Fv2%2Fcomments&post=6801"}],"version-history":[{"count":2,"href":"https:\/\/noticiasemdestaque.com\/cd\/index.php?rest_route=\/wp\/v2\/posts\/6801\/revisions"}],"predecessor-version":[{"id":6808,"href":"https:\/\/noticiasemdestaque.com\/cd\/index.php?rest_route=\/wp\/v2\/posts\/6801\/revisions\/6808"}],"wp:featuredmedia":[{"embeddable":true,"href":"https:\/\/noticiasemdestaque.com\/cd\/index.php?rest_route=\/wp\/v2\/media\/6807"}],"wp:attachment":[{"href":"https:\/\/noticiasemdestaque.com\/cd\/index.php?rest_route=%2Fwp%2Fv2%2Fmedia&parent=6801"}],"wp:term":[{"taxonomy":"category","embeddable":true,"href":"https:\/\/noticiasemdestaque.com\/cd\/index.php?rest_route=%2Fwp%2Fv2%2Fcategories&post=6801"},{"taxonomy":"post_tag","embeddable":true,"href":"https:\/\/noticiasemdestaque.com\/cd\/index.php?rest_route=%2Fwp%2Fv2%2Ftags&post=6801"}],"curies":[{"name":"wp","href":"https:\/\/api.w.org\/{rel}","templated":true}]}}