{"id":6738,"date":"2017-12-19T12:03:32","date_gmt":"2017-12-19T15:03:32","guid":{"rendered":"http:\/\/caririemdestaque.com\/cd\/?p=6738"},"modified":"2017-12-19T12:11:56","modified_gmt":"2017-12-19T15:11:56","slug":"rainilda-sales-participa-de-colacao-de-grau-dos-formandos-da-escola-estadual-ildefonso-anselmo-em-amparo","status":"publish","type":"post","link":"https:\/\/noticiasemdestaque.com\/cd\/?p=6738","title":{"rendered":"Rainilda Sales participa de cola\u00e7\u00e3o de grau dos formandos da Escola Estadual Ildefonso Anselmo em Amparo"},"content":{"rendered":"<p><a href=\"http:\/\/caririemdestaque.com\/cd\/wp-content\/uploads\/2017\/12\/IMG_4164.jpg\"><img decoding=\"async\" class=\"alignleft wp-image-6740 \" src=\"http:\/\/caririemdestaque.com\/cd\/wp-content\/uploads\/2017\/12\/IMG_4164-300x200.jpg\" alt=\"\" width=\"240\" height=\"160\" srcset=\"https:\/\/noticiasemdestaque.com\/cd\/wp-content\/uploads\/2017\/12\/IMG_4164-300x200.jpg 300w, https:\/\/noticiasemdestaque.com\/cd\/wp-content\/uploads\/2017\/12\/IMG_4164-768x512.jpg 768w, https:\/\/noticiasemdestaque.com\/cd\/wp-content\/uploads\/2017\/12\/IMG_4164-1024x683.jpg 1024w, https:\/\/noticiasemdestaque.com\/cd\/wp-content\/uploads\/2017\/12\/IMG_4164-480x320.jpg 480w\" sizes=\"(max-width: 240px) 100vw, 240px\" \/><\/a> A Escola Estadual Ildefonso Anselmo da Silva localizada no munic\u00edpio de Amparo, realizou neste domingo (17\/12) a celebra\u00e7\u00e3o e cola\u00e7\u00e3o de grau dos alunos do terceiro ano do ensino m\u00e9dio.<\/p>\n<p>Inicialmente os formandos participaram da Missa Solene e entrega dos certificados, momento que foi realizada na Igreja da Cidade, logo ap\u00f3s aconteceu a festa no Centro Comercial.<\/p>\n<p><a href=\"http:\/\/caririemdestaque.com\/cd\/wp-content\/uploads\/2017\/12\/IMG_4323.jpg\"><img decoding=\"async\" class=\"alignright wp-image-6741 \" src=\"http:\/\/caririemdestaque.com\/cd\/wp-content\/uploads\/2017\/12\/IMG_4323-300x200.jpg\" alt=\"\" width=\"260\" height=\"173\" srcset=\"https:\/\/noticiasemdestaque.com\/cd\/wp-content\/uploads\/2017\/12\/IMG_4323-300x200.jpg 300w, https:\/\/noticiasemdestaque.com\/cd\/wp-content\/uploads\/2017\/12\/IMG_4323-768x512.jpg 768w, https:\/\/noticiasemdestaque.com\/cd\/wp-content\/uploads\/2017\/12\/IMG_4323-1024x683.jpg 1024w, https:\/\/noticiasemdestaque.com\/cd\/wp-content\/uploads\/2017\/12\/IMG_4323-480x320.jpg 480w\" sizes=\"(max-width: 260px) 100vw, 260px\" \/><\/a>Na oportunidade, a secret\u00e1ria de Assist\u00eancia Social do munic\u00edpio,\u00a0Rainilda\u00a0Sales, foi a paraninfa da turma e participou ativamente das atividades.<\/p>\n<p>Durante a solenidade,\u00a0Rainilda\u00a0Sales, realizou a entrega de panetones e\u00a0Champanhe\u00a0para os formandos e familiares dos alunos.<\/p>\n<p>De acordo com\u00a0Rainilda\u00a0Sales, todos os anos ela est\u00e1 participando das festividades da institui\u00e7\u00e3o, ou\u00e7a a entrevista ao Cariri em Destaque;<\/p>\n<p>&nbsp;<\/p>\n<p><iframe src=\"https:\/\/w.soundcloud.com\/player\/?url=https%3A\/\/api.soundcloud.com\/tracks\/371238971&amp;color=%23ff5500&amp;auto_play=false&amp;hide_related=false&amp;show_comments=true&amp;show_user=true&amp;show_reposts=false&amp;show_teaser=true\" width=\"100%\" height=\"166\" frameborder=\"no\" scrolling=\"no\"><\/iframe><\/p>\n<p><strong>CONFIRA TODAS AS FOTOS: <a href=\"https:\/\/www.facebook.com\/media\/set\/?set=a.1185676938232501.1073741892.1051584748308388&amp;type=3\">CLICK AQUI\u00a0<\/a><\/strong><\/p>\n<p><em><strong>Cariri em Destaque\u00a0<\/strong><\/em><\/p>\n","protected":false},"excerpt":{"rendered":"<p>A Escola Estadual Ildefonso Anselmo da Silva localizada no munic\u00edpio de Amparo, realizou neste domingo (17\/12) a celebra\u00e7\u00e3o e cola\u00e7\u00e3o de grau dos alunos do terceiro ano do ensino m\u00e9dio. Inicialmente os formandos participaram da Missa Solene e entrega dos certificados, momento que foi realizada na Igreja da Cidade, logo ap\u00f3s aconteceu a festa no Centro Comercial. Na oportunidade, a secret\u00e1ria de Assist\u00eancia Social do munic\u00edpio,\u00a0Rainilda\u00a0Sales, foi a paraninfa da turma e participou ativamente das atividades. Durante a solenidade,\u00a0Rainilda\u00a0Sales, realizou a entrega de panetones e\u00a0Champanhe\u00a0para os formandos e familiares dos alunos. De acordo com\u00a0Rainilda\u00a0Sales, todos os anos ela est\u00e1 participando das festividades da institui\u00e7\u00e3o, ou\u00e7a a entrevista ao Cariri em Destaque; &nbsp; CONFIRA TODAS AS FOTOS: CLICK AQUI\u00a0 Cariri em Destaque\u00a0<\/p>\n","protected":false},"author":2,"featured_media":6739,"comment_status":"closed","ping_status":"open","sticky":false,"template":"","format":"standard","meta":{"_eb_attr":"","_jetpack_memberships_contains_paid_content":false,"footnotes":""},"categories":[6],"tags":[],"class_list":["post-6738","post","type-post","status-publish","format-standard","has-post-thumbnail","hentry","category-educacao"],"yoast_head":"<!-- This site is optimized with the Yoast SEO plugin v26.5 - https:\/\/yoast.com\/wordpress\/plugins\/seo\/ -->\n<title>Rainilda Sales participa de cola\u00e7\u00e3o de grau dos formandos da Escola Estadual Ildefonso Anselmo em Amparo - Not&iacute;cias em Destaque<\/title>\n<meta name=\"robots\" content=\"index, follow, max-snippet:-1, max-image-preview:large, max-video-preview:-1\" \/>\n<link rel=\"canonical\" href=\"https:\/\/noticiasemdestaque.com\/cd\/?p=6738\" \/>\n<meta property=\"og:locale\" content=\"pt_BR\" \/>\n<meta property=\"og:type\" content=\"article\" \/>\n<meta property=\"og:title\" content=\"Rainilda Sales participa de cola\u00e7\u00e3o de grau dos formandos da Escola Estadual Ildefonso Anselmo em Amparo - Not&iacute;cias em Destaque\" \/>\n<meta property=\"og:description\" content=\"A Escola Estadual Ildefonso Anselmo da Silva localizada no munic\u00edpio de Amparo, realizou neste domingo (17\/12) a celebra\u00e7\u00e3o e cola\u00e7\u00e3o de grau dos alunos do terceiro ano do ensino m\u00e9dio. Inicialmente os formandos participaram da Missa Solene e entrega dos certificados, momento que foi realizada na Igreja da Cidade, logo ap\u00f3s aconteceu a festa no Centro Comercial. Na oportunidade, a secret\u00e1ria de Assist\u00eancia Social do munic\u00edpio,\u00a0Rainilda\u00a0Sales, foi a paraninfa da turma e participou ativamente das atividades. Durante a solenidade,\u00a0Rainilda\u00a0Sales, realizou a entrega de panetones e\u00a0Champanhe\u00a0para os formandos e familiares dos alunos. De acordo com\u00a0Rainilda\u00a0Sales, todos os anos ela est\u00e1 participando das festividades da institui\u00e7\u00e3o, ou\u00e7a a entrevista ao Cariri em Destaque; &nbsp; CONFIRA TODAS AS FOTOS: CLICK AQUI\u00a0 Cariri em Destaque\u00a0\" \/>\n<meta property=\"og:url\" content=\"https:\/\/noticiasemdestaque.com\/cd\/?p=6738\" \/>\n<meta property=\"og:site_name\" content=\"Not&iacute;cias em Destaque\" \/>\n<meta property=\"article:published_time\" content=\"2017-12-19T15:03:32+00:00\" \/>\n<meta property=\"article:modified_time\" content=\"2017-12-19T15:11:56+00:00\" \/>\n<meta property=\"og:image\" content=\"https:\/\/noticiasemdestaque.com\/cd\/wp-content\/uploads\/2017\/12\/IMG_4222-1024x683.jpg\" \/>\n\t<meta property=\"og:image:width\" content=\"1024\" \/>\n\t<meta property=\"og:image:height\" content=\"683\" \/>\n\t<meta property=\"og:image:type\" content=\"image\/jpeg\" \/>\n<meta name=\"author\" content=\"Not\u00edcias em Destaque\" \/>\n<meta name=\"twitter:card\" content=\"summary_large_image\" \/>\n<meta name=\"twitter:label1\" content=\"Escrito por\" \/>\n\t<meta name=\"twitter:data1\" content=\"Not\u00edcias em Destaque\" \/>\n\t<meta name=\"twitter:label2\" content=\"Est. tempo de leitura\" \/>\n\t<meta name=\"twitter:data2\" content=\"1 minuto\" \/>\n<script type=\"application\/ld+json\" class=\"yoast-schema-graph\">{\"@context\":\"https:\/\/schema.org\",\"@graph\":[{\"@type\":\"Article\",\"@id\":\"https:\/\/noticiasemdestaque.com\/cd\/?p=6738#article\",\"isPartOf\":{\"@id\":\"https:\/\/noticiasemdestaque.com\/cd\/?p=6738\"},\"author\":{\"name\":\"Not\u00edcias em Destaque\",\"@id\":\"https:\/\/noticiasemdestaque.com\/cd\/#\/schema\/person\/4a81fb71f77579d059c3045891fa1786\"},\"headline\":\"Rainilda Sales participa de cola\u00e7\u00e3o de grau dos formandos da Escola Estadual Ildefonso Anselmo em Amparo\",\"datePublished\":\"2017-12-19T15:03:32+00:00\",\"dateModified\":\"2017-12-19T15:11:56+00:00\",\"mainEntityOfPage\":{\"@id\":\"https:\/\/noticiasemdestaque.com\/cd\/?p=6738\"},\"wordCount\":155,\"publisher\":{\"@id\":\"https:\/\/noticiasemdestaque.com\/cd\/#organization\"},\"image\":{\"@id\":\"https:\/\/noticiasemdestaque.com\/cd\/?p=6738#primaryimage\"},\"thumbnailUrl\":\"https:\/\/noticiasemdestaque.com\/cd\/wp-content\/uploads\/2017\/12\/IMG_4222.jpg\",\"articleSection\":[\"Educa\u00e7\u00e3o\"],\"inLanguage\":\"pt-BR\"},{\"@type\":\"WebPage\",\"@id\":\"https:\/\/noticiasemdestaque.com\/cd\/?p=6738\",\"url\":\"https:\/\/noticiasemdestaque.com\/cd\/?p=6738\",\"name\":\"Rainilda Sales participa de cola\u00e7\u00e3o de grau dos formandos da Escola Estadual Ildefonso Anselmo em Amparo - Not&iacute;cias em Destaque\",\"isPartOf\":{\"@id\":\"https:\/\/noticiasemdestaque.com\/cd\/#website\"},\"primaryImageOfPage\":{\"@id\":\"https:\/\/noticiasemdestaque.com\/cd\/?p=6738#primaryimage\"},\"image\":{\"@id\":\"https:\/\/noticiasemdestaque.com\/cd\/?p=6738#primaryimage\"},\"thumbnailUrl\":\"https:\/\/noticiasemdestaque.com\/cd\/wp-content\/uploads\/2017\/12\/IMG_4222.jpg\",\"datePublished\":\"2017-12-19T15:03:32+00:00\",\"dateModified\":\"2017-12-19T15:11:56+00:00\",\"breadcrumb\":{\"@id\":\"https:\/\/noticiasemdestaque.com\/cd\/?p=6738#breadcrumb\"},\"inLanguage\":\"pt-BR\",\"potentialAction\":[{\"@type\":\"ReadAction\",\"target\":[\"https:\/\/noticiasemdestaque.com\/cd\/?p=6738\"]}]},{\"@type\":\"ImageObject\",\"inLanguage\":\"pt-BR\",\"@id\":\"https:\/\/noticiasemdestaque.com\/cd\/?p=6738#primaryimage\",\"url\":\"https:\/\/noticiasemdestaque.com\/cd\/wp-content\/uploads\/2017\/12\/IMG_4222.jpg\",\"contentUrl\":\"https:\/\/noticiasemdestaque.com\/cd\/wp-content\/uploads\/2017\/12\/IMG_4222.jpg\",\"width\":5184,\"height\":3456},{\"@type\":\"BreadcrumbList\",\"@id\":\"https:\/\/noticiasemdestaque.com\/cd\/?p=6738#breadcrumb\",\"itemListElement\":[{\"@type\":\"ListItem\",\"position\":1,\"name\":\"In\u00edcio\",\"item\":\"https:\/\/noticiasemdestaque.com\/cd\/\"},{\"@type\":\"ListItem\",\"position\":2,\"name\":\"Rainilda Sales participa de cola\u00e7\u00e3o de grau dos formandos da Escola Estadual Ildefonso Anselmo em Amparo\"}]},{\"@type\":\"WebSite\",\"@id\":\"https:\/\/noticiasemdestaque.com\/cd\/#website\",\"url\":\"https:\/\/noticiasemdestaque.com\/cd\/\",\"name\":\"Not&iacute;cias em Destaque\",\"description\":\"\",\"publisher\":{\"@id\":\"https:\/\/noticiasemdestaque.com\/cd\/#organization\"},\"potentialAction\":[{\"@type\":\"SearchAction\",\"target\":{\"@type\":\"EntryPoint\",\"urlTemplate\":\"https:\/\/noticiasemdestaque.com\/cd\/?s={search_term_string}\"},\"query-input\":{\"@type\":\"PropertyValueSpecification\",\"valueRequired\":true,\"valueName\":\"search_term_string\"}}],\"inLanguage\":\"pt-BR\"},{\"@type\":\"Organization\",\"@id\":\"https:\/\/noticiasemdestaque.com\/cd\/#organization\",\"name\":\"Not\u00edcias em Destaque\",\"url\":\"https:\/\/noticiasemdestaque.com\/cd\/\",\"logo\":{\"@type\":\"ImageObject\",\"inLanguage\":\"pt-BR\",\"@id\":\"https:\/\/noticiasemdestaque.com\/cd\/#\/schema\/logo\/image\/\",\"url\":\"https:\/\/noticiasemdestaque.com\/cd\/wp-content\/uploads\/2022\/05\/imagem-base-noticiasemdestaque.png\",\"contentUrl\":\"https:\/\/noticiasemdestaque.com\/cd\/wp-content\/uploads\/2022\/05\/imagem-base-noticiasemdestaque.png\",\"width\":1200,\"height\":630,\"caption\":\"Not\u00edcias em Destaque\"},\"image\":{\"@id\":\"https:\/\/noticiasemdestaque.com\/cd\/#\/schema\/logo\/image\/\"}},{\"@type\":\"Person\",\"@id\":\"https:\/\/noticiasemdestaque.com\/cd\/#\/schema\/person\/4a81fb71f77579d059c3045891fa1786\",\"name\":\"Not\u00edcias em Destaque\",\"url\":\"https:\/\/noticiasemdestaque.com\/cd\/?author=2\"}]}<\/script>\n<!-- \/ Yoast SEO plugin. -->","yoast_head_json":{"title":"Rainilda Sales participa de cola\u00e7\u00e3o de grau dos formandos da Escola Estadual Ildefonso Anselmo em Amparo - Not&iacute;cias em Destaque","robots":{"index":"index","follow":"follow","max-snippet":"max-snippet:-1","max-image-preview":"max-image-preview:large","max-video-preview":"max-video-preview:-1"},"canonical":"https:\/\/noticiasemdestaque.com\/cd\/?p=6738","og_locale":"pt_BR","og_type":"article","og_title":"Rainilda Sales participa de cola\u00e7\u00e3o de grau dos formandos da Escola Estadual Ildefonso Anselmo em Amparo - Not&iacute;cias em Destaque","og_description":"A Escola Estadual Ildefonso Anselmo da Silva localizada no munic\u00edpio de Amparo, realizou neste domingo (17\/12) a celebra\u00e7\u00e3o e cola\u00e7\u00e3o de grau dos alunos do terceiro ano do ensino m\u00e9dio. Inicialmente os formandos participaram da Missa Solene e entrega dos certificados, momento que foi realizada na Igreja da Cidade, logo ap\u00f3s aconteceu a festa no Centro Comercial. Na oportunidade, a secret\u00e1ria de Assist\u00eancia Social do munic\u00edpio,\u00a0Rainilda\u00a0Sales, foi a paraninfa da turma e participou ativamente das atividades. Durante a solenidade,\u00a0Rainilda\u00a0Sales, realizou a entrega de panetones e\u00a0Champanhe\u00a0para os formandos e familiares dos alunos. De acordo com\u00a0Rainilda\u00a0Sales, todos os anos ela est\u00e1 participando das festividades da institui\u00e7\u00e3o, ou\u00e7a a entrevista ao Cariri em Destaque; &nbsp; CONFIRA TODAS AS FOTOS: CLICK AQUI\u00a0 Cariri em Destaque\u00a0","og_url":"https:\/\/noticiasemdestaque.com\/cd\/?p=6738","og_site_name":"Not&iacute;cias em Destaque","article_published_time":"2017-12-19T15:03:32+00:00","article_modified_time":"2017-12-19T15:11:56+00:00","og_image":[{"width":1024,"height":683,"url":"https:\/\/noticiasemdestaque.com\/cd\/wp-content\/uploads\/2017\/12\/IMG_4222-1024x683.jpg","type":"image\/jpeg"}],"author":"Not\u00edcias em Destaque","twitter_card":"summary_large_image","twitter_misc":{"Escrito por":"Not\u00edcias em Destaque","Est. tempo de leitura":"1 minuto"},"schema":{"@context":"https:\/\/schema.org","@graph":[{"@type":"Article","@id":"https:\/\/noticiasemdestaque.com\/cd\/?p=6738#article","isPartOf":{"@id":"https:\/\/noticiasemdestaque.com\/cd\/?p=6738"},"author":{"name":"Not\u00edcias em Destaque","@id":"https:\/\/noticiasemdestaque.com\/cd\/#\/schema\/person\/4a81fb71f77579d059c3045891fa1786"},"headline":"Rainilda Sales participa de cola\u00e7\u00e3o de grau dos formandos da Escola Estadual Ildefonso Anselmo em Amparo","datePublished":"2017-12-19T15:03:32+00:00","dateModified":"2017-12-19T15:11:56+00:00","mainEntityOfPage":{"@id":"https:\/\/noticiasemdestaque.com\/cd\/?p=6738"},"wordCount":155,"publisher":{"@id":"https:\/\/noticiasemdestaque.com\/cd\/#organization"},"image":{"@id":"https:\/\/noticiasemdestaque.com\/cd\/?p=6738#primaryimage"},"thumbnailUrl":"https:\/\/noticiasemdestaque.com\/cd\/wp-content\/uploads\/2017\/12\/IMG_4222.jpg","articleSection":["Educa\u00e7\u00e3o"],"inLanguage":"pt-BR"},{"@type":"WebPage","@id":"https:\/\/noticiasemdestaque.com\/cd\/?p=6738","url":"https:\/\/noticiasemdestaque.com\/cd\/?p=6738","name":"Rainilda Sales participa de cola\u00e7\u00e3o de grau dos formandos da Escola Estadual Ildefonso Anselmo em Amparo - Not&iacute;cias em Destaque","isPartOf":{"@id":"https:\/\/noticiasemdestaque.com\/cd\/#website"},"primaryImageOfPage":{"@id":"https:\/\/noticiasemdestaque.com\/cd\/?p=6738#primaryimage"},"image":{"@id":"https:\/\/noticiasemdestaque.com\/cd\/?p=6738#primaryimage"},"thumbnailUrl":"https:\/\/noticiasemdestaque.com\/cd\/wp-content\/uploads\/2017\/12\/IMG_4222.jpg","datePublished":"2017-12-19T15:03:32+00:00","dateModified":"2017-12-19T15:11:56+00:00","breadcrumb":{"@id":"https:\/\/noticiasemdestaque.com\/cd\/?p=6738#breadcrumb"},"inLanguage":"pt-BR","potentialAction":[{"@type":"ReadAction","target":["https:\/\/noticiasemdestaque.com\/cd\/?p=6738"]}]},{"@type":"ImageObject","inLanguage":"pt-BR","@id":"https:\/\/noticiasemdestaque.com\/cd\/?p=6738#primaryimage","url":"https:\/\/noticiasemdestaque.com\/cd\/wp-content\/uploads\/2017\/12\/IMG_4222.jpg","contentUrl":"https:\/\/noticiasemdestaque.com\/cd\/wp-content\/uploads\/2017\/12\/IMG_4222.jpg","width":5184,"height":3456},{"@type":"BreadcrumbList","@id":"https:\/\/noticiasemdestaque.com\/cd\/?p=6738#breadcrumb","itemListElement":[{"@type":"ListItem","position":1,"name":"In\u00edcio","item":"https:\/\/noticiasemdestaque.com\/cd\/"},{"@type":"ListItem","position":2,"name":"Rainilda Sales participa de cola\u00e7\u00e3o de grau dos formandos da Escola Estadual Ildefonso Anselmo em Amparo"}]},{"@type":"WebSite","@id":"https:\/\/noticiasemdestaque.com\/cd\/#website","url":"https:\/\/noticiasemdestaque.com\/cd\/","name":"Not&iacute;cias em Destaque","description":"","publisher":{"@id":"https:\/\/noticiasemdestaque.com\/cd\/#organization"},"potentialAction":[{"@type":"SearchAction","target":{"@type":"EntryPoint","urlTemplate":"https:\/\/noticiasemdestaque.com\/cd\/?s={search_term_string}"},"query-input":{"@type":"PropertyValueSpecification","valueRequired":true,"valueName":"search_term_string"}}],"inLanguage":"pt-BR"},{"@type":"Organization","@id":"https:\/\/noticiasemdestaque.com\/cd\/#organization","name":"Not\u00edcias em Destaque","url":"https:\/\/noticiasemdestaque.com\/cd\/","logo":{"@type":"ImageObject","inLanguage":"pt-BR","@id":"https:\/\/noticiasemdestaque.com\/cd\/#\/schema\/logo\/image\/","url":"https:\/\/noticiasemdestaque.com\/cd\/wp-content\/uploads\/2022\/05\/imagem-base-noticiasemdestaque.png","contentUrl":"https:\/\/noticiasemdestaque.com\/cd\/wp-content\/uploads\/2022\/05\/imagem-base-noticiasemdestaque.png","width":1200,"height":630,"caption":"Not\u00edcias em Destaque"},"image":{"@id":"https:\/\/noticiasemdestaque.com\/cd\/#\/schema\/logo\/image\/"}},{"@type":"Person","@id":"https:\/\/noticiasemdestaque.com\/cd\/#\/schema\/person\/4a81fb71f77579d059c3045891fa1786","name":"Not\u00edcias em Destaque","url":"https:\/\/noticiasemdestaque.com\/cd\/?author=2"}]}},"jetpack_featured_media_url":"https:\/\/noticiasemdestaque.com\/cd\/wp-content\/uploads\/2017\/12\/IMG_4222.jpg","jetpack_sharing_enabled":true,"_links":{"self":[{"href":"https:\/\/noticiasemdestaque.com\/cd\/index.php?rest_route=\/wp\/v2\/posts\/6738","targetHints":{"allow":["GET"]}}],"collection":[{"href":"https:\/\/noticiasemdestaque.com\/cd\/index.php?rest_route=\/wp\/v2\/posts"}],"about":[{"href":"https:\/\/noticiasemdestaque.com\/cd\/index.php?rest_route=\/wp\/v2\/types\/post"}],"author":[{"embeddable":true,"href":"https:\/\/noticiasemdestaque.com\/cd\/index.php?rest_route=\/wp\/v2\/users\/2"}],"replies":[{"embeddable":true,"href":"https:\/\/noticiasemdestaque.com\/cd\/index.php?rest_route=%2Fwp%2Fv2%2Fcomments&post=6738"}],"version-history":[{"count":2,"href":"https:\/\/noticiasemdestaque.com\/cd\/index.php?rest_route=\/wp\/v2\/posts\/6738\/revisions"}],"predecessor-version":[{"id":6743,"href":"https:\/\/noticiasemdestaque.com\/cd\/index.php?rest_route=\/wp\/v2\/posts\/6738\/revisions\/6743"}],"wp:featuredmedia":[{"embeddable":true,"href":"https:\/\/noticiasemdestaque.com\/cd\/index.php?rest_route=\/wp\/v2\/media\/6739"}],"wp:attachment":[{"href":"https:\/\/noticiasemdestaque.com\/cd\/index.php?rest_route=%2Fwp%2Fv2%2Fmedia&parent=6738"}],"wp:term":[{"taxonomy":"category","embeddable":true,"href":"https:\/\/noticiasemdestaque.com\/cd\/index.php?rest_route=%2Fwp%2Fv2%2Fcategories&post=6738"},{"taxonomy":"post_tag","embeddable":true,"href":"https:\/\/noticiasemdestaque.com\/cd\/index.php?rest_route=%2Fwp%2Fv2%2Ftags&post=6738"}],"curies":[{"name":"wp","href":"https:\/\/api.w.org\/{rel}","templated":true}]}}