{"id":668,"date":"2017-06-19T15:52:39","date_gmt":"2017-06-19T18:52:39","guid":{"rendered":"http:\/\/caririemdestaque.com\/cd\/?p=668"},"modified":"2017-06-19T15:52:39","modified_gmt":"2017-06-19T18:52:39","slug":"sebrae-formata-roteiro-turistico-e-cultural-na-cidade-da-prata-para-agosto","status":"publish","type":"post","link":"https:\/\/noticiasemdestaque.com\/cd\/?p=668","title":{"rendered":"Sebrae formata roteiro tur\u00edstico e cultural na cidade da Prata para agosto"},"content":{"rendered":"<p><a href=\"http:\/\/caririemdestaque.com\/cd\/wp-content\/uploads\/2017\/06\/19062017153227.jpg\"><img fetchpriority=\"high\" decoding=\"async\" class=\"size-medium wp-image-669 alignleft\" src=\"http:\/\/caririemdestaque.com\/cd\/wp-content\/uploads\/2017\/06\/19062017153227-300x200.jpg\" alt=\"\" width=\"300\" height=\"200\" srcset=\"https:\/\/noticiasemdestaque.com\/cd\/wp-content\/uploads\/2017\/06\/19062017153227-300x200.jpg 300w, https:\/\/noticiasemdestaque.com\/cd\/wp-content\/uploads\/2017\/06\/19062017153227-480x320.jpg 480w, https:\/\/noticiasemdestaque.com\/cd\/wp-content\/uploads\/2017\/06\/19062017153227.jpg 720w\" sizes=\"(max-width: 300px) 100vw, 300px\" \/><\/a>Mais uma etapa da Rota Cariri Cultural est\u00e1 iniciando. Desta vez, na cidade da Prata, terra da gastronomia caprina e da cultura popular, sete pontos de visita\u00e7\u00e3o est\u00e3o sendo formatados pelo projeto de Turismo do Sebrae. A partir de agosto, os visitantes da cidade poder\u00e3o conhecer o Centro Vida Nordeste, Pedra do Letreiro, Pedra Comprida, Serra da Matarina, Centro Hist\u00f3rico da Prata, Fazenda S\u00e3o Paulo, com uma casa grande e a senzala, e o S\u00edtio Areal.<\/p>\n<p>\u201cO objetivo desta Rota \u00e9 gerar renda atrav\u00e9s da produ\u00e7\u00e3o associada ao turismo, preservar a natureza atrav\u00e9s da consci\u00eancia ecol\u00f3gica que o Turismo Rural implementa, desenvolver o Territ\u00f3rio atrav\u00e9s do turismo e estimular o sentimento de perten\u00e7a para uma participa\u00e7\u00e3o efetiva dos empreendedores e atores locais, na transforma\u00e7\u00e3o do Territ\u00f3rio em destino tur\u00edstico integrado. O projeto continuar\u00e1, atrav\u00e9s do Desenvolvimento Territorial do Cariri, para alcan\u00e7armos mais cidades\u201d, disse a gerente do Sebrae em Monteiro, Madalena Arruda.<\/p>\n<p>De acordo com o consultor de Turismo do Sebrae em Monteiro, Ayron Kerlly, o pr\u00f3ximo passo para a estrutura\u00e7\u00e3o do roteiro \u00e9 criar um grupo de condutores locais. \u201cA cidade j\u00e1 recebe visitante o ano todo, devido \u00e0 import\u00e2ncia da geologia do lugar, da preserva\u00e7\u00e3o que \u00e9 mantida gera\u00e7\u00e3o ap\u00f3s gera\u00e7\u00e3o e \u00e0 infraestrutura que o local possui. Vamos ainda elaborar a sinaliza\u00e7\u00e3o tur\u00edstica, capacitar empreendedores e produzir um material promocional. Os dados e equipamentos ser\u00e3o postos no portal da Rota e redes sociais\u201d, destacou.<\/p>\n<p>O roteiro em Prata &#8211; A cidade possui um casario diferenciado no Centro. Tombadas pelo patrim\u00f4nio hist\u00f3rico, as casas s\u00e3o bem preservadas e coloridas, enfeitando a volta pela pacata cidade. A pra\u00e7a principal \u00e9 bem desenhada, arborizada e preservada at\u00e9 durante esses anos de seca. A zona rural da cidade \u00e9 rica na natureza diversa, com milhares de aves, inclusive a rara \u00e1guia Chilena, que habita algumas partes do Cariri. A flora \u00e9 tamb\u00e9m abundante, com plantas ex\u00f3ticas como a afrodis\u00edaca Cunh\u00e3.<\/p>\n<p>Em um dos pontos da Rota, na casa do Areal, ocorreu uma verdadeira guerra entre as pol\u00edcias da Para\u00edba e de Pernambuco para prender o bacharel Augusto Santa Cruz, em 1911, acusado de sequestrar, fazer ref\u00e9ns e outros crimes. Conforme os panfletos da cidade, o confronto ocorreu entre 120 capangas do \u201cDoutor Sinhozinho do Areal\u201d e 400 soldados.\u00a0 Esta casa foi incendiada ao final da batalha e queimou por 15 dias. Uma fortaleza, atualmente s\u00edtio hist\u00f3rico bem preservado, s\u00edmbolo do coronelismo, fen\u00f4meno sociol\u00f3gico do Nordeste agr\u00e1rio com alguma predomin\u00e2ncia at\u00e9 os dias atuais.<\/p>\n<p>A gastronomia do munic\u00edpio \u00e9 baseada na caprinocultura, como de toda cidade do Cariri. Na Prata, os cozinheiros mais criativos inventaram h\u00e1 muito tempo o Bode no Buraco. A carne de bode \u00e9 cozida enterrada por carv\u00f5es que a cobrem e ficam em volta da panela. Com cozimento de quase 12 horas, a carne fica no ponto e pode ser provada.<\/p>\n<p>Outro momento interessante do roteiro \u00e9 a visita \u00e0 senzala da Fazenda S\u00e3o Paulo dos Dantas, um \u00edcone de um passado de latif\u00fandio escravo. A casa grande \u00e9 em estilo arquitet\u00f4nico dos Bandeirantes, do per\u00edodo das Entradas e Bandeiras, podendo ter de 300 a 400 anos, conforme o atual propriet\u00e1rio, o major Delmiro Dantas. Ele contou que o seu bisav\u00f4, Manoel Dantas Correia de Gois, comprou a casa de um escravocrata em 1864, mas n\u00e3o deu continuidade \u00e0 escravid\u00e3o, libertando os escravos restantes antes da Lei \u00c1urea.<\/p>\n<p>Sobre a Rota Cariri Cultural \u2013 O roteiro \u00e9 hist\u00f3rico e ecol\u00f3gico, mostrando as riquezas da natureza e os h\u00e1bitos das cidades do Cariri. Come\u00e7ou em 2015 pela cidade de Monteiro, que possui seis pontos tur\u00edsticos no Assentamento Santa Catarina. Em seguida, a cidade do Congo entrou, com a Serra da Engabelada e o Para\u00edso da Serra, um complexo tur\u00edstico que mostra uma das mais belas vistas da Para\u00edba, para o a\u00e7ude Condado. Foi a partir deste trabalho que alguns empreendimentos surgiram e atualmente est\u00e3o em crescimento, como o Complexo Zab\u00e9 da Loca, com restaurante Casa de Zab\u00e9, Memorial e a Loca para se visitar em Monteiro. J\u00e1 na cidade do Congo, a pousada Para\u00edso da Serra hospeda, alimenta e conduz o turista por mais seis pontos de visita\u00e7\u00e3o. Para saber mais, acesse: http:\/\/rotacariricultural.com.br\/.<\/p>\n<p><strong><em>Cariri em Destaque <\/em><\/strong><\/p>\n<p>Fonte: Vitrine do Cariri<\/p>\n","protected":false},"excerpt":{"rendered":"<p>Mais uma etapa da Rota Cariri Cultural est\u00e1 iniciando. Desta vez, na cidade da Prata, terra da gastronomia caprina e da cultura popular, sete pontos de visita\u00e7\u00e3o est\u00e3o sendo formatados pelo projeto de Turismo do Sebrae. A partir de agosto, os visitantes da cidade poder\u00e3o conhecer o Centro Vida Nordeste, Pedra do Letreiro, Pedra Comprida, Serra da Matarina, Centro Hist\u00f3rico da Prata, Fazenda S\u00e3o Paulo, com uma casa grande e a senzala, e o S\u00edtio Areal. \u201cO objetivo desta Rota \u00e9 gerar renda atrav\u00e9s da produ\u00e7\u00e3o associada ao turismo, preservar a natureza atrav\u00e9s da consci\u00eancia ecol\u00f3gica que o Turismo Rural implementa, desenvolver o Territ\u00f3rio atrav\u00e9s do turismo e estimular o sentimento de perten\u00e7a para uma participa\u00e7\u00e3o efetiva dos empreendedores e atores locais, na transforma\u00e7\u00e3o do Territ\u00f3rio em destino tur\u00edstico integrado. O projeto continuar\u00e1, atrav\u00e9s do Desenvolvimento Territorial do Cariri, para alcan\u00e7armos mais cidades\u201d, disse a gerente do Sebrae em Monteiro, Madalena Arruda. De acordo com o consultor de Turismo do Sebrae em Monteiro, Ayron Kerlly, o pr\u00f3ximo passo para a estrutura\u00e7\u00e3o do roteiro \u00e9 criar um grupo de condutores locais. \u201cA cidade j\u00e1 recebe visitante o ano todo, devido \u00e0 import\u00e2ncia da geologia do lugar, da preserva\u00e7\u00e3o que \u00e9 mantida gera\u00e7\u00e3o ap\u00f3s gera\u00e7\u00e3o e \u00e0 infraestrutura que o local possui. Vamos ainda elaborar a sinaliza\u00e7\u00e3o tur\u00edstica, capacitar empreendedores e produzir um material promocional. Os dados e equipamentos ser\u00e3o postos no portal da Rota e redes sociais\u201d, destacou. O roteiro em Prata &#8211; A cidade possui um casario diferenciado no Centro. Tombadas pelo patrim\u00f4nio hist\u00f3rico, as casas s\u00e3o bem preservadas e coloridas, enfeitando a volta pela pacata cidade. A pra\u00e7a principal \u00e9 bem desenhada, arborizada e preservada at\u00e9 durante esses anos de seca. A zona rural da cidade \u00e9 rica na natureza diversa, com milhares de aves, inclusive a rara \u00e1guia Chilena, que habita algumas partes do Cariri. A flora \u00e9 tamb\u00e9m abundante, com plantas ex\u00f3ticas como a afrodis\u00edaca Cunh\u00e3. Em um dos pontos da Rota, na casa do Areal, ocorreu uma verdadeira guerra entre as pol\u00edcias da Para\u00edba e de Pernambuco para prender o bacharel Augusto Santa Cruz, em 1911, acusado de sequestrar, fazer ref\u00e9ns e outros crimes. Conforme os panfletos da cidade, o confronto ocorreu entre 120 capangas do \u201cDoutor Sinhozinho do Areal\u201d e 400 soldados.\u00a0 Esta casa foi incendiada ao final da batalha e queimou por 15 dias. Uma fortaleza, atualmente s\u00edtio hist\u00f3rico bem preservado, s\u00edmbolo do coronelismo, fen\u00f4meno sociol\u00f3gico do Nordeste agr\u00e1rio com alguma predomin\u00e2ncia at\u00e9 os dias atuais. A gastronomia do munic\u00edpio \u00e9 baseada na caprinocultura, como de toda cidade do Cariri. Na Prata, os cozinheiros mais criativos inventaram h\u00e1 muito tempo o Bode no Buraco. A carne de bode \u00e9 cozida enterrada por carv\u00f5es que a cobrem e ficam em volta da panela. Com cozimento de quase 12 horas, a carne fica no ponto e pode ser provada. Outro momento interessante do roteiro \u00e9 a visita \u00e0 senzala da Fazenda S\u00e3o Paulo dos Dantas, um \u00edcone de um passado de latif\u00fandio escravo. A casa grande \u00e9 em estilo arquitet\u00f4nico dos Bandeirantes, do per\u00edodo das Entradas e Bandeiras, podendo ter de 300 a 400 anos, conforme o atual propriet\u00e1rio, o major Delmiro Dantas. Ele contou que o seu bisav\u00f4, Manoel Dantas Correia de Gois, comprou a casa de um escravocrata em 1864, mas n\u00e3o deu continuidade \u00e0 escravid\u00e3o, libertando os escravos restantes antes da Lei \u00c1urea. Sobre a Rota Cariri Cultural \u2013 O roteiro \u00e9 hist\u00f3rico e ecol\u00f3gico, mostrando as riquezas da natureza e os h\u00e1bitos das cidades do Cariri. Come\u00e7ou em 2015 pela cidade de Monteiro, que possui seis pontos tur\u00edsticos no Assentamento Santa Catarina. Em seguida, a cidade do Congo entrou, com a Serra da Engabelada e o Para\u00edso da Serra, um complexo tur\u00edstico que mostra uma das mais belas vistas da Para\u00edba, para o a\u00e7ude Condado. Foi a partir deste trabalho que alguns empreendimentos surgiram e atualmente est\u00e3o em crescimento, como o Complexo Zab\u00e9 da Loca, com restaurante Casa de Zab\u00e9, Memorial e a Loca para se visitar em Monteiro. J\u00e1 na cidade do Congo, a pousada Para\u00edso da Serra hospeda, alimenta e conduz o turista por mais seis pontos de visita\u00e7\u00e3o. Para saber mais, acesse: http:\/\/rotacariricultural.com.br\/. Cariri em Destaque Fonte: Vitrine do Cariri<\/p>\n","protected":false},"author":2,"featured_media":669,"comment_status":"closed","ping_status":"open","sticky":false,"template":"","format":"standard","meta":{"_eb_attr":"","_jetpack_memberships_contains_paid_content":false,"footnotes":""},"categories":[3],"tags":[],"class_list":["post-668","post","type-post","status-publish","format-standard","has-post-thumbnail","hentry","category-cidades"],"yoast_head":"<!-- This site is optimized with the Yoast SEO plugin v26.5 - https:\/\/yoast.com\/wordpress\/plugins\/seo\/ -->\n<title>Sebrae formata roteiro tur\u00edstico e cultural na cidade da Prata para agosto - Not&iacute;cias em Destaque<\/title>\n<meta name=\"robots\" content=\"index, follow, max-snippet:-1, max-image-preview:large, max-video-preview:-1\" \/>\n<link rel=\"canonical\" href=\"https:\/\/noticiasemdestaque.com\/cd\/?p=668\" \/>\n<meta property=\"og:locale\" content=\"pt_BR\" \/>\n<meta property=\"og:type\" content=\"article\" \/>\n<meta property=\"og:title\" content=\"Sebrae formata roteiro tur\u00edstico e cultural na cidade da Prata para agosto - Not&iacute;cias em Destaque\" \/>\n<meta property=\"og:description\" content=\"Mais uma etapa da Rota Cariri Cultural est\u00e1 iniciando. Desta vez, na cidade da Prata, terra da gastronomia caprina e da cultura popular, sete pontos de visita\u00e7\u00e3o est\u00e3o sendo formatados pelo projeto de Turismo do Sebrae. A partir de agosto, os visitantes da cidade poder\u00e3o conhecer o Centro Vida Nordeste, Pedra do Letreiro, Pedra Comprida, Serra da Matarina, Centro Hist\u00f3rico da Prata, Fazenda S\u00e3o Paulo, com uma casa grande e a senzala, e o S\u00edtio Areal. \u201cO objetivo desta Rota \u00e9 gerar renda atrav\u00e9s da produ\u00e7\u00e3o associada ao turismo, preservar a natureza atrav\u00e9s da consci\u00eancia ecol\u00f3gica que o Turismo Rural implementa, desenvolver o Territ\u00f3rio atrav\u00e9s do turismo e estimular o sentimento de perten\u00e7a para uma participa\u00e7\u00e3o efetiva dos empreendedores e atores locais, na transforma\u00e7\u00e3o do Territ\u00f3rio em destino tur\u00edstico integrado. O projeto continuar\u00e1, atrav\u00e9s do Desenvolvimento Territorial do Cariri, para alcan\u00e7armos mais cidades\u201d, disse a gerente do Sebrae em Monteiro, Madalena Arruda. De acordo com o consultor de Turismo do Sebrae em Monteiro, Ayron Kerlly, o pr\u00f3ximo passo para a estrutura\u00e7\u00e3o do roteiro \u00e9 criar um grupo de condutores locais. \u201cA cidade j\u00e1 recebe visitante o ano todo, devido \u00e0 import\u00e2ncia da geologia do lugar, da preserva\u00e7\u00e3o que \u00e9 mantida gera\u00e7\u00e3o ap\u00f3s gera\u00e7\u00e3o e \u00e0 infraestrutura que o local possui. Vamos ainda elaborar a sinaliza\u00e7\u00e3o tur\u00edstica, capacitar empreendedores e produzir um material promocional. Os dados e equipamentos ser\u00e3o postos no portal da Rota e redes sociais\u201d, destacou. O roteiro em Prata &#8211; A cidade possui um casario diferenciado no Centro. Tombadas pelo patrim\u00f4nio hist\u00f3rico, as casas s\u00e3o bem preservadas e coloridas, enfeitando a volta pela pacata cidade. A pra\u00e7a principal \u00e9 bem desenhada, arborizada e preservada at\u00e9 durante esses anos de seca. A zona rural da cidade \u00e9 rica na natureza diversa, com milhares de aves, inclusive a rara \u00e1guia Chilena, que habita algumas partes do Cariri. A flora \u00e9 tamb\u00e9m abundante, com plantas ex\u00f3ticas como a afrodis\u00edaca Cunh\u00e3. Em um dos pontos da Rota, na casa do Areal, ocorreu uma verdadeira guerra entre as pol\u00edcias da Para\u00edba e de Pernambuco para prender o bacharel Augusto Santa Cruz, em 1911, acusado de sequestrar, fazer ref\u00e9ns e outros crimes. Conforme os panfletos da cidade, o confronto ocorreu entre 120 capangas do \u201cDoutor Sinhozinho do Areal\u201d e 400 soldados.\u00a0 Esta casa foi incendiada ao final da batalha e queimou por 15 dias. Uma fortaleza, atualmente s\u00edtio hist\u00f3rico bem preservado, s\u00edmbolo do coronelismo, fen\u00f4meno sociol\u00f3gico do Nordeste agr\u00e1rio com alguma predomin\u00e2ncia at\u00e9 os dias atuais. A gastronomia do munic\u00edpio \u00e9 baseada na caprinocultura, como de toda cidade do Cariri. Na Prata, os cozinheiros mais criativos inventaram h\u00e1 muito tempo o Bode no Buraco. A carne de bode \u00e9 cozida enterrada por carv\u00f5es que a cobrem e ficam em volta da panela. Com cozimento de quase 12 horas, a carne fica no ponto e pode ser provada. Outro momento interessante do roteiro \u00e9 a visita \u00e0 senzala da Fazenda S\u00e3o Paulo dos Dantas, um \u00edcone de um passado de latif\u00fandio escravo. A casa grande \u00e9 em estilo arquitet\u00f4nico dos Bandeirantes, do per\u00edodo das Entradas e Bandeiras, podendo ter de 300 a 400 anos, conforme o atual propriet\u00e1rio, o major Delmiro Dantas. Ele contou que o seu bisav\u00f4, Manoel Dantas Correia de Gois, comprou a casa de um escravocrata em 1864, mas n\u00e3o deu continuidade \u00e0 escravid\u00e3o, libertando os escravos restantes antes da Lei \u00c1urea. Sobre a Rota Cariri Cultural \u2013 O roteiro \u00e9 hist\u00f3rico e ecol\u00f3gico, mostrando as riquezas da natureza e os h\u00e1bitos das cidades do Cariri. Come\u00e7ou em 2015 pela cidade de Monteiro, que possui seis pontos tur\u00edsticos no Assentamento Santa Catarina. Em seguida, a cidade do Congo entrou, com a Serra da Engabelada e o Para\u00edso da Serra, um complexo tur\u00edstico que mostra uma das mais belas vistas da Para\u00edba, para o a\u00e7ude Condado. Foi a partir deste trabalho que alguns empreendimentos surgiram e atualmente est\u00e3o em crescimento, como o Complexo Zab\u00e9 da Loca, com restaurante Casa de Zab\u00e9, Memorial e a Loca para se visitar em Monteiro. J\u00e1 na cidade do Congo, a pousada Para\u00edso da Serra hospeda, alimenta e conduz o turista por mais seis pontos de visita\u00e7\u00e3o. Para saber mais, acesse: http:\/\/rotacariricultural.com.br\/. Cariri em Destaque Fonte: Vitrine do Cariri\" \/>\n<meta property=\"og:url\" content=\"https:\/\/noticiasemdestaque.com\/cd\/?p=668\" \/>\n<meta property=\"og:site_name\" content=\"Not&iacute;cias em Destaque\" \/>\n<meta property=\"article:published_time\" content=\"2017-06-19T18:52:39+00:00\" \/>\n<meta property=\"og:image\" content=\"https:\/\/noticiasemdestaque.com\/cd\/wp-content\/uploads\/2017\/06\/19062017153227.jpg\" \/>\n\t<meta property=\"og:image:width\" content=\"720\" \/>\n\t<meta property=\"og:image:height\" content=\"479\" \/>\n\t<meta property=\"og:image:type\" content=\"image\/jpeg\" \/>\n<meta name=\"author\" content=\"Not\u00edcias em Destaque\" \/>\n<meta name=\"twitter:card\" content=\"summary_large_image\" \/>\n<meta name=\"twitter:label1\" content=\"Escrito por\" \/>\n\t<meta name=\"twitter:data1\" content=\"Not\u00edcias em Destaque\" \/>\n\t<meta name=\"twitter:label2\" content=\"Est. tempo de leitura\" \/>\n\t<meta name=\"twitter:data2\" content=\"4 minutos\" \/>\n<script type=\"application\/ld+json\" class=\"yoast-schema-graph\">{\"@context\":\"https:\/\/schema.org\",\"@graph\":[{\"@type\":\"Article\",\"@id\":\"https:\/\/noticiasemdestaque.com\/cd\/?p=668#article\",\"isPartOf\":{\"@id\":\"https:\/\/noticiasemdestaque.com\/cd\/?p=668\"},\"author\":{\"name\":\"Not\u00edcias em Destaque\",\"@id\":\"https:\/\/noticiasemdestaque.com\/cd\/#\/schema\/person\/4a81fb71f77579d059c3045891fa1786\"},\"headline\":\"Sebrae formata roteiro tur\u00edstico e cultural na cidade da Prata para agosto\",\"datePublished\":\"2017-06-19T18:52:39+00:00\",\"mainEntityOfPage\":{\"@id\":\"https:\/\/noticiasemdestaque.com\/cd\/?p=668\"},\"wordCount\":760,\"publisher\":{\"@id\":\"https:\/\/noticiasemdestaque.com\/cd\/#organization\"},\"image\":{\"@id\":\"https:\/\/noticiasemdestaque.com\/cd\/?p=668#primaryimage\"},\"thumbnailUrl\":\"https:\/\/noticiasemdestaque.com\/cd\/wp-content\/uploads\/2017\/06\/19062017153227.jpg\",\"articleSection\":[\"Cidades\"],\"inLanguage\":\"pt-BR\"},{\"@type\":\"WebPage\",\"@id\":\"https:\/\/noticiasemdestaque.com\/cd\/?p=668\",\"url\":\"https:\/\/noticiasemdestaque.com\/cd\/?p=668\",\"name\":\"Sebrae formata roteiro tur\u00edstico e cultural na cidade da Prata para agosto - Not&iacute;cias em Destaque\",\"isPartOf\":{\"@id\":\"https:\/\/noticiasemdestaque.com\/cd\/#website\"},\"primaryImageOfPage\":{\"@id\":\"https:\/\/noticiasemdestaque.com\/cd\/?p=668#primaryimage\"},\"image\":{\"@id\":\"https:\/\/noticiasemdestaque.com\/cd\/?p=668#primaryimage\"},\"thumbnailUrl\":\"https:\/\/noticiasemdestaque.com\/cd\/wp-content\/uploads\/2017\/06\/19062017153227.jpg\",\"datePublished\":\"2017-06-19T18:52:39+00:00\",\"breadcrumb\":{\"@id\":\"https:\/\/noticiasemdestaque.com\/cd\/?p=668#breadcrumb\"},\"inLanguage\":\"pt-BR\",\"potentialAction\":[{\"@type\":\"ReadAction\",\"target\":[\"https:\/\/noticiasemdestaque.com\/cd\/?p=668\"]}]},{\"@type\":\"ImageObject\",\"inLanguage\":\"pt-BR\",\"@id\":\"https:\/\/noticiasemdestaque.com\/cd\/?p=668#primaryimage\",\"url\":\"https:\/\/noticiasemdestaque.com\/cd\/wp-content\/uploads\/2017\/06\/19062017153227.jpg\",\"contentUrl\":\"https:\/\/noticiasemdestaque.com\/cd\/wp-content\/uploads\/2017\/06\/19062017153227.jpg\",\"width\":720,\"height\":479},{\"@type\":\"BreadcrumbList\",\"@id\":\"https:\/\/noticiasemdestaque.com\/cd\/?p=668#breadcrumb\",\"itemListElement\":[{\"@type\":\"ListItem\",\"position\":1,\"name\":\"In\u00edcio\",\"item\":\"https:\/\/noticiasemdestaque.com\/cd\/\"},{\"@type\":\"ListItem\",\"position\":2,\"name\":\"Sebrae formata roteiro tur\u00edstico e cultural na cidade da Prata para agosto\"}]},{\"@type\":\"WebSite\",\"@id\":\"https:\/\/noticiasemdestaque.com\/cd\/#website\",\"url\":\"https:\/\/noticiasemdestaque.com\/cd\/\",\"name\":\"Not&iacute;cias em Destaque\",\"description\":\"\",\"publisher\":{\"@id\":\"https:\/\/noticiasemdestaque.com\/cd\/#organization\"},\"potentialAction\":[{\"@type\":\"SearchAction\",\"target\":{\"@type\":\"EntryPoint\",\"urlTemplate\":\"https:\/\/noticiasemdestaque.com\/cd\/?s={search_term_string}\"},\"query-input\":{\"@type\":\"PropertyValueSpecification\",\"valueRequired\":true,\"valueName\":\"search_term_string\"}}],\"inLanguage\":\"pt-BR\"},{\"@type\":\"Organization\",\"@id\":\"https:\/\/noticiasemdestaque.com\/cd\/#organization\",\"name\":\"Not\u00edcias em Destaque\",\"url\":\"https:\/\/noticiasemdestaque.com\/cd\/\",\"logo\":{\"@type\":\"ImageObject\",\"inLanguage\":\"pt-BR\",\"@id\":\"https:\/\/noticiasemdestaque.com\/cd\/#\/schema\/logo\/image\/\",\"url\":\"https:\/\/noticiasemdestaque.com\/cd\/wp-content\/uploads\/2022\/05\/imagem-base-noticiasemdestaque.png\",\"contentUrl\":\"https:\/\/noticiasemdestaque.com\/cd\/wp-content\/uploads\/2022\/05\/imagem-base-noticiasemdestaque.png\",\"width\":1200,\"height\":630,\"caption\":\"Not\u00edcias em Destaque\"},\"image\":{\"@id\":\"https:\/\/noticiasemdestaque.com\/cd\/#\/schema\/logo\/image\/\"}},{\"@type\":\"Person\",\"@id\":\"https:\/\/noticiasemdestaque.com\/cd\/#\/schema\/person\/4a81fb71f77579d059c3045891fa1786\",\"name\":\"Not\u00edcias em Destaque\",\"url\":\"https:\/\/noticiasemdestaque.com\/cd\/?author=2\"}]}<\/script>\n<!-- \/ Yoast SEO plugin. -->","yoast_head_json":{"title":"Sebrae formata roteiro tur\u00edstico e cultural na cidade da Prata para agosto - Not&iacute;cias em Destaque","robots":{"index":"index","follow":"follow","max-snippet":"max-snippet:-1","max-image-preview":"max-image-preview:large","max-video-preview":"max-video-preview:-1"},"canonical":"https:\/\/noticiasemdestaque.com\/cd\/?p=668","og_locale":"pt_BR","og_type":"article","og_title":"Sebrae formata roteiro tur\u00edstico e cultural na cidade da Prata para agosto - Not&iacute;cias em Destaque","og_description":"Mais uma etapa da Rota Cariri Cultural est\u00e1 iniciando. Desta vez, na cidade da Prata, terra da gastronomia caprina e da cultura popular, sete pontos de visita\u00e7\u00e3o est\u00e3o sendo formatados pelo projeto de Turismo do Sebrae. A partir de agosto, os visitantes da cidade poder\u00e3o conhecer o Centro Vida Nordeste, Pedra do Letreiro, Pedra Comprida, Serra da Matarina, Centro Hist\u00f3rico da Prata, Fazenda S\u00e3o Paulo, com uma casa grande e a senzala, e o S\u00edtio Areal. \u201cO objetivo desta Rota \u00e9 gerar renda atrav\u00e9s da produ\u00e7\u00e3o associada ao turismo, preservar a natureza atrav\u00e9s da consci\u00eancia ecol\u00f3gica que o Turismo Rural implementa, desenvolver o Territ\u00f3rio atrav\u00e9s do turismo e estimular o sentimento de perten\u00e7a para uma participa\u00e7\u00e3o efetiva dos empreendedores e atores locais, na transforma\u00e7\u00e3o do Territ\u00f3rio em destino tur\u00edstico integrado. O projeto continuar\u00e1, atrav\u00e9s do Desenvolvimento Territorial do Cariri, para alcan\u00e7armos mais cidades\u201d, disse a gerente do Sebrae em Monteiro, Madalena Arruda. De acordo com o consultor de Turismo do Sebrae em Monteiro, Ayron Kerlly, o pr\u00f3ximo passo para a estrutura\u00e7\u00e3o do roteiro \u00e9 criar um grupo de condutores locais. \u201cA cidade j\u00e1 recebe visitante o ano todo, devido \u00e0 import\u00e2ncia da geologia do lugar, da preserva\u00e7\u00e3o que \u00e9 mantida gera\u00e7\u00e3o ap\u00f3s gera\u00e7\u00e3o e \u00e0 infraestrutura que o local possui. Vamos ainda elaborar a sinaliza\u00e7\u00e3o tur\u00edstica, capacitar empreendedores e produzir um material promocional. Os dados e equipamentos ser\u00e3o postos no portal da Rota e redes sociais\u201d, destacou. O roteiro em Prata &#8211; A cidade possui um casario diferenciado no Centro. Tombadas pelo patrim\u00f4nio hist\u00f3rico, as casas s\u00e3o bem preservadas e coloridas, enfeitando a volta pela pacata cidade. A pra\u00e7a principal \u00e9 bem desenhada, arborizada e preservada at\u00e9 durante esses anos de seca. A zona rural da cidade \u00e9 rica na natureza diversa, com milhares de aves, inclusive a rara \u00e1guia Chilena, que habita algumas partes do Cariri. A flora \u00e9 tamb\u00e9m abundante, com plantas ex\u00f3ticas como a afrodis\u00edaca Cunh\u00e3. Em um dos pontos da Rota, na casa do Areal, ocorreu uma verdadeira guerra entre as pol\u00edcias da Para\u00edba e de Pernambuco para prender o bacharel Augusto Santa Cruz, em 1911, acusado de sequestrar, fazer ref\u00e9ns e outros crimes. Conforme os panfletos da cidade, o confronto ocorreu entre 120 capangas do \u201cDoutor Sinhozinho do Areal\u201d e 400 soldados.\u00a0 Esta casa foi incendiada ao final da batalha e queimou por 15 dias. Uma fortaleza, atualmente s\u00edtio hist\u00f3rico bem preservado, s\u00edmbolo do coronelismo, fen\u00f4meno sociol\u00f3gico do Nordeste agr\u00e1rio com alguma predomin\u00e2ncia at\u00e9 os dias atuais. A gastronomia do munic\u00edpio \u00e9 baseada na caprinocultura, como de toda cidade do Cariri. Na Prata, os cozinheiros mais criativos inventaram h\u00e1 muito tempo o Bode no Buraco. A carne de bode \u00e9 cozida enterrada por carv\u00f5es que a cobrem e ficam em volta da panela. Com cozimento de quase 12 horas, a carne fica no ponto e pode ser provada. Outro momento interessante do roteiro \u00e9 a visita \u00e0 senzala da Fazenda S\u00e3o Paulo dos Dantas, um \u00edcone de um passado de latif\u00fandio escravo. A casa grande \u00e9 em estilo arquitet\u00f4nico dos Bandeirantes, do per\u00edodo das Entradas e Bandeiras, podendo ter de 300 a 400 anos, conforme o atual propriet\u00e1rio, o major Delmiro Dantas. Ele contou que o seu bisav\u00f4, Manoel Dantas Correia de Gois, comprou a casa de um escravocrata em 1864, mas n\u00e3o deu continuidade \u00e0 escravid\u00e3o, libertando os escravos restantes antes da Lei \u00c1urea. Sobre a Rota Cariri Cultural \u2013 O roteiro \u00e9 hist\u00f3rico e ecol\u00f3gico, mostrando as riquezas da natureza e os h\u00e1bitos das cidades do Cariri. Come\u00e7ou em 2015 pela cidade de Monteiro, que possui seis pontos tur\u00edsticos no Assentamento Santa Catarina. Em seguida, a cidade do Congo entrou, com a Serra da Engabelada e o Para\u00edso da Serra, um complexo tur\u00edstico que mostra uma das mais belas vistas da Para\u00edba, para o a\u00e7ude Condado. Foi a partir deste trabalho que alguns empreendimentos surgiram e atualmente est\u00e3o em crescimento, como o Complexo Zab\u00e9 da Loca, com restaurante Casa de Zab\u00e9, Memorial e a Loca para se visitar em Monteiro. J\u00e1 na cidade do Congo, a pousada Para\u00edso da Serra hospeda, alimenta e conduz o turista por mais seis pontos de visita\u00e7\u00e3o. Para saber mais, acesse: http:\/\/rotacariricultural.com.br\/. Cariri em Destaque Fonte: Vitrine do Cariri","og_url":"https:\/\/noticiasemdestaque.com\/cd\/?p=668","og_site_name":"Not&iacute;cias em Destaque","article_published_time":"2017-06-19T18:52:39+00:00","og_image":[{"width":720,"height":479,"url":"https:\/\/noticiasemdestaque.com\/cd\/wp-content\/uploads\/2017\/06\/19062017153227.jpg","type":"image\/jpeg"}],"author":"Not\u00edcias em Destaque","twitter_card":"summary_large_image","twitter_misc":{"Escrito por":"Not\u00edcias em Destaque","Est. tempo de leitura":"4 minutos"},"schema":{"@context":"https:\/\/schema.org","@graph":[{"@type":"Article","@id":"https:\/\/noticiasemdestaque.com\/cd\/?p=668#article","isPartOf":{"@id":"https:\/\/noticiasemdestaque.com\/cd\/?p=668"},"author":{"name":"Not\u00edcias em Destaque","@id":"https:\/\/noticiasemdestaque.com\/cd\/#\/schema\/person\/4a81fb71f77579d059c3045891fa1786"},"headline":"Sebrae formata roteiro tur\u00edstico e cultural na cidade da Prata para agosto","datePublished":"2017-06-19T18:52:39+00:00","mainEntityOfPage":{"@id":"https:\/\/noticiasemdestaque.com\/cd\/?p=668"},"wordCount":760,"publisher":{"@id":"https:\/\/noticiasemdestaque.com\/cd\/#organization"},"image":{"@id":"https:\/\/noticiasemdestaque.com\/cd\/?p=668#primaryimage"},"thumbnailUrl":"https:\/\/noticiasemdestaque.com\/cd\/wp-content\/uploads\/2017\/06\/19062017153227.jpg","articleSection":["Cidades"],"inLanguage":"pt-BR"},{"@type":"WebPage","@id":"https:\/\/noticiasemdestaque.com\/cd\/?p=668","url":"https:\/\/noticiasemdestaque.com\/cd\/?p=668","name":"Sebrae formata roteiro tur\u00edstico e cultural na cidade da Prata para agosto - Not&iacute;cias em Destaque","isPartOf":{"@id":"https:\/\/noticiasemdestaque.com\/cd\/#website"},"primaryImageOfPage":{"@id":"https:\/\/noticiasemdestaque.com\/cd\/?p=668#primaryimage"},"image":{"@id":"https:\/\/noticiasemdestaque.com\/cd\/?p=668#primaryimage"},"thumbnailUrl":"https:\/\/noticiasemdestaque.com\/cd\/wp-content\/uploads\/2017\/06\/19062017153227.jpg","datePublished":"2017-06-19T18:52:39+00:00","breadcrumb":{"@id":"https:\/\/noticiasemdestaque.com\/cd\/?p=668#breadcrumb"},"inLanguage":"pt-BR","potentialAction":[{"@type":"ReadAction","target":["https:\/\/noticiasemdestaque.com\/cd\/?p=668"]}]},{"@type":"ImageObject","inLanguage":"pt-BR","@id":"https:\/\/noticiasemdestaque.com\/cd\/?p=668#primaryimage","url":"https:\/\/noticiasemdestaque.com\/cd\/wp-content\/uploads\/2017\/06\/19062017153227.jpg","contentUrl":"https:\/\/noticiasemdestaque.com\/cd\/wp-content\/uploads\/2017\/06\/19062017153227.jpg","width":720,"height":479},{"@type":"BreadcrumbList","@id":"https:\/\/noticiasemdestaque.com\/cd\/?p=668#breadcrumb","itemListElement":[{"@type":"ListItem","position":1,"name":"In\u00edcio","item":"https:\/\/noticiasemdestaque.com\/cd\/"},{"@type":"ListItem","position":2,"name":"Sebrae formata roteiro tur\u00edstico e cultural na cidade da Prata para agosto"}]},{"@type":"WebSite","@id":"https:\/\/noticiasemdestaque.com\/cd\/#website","url":"https:\/\/noticiasemdestaque.com\/cd\/","name":"Not&iacute;cias em Destaque","description":"","publisher":{"@id":"https:\/\/noticiasemdestaque.com\/cd\/#organization"},"potentialAction":[{"@type":"SearchAction","target":{"@type":"EntryPoint","urlTemplate":"https:\/\/noticiasemdestaque.com\/cd\/?s={search_term_string}"},"query-input":{"@type":"PropertyValueSpecification","valueRequired":true,"valueName":"search_term_string"}}],"inLanguage":"pt-BR"},{"@type":"Organization","@id":"https:\/\/noticiasemdestaque.com\/cd\/#organization","name":"Not\u00edcias em Destaque","url":"https:\/\/noticiasemdestaque.com\/cd\/","logo":{"@type":"ImageObject","inLanguage":"pt-BR","@id":"https:\/\/noticiasemdestaque.com\/cd\/#\/schema\/logo\/image\/","url":"https:\/\/noticiasemdestaque.com\/cd\/wp-content\/uploads\/2022\/05\/imagem-base-noticiasemdestaque.png","contentUrl":"https:\/\/noticiasemdestaque.com\/cd\/wp-content\/uploads\/2022\/05\/imagem-base-noticiasemdestaque.png","width":1200,"height":630,"caption":"Not\u00edcias em Destaque"},"image":{"@id":"https:\/\/noticiasemdestaque.com\/cd\/#\/schema\/logo\/image\/"}},{"@type":"Person","@id":"https:\/\/noticiasemdestaque.com\/cd\/#\/schema\/person\/4a81fb71f77579d059c3045891fa1786","name":"Not\u00edcias em Destaque","url":"https:\/\/noticiasemdestaque.com\/cd\/?author=2"}]}},"jetpack_featured_media_url":"https:\/\/noticiasemdestaque.com\/cd\/wp-content\/uploads\/2017\/06\/19062017153227.jpg","jetpack_sharing_enabled":true,"_links":{"self":[{"href":"https:\/\/noticiasemdestaque.com\/cd\/index.php?rest_route=\/wp\/v2\/posts\/668","targetHints":{"allow":["GET"]}}],"collection":[{"href":"https:\/\/noticiasemdestaque.com\/cd\/index.php?rest_route=\/wp\/v2\/posts"}],"about":[{"href":"https:\/\/noticiasemdestaque.com\/cd\/index.php?rest_route=\/wp\/v2\/types\/post"}],"author":[{"embeddable":true,"href":"https:\/\/noticiasemdestaque.com\/cd\/index.php?rest_route=\/wp\/v2\/users\/2"}],"replies":[{"embeddable":true,"href":"https:\/\/noticiasemdestaque.com\/cd\/index.php?rest_route=%2Fwp%2Fv2%2Fcomments&post=668"}],"version-history":[{"count":1,"href":"https:\/\/noticiasemdestaque.com\/cd\/index.php?rest_route=\/wp\/v2\/posts\/668\/revisions"}],"predecessor-version":[{"id":670,"href":"https:\/\/noticiasemdestaque.com\/cd\/index.php?rest_route=\/wp\/v2\/posts\/668\/revisions\/670"}],"wp:featuredmedia":[{"embeddable":true,"href":"https:\/\/noticiasemdestaque.com\/cd\/index.php?rest_route=\/wp\/v2\/media\/669"}],"wp:attachment":[{"href":"https:\/\/noticiasemdestaque.com\/cd\/index.php?rest_route=%2Fwp%2Fv2%2Fmedia&parent=668"}],"wp:term":[{"taxonomy":"category","embeddable":true,"href":"https:\/\/noticiasemdestaque.com\/cd\/index.php?rest_route=%2Fwp%2Fv2%2Fcategories&post=668"},{"taxonomy":"post_tag","embeddable":true,"href":"https:\/\/noticiasemdestaque.com\/cd\/index.php?rest_route=%2Fwp%2Fv2%2Ftags&post=668"}],"curies":[{"name":"wp","href":"https:\/\/api.w.org\/{rel}","templated":true}]}}