{"id":665,"date":"2017-06-19T15:49:53","date_gmt":"2017-06-19T18:49:53","guid":{"rendered":"http:\/\/caririemdestaque.com\/cd\/?p=665"},"modified":"2017-06-19T15:52:57","modified_gmt":"2017-06-19T18:52:57","slug":"educacao-de-camalau-lanca-programacao-dos-festejos-juninos-nas-escolas","status":"publish","type":"post","link":"https:\/\/noticiasemdestaque.com\/cd\/?p=665","title":{"rendered":"Educa\u00e7\u00e3o de Camala\u00fa lan\u00e7a programa\u00e7\u00e3o dos festejos juninos nas escolas"},"content":{"rendered":"<p><a href=\"http:\/\/caririemdestaque.com\/cd\/wp-content\/uploads\/2017\/06\/timthumb-2.jpg\"><img fetchpriority=\"high\" decoding=\"async\" class=\"size-medium wp-image-666 alignleft\" src=\"http:\/\/caririemdestaque.com\/cd\/wp-content\/uploads\/2017\/06\/timthumb-2-300x218.jpg\" alt=\"\" width=\"300\" height=\"218\" srcset=\"https:\/\/noticiasemdestaque.com\/cd\/wp-content\/uploads\/2017\/06\/timthumb-2-300x218.jpg 300w, https:\/\/noticiasemdestaque.com\/cd\/wp-content\/uploads\/2017\/06\/timthumb-2.jpg 547w\" sizes=\"(max-width: 300px) 100vw, 300px\" \/><\/a><\/p>\n<p>A Secretaria de Educa\u00e7\u00e3o do munic\u00edpio de Camala\u00fa que tem a frente a professora Sandra Freitas, lan\u00e7ou programa\u00e7\u00e3o alusiva aos festejos juninos. A programa\u00e7\u00e3o acontecer\u00e1 em todas as escolas municipais do munic\u00edpio a partir desta segunda-feira (19), e segue at\u00e9 a pr\u00f3xima quarta-feira (21).<\/p>\n<p>A PROGRAMA\u00c7\u00c3O \u00c9 \u00a0A SEGUINTE:<\/p>\n<p>Segunda-feira (19\/06\/2017)<\/p>\n<p>S\u00edtio Ro\u00e7a Nova \u00e0s 8:00h<\/p>\n<p>S\u00edtio do Meio \u00e0s 17:00h<\/p>\n<p>Ter\u00e7a-feira (20\/06\/2017)<\/p>\n<p>S\u00edtio Madeira \u00e0s 8:00h<\/p>\n<p>Pindur\u00e3o as 17:00h<\/p>\n<p>Quarta-feira (21\/06\/2017)<\/p>\n<p>S\u00edtio Cangalha \u00e0s 8:00h<\/p>\n<p>Camala\u00fa (Pra\u00e7a de Eventos) \u00e0s 17:00h<\/p>\n<p><strong><em>Cariri em Destaque <\/em><\/strong><\/p>\n<p>Fonte: Cariri Ligado<\/p>\n","protected":false},"excerpt":{"rendered":"<p>A Secretaria de Educa\u00e7\u00e3o do munic\u00edpio de Camala\u00fa que tem a frente a professora Sandra Freitas, lan\u00e7ou programa\u00e7\u00e3o alusiva aos festejos juninos. A programa\u00e7\u00e3o acontecer\u00e1 em todas as escolas municipais do munic\u00edpio a partir desta segunda-feira (19), e segue at\u00e9 a pr\u00f3xima quarta-feira (21). A PROGRAMA\u00c7\u00c3O \u00c9 \u00a0A SEGUINTE: Segunda-feira (19\/06\/2017) S\u00edtio Ro\u00e7a Nova \u00e0s 8:00h S\u00edtio do Meio \u00e0s 17:00h Ter\u00e7a-feira (20\/06\/2017) S\u00edtio Madeira \u00e0s 8:00h Pindur\u00e3o as 17:00h Quarta-feira (21\/06\/2017) S\u00edtio Cangalha \u00e0s 8:00h Camala\u00fa (Pra\u00e7a de Eventos) \u00e0s 17:00h Cariri em Destaque Fonte: Cariri Ligado<\/p>\n","protected":false},"author":2,"featured_media":666,"comment_status":"closed","ping_status":"open","sticky":false,"template":"","format":"standard","meta":{"_eb_attr":"","_jetpack_memberships_contains_paid_content":false,"footnotes":""},"categories":[6],"tags":[],"class_list":["post-665","post","type-post","status-publish","format-standard","has-post-thumbnail","hentry","category-educacao"],"yoast_head":"<!-- This site is optimized with the Yoast SEO plugin v26.5 - https:\/\/yoast.com\/wordpress\/plugins\/seo\/ -->\n<title>Educa\u00e7\u00e3o de Camala\u00fa lan\u00e7a programa\u00e7\u00e3o dos festejos juninos nas escolas - Not&iacute;cias em Destaque<\/title>\n<meta name=\"robots\" content=\"index, follow, max-snippet:-1, max-image-preview:large, max-video-preview:-1\" \/>\n<link rel=\"canonical\" href=\"https:\/\/noticiasemdestaque.com\/cd\/?p=665\" \/>\n<meta property=\"og:locale\" content=\"pt_BR\" \/>\n<meta property=\"og:type\" content=\"article\" \/>\n<meta property=\"og:title\" content=\"Educa\u00e7\u00e3o de Camala\u00fa lan\u00e7a programa\u00e7\u00e3o dos festejos juninos nas escolas - Not&iacute;cias em Destaque\" \/>\n<meta property=\"og:description\" content=\"A Secretaria de Educa\u00e7\u00e3o do munic\u00edpio de Camala\u00fa que tem a frente a professora Sandra Freitas, lan\u00e7ou programa\u00e7\u00e3o alusiva aos festejos juninos. A programa\u00e7\u00e3o acontecer\u00e1 em todas as escolas municipais do munic\u00edpio a partir desta segunda-feira (19), e segue at\u00e9 a pr\u00f3xima quarta-feira (21). A PROGRAMA\u00c7\u00c3O \u00c9 \u00a0A SEGUINTE: Segunda-feira (19\/06\/2017) S\u00edtio Ro\u00e7a Nova \u00e0s 8:00h S\u00edtio do Meio \u00e0s 17:00h Ter\u00e7a-feira (20\/06\/2017) S\u00edtio Madeira \u00e0s 8:00h Pindur\u00e3o as 17:00h Quarta-feira (21\/06\/2017) S\u00edtio Cangalha \u00e0s 8:00h Camala\u00fa (Pra\u00e7a de Eventos) \u00e0s 17:00h Cariri em Destaque Fonte: Cariri Ligado\" \/>\n<meta property=\"og:url\" content=\"https:\/\/noticiasemdestaque.com\/cd\/?p=665\" \/>\n<meta property=\"og:site_name\" content=\"Not&iacute;cias em Destaque\" \/>\n<meta property=\"article:published_time\" content=\"2017-06-19T18:49:53+00:00\" \/>\n<meta property=\"article:modified_time\" content=\"2017-06-19T18:52:57+00:00\" \/>\n<meta property=\"og:image\" content=\"https:\/\/noticiasemdestaque.com\/cd\/wp-content\/uploads\/2017\/06\/timthumb-2.jpg\" \/>\n\t<meta property=\"og:image:width\" content=\"547\" \/>\n\t<meta property=\"og:image:height\" content=\"398\" \/>\n\t<meta property=\"og:image:type\" content=\"image\/jpeg\" \/>\n<meta name=\"author\" content=\"Not\u00edcias em Destaque\" \/>\n<meta name=\"twitter:card\" content=\"summary_large_image\" \/>\n<meta name=\"twitter:label1\" content=\"Escrito por\" \/>\n\t<meta name=\"twitter:data1\" content=\"Not\u00edcias em Destaque\" \/>\n<script type=\"application\/ld+json\" class=\"yoast-schema-graph\">{\"@context\":\"https:\/\/schema.org\",\"@graph\":[{\"@type\":\"Article\",\"@id\":\"https:\/\/noticiasemdestaque.com\/cd\/?p=665#article\",\"isPartOf\":{\"@id\":\"https:\/\/noticiasemdestaque.com\/cd\/?p=665\"},\"author\":{\"name\":\"Not\u00edcias em Destaque\",\"@id\":\"https:\/\/noticiasemdestaque.com\/cd\/#\/schema\/person\/45ca272b3e1246ef14ebb78a48dbb218\"},\"headline\":\"Educa\u00e7\u00e3o de Camala\u00fa lan\u00e7a programa\u00e7\u00e3o dos festejos juninos nas escolas\",\"datePublished\":\"2017-06-19T18:49:53+00:00\",\"dateModified\":\"2017-06-19T18:52:57+00:00\",\"mainEntityOfPage\":{\"@id\":\"https:\/\/noticiasemdestaque.com\/cd\/?p=665\"},\"wordCount\":111,\"publisher\":{\"@id\":\"https:\/\/noticiasemdestaque.com\/cd\/#organization\"},\"image\":{\"@id\":\"https:\/\/noticiasemdestaque.com\/cd\/?p=665#primaryimage\"},\"thumbnailUrl\":\"https:\/\/noticiasemdestaque.com\/cd\/wp-content\/uploads\/2017\/06\/timthumb-2.jpg\",\"articleSection\":[\"Educa\u00e7\u00e3o\"],\"inLanguage\":\"pt-BR\"},{\"@type\":\"WebPage\",\"@id\":\"https:\/\/noticiasemdestaque.com\/cd\/?p=665\",\"url\":\"https:\/\/noticiasemdestaque.com\/cd\/?p=665\",\"name\":\"Educa\u00e7\u00e3o de Camala\u00fa lan\u00e7a programa\u00e7\u00e3o dos festejos juninos nas escolas - Not&iacute;cias em Destaque\",\"isPartOf\":{\"@id\":\"https:\/\/noticiasemdestaque.com\/cd\/#website\"},\"primaryImageOfPage\":{\"@id\":\"https:\/\/noticiasemdestaque.com\/cd\/?p=665#primaryimage\"},\"image\":{\"@id\":\"https:\/\/noticiasemdestaque.com\/cd\/?p=665#primaryimage\"},\"thumbnailUrl\":\"https:\/\/noticiasemdestaque.com\/cd\/wp-content\/uploads\/2017\/06\/timthumb-2.jpg\",\"datePublished\":\"2017-06-19T18:49:53+00:00\",\"dateModified\":\"2017-06-19T18:52:57+00:00\",\"breadcrumb\":{\"@id\":\"https:\/\/noticiasemdestaque.com\/cd\/?p=665#breadcrumb\"},\"inLanguage\":\"pt-BR\",\"potentialAction\":[{\"@type\":\"ReadAction\",\"target\":[\"https:\/\/noticiasemdestaque.com\/cd\/?p=665\"]}]},{\"@type\":\"ImageObject\",\"inLanguage\":\"pt-BR\",\"@id\":\"https:\/\/noticiasemdestaque.com\/cd\/?p=665#primaryimage\",\"url\":\"https:\/\/noticiasemdestaque.com\/cd\/wp-content\/uploads\/2017\/06\/timthumb-2.jpg\",\"contentUrl\":\"https:\/\/noticiasemdestaque.com\/cd\/wp-content\/uploads\/2017\/06\/timthumb-2.jpg\",\"width\":547,\"height\":398},{\"@type\":\"BreadcrumbList\",\"@id\":\"https:\/\/noticiasemdestaque.com\/cd\/?p=665#breadcrumb\",\"itemListElement\":[{\"@type\":\"ListItem\",\"position\":1,\"name\":\"In\u00edcio\",\"item\":\"https:\/\/noticiasemdestaque.com\/cd\/\"},{\"@type\":\"ListItem\",\"position\":2,\"name\":\"Educa\u00e7\u00e3o de Camala\u00fa lan\u00e7a programa\u00e7\u00e3o dos festejos juninos nas escolas\"}]},{\"@type\":\"WebSite\",\"@id\":\"https:\/\/noticiasemdestaque.com\/cd\/#website\",\"url\":\"https:\/\/noticiasemdestaque.com\/cd\/\",\"name\":\"Not&iacute;cias em Destaque\",\"description\":\"\",\"publisher\":{\"@id\":\"https:\/\/noticiasemdestaque.com\/cd\/#organization\"},\"potentialAction\":[{\"@type\":\"SearchAction\",\"target\":{\"@type\":\"EntryPoint\",\"urlTemplate\":\"https:\/\/noticiasemdestaque.com\/cd\/?s={search_term_string}\"},\"query-input\":{\"@type\":\"PropertyValueSpecification\",\"valueRequired\":true,\"valueName\":\"search_term_string\"}}],\"inLanguage\":\"pt-BR\"},{\"@type\":\"Organization\",\"@id\":\"https:\/\/noticiasemdestaque.com\/cd\/#organization\",\"name\":\"Not\u00edcias em Destaque\",\"url\":\"https:\/\/noticiasemdestaque.com\/cd\/\",\"logo\":{\"@type\":\"ImageObject\",\"inLanguage\":\"pt-BR\",\"@id\":\"https:\/\/noticiasemdestaque.com\/cd\/#\/schema\/logo\/image\/\",\"url\":\"https:\/\/noticiasemdestaque.com\/cd\/wp-content\/uploads\/2022\/05\/imagem-base-noticiasemdestaque.png\",\"contentUrl\":\"https:\/\/noticiasemdestaque.com\/cd\/wp-content\/uploads\/2022\/05\/imagem-base-noticiasemdestaque.png\",\"width\":1200,\"height\":630,\"caption\":\"Not\u00edcias em Destaque\"},\"image\":{\"@id\":\"https:\/\/noticiasemdestaque.com\/cd\/#\/schema\/logo\/image\/\"}},{\"@type\":\"Person\",\"@id\":\"https:\/\/noticiasemdestaque.com\/cd\/#\/schema\/person\/45ca272b3e1246ef14ebb78a48dbb218\",\"name\":\"Not\u00edcias em Destaque\",\"url\":\"https:\/\/noticiasemdestaque.com\/cd\/?author=2\"}]}<\/script>\n<!-- \/ Yoast SEO plugin. -->","yoast_head_json":{"title":"Educa\u00e7\u00e3o de Camala\u00fa lan\u00e7a programa\u00e7\u00e3o dos festejos juninos nas escolas - Not&iacute;cias em Destaque","robots":{"index":"index","follow":"follow","max-snippet":"max-snippet:-1","max-image-preview":"max-image-preview:large","max-video-preview":"max-video-preview:-1"},"canonical":"https:\/\/noticiasemdestaque.com\/cd\/?p=665","og_locale":"pt_BR","og_type":"article","og_title":"Educa\u00e7\u00e3o de Camala\u00fa lan\u00e7a programa\u00e7\u00e3o dos festejos juninos nas escolas - Not&iacute;cias em Destaque","og_description":"A Secretaria de Educa\u00e7\u00e3o do munic\u00edpio de Camala\u00fa que tem a frente a professora Sandra Freitas, lan\u00e7ou programa\u00e7\u00e3o alusiva aos festejos juninos. A programa\u00e7\u00e3o acontecer\u00e1 em todas as escolas municipais do munic\u00edpio a partir desta segunda-feira (19), e segue at\u00e9 a pr\u00f3xima quarta-feira (21). A PROGRAMA\u00c7\u00c3O \u00c9 \u00a0A SEGUINTE: Segunda-feira (19\/06\/2017) S\u00edtio Ro\u00e7a Nova \u00e0s 8:00h S\u00edtio do Meio \u00e0s 17:00h Ter\u00e7a-feira (20\/06\/2017) S\u00edtio Madeira \u00e0s 8:00h Pindur\u00e3o as 17:00h Quarta-feira (21\/06\/2017) S\u00edtio Cangalha \u00e0s 8:00h Camala\u00fa (Pra\u00e7a de Eventos) \u00e0s 17:00h Cariri em Destaque Fonte: Cariri Ligado","og_url":"https:\/\/noticiasemdestaque.com\/cd\/?p=665","og_site_name":"Not&iacute;cias em Destaque","article_published_time":"2017-06-19T18:49:53+00:00","article_modified_time":"2017-06-19T18:52:57+00:00","og_image":[{"width":547,"height":398,"url":"https:\/\/noticiasemdestaque.com\/cd\/wp-content\/uploads\/2017\/06\/timthumb-2.jpg","type":"image\/jpeg"}],"author":"Not\u00edcias em Destaque","twitter_card":"summary_large_image","twitter_misc":{"Escrito por":"Not\u00edcias em Destaque"},"schema":{"@context":"https:\/\/schema.org","@graph":[{"@type":"Article","@id":"https:\/\/noticiasemdestaque.com\/cd\/?p=665#article","isPartOf":{"@id":"https:\/\/noticiasemdestaque.com\/cd\/?p=665"},"author":{"name":"Not\u00edcias em Destaque","@id":"https:\/\/noticiasemdestaque.com\/cd\/#\/schema\/person\/45ca272b3e1246ef14ebb78a48dbb218"},"headline":"Educa\u00e7\u00e3o de Camala\u00fa lan\u00e7a programa\u00e7\u00e3o dos festejos juninos nas escolas","datePublished":"2017-06-19T18:49:53+00:00","dateModified":"2017-06-19T18:52:57+00:00","mainEntityOfPage":{"@id":"https:\/\/noticiasemdestaque.com\/cd\/?p=665"},"wordCount":111,"publisher":{"@id":"https:\/\/noticiasemdestaque.com\/cd\/#organization"},"image":{"@id":"https:\/\/noticiasemdestaque.com\/cd\/?p=665#primaryimage"},"thumbnailUrl":"https:\/\/noticiasemdestaque.com\/cd\/wp-content\/uploads\/2017\/06\/timthumb-2.jpg","articleSection":["Educa\u00e7\u00e3o"],"inLanguage":"pt-BR"},{"@type":"WebPage","@id":"https:\/\/noticiasemdestaque.com\/cd\/?p=665","url":"https:\/\/noticiasemdestaque.com\/cd\/?p=665","name":"Educa\u00e7\u00e3o de Camala\u00fa lan\u00e7a programa\u00e7\u00e3o dos festejos juninos nas escolas - Not&iacute;cias em Destaque","isPartOf":{"@id":"https:\/\/noticiasemdestaque.com\/cd\/#website"},"primaryImageOfPage":{"@id":"https:\/\/noticiasemdestaque.com\/cd\/?p=665#primaryimage"},"image":{"@id":"https:\/\/noticiasemdestaque.com\/cd\/?p=665#primaryimage"},"thumbnailUrl":"https:\/\/noticiasemdestaque.com\/cd\/wp-content\/uploads\/2017\/06\/timthumb-2.jpg","datePublished":"2017-06-19T18:49:53+00:00","dateModified":"2017-06-19T18:52:57+00:00","breadcrumb":{"@id":"https:\/\/noticiasemdestaque.com\/cd\/?p=665#breadcrumb"},"inLanguage":"pt-BR","potentialAction":[{"@type":"ReadAction","target":["https:\/\/noticiasemdestaque.com\/cd\/?p=665"]}]},{"@type":"ImageObject","inLanguage":"pt-BR","@id":"https:\/\/noticiasemdestaque.com\/cd\/?p=665#primaryimage","url":"https:\/\/noticiasemdestaque.com\/cd\/wp-content\/uploads\/2017\/06\/timthumb-2.jpg","contentUrl":"https:\/\/noticiasemdestaque.com\/cd\/wp-content\/uploads\/2017\/06\/timthumb-2.jpg","width":547,"height":398},{"@type":"BreadcrumbList","@id":"https:\/\/noticiasemdestaque.com\/cd\/?p=665#breadcrumb","itemListElement":[{"@type":"ListItem","position":1,"name":"In\u00edcio","item":"https:\/\/noticiasemdestaque.com\/cd\/"},{"@type":"ListItem","position":2,"name":"Educa\u00e7\u00e3o de Camala\u00fa lan\u00e7a programa\u00e7\u00e3o dos festejos juninos nas escolas"}]},{"@type":"WebSite","@id":"https:\/\/noticiasemdestaque.com\/cd\/#website","url":"https:\/\/noticiasemdestaque.com\/cd\/","name":"Not&iacute;cias em Destaque","description":"","publisher":{"@id":"https:\/\/noticiasemdestaque.com\/cd\/#organization"},"potentialAction":[{"@type":"SearchAction","target":{"@type":"EntryPoint","urlTemplate":"https:\/\/noticiasemdestaque.com\/cd\/?s={search_term_string}"},"query-input":{"@type":"PropertyValueSpecification","valueRequired":true,"valueName":"search_term_string"}}],"inLanguage":"pt-BR"},{"@type":"Organization","@id":"https:\/\/noticiasemdestaque.com\/cd\/#organization","name":"Not\u00edcias em Destaque","url":"https:\/\/noticiasemdestaque.com\/cd\/","logo":{"@type":"ImageObject","inLanguage":"pt-BR","@id":"https:\/\/noticiasemdestaque.com\/cd\/#\/schema\/logo\/image\/","url":"https:\/\/noticiasemdestaque.com\/cd\/wp-content\/uploads\/2022\/05\/imagem-base-noticiasemdestaque.png","contentUrl":"https:\/\/noticiasemdestaque.com\/cd\/wp-content\/uploads\/2022\/05\/imagem-base-noticiasemdestaque.png","width":1200,"height":630,"caption":"Not\u00edcias em Destaque"},"image":{"@id":"https:\/\/noticiasemdestaque.com\/cd\/#\/schema\/logo\/image\/"}},{"@type":"Person","@id":"https:\/\/noticiasemdestaque.com\/cd\/#\/schema\/person\/45ca272b3e1246ef14ebb78a48dbb218","name":"Not\u00edcias em Destaque","url":"https:\/\/noticiasemdestaque.com\/cd\/?author=2"}]}},"jetpack_featured_media_url":"https:\/\/noticiasemdestaque.com\/cd\/wp-content\/uploads\/2017\/06\/timthumb-2.jpg","jetpack_sharing_enabled":true,"_links":{"self":[{"href":"https:\/\/noticiasemdestaque.com\/cd\/index.php?rest_route=\/wp\/v2\/posts\/665","targetHints":{"allow":["GET"]}}],"collection":[{"href":"https:\/\/noticiasemdestaque.com\/cd\/index.php?rest_route=\/wp\/v2\/posts"}],"about":[{"href":"https:\/\/noticiasemdestaque.com\/cd\/index.php?rest_route=\/wp\/v2\/types\/post"}],"author":[{"embeddable":true,"href":"https:\/\/noticiasemdestaque.com\/cd\/index.php?rest_route=\/wp\/v2\/users\/2"}],"replies":[{"embeddable":true,"href":"https:\/\/noticiasemdestaque.com\/cd\/index.php?rest_route=%2Fwp%2Fv2%2Fcomments&post=665"}],"version-history":[{"count":1,"href":"https:\/\/noticiasemdestaque.com\/cd\/index.php?rest_route=\/wp\/v2\/posts\/665\/revisions"}],"predecessor-version":[{"id":667,"href":"https:\/\/noticiasemdestaque.com\/cd\/index.php?rest_route=\/wp\/v2\/posts\/665\/revisions\/667"}],"wp:featuredmedia":[{"embeddable":true,"href":"https:\/\/noticiasemdestaque.com\/cd\/index.php?rest_route=\/wp\/v2\/media\/666"}],"wp:attachment":[{"href":"https:\/\/noticiasemdestaque.com\/cd\/index.php?rest_route=%2Fwp%2Fv2%2Fmedia&parent=665"}],"wp:term":[{"taxonomy":"category","embeddable":true,"href":"https:\/\/noticiasemdestaque.com\/cd\/index.php?rest_route=%2Fwp%2Fv2%2Fcategories&post=665"},{"taxonomy":"post_tag","embeddable":true,"href":"https:\/\/noticiasemdestaque.com\/cd\/index.php?rest_route=%2Fwp%2Fv2%2Ftags&post=665"}],"curies":[{"name":"wp","href":"https:\/\/api.w.org\/{rel}","templated":true}]}}