{"id":6611,"date":"2017-12-13T07:38:16","date_gmt":"2017-12-13T10:38:16","guid":{"rendered":"http:\/\/caririemdestaque.com\/cd\/?p=6611"},"modified":"2017-12-13T07:38:16","modified_gmt":"2017-12-13T10:38:16","slug":"azevedo-alerta-para-possibilidade-da-pb-perder-mais-de-500-empregos","status":"publish","type":"post","link":"https:\/\/noticiasemdestaque.com\/cd\/?p=6611","title":{"rendered":"Azev\u00eado alerta para possibilidade da PB perder mais de 500 empregos"},"content":{"rendered":"<figure id=\"attachment_6612\" aria-describedby=\"caption-attachment-6612\" style=\"width: 235px\" class=\"wp-caption alignleft\"><a href=\"http:\/\/caririemdestaque.com\/cd\/wp-content\/uploads\/2017\/12\/t.jpg\"><img decoding=\"async\" class=\"wp-image-6612 \" src=\"http:\/\/caririemdestaque.com\/cd\/wp-content\/uploads\/2017\/12\/t-300x165.jpg\" alt=\"\" width=\"235\" height=\"129\" srcset=\"https:\/\/noticiasemdestaque.com\/cd\/wp-content\/uploads\/2017\/12\/t-300x165.jpg 300w, https:\/\/noticiasemdestaque.com\/cd\/wp-content\/uploads\/2017\/12\/t-768x422.jpg 768w, https:\/\/noticiasemdestaque.com\/cd\/wp-content\/uploads\/2017\/12\/t.jpg 800w\" sizes=\"(max-width: 235px) 100vw, 235px\" \/><\/a><figcaption id=\"caption-attachment-6612\" class=\"wp-caption-text\">Foto: Walla Santos<\/figcaption><\/figure>\n<p>O secret\u00e1rio de Infraestrutura e Recursos H\u00eddricos da Para\u00edba, Jo\u00e3o Azevedo (PSB), comentou ontem, ter\u00e7a-feira (12) sobre a pol\u00eamica que envolve a decis\u00e3o da prefeitura de Jo\u00e3o Pessoa de impedir, atrav\u00e9s de cassa\u00e7\u00e3o de licen\u00e7as, anteriormente concedidas,\u00a0a constru\u00e7\u00e3o do Home Center Ferreira Costa, no bairro Aeroclube, na Capital. O que poderia gerar 500 empregos.<\/p><\/div>\n<p>Jo\u00e3o Azevedo disse que a Para\u00edba vive um momento especial de prepara\u00e7\u00e3o e busca de empresas para captar empregos e desenvolver a economia e citou uma cervejaria que vai se instalar na cidade de Alhandra. Ser\u00e3o mais de 500 empregos.<\/p>\n<p>&#8220;\u00c9 necess\u00e1rio que se reveja a posi\u00e7\u00e3o, j\u00e1 que n\u00e3o se pode perder um empreendimento desse\u00a0por quest\u00f5es burocr\u00e1ticas. \u00c9\u00a0mais importante gerar os investimentos e empregos e se busque uma solu\u00e7\u00e3o. Tem que verificar a pend\u00eancia para se resolver o assunto.<\/p>\n<p>Vendo o que o Estado poderia perder, o governador Ricardo Coutinho (PSB) demosntrou interesse em ajudar na concilia\u00e7\u00e3o da empresa e a prefeitura e convidou empres\u00e1rios e o prefeito Luciano Cartaxo (PSD) para uma reuni\u00e3o a fim de tratar sobre o tema.<\/p>\n<p>A prefeitura negou que esteja tentando obstacular a implanta\u00e7\u00e3o da empresa e n\u00e3o confirmou sua ida \u00e0 reuni\u00e3o.<\/p>\n<p>A pol\u00eamica come\u00e7ou quando as obras de constru\u00e7\u00e3o de uma unidade do Home Center Ferreira Costa foram\u00a0paralisadas ap\u00f3s a prefeitura desautorizar as licen\u00e7as que tinham sido concedidas. A alega\u00e7\u00e3o na \u00e9poca \u00e9 que o pr\u00e9dio colocaria em risco a decolagem e pouso de aeronaves do aeroclube que se localiza muito pr\u00f3ximo do local escolhido pela empresa.<\/p>\n<p>Fonte: Pbagora<\/p>\n","protected":false},"excerpt":{"rendered":"<p>O secret\u00e1rio de Infraestrutura e Recursos H\u00eddricos da Para\u00edba, Jo\u00e3o Azevedo (PSB), comentou ontem, ter\u00e7a-feira (12) sobre a pol\u00eamica que envolve a decis\u00e3o da prefeitura de Jo\u00e3o Pessoa de impedir, atrav\u00e9s de cassa\u00e7\u00e3o de licen\u00e7as, anteriormente concedidas,\u00a0a constru\u00e7\u00e3o do Home Center Ferreira Costa, no bairro Aeroclube, na Capital. O que poderia gerar 500 empregos. Jo\u00e3o Azevedo disse que a Para\u00edba vive um momento especial de prepara\u00e7\u00e3o e busca de empresas para captar empregos e desenvolver a economia e citou uma cervejaria que vai se instalar na cidade de Alhandra. Ser\u00e3o mais de 500 empregos. &#8220;\u00c9 necess\u00e1rio que se reveja a posi\u00e7\u00e3o, j\u00e1 que n\u00e3o se pode perder um empreendimento desse\u00a0por quest\u00f5es burocr\u00e1ticas. \u00c9\u00a0mais importante gerar os investimentos e empregos e se busque uma solu\u00e7\u00e3o. Tem que verificar a pend\u00eancia para se resolver o assunto. Vendo o que o Estado poderia perder, o governador Ricardo Coutinho (PSB) demosntrou interesse em ajudar na concilia\u00e7\u00e3o da empresa e a prefeitura e convidou empres\u00e1rios e o prefeito Luciano Cartaxo (PSD) para uma reuni\u00e3o a fim de tratar sobre o tema. A prefeitura negou que esteja tentando obstacular a implanta\u00e7\u00e3o da empresa e n\u00e3o confirmou sua ida \u00e0 reuni\u00e3o. A pol\u00eamica come\u00e7ou quando as obras de constru\u00e7\u00e3o de uma unidade do Home Center Ferreira Costa foram\u00a0paralisadas ap\u00f3s a prefeitura desautorizar as licen\u00e7as que tinham sido concedidas. A alega\u00e7\u00e3o na \u00e9poca \u00e9 que o pr\u00e9dio colocaria em risco a decolagem e pouso de aeronaves do aeroclube que se localiza muito pr\u00f3ximo do local escolhido pela empresa. Fonte: Pbagora<\/p>\n","protected":false},"author":2,"featured_media":6612,"comment_status":"closed","ping_status":"open","sticky":false,"template":"","format":"standard","meta":{"_eb_attr":"","_jetpack_memberships_contains_paid_content":false,"footnotes":""},"categories":[11],"tags":[],"class_list":["post-6611","post","type-post","status-publish","format-standard","has-post-thumbnail","hentry","category-economia"],"yoast_head":"<!-- This site is optimized with the Yoast SEO plugin v26.5 - https:\/\/yoast.com\/wordpress\/plugins\/seo\/ -->\n<title>Azev\u00eado alerta para possibilidade da PB perder mais de 500 empregos - Not&iacute;cias em Destaque<\/title>\n<meta name=\"robots\" content=\"index, follow, max-snippet:-1, max-image-preview:large, max-video-preview:-1\" \/>\n<link rel=\"canonical\" href=\"https:\/\/noticiasemdestaque.com\/cd\/?p=6611\" \/>\n<meta property=\"og:locale\" content=\"pt_BR\" \/>\n<meta property=\"og:type\" content=\"article\" \/>\n<meta property=\"og:title\" content=\"Azev\u00eado alerta para possibilidade da PB perder mais de 500 empregos - Not&iacute;cias em Destaque\" \/>\n<meta property=\"og:description\" content=\"O secret\u00e1rio de Infraestrutura e Recursos H\u00eddricos da Para\u00edba, Jo\u00e3o Azevedo (PSB), comentou ontem, ter\u00e7a-feira (12) sobre a pol\u00eamica que envolve a decis\u00e3o da prefeitura de Jo\u00e3o Pessoa de impedir, atrav\u00e9s de cassa\u00e7\u00e3o de licen\u00e7as, anteriormente concedidas,\u00a0a constru\u00e7\u00e3o do Home Center Ferreira Costa, no bairro Aeroclube, na Capital. O que poderia gerar 500 empregos. Jo\u00e3o Azevedo disse que a Para\u00edba vive um momento especial de prepara\u00e7\u00e3o e busca de empresas para captar empregos e desenvolver a economia e citou uma cervejaria que vai se instalar na cidade de Alhandra. Ser\u00e3o mais de 500 empregos. &#8220;\u00c9 necess\u00e1rio que se reveja a posi\u00e7\u00e3o, j\u00e1 que n\u00e3o se pode perder um empreendimento desse\u00a0por quest\u00f5es burocr\u00e1ticas. \u00c9\u00a0mais importante gerar os investimentos e empregos e se busque uma solu\u00e7\u00e3o. Tem que verificar a pend\u00eancia para se resolver o assunto. Vendo o que o Estado poderia perder, o governador Ricardo Coutinho (PSB) demosntrou interesse em ajudar na concilia\u00e7\u00e3o da empresa e a prefeitura e convidou empres\u00e1rios e o prefeito Luciano Cartaxo (PSD) para uma reuni\u00e3o a fim de tratar sobre o tema. A prefeitura negou que esteja tentando obstacular a implanta\u00e7\u00e3o da empresa e n\u00e3o confirmou sua ida \u00e0 reuni\u00e3o. A pol\u00eamica come\u00e7ou quando as obras de constru\u00e7\u00e3o de uma unidade do Home Center Ferreira Costa foram\u00a0paralisadas ap\u00f3s a prefeitura desautorizar as licen\u00e7as que tinham sido concedidas. A alega\u00e7\u00e3o na \u00e9poca \u00e9 que o pr\u00e9dio colocaria em risco a decolagem e pouso de aeronaves do aeroclube que se localiza muito pr\u00f3ximo do local escolhido pela empresa. Fonte: Pbagora\" \/>\n<meta property=\"og:url\" content=\"https:\/\/noticiasemdestaque.com\/cd\/?p=6611\" \/>\n<meta property=\"og:site_name\" content=\"Not&iacute;cias em Destaque\" \/>\n<meta property=\"article:published_time\" content=\"2017-12-13T10:38:16+00:00\" \/>\n<meta property=\"og:image\" content=\"https:\/\/noticiasemdestaque.com\/cd\/wp-content\/uploads\/2017\/12\/t.jpg\" \/>\n\t<meta property=\"og:image:width\" content=\"800\" \/>\n\t<meta property=\"og:image:height\" content=\"440\" \/>\n\t<meta property=\"og:image:type\" content=\"image\/jpeg\" \/>\n<meta name=\"author\" content=\"Not\u00edcias em Destaque\" \/>\n<meta name=\"twitter:card\" content=\"summary_large_image\" \/>\n<meta name=\"twitter:label1\" content=\"Escrito por\" \/>\n\t<meta name=\"twitter:data1\" content=\"Not\u00edcias em Destaque\" \/>\n\t<meta name=\"twitter:label2\" content=\"Est. tempo de leitura\" \/>\n\t<meta name=\"twitter:data2\" content=\"1 minuto\" \/>\n<script type=\"application\/ld+json\" class=\"yoast-schema-graph\">{\"@context\":\"https:\/\/schema.org\",\"@graph\":[{\"@type\":\"Article\",\"@id\":\"https:\/\/noticiasemdestaque.com\/cd\/?p=6611#article\",\"isPartOf\":{\"@id\":\"https:\/\/noticiasemdestaque.com\/cd\/?p=6611\"},\"author\":{\"name\":\"Not\u00edcias em Destaque\",\"@id\":\"https:\/\/noticiasemdestaque.com\/cd\/#\/schema\/person\/21320b03a7e8bb90128938dafc9b908a\"},\"headline\":\"Azev\u00eado alerta para possibilidade da PB perder mais de 500 empregos\",\"datePublished\":\"2017-12-13T10:38:16+00:00\",\"mainEntityOfPage\":{\"@id\":\"https:\/\/noticiasemdestaque.com\/cd\/?p=6611\"},\"wordCount\":307,\"publisher\":{\"@id\":\"https:\/\/noticiasemdestaque.com\/cd\/#organization\"},\"image\":{\"@id\":\"https:\/\/noticiasemdestaque.com\/cd\/?p=6611#primaryimage\"},\"thumbnailUrl\":\"https:\/\/noticiasemdestaque.com\/cd\/wp-content\/uploads\/2017\/12\/t.jpg\",\"articleSection\":[\"Economia\"],\"inLanguage\":\"pt-BR\"},{\"@type\":\"WebPage\",\"@id\":\"https:\/\/noticiasemdestaque.com\/cd\/?p=6611\",\"url\":\"https:\/\/noticiasemdestaque.com\/cd\/?p=6611\",\"name\":\"Azev\u00eado alerta para possibilidade da PB perder mais de 500 empregos - Not&iacute;cias em Destaque\",\"isPartOf\":{\"@id\":\"https:\/\/noticiasemdestaque.com\/cd\/#website\"},\"primaryImageOfPage\":{\"@id\":\"https:\/\/noticiasemdestaque.com\/cd\/?p=6611#primaryimage\"},\"image\":{\"@id\":\"https:\/\/noticiasemdestaque.com\/cd\/?p=6611#primaryimage\"},\"thumbnailUrl\":\"https:\/\/noticiasemdestaque.com\/cd\/wp-content\/uploads\/2017\/12\/t.jpg\",\"datePublished\":\"2017-12-13T10:38:16+00:00\",\"breadcrumb\":{\"@id\":\"https:\/\/noticiasemdestaque.com\/cd\/?p=6611#breadcrumb\"},\"inLanguage\":\"pt-BR\",\"potentialAction\":[{\"@type\":\"ReadAction\",\"target\":[\"https:\/\/noticiasemdestaque.com\/cd\/?p=6611\"]}]},{\"@type\":\"ImageObject\",\"inLanguage\":\"pt-BR\",\"@id\":\"https:\/\/noticiasemdestaque.com\/cd\/?p=6611#primaryimage\",\"url\":\"https:\/\/noticiasemdestaque.com\/cd\/wp-content\/uploads\/2017\/12\/t.jpg\",\"contentUrl\":\"https:\/\/noticiasemdestaque.com\/cd\/wp-content\/uploads\/2017\/12\/t.jpg\",\"width\":800,\"height\":440,\"caption\":\"Foto: Walla Santos\"},{\"@type\":\"BreadcrumbList\",\"@id\":\"https:\/\/noticiasemdestaque.com\/cd\/?p=6611#breadcrumb\",\"itemListElement\":[{\"@type\":\"ListItem\",\"position\":1,\"name\":\"In\u00edcio\",\"item\":\"https:\/\/noticiasemdestaque.com\/cd\/\"},{\"@type\":\"ListItem\",\"position\":2,\"name\":\"Azev\u00eado alerta para possibilidade da PB perder mais de 500 empregos\"}]},{\"@type\":\"WebSite\",\"@id\":\"https:\/\/noticiasemdestaque.com\/cd\/#website\",\"url\":\"https:\/\/noticiasemdestaque.com\/cd\/\",\"name\":\"Not&iacute;cias em Destaque\",\"description\":\"\",\"publisher\":{\"@id\":\"https:\/\/noticiasemdestaque.com\/cd\/#organization\"},\"potentialAction\":[{\"@type\":\"SearchAction\",\"target\":{\"@type\":\"EntryPoint\",\"urlTemplate\":\"https:\/\/noticiasemdestaque.com\/cd\/?s={search_term_string}\"},\"query-input\":{\"@type\":\"PropertyValueSpecification\",\"valueRequired\":true,\"valueName\":\"search_term_string\"}}],\"inLanguage\":\"pt-BR\"},{\"@type\":\"Organization\",\"@id\":\"https:\/\/noticiasemdestaque.com\/cd\/#organization\",\"name\":\"Not\u00edcias em Destaque\",\"url\":\"https:\/\/noticiasemdestaque.com\/cd\/\",\"logo\":{\"@type\":\"ImageObject\",\"inLanguage\":\"pt-BR\",\"@id\":\"https:\/\/noticiasemdestaque.com\/cd\/#\/schema\/logo\/image\/\",\"url\":\"https:\/\/noticiasemdestaque.com\/cd\/wp-content\/uploads\/2022\/05\/imagem-base-noticiasemdestaque.png\",\"contentUrl\":\"https:\/\/noticiasemdestaque.com\/cd\/wp-content\/uploads\/2022\/05\/imagem-base-noticiasemdestaque.png\",\"width\":1200,\"height\":630,\"caption\":\"Not\u00edcias em Destaque\"},\"image\":{\"@id\":\"https:\/\/noticiasemdestaque.com\/cd\/#\/schema\/logo\/image\/\"}},{\"@type\":\"Person\",\"@id\":\"https:\/\/noticiasemdestaque.com\/cd\/#\/schema\/person\/21320b03a7e8bb90128938dafc9b908a\",\"name\":\"Not\u00edcias em Destaque\",\"url\":\"https:\/\/noticiasemdestaque.com\/cd\/?author=2\"}]}<\/script>\n<!-- \/ Yoast SEO plugin. -->","yoast_head_json":{"title":"Azev\u00eado alerta para possibilidade da PB perder mais de 500 empregos - Not&iacute;cias em Destaque","robots":{"index":"index","follow":"follow","max-snippet":"max-snippet:-1","max-image-preview":"max-image-preview:large","max-video-preview":"max-video-preview:-1"},"canonical":"https:\/\/noticiasemdestaque.com\/cd\/?p=6611","og_locale":"pt_BR","og_type":"article","og_title":"Azev\u00eado alerta para possibilidade da PB perder mais de 500 empregos - Not&iacute;cias em Destaque","og_description":"O secret\u00e1rio de Infraestrutura e Recursos H\u00eddricos da Para\u00edba, Jo\u00e3o Azevedo (PSB), comentou ontem, ter\u00e7a-feira (12) sobre a pol\u00eamica que envolve a decis\u00e3o da prefeitura de Jo\u00e3o Pessoa de impedir, atrav\u00e9s de cassa\u00e7\u00e3o de licen\u00e7as, anteriormente concedidas,\u00a0a constru\u00e7\u00e3o do Home Center Ferreira Costa, no bairro Aeroclube, na Capital. O que poderia gerar 500 empregos. Jo\u00e3o Azevedo disse que a Para\u00edba vive um momento especial de prepara\u00e7\u00e3o e busca de empresas para captar empregos e desenvolver a economia e citou uma cervejaria que vai se instalar na cidade de Alhandra. Ser\u00e3o mais de 500 empregos. &#8220;\u00c9 necess\u00e1rio que se reveja a posi\u00e7\u00e3o, j\u00e1 que n\u00e3o se pode perder um empreendimento desse\u00a0por quest\u00f5es burocr\u00e1ticas. \u00c9\u00a0mais importante gerar os investimentos e empregos e se busque uma solu\u00e7\u00e3o. Tem que verificar a pend\u00eancia para se resolver o assunto. Vendo o que o Estado poderia perder, o governador Ricardo Coutinho (PSB) demosntrou interesse em ajudar na concilia\u00e7\u00e3o da empresa e a prefeitura e convidou empres\u00e1rios e o prefeito Luciano Cartaxo (PSD) para uma reuni\u00e3o a fim de tratar sobre o tema. A prefeitura negou que esteja tentando obstacular a implanta\u00e7\u00e3o da empresa e n\u00e3o confirmou sua ida \u00e0 reuni\u00e3o. A pol\u00eamica come\u00e7ou quando as obras de constru\u00e7\u00e3o de uma unidade do Home Center Ferreira Costa foram\u00a0paralisadas ap\u00f3s a prefeitura desautorizar as licen\u00e7as que tinham sido concedidas. A alega\u00e7\u00e3o na \u00e9poca \u00e9 que o pr\u00e9dio colocaria em risco a decolagem e pouso de aeronaves do aeroclube que se localiza muito pr\u00f3ximo do local escolhido pela empresa. Fonte: Pbagora","og_url":"https:\/\/noticiasemdestaque.com\/cd\/?p=6611","og_site_name":"Not&iacute;cias em Destaque","article_published_time":"2017-12-13T10:38:16+00:00","og_image":[{"width":800,"height":440,"url":"https:\/\/noticiasemdestaque.com\/cd\/wp-content\/uploads\/2017\/12\/t.jpg","type":"image\/jpeg"}],"author":"Not\u00edcias em Destaque","twitter_card":"summary_large_image","twitter_misc":{"Escrito por":"Not\u00edcias em Destaque","Est. tempo de leitura":"1 minuto"},"schema":{"@context":"https:\/\/schema.org","@graph":[{"@type":"Article","@id":"https:\/\/noticiasemdestaque.com\/cd\/?p=6611#article","isPartOf":{"@id":"https:\/\/noticiasemdestaque.com\/cd\/?p=6611"},"author":{"name":"Not\u00edcias em Destaque","@id":"https:\/\/noticiasemdestaque.com\/cd\/#\/schema\/person\/21320b03a7e8bb90128938dafc9b908a"},"headline":"Azev\u00eado alerta para possibilidade da PB perder mais de 500 empregos","datePublished":"2017-12-13T10:38:16+00:00","mainEntityOfPage":{"@id":"https:\/\/noticiasemdestaque.com\/cd\/?p=6611"},"wordCount":307,"publisher":{"@id":"https:\/\/noticiasemdestaque.com\/cd\/#organization"},"image":{"@id":"https:\/\/noticiasemdestaque.com\/cd\/?p=6611#primaryimage"},"thumbnailUrl":"https:\/\/noticiasemdestaque.com\/cd\/wp-content\/uploads\/2017\/12\/t.jpg","articleSection":["Economia"],"inLanguage":"pt-BR"},{"@type":"WebPage","@id":"https:\/\/noticiasemdestaque.com\/cd\/?p=6611","url":"https:\/\/noticiasemdestaque.com\/cd\/?p=6611","name":"Azev\u00eado alerta para possibilidade da PB perder mais de 500 empregos - Not&iacute;cias em Destaque","isPartOf":{"@id":"https:\/\/noticiasemdestaque.com\/cd\/#website"},"primaryImageOfPage":{"@id":"https:\/\/noticiasemdestaque.com\/cd\/?p=6611#primaryimage"},"image":{"@id":"https:\/\/noticiasemdestaque.com\/cd\/?p=6611#primaryimage"},"thumbnailUrl":"https:\/\/noticiasemdestaque.com\/cd\/wp-content\/uploads\/2017\/12\/t.jpg","datePublished":"2017-12-13T10:38:16+00:00","breadcrumb":{"@id":"https:\/\/noticiasemdestaque.com\/cd\/?p=6611#breadcrumb"},"inLanguage":"pt-BR","potentialAction":[{"@type":"ReadAction","target":["https:\/\/noticiasemdestaque.com\/cd\/?p=6611"]}]},{"@type":"ImageObject","inLanguage":"pt-BR","@id":"https:\/\/noticiasemdestaque.com\/cd\/?p=6611#primaryimage","url":"https:\/\/noticiasemdestaque.com\/cd\/wp-content\/uploads\/2017\/12\/t.jpg","contentUrl":"https:\/\/noticiasemdestaque.com\/cd\/wp-content\/uploads\/2017\/12\/t.jpg","width":800,"height":440,"caption":"Foto: Walla Santos"},{"@type":"BreadcrumbList","@id":"https:\/\/noticiasemdestaque.com\/cd\/?p=6611#breadcrumb","itemListElement":[{"@type":"ListItem","position":1,"name":"In\u00edcio","item":"https:\/\/noticiasemdestaque.com\/cd\/"},{"@type":"ListItem","position":2,"name":"Azev\u00eado alerta para possibilidade da PB perder mais de 500 empregos"}]},{"@type":"WebSite","@id":"https:\/\/noticiasemdestaque.com\/cd\/#website","url":"https:\/\/noticiasemdestaque.com\/cd\/","name":"Not&iacute;cias em Destaque","description":"","publisher":{"@id":"https:\/\/noticiasemdestaque.com\/cd\/#organization"},"potentialAction":[{"@type":"SearchAction","target":{"@type":"EntryPoint","urlTemplate":"https:\/\/noticiasemdestaque.com\/cd\/?s={search_term_string}"},"query-input":{"@type":"PropertyValueSpecification","valueRequired":true,"valueName":"search_term_string"}}],"inLanguage":"pt-BR"},{"@type":"Organization","@id":"https:\/\/noticiasemdestaque.com\/cd\/#organization","name":"Not\u00edcias em Destaque","url":"https:\/\/noticiasemdestaque.com\/cd\/","logo":{"@type":"ImageObject","inLanguage":"pt-BR","@id":"https:\/\/noticiasemdestaque.com\/cd\/#\/schema\/logo\/image\/","url":"https:\/\/noticiasemdestaque.com\/cd\/wp-content\/uploads\/2022\/05\/imagem-base-noticiasemdestaque.png","contentUrl":"https:\/\/noticiasemdestaque.com\/cd\/wp-content\/uploads\/2022\/05\/imagem-base-noticiasemdestaque.png","width":1200,"height":630,"caption":"Not\u00edcias em Destaque"},"image":{"@id":"https:\/\/noticiasemdestaque.com\/cd\/#\/schema\/logo\/image\/"}},{"@type":"Person","@id":"https:\/\/noticiasemdestaque.com\/cd\/#\/schema\/person\/21320b03a7e8bb90128938dafc9b908a","name":"Not\u00edcias em Destaque","url":"https:\/\/noticiasemdestaque.com\/cd\/?author=2"}]}},"jetpack_featured_media_url":"https:\/\/noticiasemdestaque.com\/cd\/wp-content\/uploads\/2017\/12\/t.jpg","jetpack_sharing_enabled":true,"_links":{"self":[{"href":"https:\/\/noticiasemdestaque.com\/cd\/index.php?rest_route=\/wp\/v2\/posts\/6611","targetHints":{"allow":["GET"]}}],"collection":[{"href":"https:\/\/noticiasemdestaque.com\/cd\/index.php?rest_route=\/wp\/v2\/posts"}],"about":[{"href":"https:\/\/noticiasemdestaque.com\/cd\/index.php?rest_route=\/wp\/v2\/types\/post"}],"author":[{"embeddable":true,"href":"https:\/\/noticiasemdestaque.com\/cd\/index.php?rest_route=\/wp\/v2\/users\/2"}],"replies":[{"embeddable":true,"href":"https:\/\/noticiasemdestaque.com\/cd\/index.php?rest_route=%2Fwp%2Fv2%2Fcomments&post=6611"}],"version-history":[{"count":1,"href":"https:\/\/noticiasemdestaque.com\/cd\/index.php?rest_route=\/wp\/v2\/posts\/6611\/revisions"}],"predecessor-version":[{"id":6613,"href":"https:\/\/noticiasemdestaque.com\/cd\/index.php?rest_route=\/wp\/v2\/posts\/6611\/revisions\/6613"}],"wp:featuredmedia":[{"embeddable":true,"href":"https:\/\/noticiasemdestaque.com\/cd\/index.php?rest_route=\/wp\/v2\/media\/6612"}],"wp:attachment":[{"href":"https:\/\/noticiasemdestaque.com\/cd\/index.php?rest_route=%2Fwp%2Fv2%2Fmedia&parent=6611"}],"wp:term":[{"taxonomy":"category","embeddable":true,"href":"https:\/\/noticiasemdestaque.com\/cd\/index.php?rest_route=%2Fwp%2Fv2%2Fcategories&post=6611"},{"taxonomy":"post_tag","embeddable":true,"href":"https:\/\/noticiasemdestaque.com\/cd\/index.php?rest_route=%2Fwp%2Fv2%2Ftags&post=6611"}],"curies":[{"name":"wp","href":"https:\/\/api.w.org\/{rel}","templated":true}]}}