{"id":6609,"date":"2017-12-12T18:23:29","date_gmt":"2017-12-12T21:23:29","guid":{"rendered":"http:\/\/caririemdestaque.com\/cd\/?p=6609"},"modified":"2017-12-12T18:23:29","modified_gmt":"2017-12-12T21:23:29","slug":"ricardo-anuncia-antecipacao-do-pagamento-do-decimo-terceiro-salario","status":"publish","type":"post","link":"https:\/\/noticiasemdestaque.com\/cd\/?p=6609","title":{"rendered":"Ricardo anuncia antecipa\u00e7\u00e3o do pagamento do d\u00e9cimo terceiro sal\u00e1rio"},"content":{"rendered":"<p><a href=\"http:\/\/caririemdestaque.com\/cd\/wp-content\/uploads\/2017\/11\/ricardo-no-forum-da-exame-debate-reducao-de-desingualdade-no-nordeste-em-salvador-foto-jose-marques-5.jpg\"><img fetchpriority=\"high\" decoding=\"async\" class=\"alignleft wp-image-6032 size-medium\" src=\"http:\/\/caririemdestaque.com\/cd\/wp-content\/uploads\/2017\/11\/ricardo-no-forum-da-exame-debate-reducao-de-desingualdade-no-nordeste-em-salvador-foto-jose-marques-5-300x188.jpg\" alt=\"\" width=\"300\" height=\"188\" srcset=\"https:\/\/noticiasemdestaque.com\/cd\/wp-content\/uploads\/2017\/11\/ricardo-no-forum-da-exame-debate-reducao-de-desingualdade-no-nordeste-em-salvador-foto-jose-marques-5-300x188.jpg 300w, https:\/\/noticiasemdestaque.com\/cd\/wp-content\/uploads\/2017\/11\/ricardo-no-forum-da-exame-debate-reducao-de-desingualdade-no-nordeste-em-salvador-foto-jose-marques-5-768x480.jpg 768w, https:\/\/noticiasemdestaque.com\/cd\/wp-content\/uploads\/2017\/11\/ricardo-no-forum-da-exame-debate-reducao-de-desingualdade-no-nordeste-em-salvador-foto-jose-marques-5-1024x640.jpg 1024w, https:\/\/noticiasemdestaque.com\/cd\/wp-content\/uploads\/2017\/11\/ricardo-no-forum-da-exame-debate-reducao-de-desingualdade-no-nordeste-em-salvador-foto-jose-marques-5.jpg 1240w\" sizes=\"(max-width: 300px) 100vw, 300px\" \/><\/a>O d\u00e9cimo terceiro sal\u00e1rio dos servidores p\u00fablicos estaduais j\u00e1 est\u00e1 depositado no Bradesco. O an\u00fancio foi feito, agora h\u00e1 pouco, pelo governador Ricardo Coutinho em seu perfil no Twitter.<\/p>\n<p>De acordo com o calend\u00e1rio anunciado anteriormente, o pagamento seria efetuado nesta quarta-feira (13), portanto, est\u00e1 sendo pago um dia antes da data prevista.<\/p>\n<p>De 29 de novembro at\u00e9 28 de dezembro, est\u00e3o sendo injetados mais de R$ 800 milh\u00f5es na economia paraibana com o pagamento da folha, incluindo o 14\u00ba e o 15\u00ba sal\u00e1rios da Educa\u00e7\u00e3o. De acordo com o calend\u00e1rio, no dia 19, ser\u00e1 pago o 14\u00ba sal\u00e1rio da Educa\u00e7\u00e3o, destinado a funcion\u00e1rios de escolas que alcan\u00e7aram \u00edndices de melhoria na qualidade de ensino, enquanto no dia 22 de dezembro, ser\u00e1 pago o 15\u00ba sal\u00e1rio a professores que tiveram projetos aprovados por uma comiss\u00e3o contratada pela Secretaria de Estado da Educa\u00e7\u00e3o.<\/p>\n<p>O pagamento da folha de dezembro ser\u00e1 efetuado nos dias 27 e 28 de dezembro, quando recebem aposentados e servidores da ativa, respectivamente.<\/p>\n","protected":false},"excerpt":{"rendered":"<p>O d\u00e9cimo terceiro sal\u00e1rio dos servidores p\u00fablicos estaduais j\u00e1 est\u00e1 depositado no Bradesco. O an\u00fancio foi feito, agora h\u00e1 pouco, pelo governador Ricardo Coutinho em seu perfil no Twitter. De acordo com o calend\u00e1rio anunciado anteriormente, o pagamento seria efetuado nesta quarta-feira (13), portanto, est\u00e1 sendo pago um dia antes da data prevista. De 29 de novembro at\u00e9 28 de dezembro, est\u00e3o sendo injetados mais de R$ 800 milh\u00f5es na economia paraibana com o pagamento da folha, incluindo o 14\u00ba e o 15\u00ba sal\u00e1rios da Educa\u00e7\u00e3o. De acordo com o calend\u00e1rio, no dia 19, ser\u00e1 pago o 14\u00ba sal\u00e1rio da Educa\u00e7\u00e3o, destinado a funcion\u00e1rios de escolas que alcan\u00e7aram \u00edndices de melhoria na qualidade de ensino, enquanto no dia 22 de dezembro, ser\u00e1 pago o 15\u00ba sal\u00e1rio a professores que tiveram projetos aprovados por uma comiss\u00e3o contratada pela Secretaria de Estado da Educa\u00e7\u00e3o. O pagamento da folha de dezembro ser\u00e1 efetuado nos dias 27 e 28 de dezembro, quando recebem aposentados e servidores da ativa, respectivamente.<\/p>\n","protected":false},"author":2,"featured_media":5400,"comment_status":"closed","ping_status":"open","sticky":false,"template":"","format":"standard","meta":{"_eb_attr":"","_jetpack_memberships_contains_paid_content":false,"footnotes":""},"categories":[6],"tags":[],"class_list":["post-6609","post","type-post","status-publish","format-standard","has-post-thumbnail","hentry","category-educacao"],"yoast_head":"<!-- This site is optimized with the Yoast SEO plugin v26.5 - https:\/\/yoast.com\/wordpress\/plugins\/seo\/ -->\n<title>Ricardo anuncia antecipa\u00e7\u00e3o do pagamento do d\u00e9cimo terceiro sal\u00e1rio - Not&iacute;cias em Destaque<\/title>\n<meta name=\"robots\" content=\"index, follow, max-snippet:-1, max-image-preview:large, max-video-preview:-1\" \/>\n<link rel=\"canonical\" href=\"https:\/\/noticiasemdestaque.com\/cd\/?p=6609\" \/>\n<meta property=\"og:locale\" content=\"pt_BR\" \/>\n<meta property=\"og:type\" content=\"article\" \/>\n<meta property=\"og:title\" content=\"Ricardo anuncia antecipa\u00e7\u00e3o do pagamento do d\u00e9cimo terceiro sal\u00e1rio - Not&iacute;cias em Destaque\" \/>\n<meta property=\"og:description\" content=\"O d\u00e9cimo terceiro sal\u00e1rio dos servidores p\u00fablicos estaduais j\u00e1 est\u00e1 depositado no Bradesco. O an\u00fancio foi feito, agora h\u00e1 pouco, pelo governador Ricardo Coutinho em seu perfil no Twitter. De acordo com o calend\u00e1rio anunciado anteriormente, o pagamento seria efetuado nesta quarta-feira (13), portanto, est\u00e1 sendo pago um dia antes da data prevista. De 29 de novembro at\u00e9 28 de dezembro, est\u00e3o sendo injetados mais de R$ 800 milh\u00f5es na economia paraibana com o pagamento da folha, incluindo o 14\u00ba e o 15\u00ba sal\u00e1rios da Educa\u00e7\u00e3o. De acordo com o calend\u00e1rio, no dia 19, ser\u00e1 pago o 14\u00ba sal\u00e1rio da Educa\u00e7\u00e3o, destinado a funcion\u00e1rios de escolas que alcan\u00e7aram \u00edndices de melhoria na qualidade de ensino, enquanto no dia 22 de dezembro, ser\u00e1 pago o 15\u00ba sal\u00e1rio a professores que tiveram projetos aprovados por uma comiss\u00e3o contratada pela Secretaria de Estado da Educa\u00e7\u00e3o. O pagamento da folha de dezembro ser\u00e1 efetuado nos dias 27 e 28 de dezembro, quando recebem aposentados e servidores da ativa, respectivamente.\" \/>\n<meta property=\"og:url\" content=\"https:\/\/noticiasemdestaque.com\/cd\/?p=6609\" \/>\n<meta property=\"og:site_name\" content=\"Not&iacute;cias em Destaque\" \/>\n<meta property=\"article:published_time\" content=\"2017-12-12T21:23:29+00:00\" \/>\n<meta property=\"og:image\" content=\"https:\/\/noticiasemdestaque.com\/cd\/wp-content\/uploads\/2017\/10\/Ricardo-Coutinho-81.jpg\" \/>\n\t<meta property=\"og:image:width\" content=\"2662\" \/>\n\t<meta property=\"og:image:height\" content=\"1772\" \/>\n\t<meta property=\"og:image:type\" content=\"image\/jpeg\" \/>\n<meta name=\"author\" content=\"Not\u00edcias em Destaque\" \/>\n<meta name=\"twitter:card\" content=\"summary_large_image\" \/>\n<meta name=\"twitter:label1\" content=\"Escrito por\" \/>\n\t<meta name=\"twitter:data1\" content=\"Not\u00edcias em Destaque\" \/>\n\t<meta name=\"twitter:label2\" content=\"Est. tempo de leitura\" \/>\n\t<meta name=\"twitter:data2\" content=\"1 minuto\" \/>\n<script type=\"application\/ld+json\" class=\"yoast-schema-graph\">{\"@context\":\"https:\/\/schema.org\",\"@graph\":[{\"@type\":\"Article\",\"@id\":\"https:\/\/noticiasemdestaque.com\/cd\/?p=6609#article\",\"isPartOf\":{\"@id\":\"https:\/\/noticiasemdestaque.com\/cd\/?p=6609\"},\"author\":{\"name\":\"Not\u00edcias em Destaque\",\"@id\":\"https:\/\/noticiasemdestaque.com\/cd\/#\/schema\/person\/21320b03a7e8bb90128938dafc9b908a\"},\"headline\":\"Ricardo anuncia antecipa\u00e7\u00e3o do pagamento do d\u00e9cimo terceiro sal\u00e1rio\",\"datePublished\":\"2017-12-12T21:23:29+00:00\",\"mainEntityOfPage\":{\"@id\":\"https:\/\/noticiasemdestaque.com\/cd\/?p=6609\"},\"wordCount\":182,\"publisher\":{\"@id\":\"https:\/\/noticiasemdestaque.com\/cd\/#organization\"},\"image\":{\"@id\":\"https:\/\/noticiasemdestaque.com\/cd\/?p=6609#primaryimage\"},\"thumbnailUrl\":\"https:\/\/noticiasemdestaque.com\/cd\/wp-content\/uploads\/2017\/10\/Ricardo-Coutinho-81.jpg\",\"articleSection\":[\"Educa\u00e7\u00e3o\"],\"inLanguage\":\"pt-BR\"},{\"@type\":\"WebPage\",\"@id\":\"https:\/\/noticiasemdestaque.com\/cd\/?p=6609\",\"url\":\"https:\/\/noticiasemdestaque.com\/cd\/?p=6609\",\"name\":\"Ricardo anuncia antecipa\u00e7\u00e3o do pagamento do d\u00e9cimo terceiro sal\u00e1rio - Not&iacute;cias em Destaque\",\"isPartOf\":{\"@id\":\"https:\/\/noticiasemdestaque.com\/cd\/#website\"},\"primaryImageOfPage\":{\"@id\":\"https:\/\/noticiasemdestaque.com\/cd\/?p=6609#primaryimage\"},\"image\":{\"@id\":\"https:\/\/noticiasemdestaque.com\/cd\/?p=6609#primaryimage\"},\"thumbnailUrl\":\"https:\/\/noticiasemdestaque.com\/cd\/wp-content\/uploads\/2017\/10\/Ricardo-Coutinho-81.jpg\",\"datePublished\":\"2017-12-12T21:23:29+00:00\",\"breadcrumb\":{\"@id\":\"https:\/\/noticiasemdestaque.com\/cd\/?p=6609#breadcrumb\"},\"inLanguage\":\"pt-BR\",\"potentialAction\":[{\"@type\":\"ReadAction\",\"target\":[\"https:\/\/noticiasemdestaque.com\/cd\/?p=6609\"]}]},{\"@type\":\"ImageObject\",\"inLanguage\":\"pt-BR\",\"@id\":\"https:\/\/noticiasemdestaque.com\/cd\/?p=6609#primaryimage\",\"url\":\"https:\/\/noticiasemdestaque.com\/cd\/wp-content\/uploads\/2017\/10\/Ricardo-Coutinho-81.jpg\",\"contentUrl\":\"https:\/\/noticiasemdestaque.com\/cd\/wp-content\/uploads\/2017\/10\/Ricardo-Coutinho-81.jpg\",\"width\":2662,\"height\":1772},{\"@type\":\"BreadcrumbList\",\"@id\":\"https:\/\/noticiasemdestaque.com\/cd\/?p=6609#breadcrumb\",\"itemListElement\":[{\"@type\":\"ListItem\",\"position\":1,\"name\":\"In\u00edcio\",\"item\":\"https:\/\/noticiasemdestaque.com\/cd\/\"},{\"@type\":\"ListItem\",\"position\":2,\"name\":\"Ricardo anuncia antecipa\u00e7\u00e3o do pagamento do d\u00e9cimo terceiro sal\u00e1rio\"}]},{\"@type\":\"WebSite\",\"@id\":\"https:\/\/noticiasemdestaque.com\/cd\/#website\",\"url\":\"https:\/\/noticiasemdestaque.com\/cd\/\",\"name\":\"Not&iacute;cias em Destaque\",\"description\":\"\",\"publisher\":{\"@id\":\"https:\/\/noticiasemdestaque.com\/cd\/#organization\"},\"potentialAction\":[{\"@type\":\"SearchAction\",\"target\":{\"@type\":\"EntryPoint\",\"urlTemplate\":\"https:\/\/noticiasemdestaque.com\/cd\/?s={search_term_string}\"},\"query-input\":{\"@type\":\"PropertyValueSpecification\",\"valueRequired\":true,\"valueName\":\"search_term_string\"}}],\"inLanguage\":\"pt-BR\"},{\"@type\":\"Organization\",\"@id\":\"https:\/\/noticiasemdestaque.com\/cd\/#organization\",\"name\":\"Not\u00edcias em Destaque\",\"url\":\"https:\/\/noticiasemdestaque.com\/cd\/\",\"logo\":{\"@type\":\"ImageObject\",\"inLanguage\":\"pt-BR\",\"@id\":\"https:\/\/noticiasemdestaque.com\/cd\/#\/schema\/logo\/image\/\",\"url\":\"https:\/\/noticiasemdestaque.com\/cd\/wp-content\/uploads\/2022\/05\/imagem-base-noticiasemdestaque.png\",\"contentUrl\":\"https:\/\/noticiasemdestaque.com\/cd\/wp-content\/uploads\/2022\/05\/imagem-base-noticiasemdestaque.png\",\"width\":1200,\"height\":630,\"caption\":\"Not\u00edcias em Destaque\"},\"image\":{\"@id\":\"https:\/\/noticiasemdestaque.com\/cd\/#\/schema\/logo\/image\/\"}},{\"@type\":\"Person\",\"@id\":\"https:\/\/noticiasemdestaque.com\/cd\/#\/schema\/person\/21320b03a7e8bb90128938dafc9b908a\",\"name\":\"Not\u00edcias em Destaque\",\"url\":\"https:\/\/noticiasemdestaque.com\/cd\/?author=2\"}]}<\/script>\n<!-- \/ Yoast SEO plugin. -->","yoast_head_json":{"title":"Ricardo anuncia antecipa\u00e7\u00e3o do pagamento do d\u00e9cimo terceiro sal\u00e1rio - Not&iacute;cias em Destaque","robots":{"index":"index","follow":"follow","max-snippet":"max-snippet:-1","max-image-preview":"max-image-preview:large","max-video-preview":"max-video-preview:-1"},"canonical":"https:\/\/noticiasemdestaque.com\/cd\/?p=6609","og_locale":"pt_BR","og_type":"article","og_title":"Ricardo anuncia antecipa\u00e7\u00e3o do pagamento do d\u00e9cimo terceiro sal\u00e1rio - Not&iacute;cias em Destaque","og_description":"O d\u00e9cimo terceiro sal\u00e1rio dos servidores p\u00fablicos estaduais j\u00e1 est\u00e1 depositado no Bradesco. O an\u00fancio foi feito, agora h\u00e1 pouco, pelo governador Ricardo Coutinho em seu perfil no Twitter. De acordo com o calend\u00e1rio anunciado anteriormente, o pagamento seria efetuado nesta quarta-feira (13), portanto, est\u00e1 sendo pago um dia antes da data prevista. De 29 de novembro at\u00e9 28 de dezembro, est\u00e3o sendo injetados mais de R$ 800 milh\u00f5es na economia paraibana com o pagamento da folha, incluindo o 14\u00ba e o 15\u00ba sal\u00e1rios da Educa\u00e7\u00e3o. De acordo com o calend\u00e1rio, no dia 19, ser\u00e1 pago o 14\u00ba sal\u00e1rio da Educa\u00e7\u00e3o, destinado a funcion\u00e1rios de escolas que alcan\u00e7aram \u00edndices de melhoria na qualidade de ensino, enquanto no dia 22 de dezembro, ser\u00e1 pago o 15\u00ba sal\u00e1rio a professores que tiveram projetos aprovados por uma comiss\u00e3o contratada pela Secretaria de Estado da Educa\u00e7\u00e3o. O pagamento da folha de dezembro ser\u00e1 efetuado nos dias 27 e 28 de dezembro, quando recebem aposentados e servidores da ativa, respectivamente.","og_url":"https:\/\/noticiasemdestaque.com\/cd\/?p=6609","og_site_name":"Not&iacute;cias em Destaque","article_published_time":"2017-12-12T21:23:29+00:00","og_image":[{"width":2662,"height":1772,"url":"https:\/\/noticiasemdestaque.com\/cd\/wp-content\/uploads\/2017\/10\/Ricardo-Coutinho-81.jpg","type":"image\/jpeg"}],"author":"Not\u00edcias em Destaque","twitter_card":"summary_large_image","twitter_misc":{"Escrito por":"Not\u00edcias em Destaque","Est. tempo de leitura":"1 minuto"},"schema":{"@context":"https:\/\/schema.org","@graph":[{"@type":"Article","@id":"https:\/\/noticiasemdestaque.com\/cd\/?p=6609#article","isPartOf":{"@id":"https:\/\/noticiasemdestaque.com\/cd\/?p=6609"},"author":{"name":"Not\u00edcias em Destaque","@id":"https:\/\/noticiasemdestaque.com\/cd\/#\/schema\/person\/21320b03a7e8bb90128938dafc9b908a"},"headline":"Ricardo anuncia antecipa\u00e7\u00e3o do pagamento do d\u00e9cimo terceiro sal\u00e1rio","datePublished":"2017-12-12T21:23:29+00:00","mainEntityOfPage":{"@id":"https:\/\/noticiasemdestaque.com\/cd\/?p=6609"},"wordCount":182,"publisher":{"@id":"https:\/\/noticiasemdestaque.com\/cd\/#organization"},"image":{"@id":"https:\/\/noticiasemdestaque.com\/cd\/?p=6609#primaryimage"},"thumbnailUrl":"https:\/\/noticiasemdestaque.com\/cd\/wp-content\/uploads\/2017\/10\/Ricardo-Coutinho-81.jpg","articleSection":["Educa\u00e7\u00e3o"],"inLanguage":"pt-BR"},{"@type":"WebPage","@id":"https:\/\/noticiasemdestaque.com\/cd\/?p=6609","url":"https:\/\/noticiasemdestaque.com\/cd\/?p=6609","name":"Ricardo anuncia antecipa\u00e7\u00e3o do pagamento do d\u00e9cimo terceiro sal\u00e1rio - Not&iacute;cias em Destaque","isPartOf":{"@id":"https:\/\/noticiasemdestaque.com\/cd\/#website"},"primaryImageOfPage":{"@id":"https:\/\/noticiasemdestaque.com\/cd\/?p=6609#primaryimage"},"image":{"@id":"https:\/\/noticiasemdestaque.com\/cd\/?p=6609#primaryimage"},"thumbnailUrl":"https:\/\/noticiasemdestaque.com\/cd\/wp-content\/uploads\/2017\/10\/Ricardo-Coutinho-81.jpg","datePublished":"2017-12-12T21:23:29+00:00","breadcrumb":{"@id":"https:\/\/noticiasemdestaque.com\/cd\/?p=6609#breadcrumb"},"inLanguage":"pt-BR","potentialAction":[{"@type":"ReadAction","target":["https:\/\/noticiasemdestaque.com\/cd\/?p=6609"]}]},{"@type":"ImageObject","inLanguage":"pt-BR","@id":"https:\/\/noticiasemdestaque.com\/cd\/?p=6609#primaryimage","url":"https:\/\/noticiasemdestaque.com\/cd\/wp-content\/uploads\/2017\/10\/Ricardo-Coutinho-81.jpg","contentUrl":"https:\/\/noticiasemdestaque.com\/cd\/wp-content\/uploads\/2017\/10\/Ricardo-Coutinho-81.jpg","width":2662,"height":1772},{"@type":"BreadcrumbList","@id":"https:\/\/noticiasemdestaque.com\/cd\/?p=6609#breadcrumb","itemListElement":[{"@type":"ListItem","position":1,"name":"In\u00edcio","item":"https:\/\/noticiasemdestaque.com\/cd\/"},{"@type":"ListItem","position":2,"name":"Ricardo anuncia antecipa\u00e7\u00e3o do pagamento do d\u00e9cimo terceiro sal\u00e1rio"}]},{"@type":"WebSite","@id":"https:\/\/noticiasemdestaque.com\/cd\/#website","url":"https:\/\/noticiasemdestaque.com\/cd\/","name":"Not&iacute;cias em Destaque","description":"","publisher":{"@id":"https:\/\/noticiasemdestaque.com\/cd\/#organization"},"potentialAction":[{"@type":"SearchAction","target":{"@type":"EntryPoint","urlTemplate":"https:\/\/noticiasemdestaque.com\/cd\/?s={search_term_string}"},"query-input":{"@type":"PropertyValueSpecification","valueRequired":true,"valueName":"search_term_string"}}],"inLanguage":"pt-BR"},{"@type":"Organization","@id":"https:\/\/noticiasemdestaque.com\/cd\/#organization","name":"Not\u00edcias em Destaque","url":"https:\/\/noticiasemdestaque.com\/cd\/","logo":{"@type":"ImageObject","inLanguage":"pt-BR","@id":"https:\/\/noticiasemdestaque.com\/cd\/#\/schema\/logo\/image\/","url":"https:\/\/noticiasemdestaque.com\/cd\/wp-content\/uploads\/2022\/05\/imagem-base-noticiasemdestaque.png","contentUrl":"https:\/\/noticiasemdestaque.com\/cd\/wp-content\/uploads\/2022\/05\/imagem-base-noticiasemdestaque.png","width":1200,"height":630,"caption":"Not\u00edcias em Destaque"},"image":{"@id":"https:\/\/noticiasemdestaque.com\/cd\/#\/schema\/logo\/image\/"}},{"@type":"Person","@id":"https:\/\/noticiasemdestaque.com\/cd\/#\/schema\/person\/21320b03a7e8bb90128938dafc9b908a","name":"Not\u00edcias em Destaque","url":"https:\/\/noticiasemdestaque.com\/cd\/?author=2"}]}},"jetpack_featured_media_url":"https:\/\/noticiasemdestaque.com\/cd\/wp-content\/uploads\/2017\/10\/Ricardo-Coutinho-81.jpg","jetpack_sharing_enabled":true,"_links":{"self":[{"href":"https:\/\/noticiasemdestaque.com\/cd\/index.php?rest_route=\/wp\/v2\/posts\/6609","targetHints":{"allow":["GET"]}}],"collection":[{"href":"https:\/\/noticiasemdestaque.com\/cd\/index.php?rest_route=\/wp\/v2\/posts"}],"about":[{"href":"https:\/\/noticiasemdestaque.com\/cd\/index.php?rest_route=\/wp\/v2\/types\/post"}],"author":[{"embeddable":true,"href":"https:\/\/noticiasemdestaque.com\/cd\/index.php?rest_route=\/wp\/v2\/users\/2"}],"replies":[{"embeddable":true,"href":"https:\/\/noticiasemdestaque.com\/cd\/index.php?rest_route=%2Fwp%2Fv2%2Fcomments&post=6609"}],"version-history":[{"count":1,"href":"https:\/\/noticiasemdestaque.com\/cd\/index.php?rest_route=\/wp\/v2\/posts\/6609\/revisions"}],"predecessor-version":[{"id":6610,"href":"https:\/\/noticiasemdestaque.com\/cd\/index.php?rest_route=\/wp\/v2\/posts\/6609\/revisions\/6610"}],"wp:featuredmedia":[{"embeddable":true,"href":"https:\/\/noticiasemdestaque.com\/cd\/index.php?rest_route=\/wp\/v2\/media\/5400"}],"wp:attachment":[{"href":"https:\/\/noticiasemdestaque.com\/cd\/index.php?rest_route=%2Fwp%2Fv2%2Fmedia&parent=6609"}],"wp:term":[{"taxonomy":"category","embeddable":true,"href":"https:\/\/noticiasemdestaque.com\/cd\/index.php?rest_route=%2Fwp%2Fv2%2Fcategories&post=6609"},{"taxonomy":"post_tag","embeddable":true,"href":"https:\/\/noticiasemdestaque.com\/cd\/index.php?rest_route=%2Fwp%2Fv2%2Ftags&post=6609"}],"curies":[{"name":"wp","href":"https:\/\/api.w.org\/{rel}","templated":true}]}}