{"id":6572,"date":"2017-12-12T07:12:07","date_gmt":"2017-12-12T10:12:07","guid":{"rendered":"http:\/\/caririemdestaque.com\/cd\/?p=6572"},"modified":"2017-12-12T07:12:07","modified_gmt":"2017-12-12T10:12:07","slug":"radioterapia-de-protons-pode-evitar-que-criancas-curadas-voltem-a-ter-cancer-uma-segunda-vez","status":"publish","type":"post","link":"https:\/\/noticiasemdestaque.com\/cd\/?p=6572","title":{"rendered":"Radioterapia de pr\u00f3tons pode evitar que crian\u00e7as curadas voltem a ter c\u00e2ncer uma segunda vez"},"content":{"rendered":"<div>\n<div class=\"imagem  paisagem\"><a class=\"zoomable cboxElement\" title=\"\" href=\"http:\/\/www.paraiba.com.br\/static\/images\/noticias\/normal\/1513070072304-cancer.jpg\" rel=\"galeria\"><img fetchpriority=\"high\" decoding=\"async\" class=\"alignleft\" src=\"http:\/\/www.paraiba.com.br\/static\/images\/noticias\/normal\/1513070072304-cancer.jpg\" alt=\"\" width=\"346\" height=\"167\" \/><\/a>Um tipo de radioterapia contra o c\u00e2ncer com base em pr\u00f3tons, as part\u00edculas subat\u00f4micas de carga positiva, impede que a radia\u00e7\u00e3o atinja tecidos saud\u00e1veis. Isso evita o surgimento de tumores &#8220;radioinduzidos&#8221; d\u00e9cadas ap\u00f3s o tratamento, dizem especialistas, e isso \u00e9 especialmente importante para o tratamento em crian\u00e7as.<\/div>\n<\/div>\n<div class=\"mc-column content-text active-extra-styles \" data-block-type=\"unstyled\" data-block-weight=\"52\" data-block-id=\"3\">\n<p class=\"content-text__container \" data-track-category=\"Link no Texto\">O primeiro aparelho foi aprovado pela Anvisa (Ag\u00eancia Nacional de Vigil\u00e2ncia Sanit\u00e1ria) no in\u00edcio do novembro para uso no Brasil. No entanto, os custos, a necessidade de grande infraestrutura e o fato de seus benef\u00edcios nem sempre serem imediatos ainda s\u00e3o impeditivos para que o acesso a esse tratamento seja ampliado rapidamente.<\/p>\n<\/div>\n<div class=\"mc-column content-text active-extra-styles \" data-block-type=\"unstyled\" data-block-weight=\"52\" data-block-id=\"4\">\n<p class=\"content-text__container \" data-track-category=\"Link no Texto\">A terapia tem como principal vantagem sua especificidade: a radia\u00e7\u00e3o atinge somente o tumor. Quando fazemos uma radioterapia comum contra um tumor espec\u00edfico, por exemplo, outros tecidos adjacentes, saud\u00e1veis, s\u00e3o atingidos. Em alguns casos, mas n\u00e3o frequentemente, esses tecidos antes normais podem se transformar em tumores induzidos por radia\u00e7\u00e3o d\u00e9cadas mais tarde.<\/p>\n<\/div>\n<div class=\"row medium-uncollapsed content-text\">\n<div class=\"column medium-centered medium-22 large-20\">\n<div class=\"show-table\">\n<p class=\"mc-column show-table__title\">Qual a diferen\u00e7a entre radioterapia e quimioterapia?<\/p>\n<div class=\"show-table__centralized\">\n<div class=\"show-table__container\">\n<table class=\"show-table__content\n show-table__content--highlight-top show-table__content--highlight-bottom        \"><\/p>\n<tbody>\n<tr class=\"\">\n<td>A radioterapia utiliza a radia\u00e7\u00e3o para \u201carrancar\u201d o DNA das c\u00e9lulas malignas e, com isso, destru\u00ed-las. A usada na medicina \u00e9 de um tipo espec\u00edfico: a ionizante. Essa radia\u00e7\u00e3o tem uma energia t\u00e3o forte que consegue desprender os el\u00e9trons do \u00e1tomo, o que altera totalmente a estrutura do alvo.<\/td>\n<\/tr>\n<tr class=\"\">\n<td>J\u00e1 a quimioterapia, n\u00e3o tem por base a radia\u00e7\u00e3o, mas o uso de compostos qu\u00edmicos que circulam pela corrente sangu\u00ednea. Uma outra diferen\u00e7a \u00e9 que a quimioterapia tem por alvo tamb\u00e9m a met\u00e1stase, e n\u00e3o s\u00f3 o tumor de origem, j\u00e1 que circula por todo o corpo.<\/td>\n<\/tr>\n<\/tbody>\n<\/table>\n<\/div>\n<\/div>\n<\/div>\n<\/div>\n<\/div>\n<div class=\"mc-column content-text active-extra-styles \" data-block-type=\"unstyled\" data-block-weight=\"71\" data-block-id=\"5\">\n<p class=\"content-text__container \" data-track-category=\"Link no Texto\">O problema pode ocorrer quando os tumores que recebem a radia\u00e7\u00e3o s\u00e3o infantis &#8212; e essas crian\u00e7as que receberam a radia\u00e7\u00e3o t\u00eam de enfrentar um segundo c\u00e2ncer quando ficam mais velhas, como resultado do tratamento feito quando jovens. Um dos tumores induzidos por radia\u00e7\u00e3o, por exemplo, \u00e9 o linfoma (tumores do sistema linf\u00e1tico, respons\u00e1vel pela produ\u00e7\u00e3o dos gl\u00f3bulos brancos) e o sarcoma (tumores das partes moles, como aqueles de tecidos musculares).<\/p>\n<\/div>\n<p id=\"fonte\">Fonte: G1<\/p>\n","protected":false},"excerpt":{"rendered":"<p>Um tipo de radioterapia contra o c\u00e2ncer com base em pr\u00f3tons, as part\u00edculas subat\u00f4micas de carga positiva, impede que a radia\u00e7\u00e3o atinja tecidos saud\u00e1veis. Isso evita o surgimento de tumores &#8220;radioinduzidos&#8221; d\u00e9cadas ap\u00f3s o tratamento, dizem especialistas, e isso \u00e9 especialmente importante para o tratamento em crian\u00e7as. O primeiro aparelho foi aprovado pela Anvisa (Ag\u00eancia Nacional de Vigil\u00e2ncia Sanit\u00e1ria) no in\u00edcio do novembro para uso no Brasil. No entanto, os custos, a necessidade de grande infraestrutura e o fato de seus benef\u00edcios nem sempre serem imediatos ainda s\u00e3o impeditivos para que o acesso a esse tratamento seja ampliado rapidamente. A terapia tem como principal vantagem sua especificidade: a radia\u00e7\u00e3o atinge somente o tumor. Quando fazemos uma radioterapia comum contra um tumor espec\u00edfico, por exemplo, outros tecidos adjacentes, saud\u00e1veis, s\u00e3o atingidos. Em alguns casos, mas n\u00e3o frequentemente, esses tecidos antes normais podem se transformar em tumores induzidos por radia\u00e7\u00e3o d\u00e9cadas mais tarde. Qual a diferen\u00e7a entre radioterapia e quimioterapia? A radioterapia utiliza a radia\u00e7\u00e3o para \u201carrancar\u201d o DNA das c\u00e9lulas malignas e, com isso, destru\u00ed-las. A usada na medicina \u00e9 de um tipo espec\u00edfico: a ionizante. Essa radia\u00e7\u00e3o tem uma energia t\u00e3o forte que consegue desprender os el\u00e9trons do \u00e1tomo, o que altera totalmente a estrutura do alvo. J\u00e1 a quimioterapia, n\u00e3o tem por base a radia\u00e7\u00e3o, mas o uso de compostos qu\u00edmicos que circulam pela corrente sangu\u00ednea. Uma outra diferen\u00e7a \u00e9 que a quimioterapia tem por alvo tamb\u00e9m a met\u00e1stase, e n\u00e3o s\u00f3 o tumor de origem, j\u00e1 que circula por todo o corpo. O problema pode ocorrer quando os tumores que recebem a radia\u00e7\u00e3o s\u00e3o infantis &#8212; e essas crian\u00e7as que receberam a radia\u00e7\u00e3o t\u00eam de enfrentar um segundo c\u00e2ncer quando ficam mais velhas, como resultado do tratamento feito quando jovens. Um dos tumores induzidos por radia\u00e7\u00e3o, por exemplo, \u00e9 o linfoma (tumores do sistema linf\u00e1tico, respons\u00e1vel pela produ\u00e7\u00e3o dos gl\u00f3bulos brancos) e o sarcoma (tumores das partes moles, como aqueles de tecidos musculares). Fonte: G1<\/p>\n","protected":false},"author":2,"featured_media":6573,"comment_status":"closed","ping_status":"open","sticky":false,"template":"","format":"standard","meta":{"_eb_attr":"","_jetpack_memberships_contains_paid_content":false,"footnotes":""},"categories":[8],"tags":[],"class_list":["post-6572","post","type-post","status-publish","format-standard","has-post-thumbnail","hentry","category-saude"],"yoast_head":"<!-- This site is optimized with the Yoast SEO plugin v26.5 - https:\/\/yoast.com\/wordpress\/plugins\/seo\/ -->\n<title>Radioterapia de pr\u00f3tons pode evitar que crian\u00e7as curadas voltem a ter c\u00e2ncer uma segunda vez - Not&iacute;cias em Destaque<\/title>\n<meta name=\"robots\" content=\"index, follow, max-snippet:-1, max-image-preview:large, max-video-preview:-1\" \/>\n<link rel=\"canonical\" href=\"https:\/\/noticiasemdestaque.com\/cd\/?p=6572\" \/>\n<meta property=\"og:locale\" content=\"pt_BR\" \/>\n<meta property=\"og:type\" content=\"article\" \/>\n<meta property=\"og:title\" content=\"Radioterapia de pr\u00f3tons pode evitar que crian\u00e7as curadas voltem a ter c\u00e2ncer uma segunda vez - Not&iacute;cias em Destaque\" \/>\n<meta property=\"og:description\" content=\"Um tipo de radioterapia contra o c\u00e2ncer com base em pr\u00f3tons, as part\u00edculas subat\u00f4micas de carga positiva, impede que a radia\u00e7\u00e3o atinja tecidos saud\u00e1veis. Isso evita o surgimento de tumores &#8220;radioinduzidos&#8221; d\u00e9cadas ap\u00f3s o tratamento, dizem especialistas, e isso \u00e9 especialmente importante para o tratamento em crian\u00e7as. O primeiro aparelho foi aprovado pela Anvisa (Ag\u00eancia Nacional de Vigil\u00e2ncia Sanit\u00e1ria) no in\u00edcio do novembro para uso no Brasil. No entanto, os custos, a necessidade de grande infraestrutura e o fato de seus benef\u00edcios nem sempre serem imediatos ainda s\u00e3o impeditivos para que o acesso a esse tratamento seja ampliado rapidamente. A terapia tem como principal vantagem sua especificidade: a radia\u00e7\u00e3o atinge somente o tumor. Quando fazemos uma radioterapia comum contra um tumor espec\u00edfico, por exemplo, outros tecidos adjacentes, saud\u00e1veis, s\u00e3o atingidos. Em alguns casos, mas n\u00e3o frequentemente, esses tecidos antes normais podem se transformar em tumores induzidos por radia\u00e7\u00e3o d\u00e9cadas mais tarde. Qual a diferen\u00e7a entre radioterapia e quimioterapia? A radioterapia utiliza a radia\u00e7\u00e3o para \u201carrancar\u201d o DNA das c\u00e9lulas malignas e, com isso, destru\u00ed-las. A usada na medicina \u00e9 de um tipo espec\u00edfico: a ionizante. Essa radia\u00e7\u00e3o tem uma energia t\u00e3o forte que consegue desprender os el\u00e9trons do \u00e1tomo, o que altera totalmente a estrutura do alvo. J\u00e1 a quimioterapia, n\u00e3o tem por base a radia\u00e7\u00e3o, mas o uso de compostos qu\u00edmicos que circulam pela corrente sangu\u00ednea. Uma outra diferen\u00e7a \u00e9 que a quimioterapia tem por alvo tamb\u00e9m a met\u00e1stase, e n\u00e3o s\u00f3 o tumor de origem, j\u00e1 que circula por todo o corpo. O problema pode ocorrer quando os tumores que recebem a radia\u00e7\u00e3o s\u00e3o infantis &#8212; e essas crian\u00e7as que receberam a radia\u00e7\u00e3o t\u00eam de enfrentar um segundo c\u00e2ncer quando ficam mais velhas, como resultado do tratamento feito quando jovens. Um dos tumores induzidos por radia\u00e7\u00e3o, por exemplo, \u00e9 o linfoma (tumores do sistema linf\u00e1tico, respons\u00e1vel pela produ\u00e7\u00e3o dos gl\u00f3bulos brancos) e o sarcoma (tumores das partes moles, como aqueles de tecidos musculares). Fonte: G1\" \/>\n<meta property=\"og:url\" content=\"https:\/\/noticiasemdestaque.com\/cd\/?p=6572\" \/>\n<meta property=\"og:site_name\" content=\"Not&iacute;cias em Destaque\" \/>\n<meta property=\"article:published_time\" content=\"2017-12-12T10:12:07+00:00\" \/>\n<meta property=\"og:image\" content=\"https:\/\/noticiasemdestaque.com\/cd\/wp-content\/uploads\/2017\/12\/1513070072304-cancer.jpg\" \/>\n\t<meta property=\"og:image:width\" content=\"692\" \/>\n\t<meta property=\"og:image:height\" content=\"334\" \/>\n\t<meta property=\"og:image:type\" content=\"image\/jpeg\" \/>\n<meta name=\"author\" content=\"Not\u00edcias em Destaque\" \/>\n<meta name=\"twitter:card\" content=\"summary_large_image\" \/>\n<meta name=\"twitter:label1\" content=\"Escrito por\" \/>\n\t<meta name=\"twitter:data1\" content=\"Not\u00edcias em Destaque\" \/>\n\t<meta name=\"twitter:label2\" content=\"Est. tempo de leitura\" \/>\n\t<meta name=\"twitter:data2\" content=\"2 minutos\" \/>\n<script type=\"application\/ld+json\" class=\"yoast-schema-graph\">{\"@context\":\"https:\/\/schema.org\",\"@graph\":[{\"@type\":\"Article\",\"@id\":\"https:\/\/noticiasemdestaque.com\/cd\/?p=6572#article\",\"isPartOf\":{\"@id\":\"https:\/\/noticiasemdestaque.com\/cd\/?p=6572\"},\"author\":{\"name\":\"Not\u00edcias em Destaque\",\"@id\":\"https:\/\/noticiasemdestaque.com\/cd\/#\/schema\/person\/21320b03a7e8bb90128938dafc9b908a\"},\"headline\":\"Radioterapia de pr\u00f3tons pode evitar que crian\u00e7as curadas voltem a ter c\u00e2ncer uma segunda vez\",\"datePublished\":\"2017-12-12T10:12:07+00:00\",\"mainEntityOfPage\":{\"@id\":\"https:\/\/noticiasemdestaque.com\/cd\/?p=6572\"},\"wordCount\":390,\"publisher\":{\"@id\":\"https:\/\/noticiasemdestaque.com\/cd\/#organization\"},\"image\":{\"@id\":\"https:\/\/noticiasemdestaque.com\/cd\/?p=6572#primaryimage\"},\"thumbnailUrl\":\"https:\/\/noticiasemdestaque.com\/cd\/wp-content\/uploads\/2017\/12\/1513070072304-cancer.jpg\",\"articleSection\":[\"Sa\u00fade\"],\"inLanguage\":\"pt-BR\"},{\"@type\":\"WebPage\",\"@id\":\"https:\/\/noticiasemdestaque.com\/cd\/?p=6572\",\"url\":\"https:\/\/noticiasemdestaque.com\/cd\/?p=6572\",\"name\":\"Radioterapia de pr\u00f3tons pode evitar que crian\u00e7as curadas voltem a ter c\u00e2ncer uma segunda vez - Not&iacute;cias em Destaque\",\"isPartOf\":{\"@id\":\"https:\/\/noticiasemdestaque.com\/cd\/#website\"},\"primaryImageOfPage\":{\"@id\":\"https:\/\/noticiasemdestaque.com\/cd\/?p=6572#primaryimage\"},\"image\":{\"@id\":\"https:\/\/noticiasemdestaque.com\/cd\/?p=6572#primaryimage\"},\"thumbnailUrl\":\"https:\/\/noticiasemdestaque.com\/cd\/wp-content\/uploads\/2017\/12\/1513070072304-cancer.jpg\",\"datePublished\":\"2017-12-12T10:12:07+00:00\",\"breadcrumb\":{\"@id\":\"https:\/\/noticiasemdestaque.com\/cd\/?p=6572#breadcrumb\"},\"inLanguage\":\"pt-BR\",\"potentialAction\":[{\"@type\":\"ReadAction\",\"target\":[\"https:\/\/noticiasemdestaque.com\/cd\/?p=6572\"]}]},{\"@type\":\"ImageObject\",\"inLanguage\":\"pt-BR\",\"@id\":\"https:\/\/noticiasemdestaque.com\/cd\/?p=6572#primaryimage\",\"url\":\"https:\/\/noticiasemdestaque.com\/cd\/wp-content\/uploads\/2017\/12\/1513070072304-cancer.jpg\",\"contentUrl\":\"https:\/\/noticiasemdestaque.com\/cd\/wp-content\/uploads\/2017\/12\/1513070072304-cancer.jpg\",\"width\":692,\"height\":334},{\"@type\":\"BreadcrumbList\",\"@id\":\"https:\/\/noticiasemdestaque.com\/cd\/?p=6572#breadcrumb\",\"itemListElement\":[{\"@type\":\"ListItem\",\"position\":1,\"name\":\"In\u00edcio\",\"item\":\"https:\/\/noticiasemdestaque.com\/cd\/\"},{\"@type\":\"ListItem\",\"position\":2,\"name\":\"Radioterapia de pr\u00f3tons pode evitar que crian\u00e7as curadas voltem a ter c\u00e2ncer uma segunda vez\"}]},{\"@type\":\"WebSite\",\"@id\":\"https:\/\/noticiasemdestaque.com\/cd\/#website\",\"url\":\"https:\/\/noticiasemdestaque.com\/cd\/\",\"name\":\"Not&iacute;cias em Destaque\",\"description\":\"\",\"publisher\":{\"@id\":\"https:\/\/noticiasemdestaque.com\/cd\/#organization\"},\"potentialAction\":[{\"@type\":\"SearchAction\",\"target\":{\"@type\":\"EntryPoint\",\"urlTemplate\":\"https:\/\/noticiasemdestaque.com\/cd\/?s={search_term_string}\"},\"query-input\":{\"@type\":\"PropertyValueSpecification\",\"valueRequired\":true,\"valueName\":\"search_term_string\"}}],\"inLanguage\":\"pt-BR\"},{\"@type\":\"Organization\",\"@id\":\"https:\/\/noticiasemdestaque.com\/cd\/#organization\",\"name\":\"Not\u00edcias em Destaque\",\"url\":\"https:\/\/noticiasemdestaque.com\/cd\/\",\"logo\":{\"@type\":\"ImageObject\",\"inLanguage\":\"pt-BR\",\"@id\":\"https:\/\/noticiasemdestaque.com\/cd\/#\/schema\/logo\/image\/\",\"url\":\"https:\/\/noticiasemdestaque.com\/cd\/wp-content\/uploads\/2022\/05\/imagem-base-noticiasemdestaque.png\",\"contentUrl\":\"https:\/\/noticiasemdestaque.com\/cd\/wp-content\/uploads\/2022\/05\/imagem-base-noticiasemdestaque.png\",\"width\":1200,\"height\":630,\"caption\":\"Not\u00edcias em Destaque\"},\"image\":{\"@id\":\"https:\/\/noticiasemdestaque.com\/cd\/#\/schema\/logo\/image\/\"}},{\"@type\":\"Person\",\"@id\":\"https:\/\/noticiasemdestaque.com\/cd\/#\/schema\/person\/21320b03a7e8bb90128938dafc9b908a\",\"name\":\"Not\u00edcias em Destaque\",\"url\":\"https:\/\/noticiasemdestaque.com\/cd\/?author=2\"}]}<\/script>\n<!-- \/ Yoast SEO plugin. -->","yoast_head_json":{"title":"Radioterapia de pr\u00f3tons pode evitar que crian\u00e7as curadas voltem a ter c\u00e2ncer uma segunda vez - Not&iacute;cias em Destaque","robots":{"index":"index","follow":"follow","max-snippet":"max-snippet:-1","max-image-preview":"max-image-preview:large","max-video-preview":"max-video-preview:-1"},"canonical":"https:\/\/noticiasemdestaque.com\/cd\/?p=6572","og_locale":"pt_BR","og_type":"article","og_title":"Radioterapia de pr\u00f3tons pode evitar que crian\u00e7as curadas voltem a ter c\u00e2ncer uma segunda vez - Not&iacute;cias em Destaque","og_description":"Um tipo de radioterapia contra o c\u00e2ncer com base em pr\u00f3tons, as part\u00edculas subat\u00f4micas de carga positiva, impede que a radia\u00e7\u00e3o atinja tecidos saud\u00e1veis. Isso evita o surgimento de tumores &#8220;radioinduzidos&#8221; d\u00e9cadas ap\u00f3s o tratamento, dizem especialistas, e isso \u00e9 especialmente importante para o tratamento em crian\u00e7as. O primeiro aparelho foi aprovado pela Anvisa (Ag\u00eancia Nacional de Vigil\u00e2ncia Sanit\u00e1ria) no in\u00edcio do novembro para uso no Brasil. No entanto, os custos, a necessidade de grande infraestrutura e o fato de seus benef\u00edcios nem sempre serem imediatos ainda s\u00e3o impeditivos para que o acesso a esse tratamento seja ampliado rapidamente. A terapia tem como principal vantagem sua especificidade: a radia\u00e7\u00e3o atinge somente o tumor. Quando fazemos uma radioterapia comum contra um tumor espec\u00edfico, por exemplo, outros tecidos adjacentes, saud\u00e1veis, s\u00e3o atingidos. Em alguns casos, mas n\u00e3o frequentemente, esses tecidos antes normais podem se transformar em tumores induzidos por radia\u00e7\u00e3o d\u00e9cadas mais tarde. Qual a diferen\u00e7a entre radioterapia e quimioterapia? A radioterapia utiliza a radia\u00e7\u00e3o para \u201carrancar\u201d o DNA das c\u00e9lulas malignas e, com isso, destru\u00ed-las. A usada na medicina \u00e9 de um tipo espec\u00edfico: a ionizante. Essa radia\u00e7\u00e3o tem uma energia t\u00e3o forte que consegue desprender os el\u00e9trons do \u00e1tomo, o que altera totalmente a estrutura do alvo. J\u00e1 a quimioterapia, n\u00e3o tem por base a radia\u00e7\u00e3o, mas o uso de compostos qu\u00edmicos que circulam pela corrente sangu\u00ednea. Uma outra diferen\u00e7a \u00e9 que a quimioterapia tem por alvo tamb\u00e9m a met\u00e1stase, e n\u00e3o s\u00f3 o tumor de origem, j\u00e1 que circula por todo o corpo. O problema pode ocorrer quando os tumores que recebem a radia\u00e7\u00e3o s\u00e3o infantis &#8212; e essas crian\u00e7as que receberam a radia\u00e7\u00e3o t\u00eam de enfrentar um segundo c\u00e2ncer quando ficam mais velhas, como resultado do tratamento feito quando jovens. Um dos tumores induzidos por radia\u00e7\u00e3o, por exemplo, \u00e9 o linfoma (tumores do sistema linf\u00e1tico, respons\u00e1vel pela produ\u00e7\u00e3o dos gl\u00f3bulos brancos) e o sarcoma (tumores das partes moles, como aqueles de tecidos musculares). Fonte: G1","og_url":"https:\/\/noticiasemdestaque.com\/cd\/?p=6572","og_site_name":"Not&iacute;cias em Destaque","article_published_time":"2017-12-12T10:12:07+00:00","og_image":[{"width":692,"height":334,"url":"https:\/\/noticiasemdestaque.com\/cd\/wp-content\/uploads\/2017\/12\/1513070072304-cancer.jpg","type":"image\/jpeg"}],"author":"Not\u00edcias em Destaque","twitter_card":"summary_large_image","twitter_misc":{"Escrito por":"Not\u00edcias em Destaque","Est. tempo de leitura":"2 minutos"},"schema":{"@context":"https:\/\/schema.org","@graph":[{"@type":"Article","@id":"https:\/\/noticiasemdestaque.com\/cd\/?p=6572#article","isPartOf":{"@id":"https:\/\/noticiasemdestaque.com\/cd\/?p=6572"},"author":{"name":"Not\u00edcias em Destaque","@id":"https:\/\/noticiasemdestaque.com\/cd\/#\/schema\/person\/21320b03a7e8bb90128938dafc9b908a"},"headline":"Radioterapia de pr\u00f3tons pode evitar que crian\u00e7as curadas voltem a ter c\u00e2ncer uma segunda vez","datePublished":"2017-12-12T10:12:07+00:00","mainEntityOfPage":{"@id":"https:\/\/noticiasemdestaque.com\/cd\/?p=6572"},"wordCount":390,"publisher":{"@id":"https:\/\/noticiasemdestaque.com\/cd\/#organization"},"image":{"@id":"https:\/\/noticiasemdestaque.com\/cd\/?p=6572#primaryimage"},"thumbnailUrl":"https:\/\/noticiasemdestaque.com\/cd\/wp-content\/uploads\/2017\/12\/1513070072304-cancer.jpg","articleSection":["Sa\u00fade"],"inLanguage":"pt-BR"},{"@type":"WebPage","@id":"https:\/\/noticiasemdestaque.com\/cd\/?p=6572","url":"https:\/\/noticiasemdestaque.com\/cd\/?p=6572","name":"Radioterapia de pr\u00f3tons pode evitar que crian\u00e7as curadas voltem a ter c\u00e2ncer uma segunda vez - Not&iacute;cias em Destaque","isPartOf":{"@id":"https:\/\/noticiasemdestaque.com\/cd\/#website"},"primaryImageOfPage":{"@id":"https:\/\/noticiasemdestaque.com\/cd\/?p=6572#primaryimage"},"image":{"@id":"https:\/\/noticiasemdestaque.com\/cd\/?p=6572#primaryimage"},"thumbnailUrl":"https:\/\/noticiasemdestaque.com\/cd\/wp-content\/uploads\/2017\/12\/1513070072304-cancer.jpg","datePublished":"2017-12-12T10:12:07+00:00","breadcrumb":{"@id":"https:\/\/noticiasemdestaque.com\/cd\/?p=6572#breadcrumb"},"inLanguage":"pt-BR","potentialAction":[{"@type":"ReadAction","target":["https:\/\/noticiasemdestaque.com\/cd\/?p=6572"]}]},{"@type":"ImageObject","inLanguage":"pt-BR","@id":"https:\/\/noticiasemdestaque.com\/cd\/?p=6572#primaryimage","url":"https:\/\/noticiasemdestaque.com\/cd\/wp-content\/uploads\/2017\/12\/1513070072304-cancer.jpg","contentUrl":"https:\/\/noticiasemdestaque.com\/cd\/wp-content\/uploads\/2017\/12\/1513070072304-cancer.jpg","width":692,"height":334},{"@type":"BreadcrumbList","@id":"https:\/\/noticiasemdestaque.com\/cd\/?p=6572#breadcrumb","itemListElement":[{"@type":"ListItem","position":1,"name":"In\u00edcio","item":"https:\/\/noticiasemdestaque.com\/cd\/"},{"@type":"ListItem","position":2,"name":"Radioterapia de pr\u00f3tons pode evitar que crian\u00e7as curadas voltem a ter c\u00e2ncer uma segunda vez"}]},{"@type":"WebSite","@id":"https:\/\/noticiasemdestaque.com\/cd\/#website","url":"https:\/\/noticiasemdestaque.com\/cd\/","name":"Not&iacute;cias em Destaque","description":"","publisher":{"@id":"https:\/\/noticiasemdestaque.com\/cd\/#organization"},"potentialAction":[{"@type":"SearchAction","target":{"@type":"EntryPoint","urlTemplate":"https:\/\/noticiasemdestaque.com\/cd\/?s={search_term_string}"},"query-input":{"@type":"PropertyValueSpecification","valueRequired":true,"valueName":"search_term_string"}}],"inLanguage":"pt-BR"},{"@type":"Organization","@id":"https:\/\/noticiasemdestaque.com\/cd\/#organization","name":"Not\u00edcias em Destaque","url":"https:\/\/noticiasemdestaque.com\/cd\/","logo":{"@type":"ImageObject","inLanguage":"pt-BR","@id":"https:\/\/noticiasemdestaque.com\/cd\/#\/schema\/logo\/image\/","url":"https:\/\/noticiasemdestaque.com\/cd\/wp-content\/uploads\/2022\/05\/imagem-base-noticiasemdestaque.png","contentUrl":"https:\/\/noticiasemdestaque.com\/cd\/wp-content\/uploads\/2022\/05\/imagem-base-noticiasemdestaque.png","width":1200,"height":630,"caption":"Not\u00edcias em Destaque"},"image":{"@id":"https:\/\/noticiasemdestaque.com\/cd\/#\/schema\/logo\/image\/"}},{"@type":"Person","@id":"https:\/\/noticiasemdestaque.com\/cd\/#\/schema\/person\/21320b03a7e8bb90128938dafc9b908a","name":"Not\u00edcias em Destaque","url":"https:\/\/noticiasemdestaque.com\/cd\/?author=2"}]}},"jetpack_featured_media_url":"https:\/\/noticiasemdestaque.com\/cd\/wp-content\/uploads\/2017\/12\/1513070072304-cancer.jpg","jetpack_sharing_enabled":true,"_links":{"self":[{"href":"https:\/\/noticiasemdestaque.com\/cd\/index.php?rest_route=\/wp\/v2\/posts\/6572","targetHints":{"allow":["GET"]}}],"collection":[{"href":"https:\/\/noticiasemdestaque.com\/cd\/index.php?rest_route=\/wp\/v2\/posts"}],"about":[{"href":"https:\/\/noticiasemdestaque.com\/cd\/index.php?rest_route=\/wp\/v2\/types\/post"}],"author":[{"embeddable":true,"href":"https:\/\/noticiasemdestaque.com\/cd\/index.php?rest_route=\/wp\/v2\/users\/2"}],"replies":[{"embeddable":true,"href":"https:\/\/noticiasemdestaque.com\/cd\/index.php?rest_route=%2Fwp%2Fv2%2Fcomments&post=6572"}],"version-history":[{"count":1,"href":"https:\/\/noticiasemdestaque.com\/cd\/index.php?rest_route=\/wp\/v2\/posts\/6572\/revisions"}],"predecessor-version":[{"id":6574,"href":"https:\/\/noticiasemdestaque.com\/cd\/index.php?rest_route=\/wp\/v2\/posts\/6572\/revisions\/6574"}],"wp:featuredmedia":[{"embeddable":true,"href":"https:\/\/noticiasemdestaque.com\/cd\/index.php?rest_route=\/wp\/v2\/media\/6573"}],"wp:attachment":[{"href":"https:\/\/noticiasemdestaque.com\/cd\/index.php?rest_route=%2Fwp%2Fv2%2Fmedia&parent=6572"}],"wp:term":[{"taxonomy":"category","embeddable":true,"href":"https:\/\/noticiasemdestaque.com\/cd\/index.php?rest_route=%2Fwp%2Fv2%2Fcategories&post=6572"},{"taxonomy":"post_tag","embeddable":true,"href":"https:\/\/noticiasemdestaque.com\/cd\/index.php?rest_route=%2Fwp%2Fv2%2Ftags&post=6572"}],"curies":[{"name":"wp","href":"https:\/\/api.w.org\/{rel}","templated":true}]}}