{"id":6563,"date":"2017-12-12T07:04:40","date_gmt":"2017-12-12T10:04:40","guid":{"rendered":"http:\/\/caririemdestaque.com\/cd\/?p=6563"},"modified":"2017-12-12T07:04:40","modified_gmt":"2017-12-12T10:04:40","slug":"gasolina-tem-novo-aumento-nesta-terca-feira","status":"publish","type":"post","link":"https:\/\/noticiasemdestaque.com\/cd\/?p=6563","title":{"rendered":"Gasolina tem novo aumento nesta ter\u00e7a-feira"},"content":{"rendered":"<div class=\"bodytext\">\n<p><a href=\"http:\/\/caririemdestaque.com\/cd\/wp-content\/uploads\/2017\/12\/gasolina-300x201.jpg\"><img fetchpriority=\"high\" decoding=\"async\" class=\"wp-image-6567 size-medium alignleft\" src=\"http:\/\/caririemdestaque.com\/cd\/wp-content\/uploads\/2017\/12\/gasolina-300x201-300x201.jpg\" alt=\"\" width=\"300\" height=\"201\" \/><\/a>A Petrobras anunciou nesta segunda-feira, 11, que vai aumentar o pre\u00e7o do diesel e da gasolina. A partir desta ter\u00e7a-feira, o valor cobrado nas refinarias sofrer\u00e1 eleva\u00e7\u00f5es de 1,8%, no diesel, e 1,4% na gasolina. Esse \u00e9 o nono aumento semanal seguido anunciado pela empresa. Na \u00faltima sexta-feira, 8, a empresa j\u00e1 havia informado aumentos nos combust\u00edveis que passaram a valer no s\u00e1bado, 9.<\/p>\n<p><strong>Novo formato<\/strong><\/p>\n<p>O an\u00fancio constante de aumentos nos pre\u00e7os faz parte da nova pol\u00edtica de pre\u00e7os da Petrobras. Anunciado h\u00e1 alguns meses, o m\u00e9todo aumenta e reduz os pre\u00e7os quase diariamente, com o objetivo de acompanhar a cota\u00e7\u00e3o de mercados internacionais e evitar preju\u00edzos e grandes aumentos. A empresa ressalta que a decis\u00e3o de repassar os valores ou n\u00e3o ao consumidor \u00e9 de cada um dos postos. Desde o in\u00edcio desse tipo de cobran\u00e7a, a gasolina j\u00e1 aumentou 24,11% e o diesel 18,08%.<\/p>\n<\/div>\n<div class=\"bodytext\"><\/div>\n<div class=\"single-text-source\">Fonte:\u00a0Yahoo<\/div>\n","protected":false},"excerpt":{"rendered":"<p>A Petrobras anunciou nesta segunda-feira, 11, que vai aumentar o pre\u00e7o do diesel e da gasolina. A partir desta ter\u00e7a-feira, o valor cobrado nas refinarias sofrer\u00e1 eleva\u00e7\u00f5es de 1,8%, no diesel, e 1,4% na gasolina. Esse \u00e9 o nono aumento semanal seguido anunciado pela empresa. Na \u00faltima sexta-feira, 8, a empresa j\u00e1 havia informado aumentos nos combust\u00edveis que passaram a valer no s\u00e1bado, 9. Novo formato O an\u00fancio constante de aumentos nos pre\u00e7os faz parte da nova pol\u00edtica de pre\u00e7os da Petrobras. Anunciado h\u00e1 alguns meses, o m\u00e9todo aumenta e reduz os pre\u00e7os quase diariamente, com o objetivo de acompanhar a cota\u00e7\u00e3o de mercados internacionais e evitar preju\u00edzos e grandes aumentos. A empresa ressalta que a decis\u00e3o de repassar os valores ou n\u00e3o ao consumidor \u00e9 de cada um dos postos. Desde o in\u00edcio desse tipo de cobran\u00e7a, a gasolina j\u00e1 aumentou 24,11% e o diesel 18,08%. Fonte:\u00a0Yahoo<\/p>\n","protected":false},"author":2,"featured_media":6567,"comment_status":"closed","ping_status":"open","sticky":false,"template":"","format":"standard","meta":{"_eb_attr":"","_jetpack_memberships_contains_paid_content":false,"footnotes":""},"categories":[11],"tags":[],"class_list":["post-6563","post","type-post","status-publish","format-standard","has-post-thumbnail","hentry","category-economia"],"yoast_head":"<!-- This site is optimized with the Yoast SEO plugin v26.5 - https:\/\/yoast.com\/wordpress\/plugins\/seo\/ -->\n<title>Gasolina tem novo aumento nesta ter\u00e7a-feira - Not&iacute;cias em Destaque<\/title>\n<meta name=\"robots\" content=\"index, follow, max-snippet:-1, max-image-preview:large, max-video-preview:-1\" \/>\n<link rel=\"canonical\" href=\"https:\/\/noticiasemdestaque.com\/cd\/?p=6563\" \/>\n<meta property=\"og:locale\" content=\"pt_BR\" \/>\n<meta property=\"og:type\" content=\"article\" \/>\n<meta property=\"og:title\" content=\"Gasolina tem novo aumento nesta ter\u00e7a-feira - Not&iacute;cias em Destaque\" \/>\n<meta property=\"og:description\" content=\"A Petrobras anunciou nesta segunda-feira, 11, que vai aumentar o pre\u00e7o do diesel e da gasolina. A partir desta ter\u00e7a-feira, o valor cobrado nas refinarias sofrer\u00e1 eleva\u00e7\u00f5es de 1,8%, no diesel, e 1,4% na gasolina. Esse \u00e9 o nono aumento semanal seguido anunciado pela empresa. Na \u00faltima sexta-feira, 8, a empresa j\u00e1 havia informado aumentos nos combust\u00edveis que passaram a valer no s\u00e1bado, 9. Novo formato O an\u00fancio constante de aumentos nos pre\u00e7os faz parte da nova pol\u00edtica de pre\u00e7os da Petrobras. Anunciado h\u00e1 alguns meses, o m\u00e9todo aumenta e reduz os pre\u00e7os quase diariamente, com o objetivo de acompanhar a cota\u00e7\u00e3o de mercados internacionais e evitar preju\u00edzos e grandes aumentos. A empresa ressalta que a decis\u00e3o de repassar os valores ou n\u00e3o ao consumidor \u00e9 de cada um dos postos. Desde o in\u00edcio desse tipo de cobran\u00e7a, a gasolina j\u00e1 aumentou 24,11% e o diesel 18,08%. Fonte:\u00a0Yahoo\" \/>\n<meta property=\"og:url\" content=\"https:\/\/noticiasemdestaque.com\/cd\/?p=6563\" \/>\n<meta property=\"og:site_name\" content=\"Not&iacute;cias em Destaque\" \/>\n<meta property=\"article:published_time\" content=\"2017-12-12T10:04:40+00:00\" \/>\n<meta property=\"og:image\" content=\"https:\/\/noticiasemdestaque.com\/cd\/wp-content\/uploads\/2017\/12\/gasolina-300x201.jpg\" \/>\n\t<meta property=\"og:image:width\" content=\"300\" \/>\n\t<meta property=\"og:image:height\" content=\"201\" \/>\n\t<meta property=\"og:image:type\" content=\"image\/jpeg\" \/>\n<meta name=\"author\" content=\"Not\u00edcias em Destaque\" \/>\n<meta name=\"twitter:card\" content=\"summary_large_image\" \/>\n<meta name=\"twitter:label1\" content=\"Escrito por\" \/>\n\t<meta name=\"twitter:data1\" content=\"Not\u00edcias em Destaque\" \/>\n\t<meta name=\"twitter:label2\" content=\"Est. tempo de leitura\" \/>\n\t<meta name=\"twitter:data2\" content=\"1 minuto\" \/>\n<script type=\"application\/ld+json\" class=\"yoast-schema-graph\">{\"@context\":\"https:\/\/schema.org\",\"@graph\":[{\"@type\":\"Article\",\"@id\":\"https:\/\/noticiasemdestaque.com\/cd\/?p=6563#article\",\"isPartOf\":{\"@id\":\"https:\/\/noticiasemdestaque.com\/cd\/?p=6563\"},\"author\":{\"name\":\"Not\u00edcias em Destaque\",\"@id\":\"https:\/\/noticiasemdestaque.com\/cd\/#\/schema\/person\/21320b03a7e8bb90128938dafc9b908a\"},\"headline\":\"Gasolina tem novo aumento nesta ter\u00e7a-feira\",\"datePublished\":\"2017-12-12T10:04:40+00:00\",\"mainEntityOfPage\":{\"@id\":\"https:\/\/noticiasemdestaque.com\/cd\/?p=6563\"},\"wordCount\":164,\"publisher\":{\"@id\":\"https:\/\/noticiasemdestaque.com\/cd\/#organization\"},\"image\":{\"@id\":\"https:\/\/noticiasemdestaque.com\/cd\/?p=6563#primaryimage\"},\"thumbnailUrl\":\"https:\/\/noticiasemdestaque.com\/cd\/wp-content\/uploads\/2017\/12\/gasolina-300x201.jpg\",\"articleSection\":[\"Economia\"],\"inLanguage\":\"pt-BR\"},{\"@type\":\"WebPage\",\"@id\":\"https:\/\/noticiasemdestaque.com\/cd\/?p=6563\",\"url\":\"https:\/\/noticiasemdestaque.com\/cd\/?p=6563\",\"name\":\"Gasolina tem novo aumento nesta ter\u00e7a-feira - Not&iacute;cias em Destaque\",\"isPartOf\":{\"@id\":\"https:\/\/noticiasemdestaque.com\/cd\/#website\"},\"primaryImageOfPage\":{\"@id\":\"https:\/\/noticiasemdestaque.com\/cd\/?p=6563#primaryimage\"},\"image\":{\"@id\":\"https:\/\/noticiasemdestaque.com\/cd\/?p=6563#primaryimage\"},\"thumbnailUrl\":\"https:\/\/noticiasemdestaque.com\/cd\/wp-content\/uploads\/2017\/12\/gasolina-300x201.jpg\",\"datePublished\":\"2017-12-12T10:04:40+00:00\",\"breadcrumb\":{\"@id\":\"https:\/\/noticiasemdestaque.com\/cd\/?p=6563#breadcrumb\"},\"inLanguage\":\"pt-BR\",\"potentialAction\":[{\"@type\":\"ReadAction\",\"target\":[\"https:\/\/noticiasemdestaque.com\/cd\/?p=6563\"]}]},{\"@type\":\"ImageObject\",\"inLanguage\":\"pt-BR\",\"@id\":\"https:\/\/noticiasemdestaque.com\/cd\/?p=6563#primaryimage\",\"url\":\"https:\/\/noticiasemdestaque.com\/cd\/wp-content\/uploads\/2017\/12\/gasolina-300x201.jpg\",\"contentUrl\":\"https:\/\/noticiasemdestaque.com\/cd\/wp-content\/uploads\/2017\/12\/gasolina-300x201.jpg\",\"width\":300,\"height\":201},{\"@type\":\"BreadcrumbList\",\"@id\":\"https:\/\/noticiasemdestaque.com\/cd\/?p=6563#breadcrumb\",\"itemListElement\":[{\"@type\":\"ListItem\",\"position\":1,\"name\":\"In\u00edcio\",\"item\":\"https:\/\/noticiasemdestaque.com\/cd\/\"},{\"@type\":\"ListItem\",\"position\":2,\"name\":\"Gasolina tem novo aumento nesta ter\u00e7a-feira\"}]},{\"@type\":\"WebSite\",\"@id\":\"https:\/\/noticiasemdestaque.com\/cd\/#website\",\"url\":\"https:\/\/noticiasemdestaque.com\/cd\/\",\"name\":\"Not&iacute;cias em Destaque\",\"description\":\"\",\"publisher\":{\"@id\":\"https:\/\/noticiasemdestaque.com\/cd\/#organization\"},\"potentialAction\":[{\"@type\":\"SearchAction\",\"target\":{\"@type\":\"EntryPoint\",\"urlTemplate\":\"https:\/\/noticiasemdestaque.com\/cd\/?s={search_term_string}\"},\"query-input\":{\"@type\":\"PropertyValueSpecification\",\"valueRequired\":true,\"valueName\":\"search_term_string\"}}],\"inLanguage\":\"pt-BR\"},{\"@type\":\"Organization\",\"@id\":\"https:\/\/noticiasemdestaque.com\/cd\/#organization\",\"name\":\"Not\u00edcias em Destaque\",\"url\":\"https:\/\/noticiasemdestaque.com\/cd\/\",\"logo\":{\"@type\":\"ImageObject\",\"inLanguage\":\"pt-BR\",\"@id\":\"https:\/\/noticiasemdestaque.com\/cd\/#\/schema\/logo\/image\/\",\"url\":\"https:\/\/noticiasemdestaque.com\/cd\/wp-content\/uploads\/2022\/05\/imagem-base-noticiasemdestaque.png\",\"contentUrl\":\"https:\/\/noticiasemdestaque.com\/cd\/wp-content\/uploads\/2022\/05\/imagem-base-noticiasemdestaque.png\",\"width\":1200,\"height\":630,\"caption\":\"Not\u00edcias em Destaque\"},\"image\":{\"@id\":\"https:\/\/noticiasemdestaque.com\/cd\/#\/schema\/logo\/image\/\"}},{\"@type\":\"Person\",\"@id\":\"https:\/\/noticiasemdestaque.com\/cd\/#\/schema\/person\/21320b03a7e8bb90128938dafc9b908a\",\"name\":\"Not\u00edcias em Destaque\",\"url\":\"https:\/\/noticiasemdestaque.com\/cd\/?author=2\"}]}<\/script>\n<!-- \/ Yoast SEO plugin. -->","yoast_head_json":{"title":"Gasolina tem novo aumento nesta ter\u00e7a-feira - Not&iacute;cias em Destaque","robots":{"index":"index","follow":"follow","max-snippet":"max-snippet:-1","max-image-preview":"max-image-preview:large","max-video-preview":"max-video-preview:-1"},"canonical":"https:\/\/noticiasemdestaque.com\/cd\/?p=6563","og_locale":"pt_BR","og_type":"article","og_title":"Gasolina tem novo aumento nesta ter\u00e7a-feira - Not&iacute;cias em Destaque","og_description":"A Petrobras anunciou nesta segunda-feira, 11, que vai aumentar o pre\u00e7o do diesel e da gasolina. A partir desta ter\u00e7a-feira, o valor cobrado nas refinarias sofrer\u00e1 eleva\u00e7\u00f5es de 1,8%, no diesel, e 1,4% na gasolina. Esse \u00e9 o nono aumento semanal seguido anunciado pela empresa. Na \u00faltima sexta-feira, 8, a empresa j\u00e1 havia informado aumentos nos combust\u00edveis que passaram a valer no s\u00e1bado, 9. Novo formato O an\u00fancio constante de aumentos nos pre\u00e7os faz parte da nova pol\u00edtica de pre\u00e7os da Petrobras. Anunciado h\u00e1 alguns meses, o m\u00e9todo aumenta e reduz os pre\u00e7os quase diariamente, com o objetivo de acompanhar a cota\u00e7\u00e3o de mercados internacionais e evitar preju\u00edzos e grandes aumentos. A empresa ressalta que a decis\u00e3o de repassar os valores ou n\u00e3o ao consumidor \u00e9 de cada um dos postos. Desde o in\u00edcio desse tipo de cobran\u00e7a, a gasolina j\u00e1 aumentou 24,11% e o diesel 18,08%. Fonte:\u00a0Yahoo","og_url":"https:\/\/noticiasemdestaque.com\/cd\/?p=6563","og_site_name":"Not&iacute;cias em Destaque","article_published_time":"2017-12-12T10:04:40+00:00","og_image":[{"width":300,"height":201,"url":"https:\/\/noticiasemdestaque.com\/cd\/wp-content\/uploads\/2017\/12\/gasolina-300x201.jpg","type":"image\/jpeg"}],"author":"Not\u00edcias em Destaque","twitter_card":"summary_large_image","twitter_misc":{"Escrito por":"Not\u00edcias em Destaque","Est. tempo de leitura":"1 minuto"},"schema":{"@context":"https:\/\/schema.org","@graph":[{"@type":"Article","@id":"https:\/\/noticiasemdestaque.com\/cd\/?p=6563#article","isPartOf":{"@id":"https:\/\/noticiasemdestaque.com\/cd\/?p=6563"},"author":{"name":"Not\u00edcias em Destaque","@id":"https:\/\/noticiasemdestaque.com\/cd\/#\/schema\/person\/21320b03a7e8bb90128938dafc9b908a"},"headline":"Gasolina tem novo aumento nesta ter\u00e7a-feira","datePublished":"2017-12-12T10:04:40+00:00","mainEntityOfPage":{"@id":"https:\/\/noticiasemdestaque.com\/cd\/?p=6563"},"wordCount":164,"publisher":{"@id":"https:\/\/noticiasemdestaque.com\/cd\/#organization"},"image":{"@id":"https:\/\/noticiasemdestaque.com\/cd\/?p=6563#primaryimage"},"thumbnailUrl":"https:\/\/noticiasemdestaque.com\/cd\/wp-content\/uploads\/2017\/12\/gasolina-300x201.jpg","articleSection":["Economia"],"inLanguage":"pt-BR"},{"@type":"WebPage","@id":"https:\/\/noticiasemdestaque.com\/cd\/?p=6563","url":"https:\/\/noticiasemdestaque.com\/cd\/?p=6563","name":"Gasolina tem novo aumento nesta ter\u00e7a-feira - Not&iacute;cias em Destaque","isPartOf":{"@id":"https:\/\/noticiasemdestaque.com\/cd\/#website"},"primaryImageOfPage":{"@id":"https:\/\/noticiasemdestaque.com\/cd\/?p=6563#primaryimage"},"image":{"@id":"https:\/\/noticiasemdestaque.com\/cd\/?p=6563#primaryimage"},"thumbnailUrl":"https:\/\/noticiasemdestaque.com\/cd\/wp-content\/uploads\/2017\/12\/gasolina-300x201.jpg","datePublished":"2017-12-12T10:04:40+00:00","breadcrumb":{"@id":"https:\/\/noticiasemdestaque.com\/cd\/?p=6563#breadcrumb"},"inLanguage":"pt-BR","potentialAction":[{"@type":"ReadAction","target":["https:\/\/noticiasemdestaque.com\/cd\/?p=6563"]}]},{"@type":"ImageObject","inLanguage":"pt-BR","@id":"https:\/\/noticiasemdestaque.com\/cd\/?p=6563#primaryimage","url":"https:\/\/noticiasemdestaque.com\/cd\/wp-content\/uploads\/2017\/12\/gasolina-300x201.jpg","contentUrl":"https:\/\/noticiasemdestaque.com\/cd\/wp-content\/uploads\/2017\/12\/gasolina-300x201.jpg","width":300,"height":201},{"@type":"BreadcrumbList","@id":"https:\/\/noticiasemdestaque.com\/cd\/?p=6563#breadcrumb","itemListElement":[{"@type":"ListItem","position":1,"name":"In\u00edcio","item":"https:\/\/noticiasemdestaque.com\/cd\/"},{"@type":"ListItem","position":2,"name":"Gasolina tem novo aumento nesta ter\u00e7a-feira"}]},{"@type":"WebSite","@id":"https:\/\/noticiasemdestaque.com\/cd\/#website","url":"https:\/\/noticiasemdestaque.com\/cd\/","name":"Not&iacute;cias em Destaque","description":"","publisher":{"@id":"https:\/\/noticiasemdestaque.com\/cd\/#organization"},"potentialAction":[{"@type":"SearchAction","target":{"@type":"EntryPoint","urlTemplate":"https:\/\/noticiasemdestaque.com\/cd\/?s={search_term_string}"},"query-input":{"@type":"PropertyValueSpecification","valueRequired":true,"valueName":"search_term_string"}}],"inLanguage":"pt-BR"},{"@type":"Organization","@id":"https:\/\/noticiasemdestaque.com\/cd\/#organization","name":"Not\u00edcias em Destaque","url":"https:\/\/noticiasemdestaque.com\/cd\/","logo":{"@type":"ImageObject","inLanguage":"pt-BR","@id":"https:\/\/noticiasemdestaque.com\/cd\/#\/schema\/logo\/image\/","url":"https:\/\/noticiasemdestaque.com\/cd\/wp-content\/uploads\/2022\/05\/imagem-base-noticiasemdestaque.png","contentUrl":"https:\/\/noticiasemdestaque.com\/cd\/wp-content\/uploads\/2022\/05\/imagem-base-noticiasemdestaque.png","width":1200,"height":630,"caption":"Not\u00edcias em Destaque"},"image":{"@id":"https:\/\/noticiasemdestaque.com\/cd\/#\/schema\/logo\/image\/"}},{"@type":"Person","@id":"https:\/\/noticiasemdestaque.com\/cd\/#\/schema\/person\/21320b03a7e8bb90128938dafc9b908a","name":"Not\u00edcias em Destaque","url":"https:\/\/noticiasemdestaque.com\/cd\/?author=2"}]}},"jetpack_featured_media_url":"https:\/\/noticiasemdestaque.com\/cd\/wp-content\/uploads\/2017\/12\/gasolina-300x201.jpg","jetpack_sharing_enabled":true,"_links":{"self":[{"href":"https:\/\/noticiasemdestaque.com\/cd\/index.php?rest_route=\/wp\/v2\/posts\/6563","targetHints":{"allow":["GET"]}}],"collection":[{"href":"https:\/\/noticiasemdestaque.com\/cd\/index.php?rest_route=\/wp\/v2\/posts"}],"about":[{"href":"https:\/\/noticiasemdestaque.com\/cd\/index.php?rest_route=\/wp\/v2\/types\/post"}],"author":[{"embeddable":true,"href":"https:\/\/noticiasemdestaque.com\/cd\/index.php?rest_route=\/wp\/v2\/users\/2"}],"replies":[{"embeddable":true,"href":"https:\/\/noticiasemdestaque.com\/cd\/index.php?rest_route=%2Fwp%2Fv2%2Fcomments&post=6563"}],"version-history":[{"count":1,"href":"https:\/\/noticiasemdestaque.com\/cd\/index.php?rest_route=\/wp\/v2\/posts\/6563\/revisions"}],"predecessor-version":[{"id":6568,"href":"https:\/\/noticiasemdestaque.com\/cd\/index.php?rest_route=\/wp\/v2\/posts\/6563\/revisions\/6568"}],"wp:featuredmedia":[{"embeddable":true,"href":"https:\/\/noticiasemdestaque.com\/cd\/index.php?rest_route=\/wp\/v2\/media\/6567"}],"wp:attachment":[{"href":"https:\/\/noticiasemdestaque.com\/cd\/index.php?rest_route=%2Fwp%2Fv2%2Fmedia&parent=6563"}],"wp:term":[{"taxonomy":"category","embeddable":true,"href":"https:\/\/noticiasemdestaque.com\/cd\/index.php?rest_route=%2Fwp%2Fv2%2Fcategories&post=6563"},{"taxonomy":"post_tag","embeddable":true,"href":"https:\/\/noticiasemdestaque.com\/cd\/index.php?rest_route=%2Fwp%2Fv2%2Ftags&post=6563"}],"curies":[{"name":"wp","href":"https:\/\/api.w.org\/{rel}","templated":true}]}}