{"id":6514,"date":"2017-12-07T16:57:24","date_gmt":"2017-12-07T19:57:24","guid":{"rendered":"http:\/\/caririemdestaque.com\/cd\/?p=6514"},"modified":"2017-12-07T16:57:24","modified_gmt":"2017-12-07T19:57:24","slug":"plenario-derruba-portaria-que-limitava-realizacao-de-mamografias","status":"publish","type":"post","link":"https:\/\/noticiasemdestaque.com\/cd\/?p=6514","title":{"rendered":"Plen\u00e1rio derruba portaria que limitava realiza\u00e7\u00e3o de mamografias"},"content":{"rendered":"<p><a href=\"http:\/\/caririemdestaque.com\/cd\/wp-content\/uploads\/2017\/12\/mamografia1.jpg\"><img fetchpriority=\"high\" decoding=\"async\" class=\"wp-image-6515 size-medium\" src=\"http:\/\/caririemdestaque.com\/cd\/wp-content\/uploads\/2017\/12\/mamografia1-300x200.jpg\" alt=\"\" width=\"300\" height=\"200\" srcset=\"https:\/\/noticiasemdestaque.com\/cd\/wp-content\/uploads\/2017\/12\/mamografia1-300x200.jpg 300w, https:\/\/noticiasemdestaque.com\/cd\/wp-content\/uploads\/2017\/12\/mamografia1-768x512.jpg 768w, https:\/\/noticiasemdestaque.com\/cd\/wp-content\/uploads\/2017\/12\/mamografia1-480x320.jpg 480w, https:\/\/noticiasemdestaque.com\/cd\/wp-content\/uploads\/2017\/12\/mamografia1.jpg 1000w\" sizes=\"(max-width: 300px) 100vw, 300px\" \/><\/a><\/p>\n<p>O Plen\u00e1rio aprovou nesta ter\u00e7a-feira (5) projeto de decreto legislativo (PDS 42\/2015) que assegura o acesso de mulheres entre 40 e 49 anos ao exame de mamografia pelo Sistema \u00danico de Sa\u00fade (SUS).<\/p><\/div>\n<p>O texto, da deputada Carmen Zanotto (PPS-SC), torna sem efeito uma portaria do Minist\u00e9rio da Sa\u00fade. A mat\u00e9ria vai \u00e0 promulga\u00e7\u00e3o.<\/p>\n<p>Uma lei de 2008 determinava a realiza\u00e7\u00e3o de mamografia para o rastreamento de c\u00e2ncer para todas as mulheres a partir dos 40 anos. Mas a portaria do Minist\u00e9rio da Sa\u00fade mudou a fonte de recursos para a realiza\u00e7\u00e3o dos exames, de acordo com duas faixas et\u00e1rias.<\/p>\n<p>Mulheres entre 50 e 69 anos teriam as mamografias pagas pelo Fundo de A\u00e7\u00f5es Estrat\u00e9gicas e Compensa\u00e7\u00e3o (Faec). Por esse sistema, o governo federal remunera diretamente cada procedimento realizado, o que oferece mais garantia para a paciente que procura o SUS em busca de atendimento.<\/p>\n<p>De acordo com a portaria, as mulheres com menos de 49 anos teriam os exames pagos at\u00e9 o limite destinado ao financiamento de procedimentos de m\u00e9dia e alta complexidade ambulatorial e hospitalar (MAC). Nesse caso, os recursos seriam repassados mensalmente aos gestores municipais para o custeio dos procedimentos. Assim, as secretarias municipais de sa\u00fade teriam de arcar com o custo das mamografias em mulheres com idade entre 40 e 49 anos, sem receberem recursos adicionais para o custeio do exame.<br \/>\n\u201cManobra\u201d<\/p>\n<p>Na avalia\u00e7\u00e3o da relatora, senadora Ana Am\u00e9lia (PP-RS), a portaria n\u00e3o passa de uma \u201cmanobra normativa\u201d que o Minist\u00e9rio da Sa\u00fade adotou para contrariar o que a lei disp\u00f5e: a realiza\u00e7\u00e3o de exame mamogr\u00e1fico a todas as mulheres a partir dos 40 anos de idade.<\/p>\n<p>\u2014 Afinal, n\u00e3o h\u00e1 argumenta\u00e7\u00e3o l\u00f3gica cab\u00edvel para justificar a exist\u00eancia de diferentes fontes de financiamento para um mesmo tipo de procedimento \u2014 ressaltou.<\/p>\n<p><em><strong>Cariri em Destaque<\/strong><\/em><\/p>\n<p>Com Ag\u00eancia Senado<\/p>\n","protected":false},"excerpt":{"rendered":"<p>O Plen\u00e1rio aprovou nesta ter\u00e7a-feira (5) projeto de decreto legislativo (PDS 42\/2015) que assegura o acesso de mulheres entre 40 e 49 anos ao exame de mamografia pelo Sistema \u00danico de Sa\u00fade (SUS). O texto, da deputada Carmen Zanotto (PPS-SC), torna sem efeito uma portaria do Minist\u00e9rio da Sa\u00fade. A mat\u00e9ria vai \u00e0 promulga\u00e7\u00e3o. Uma lei de 2008 determinava a realiza\u00e7\u00e3o de mamografia para o rastreamento de c\u00e2ncer para todas as mulheres a partir dos 40 anos. Mas a portaria do Minist\u00e9rio da Sa\u00fade mudou a fonte de recursos para a realiza\u00e7\u00e3o dos exames, de acordo com duas faixas et\u00e1rias. Mulheres entre 50 e 69 anos teriam as mamografias pagas pelo Fundo de A\u00e7\u00f5es Estrat\u00e9gicas e Compensa\u00e7\u00e3o (Faec). Por esse sistema, o governo federal remunera diretamente cada procedimento realizado, o que oferece mais garantia para a paciente que procura o SUS em busca de atendimento. De acordo com a portaria, as mulheres com menos de 49 anos teriam os exames pagos at\u00e9 o limite destinado ao financiamento de procedimentos de m\u00e9dia e alta complexidade ambulatorial e hospitalar (MAC). Nesse caso, os recursos seriam repassados mensalmente aos gestores municipais para o custeio dos procedimentos. Assim, as secretarias municipais de sa\u00fade teriam de arcar com o custo das mamografias em mulheres com idade entre 40 e 49 anos, sem receberem recursos adicionais para o custeio do exame. \u201cManobra\u201d Na avalia\u00e7\u00e3o da relatora, senadora Ana Am\u00e9lia (PP-RS), a portaria n\u00e3o passa de uma \u201cmanobra normativa\u201d que o Minist\u00e9rio da Sa\u00fade adotou para contrariar o que a lei disp\u00f5e: a realiza\u00e7\u00e3o de exame mamogr\u00e1fico a todas as mulheres a partir dos 40 anos de idade. \u2014 Afinal, n\u00e3o h\u00e1 argumenta\u00e7\u00e3o l\u00f3gica cab\u00edvel para justificar a exist\u00eancia de diferentes fontes de financiamento para um mesmo tipo de procedimento \u2014 ressaltou. Cariri em Destaque Com Ag\u00eancia Senado<\/p>\n","protected":false},"author":2,"featured_media":6515,"comment_status":"closed","ping_status":"open","sticky":false,"template":"","format":"standard","meta":{"_eb_attr":"","_jetpack_memberships_contains_paid_content":false,"footnotes":""},"categories":[8],"tags":[],"class_list":["post-6514","post","type-post","status-publish","format-standard","has-post-thumbnail","hentry","category-saude"],"yoast_head":"<!-- This site is optimized with the Yoast SEO plugin v26.5 - https:\/\/yoast.com\/wordpress\/plugins\/seo\/ -->\n<title>Plen\u00e1rio derruba portaria que limitava realiza\u00e7\u00e3o de mamografias - Not&iacute;cias em Destaque<\/title>\n<meta name=\"robots\" content=\"index, follow, max-snippet:-1, max-image-preview:large, max-video-preview:-1\" \/>\n<link rel=\"canonical\" href=\"https:\/\/noticiasemdestaque.com\/cd\/?p=6514\" \/>\n<meta property=\"og:locale\" content=\"pt_BR\" \/>\n<meta property=\"og:type\" content=\"article\" \/>\n<meta property=\"og:title\" content=\"Plen\u00e1rio derruba portaria que limitava realiza\u00e7\u00e3o de mamografias - Not&iacute;cias em Destaque\" \/>\n<meta property=\"og:description\" content=\"O Plen\u00e1rio aprovou nesta ter\u00e7a-feira (5) projeto de decreto legislativo (PDS 42\/2015) que assegura o acesso de mulheres entre 40 e 49 anos ao exame de mamografia pelo Sistema \u00danico de Sa\u00fade (SUS). O texto, da deputada Carmen Zanotto (PPS-SC), torna sem efeito uma portaria do Minist\u00e9rio da Sa\u00fade. A mat\u00e9ria vai \u00e0 promulga\u00e7\u00e3o. Uma lei de 2008 determinava a realiza\u00e7\u00e3o de mamografia para o rastreamento de c\u00e2ncer para todas as mulheres a partir dos 40 anos. Mas a portaria do Minist\u00e9rio da Sa\u00fade mudou a fonte de recursos para a realiza\u00e7\u00e3o dos exames, de acordo com duas faixas et\u00e1rias. Mulheres entre 50 e 69 anos teriam as mamografias pagas pelo Fundo de A\u00e7\u00f5es Estrat\u00e9gicas e Compensa\u00e7\u00e3o (Faec). Por esse sistema, o governo federal remunera diretamente cada procedimento realizado, o que oferece mais garantia para a paciente que procura o SUS em busca de atendimento. De acordo com a portaria, as mulheres com menos de 49 anos teriam os exames pagos at\u00e9 o limite destinado ao financiamento de procedimentos de m\u00e9dia e alta complexidade ambulatorial e hospitalar (MAC). Nesse caso, os recursos seriam repassados mensalmente aos gestores municipais para o custeio dos procedimentos. Assim, as secretarias municipais de sa\u00fade teriam de arcar com o custo das mamografias em mulheres com idade entre 40 e 49 anos, sem receberem recursos adicionais para o custeio do exame. \u201cManobra\u201d Na avalia\u00e7\u00e3o da relatora, senadora Ana Am\u00e9lia (PP-RS), a portaria n\u00e3o passa de uma \u201cmanobra normativa\u201d que o Minist\u00e9rio da Sa\u00fade adotou para contrariar o que a lei disp\u00f5e: a realiza\u00e7\u00e3o de exame mamogr\u00e1fico a todas as mulheres a partir dos 40 anos de idade. \u2014 Afinal, n\u00e3o h\u00e1 argumenta\u00e7\u00e3o l\u00f3gica cab\u00edvel para justificar a exist\u00eancia de diferentes fontes de financiamento para um mesmo tipo de procedimento \u2014 ressaltou. Cariri em Destaque Com Ag\u00eancia Senado\" \/>\n<meta property=\"og:url\" content=\"https:\/\/noticiasemdestaque.com\/cd\/?p=6514\" \/>\n<meta property=\"og:site_name\" content=\"Not&iacute;cias em Destaque\" \/>\n<meta property=\"article:published_time\" content=\"2017-12-07T19:57:24+00:00\" \/>\n<meta property=\"og:image\" content=\"https:\/\/noticiasemdestaque.com\/cd\/wp-content\/uploads\/2017\/12\/mamografia1.jpg\" \/>\n\t<meta property=\"og:image:width\" content=\"1000\" \/>\n\t<meta property=\"og:image:height\" content=\"667\" \/>\n\t<meta property=\"og:image:type\" content=\"image\/jpeg\" \/>\n<meta name=\"author\" content=\"Not\u00edcias em Destaque\" \/>\n<meta name=\"twitter:card\" content=\"summary_large_image\" \/>\n<meta name=\"twitter:label1\" content=\"Escrito por\" \/>\n\t<meta name=\"twitter:data1\" content=\"Not\u00edcias em Destaque\" \/>\n\t<meta name=\"twitter:label2\" content=\"Est. tempo de leitura\" \/>\n\t<meta name=\"twitter:data2\" content=\"2 minutos\" \/>\n<script type=\"application\/ld+json\" class=\"yoast-schema-graph\">{\"@context\":\"https:\/\/schema.org\",\"@graph\":[{\"@type\":\"Article\",\"@id\":\"https:\/\/noticiasemdestaque.com\/cd\/?p=6514#article\",\"isPartOf\":{\"@id\":\"https:\/\/noticiasemdestaque.com\/cd\/?p=6514\"},\"author\":{\"name\":\"Not\u00edcias em Destaque\",\"@id\":\"https:\/\/noticiasemdestaque.com\/cd\/#\/schema\/person\/21320b03a7e8bb90128938dafc9b908a\"},\"headline\":\"Plen\u00e1rio derruba portaria que limitava realiza\u00e7\u00e3o de mamografias\",\"datePublished\":\"2017-12-07T19:57:24+00:00\",\"mainEntityOfPage\":{\"@id\":\"https:\/\/noticiasemdestaque.com\/cd\/?p=6514\"},\"wordCount\":328,\"publisher\":{\"@id\":\"https:\/\/noticiasemdestaque.com\/cd\/#organization\"},\"image\":{\"@id\":\"https:\/\/noticiasemdestaque.com\/cd\/?p=6514#primaryimage\"},\"thumbnailUrl\":\"https:\/\/noticiasemdestaque.com\/cd\/wp-content\/uploads\/2017\/12\/mamografia1.jpg\",\"articleSection\":[\"Sa\u00fade\"],\"inLanguage\":\"pt-BR\"},{\"@type\":\"WebPage\",\"@id\":\"https:\/\/noticiasemdestaque.com\/cd\/?p=6514\",\"url\":\"https:\/\/noticiasemdestaque.com\/cd\/?p=6514\",\"name\":\"Plen\u00e1rio derruba portaria que limitava realiza\u00e7\u00e3o de mamografias - Not&iacute;cias em Destaque\",\"isPartOf\":{\"@id\":\"https:\/\/noticiasemdestaque.com\/cd\/#website\"},\"primaryImageOfPage\":{\"@id\":\"https:\/\/noticiasemdestaque.com\/cd\/?p=6514#primaryimage\"},\"image\":{\"@id\":\"https:\/\/noticiasemdestaque.com\/cd\/?p=6514#primaryimage\"},\"thumbnailUrl\":\"https:\/\/noticiasemdestaque.com\/cd\/wp-content\/uploads\/2017\/12\/mamografia1.jpg\",\"datePublished\":\"2017-12-07T19:57:24+00:00\",\"breadcrumb\":{\"@id\":\"https:\/\/noticiasemdestaque.com\/cd\/?p=6514#breadcrumb\"},\"inLanguage\":\"pt-BR\",\"potentialAction\":[{\"@type\":\"ReadAction\",\"target\":[\"https:\/\/noticiasemdestaque.com\/cd\/?p=6514\"]}]},{\"@type\":\"ImageObject\",\"inLanguage\":\"pt-BR\",\"@id\":\"https:\/\/noticiasemdestaque.com\/cd\/?p=6514#primaryimage\",\"url\":\"https:\/\/noticiasemdestaque.com\/cd\/wp-content\/uploads\/2017\/12\/mamografia1.jpg\",\"contentUrl\":\"https:\/\/noticiasemdestaque.com\/cd\/wp-content\/uploads\/2017\/12\/mamografia1.jpg\",\"width\":1000,\"height\":667},{\"@type\":\"BreadcrumbList\",\"@id\":\"https:\/\/noticiasemdestaque.com\/cd\/?p=6514#breadcrumb\",\"itemListElement\":[{\"@type\":\"ListItem\",\"position\":1,\"name\":\"In\u00edcio\",\"item\":\"https:\/\/noticiasemdestaque.com\/cd\/\"},{\"@type\":\"ListItem\",\"position\":2,\"name\":\"Plen\u00e1rio derruba portaria que limitava realiza\u00e7\u00e3o de mamografias\"}]},{\"@type\":\"WebSite\",\"@id\":\"https:\/\/noticiasemdestaque.com\/cd\/#website\",\"url\":\"https:\/\/noticiasemdestaque.com\/cd\/\",\"name\":\"Not&iacute;cias em Destaque\",\"description\":\"\",\"publisher\":{\"@id\":\"https:\/\/noticiasemdestaque.com\/cd\/#organization\"},\"potentialAction\":[{\"@type\":\"SearchAction\",\"target\":{\"@type\":\"EntryPoint\",\"urlTemplate\":\"https:\/\/noticiasemdestaque.com\/cd\/?s={search_term_string}\"},\"query-input\":{\"@type\":\"PropertyValueSpecification\",\"valueRequired\":true,\"valueName\":\"search_term_string\"}}],\"inLanguage\":\"pt-BR\"},{\"@type\":\"Organization\",\"@id\":\"https:\/\/noticiasemdestaque.com\/cd\/#organization\",\"name\":\"Not\u00edcias em Destaque\",\"url\":\"https:\/\/noticiasemdestaque.com\/cd\/\",\"logo\":{\"@type\":\"ImageObject\",\"inLanguage\":\"pt-BR\",\"@id\":\"https:\/\/noticiasemdestaque.com\/cd\/#\/schema\/logo\/image\/\",\"url\":\"https:\/\/noticiasemdestaque.com\/cd\/wp-content\/uploads\/2022\/05\/imagem-base-noticiasemdestaque.png\",\"contentUrl\":\"https:\/\/noticiasemdestaque.com\/cd\/wp-content\/uploads\/2022\/05\/imagem-base-noticiasemdestaque.png\",\"width\":1200,\"height\":630,\"caption\":\"Not\u00edcias em Destaque\"},\"image\":{\"@id\":\"https:\/\/noticiasemdestaque.com\/cd\/#\/schema\/logo\/image\/\"}},{\"@type\":\"Person\",\"@id\":\"https:\/\/noticiasemdestaque.com\/cd\/#\/schema\/person\/21320b03a7e8bb90128938dafc9b908a\",\"name\":\"Not\u00edcias em Destaque\",\"url\":\"https:\/\/noticiasemdestaque.com\/cd\/?author=2\"}]}<\/script>\n<!-- \/ Yoast SEO plugin. -->","yoast_head_json":{"title":"Plen\u00e1rio derruba portaria que limitava realiza\u00e7\u00e3o de mamografias - Not&iacute;cias em Destaque","robots":{"index":"index","follow":"follow","max-snippet":"max-snippet:-1","max-image-preview":"max-image-preview:large","max-video-preview":"max-video-preview:-1"},"canonical":"https:\/\/noticiasemdestaque.com\/cd\/?p=6514","og_locale":"pt_BR","og_type":"article","og_title":"Plen\u00e1rio derruba portaria que limitava realiza\u00e7\u00e3o de mamografias - Not&iacute;cias em Destaque","og_description":"O Plen\u00e1rio aprovou nesta ter\u00e7a-feira (5) projeto de decreto legislativo (PDS 42\/2015) que assegura o acesso de mulheres entre 40 e 49 anos ao exame de mamografia pelo Sistema \u00danico de Sa\u00fade (SUS). O texto, da deputada Carmen Zanotto (PPS-SC), torna sem efeito uma portaria do Minist\u00e9rio da Sa\u00fade. A mat\u00e9ria vai \u00e0 promulga\u00e7\u00e3o. Uma lei de 2008 determinava a realiza\u00e7\u00e3o de mamografia para o rastreamento de c\u00e2ncer para todas as mulheres a partir dos 40 anos. Mas a portaria do Minist\u00e9rio da Sa\u00fade mudou a fonte de recursos para a realiza\u00e7\u00e3o dos exames, de acordo com duas faixas et\u00e1rias. Mulheres entre 50 e 69 anos teriam as mamografias pagas pelo Fundo de A\u00e7\u00f5es Estrat\u00e9gicas e Compensa\u00e7\u00e3o (Faec). Por esse sistema, o governo federal remunera diretamente cada procedimento realizado, o que oferece mais garantia para a paciente que procura o SUS em busca de atendimento. De acordo com a portaria, as mulheres com menos de 49 anos teriam os exames pagos at\u00e9 o limite destinado ao financiamento de procedimentos de m\u00e9dia e alta complexidade ambulatorial e hospitalar (MAC). Nesse caso, os recursos seriam repassados mensalmente aos gestores municipais para o custeio dos procedimentos. Assim, as secretarias municipais de sa\u00fade teriam de arcar com o custo das mamografias em mulheres com idade entre 40 e 49 anos, sem receberem recursos adicionais para o custeio do exame. \u201cManobra\u201d Na avalia\u00e7\u00e3o da relatora, senadora Ana Am\u00e9lia (PP-RS), a portaria n\u00e3o passa de uma \u201cmanobra normativa\u201d que o Minist\u00e9rio da Sa\u00fade adotou para contrariar o que a lei disp\u00f5e: a realiza\u00e7\u00e3o de exame mamogr\u00e1fico a todas as mulheres a partir dos 40 anos de idade. \u2014 Afinal, n\u00e3o h\u00e1 argumenta\u00e7\u00e3o l\u00f3gica cab\u00edvel para justificar a exist\u00eancia de diferentes fontes de financiamento para um mesmo tipo de procedimento \u2014 ressaltou. Cariri em Destaque Com Ag\u00eancia Senado","og_url":"https:\/\/noticiasemdestaque.com\/cd\/?p=6514","og_site_name":"Not&iacute;cias em Destaque","article_published_time":"2017-12-07T19:57:24+00:00","og_image":[{"width":1000,"height":667,"url":"https:\/\/noticiasemdestaque.com\/cd\/wp-content\/uploads\/2017\/12\/mamografia1.jpg","type":"image\/jpeg"}],"author":"Not\u00edcias em Destaque","twitter_card":"summary_large_image","twitter_misc":{"Escrito por":"Not\u00edcias em Destaque","Est. tempo de leitura":"2 minutos"},"schema":{"@context":"https:\/\/schema.org","@graph":[{"@type":"Article","@id":"https:\/\/noticiasemdestaque.com\/cd\/?p=6514#article","isPartOf":{"@id":"https:\/\/noticiasemdestaque.com\/cd\/?p=6514"},"author":{"name":"Not\u00edcias em Destaque","@id":"https:\/\/noticiasemdestaque.com\/cd\/#\/schema\/person\/21320b03a7e8bb90128938dafc9b908a"},"headline":"Plen\u00e1rio derruba portaria que limitava realiza\u00e7\u00e3o de mamografias","datePublished":"2017-12-07T19:57:24+00:00","mainEntityOfPage":{"@id":"https:\/\/noticiasemdestaque.com\/cd\/?p=6514"},"wordCount":328,"publisher":{"@id":"https:\/\/noticiasemdestaque.com\/cd\/#organization"},"image":{"@id":"https:\/\/noticiasemdestaque.com\/cd\/?p=6514#primaryimage"},"thumbnailUrl":"https:\/\/noticiasemdestaque.com\/cd\/wp-content\/uploads\/2017\/12\/mamografia1.jpg","articleSection":["Sa\u00fade"],"inLanguage":"pt-BR"},{"@type":"WebPage","@id":"https:\/\/noticiasemdestaque.com\/cd\/?p=6514","url":"https:\/\/noticiasemdestaque.com\/cd\/?p=6514","name":"Plen\u00e1rio derruba portaria que limitava realiza\u00e7\u00e3o de mamografias - Not&iacute;cias em Destaque","isPartOf":{"@id":"https:\/\/noticiasemdestaque.com\/cd\/#website"},"primaryImageOfPage":{"@id":"https:\/\/noticiasemdestaque.com\/cd\/?p=6514#primaryimage"},"image":{"@id":"https:\/\/noticiasemdestaque.com\/cd\/?p=6514#primaryimage"},"thumbnailUrl":"https:\/\/noticiasemdestaque.com\/cd\/wp-content\/uploads\/2017\/12\/mamografia1.jpg","datePublished":"2017-12-07T19:57:24+00:00","breadcrumb":{"@id":"https:\/\/noticiasemdestaque.com\/cd\/?p=6514#breadcrumb"},"inLanguage":"pt-BR","potentialAction":[{"@type":"ReadAction","target":["https:\/\/noticiasemdestaque.com\/cd\/?p=6514"]}]},{"@type":"ImageObject","inLanguage":"pt-BR","@id":"https:\/\/noticiasemdestaque.com\/cd\/?p=6514#primaryimage","url":"https:\/\/noticiasemdestaque.com\/cd\/wp-content\/uploads\/2017\/12\/mamografia1.jpg","contentUrl":"https:\/\/noticiasemdestaque.com\/cd\/wp-content\/uploads\/2017\/12\/mamografia1.jpg","width":1000,"height":667},{"@type":"BreadcrumbList","@id":"https:\/\/noticiasemdestaque.com\/cd\/?p=6514#breadcrumb","itemListElement":[{"@type":"ListItem","position":1,"name":"In\u00edcio","item":"https:\/\/noticiasemdestaque.com\/cd\/"},{"@type":"ListItem","position":2,"name":"Plen\u00e1rio derruba portaria que limitava realiza\u00e7\u00e3o de mamografias"}]},{"@type":"WebSite","@id":"https:\/\/noticiasemdestaque.com\/cd\/#website","url":"https:\/\/noticiasemdestaque.com\/cd\/","name":"Not&iacute;cias em Destaque","description":"","publisher":{"@id":"https:\/\/noticiasemdestaque.com\/cd\/#organization"},"potentialAction":[{"@type":"SearchAction","target":{"@type":"EntryPoint","urlTemplate":"https:\/\/noticiasemdestaque.com\/cd\/?s={search_term_string}"},"query-input":{"@type":"PropertyValueSpecification","valueRequired":true,"valueName":"search_term_string"}}],"inLanguage":"pt-BR"},{"@type":"Organization","@id":"https:\/\/noticiasemdestaque.com\/cd\/#organization","name":"Not\u00edcias em Destaque","url":"https:\/\/noticiasemdestaque.com\/cd\/","logo":{"@type":"ImageObject","inLanguage":"pt-BR","@id":"https:\/\/noticiasemdestaque.com\/cd\/#\/schema\/logo\/image\/","url":"https:\/\/noticiasemdestaque.com\/cd\/wp-content\/uploads\/2022\/05\/imagem-base-noticiasemdestaque.png","contentUrl":"https:\/\/noticiasemdestaque.com\/cd\/wp-content\/uploads\/2022\/05\/imagem-base-noticiasemdestaque.png","width":1200,"height":630,"caption":"Not\u00edcias em Destaque"},"image":{"@id":"https:\/\/noticiasemdestaque.com\/cd\/#\/schema\/logo\/image\/"}},{"@type":"Person","@id":"https:\/\/noticiasemdestaque.com\/cd\/#\/schema\/person\/21320b03a7e8bb90128938dafc9b908a","name":"Not\u00edcias em Destaque","url":"https:\/\/noticiasemdestaque.com\/cd\/?author=2"}]}},"jetpack_featured_media_url":"https:\/\/noticiasemdestaque.com\/cd\/wp-content\/uploads\/2017\/12\/mamografia1.jpg","jetpack_sharing_enabled":true,"_links":{"self":[{"href":"https:\/\/noticiasemdestaque.com\/cd\/index.php?rest_route=\/wp\/v2\/posts\/6514","targetHints":{"allow":["GET"]}}],"collection":[{"href":"https:\/\/noticiasemdestaque.com\/cd\/index.php?rest_route=\/wp\/v2\/posts"}],"about":[{"href":"https:\/\/noticiasemdestaque.com\/cd\/index.php?rest_route=\/wp\/v2\/types\/post"}],"author":[{"embeddable":true,"href":"https:\/\/noticiasemdestaque.com\/cd\/index.php?rest_route=\/wp\/v2\/users\/2"}],"replies":[{"embeddable":true,"href":"https:\/\/noticiasemdestaque.com\/cd\/index.php?rest_route=%2Fwp%2Fv2%2Fcomments&post=6514"}],"version-history":[{"count":1,"href":"https:\/\/noticiasemdestaque.com\/cd\/index.php?rest_route=\/wp\/v2\/posts\/6514\/revisions"}],"predecessor-version":[{"id":6516,"href":"https:\/\/noticiasemdestaque.com\/cd\/index.php?rest_route=\/wp\/v2\/posts\/6514\/revisions\/6516"}],"wp:featuredmedia":[{"embeddable":true,"href":"https:\/\/noticiasemdestaque.com\/cd\/index.php?rest_route=\/wp\/v2\/media\/6515"}],"wp:attachment":[{"href":"https:\/\/noticiasemdestaque.com\/cd\/index.php?rest_route=%2Fwp%2Fv2%2Fmedia&parent=6514"}],"wp:term":[{"taxonomy":"category","embeddable":true,"href":"https:\/\/noticiasemdestaque.com\/cd\/index.php?rest_route=%2Fwp%2Fv2%2Fcategories&post=6514"},{"taxonomy":"post_tag","embeddable":true,"href":"https:\/\/noticiasemdestaque.com\/cd\/index.php?rest_route=%2Fwp%2Fv2%2Ftags&post=6514"}],"curies":[{"name":"wp","href":"https:\/\/api.w.org\/{rel}","templated":true}]}}