{"id":6504,"date":"2017-12-07T08:31:10","date_gmt":"2017-12-07T11:31:10","guid":{"rendered":"http:\/\/caririemdestaque.com\/cd\/?p=6504"},"modified":"2017-12-07T08:31:10","modified_gmt":"2017-12-07T11:31:10","slug":"tarifa-branca-de-energia-entra-em-vigor-dia-1o-mas-consumidor-deve-ter-cautela","status":"publish","type":"post","link":"https:\/\/noticiasemdestaque.com\/cd\/?p=6504","title":{"rendered":"Tarifa branca de energia entra em vigor dia 1\u00ba, mas consumidor deve ter cautela"},"content":{"rendered":"<figure id=\"attachment_6505\" aria-describedby=\"caption-attachment-6505\" style=\"width: 300px\" class=\"wp-caption alignleft\"><a href=\"http:\/\/caririemdestaque.com\/cd\/wp-content\/uploads\/2017\/12\/1016075-28042016-capa-img_1454a-.jpg\"><img fetchpriority=\"high\" decoding=\"async\" class=\"wp-image-6505 size-medium\" src=\"http:\/\/caririemdestaque.com\/cd\/wp-content\/uploads\/2017\/12\/1016075-28042016-capa-img_1454a--300x201.jpg\" alt=\"\" width=\"300\" height=\"201\" srcset=\"https:\/\/noticiasemdestaque.com\/cd\/wp-content\/uploads\/2017\/12\/1016075-28042016-capa-img_1454a--300x201.jpg 300w, https:\/\/noticiasemdestaque.com\/cd\/wp-content\/uploads\/2017\/12\/1016075-28042016-capa-img_1454a--480x320.jpg 480w, https:\/\/noticiasemdestaque.com\/cd\/wp-content\/uploads\/2017\/12\/1016075-28042016-capa-img_1454a-.jpg 580w\" sizes=\"(max-width: 300px) 100vw, 300px\" \/><\/a><figcaption id=\"caption-attachment-6505\" class=\"wp-caption-text\">Marcelo Camargo\/Arquivo\/Ag\u00eancia Brasil<\/figcaption><\/figure>\n<p>Com entrada em vigor prevista para 1\u00ba de janeiro do ano que vem, a tarifa branca de energia el\u00e9trica pode representar uma diminui\u00e7\u00e3o no valor da conta de luz para os que consumirem menos nos hor\u00e1rios de pico (entre as 19h e as 21h. A ades\u00e3o \u00e9 opcional.<\/p>\n<p>A Associa\u00e7\u00e3o Brasileira de Distribuidores de Energia El\u00e9trica (Abradee) alerta aqueles que queiram aderir \u00e0 tarifa para que levem em considera\u00e7\u00e3o seu perfil de consumo, sob pena de verem o efeito contr\u00e1rio, com aumento na conta.<\/p>\n<p>O presidente da Abradee, Nelson Leite, sugere que, antes de optar pela tarifa branca, o consumidor analise o pr\u00f3prio perfil e h\u00e1bitos de uso da energia el\u00e9trica ao longo do dia. \u201cN\u00e3o \u00e9 uma decis\u00e3o simples. Ela envolve alguns c\u00e1lculos e algumas estimativas do consumidor\u201d, disse Leite hoje (6), durante o lan\u00e7amento de uma cartilha explicativa elaborada pela institui\u00e7\u00e3o, com respostas para as d\u00favidas dos consumidores em rela\u00e7\u00e3o \u00e0 medida.<\/p>\n<p>A nova modalidade permite ao consumidor pagar tarifas diferenciadas de acordo com a hora do dia. Na primeira fase, poder\u00e3o adotar a tarifa os consumidores de de baixa tens\u00e3o, como resid\u00eancias, pequenos com\u00e9rcios e ind\u00fastrias, com consumo m\u00e9dio mensal superior a 500 quilowatts-hora (KWh). Em m\u00e9dia, o consumo das fam\u00edlias brasileiras \u00e9 de 160 kWh\/m\u00eas.<\/p>\n<p>Nos hor\u00e1rios de pico, a tarifa ter\u00e1 um valor mais alto. Fora desse hor\u00e1rio, o pre\u00e7o cobrado ser\u00e1 mais baixo. Tamb\u00e9m haver\u00e1 uma tarifa de cobran\u00e7a intermedi\u00e1ria que valer\u00e1 uma hora antes do in\u00edcio do hor\u00e1rio de pico, entre as 18h e as 19h, e depois, entre as 21h e as 22h.<\/p>\n<p>Inicialmente, a medida atingir\u00e1 uma pequena parcela dos consumidores brasileiros. No primeiro momento, poder\u00e3o aderir \u00e0 tarifa branca cerca de 4 milh\u00f5es de unidades consumidoras, o que representa cerca de 5% de tais unidades, estimou Leite.<\/p>\n<p>Em janeiro de 2019 poder\u00e3o aderir \u00e0 nova tarifa aqueles que tenham m\u00e9dia anual de consumo maior que 250 kWh\/m\u00eas. J\u00e1 a partir de 2020, a modalidade estar\u00e1 aberta a todas as unidades consumidoras, com exce\u00e7\u00e3o daquelas de baixa renda, beneficiadas pela tarifa social.<\/p>\n<p>O consumidor dever\u00e1 fazer a ades\u00e3o na concession\u00e1ria de energia que atende a sua cidade. Ap\u00f3s an\u00e1lise do pedido, a concession\u00e1ria tem 30 dias para fazer a troca do medidor de energia, no caso de unidades consumidoras j\u00e1 existentes, ou os prazos e procedimentos padr\u00e3o para novas solicita\u00e7\u00f5es de fornecimento.<\/p>\n<p>Fonte:\u00a0Ag\u00eancia Brasil<\/p>\n","protected":false},"excerpt":{"rendered":"<p>Com entrada em vigor prevista para 1\u00ba de janeiro do ano que vem, a tarifa branca de energia el\u00e9trica pode representar uma diminui\u00e7\u00e3o no valor da conta de luz para os que consumirem menos nos hor\u00e1rios de pico (entre as 19h e as 21h. A ades\u00e3o \u00e9 opcional. A Associa\u00e7\u00e3o Brasileira de Distribuidores de Energia El\u00e9trica (Abradee) alerta aqueles que queiram aderir \u00e0 tarifa para que levem em considera\u00e7\u00e3o seu perfil de consumo, sob pena de verem o efeito contr\u00e1rio, com aumento na conta. O presidente da Abradee, Nelson Leite, sugere que, antes de optar pela tarifa branca, o consumidor analise o pr\u00f3prio perfil e h\u00e1bitos de uso da energia el\u00e9trica ao longo do dia. \u201cN\u00e3o \u00e9 uma decis\u00e3o simples. Ela envolve alguns c\u00e1lculos e algumas estimativas do consumidor\u201d, disse Leite hoje (6), durante o lan\u00e7amento de uma cartilha explicativa elaborada pela institui\u00e7\u00e3o, com respostas para as d\u00favidas dos consumidores em rela\u00e7\u00e3o \u00e0 medida. A nova modalidade permite ao consumidor pagar tarifas diferenciadas de acordo com a hora do dia. Na primeira fase, poder\u00e3o adotar a tarifa os consumidores de de baixa tens\u00e3o, como resid\u00eancias, pequenos com\u00e9rcios e ind\u00fastrias, com consumo m\u00e9dio mensal superior a 500 quilowatts-hora (KWh). Em m\u00e9dia, o consumo das fam\u00edlias brasileiras \u00e9 de 160 kWh\/m\u00eas. Nos hor\u00e1rios de pico, a tarifa ter\u00e1 um valor mais alto. Fora desse hor\u00e1rio, o pre\u00e7o cobrado ser\u00e1 mais baixo. Tamb\u00e9m haver\u00e1 uma tarifa de cobran\u00e7a intermedi\u00e1ria que valer\u00e1 uma hora antes do in\u00edcio do hor\u00e1rio de pico, entre as 18h e as 19h, e depois, entre as 21h e as 22h. Inicialmente, a medida atingir\u00e1 uma pequena parcela dos consumidores brasileiros. No primeiro momento, poder\u00e3o aderir \u00e0 tarifa branca cerca de 4 milh\u00f5es de unidades consumidoras, o que representa cerca de 5% de tais unidades, estimou Leite. Em janeiro de 2019 poder\u00e3o aderir \u00e0 nova tarifa aqueles que tenham m\u00e9dia anual de consumo maior que 250 kWh\/m\u00eas. J\u00e1 a partir de 2020, a modalidade estar\u00e1 aberta a todas as unidades consumidoras, com exce\u00e7\u00e3o daquelas de baixa renda, beneficiadas pela tarifa social. O consumidor dever\u00e1 fazer a ades\u00e3o na concession\u00e1ria de energia que atende a sua cidade. Ap\u00f3s an\u00e1lise do pedido, a concession\u00e1ria tem 30 dias para fazer a troca do medidor de energia, no caso de unidades consumidoras j\u00e1 existentes, ou os prazos e procedimentos padr\u00e3o para novas solicita\u00e7\u00f5es de fornecimento. Fonte:\u00a0Ag\u00eancia Brasil<\/p>\n","protected":false},"author":2,"featured_media":6505,"comment_status":"closed","ping_status":"open","sticky":false,"template":"","format":"standard","meta":{"_eb_attr":"","_jetpack_memberships_contains_paid_content":false,"footnotes":""},"categories":[3],"tags":[],"class_list":["post-6504","post","type-post","status-publish","format-standard","has-post-thumbnail","hentry","category-cidades"],"yoast_head":"<!-- This site is optimized with the Yoast SEO plugin v26.5 - https:\/\/yoast.com\/wordpress\/plugins\/seo\/ -->\n<title>Tarifa branca de energia entra em vigor dia 1\u00ba, mas consumidor deve ter cautela - Not&iacute;cias em Destaque<\/title>\n<meta name=\"robots\" content=\"index, follow, max-snippet:-1, max-image-preview:large, max-video-preview:-1\" \/>\n<link rel=\"canonical\" href=\"https:\/\/noticiasemdestaque.com\/cd\/?p=6504\" \/>\n<meta property=\"og:locale\" content=\"pt_BR\" \/>\n<meta property=\"og:type\" content=\"article\" \/>\n<meta property=\"og:title\" content=\"Tarifa branca de energia entra em vigor dia 1\u00ba, mas consumidor deve ter cautela - Not&iacute;cias em Destaque\" \/>\n<meta property=\"og:description\" content=\"Com entrada em vigor prevista para 1\u00ba de janeiro do ano que vem, a tarifa branca de energia el\u00e9trica pode representar uma diminui\u00e7\u00e3o no valor da conta de luz para os que consumirem menos nos hor\u00e1rios de pico (entre as 19h e as 21h. A ades\u00e3o \u00e9 opcional. A Associa\u00e7\u00e3o Brasileira de Distribuidores de Energia El\u00e9trica (Abradee) alerta aqueles que queiram aderir \u00e0 tarifa para que levem em considera\u00e7\u00e3o seu perfil de consumo, sob pena de verem o efeito contr\u00e1rio, com aumento na conta. O presidente da Abradee, Nelson Leite, sugere que, antes de optar pela tarifa branca, o consumidor analise o pr\u00f3prio perfil e h\u00e1bitos de uso da energia el\u00e9trica ao longo do dia. \u201cN\u00e3o \u00e9 uma decis\u00e3o simples. Ela envolve alguns c\u00e1lculos e algumas estimativas do consumidor\u201d, disse Leite hoje (6), durante o lan\u00e7amento de uma cartilha explicativa elaborada pela institui\u00e7\u00e3o, com respostas para as d\u00favidas dos consumidores em rela\u00e7\u00e3o \u00e0 medida. A nova modalidade permite ao consumidor pagar tarifas diferenciadas de acordo com a hora do dia. Na primeira fase, poder\u00e3o adotar a tarifa os consumidores de de baixa tens\u00e3o, como resid\u00eancias, pequenos com\u00e9rcios e ind\u00fastrias, com consumo m\u00e9dio mensal superior a 500 quilowatts-hora (KWh). Em m\u00e9dia, o consumo das fam\u00edlias brasileiras \u00e9 de 160 kWh\/m\u00eas. Nos hor\u00e1rios de pico, a tarifa ter\u00e1 um valor mais alto. Fora desse hor\u00e1rio, o pre\u00e7o cobrado ser\u00e1 mais baixo. Tamb\u00e9m haver\u00e1 uma tarifa de cobran\u00e7a intermedi\u00e1ria que valer\u00e1 uma hora antes do in\u00edcio do hor\u00e1rio de pico, entre as 18h e as 19h, e depois, entre as 21h e as 22h. Inicialmente, a medida atingir\u00e1 uma pequena parcela dos consumidores brasileiros. No primeiro momento, poder\u00e3o aderir \u00e0 tarifa branca cerca de 4 milh\u00f5es de unidades consumidoras, o que representa cerca de 5% de tais unidades, estimou Leite. Em janeiro de 2019 poder\u00e3o aderir \u00e0 nova tarifa aqueles que tenham m\u00e9dia anual de consumo maior que 250 kWh\/m\u00eas. J\u00e1 a partir de 2020, a modalidade estar\u00e1 aberta a todas as unidades consumidoras, com exce\u00e7\u00e3o daquelas de baixa renda, beneficiadas pela tarifa social. O consumidor dever\u00e1 fazer a ades\u00e3o na concession\u00e1ria de energia que atende a sua cidade. Ap\u00f3s an\u00e1lise do pedido, a concession\u00e1ria tem 30 dias para fazer a troca do medidor de energia, no caso de unidades consumidoras j\u00e1 existentes, ou os prazos e procedimentos padr\u00e3o para novas solicita\u00e7\u00f5es de fornecimento. Fonte:\u00a0Ag\u00eancia Brasil\" \/>\n<meta property=\"og:url\" content=\"https:\/\/noticiasemdestaque.com\/cd\/?p=6504\" \/>\n<meta property=\"og:site_name\" content=\"Not&iacute;cias em Destaque\" \/>\n<meta property=\"article:published_time\" content=\"2017-12-07T11:31:10+00:00\" \/>\n<meta property=\"og:image\" content=\"https:\/\/noticiasemdestaque.com\/cd\/wp-content\/uploads\/2017\/12\/1016075-28042016-capa-img_1454a-.jpg\" \/>\n\t<meta property=\"og:image:width\" content=\"580\" \/>\n\t<meta property=\"og:image:height\" content=\"388\" \/>\n\t<meta property=\"og:image:type\" content=\"image\/jpeg\" \/>\n<meta name=\"author\" content=\"Not\u00edcias em Destaque\" \/>\n<meta name=\"twitter:card\" content=\"summary_large_image\" \/>\n<meta name=\"twitter:label1\" content=\"Escrito por\" \/>\n\t<meta name=\"twitter:data1\" content=\"Not\u00edcias em Destaque\" \/>\n\t<meta name=\"twitter:label2\" content=\"Est. tempo de leitura\" \/>\n\t<meta name=\"twitter:data2\" content=\"2 minutos\" \/>\n<script type=\"application\/ld+json\" class=\"yoast-schema-graph\">{\"@context\":\"https:\/\/schema.org\",\"@graph\":[{\"@type\":\"Article\",\"@id\":\"https:\/\/noticiasemdestaque.com\/cd\/?p=6504#article\",\"isPartOf\":{\"@id\":\"https:\/\/noticiasemdestaque.com\/cd\/?p=6504\"},\"author\":{\"name\":\"Not\u00edcias em Destaque\",\"@id\":\"https:\/\/noticiasemdestaque.com\/cd\/#\/schema\/person\/21320b03a7e8bb90128938dafc9b908a\"},\"headline\":\"Tarifa branca de energia entra em vigor dia 1\u00ba, mas consumidor deve ter cautela\",\"datePublished\":\"2017-12-07T11:31:10+00:00\",\"mainEntityOfPage\":{\"@id\":\"https:\/\/noticiasemdestaque.com\/cd\/?p=6504\"},\"wordCount\":454,\"publisher\":{\"@id\":\"https:\/\/noticiasemdestaque.com\/cd\/#organization\"},\"image\":{\"@id\":\"https:\/\/noticiasemdestaque.com\/cd\/?p=6504#primaryimage\"},\"thumbnailUrl\":\"https:\/\/noticiasemdestaque.com\/cd\/wp-content\/uploads\/2017\/12\/1016075-28042016-capa-img_1454a-.jpg\",\"articleSection\":[\"Cidades\"],\"inLanguage\":\"pt-BR\"},{\"@type\":\"WebPage\",\"@id\":\"https:\/\/noticiasemdestaque.com\/cd\/?p=6504\",\"url\":\"https:\/\/noticiasemdestaque.com\/cd\/?p=6504\",\"name\":\"Tarifa branca de energia entra em vigor dia 1\u00ba, mas consumidor deve ter cautela - Not&iacute;cias em Destaque\",\"isPartOf\":{\"@id\":\"https:\/\/noticiasemdestaque.com\/cd\/#website\"},\"primaryImageOfPage\":{\"@id\":\"https:\/\/noticiasemdestaque.com\/cd\/?p=6504#primaryimage\"},\"image\":{\"@id\":\"https:\/\/noticiasemdestaque.com\/cd\/?p=6504#primaryimage\"},\"thumbnailUrl\":\"https:\/\/noticiasemdestaque.com\/cd\/wp-content\/uploads\/2017\/12\/1016075-28042016-capa-img_1454a-.jpg\",\"datePublished\":\"2017-12-07T11:31:10+00:00\",\"breadcrumb\":{\"@id\":\"https:\/\/noticiasemdestaque.com\/cd\/?p=6504#breadcrumb\"},\"inLanguage\":\"pt-BR\",\"potentialAction\":[{\"@type\":\"ReadAction\",\"target\":[\"https:\/\/noticiasemdestaque.com\/cd\/?p=6504\"]}]},{\"@type\":\"ImageObject\",\"inLanguage\":\"pt-BR\",\"@id\":\"https:\/\/noticiasemdestaque.com\/cd\/?p=6504#primaryimage\",\"url\":\"https:\/\/noticiasemdestaque.com\/cd\/wp-content\/uploads\/2017\/12\/1016075-28042016-capa-img_1454a-.jpg\",\"contentUrl\":\"https:\/\/noticiasemdestaque.com\/cd\/wp-content\/uploads\/2017\/12\/1016075-28042016-capa-img_1454a-.jpg\",\"width\":580,\"height\":388},{\"@type\":\"BreadcrumbList\",\"@id\":\"https:\/\/noticiasemdestaque.com\/cd\/?p=6504#breadcrumb\",\"itemListElement\":[{\"@type\":\"ListItem\",\"position\":1,\"name\":\"In\u00edcio\",\"item\":\"https:\/\/noticiasemdestaque.com\/cd\/\"},{\"@type\":\"ListItem\",\"position\":2,\"name\":\"Tarifa branca de energia entra em vigor dia 1\u00ba, mas consumidor deve ter cautela\"}]},{\"@type\":\"WebSite\",\"@id\":\"https:\/\/noticiasemdestaque.com\/cd\/#website\",\"url\":\"https:\/\/noticiasemdestaque.com\/cd\/\",\"name\":\"Not&iacute;cias em Destaque\",\"description\":\"\",\"publisher\":{\"@id\":\"https:\/\/noticiasemdestaque.com\/cd\/#organization\"},\"potentialAction\":[{\"@type\":\"SearchAction\",\"target\":{\"@type\":\"EntryPoint\",\"urlTemplate\":\"https:\/\/noticiasemdestaque.com\/cd\/?s={search_term_string}\"},\"query-input\":{\"@type\":\"PropertyValueSpecification\",\"valueRequired\":true,\"valueName\":\"search_term_string\"}}],\"inLanguage\":\"pt-BR\"},{\"@type\":\"Organization\",\"@id\":\"https:\/\/noticiasemdestaque.com\/cd\/#organization\",\"name\":\"Not\u00edcias em Destaque\",\"url\":\"https:\/\/noticiasemdestaque.com\/cd\/\",\"logo\":{\"@type\":\"ImageObject\",\"inLanguage\":\"pt-BR\",\"@id\":\"https:\/\/noticiasemdestaque.com\/cd\/#\/schema\/logo\/image\/\",\"url\":\"https:\/\/noticiasemdestaque.com\/cd\/wp-content\/uploads\/2022\/05\/imagem-base-noticiasemdestaque.png\",\"contentUrl\":\"https:\/\/noticiasemdestaque.com\/cd\/wp-content\/uploads\/2022\/05\/imagem-base-noticiasemdestaque.png\",\"width\":1200,\"height\":630,\"caption\":\"Not\u00edcias em Destaque\"},\"image\":{\"@id\":\"https:\/\/noticiasemdestaque.com\/cd\/#\/schema\/logo\/image\/\"}},{\"@type\":\"Person\",\"@id\":\"https:\/\/noticiasemdestaque.com\/cd\/#\/schema\/person\/21320b03a7e8bb90128938dafc9b908a\",\"name\":\"Not\u00edcias em Destaque\",\"url\":\"https:\/\/noticiasemdestaque.com\/cd\/?author=2\"}]}<\/script>\n<!-- \/ Yoast SEO plugin. -->","yoast_head_json":{"title":"Tarifa branca de energia entra em vigor dia 1\u00ba, mas consumidor deve ter cautela - Not&iacute;cias em Destaque","robots":{"index":"index","follow":"follow","max-snippet":"max-snippet:-1","max-image-preview":"max-image-preview:large","max-video-preview":"max-video-preview:-1"},"canonical":"https:\/\/noticiasemdestaque.com\/cd\/?p=6504","og_locale":"pt_BR","og_type":"article","og_title":"Tarifa branca de energia entra em vigor dia 1\u00ba, mas consumidor deve ter cautela - Not&iacute;cias em Destaque","og_description":"Com entrada em vigor prevista para 1\u00ba de janeiro do ano que vem, a tarifa branca de energia el\u00e9trica pode representar uma diminui\u00e7\u00e3o no valor da conta de luz para os que consumirem menos nos hor\u00e1rios de pico (entre as 19h e as 21h. A ades\u00e3o \u00e9 opcional. A Associa\u00e7\u00e3o Brasileira de Distribuidores de Energia El\u00e9trica (Abradee) alerta aqueles que queiram aderir \u00e0 tarifa para que levem em considera\u00e7\u00e3o seu perfil de consumo, sob pena de verem o efeito contr\u00e1rio, com aumento na conta. O presidente da Abradee, Nelson Leite, sugere que, antes de optar pela tarifa branca, o consumidor analise o pr\u00f3prio perfil e h\u00e1bitos de uso da energia el\u00e9trica ao longo do dia. \u201cN\u00e3o \u00e9 uma decis\u00e3o simples. Ela envolve alguns c\u00e1lculos e algumas estimativas do consumidor\u201d, disse Leite hoje (6), durante o lan\u00e7amento de uma cartilha explicativa elaborada pela institui\u00e7\u00e3o, com respostas para as d\u00favidas dos consumidores em rela\u00e7\u00e3o \u00e0 medida. A nova modalidade permite ao consumidor pagar tarifas diferenciadas de acordo com a hora do dia. Na primeira fase, poder\u00e3o adotar a tarifa os consumidores de de baixa tens\u00e3o, como resid\u00eancias, pequenos com\u00e9rcios e ind\u00fastrias, com consumo m\u00e9dio mensal superior a 500 quilowatts-hora (KWh). Em m\u00e9dia, o consumo das fam\u00edlias brasileiras \u00e9 de 160 kWh\/m\u00eas. Nos hor\u00e1rios de pico, a tarifa ter\u00e1 um valor mais alto. Fora desse hor\u00e1rio, o pre\u00e7o cobrado ser\u00e1 mais baixo. Tamb\u00e9m haver\u00e1 uma tarifa de cobran\u00e7a intermedi\u00e1ria que valer\u00e1 uma hora antes do in\u00edcio do hor\u00e1rio de pico, entre as 18h e as 19h, e depois, entre as 21h e as 22h. Inicialmente, a medida atingir\u00e1 uma pequena parcela dos consumidores brasileiros. No primeiro momento, poder\u00e3o aderir \u00e0 tarifa branca cerca de 4 milh\u00f5es de unidades consumidoras, o que representa cerca de 5% de tais unidades, estimou Leite. Em janeiro de 2019 poder\u00e3o aderir \u00e0 nova tarifa aqueles que tenham m\u00e9dia anual de consumo maior que 250 kWh\/m\u00eas. J\u00e1 a partir de 2020, a modalidade estar\u00e1 aberta a todas as unidades consumidoras, com exce\u00e7\u00e3o daquelas de baixa renda, beneficiadas pela tarifa social. O consumidor dever\u00e1 fazer a ades\u00e3o na concession\u00e1ria de energia que atende a sua cidade. Ap\u00f3s an\u00e1lise do pedido, a concession\u00e1ria tem 30 dias para fazer a troca do medidor de energia, no caso de unidades consumidoras j\u00e1 existentes, ou os prazos e procedimentos padr\u00e3o para novas solicita\u00e7\u00f5es de fornecimento. Fonte:\u00a0Ag\u00eancia Brasil","og_url":"https:\/\/noticiasemdestaque.com\/cd\/?p=6504","og_site_name":"Not&iacute;cias em Destaque","article_published_time":"2017-12-07T11:31:10+00:00","og_image":[{"width":580,"height":388,"url":"https:\/\/noticiasemdestaque.com\/cd\/wp-content\/uploads\/2017\/12\/1016075-28042016-capa-img_1454a-.jpg","type":"image\/jpeg"}],"author":"Not\u00edcias em Destaque","twitter_card":"summary_large_image","twitter_misc":{"Escrito por":"Not\u00edcias em Destaque","Est. tempo de leitura":"2 minutos"},"schema":{"@context":"https:\/\/schema.org","@graph":[{"@type":"Article","@id":"https:\/\/noticiasemdestaque.com\/cd\/?p=6504#article","isPartOf":{"@id":"https:\/\/noticiasemdestaque.com\/cd\/?p=6504"},"author":{"name":"Not\u00edcias em Destaque","@id":"https:\/\/noticiasemdestaque.com\/cd\/#\/schema\/person\/21320b03a7e8bb90128938dafc9b908a"},"headline":"Tarifa branca de energia entra em vigor dia 1\u00ba, mas consumidor deve ter cautela","datePublished":"2017-12-07T11:31:10+00:00","mainEntityOfPage":{"@id":"https:\/\/noticiasemdestaque.com\/cd\/?p=6504"},"wordCount":454,"publisher":{"@id":"https:\/\/noticiasemdestaque.com\/cd\/#organization"},"image":{"@id":"https:\/\/noticiasemdestaque.com\/cd\/?p=6504#primaryimage"},"thumbnailUrl":"https:\/\/noticiasemdestaque.com\/cd\/wp-content\/uploads\/2017\/12\/1016075-28042016-capa-img_1454a-.jpg","articleSection":["Cidades"],"inLanguage":"pt-BR"},{"@type":"WebPage","@id":"https:\/\/noticiasemdestaque.com\/cd\/?p=6504","url":"https:\/\/noticiasemdestaque.com\/cd\/?p=6504","name":"Tarifa branca de energia entra em vigor dia 1\u00ba, mas consumidor deve ter cautela - Not&iacute;cias em Destaque","isPartOf":{"@id":"https:\/\/noticiasemdestaque.com\/cd\/#website"},"primaryImageOfPage":{"@id":"https:\/\/noticiasemdestaque.com\/cd\/?p=6504#primaryimage"},"image":{"@id":"https:\/\/noticiasemdestaque.com\/cd\/?p=6504#primaryimage"},"thumbnailUrl":"https:\/\/noticiasemdestaque.com\/cd\/wp-content\/uploads\/2017\/12\/1016075-28042016-capa-img_1454a-.jpg","datePublished":"2017-12-07T11:31:10+00:00","breadcrumb":{"@id":"https:\/\/noticiasemdestaque.com\/cd\/?p=6504#breadcrumb"},"inLanguage":"pt-BR","potentialAction":[{"@type":"ReadAction","target":["https:\/\/noticiasemdestaque.com\/cd\/?p=6504"]}]},{"@type":"ImageObject","inLanguage":"pt-BR","@id":"https:\/\/noticiasemdestaque.com\/cd\/?p=6504#primaryimage","url":"https:\/\/noticiasemdestaque.com\/cd\/wp-content\/uploads\/2017\/12\/1016075-28042016-capa-img_1454a-.jpg","contentUrl":"https:\/\/noticiasemdestaque.com\/cd\/wp-content\/uploads\/2017\/12\/1016075-28042016-capa-img_1454a-.jpg","width":580,"height":388},{"@type":"BreadcrumbList","@id":"https:\/\/noticiasemdestaque.com\/cd\/?p=6504#breadcrumb","itemListElement":[{"@type":"ListItem","position":1,"name":"In\u00edcio","item":"https:\/\/noticiasemdestaque.com\/cd\/"},{"@type":"ListItem","position":2,"name":"Tarifa branca de energia entra em vigor dia 1\u00ba, mas consumidor deve ter cautela"}]},{"@type":"WebSite","@id":"https:\/\/noticiasemdestaque.com\/cd\/#website","url":"https:\/\/noticiasemdestaque.com\/cd\/","name":"Not&iacute;cias em Destaque","description":"","publisher":{"@id":"https:\/\/noticiasemdestaque.com\/cd\/#organization"},"potentialAction":[{"@type":"SearchAction","target":{"@type":"EntryPoint","urlTemplate":"https:\/\/noticiasemdestaque.com\/cd\/?s={search_term_string}"},"query-input":{"@type":"PropertyValueSpecification","valueRequired":true,"valueName":"search_term_string"}}],"inLanguage":"pt-BR"},{"@type":"Organization","@id":"https:\/\/noticiasemdestaque.com\/cd\/#organization","name":"Not\u00edcias em Destaque","url":"https:\/\/noticiasemdestaque.com\/cd\/","logo":{"@type":"ImageObject","inLanguage":"pt-BR","@id":"https:\/\/noticiasemdestaque.com\/cd\/#\/schema\/logo\/image\/","url":"https:\/\/noticiasemdestaque.com\/cd\/wp-content\/uploads\/2022\/05\/imagem-base-noticiasemdestaque.png","contentUrl":"https:\/\/noticiasemdestaque.com\/cd\/wp-content\/uploads\/2022\/05\/imagem-base-noticiasemdestaque.png","width":1200,"height":630,"caption":"Not\u00edcias em Destaque"},"image":{"@id":"https:\/\/noticiasemdestaque.com\/cd\/#\/schema\/logo\/image\/"}},{"@type":"Person","@id":"https:\/\/noticiasemdestaque.com\/cd\/#\/schema\/person\/21320b03a7e8bb90128938dafc9b908a","name":"Not\u00edcias em Destaque","url":"https:\/\/noticiasemdestaque.com\/cd\/?author=2"}]}},"jetpack_featured_media_url":"https:\/\/noticiasemdestaque.com\/cd\/wp-content\/uploads\/2017\/12\/1016075-28042016-capa-img_1454a-.jpg","jetpack_sharing_enabled":true,"_links":{"self":[{"href":"https:\/\/noticiasemdestaque.com\/cd\/index.php?rest_route=\/wp\/v2\/posts\/6504","targetHints":{"allow":["GET"]}}],"collection":[{"href":"https:\/\/noticiasemdestaque.com\/cd\/index.php?rest_route=\/wp\/v2\/posts"}],"about":[{"href":"https:\/\/noticiasemdestaque.com\/cd\/index.php?rest_route=\/wp\/v2\/types\/post"}],"author":[{"embeddable":true,"href":"https:\/\/noticiasemdestaque.com\/cd\/index.php?rest_route=\/wp\/v2\/users\/2"}],"replies":[{"embeddable":true,"href":"https:\/\/noticiasemdestaque.com\/cd\/index.php?rest_route=%2Fwp%2Fv2%2Fcomments&post=6504"}],"version-history":[{"count":1,"href":"https:\/\/noticiasemdestaque.com\/cd\/index.php?rest_route=\/wp\/v2\/posts\/6504\/revisions"}],"predecessor-version":[{"id":6506,"href":"https:\/\/noticiasemdestaque.com\/cd\/index.php?rest_route=\/wp\/v2\/posts\/6504\/revisions\/6506"}],"wp:featuredmedia":[{"embeddable":true,"href":"https:\/\/noticiasemdestaque.com\/cd\/index.php?rest_route=\/wp\/v2\/media\/6505"}],"wp:attachment":[{"href":"https:\/\/noticiasemdestaque.com\/cd\/index.php?rest_route=%2Fwp%2Fv2%2Fmedia&parent=6504"}],"wp:term":[{"taxonomy":"category","embeddable":true,"href":"https:\/\/noticiasemdestaque.com\/cd\/index.php?rest_route=%2Fwp%2Fv2%2Fcategories&post=6504"},{"taxonomy":"post_tag","embeddable":true,"href":"https:\/\/noticiasemdestaque.com\/cd\/index.php?rest_route=%2Fwp%2Fv2%2Ftags&post=6504"}],"curies":[{"name":"wp","href":"https:\/\/api.w.org\/{rel}","templated":true}]}}