{"id":6480,"date":"2017-12-06T08:09:33","date_gmt":"2017-12-06T11:09:33","guid":{"rendered":"http:\/\/caririemdestaque.com\/cd\/?p=6480"},"modified":"2017-12-06T08:36:46","modified_gmt":"2017-12-06T11:36:46","slug":"camara-de-vereadores-de-sume-aprova-loa-e-ppa","status":"publish","type":"post","link":"https:\/\/noticiasemdestaque.com\/cd\/?p=6480","title":{"rendered":"C\u00e2mara de Vereadores de Sum\u00e9 aprova LOA E PPA"},"content":{"rendered":"<p>&nbsp;<\/p>\n<p><img fetchpriority=\"high\" decoding=\"async\" class=\"size-medium wp-image-3123 alignleft\" src=\"http:\/\/95fmsume.com.br\/95\/wp-content\/uploads\/2017\/12\/24312863_1055243174617222_2904832938784590731_n-300x199.jpg\" alt=\"\" width=\"300\" height=\"199\" \/>Na reuni\u00e3o desta ter\u00e7a-feira, ap\u00f3s a realiza\u00e7\u00e3o de audi\u00eancia p\u00fablica, foi aprovado o projeto de lei 441\/2017 \u2013 LOA- de autoria do Poder Executivo que estima receita fixa a despesa do munic\u00edpio para o exerc\u00edcio financeiro de 2018.<\/p>\n<p>Foi aprovado ainda, o projeto de lei 442 de autoria do Executivo que disp\u00f5e sobre o Plano Plurianual- PPA- do munic\u00edpio de Sum\u00e9, para o quadri\u00eanio de 2018 a 2021.<\/p>\n<p>Durante a reuni\u00e3o foi rejeitado dois projetos de autoria do vereador Juan Pereira, o primeiro que institu\u00eda o S\u00e3o Jo\u00e3o 100 % nordestino. \u00a0O relator do PL, vereador Bonilson Timot\u00e9o, votou pela inconstitucionalidade do mesmo, concluindo que a Lei altera quadro or\u00e7ament\u00e1rio do Poder Executivo do Munic\u00edpio, na medida em que estabelece que sejam utilizadas dota\u00e7\u00f5es or\u00e7ament\u00e1rias.<\/p>\n<figure id=\"attachment_6481\" aria-describedby=\"caption-attachment-6481\" style=\"width: 300px\" class=\"wp-caption alignleft\"><a href=\"http:\/\/caririemdestaque.com\/cd\/wp-content\/uploads\/2017\/12\/24312652_1055245194617020_3671448270018384716_n.jpg\"><img decoding=\"async\" class=\"wp-image-6481 size-medium\" src=\"http:\/\/caririemdestaque.com\/cd\/wp-content\/uploads\/2017\/12\/24312652_1055245194617020_3671448270018384716_n-300x200.jpg\" alt=\"\" width=\"300\" height=\"200\" srcset=\"https:\/\/noticiasemdestaque.com\/cd\/wp-content\/uploads\/2017\/12\/24312652_1055245194617020_3671448270018384716_n-300x200.jpg 300w, https:\/\/noticiasemdestaque.com\/cd\/wp-content\/uploads\/2017\/12\/24312652_1055245194617020_3671448270018384716_n-768x511.jpg 768w, https:\/\/noticiasemdestaque.com\/cd\/wp-content\/uploads\/2017\/12\/24312652_1055245194617020_3671448270018384716_n-480x320.jpg 480w, https:\/\/noticiasemdestaque.com\/cd\/wp-content\/uploads\/2017\/12\/24312652_1055245194617020_3671448270018384716_n.jpg 960w\" sizes=\"(max-width: 300px) 100vw, 300px\" \/><\/a><figcaption id=\"caption-attachment-6481\" class=\"wp-caption-text\">Bonilson Timot\u00e9o \/ Juan Pereira<\/figcaption><\/figure>\n<p>De acordo com o relator, trata-se, assim, de mat\u00e9ria cuja iniciativa \u00e9 privativa do Chefe do Poder Executivo, n\u00e3o podendo desta dispor a C\u00e2mara de Vereadores<\/p>\n<p>O segundo que disp\u00f5e sobre a substitui\u00e7\u00e3o e instala\u00e7\u00e3o subterr\u00e2nea de todo cabeamento el\u00e9trico, de telecomunica\u00e7\u00f5es ou assemelhado do munic\u00edpio de Sum\u00e9, tamb\u00e9m rejeitado pelo relator Bonilson Timot\u00e9o, que justificou que o STF assentou a impossibilidade de interfer\u00eancia dos entes da Federa\u00e7\u00e3o nas rela\u00e7\u00f5es jur\u00eddico-contratuais estabelecidas entre o Poder concedente federal e as empresas concession\u00e1rias, opinando pela inconstitucionalidade formal do projeto, pela ocorr\u00eancia de v\u00edcio de iniciativa parlamentar, com afronta ao princ\u00edpio da independ\u00eancia e harmonia dos poderes.<\/p>\n<p>O vereador Juan Pereira, apresentou voto de pesar pela morte do Senhor Marconi Servilho.<\/p>\n<p><img decoding=\"async\" class=\" wp-image-3125 alignleft\" src=\"http:\/\/95fmsume.com.br\/95\/wp-content\/uploads\/2017\/12\/vereador-248x300.jpg\" alt=\"\" width=\"175\" height=\"212\" \/>Foi aprovado o projeto de lei 443\/2017 de autoria do vereador Bonilson Timot\u00e9o que torna obrigat\u00f3rio a destina\u00e7\u00e3o de pelo menos 10% de unidades habitacionais constru\u00eddas com recursos pr\u00f3prios ou decorrentes de conv\u00eanios, cons\u00f3rcios, parcerias com o Governo do Estado- Companhia Estadual de Habita\u00e7\u00e3o Popular- CEHAP-, com o Governo Federal- Sistema Financeiro de Habita\u00e7\u00e3o, ou equivalente, ou por ele subsidiada, as pessoas com idade igual ou superior a 60 anos ou portadores de necessidades especiais.<\/p>\n<p>O vereador Daniel L\u00eala apresentou requerimento ao prefeito \u00c9den Duarte solicitando a retirada de \u00e1rvores secas das ruas do munic\u00edpio e feita \u00e0 reposi\u00e7\u00e3o de novas. Daniel L\u00eala apresentou voto de pesar pelo falecimento do jovem Jos\u00e9 Ivo da\u00a0 Mota Ara\u00fajo.<\/p>\n<figure id=\"attachment_3126\" aria-describedby=\"caption-attachment-3126\" style=\"width: 141px\" class=\"wp-caption alignleft\"><img loading=\"lazy\" decoding=\"async\" class=\"wp-image-3126 \" src=\"http:\/\/95fmsume.com.br\/95\/wp-content\/uploads\/2017\/12\/24796540_1055220041286202_2131952001425200973_n-228x300.jpg\" alt=\"\" width=\"141\" height=\"186\" \/><figcaption id=\"caption-attachment-3126\" class=\"wp-caption-text\">Z\u00e9 Ant\u00f4nio<\/figcaption><\/figure>\n<p>O presidente da C\u00e2mara de Vereadores, Jos\u00e9 Ant\u00f4nio, apresentou requerimento solicitando ao prefeito \u00c9den Duarte \u00e0 limpeza da barragem do S\u00edtio Porteiras.<\/p>\n<p>Foi aprovado o projeto de lei 445\/2017 de autoria do vereador Jeffeson Menezes, que altera o artigo 1\u00ba da Lei 203\/2016, passando a vigorar a seguinte rela\u00e7\u00e3o;<\/p>\n<p>&#8211; As escolas p\u00fablicas e privadas da educa\u00e7\u00e3o b\u00e1sica do munic\u00edpio de Sum\u00e9 dever\u00e3o incluir em seus projetos pedag\u00f3gicos medidas de conscientiza\u00e7\u00e3o, preven\u00e7\u00e3o e combate ao Bullyng escolar.<\/p>\n<p>&nbsp;<\/p>\n<p>&nbsp;<\/p>\n<p>Fonte: Ascom\/C\u00e2mara<\/p>\n<p>&nbsp;<\/p>\n","protected":false},"excerpt":{"rendered":"<p>&nbsp; Na reuni\u00e3o desta ter\u00e7a-feira, ap\u00f3s a realiza\u00e7\u00e3o de audi\u00eancia p\u00fablica, foi aprovado o projeto de lei 441\/2017 \u2013 LOA- de autoria do Poder Executivo que estima receita fixa a despesa do munic\u00edpio para o exerc\u00edcio financeiro de 2018. Foi aprovado ainda, o projeto de lei 442 de autoria do Executivo que disp\u00f5e sobre o Plano Plurianual- PPA- do munic\u00edpio de Sum\u00e9, para o quadri\u00eanio de 2018 a 2021. Durante a reuni\u00e3o foi rejeitado dois projetos de autoria do vereador Juan Pereira, o primeiro que institu\u00eda o S\u00e3o Jo\u00e3o 100 % nordestino. \u00a0O relator do PL, vereador Bonilson Timot\u00e9o, votou pela inconstitucionalidade do mesmo, concluindo que a Lei altera quadro or\u00e7ament\u00e1rio do Poder Executivo do Munic\u00edpio, na medida em que estabelece que sejam utilizadas dota\u00e7\u00f5es or\u00e7ament\u00e1rias. De acordo com o relator, trata-se, assim, de mat\u00e9ria cuja iniciativa \u00e9 privativa do Chefe do Poder Executivo, n\u00e3o podendo desta dispor a C\u00e2mara de Vereadores O segundo que disp\u00f5e sobre a substitui\u00e7\u00e3o e instala\u00e7\u00e3o subterr\u00e2nea de todo cabeamento el\u00e9trico, de telecomunica\u00e7\u00f5es ou assemelhado do munic\u00edpio de Sum\u00e9, tamb\u00e9m rejeitado pelo relator Bonilson Timot\u00e9o, que justificou que o STF assentou a impossibilidade de interfer\u00eancia dos entes da Federa\u00e7\u00e3o nas rela\u00e7\u00f5es jur\u00eddico-contratuais estabelecidas entre o Poder concedente federal e as empresas concession\u00e1rias, opinando pela inconstitucionalidade formal do projeto, pela ocorr\u00eancia de v\u00edcio de iniciativa parlamentar, com afronta ao princ\u00edpio da independ\u00eancia e harmonia dos poderes. O vereador Juan Pereira, apresentou voto de pesar pela morte do Senhor Marconi Servilho. Foi aprovado o projeto de lei 443\/2017 de autoria do vereador Bonilson Timot\u00e9o que torna obrigat\u00f3rio a destina\u00e7\u00e3o de pelo menos 10% de unidades habitacionais constru\u00eddas com recursos pr\u00f3prios ou decorrentes de conv\u00eanios, cons\u00f3rcios, parcerias com o Governo do Estado- Companhia Estadual de Habita\u00e7\u00e3o Popular- CEHAP-, com o Governo Federal- Sistema Financeiro de Habita\u00e7\u00e3o, ou equivalente, ou por ele subsidiada, as pessoas com idade igual ou superior a 60 anos ou portadores de necessidades especiais. O vereador Daniel L\u00eala apresentou requerimento ao prefeito \u00c9den Duarte solicitando a retirada de \u00e1rvores secas das ruas do munic\u00edpio e feita \u00e0 reposi\u00e7\u00e3o de novas. Daniel L\u00eala apresentou voto de pesar pelo falecimento do jovem Jos\u00e9 Ivo da\u00a0 Mota Ara\u00fajo. O presidente da C\u00e2mara de Vereadores, Jos\u00e9 Ant\u00f4nio, apresentou requerimento solicitando ao prefeito \u00c9den Duarte \u00e0 limpeza da barragem do S\u00edtio Porteiras. Foi aprovado o projeto de lei 445\/2017 de autoria do vereador Jeffeson Menezes, que altera o artigo 1\u00ba da Lei 203\/2016, passando a vigorar a seguinte rela\u00e7\u00e3o; &#8211; As escolas p\u00fablicas e privadas da educa\u00e7\u00e3o b\u00e1sica do munic\u00edpio de Sum\u00e9 dever\u00e3o incluir em seus projetos pedag\u00f3gicos medidas de conscientiza\u00e7\u00e3o, preven\u00e7\u00e3o e combate ao Bullyng escolar. &nbsp; &nbsp; Fonte: Ascom\/C\u00e2mara &nbsp;<\/p>\n","protected":false},"author":2,"featured_media":6482,"comment_status":"closed","ping_status":"open","sticky":false,"template":"","format":"standard","meta":{"_eb_attr":"","_jetpack_memberships_contains_paid_content":false,"footnotes":""},"categories":[4],"tags":[],"class_list":["post-6480","post","type-post","status-publish","format-standard","has-post-thumbnail","hentry","category-politica"],"yoast_head":"<!-- This site is optimized with the Yoast SEO plugin v26.5 - https:\/\/yoast.com\/wordpress\/plugins\/seo\/ -->\n<title>C\u00e2mara de Vereadores de Sum\u00e9 aprova LOA E PPA - Not&iacute;cias em Destaque<\/title>\n<meta name=\"robots\" content=\"index, follow, max-snippet:-1, max-image-preview:large, max-video-preview:-1\" \/>\n<link rel=\"canonical\" href=\"https:\/\/noticiasemdestaque.com\/cd\/?p=6480\" \/>\n<meta property=\"og:locale\" content=\"pt_BR\" \/>\n<meta property=\"og:type\" content=\"article\" \/>\n<meta property=\"og:title\" content=\"C\u00e2mara de Vereadores de Sum\u00e9 aprova LOA E PPA - Not&iacute;cias em Destaque\" \/>\n<meta property=\"og:description\" content=\"&nbsp; Na reuni\u00e3o desta ter\u00e7a-feira, ap\u00f3s a realiza\u00e7\u00e3o de audi\u00eancia p\u00fablica, foi aprovado o projeto de lei 441\/2017 \u2013 LOA- de autoria do Poder Executivo que estima receita fixa a despesa do munic\u00edpio para o exerc\u00edcio financeiro de 2018. Foi aprovado ainda, o projeto de lei 442 de autoria do Executivo que disp\u00f5e sobre o Plano Plurianual- PPA- do munic\u00edpio de Sum\u00e9, para o quadri\u00eanio de 2018 a 2021. Durante a reuni\u00e3o foi rejeitado dois projetos de autoria do vereador Juan Pereira, o primeiro que institu\u00eda o S\u00e3o Jo\u00e3o 100 % nordestino. \u00a0O relator do PL, vereador Bonilson Timot\u00e9o, votou pela inconstitucionalidade do mesmo, concluindo que a Lei altera quadro or\u00e7ament\u00e1rio do Poder Executivo do Munic\u00edpio, na medida em que estabelece que sejam utilizadas dota\u00e7\u00f5es or\u00e7ament\u00e1rias. De acordo com o relator, trata-se, assim, de mat\u00e9ria cuja iniciativa \u00e9 privativa do Chefe do Poder Executivo, n\u00e3o podendo desta dispor a C\u00e2mara de Vereadores O segundo que disp\u00f5e sobre a substitui\u00e7\u00e3o e instala\u00e7\u00e3o subterr\u00e2nea de todo cabeamento el\u00e9trico, de telecomunica\u00e7\u00f5es ou assemelhado do munic\u00edpio de Sum\u00e9, tamb\u00e9m rejeitado pelo relator Bonilson Timot\u00e9o, que justificou que o STF assentou a impossibilidade de interfer\u00eancia dos entes da Federa\u00e7\u00e3o nas rela\u00e7\u00f5es jur\u00eddico-contratuais estabelecidas entre o Poder concedente federal e as empresas concession\u00e1rias, opinando pela inconstitucionalidade formal do projeto, pela ocorr\u00eancia de v\u00edcio de iniciativa parlamentar, com afronta ao princ\u00edpio da independ\u00eancia e harmonia dos poderes. O vereador Juan Pereira, apresentou voto de pesar pela morte do Senhor Marconi Servilho. Foi aprovado o projeto de lei 443\/2017 de autoria do vereador Bonilson Timot\u00e9o que torna obrigat\u00f3rio a destina\u00e7\u00e3o de pelo menos 10% de unidades habitacionais constru\u00eddas com recursos pr\u00f3prios ou decorrentes de conv\u00eanios, cons\u00f3rcios, parcerias com o Governo do Estado- Companhia Estadual de Habita\u00e7\u00e3o Popular- CEHAP-, com o Governo Federal- Sistema Financeiro de Habita\u00e7\u00e3o, ou equivalente, ou por ele subsidiada, as pessoas com idade igual ou superior a 60 anos ou portadores de necessidades especiais. O vereador Daniel L\u00eala apresentou requerimento ao prefeito \u00c9den Duarte solicitando a retirada de \u00e1rvores secas das ruas do munic\u00edpio e feita \u00e0 reposi\u00e7\u00e3o de novas. Daniel L\u00eala apresentou voto de pesar pelo falecimento do jovem Jos\u00e9 Ivo da\u00a0 Mota Ara\u00fajo. O presidente da C\u00e2mara de Vereadores, Jos\u00e9 Ant\u00f4nio, apresentou requerimento solicitando ao prefeito \u00c9den Duarte \u00e0 limpeza da barragem do S\u00edtio Porteiras. Foi aprovado o projeto de lei 445\/2017 de autoria do vereador Jeffeson Menezes, que altera o artigo 1\u00ba da Lei 203\/2016, passando a vigorar a seguinte rela\u00e7\u00e3o; &#8211; As escolas p\u00fablicas e privadas da educa\u00e7\u00e3o b\u00e1sica do munic\u00edpio de Sum\u00e9 dever\u00e3o incluir em seus projetos pedag\u00f3gicos medidas de conscientiza\u00e7\u00e3o, preven\u00e7\u00e3o e combate ao Bullyng escolar. &nbsp; &nbsp; Fonte: Ascom\/C\u00e2mara &nbsp;\" \/>\n<meta property=\"og:url\" content=\"https:\/\/noticiasemdestaque.com\/cd\/?p=6480\" \/>\n<meta property=\"og:site_name\" content=\"Not&iacute;cias em Destaque\" \/>\n<meta property=\"article:published_time\" content=\"2017-12-06T11:09:33+00:00\" \/>\n<meta property=\"article:modified_time\" content=\"2017-12-06T11:36:46+00:00\" \/>\n<meta property=\"og:image\" content=\"https:\/\/noticiasemdestaque.com\/cd\/wp-content\/uploads\/2017\/12\/24312863_1055243174617222_2904832938784590731_n.jpg\" \/>\n\t<meta property=\"og:image:width\" content=\"960\" \/>\n\t<meta property=\"og:image:height\" content=\"638\" \/>\n\t<meta property=\"og:image:type\" content=\"image\/jpeg\" \/>\n<meta name=\"author\" content=\"Not\u00edcias em Destaque\" \/>\n<meta name=\"twitter:card\" content=\"summary_large_image\" \/>\n<meta name=\"twitter:label1\" content=\"Escrito por\" \/>\n\t<meta name=\"twitter:data1\" content=\"Not\u00edcias em Destaque\" \/>\n\t<meta name=\"twitter:label2\" content=\"Est. tempo de leitura\" \/>\n\t<meta name=\"twitter:data2\" content=\"3 minutos\" \/>\n<script type=\"application\/ld+json\" class=\"yoast-schema-graph\">{\"@context\":\"https:\/\/schema.org\",\"@graph\":[{\"@type\":\"Article\",\"@id\":\"https:\/\/noticiasemdestaque.com\/cd\/?p=6480#article\",\"isPartOf\":{\"@id\":\"https:\/\/noticiasemdestaque.com\/cd\/?p=6480\"},\"author\":{\"name\":\"Not\u00edcias em Destaque\",\"@id\":\"https:\/\/noticiasemdestaque.com\/cd\/#\/schema\/person\/47f7d4f55eec17c6b2ca036c5500f6ce\"},\"headline\":\"C\u00e2mara de Vereadores de Sum\u00e9 aprova LOA E PPA\",\"datePublished\":\"2017-12-06T11:09:33+00:00\",\"dateModified\":\"2017-12-06T11:36:46+00:00\",\"mainEntityOfPage\":{\"@id\":\"https:\/\/noticiasemdestaque.com\/cd\/?p=6480\"},\"wordCount\":528,\"publisher\":{\"@id\":\"https:\/\/noticiasemdestaque.com\/cd\/#organization\"},\"image\":{\"@id\":\"https:\/\/noticiasemdestaque.com\/cd\/?p=6480#primaryimage\"},\"thumbnailUrl\":\"https:\/\/noticiasemdestaque.com\/cd\/wp-content\/uploads\/2017\/12\/24312863_1055243174617222_2904832938784590731_n.jpg\",\"articleSection\":[\"Pol\u00edtica\"],\"inLanguage\":\"pt-BR\"},{\"@type\":\"WebPage\",\"@id\":\"https:\/\/noticiasemdestaque.com\/cd\/?p=6480\",\"url\":\"https:\/\/noticiasemdestaque.com\/cd\/?p=6480\",\"name\":\"C\u00e2mara de Vereadores de Sum\u00e9 aprova LOA E PPA - Not&iacute;cias em Destaque\",\"isPartOf\":{\"@id\":\"https:\/\/noticiasemdestaque.com\/cd\/#website\"},\"primaryImageOfPage\":{\"@id\":\"https:\/\/noticiasemdestaque.com\/cd\/?p=6480#primaryimage\"},\"image\":{\"@id\":\"https:\/\/noticiasemdestaque.com\/cd\/?p=6480#primaryimage\"},\"thumbnailUrl\":\"https:\/\/noticiasemdestaque.com\/cd\/wp-content\/uploads\/2017\/12\/24312863_1055243174617222_2904832938784590731_n.jpg\",\"datePublished\":\"2017-12-06T11:09:33+00:00\",\"dateModified\":\"2017-12-06T11:36:46+00:00\",\"breadcrumb\":{\"@id\":\"https:\/\/noticiasemdestaque.com\/cd\/?p=6480#breadcrumb\"},\"inLanguage\":\"pt-BR\",\"potentialAction\":[{\"@type\":\"ReadAction\",\"target\":[\"https:\/\/noticiasemdestaque.com\/cd\/?p=6480\"]}]},{\"@type\":\"ImageObject\",\"inLanguage\":\"pt-BR\",\"@id\":\"https:\/\/noticiasemdestaque.com\/cd\/?p=6480#primaryimage\",\"url\":\"https:\/\/noticiasemdestaque.com\/cd\/wp-content\/uploads\/2017\/12\/24312863_1055243174617222_2904832938784590731_n.jpg\",\"contentUrl\":\"https:\/\/noticiasemdestaque.com\/cd\/wp-content\/uploads\/2017\/12\/24312863_1055243174617222_2904832938784590731_n.jpg\",\"width\":960,\"height\":638},{\"@type\":\"BreadcrumbList\",\"@id\":\"https:\/\/noticiasemdestaque.com\/cd\/?p=6480#breadcrumb\",\"itemListElement\":[{\"@type\":\"ListItem\",\"position\":1,\"name\":\"In\u00edcio\",\"item\":\"https:\/\/noticiasemdestaque.com\/cd\/\"},{\"@type\":\"ListItem\",\"position\":2,\"name\":\"C\u00e2mara de Vereadores de Sum\u00e9 aprova LOA E PPA\"}]},{\"@type\":\"WebSite\",\"@id\":\"https:\/\/noticiasemdestaque.com\/cd\/#website\",\"url\":\"https:\/\/noticiasemdestaque.com\/cd\/\",\"name\":\"Not&iacute;cias em Destaque\",\"description\":\"\",\"publisher\":{\"@id\":\"https:\/\/noticiasemdestaque.com\/cd\/#organization\"},\"potentialAction\":[{\"@type\":\"SearchAction\",\"target\":{\"@type\":\"EntryPoint\",\"urlTemplate\":\"https:\/\/noticiasemdestaque.com\/cd\/?s={search_term_string}\"},\"query-input\":{\"@type\":\"PropertyValueSpecification\",\"valueRequired\":true,\"valueName\":\"search_term_string\"}}],\"inLanguage\":\"pt-BR\"},{\"@type\":\"Organization\",\"@id\":\"https:\/\/noticiasemdestaque.com\/cd\/#organization\",\"name\":\"Not\u00edcias em Destaque\",\"url\":\"https:\/\/noticiasemdestaque.com\/cd\/\",\"logo\":{\"@type\":\"ImageObject\",\"inLanguage\":\"pt-BR\",\"@id\":\"https:\/\/noticiasemdestaque.com\/cd\/#\/schema\/logo\/image\/\",\"url\":\"https:\/\/noticiasemdestaque.com\/cd\/wp-content\/uploads\/2022\/05\/imagem-base-noticiasemdestaque.png\",\"contentUrl\":\"https:\/\/noticiasemdestaque.com\/cd\/wp-content\/uploads\/2022\/05\/imagem-base-noticiasemdestaque.png\",\"width\":1200,\"height\":630,\"caption\":\"Not\u00edcias em Destaque\"},\"image\":{\"@id\":\"https:\/\/noticiasemdestaque.com\/cd\/#\/schema\/logo\/image\/\"}},{\"@type\":\"Person\",\"@id\":\"https:\/\/noticiasemdestaque.com\/cd\/#\/schema\/person\/47f7d4f55eec17c6b2ca036c5500f6ce\",\"name\":\"Not\u00edcias em Destaque\",\"url\":\"https:\/\/noticiasemdestaque.com\/cd\/?author=2\"}]}<\/script>\n<!-- \/ Yoast SEO plugin. -->","yoast_head_json":{"title":"C\u00e2mara de Vereadores de Sum\u00e9 aprova LOA E PPA - Not&iacute;cias em Destaque","robots":{"index":"index","follow":"follow","max-snippet":"max-snippet:-1","max-image-preview":"max-image-preview:large","max-video-preview":"max-video-preview:-1"},"canonical":"https:\/\/noticiasemdestaque.com\/cd\/?p=6480","og_locale":"pt_BR","og_type":"article","og_title":"C\u00e2mara de Vereadores de Sum\u00e9 aprova LOA E PPA - Not&iacute;cias em Destaque","og_description":"&nbsp; Na reuni\u00e3o desta ter\u00e7a-feira, ap\u00f3s a realiza\u00e7\u00e3o de audi\u00eancia p\u00fablica, foi aprovado o projeto de lei 441\/2017 \u2013 LOA- de autoria do Poder Executivo que estima receita fixa a despesa do munic\u00edpio para o exerc\u00edcio financeiro de 2018. Foi aprovado ainda, o projeto de lei 442 de autoria do Executivo que disp\u00f5e sobre o Plano Plurianual- PPA- do munic\u00edpio de Sum\u00e9, para o quadri\u00eanio de 2018 a 2021. Durante a reuni\u00e3o foi rejeitado dois projetos de autoria do vereador Juan Pereira, o primeiro que institu\u00eda o S\u00e3o Jo\u00e3o 100 % nordestino. \u00a0O relator do PL, vereador Bonilson Timot\u00e9o, votou pela inconstitucionalidade do mesmo, concluindo que a Lei altera quadro or\u00e7ament\u00e1rio do Poder Executivo do Munic\u00edpio, na medida em que estabelece que sejam utilizadas dota\u00e7\u00f5es or\u00e7ament\u00e1rias. De acordo com o relator, trata-se, assim, de mat\u00e9ria cuja iniciativa \u00e9 privativa do Chefe do Poder Executivo, n\u00e3o podendo desta dispor a C\u00e2mara de Vereadores O segundo que disp\u00f5e sobre a substitui\u00e7\u00e3o e instala\u00e7\u00e3o subterr\u00e2nea de todo cabeamento el\u00e9trico, de telecomunica\u00e7\u00f5es ou assemelhado do munic\u00edpio de Sum\u00e9, tamb\u00e9m rejeitado pelo relator Bonilson Timot\u00e9o, que justificou que o STF assentou a impossibilidade de interfer\u00eancia dos entes da Federa\u00e7\u00e3o nas rela\u00e7\u00f5es jur\u00eddico-contratuais estabelecidas entre o Poder concedente federal e as empresas concession\u00e1rias, opinando pela inconstitucionalidade formal do projeto, pela ocorr\u00eancia de v\u00edcio de iniciativa parlamentar, com afronta ao princ\u00edpio da independ\u00eancia e harmonia dos poderes. O vereador Juan Pereira, apresentou voto de pesar pela morte do Senhor Marconi Servilho. Foi aprovado o projeto de lei 443\/2017 de autoria do vereador Bonilson Timot\u00e9o que torna obrigat\u00f3rio a destina\u00e7\u00e3o de pelo menos 10% de unidades habitacionais constru\u00eddas com recursos pr\u00f3prios ou decorrentes de conv\u00eanios, cons\u00f3rcios, parcerias com o Governo do Estado- Companhia Estadual de Habita\u00e7\u00e3o Popular- CEHAP-, com o Governo Federal- Sistema Financeiro de Habita\u00e7\u00e3o, ou equivalente, ou por ele subsidiada, as pessoas com idade igual ou superior a 60 anos ou portadores de necessidades especiais. O vereador Daniel L\u00eala apresentou requerimento ao prefeito \u00c9den Duarte solicitando a retirada de \u00e1rvores secas das ruas do munic\u00edpio e feita \u00e0 reposi\u00e7\u00e3o de novas. Daniel L\u00eala apresentou voto de pesar pelo falecimento do jovem Jos\u00e9 Ivo da\u00a0 Mota Ara\u00fajo. O presidente da C\u00e2mara de Vereadores, Jos\u00e9 Ant\u00f4nio, apresentou requerimento solicitando ao prefeito \u00c9den Duarte \u00e0 limpeza da barragem do S\u00edtio Porteiras. Foi aprovado o projeto de lei 445\/2017 de autoria do vereador Jeffeson Menezes, que altera o artigo 1\u00ba da Lei 203\/2016, passando a vigorar a seguinte rela\u00e7\u00e3o; &#8211; As escolas p\u00fablicas e privadas da educa\u00e7\u00e3o b\u00e1sica do munic\u00edpio de Sum\u00e9 dever\u00e3o incluir em seus projetos pedag\u00f3gicos medidas de conscientiza\u00e7\u00e3o, preven\u00e7\u00e3o e combate ao Bullyng escolar. &nbsp; &nbsp; Fonte: Ascom\/C\u00e2mara &nbsp;","og_url":"https:\/\/noticiasemdestaque.com\/cd\/?p=6480","og_site_name":"Not&iacute;cias em Destaque","article_published_time":"2017-12-06T11:09:33+00:00","article_modified_time":"2017-12-06T11:36:46+00:00","og_image":[{"width":960,"height":638,"url":"https:\/\/noticiasemdestaque.com\/cd\/wp-content\/uploads\/2017\/12\/24312863_1055243174617222_2904832938784590731_n.jpg","type":"image\/jpeg"}],"author":"Not\u00edcias em Destaque","twitter_card":"summary_large_image","twitter_misc":{"Escrito por":"Not\u00edcias em Destaque","Est. tempo de leitura":"3 minutos"},"schema":{"@context":"https:\/\/schema.org","@graph":[{"@type":"Article","@id":"https:\/\/noticiasemdestaque.com\/cd\/?p=6480#article","isPartOf":{"@id":"https:\/\/noticiasemdestaque.com\/cd\/?p=6480"},"author":{"name":"Not\u00edcias em Destaque","@id":"https:\/\/noticiasemdestaque.com\/cd\/#\/schema\/person\/47f7d4f55eec17c6b2ca036c5500f6ce"},"headline":"C\u00e2mara de Vereadores de Sum\u00e9 aprova LOA E PPA","datePublished":"2017-12-06T11:09:33+00:00","dateModified":"2017-12-06T11:36:46+00:00","mainEntityOfPage":{"@id":"https:\/\/noticiasemdestaque.com\/cd\/?p=6480"},"wordCount":528,"publisher":{"@id":"https:\/\/noticiasemdestaque.com\/cd\/#organization"},"image":{"@id":"https:\/\/noticiasemdestaque.com\/cd\/?p=6480#primaryimage"},"thumbnailUrl":"https:\/\/noticiasemdestaque.com\/cd\/wp-content\/uploads\/2017\/12\/24312863_1055243174617222_2904832938784590731_n.jpg","articleSection":["Pol\u00edtica"],"inLanguage":"pt-BR"},{"@type":"WebPage","@id":"https:\/\/noticiasemdestaque.com\/cd\/?p=6480","url":"https:\/\/noticiasemdestaque.com\/cd\/?p=6480","name":"C\u00e2mara de Vereadores de Sum\u00e9 aprova LOA E PPA - Not&iacute;cias em Destaque","isPartOf":{"@id":"https:\/\/noticiasemdestaque.com\/cd\/#website"},"primaryImageOfPage":{"@id":"https:\/\/noticiasemdestaque.com\/cd\/?p=6480#primaryimage"},"image":{"@id":"https:\/\/noticiasemdestaque.com\/cd\/?p=6480#primaryimage"},"thumbnailUrl":"https:\/\/noticiasemdestaque.com\/cd\/wp-content\/uploads\/2017\/12\/24312863_1055243174617222_2904832938784590731_n.jpg","datePublished":"2017-12-06T11:09:33+00:00","dateModified":"2017-12-06T11:36:46+00:00","breadcrumb":{"@id":"https:\/\/noticiasemdestaque.com\/cd\/?p=6480#breadcrumb"},"inLanguage":"pt-BR","potentialAction":[{"@type":"ReadAction","target":["https:\/\/noticiasemdestaque.com\/cd\/?p=6480"]}]},{"@type":"ImageObject","inLanguage":"pt-BR","@id":"https:\/\/noticiasemdestaque.com\/cd\/?p=6480#primaryimage","url":"https:\/\/noticiasemdestaque.com\/cd\/wp-content\/uploads\/2017\/12\/24312863_1055243174617222_2904832938784590731_n.jpg","contentUrl":"https:\/\/noticiasemdestaque.com\/cd\/wp-content\/uploads\/2017\/12\/24312863_1055243174617222_2904832938784590731_n.jpg","width":960,"height":638},{"@type":"BreadcrumbList","@id":"https:\/\/noticiasemdestaque.com\/cd\/?p=6480#breadcrumb","itemListElement":[{"@type":"ListItem","position":1,"name":"In\u00edcio","item":"https:\/\/noticiasemdestaque.com\/cd\/"},{"@type":"ListItem","position":2,"name":"C\u00e2mara de Vereadores de Sum\u00e9 aprova LOA E PPA"}]},{"@type":"WebSite","@id":"https:\/\/noticiasemdestaque.com\/cd\/#website","url":"https:\/\/noticiasemdestaque.com\/cd\/","name":"Not&iacute;cias em Destaque","description":"","publisher":{"@id":"https:\/\/noticiasemdestaque.com\/cd\/#organization"},"potentialAction":[{"@type":"SearchAction","target":{"@type":"EntryPoint","urlTemplate":"https:\/\/noticiasemdestaque.com\/cd\/?s={search_term_string}"},"query-input":{"@type":"PropertyValueSpecification","valueRequired":true,"valueName":"search_term_string"}}],"inLanguage":"pt-BR"},{"@type":"Organization","@id":"https:\/\/noticiasemdestaque.com\/cd\/#organization","name":"Not\u00edcias em Destaque","url":"https:\/\/noticiasemdestaque.com\/cd\/","logo":{"@type":"ImageObject","inLanguage":"pt-BR","@id":"https:\/\/noticiasemdestaque.com\/cd\/#\/schema\/logo\/image\/","url":"https:\/\/noticiasemdestaque.com\/cd\/wp-content\/uploads\/2022\/05\/imagem-base-noticiasemdestaque.png","contentUrl":"https:\/\/noticiasemdestaque.com\/cd\/wp-content\/uploads\/2022\/05\/imagem-base-noticiasemdestaque.png","width":1200,"height":630,"caption":"Not\u00edcias em Destaque"},"image":{"@id":"https:\/\/noticiasemdestaque.com\/cd\/#\/schema\/logo\/image\/"}},{"@type":"Person","@id":"https:\/\/noticiasemdestaque.com\/cd\/#\/schema\/person\/47f7d4f55eec17c6b2ca036c5500f6ce","name":"Not\u00edcias em Destaque","url":"https:\/\/noticiasemdestaque.com\/cd\/?author=2"}]}},"jetpack_featured_media_url":"https:\/\/noticiasemdestaque.com\/cd\/wp-content\/uploads\/2017\/12\/24312863_1055243174617222_2904832938784590731_n.jpg","jetpack_sharing_enabled":true,"_links":{"self":[{"href":"https:\/\/noticiasemdestaque.com\/cd\/index.php?rest_route=\/wp\/v2\/posts\/6480","targetHints":{"allow":["GET"]}}],"collection":[{"href":"https:\/\/noticiasemdestaque.com\/cd\/index.php?rest_route=\/wp\/v2\/posts"}],"about":[{"href":"https:\/\/noticiasemdestaque.com\/cd\/index.php?rest_route=\/wp\/v2\/types\/post"}],"author":[{"embeddable":true,"href":"https:\/\/noticiasemdestaque.com\/cd\/index.php?rest_route=\/wp\/v2\/users\/2"}],"replies":[{"embeddable":true,"href":"https:\/\/noticiasemdestaque.com\/cd\/index.php?rest_route=%2Fwp%2Fv2%2Fcomments&post=6480"}],"version-history":[{"count":2,"href":"https:\/\/noticiasemdestaque.com\/cd\/index.php?rest_route=\/wp\/v2\/posts\/6480\/revisions"}],"predecessor-version":[{"id":6485,"href":"https:\/\/noticiasemdestaque.com\/cd\/index.php?rest_route=\/wp\/v2\/posts\/6480\/revisions\/6485"}],"wp:featuredmedia":[{"embeddable":true,"href":"https:\/\/noticiasemdestaque.com\/cd\/index.php?rest_route=\/wp\/v2\/media\/6482"}],"wp:attachment":[{"href":"https:\/\/noticiasemdestaque.com\/cd\/index.php?rest_route=%2Fwp%2Fv2%2Fmedia&parent=6480"}],"wp:term":[{"taxonomy":"category","embeddable":true,"href":"https:\/\/noticiasemdestaque.com\/cd\/index.php?rest_route=%2Fwp%2Fv2%2Fcategories&post=6480"},{"taxonomy":"post_tag","embeddable":true,"href":"https:\/\/noticiasemdestaque.com\/cd\/index.php?rest_route=%2Fwp%2Fv2%2Ftags&post=6480"}],"curies":[{"name":"wp","href":"https:\/\/api.w.org\/{rel}","templated":true}]}}