{"id":6477,"date":"2017-12-06T07:47:52","date_gmt":"2017-12-06T10:47:52","guid":{"rendered":"http:\/\/caririemdestaque.com\/cd\/?p=6477"},"modified":"2017-12-06T07:47:52","modified_gmt":"2017-12-06T10:47:52","slug":"dia-do-engenheiro-de-producao-sera-comemorado-na-ufcg-sume-com-programacao-especial-e-show-de-humor","status":"publish","type":"post","link":"https:\/\/noticiasemdestaque.com\/cd\/?p=6477","title":{"rendered":"Dia do Engenheiro de produ\u00e7\u00e3o ser\u00e1 comemorado na UFCG Sum\u00e9 com programa\u00e7\u00e3o especial e show de humor"},"content":{"rendered":"<p><img fetchpriority=\"high\" decoding=\"async\" class=\"wp-image-14104 alignleft\" src=\"http:\/\/www.paraibamix.com.br\/wp-content\/uploads\/2017\/10\/ademar.jpg\" sizes=\"(max-width: 521px) 100vw, 521px\" srcset=\"https:\/\/www.paraibamix.com.br\/wp-content\/uploads\/2017\/10\/ademar.jpg 960w, https:\/\/www.paraibamix.com.br\/wp-content\/uploads\/2017\/10\/ademar-150x100.jpg 150w, https:\/\/www.paraibamix.com.br\/wp-content\/uploads\/2017\/10\/ademar-300x200.jpg 300w, https:\/\/www.paraibamix.com.br\/wp-content\/uploads\/2017\/10\/ademar-768x511.jpg 768w\" alt=\"\" width=\"275\" height=\"183\" \/>A Coordena\u00e7\u00e3o do Curso de Engenharia de Produ\u00e7\u00e3o do Campus da Universidade Federal de Campina Grande em Sum\u00e9 estar\u00e1 realizando na pr\u00f3xima quinta-feira (07) as comemora\u00e7\u00f5es alusivas ao dia do Engenheiro de Produ\u00e7\u00e3o.<\/p>\n<p>Em contato com o Portal Para\u00edba Mix, o coordenador do curso, Professor Daniel Farias disse que essa programa\u00e7\u00e3o \u00e9 voltada para os alunos, ex-alunos e engenheiros que quiserem participar do momento.<\/p>\n<p>Uma programa\u00e7\u00e3o foi preparada iniciando as 14:00 horas com Mesa Redonda que discutir\u00e1 o dia a dia do engenheiro de produ\u00e7\u00e3o. A partir das 15:00 horas acontecer\u00e1 uma exposi\u00e7\u00e3o de projetos integradores do curso.<\/p>\n<p>De acordo com Daniel, a programa\u00e7\u00e3o se estende pela noite a partir das 19:00 horas com o show Stand Up Comedy do humorista Ademar Neto, uma revela\u00e7\u00e3o do humor no Estado da Para\u00edba. A programa\u00e7\u00e3o se encerra com uma solenidade de premia\u00e7\u00e3o.<\/p>\n","protected":false},"excerpt":{"rendered":"<p>A Coordena\u00e7\u00e3o do Curso de Engenharia de Produ\u00e7\u00e3o do Campus da Universidade Federal de Campina Grande em Sum\u00e9 estar\u00e1 realizando na pr\u00f3xima quinta-feira (07) as comemora\u00e7\u00f5es alusivas ao dia do Engenheiro de Produ\u00e7\u00e3o. Em contato com o Portal Para\u00edba Mix, o coordenador do curso, Professor Daniel Farias disse que essa programa\u00e7\u00e3o \u00e9 voltada para os alunos, ex-alunos e engenheiros que quiserem participar do momento. Uma programa\u00e7\u00e3o foi preparada iniciando as 14:00 horas com Mesa Redonda que discutir\u00e1 o dia a dia do engenheiro de produ\u00e7\u00e3o. A partir das 15:00 horas acontecer\u00e1 uma exposi\u00e7\u00e3o de projetos integradores do curso. De acordo com Daniel, a programa\u00e7\u00e3o se estende pela noite a partir das 19:00 horas com o show Stand Up Comedy do humorista Ademar Neto, uma revela\u00e7\u00e3o do humor no Estado da Para\u00edba. A programa\u00e7\u00e3o se encerra com uma solenidade de premia\u00e7\u00e3o.<\/p>\n","protected":false},"author":2,"featured_media":6478,"comment_status":"closed","ping_status":"open","sticky":false,"template":"","format":"standard","meta":{"_eb_attr":"","_jetpack_memberships_contains_paid_content":false,"footnotes":""},"categories":[6],"tags":[],"class_list":["post-6477","post","type-post","status-publish","format-standard","has-post-thumbnail","hentry","category-educacao"],"yoast_head":"<!-- This site is optimized with the Yoast SEO plugin v26.5 - https:\/\/yoast.com\/wordpress\/plugins\/seo\/ -->\n<title>Dia do Engenheiro de produ\u00e7\u00e3o ser\u00e1 comemorado na UFCG Sum\u00e9 com programa\u00e7\u00e3o especial e show de humor - Not&iacute;cias em Destaque<\/title>\n<meta name=\"robots\" content=\"index, follow, max-snippet:-1, max-image-preview:large, max-video-preview:-1\" \/>\n<link rel=\"canonical\" href=\"https:\/\/noticiasemdestaque.com\/cd\/?p=6477\" \/>\n<meta property=\"og:locale\" content=\"pt_BR\" \/>\n<meta property=\"og:type\" content=\"article\" \/>\n<meta property=\"og:title\" content=\"Dia do Engenheiro de produ\u00e7\u00e3o ser\u00e1 comemorado na UFCG Sum\u00e9 com programa\u00e7\u00e3o especial e show de humor - Not&iacute;cias em Destaque\" \/>\n<meta property=\"og:description\" content=\"A Coordena\u00e7\u00e3o do Curso de Engenharia de Produ\u00e7\u00e3o do Campus da Universidade Federal de Campina Grande em Sum\u00e9 estar\u00e1 realizando na pr\u00f3xima quinta-feira (07) as comemora\u00e7\u00f5es alusivas ao dia do Engenheiro de Produ\u00e7\u00e3o. Em contato com o Portal Para\u00edba Mix, o coordenador do curso, Professor Daniel Farias disse que essa programa\u00e7\u00e3o \u00e9 voltada para os alunos, ex-alunos e engenheiros que quiserem participar do momento. Uma programa\u00e7\u00e3o foi preparada iniciando as 14:00 horas com Mesa Redonda que discutir\u00e1 o dia a dia do engenheiro de produ\u00e7\u00e3o. A partir das 15:00 horas acontecer\u00e1 uma exposi\u00e7\u00e3o de projetos integradores do curso. De acordo com Daniel, a programa\u00e7\u00e3o se estende pela noite a partir das 19:00 horas com o show Stand Up Comedy do humorista Ademar Neto, uma revela\u00e7\u00e3o do humor no Estado da Para\u00edba. A programa\u00e7\u00e3o se encerra com uma solenidade de premia\u00e7\u00e3o.\" \/>\n<meta property=\"og:url\" content=\"https:\/\/noticiasemdestaque.com\/cd\/?p=6477\" \/>\n<meta property=\"og:site_name\" content=\"Not&iacute;cias em Destaque\" \/>\n<meta property=\"article:published_time\" content=\"2017-12-06T10:47:52+00:00\" \/>\n<meta property=\"og:image\" content=\"https:\/\/noticiasemdestaque.com\/cd\/wp-content\/uploads\/2017\/12\/ademar.jpg\" \/>\n\t<meta property=\"og:image:width\" content=\"960\" \/>\n\t<meta property=\"og:image:height\" content=\"639\" \/>\n\t<meta property=\"og:image:type\" content=\"image\/jpeg\" \/>\n<meta name=\"author\" content=\"Not\u00edcias em Destaque\" \/>\n<meta name=\"twitter:card\" content=\"summary_large_image\" \/>\n<meta name=\"twitter:label1\" content=\"Escrito por\" \/>\n\t<meta name=\"twitter:data1\" content=\"Not\u00edcias em Destaque\" \/>\n\t<meta name=\"twitter:label2\" content=\"Est. tempo de leitura\" \/>\n\t<meta name=\"twitter:data2\" content=\"1 minuto\" \/>\n<script type=\"application\/ld+json\" class=\"yoast-schema-graph\">{\"@context\":\"https:\/\/schema.org\",\"@graph\":[{\"@type\":\"Article\",\"@id\":\"https:\/\/noticiasemdestaque.com\/cd\/?p=6477#article\",\"isPartOf\":{\"@id\":\"https:\/\/noticiasemdestaque.com\/cd\/?p=6477\"},\"author\":{\"name\":\"Not\u00edcias em Destaque\",\"@id\":\"https:\/\/noticiasemdestaque.com\/cd\/#\/schema\/person\/47f7d4f55eec17c6b2ca036c5500f6ce\"},\"headline\":\"Dia do Engenheiro de produ\u00e7\u00e3o ser\u00e1 comemorado na UFCG Sum\u00e9 com programa\u00e7\u00e3o especial e show de humor\",\"datePublished\":\"2017-12-06T10:47:52+00:00\",\"mainEntityOfPage\":{\"@id\":\"https:\/\/noticiasemdestaque.com\/cd\/?p=6477\"},\"wordCount\":169,\"publisher\":{\"@id\":\"https:\/\/noticiasemdestaque.com\/cd\/#organization\"},\"image\":{\"@id\":\"https:\/\/noticiasemdestaque.com\/cd\/?p=6477#primaryimage\"},\"thumbnailUrl\":\"https:\/\/noticiasemdestaque.com\/cd\/wp-content\/uploads\/2017\/12\/ademar.jpg\",\"articleSection\":[\"Educa\u00e7\u00e3o\"],\"inLanguage\":\"pt-BR\"},{\"@type\":\"WebPage\",\"@id\":\"https:\/\/noticiasemdestaque.com\/cd\/?p=6477\",\"url\":\"https:\/\/noticiasemdestaque.com\/cd\/?p=6477\",\"name\":\"Dia do Engenheiro de produ\u00e7\u00e3o ser\u00e1 comemorado na UFCG Sum\u00e9 com programa\u00e7\u00e3o especial e show de humor - Not&iacute;cias em Destaque\",\"isPartOf\":{\"@id\":\"https:\/\/noticiasemdestaque.com\/cd\/#website\"},\"primaryImageOfPage\":{\"@id\":\"https:\/\/noticiasemdestaque.com\/cd\/?p=6477#primaryimage\"},\"image\":{\"@id\":\"https:\/\/noticiasemdestaque.com\/cd\/?p=6477#primaryimage\"},\"thumbnailUrl\":\"https:\/\/noticiasemdestaque.com\/cd\/wp-content\/uploads\/2017\/12\/ademar.jpg\",\"datePublished\":\"2017-12-06T10:47:52+00:00\",\"breadcrumb\":{\"@id\":\"https:\/\/noticiasemdestaque.com\/cd\/?p=6477#breadcrumb\"},\"inLanguage\":\"pt-BR\",\"potentialAction\":[{\"@type\":\"ReadAction\",\"target\":[\"https:\/\/noticiasemdestaque.com\/cd\/?p=6477\"]}]},{\"@type\":\"ImageObject\",\"inLanguage\":\"pt-BR\",\"@id\":\"https:\/\/noticiasemdestaque.com\/cd\/?p=6477#primaryimage\",\"url\":\"https:\/\/noticiasemdestaque.com\/cd\/wp-content\/uploads\/2017\/12\/ademar.jpg\",\"contentUrl\":\"https:\/\/noticiasemdestaque.com\/cd\/wp-content\/uploads\/2017\/12\/ademar.jpg\",\"width\":960,\"height\":639},{\"@type\":\"BreadcrumbList\",\"@id\":\"https:\/\/noticiasemdestaque.com\/cd\/?p=6477#breadcrumb\",\"itemListElement\":[{\"@type\":\"ListItem\",\"position\":1,\"name\":\"In\u00edcio\",\"item\":\"https:\/\/noticiasemdestaque.com\/cd\/\"},{\"@type\":\"ListItem\",\"position\":2,\"name\":\"Dia do Engenheiro de produ\u00e7\u00e3o ser\u00e1 comemorado na UFCG Sum\u00e9 com programa\u00e7\u00e3o especial e show de humor\"}]},{\"@type\":\"WebSite\",\"@id\":\"https:\/\/noticiasemdestaque.com\/cd\/#website\",\"url\":\"https:\/\/noticiasemdestaque.com\/cd\/\",\"name\":\"Not&iacute;cias em Destaque\",\"description\":\"\",\"publisher\":{\"@id\":\"https:\/\/noticiasemdestaque.com\/cd\/#organization\"},\"potentialAction\":[{\"@type\":\"SearchAction\",\"target\":{\"@type\":\"EntryPoint\",\"urlTemplate\":\"https:\/\/noticiasemdestaque.com\/cd\/?s={search_term_string}\"},\"query-input\":{\"@type\":\"PropertyValueSpecification\",\"valueRequired\":true,\"valueName\":\"search_term_string\"}}],\"inLanguage\":\"pt-BR\"},{\"@type\":\"Organization\",\"@id\":\"https:\/\/noticiasemdestaque.com\/cd\/#organization\",\"name\":\"Not\u00edcias em Destaque\",\"url\":\"https:\/\/noticiasemdestaque.com\/cd\/\",\"logo\":{\"@type\":\"ImageObject\",\"inLanguage\":\"pt-BR\",\"@id\":\"https:\/\/noticiasemdestaque.com\/cd\/#\/schema\/logo\/image\/\",\"url\":\"https:\/\/noticiasemdestaque.com\/cd\/wp-content\/uploads\/2022\/05\/imagem-base-noticiasemdestaque.png\",\"contentUrl\":\"https:\/\/noticiasemdestaque.com\/cd\/wp-content\/uploads\/2022\/05\/imagem-base-noticiasemdestaque.png\",\"width\":1200,\"height\":630,\"caption\":\"Not\u00edcias em Destaque\"},\"image\":{\"@id\":\"https:\/\/noticiasemdestaque.com\/cd\/#\/schema\/logo\/image\/\"}},{\"@type\":\"Person\",\"@id\":\"https:\/\/noticiasemdestaque.com\/cd\/#\/schema\/person\/47f7d4f55eec17c6b2ca036c5500f6ce\",\"name\":\"Not\u00edcias em Destaque\",\"url\":\"https:\/\/noticiasemdestaque.com\/cd\/?author=2\"}]}<\/script>\n<!-- \/ Yoast SEO plugin. -->","yoast_head_json":{"title":"Dia do Engenheiro de produ\u00e7\u00e3o ser\u00e1 comemorado na UFCG Sum\u00e9 com programa\u00e7\u00e3o especial e show de humor - Not&iacute;cias em Destaque","robots":{"index":"index","follow":"follow","max-snippet":"max-snippet:-1","max-image-preview":"max-image-preview:large","max-video-preview":"max-video-preview:-1"},"canonical":"https:\/\/noticiasemdestaque.com\/cd\/?p=6477","og_locale":"pt_BR","og_type":"article","og_title":"Dia do Engenheiro de produ\u00e7\u00e3o ser\u00e1 comemorado na UFCG Sum\u00e9 com programa\u00e7\u00e3o especial e show de humor - Not&iacute;cias em Destaque","og_description":"A Coordena\u00e7\u00e3o do Curso de Engenharia de Produ\u00e7\u00e3o do Campus da Universidade Federal de Campina Grande em Sum\u00e9 estar\u00e1 realizando na pr\u00f3xima quinta-feira (07) as comemora\u00e7\u00f5es alusivas ao dia do Engenheiro de Produ\u00e7\u00e3o. Em contato com o Portal Para\u00edba Mix, o coordenador do curso, Professor Daniel Farias disse que essa programa\u00e7\u00e3o \u00e9 voltada para os alunos, ex-alunos e engenheiros que quiserem participar do momento. Uma programa\u00e7\u00e3o foi preparada iniciando as 14:00 horas com Mesa Redonda que discutir\u00e1 o dia a dia do engenheiro de produ\u00e7\u00e3o. A partir das 15:00 horas acontecer\u00e1 uma exposi\u00e7\u00e3o de projetos integradores do curso. De acordo com Daniel, a programa\u00e7\u00e3o se estende pela noite a partir das 19:00 horas com o show Stand Up Comedy do humorista Ademar Neto, uma revela\u00e7\u00e3o do humor no Estado da Para\u00edba. A programa\u00e7\u00e3o se encerra com uma solenidade de premia\u00e7\u00e3o.","og_url":"https:\/\/noticiasemdestaque.com\/cd\/?p=6477","og_site_name":"Not&iacute;cias em Destaque","article_published_time":"2017-12-06T10:47:52+00:00","og_image":[{"width":960,"height":639,"url":"https:\/\/noticiasemdestaque.com\/cd\/wp-content\/uploads\/2017\/12\/ademar.jpg","type":"image\/jpeg"}],"author":"Not\u00edcias em Destaque","twitter_card":"summary_large_image","twitter_misc":{"Escrito por":"Not\u00edcias em Destaque","Est. tempo de leitura":"1 minuto"},"schema":{"@context":"https:\/\/schema.org","@graph":[{"@type":"Article","@id":"https:\/\/noticiasemdestaque.com\/cd\/?p=6477#article","isPartOf":{"@id":"https:\/\/noticiasemdestaque.com\/cd\/?p=6477"},"author":{"name":"Not\u00edcias em Destaque","@id":"https:\/\/noticiasemdestaque.com\/cd\/#\/schema\/person\/47f7d4f55eec17c6b2ca036c5500f6ce"},"headline":"Dia do Engenheiro de produ\u00e7\u00e3o ser\u00e1 comemorado na UFCG Sum\u00e9 com programa\u00e7\u00e3o especial e show de humor","datePublished":"2017-12-06T10:47:52+00:00","mainEntityOfPage":{"@id":"https:\/\/noticiasemdestaque.com\/cd\/?p=6477"},"wordCount":169,"publisher":{"@id":"https:\/\/noticiasemdestaque.com\/cd\/#organization"},"image":{"@id":"https:\/\/noticiasemdestaque.com\/cd\/?p=6477#primaryimage"},"thumbnailUrl":"https:\/\/noticiasemdestaque.com\/cd\/wp-content\/uploads\/2017\/12\/ademar.jpg","articleSection":["Educa\u00e7\u00e3o"],"inLanguage":"pt-BR"},{"@type":"WebPage","@id":"https:\/\/noticiasemdestaque.com\/cd\/?p=6477","url":"https:\/\/noticiasemdestaque.com\/cd\/?p=6477","name":"Dia do Engenheiro de produ\u00e7\u00e3o ser\u00e1 comemorado na UFCG Sum\u00e9 com programa\u00e7\u00e3o especial e show de humor - Not&iacute;cias em Destaque","isPartOf":{"@id":"https:\/\/noticiasemdestaque.com\/cd\/#website"},"primaryImageOfPage":{"@id":"https:\/\/noticiasemdestaque.com\/cd\/?p=6477#primaryimage"},"image":{"@id":"https:\/\/noticiasemdestaque.com\/cd\/?p=6477#primaryimage"},"thumbnailUrl":"https:\/\/noticiasemdestaque.com\/cd\/wp-content\/uploads\/2017\/12\/ademar.jpg","datePublished":"2017-12-06T10:47:52+00:00","breadcrumb":{"@id":"https:\/\/noticiasemdestaque.com\/cd\/?p=6477#breadcrumb"},"inLanguage":"pt-BR","potentialAction":[{"@type":"ReadAction","target":["https:\/\/noticiasemdestaque.com\/cd\/?p=6477"]}]},{"@type":"ImageObject","inLanguage":"pt-BR","@id":"https:\/\/noticiasemdestaque.com\/cd\/?p=6477#primaryimage","url":"https:\/\/noticiasemdestaque.com\/cd\/wp-content\/uploads\/2017\/12\/ademar.jpg","contentUrl":"https:\/\/noticiasemdestaque.com\/cd\/wp-content\/uploads\/2017\/12\/ademar.jpg","width":960,"height":639},{"@type":"BreadcrumbList","@id":"https:\/\/noticiasemdestaque.com\/cd\/?p=6477#breadcrumb","itemListElement":[{"@type":"ListItem","position":1,"name":"In\u00edcio","item":"https:\/\/noticiasemdestaque.com\/cd\/"},{"@type":"ListItem","position":2,"name":"Dia do Engenheiro de produ\u00e7\u00e3o ser\u00e1 comemorado na UFCG Sum\u00e9 com programa\u00e7\u00e3o especial e show de humor"}]},{"@type":"WebSite","@id":"https:\/\/noticiasemdestaque.com\/cd\/#website","url":"https:\/\/noticiasemdestaque.com\/cd\/","name":"Not&iacute;cias em Destaque","description":"","publisher":{"@id":"https:\/\/noticiasemdestaque.com\/cd\/#organization"},"potentialAction":[{"@type":"SearchAction","target":{"@type":"EntryPoint","urlTemplate":"https:\/\/noticiasemdestaque.com\/cd\/?s={search_term_string}"},"query-input":{"@type":"PropertyValueSpecification","valueRequired":true,"valueName":"search_term_string"}}],"inLanguage":"pt-BR"},{"@type":"Organization","@id":"https:\/\/noticiasemdestaque.com\/cd\/#organization","name":"Not\u00edcias em Destaque","url":"https:\/\/noticiasemdestaque.com\/cd\/","logo":{"@type":"ImageObject","inLanguage":"pt-BR","@id":"https:\/\/noticiasemdestaque.com\/cd\/#\/schema\/logo\/image\/","url":"https:\/\/noticiasemdestaque.com\/cd\/wp-content\/uploads\/2022\/05\/imagem-base-noticiasemdestaque.png","contentUrl":"https:\/\/noticiasemdestaque.com\/cd\/wp-content\/uploads\/2022\/05\/imagem-base-noticiasemdestaque.png","width":1200,"height":630,"caption":"Not\u00edcias em Destaque"},"image":{"@id":"https:\/\/noticiasemdestaque.com\/cd\/#\/schema\/logo\/image\/"}},{"@type":"Person","@id":"https:\/\/noticiasemdestaque.com\/cd\/#\/schema\/person\/47f7d4f55eec17c6b2ca036c5500f6ce","name":"Not\u00edcias em Destaque","url":"https:\/\/noticiasemdestaque.com\/cd\/?author=2"}]}},"jetpack_featured_media_url":"https:\/\/noticiasemdestaque.com\/cd\/wp-content\/uploads\/2017\/12\/ademar.jpg","jetpack_sharing_enabled":true,"_links":{"self":[{"href":"https:\/\/noticiasemdestaque.com\/cd\/index.php?rest_route=\/wp\/v2\/posts\/6477","targetHints":{"allow":["GET"]}}],"collection":[{"href":"https:\/\/noticiasemdestaque.com\/cd\/index.php?rest_route=\/wp\/v2\/posts"}],"about":[{"href":"https:\/\/noticiasemdestaque.com\/cd\/index.php?rest_route=\/wp\/v2\/types\/post"}],"author":[{"embeddable":true,"href":"https:\/\/noticiasemdestaque.com\/cd\/index.php?rest_route=\/wp\/v2\/users\/2"}],"replies":[{"embeddable":true,"href":"https:\/\/noticiasemdestaque.com\/cd\/index.php?rest_route=%2Fwp%2Fv2%2Fcomments&post=6477"}],"version-history":[{"count":1,"href":"https:\/\/noticiasemdestaque.com\/cd\/index.php?rest_route=\/wp\/v2\/posts\/6477\/revisions"}],"predecessor-version":[{"id":6479,"href":"https:\/\/noticiasemdestaque.com\/cd\/index.php?rest_route=\/wp\/v2\/posts\/6477\/revisions\/6479"}],"wp:featuredmedia":[{"embeddable":true,"href":"https:\/\/noticiasemdestaque.com\/cd\/index.php?rest_route=\/wp\/v2\/media\/6478"}],"wp:attachment":[{"href":"https:\/\/noticiasemdestaque.com\/cd\/index.php?rest_route=%2Fwp%2Fv2%2Fmedia&parent=6477"}],"wp:term":[{"taxonomy":"category","embeddable":true,"href":"https:\/\/noticiasemdestaque.com\/cd\/index.php?rest_route=%2Fwp%2Fv2%2Fcategories&post=6477"},{"taxonomy":"post_tag","embeddable":true,"href":"https:\/\/noticiasemdestaque.com\/cd\/index.php?rest_route=%2Fwp%2Fv2%2Ftags&post=6477"}],"curies":[{"name":"wp","href":"https:\/\/api.w.org\/{rel}","templated":true}]}}