{"id":6473,"date":"2017-12-06T07:20:12","date_gmt":"2017-12-06T10:20:12","guid":{"rendered":"http:\/\/caririemdestaque.com\/cd\/?p=6473"},"modified":"2017-12-06T07:25:53","modified_gmt":"2017-12-06T10:25:53","slug":"6473","status":"publish","type":"post","link":"https:\/\/noticiasemdestaque.com\/cd\/?p=6473","title":{"rendered":"Abertas as matr\u00edculas para programa Projovem Campo em Sum\u00e9"},"content":{"rendered":"<div><a class=\"group1 cboxElement\" title=\"\" href=\"http:\/\/www.vitrinedocariri.com.br\/noticias\/05122017211039.jpg\"><img decoding=\"async\" id=\"fot\" class=\"alignleft\" src=\"http:\/\/www.vitrinedocariri.com.br\/noticias\/05122017211039.jpg\" alt=\"\" width=\"285\" height=\"150\" \/><\/a><small><\/small><\/div>\n<div id=\"texto\">\n<p>\u00a0A Secretaria de Educa\u00e7\u00e3o de Sum\u00e9 comunica que j\u00e1 est\u00e3o abertas as matr\u00edculas para o Projovem Campo \u2013 Saberes da Terra.<\/p>\n<div>Os interessados em participar do Programa devem ter entre 18 e 29 anos e n\u00e3o ter terminado o ensino fundamental.<\/div>\n<div><\/div>\n<div>As matr\u00edculas est\u00e3o sendo feitas na Secretaria de Educa\u00e7\u00e3o de Sum\u00e9 e para a sua realiza\u00e7\u00e3o \u00e9 necess\u00e1rio levar xerox do:<\/div>\n<div><\/div>\n<div>&#8211; RG;<\/div>\n<div><\/div>\n<div>&#8211; CPF;<\/div>\n<div><\/div>\n<div>&#8211; Comprovante de resid\u00eancia;<\/div>\n<div><\/div>\n<div>&#8211; Hist\u00f3rico escolar;<\/div>\n<div><\/div>\n<div>&#8211; Duas fotos 3&#215;4.<\/div>\n<div><\/div>\n<div>As matr\u00edculas seguem at\u00e9 25 de fevereiro de 2018.<\/div>\n<div><\/div>\n<div>Fonte: Ascom<\/div>\n<\/div>\n","protected":false},"excerpt":{"rendered":"<p>\u00a0A Secretaria de Educa\u00e7\u00e3o de Sum\u00e9 comunica que j\u00e1 est\u00e3o abertas as matr\u00edculas para o Projovem Campo \u2013 Saberes da Terra. Os interessados em participar do Programa devem ter entre 18 e 29 anos e n\u00e3o ter terminado o ensino fundamental. As matr\u00edculas est\u00e3o sendo feitas na Secretaria de Educa\u00e7\u00e3o de Sum\u00e9 e para a sua realiza\u00e7\u00e3o \u00e9 necess\u00e1rio levar xerox do: &#8211; RG; &#8211; CPF; &#8211; Comprovante de resid\u00eancia; &#8211; Hist\u00f3rico escolar; &#8211; Duas fotos 3&#215;4. As matr\u00edculas seguem at\u00e9 25 de fevereiro de 2018. Fonte: Ascom<\/p>\n","protected":false},"author":2,"featured_media":6474,"comment_status":"closed","ping_status":"open","sticky":false,"template":"","format":"standard","meta":{"_eb_attr":"","_jetpack_memberships_contains_paid_content":false,"footnotes":""},"categories":[3],"tags":[],"class_list":["post-6473","post","type-post","status-publish","format-standard","has-post-thumbnail","hentry","category-cidades"],"yoast_head":"<!-- This site is optimized with the Yoast SEO plugin v26.5 - https:\/\/yoast.com\/wordpress\/plugins\/seo\/ -->\n<title>Abertas as matr\u00edculas para programa Projovem Campo em Sum\u00e9 - Not&iacute;cias em Destaque<\/title>\n<meta name=\"robots\" content=\"index, follow, max-snippet:-1, max-image-preview:large, max-video-preview:-1\" \/>\n<link rel=\"canonical\" href=\"https:\/\/noticiasemdestaque.com\/cd\/?p=6473\" \/>\n<meta property=\"og:locale\" content=\"pt_BR\" \/>\n<meta property=\"og:type\" content=\"article\" \/>\n<meta property=\"og:title\" content=\"Abertas as matr\u00edculas para programa Projovem Campo em Sum\u00e9 - Not&iacute;cias em Destaque\" \/>\n<meta property=\"og:description\" content=\"\u00a0A Secretaria de Educa\u00e7\u00e3o de Sum\u00e9 comunica que j\u00e1 est\u00e3o abertas as matr\u00edculas para o Projovem Campo \u2013 Saberes da Terra. Os interessados em participar do Programa devem ter entre 18 e 29 anos e n\u00e3o ter terminado o ensino fundamental. As matr\u00edculas est\u00e3o sendo feitas na Secretaria de Educa\u00e7\u00e3o de Sum\u00e9 e para a sua realiza\u00e7\u00e3o \u00e9 necess\u00e1rio levar xerox do: &#8211; RG; &#8211; CPF; &#8211; Comprovante de resid\u00eancia; &#8211; Hist\u00f3rico escolar; &#8211; Duas fotos 3&#215;4. As matr\u00edculas seguem at\u00e9 25 de fevereiro de 2018. Fonte: Ascom\" \/>\n<meta property=\"og:url\" content=\"https:\/\/noticiasemdestaque.com\/cd\/?p=6473\" \/>\n<meta property=\"og:site_name\" content=\"Not&iacute;cias em Destaque\" \/>\n<meta property=\"article:published_time\" content=\"2017-12-06T10:20:12+00:00\" \/>\n<meta property=\"article:modified_time\" content=\"2017-12-06T10:25:53+00:00\" \/>\n<meta property=\"og:image\" content=\"https:\/\/noticiasemdestaque.com\/cd\/wp-content\/uploads\/2017\/12\/05122017211039.jpg\" \/>\n\t<meta property=\"og:image:width\" content=\"529\" \/>\n\t<meta property=\"og:image:height\" content=\"278\" \/>\n\t<meta property=\"og:image:type\" content=\"image\/jpeg\" \/>\n<meta name=\"author\" content=\"Not\u00edcias em Destaque\" \/>\n<meta name=\"twitter:card\" content=\"summary_large_image\" \/>\n<meta name=\"twitter:label1\" content=\"Escrito por\" \/>\n\t<meta name=\"twitter:data1\" content=\"Not\u00edcias em Destaque\" \/>\n<script type=\"application\/ld+json\" class=\"yoast-schema-graph\">{\"@context\":\"https:\/\/schema.org\",\"@graph\":[{\"@type\":\"Article\",\"@id\":\"https:\/\/noticiasemdestaque.com\/cd\/?p=6473#article\",\"isPartOf\":{\"@id\":\"https:\/\/noticiasemdestaque.com\/cd\/?p=6473\"},\"author\":{\"name\":\"Not\u00edcias em Destaque\",\"@id\":\"https:\/\/noticiasemdestaque.com\/cd\/#\/schema\/person\/47f7d4f55eec17c6b2ca036c5500f6ce\"},\"headline\":\"Abertas as matr\u00edculas para programa Projovem Campo em Sum\u00e9\",\"datePublished\":\"2017-12-06T10:20:12+00:00\",\"dateModified\":\"2017-12-06T10:25:53+00:00\",\"mainEntityOfPage\":{\"@id\":\"https:\/\/noticiasemdestaque.com\/cd\/?p=6473\"},\"wordCount\":104,\"publisher\":{\"@id\":\"https:\/\/noticiasemdestaque.com\/cd\/#organization\"},\"image\":{\"@id\":\"https:\/\/noticiasemdestaque.com\/cd\/?p=6473#primaryimage\"},\"thumbnailUrl\":\"https:\/\/noticiasemdestaque.com\/cd\/wp-content\/uploads\/2017\/12\/05122017211039.jpg\",\"articleSection\":[\"Cidades\"],\"inLanguage\":\"pt-BR\"},{\"@type\":\"WebPage\",\"@id\":\"https:\/\/noticiasemdestaque.com\/cd\/?p=6473\",\"url\":\"https:\/\/noticiasemdestaque.com\/cd\/?p=6473\",\"name\":\"Abertas as matr\u00edculas para programa Projovem Campo em Sum\u00e9 - Not&iacute;cias em Destaque\",\"isPartOf\":{\"@id\":\"https:\/\/noticiasemdestaque.com\/cd\/#website\"},\"primaryImageOfPage\":{\"@id\":\"https:\/\/noticiasemdestaque.com\/cd\/?p=6473#primaryimage\"},\"image\":{\"@id\":\"https:\/\/noticiasemdestaque.com\/cd\/?p=6473#primaryimage\"},\"thumbnailUrl\":\"https:\/\/noticiasemdestaque.com\/cd\/wp-content\/uploads\/2017\/12\/05122017211039.jpg\",\"datePublished\":\"2017-12-06T10:20:12+00:00\",\"dateModified\":\"2017-12-06T10:25:53+00:00\",\"breadcrumb\":{\"@id\":\"https:\/\/noticiasemdestaque.com\/cd\/?p=6473#breadcrumb\"},\"inLanguage\":\"pt-BR\",\"potentialAction\":[{\"@type\":\"ReadAction\",\"target\":[\"https:\/\/noticiasemdestaque.com\/cd\/?p=6473\"]}]},{\"@type\":\"ImageObject\",\"inLanguage\":\"pt-BR\",\"@id\":\"https:\/\/noticiasemdestaque.com\/cd\/?p=6473#primaryimage\",\"url\":\"https:\/\/noticiasemdestaque.com\/cd\/wp-content\/uploads\/2017\/12\/05122017211039.jpg\",\"contentUrl\":\"https:\/\/noticiasemdestaque.com\/cd\/wp-content\/uploads\/2017\/12\/05122017211039.jpg\",\"width\":529,\"height\":278},{\"@type\":\"BreadcrumbList\",\"@id\":\"https:\/\/noticiasemdestaque.com\/cd\/?p=6473#breadcrumb\",\"itemListElement\":[{\"@type\":\"ListItem\",\"position\":1,\"name\":\"In\u00edcio\",\"item\":\"https:\/\/noticiasemdestaque.com\/cd\/\"},{\"@type\":\"ListItem\",\"position\":2,\"name\":\"Abertas as matr\u00edculas para programa Projovem Campo em Sum\u00e9\"}]},{\"@type\":\"WebSite\",\"@id\":\"https:\/\/noticiasemdestaque.com\/cd\/#website\",\"url\":\"https:\/\/noticiasemdestaque.com\/cd\/\",\"name\":\"Not&iacute;cias em Destaque\",\"description\":\"\",\"publisher\":{\"@id\":\"https:\/\/noticiasemdestaque.com\/cd\/#organization\"},\"potentialAction\":[{\"@type\":\"SearchAction\",\"target\":{\"@type\":\"EntryPoint\",\"urlTemplate\":\"https:\/\/noticiasemdestaque.com\/cd\/?s={search_term_string}\"},\"query-input\":{\"@type\":\"PropertyValueSpecification\",\"valueRequired\":true,\"valueName\":\"search_term_string\"}}],\"inLanguage\":\"pt-BR\"},{\"@type\":\"Organization\",\"@id\":\"https:\/\/noticiasemdestaque.com\/cd\/#organization\",\"name\":\"Not\u00edcias em Destaque\",\"url\":\"https:\/\/noticiasemdestaque.com\/cd\/\",\"logo\":{\"@type\":\"ImageObject\",\"inLanguage\":\"pt-BR\",\"@id\":\"https:\/\/noticiasemdestaque.com\/cd\/#\/schema\/logo\/image\/\",\"url\":\"https:\/\/noticiasemdestaque.com\/cd\/wp-content\/uploads\/2022\/05\/imagem-base-noticiasemdestaque.png\",\"contentUrl\":\"https:\/\/noticiasemdestaque.com\/cd\/wp-content\/uploads\/2022\/05\/imagem-base-noticiasemdestaque.png\",\"width\":1200,\"height\":630,\"caption\":\"Not\u00edcias em Destaque\"},\"image\":{\"@id\":\"https:\/\/noticiasemdestaque.com\/cd\/#\/schema\/logo\/image\/\"}},{\"@type\":\"Person\",\"@id\":\"https:\/\/noticiasemdestaque.com\/cd\/#\/schema\/person\/47f7d4f55eec17c6b2ca036c5500f6ce\",\"name\":\"Not\u00edcias em Destaque\",\"url\":\"https:\/\/noticiasemdestaque.com\/cd\/?author=2\"}]}<\/script>\n<!-- \/ Yoast SEO plugin. -->","yoast_head_json":{"title":"Abertas as matr\u00edculas para programa Projovem Campo em Sum\u00e9 - Not&iacute;cias em Destaque","robots":{"index":"index","follow":"follow","max-snippet":"max-snippet:-1","max-image-preview":"max-image-preview:large","max-video-preview":"max-video-preview:-1"},"canonical":"https:\/\/noticiasemdestaque.com\/cd\/?p=6473","og_locale":"pt_BR","og_type":"article","og_title":"Abertas as matr\u00edculas para programa Projovem Campo em Sum\u00e9 - Not&iacute;cias em Destaque","og_description":"\u00a0A Secretaria de Educa\u00e7\u00e3o de Sum\u00e9 comunica que j\u00e1 est\u00e3o abertas as matr\u00edculas para o Projovem Campo \u2013 Saberes da Terra. Os interessados em participar do Programa devem ter entre 18 e 29 anos e n\u00e3o ter terminado o ensino fundamental. As matr\u00edculas est\u00e3o sendo feitas na Secretaria de Educa\u00e7\u00e3o de Sum\u00e9 e para a sua realiza\u00e7\u00e3o \u00e9 necess\u00e1rio levar xerox do: &#8211; RG; &#8211; CPF; &#8211; Comprovante de resid\u00eancia; &#8211; Hist\u00f3rico escolar; &#8211; Duas fotos 3&#215;4. As matr\u00edculas seguem at\u00e9 25 de fevereiro de 2018. Fonte: Ascom","og_url":"https:\/\/noticiasemdestaque.com\/cd\/?p=6473","og_site_name":"Not&iacute;cias em Destaque","article_published_time":"2017-12-06T10:20:12+00:00","article_modified_time":"2017-12-06T10:25:53+00:00","og_image":[{"width":529,"height":278,"url":"https:\/\/noticiasemdestaque.com\/cd\/wp-content\/uploads\/2017\/12\/05122017211039.jpg","type":"image\/jpeg"}],"author":"Not\u00edcias em Destaque","twitter_card":"summary_large_image","twitter_misc":{"Escrito por":"Not\u00edcias em Destaque"},"schema":{"@context":"https:\/\/schema.org","@graph":[{"@type":"Article","@id":"https:\/\/noticiasemdestaque.com\/cd\/?p=6473#article","isPartOf":{"@id":"https:\/\/noticiasemdestaque.com\/cd\/?p=6473"},"author":{"name":"Not\u00edcias em Destaque","@id":"https:\/\/noticiasemdestaque.com\/cd\/#\/schema\/person\/47f7d4f55eec17c6b2ca036c5500f6ce"},"headline":"Abertas as matr\u00edculas para programa Projovem Campo em Sum\u00e9","datePublished":"2017-12-06T10:20:12+00:00","dateModified":"2017-12-06T10:25:53+00:00","mainEntityOfPage":{"@id":"https:\/\/noticiasemdestaque.com\/cd\/?p=6473"},"wordCount":104,"publisher":{"@id":"https:\/\/noticiasemdestaque.com\/cd\/#organization"},"image":{"@id":"https:\/\/noticiasemdestaque.com\/cd\/?p=6473#primaryimage"},"thumbnailUrl":"https:\/\/noticiasemdestaque.com\/cd\/wp-content\/uploads\/2017\/12\/05122017211039.jpg","articleSection":["Cidades"],"inLanguage":"pt-BR"},{"@type":"WebPage","@id":"https:\/\/noticiasemdestaque.com\/cd\/?p=6473","url":"https:\/\/noticiasemdestaque.com\/cd\/?p=6473","name":"Abertas as matr\u00edculas para programa Projovem Campo em Sum\u00e9 - Not&iacute;cias em Destaque","isPartOf":{"@id":"https:\/\/noticiasemdestaque.com\/cd\/#website"},"primaryImageOfPage":{"@id":"https:\/\/noticiasemdestaque.com\/cd\/?p=6473#primaryimage"},"image":{"@id":"https:\/\/noticiasemdestaque.com\/cd\/?p=6473#primaryimage"},"thumbnailUrl":"https:\/\/noticiasemdestaque.com\/cd\/wp-content\/uploads\/2017\/12\/05122017211039.jpg","datePublished":"2017-12-06T10:20:12+00:00","dateModified":"2017-12-06T10:25:53+00:00","breadcrumb":{"@id":"https:\/\/noticiasemdestaque.com\/cd\/?p=6473#breadcrumb"},"inLanguage":"pt-BR","potentialAction":[{"@type":"ReadAction","target":["https:\/\/noticiasemdestaque.com\/cd\/?p=6473"]}]},{"@type":"ImageObject","inLanguage":"pt-BR","@id":"https:\/\/noticiasemdestaque.com\/cd\/?p=6473#primaryimage","url":"https:\/\/noticiasemdestaque.com\/cd\/wp-content\/uploads\/2017\/12\/05122017211039.jpg","contentUrl":"https:\/\/noticiasemdestaque.com\/cd\/wp-content\/uploads\/2017\/12\/05122017211039.jpg","width":529,"height":278},{"@type":"BreadcrumbList","@id":"https:\/\/noticiasemdestaque.com\/cd\/?p=6473#breadcrumb","itemListElement":[{"@type":"ListItem","position":1,"name":"In\u00edcio","item":"https:\/\/noticiasemdestaque.com\/cd\/"},{"@type":"ListItem","position":2,"name":"Abertas as matr\u00edculas para programa Projovem Campo em Sum\u00e9"}]},{"@type":"WebSite","@id":"https:\/\/noticiasemdestaque.com\/cd\/#website","url":"https:\/\/noticiasemdestaque.com\/cd\/","name":"Not&iacute;cias em Destaque","description":"","publisher":{"@id":"https:\/\/noticiasemdestaque.com\/cd\/#organization"},"potentialAction":[{"@type":"SearchAction","target":{"@type":"EntryPoint","urlTemplate":"https:\/\/noticiasemdestaque.com\/cd\/?s={search_term_string}"},"query-input":{"@type":"PropertyValueSpecification","valueRequired":true,"valueName":"search_term_string"}}],"inLanguage":"pt-BR"},{"@type":"Organization","@id":"https:\/\/noticiasemdestaque.com\/cd\/#organization","name":"Not\u00edcias em Destaque","url":"https:\/\/noticiasemdestaque.com\/cd\/","logo":{"@type":"ImageObject","inLanguage":"pt-BR","@id":"https:\/\/noticiasemdestaque.com\/cd\/#\/schema\/logo\/image\/","url":"https:\/\/noticiasemdestaque.com\/cd\/wp-content\/uploads\/2022\/05\/imagem-base-noticiasemdestaque.png","contentUrl":"https:\/\/noticiasemdestaque.com\/cd\/wp-content\/uploads\/2022\/05\/imagem-base-noticiasemdestaque.png","width":1200,"height":630,"caption":"Not\u00edcias em Destaque"},"image":{"@id":"https:\/\/noticiasemdestaque.com\/cd\/#\/schema\/logo\/image\/"}},{"@type":"Person","@id":"https:\/\/noticiasemdestaque.com\/cd\/#\/schema\/person\/47f7d4f55eec17c6b2ca036c5500f6ce","name":"Not\u00edcias em Destaque","url":"https:\/\/noticiasemdestaque.com\/cd\/?author=2"}]}},"jetpack_featured_media_url":"https:\/\/noticiasemdestaque.com\/cd\/wp-content\/uploads\/2017\/12\/05122017211039.jpg","jetpack_sharing_enabled":true,"_links":{"self":[{"href":"https:\/\/noticiasemdestaque.com\/cd\/index.php?rest_route=\/wp\/v2\/posts\/6473","targetHints":{"allow":["GET"]}}],"collection":[{"href":"https:\/\/noticiasemdestaque.com\/cd\/index.php?rest_route=\/wp\/v2\/posts"}],"about":[{"href":"https:\/\/noticiasemdestaque.com\/cd\/index.php?rest_route=\/wp\/v2\/types\/post"}],"author":[{"embeddable":true,"href":"https:\/\/noticiasemdestaque.com\/cd\/index.php?rest_route=\/wp\/v2\/users\/2"}],"replies":[{"embeddable":true,"href":"https:\/\/noticiasemdestaque.com\/cd\/index.php?rest_route=%2Fwp%2Fv2%2Fcomments&post=6473"}],"version-history":[{"count":2,"href":"https:\/\/noticiasemdestaque.com\/cd\/index.php?rest_route=\/wp\/v2\/posts\/6473\/revisions"}],"predecessor-version":[{"id":6476,"href":"https:\/\/noticiasemdestaque.com\/cd\/index.php?rest_route=\/wp\/v2\/posts\/6473\/revisions\/6476"}],"wp:featuredmedia":[{"embeddable":true,"href":"https:\/\/noticiasemdestaque.com\/cd\/index.php?rest_route=\/wp\/v2\/media\/6474"}],"wp:attachment":[{"href":"https:\/\/noticiasemdestaque.com\/cd\/index.php?rest_route=%2Fwp%2Fv2%2Fmedia&parent=6473"}],"wp:term":[{"taxonomy":"category","embeddable":true,"href":"https:\/\/noticiasemdestaque.com\/cd\/index.php?rest_route=%2Fwp%2Fv2%2Fcategories&post=6473"},{"taxonomy":"post_tag","embeddable":true,"href":"https:\/\/noticiasemdestaque.com\/cd\/index.php?rest_route=%2Fwp%2Fv2%2Ftags&post=6473"}],"curies":[{"name":"wp","href":"https:\/\/api.w.org\/{rel}","templated":true}]}}