{"id":6458,"date":"2017-12-05T07:24:24","date_gmt":"2017-12-05T10:24:24","guid":{"rendered":"http:\/\/caririemdestaque.com\/cd\/?p=6458"},"modified":"2017-12-05T07:24:24","modified_gmt":"2017-12-05T10:24:24","slug":"gas-de-cozinha-vai-ser-reajustado-em-89-e-preco-do-botijao-pode-chegar-a-r-70-na-paraiba","status":"publish","type":"post","link":"https:\/\/noticiasemdestaque.com\/cd\/?p=6458","title":{"rendered":"G\u00e1s de cozinha vai ser reajustado em 8,9% e pre\u00e7o do botij\u00e3o pode chegar a R$ 70 na Para\u00edba"},"content":{"rendered":"<p><a href=\"http:\/\/www.focandoanoticia.com.br\/wp-content\/uploads\/2017\/12\/gas_de_cozinha.jpg\"><img fetchpriority=\"high\" decoding=\"async\" class=\"alignleft size-medium wp-image-237215\" src=\"http:\/\/www.focandoanoticia.com.br\/wp-content\/uploads\/2017\/12\/gas_de_cozinha-300x200.jpg\" sizes=\"(max-width: 300px) 100vw, 300px\" srcset=\"http:\/\/www.focandoanoticia.com.br\/wp-content\/uploads\/2017\/12\/gas_de_cozinha-300x200.jpg 300w, http:\/\/www.focandoanoticia.com.br\/wp-content\/uploads\/2017\/12\/gas_de_cozinha-768x513.jpg 768w, http:\/\/www.focandoanoticia.com.br\/wp-content\/uploads\/2017\/12\/gas_de_cozinha.jpg 876w\" alt=\"\" width=\"300\" height=\"200\" data-id=\"237215\" \/><\/a>O g\u00e1s de cozinha vai sofrer um reajuste de 8,9% em m\u00e9dia. O aumento, que foi anunciado nesta segunda-feira (4) pela Petrobr\u00e1s, e come\u00e7a a valer j\u00e1 nesta ter\u00e7a-feira (5).<\/p>\n<p>O aumento, que pode e elevar o pre\u00e7o do botij\u00e3o de 13 kg na Para\u00edba para R$ 70, foi provocado pela alta das cota\u00e7\u00f5es do produto nos mercados internacionais.<\/p>\n<p>O \u00faltimo aumento no pre\u00e7o do g\u00e1s de cozinha foi no dia 5 de novembro.<\/p>\n<p>Em sua p\u00e1gina na Internet, a Petrobras informa que o \u2018g\u00e1s liquefeito de petr\u00f3leo envasado em botij\u00f5es de at\u00e9 13 kg e de uso residencial (GLP-P13) comercializado \u00e0s distribuidoras tem o pre\u00e7o de venda \u00e0s distribuidoras formado pela m\u00e9dia mensal das cota\u00e7\u00f5es do butano e do propano no mercado europeu (\u201cButane NWE CIF ARA\u201de \u201cPropane NWE CIF ARA\u201d) convertida em reais pela m\u00e9dia di\u00e1ria das cota\u00e7\u00f5es de venda do d\u00f3lar, conforme divulgada pelo Banco Central, acrescida de uma margem de 5%. Os ajustes de pre\u00e7os do GLP-13 ocorrem mensalmente\u2019.<\/p>\n<p>Fonte: Clickpb<\/p>\n","protected":false},"excerpt":{"rendered":"<p>O g\u00e1s de cozinha vai sofrer um reajuste de 8,9% em m\u00e9dia. O aumento, que foi anunciado nesta segunda-feira (4) pela Petrobr\u00e1s, e come\u00e7a a valer j\u00e1 nesta ter\u00e7a-feira (5). O aumento, que pode e elevar o pre\u00e7o do botij\u00e3o de 13 kg na Para\u00edba para R$ 70, foi provocado pela alta das cota\u00e7\u00f5es do produto nos mercados internacionais. O \u00faltimo aumento no pre\u00e7o do g\u00e1s de cozinha foi no dia 5 de novembro. Em sua p\u00e1gina na Internet, a Petrobras informa que o \u2018g\u00e1s liquefeito de petr\u00f3leo envasado em botij\u00f5es de at\u00e9 13 kg e de uso residencial (GLP-P13) comercializado \u00e0s distribuidoras tem o pre\u00e7o de venda \u00e0s distribuidoras formado pela m\u00e9dia mensal das cota\u00e7\u00f5es do butano e do propano no mercado europeu (\u201cButane NWE CIF ARA\u201de \u201cPropane NWE CIF ARA\u201d) convertida em reais pela m\u00e9dia di\u00e1ria das cota\u00e7\u00f5es de venda do d\u00f3lar, conforme divulgada pelo Banco Central, acrescida de uma margem de 5%. Os ajustes de pre\u00e7os do GLP-13 ocorrem mensalmente\u2019. Fonte: Clickpb<\/p>\n","protected":false},"author":2,"featured_media":6459,"comment_status":"closed","ping_status":"open","sticky":false,"template":"","format":"standard","meta":{"_eb_attr":"","_jetpack_memberships_contains_paid_content":false,"footnotes":""},"categories":[11],"tags":[],"class_list":["post-6458","post","type-post","status-publish","format-standard","has-post-thumbnail","hentry","category-economia"],"yoast_head":"<!-- This site is optimized with the Yoast SEO plugin v26.5 - https:\/\/yoast.com\/wordpress\/plugins\/seo\/ -->\n<title>G\u00e1s de cozinha vai ser reajustado em 8,9% e pre\u00e7o do botij\u00e3o pode chegar a R$ 70 na Para\u00edba - Not&iacute;cias em Destaque<\/title>\n<meta name=\"robots\" content=\"index, follow, max-snippet:-1, max-image-preview:large, max-video-preview:-1\" \/>\n<link rel=\"canonical\" href=\"https:\/\/noticiasemdestaque.com\/cd\/?p=6458\" \/>\n<meta property=\"og:locale\" content=\"pt_BR\" \/>\n<meta property=\"og:type\" content=\"article\" \/>\n<meta property=\"og:title\" content=\"G\u00e1s de cozinha vai ser reajustado em 8,9% e pre\u00e7o do botij\u00e3o pode chegar a R$ 70 na Para\u00edba - Not&iacute;cias em Destaque\" \/>\n<meta property=\"og:description\" content=\"O g\u00e1s de cozinha vai sofrer um reajuste de 8,9% em m\u00e9dia. O aumento, que foi anunciado nesta segunda-feira (4) pela Petrobr\u00e1s, e come\u00e7a a valer j\u00e1 nesta ter\u00e7a-feira (5). O aumento, que pode e elevar o pre\u00e7o do botij\u00e3o de 13 kg na Para\u00edba para R$ 70, foi provocado pela alta das cota\u00e7\u00f5es do produto nos mercados internacionais. O \u00faltimo aumento no pre\u00e7o do g\u00e1s de cozinha foi no dia 5 de novembro. Em sua p\u00e1gina na Internet, a Petrobras informa que o \u2018g\u00e1s liquefeito de petr\u00f3leo envasado em botij\u00f5es de at\u00e9 13 kg e de uso residencial (GLP-P13) comercializado \u00e0s distribuidoras tem o pre\u00e7o de venda \u00e0s distribuidoras formado pela m\u00e9dia mensal das cota\u00e7\u00f5es do butano e do propano no mercado europeu (\u201cButane NWE CIF ARA\u201de \u201cPropane NWE CIF ARA\u201d) convertida em reais pela m\u00e9dia di\u00e1ria das cota\u00e7\u00f5es de venda do d\u00f3lar, conforme divulgada pelo Banco Central, acrescida de uma margem de 5%. Os ajustes de pre\u00e7os do GLP-13 ocorrem mensalmente\u2019. Fonte: Clickpb\" \/>\n<meta property=\"og:url\" content=\"https:\/\/noticiasemdestaque.com\/cd\/?p=6458\" \/>\n<meta property=\"og:site_name\" content=\"Not&iacute;cias em Destaque\" \/>\n<meta property=\"article:published_time\" content=\"2017-12-05T10:24:24+00:00\" \/>\n<meta property=\"og:image\" content=\"https:\/\/noticiasemdestaque.com\/cd\/wp-content\/uploads\/2017\/12\/gas_de_cozinha-300x200.jpg\" \/>\n\t<meta property=\"og:image:width\" content=\"300\" \/>\n\t<meta property=\"og:image:height\" content=\"200\" \/>\n\t<meta property=\"og:image:type\" content=\"image\/jpeg\" \/>\n<meta name=\"author\" content=\"Not\u00edcias em Destaque\" \/>\n<meta name=\"twitter:card\" content=\"summary_large_image\" \/>\n<meta name=\"twitter:label1\" content=\"Escrito por\" \/>\n\t<meta name=\"twitter:data1\" content=\"Not\u00edcias em Destaque\" \/>\n\t<meta name=\"twitter:label2\" content=\"Est. tempo de leitura\" \/>\n\t<meta name=\"twitter:data2\" content=\"1 minuto\" \/>\n<script type=\"application\/ld+json\" class=\"yoast-schema-graph\">{\"@context\":\"https:\/\/schema.org\",\"@graph\":[{\"@type\":\"Article\",\"@id\":\"https:\/\/noticiasemdestaque.com\/cd\/?p=6458#article\",\"isPartOf\":{\"@id\":\"https:\/\/noticiasemdestaque.com\/cd\/?p=6458\"},\"author\":{\"name\":\"Not\u00edcias em Destaque\",\"@id\":\"https:\/\/noticiasemdestaque.com\/cd\/#\/schema\/person\/47f7d4f55eec17c6b2ca036c5500f6ce\"},\"headline\":\"G\u00e1s de cozinha vai ser reajustado em 8,9% e pre\u00e7o do botij\u00e3o pode chegar a R$ 70 na Para\u00edba\",\"datePublished\":\"2017-12-05T10:24:24+00:00\",\"mainEntityOfPage\":{\"@id\":\"https:\/\/noticiasemdestaque.com\/cd\/?p=6458\"},\"wordCount\":202,\"publisher\":{\"@id\":\"https:\/\/noticiasemdestaque.com\/cd\/#organization\"},\"image\":{\"@id\":\"https:\/\/noticiasemdestaque.com\/cd\/?p=6458#primaryimage\"},\"thumbnailUrl\":\"https:\/\/noticiasemdestaque.com\/cd\/wp-content\/uploads\/2017\/12\/gas_de_cozinha-300x200.jpg\",\"articleSection\":[\"Economia\"],\"inLanguage\":\"pt-BR\"},{\"@type\":\"WebPage\",\"@id\":\"https:\/\/noticiasemdestaque.com\/cd\/?p=6458\",\"url\":\"https:\/\/noticiasemdestaque.com\/cd\/?p=6458\",\"name\":\"G\u00e1s de cozinha vai ser reajustado em 8,9% e pre\u00e7o do botij\u00e3o pode chegar a R$ 70 na Para\u00edba - Not&iacute;cias em Destaque\",\"isPartOf\":{\"@id\":\"https:\/\/noticiasemdestaque.com\/cd\/#website\"},\"primaryImageOfPage\":{\"@id\":\"https:\/\/noticiasemdestaque.com\/cd\/?p=6458#primaryimage\"},\"image\":{\"@id\":\"https:\/\/noticiasemdestaque.com\/cd\/?p=6458#primaryimage\"},\"thumbnailUrl\":\"https:\/\/noticiasemdestaque.com\/cd\/wp-content\/uploads\/2017\/12\/gas_de_cozinha-300x200.jpg\",\"datePublished\":\"2017-12-05T10:24:24+00:00\",\"breadcrumb\":{\"@id\":\"https:\/\/noticiasemdestaque.com\/cd\/?p=6458#breadcrumb\"},\"inLanguage\":\"pt-BR\",\"potentialAction\":[{\"@type\":\"ReadAction\",\"target\":[\"https:\/\/noticiasemdestaque.com\/cd\/?p=6458\"]}]},{\"@type\":\"ImageObject\",\"inLanguage\":\"pt-BR\",\"@id\":\"https:\/\/noticiasemdestaque.com\/cd\/?p=6458#primaryimage\",\"url\":\"https:\/\/noticiasemdestaque.com\/cd\/wp-content\/uploads\/2017\/12\/gas_de_cozinha-300x200.jpg\",\"contentUrl\":\"https:\/\/noticiasemdestaque.com\/cd\/wp-content\/uploads\/2017\/12\/gas_de_cozinha-300x200.jpg\",\"width\":300,\"height\":200},{\"@type\":\"BreadcrumbList\",\"@id\":\"https:\/\/noticiasemdestaque.com\/cd\/?p=6458#breadcrumb\",\"itemListElement\":[{\"@type\":\"ListItem\",\"position\":1,\"name\":\"In\u00edcio\",\"item\":\"https:\/\/noticiasemdestaque.com\/cd\/\"},{\"@type\":\"ListItem\",\"position\":2,\"name\":\"G\u00e1s de cozinha vai ser reajustado em 8,9% e pre\u00e7o do botij\u00e3o pode chegar a R$ 70 na Para\u00edba\"}]},{\"@type\":\"WebSite\",\"@id\":\"https:\/\/noticiasemdestaque.com\/cd\/#website\",\"url\":\"https:\/\/noticiasemdestaque.com\/cd\/\",\"name\":\"Not&iacute;cias em Destaque\",\"description\":\"\",\"publisher\":{\"@id\":\"https:\/\/noticiasemdestaque.com\/cd\/#organization\"},\"potentialAction\":[{\"@type\":\"SearchAction\",\"target\":{\"@type\":\"EntryPoint\",\"urlTemplate\":\"https:\/\/noticiasemdestaque.com\/cd\/?s={search_term_string}\"},\"query-input\":{\"@type\":\"PropertyValueSpecification\",\"valueRequired\":true,\"valueName\":\"search_term_string\"}}],\"inLanguage\":\"pt-BR\"},{\"@type\":\"Organization\",\"@id\":\"https:\/\/noticiasemdestaque.com\/cd\/#organization\",\"name\":\"Not\u00edcias em Destaque\",\"url\":\"https:\/\/noticiasemdestaque.com\/cd\/\",\"logo\":{\"@type\":\"ImageObject\",\"inLanguage\":\"pt-BR\",\"@id\":\"https:\/\/noticiasemdestaque.com\/cd\/#\/schema\/logo\/image\/\",\"url\":\"https:\/\/noticiasemdestaque.com\/cd\/wp-content\/uploads\/2022\/05\/imagem-base-noticiasemdestaque.png\",\"contentUrl\":\"https:\/\/noticiasemdestaque.com\/cd\/wp-content\/uploads\/2022\/05\/imagem-base-noticiasemdestaque.png\",\"width\":1200,\"height\":630,\"caption\":\"Not\u00edcias em Destaque\"},\"image\":{\"@id\":\"https:\/\/noticiasemdestaque.com\/cd\/#\/schema\/logo\/image\/\"}},{\"@type\":\"Person\",\"@id\":\"https:\/\/noticiasemdestaque.com\/cd\/#\/schema\/person\/47f7d4f55eec17c6b2ca036c5500f6ce\",\"name\":\"Not\u00edcias em Destaque\",\"url\":\"https:\/\/noticiasemdestaque.com\/cd\/?author=2\"}]}<\/script>\n<!-- \/ Yoast SEO plugin. -->","yoast_head_json":{"title":"G\u00e1s de cozinha vai ser reajustado em 8,9% e pre\u00e7o do botij\u00e3o pode chegar a R$ 70 na Para\u00edba - Not&iacute;cias em Destaque","robots":{"index":"index","follow":"follow","max-snippet":"max-snippet:-1","max-image-preview":"max-image-preview:large","max-video-preview":"max-video-preview:-1"},"canonical":"https:\/\/noticiasemdestaque.com\/cd\/?p=6458","og_locale":"pt_BR","og_type":"article","og_title":"G\u00e1s de cozinha vai ser reajustado em 8,9% e pre\u00e7o do botij\u00e3o pode chegar a R$ 70 na Para\u00edba - Not&iacute;cias em Destaque","og_description":"O g\u00e1s de cozinha vai sofrer um reajuste de 8,9% em m\u00e9dia. O aumento, que foi anunciado nesta segunda-feira (4) pela Petrobr\u00e1s, e come\u00e7a a valer j\u00e1 nesta ter\u00e7a-feira (5). O aumento, que pode e elevar o pre\u00e7o do botij\u00e3o de 13 kg na Para\u00edba para R$ 70, foi provocado pela alta das cota\u00e7\u00f5es do produto nos mercados internacionais. O \u00faltimo aumento no pre\u00e7o do g\u00e1s de cozinha foi no dia 5 de novembro. Em sua p\u00e1gina na Internet, a Petrobras informa que o \u2018g\u00e1s liquefeito de petr\u00f3leo envasado em botij\u00f5es de at\u00e9 13 kg e de uso residencial (GLP-P13) comercializado \u00e0s distribuidoras tem o pre\u00e7o de venda \u00e0s distribuidoras formado pela m\u00e9dia mensal das cota\u00e7\u00f5es do butano e do propano no mercado europeu (\u201cButane NWE CIF ARA\u201de \u201cPropane NWE CIF ARA\u201d) convertida em reais pela m\u00e9dia di\u00e1ria das cota\u00e7\u00f5es de venda do d\u00f3lar, conforme divulgada pelo Banco Central, acrescida de uma margem de 5%. Os ajustes de pre\u00e7os do GLP-13 ocorrem mensalmente\u2019. Fonte: Clickpb","og_url":"https:\/\/noticiasemdestaque.com\/cd\/?p=6458","og_site_name":"Not&iacute;cias em Destaque","article_published_time":"2017-12-05T10:24:24+00:00","og_image":[{"width":300,"height":200,"url":"https:\/\/noticiasemdestaque.com\/cd\/wp-content\/uploads\/2017\/12\/gas_de_cozinha-300x200.jpg","type":"image\/jpeg"}],"author":"Not\u00edcias em Destaque","twitter_card":"summary_large_image","twitter_misc":{"Escrito por":"Not\u00edcias em Destaque","Est. tempo de leitura":"1 minuto"},"schema":{"@context":"https:\/\/schema.org","@graph":[{"@type":"Article","@id":"https:\/\/noticiasemdestaque.com\/cd\/?p=6458#article","isPartOf":{"@id":"https:\/\/noticiasemdestaque.com\/cd\/?p=6458"},"author":{"name":"Not\u00edcias em Destaque","@id":"https:\/\/noticiasemdestaque.com\/cd\/#\/schema\/person\/47f7d4f55eec17c6b2ca036c5500f6ce"},"headline":"G\u00e1s de cozinha vai ser reajustado em 8,9% e pre\u00e7o do botij\u00e3o pode chegar a R$ 70 na Para\u00edba","datePublished":"2017-12-05T10:24:24+00:00","mainEntityOfPage":{"@id":"https:\/\/noticiasemdestaque.com\/cd\/?p=6458"},"wordCount":202,"publisher":{"@id":"https:\/\/noticiasemdestaque.com\/cd\/#organization"},"image":{"@id":"https:\/\/noticiasemdestaque.com\/cd\/?p=6458#primaryimage"},"thumbnailUrl":"https:\/\/noticiasemdestaque.com\/cd\/wp-content\/uploads\/2017\/12\/gas_de_cozinha-300x200.jpg","articleSection":["Economia"],"inLanguage":"pt-BR"},{"@type":"WebPage","@id":"https:\/\/noticiasemdestaque.com\/cd\/?p=6458","url":"https:\/\/noticiasemdestaque.com\/cd\/?p=6458","name":"G\u00e1s de cozinha vai ser reajustado em 8,9% e pre\u00e7o do botij\u00e3o pode chegar a R$ 70 na Para\u00edba - Not&iacute;cias em Destaque","isPartOf":{"@id":"https:\/\/noticiasemdestaque.com\/cd\/#website"},"primaryImageOfPage":{"@id":"https:\/\/noticiasemdestaque.com\/cd\/?p=6458#primaryimage"},"image":{"@id":"https:\/\/noticiasemdestaque.com\/cd\/?p=6458#primaryimage"},"thumbnailUrl":"https:\/\/noticiasemdestaque.com\/cd\/wp-content\/uploads\/2017\/12\/gas_de_cozinha-300x200.jpg","datePublished":"2017-12-05T10:24:24+00:00","breadcrumb":{"@id":"https:\/\/noticiasemdestaque.com\/cd\/?p=6458#breadcrumb"},"inLanguage":"pt-BR","potentialAction":[{"@type":"ReadAction","target":["https:\/\/noticiasemdestaque.com\/cd\/?p=6458"]}]},{"@type":"ImageObject","inLanguage":"pt-BR","@id":"https:\/\/noticiasemdestaque.com\/cd\/?p=6458#primaryimage","url":"https:\/\/noticiasemdestaque.com\/cd\/wp-content\/uploads\/2017\/12\/gas_de_cozinha-300x200.jpg","contentUrl":"https:\/\/noticiasemdestaque.com\/cd\/wp-content\/uploads\/2017\/12\/gas_de_cozinha-300x200.jpg","width":300,"height":200},{"@type":"BreadcrumbList","@id":"https:\/\/noticiasemdestaque.com\/cd\/?p=6458#breadcrumb","itemListElement":[{"@type":"ListItem","position":1,"name":"In\u00edcio","item":"https:\/\/noticiasemdestaque.com\/cd\/"},{"@type":"ListItem","position":2,"name":"G\u00e1s de cozinha vai ser reajustado em 8,9% e pre\u00e7o do botij\u00e3o pode chegar a R$ 70 na Para\u00edba"}]},{"@type":"WebSite","@id":"https:\/\/noticiasemdestaque.com\/cd\/#website","url":"https:\/\/noticiasemdestaque.com\/cd\/","name":"Not&iacute;cias em Destaque","description":"","publisher":{"@id":"https:\/\/noticiasemdestaque.com\/cd\/#organization"},"potentialAction":[{"@type":"SearchAction","target":{"@type":"EntryPoint","urlTemplate":"https:\/\/noticiasemdestaque.com\/cd\/?s={search_term_string}"},"query-input":{"@type":"PropertyValueSpecification","valueRequired":true,"valueName":"search_term_string"}}],"inLanguage":"pt-BR"},{"@type":"Organization","@id":"https:\/\/noticiasemdestaque.com\/cd\/#organization","name":"Not\u00edcias em Destaque","url":"https:\/\/noticiasemdestaque.com\/cd\/","logo":{"@type":"ImageObject","inLanguage":"pt-BR","@id":"https:\/\/noticiasemdestaque.com\/cd\/#\/schema\/logo\/image\/","url":"https:\/\/noticiasemdestaque.com\/cd\/wp-content\/uploads\/2022\/05\/imagem-base-noticiasemdestaque.png","contentUrl":"https:\/\/noticiasemdestaque.com\/cd\/wp-content\/uploads\/2022\/05\/imagem-base-noticiasemdestaque.png","width":1200,"height":630,"caption":"Not\u00edcias em Destaque"},"image":{"@id":"https:\/\/noticiasemdestaque.com\/cd\/#\/schema\/logo\/image\/"}},{"@type":"Person","@id":"https:\/\/noticiasemdestaque.com\/cd\/#\/schema\/person\/47f7d4f55eec17c6b2ca036c5500f6ce","name":"Not\u00edcias em Destaque","url":"https:\/\/noticiasemdestaque.com\/cd\/?author=2"}]}},"jetpack_featured_media_url":"https:\/\/noticiasemdestaque.com\/cd\/wp-content\/uploads\/2017\/12\/gas_de_cozinha-300x200.jpg","jetpack_sharing_enabled":true,"_links":{"self":[{"href":"https:\/\/noticiasemdestaque.com\/cd\/index.php?rest_route=\/wp\/v2\/posts\/6458","targetHints":{"allow":["GET"]}}],"collection":[{"href":"https:\/\/noticiasemdestaque.com\/cd\/index.php?rest_route=\/wp\/v2\/posts"}],"about":[{"href":"https:\/\/noticiasemdestaque.com\/cd\/index.php?rest_route=\/wp\/v2\/types\/post"}],"author":[{"embeddable":true,"href":"https:\/\/noticiasemdestaque.com\/cd\/index.php?rest_route=\/wp\/v2\/users\/2"}],"replies":[{"embeddable":true,"href":"https:\/\/noticiasemdestaque.com\/cd\/index.php?rest_route=%2Fwp%2Fv2%2Fcomments&post=6458"}],"version-history":[{"count":1,"href":"https:\/\/noticiasemdestaque.com\/cd\/index.php?rest_route=\/wp\/v2\/posts\/6458\/revisions"}],"predecessor-version":[{"id":6460,"href":"https:\/\/noticiasemdestaque.com\/cd\/index.php?rest_route=\/wp\/v2\/posts\/6458\/revisions\/6460"}],"wp:featuredmedia":[{"embeddable":true,"href":"https:\/\/noticiasemdestaque.com\/cd\/index.php?rest_route=\/wp\/v2\/media\/6459"}],"wp:attachment":[{"href":"https:\/\/noticiasemdestaque.com\/cd\/index.php?rest_route=%2Fwp%2Fv2%2Fmedia&parent=6458"}],"wp:term":[{"taxonomy":"category","embeddable":true,"href":"https:\/\/noticiasemdestaque.com\/cd\/index.php?rest_route=%2Fwp%2Fv2%2Fcategories&post=6458"},{"taxonomy":"post_tag","embeddable":true,"href":"https:\/\/noticiasemdestaque.com\/cd\/index.php?rest_route=%2Fwp%2Fv2%2Ftags&post=6458"}],"curies":[{"name":"wp","href":"https:\/\/api.w.org\/{rel}","templated":true}]}}