{"id":6449,"date":"2017-12-04T18:10:22","date_gmt":"2017-12-04T21:10:22","guid":{"rendered":"http:\/\/caririemdestaque.com\/cd\/?p=6449"},"modified":"2017-12-04T18:10:22","modified_gmt":"2017-12-04T21:10:22","slug":"batinga-confirma-pre-candidatura-e-defende-cartaxo-para-o-governo-do-estado","status":"publish","type":"post","link":"https:\/\/noticiasemdestaque.com\/cd\/?p=6449","title":{"rendered":"Batinga confirma pr\u00e9-candidatura e defende Cartaxo para o governo do Estado"},"content":{"rendered":"<p><a href=\"http:\/\/caririemdestaque.com\/cd\/wp-content\/uploads\/2017\/12\/02122017234443.jpeg\"><img fetchpriority=\"high\" decoding=\"async\" class=\"alignleft wp-image-6450 size-medium\" src=\"http:\/\/caririemdestaque.com\/cd\/wp-content\/uploads\/2017\/12\/02122017234443-300x225.jpeg\" alt=\"\" width=\"300\" height=\"225\" srcset=\"https:\/\/noticiasemdestaque.com\/cd\/wp-content\/uploads\/2017\/12\/02122017234443-300x225.jpeg 300w, https:\/\/noticiasemdestaque.com\/cd\/wp-content\/uploads\/2017\/12\/02122017234443-640x480.jpeg 640w, https:\/\/noticiasemdestaque.com\/cd\/wp-content\/uploads\/2017\/12\/02122017234443.jpeg 720w\" sizes=\"(max-width: 300px) 100vw, 300px\" \/><\/a>O suplente de deputado estadual e Secret\u00e1rio da Prefeitura de Jo\u00e3o Pessoa, Carlos Batinga (PSC), confirmou durante entrevista neste s\u00e1bado (02), \u00e0 R\u00e1dio Serra Branca FM, que disputar\u00e1 um mandato na Assembleia Legislativa nas elei\u00e7\u00f5es estaduais de 2018.<\/p>\n<p>O ex-prefeito de Monteiro disse que \u00e9 pr\u00e9-candidato, e que caso o prefeito de Jo\u00e3o Pessoa, Luciano Cartaxo, seja realmente candidato ao governador do Estado, sua candidatura a deputado estadual estaria consolidada. Batinga ainda afirmou que tem mantido contato com sua base pol\u00edtica, e que existe grande possibilidade de ampliar o grupo em todo estado.<\/p>\n<p>\u201cA princ\u00edpio sou candidato, agora se Cartaxo sair candidato, pra mim consolida mais ainda minha candidatura\u201d, disse.<\/p>\n<p>Batinga defendeu ainda a uni\u00e3o das oposi\u00e7\u00f5es do estado em prol de um \u00fanico nome, e que Luciano Cartaxo \u00e9 o nome consolidado para representar o grupo, enfrentando o candidato do governador Ricardo Coutinho.<\/p>\n<p>Questionado sobre como seria administrado os espa\u00e7os pol\u00edticos com o seu principal advers\u00e1rio pol\u00edtico em Monteiro, o deputado Jo\u00e3o Henrique, caso venham a est\u00e1 no mesmo palanque em 2018, Batinga disse que a conviv\u00eancia existe espa\u00e7o para todos, pois os estilos pol\u00edticos e eleitores de ambos (Batinga e Jo\u00e3o Henrique) s\u00e3o diferentes, e que n\u00e3o haveria dificuldade em dividir esse espa\u00e7o.<\/p>\n<p><strong><em>Cariri em Destaque<\/em><\/strong><\/p>\n<p>Com Vitrine do Cariri<\/p>\n<p>&nbsp;<\/p>\n","protected":false},"excerpt":{"rendered":"<p>O suplente de deputado estadual e Secret\u00e1rio da Prefeitura de Jo\u00e3o Pessoa, Carlos Batinga (PSC), confirmou durante entrevista neste s\u00e1bado (02), \u00e0 R\u00e1dio Serra Branca FM, que disputar\u00e1 um mandato na Assembleia Legislativa nas elei\u00e7\u00f5es estaduais de 2018. O ex-prefeito de Monteiro disse que \u00e9 pr\u00e9-candidato, e que caso o prefeito de Jo\u00e3o Pessoa, Luciano Cartaxo, seja realmente candidato ao governador do Estado, sua candidatura a deputado estadual estaria consolidada. Batinga ainda afirmou que tem mantido contato com sua base pol\u00edtica, e que existe grande possibilidade de ampliar o grupo em todo estado. \u201cA princ\u00edpio sou candidato, agora se Cartaxo sair candidato, pra mim consolida mais ainda minha candidatura\u201d, disse. Batinga defendeu ainda a uni\u00e3o das oposi\u00e7\u00f5es do estado em prol de um \u00fanico nome, e que Luciano Cartaxo \u00e9 o nome consolidado para representar o grupo, enfrentando o candidato do governador Ricardo Coutinho. Questionado sobre como seria administrado os espa\u00e7os pol\u00edticos com o seu principal advers\u00e1rio pol\u00edtico em Monteiro, o deputado Jo\u00e3o Henrique, caso venham a est\u00e1 no mesmo palanque em 2018, Batinga disse que a conviv\u00eancia existe espa\u00e7o para todos, pois os estilos pol\u00edticos e eleitores de ambos (Batinga e Jo\u00e3o Henrique) s\u00e3o diferentes, e que n\u00e3o haveria dificuldade em dividir esse espa\u00e7o. Cariri em Destaque Com Vitrine do Cariri &nbsp;<\/p>\n","protected":false},"author":2,"featured_media":6450,"comment_status":"closed","ping_status":"open","sticky":false,"template":"","format":"standard","meta":{"_eb_attr":"","_jetpack_memberships_contains_paid_content":false,"footnotes":""},"categories":[4],"tags":[],"class_list":["post-6449","post","type-post","status-publish","format-standard","has-post-thumbnail","hentry","category-politica"],"yoast_head":"<!-- This site is optimized with the Yoast SEO plugin v26.5 - https:\/\/yoast.com\/wordpress\/plugins\/seo\/ -->\n<title>Batinga confirma pr\u00e9-candidatura e defende Cartaxo para o governo do Estado - Not&iacute;cias em Destaque<\/title>\n<meta name=\"robots\" content=\"index, follow, max-snippet:-1, max-image-preview:large, max-video-preview:-1\" \/>\n<link rel=\"canonical\" href=\"https:\/\/noticiasemdestaque.com\/cd\/?p=6449\" \/>\n<meta property=\"og:locale\" content=\"pt_BR\" \/>\n<meta property=\"og:type\" content=\"article\" \/>\n<meta property=\"og:title\" content=\"Batinga confirma pr\u00e9-candidatura e defende Cartaxo para o governo do Estado - Not&iacute;cias em Destaque\" \/>\n<meta property=\"og:description\" content=\"O suplente de deputado estadual e Secret\u00e1rio da Prefeitura de Jo\u00e3o Pessoa, Carlos Batinga (PSC), confirmou durante entrevista neste s\u00e1bado (02), \u00e0 R\u00e1dio Serra Branca FM, que disputar\u00e1 um mandato na Assembleia Legislativa nas elei\u00e7\u00f5es estaduais de 2018. O ex-prefeito de Monteiro disse que \u00e9 pr\u00e9-candidato, e que caso o prefeito de Jo\u00e3o Pessoa, Luciano Cartaxo, seja realmente candidato ao governador do Estado, sua candidatura a deputado estadual estaria consolidada. Batinga ainda afirmou que tem mantido contato com sua base pol\u00edtica, e que existe grande possibilidade de ampliar o grupo em todo estado. \u201cA princ\u00edpio sou candidato, agora se Cartaxo sair candidato, pra mim consolida mais ainda minha candidatura\u201d, disse. Batinga defendeu ainda a uni\u00e3o das oposi\u00e7\u00f5es do estado em prol de um \u00fanico nome, e que Luciano Cartaxo \u00e9 o nome consolidado para representar o grupo, enfrentando o candidato do governador Ricardo Coutinho. Questionado sobre como seria administrado os espa\u00e7os pol\u00edticos com o seu principal advers\u00e1rio pol\u00edtico em Monteiro, o deputado Jo\u00e3o Henrique, caso venham a est\u00e1 no mesmo palanque em 2018, Batinga disse que a conviv\u00eancia existe espa\u00e7o para todos, pois os estilos pol\u00edticos e eleitores de ambos (Batinga e Jo\u00e3o Henrique) s\u00e3o diferentes, e que n\u00e3o haveria dificuldade em dividir esse espa\u00e7o. Cariri em Destaque Com Vitrine do Cariri &nbsp;\" \/>\n<meta property=\"og:url\" content=\"https:\/\/noticiasemdestaque.com\/cd\/?p=6449\" \/>\n<meta property=\"og:site_name\" content=\"Not&iacute;cias em Destaque\" \/>\n<meta property=\"article:published_time\" content=\"2017-12-04T21:10:22+00:00\" \/>\n<meta property=\"og:image\" content=\"https:\/\/noticiasemdestaque.com\/cd\/wp-content\/uploads\/2017\/12\/02122017234443.jpeg\" \/>\n\t<meta property=\"og:image:width\" content=\"720\" \/>\n\t<meta property=\"og:image:height\" content=\"540\" \/>\n\t<meta property=\"og:image:type\" content=\"image\/jpeg\" \/>\n<meta name=\"author\" content=\"Not\u00edcias em Destaque\" \/>\n<meta name=\"twitter:card\" content=\"summary_large_image\" \/>\n<meta name=\"twitter:label1\" content=\"Escrito por\" \/>\n\t<meta name=\"twitter:data1\" content=\"Not\u00edcias em Destaque\" \/>\n\t<meta name=\"twitter:label2\" content=\"Est. tempo de leitura\" \/>\n\t<meta name=\"twitter:data2\" content=\"1 minuto\" \/>\n<script type=\"application\/ld+json\" class=\"yoast-schema-graph\">{\"@context\":\"https:\/\/schema.org\",\"@graph\":[{\"@type\":\"Article\",\"@id\":\"https:\/\/noticiasemdestaque.com\/cd\/?p=6449#article\",\"isPartOf\":{\"@id\":\"https:\/\/noticiasemdestaque.com\/cd\/?p=6449\"},\"author\":{\"name\":\"Not\u00edcias em Destaque\",\"@id\":\"https:\/\/noticiasemdestaque.com\/cd\/#\/schema\/person\/47f7d4f55eec17c6b2ca036c5500f6ce\"},\"headline\":\"Batinga confirma pr\u00e9-candidatura e defende Cartaxo para o governo do Estado\",\"datePublished\":\"2017-12-04T21:10:22+00:00\",\"mainEntityOfPage\":{\"@id\":\"https:\/\/noticiasemdestaque.com\/cd\/?p=6449\"},\"wordCount\":242,\"publisher\":{\"@id\":\"https:\/\/noticiasemdestaque.com\/cd\/#organization\"},\"image\":{\"@id\":\"https:\/\/noticiasemdestaque.com\/cd\/?p=6449#primaryimage\"},\"thumbnailUrl\":\"https:\/\/noticiasemdestaque.com\/cd\/wp-content\/uploads\/2017\/12\/02122017234443.jpeg\",\"articleSection\":[\"Pol\u00edtica\"],\"inLanguage\":\"pt-BR\"},{\"@type\":\"WebPage\",\"@id\":\"https:\/\/noticiasemdestaque.com\/cd\/?p=6449\",\"url\":\"https:\/\/noticiasemdestaque.com\/cd\/?p=6449\",\"name\":\"Batinga confirma pr\u00e9-candidatura e defende Cartaxo para o governo do Estado - Not&iacute;cias em Destaque\",\"isPartOf\":{\"@id\":\"https:\/\/noticiasemdestaque.com\/cd\/#website\"},\"primaryImageOfPage\":{\"@id\":\"https:\/\/noticiasemdestaque.com\/cd\/?p=6449#primaryimage\"},\"image\":{\"@id\":\"https:\/\/noticiasemdestaque.com\/cd\/?p=6449#primaryimage\"},\"thumbnailUrl\":\"https:\/\/noticiasemdestaque.com\/cd\/wp-content\/uploads\/2017\/12\/02122017234443.jpeg\",\"datePublished\":\"2017-12-04T21:10:22+00:00\",\"breadcrumb\":{\"@id\":\"https:\/\/noticiasemdestaque.com\/cd\/?p=6449#breadcrumb\"},\"inLanguage\":\"pt-BR\",\"potentialAction\":[{\"@type\":\"ReadAction\",\"target\":[\"https:\/\/noticiasemdestaque.com\/cd\/?p=6449\"]}]},{\"@type\":\"ImageObject\",\"inLanguage\":\"pt-BR\",\"@id\":\"https:\/\/noticiasemdestaque.com\/cd\/?p=6449#primaryimage\",\"url\":\"https:\/\/noticiasemdestaque.com\/cd\/wp-content\/uploads\/2017\/12\/02122017234443.jpeg\",\"contentUrl\":\"https:\/\/noticiasemdestaque.com\/cd\/wp-content\/uploads\/2017\/12\/02122017234443.jpeg\",\"width\":720,\"height\":540},{\"@type\":\"BreadcrumbList\",\"@id\":\"https:\/\/noticiasemdestaque.com\/cd\/?p=6449#breadcrumb\",\"itemListElement\":[{\"@type\":\"ListItem\",\"position\":1,\"name\":\"In\u00edcio\",\"item\":\"https:\/\/noticiasemdestaque.com\/cd\/\"},{\"@type\":\"ListItem\",\"position\":2,\"name\":\"Batinga confirma pr\u00e9-candidatura e defende Cartaxo para o governo do Estado\"}]},{\"@type\":\"WebSite\",\"@id\":\"https:\/\/noticiasemdestaque.com\/cd\/#website\",\"url\":\"https:\/\/noticiasemdestaque.com\/cd\/\",\"name\":\"Not&iacute;cias em Destaque\",\"description\":\"\",\"publisher\":{\"@id\":\"https:\/\/noticiasemdestaque.com\/cd\/#organization\"},\"potentialAction\":[{\"@type\":\"SearchAction\",\"target\":{\"@type\":\"EntryPoint\",\"urlTemplate\":\"https:\/\/noticiasemdestaque.com\/cd\/?s={search_term_string}\"},\"query-input\":{\"@type\":\"PropertyValueSpecification\",\"valueRequired\":true,\"valueName\":\"search_term_string\"}}],\"inLanguage\":\"pt-BR\"},{\"@type\":\"Organization\",\"@id\":\"https:\/\/noticiasemdestaque.com\/cd\/#organization\",\"name\":\"Not\u00edcias em Destaque\",\"url\":\"https:\/\/noticiasemdestaque.com\/cd\/\",\"logo\":{\"@type\":\"ImageObject\",\"inLanguage\":\"pt-BR\",\"@id\":\"https:\/\/noticiasemdestaque.com\/cd\/#\/schema\/logo\/image\/\",\"url\":\"https:\/\/noticiasemdestaque.com\/cd\/wp-content\/uploads\/2022\/05\/imagem-base-noticiasemdestaque.png\",\"contentUrl\":\"https:\/\/noticiasemdestaque.com\/cd\/wp-content\/uploads\/2022\/05\/imagem-base-noticiasemdestaque.png\",\"width\":1200,\"height\":630,\"caption\":\"Not\u00edcias em Destaque\"},\"image\":{\"@id\":\"https:\/\/noticiasemdestaque.com\/cd\/#\/schema\/logo\/image\/\"}},{\"@type\":\"Person\",\"@id\":\"https:\/\/noticiasemdestaque.com\/cd\/#\/schema\/person\/47f7d4f55eec17c6b2ca036c5500f6ce\",\"name\":\"Not\u00edcias em Destaque\",\"url\":\"https:\/\/noticiasemdestaque.com\/cd\/?author=2\"}]}<\/script>\n<!-- \/ Yoast SEO plugin. -->","yoast_head_json":{"title":"Batinga confirma pr\u00e9-candidatura e defende Cartaxo para o governo do Estado - Not&iacute;cias em Destaque","robots":{"index":"index","follow":"follow","max-snippet":"max-snippet:-1","max-image-preview":"max-image-preview:large","max-video-preview":"max-video-preview:-1"},"canonical":"https:\/\/noticiasemdestaque.com\/cd\/?p=6449","og_locale":"pt_BR","og_type":"article","og_title":"Batinga confirma pr\u00e9-candidatura e defende Cartaxo para o governo do Estado - Not&iacute;cias em Destaque","og_description":"O suplente de deputado estadual e Secret\u00e1rio da Prefeitura de Jo\u00e3o Pessoa, Carlos Batinga (PSC), confirmou durante entrevista neste s\u00e1bado (02), \u00e0 R\u00e1dio Serra Branca FM, que disputar\u00e1 um mandato na Assembleia Legislativa nas elei\u00e7\u00f5es estaduais de 2018. O ex-prefeito de Monteiro disse que \u00e9 pr\u00e9-candidato, e que caso o prefeito de Jo\u00e3o Pessoa, Luciano Cartaxo, seja realmente candidato ao governador do Estado, sua candidatura a deputado estadual estaria consolidada. Batinga ainda afirmou que tem mantido contato com sua base pol\u00edtica, e que existe grande possibilidade de ampliar o grupo em todo estado. \u201cA princ\u00edpio sou candidato, agora se Cartaxo sair candidato, pra mim consolida mais ainda minha candidatura\u201d, disse. Batinga defendeu ainda a uni\u00e3o das oposi\u00e7\u00f5es do estado em prol de um \u00fanico nome, e que Luciano Cartaxo \u00e9 o nome consolidado para representar o grupo, enfrentando o candidato do governador Ricardo Coutinho. Questionado sobre como seria administrado os espa\u00e7os pol\u00edticos com o seu principal advers\u00e1rio pol\u00edtico em Monteiro, o deputado Jo\u00e3o Henrique, caso venham a est\u00e1 no mesmo palanque em 2018, Batinga disse que a conviv\u00eancia existe espa\u00e7o para todos, pois os estilos pol\u00edticos e eleitores de ambos (Batinga e Jo\u00e3o Henrique) s\u00e3o diferentes, e que n\u00e3o haveria dificuldade em dividir esse espa\u00e7o. Cariri em Destaque Com Vitrine do Cariri &nbsp;","og_url":"https:\/\/noticiasemdestaque.com\/cd\/?p=6449","og_site_name":"Not&iacute;cias em Destaque","article_published_time":"2017-12-04T21:10:22+00:00","og_image":[{"width":720,"height":540,"url":"https:\/\/noticiasemdestaque.com\/cd\/wp-content\/uploads\/2017\/12\/02122017234443.jpeg","type":"image\/jpeg"}],"author":"Not\u00edcias em Destaque","twitter_card":"summary_large_image","twitter_misc":{"Escrito por":"Not\u00edcias em Destaque","Est. tempo de leitura":"1 minuto"},"schema":{"@context":"https:\/\/schema.org","@graph":[{"@type":"Article","@id":"https:\/\/noticiasemdestaque.com\/cd\/?p=6449#article","isPartOf":{"@id":"https:\/\/noticiasemdestaque.com\/cd\/?p=6449"},"author":{"name":"Not\u00edcias em Destaque","@id":"https:\/\/noticiasemdestaque.com\/cd\/#\/schema\/person\/47f7d4f55eec17c6b2ca036c5500f6ce"},"headline":"Batinga confirma pr\u00e9-candidatura e defende Cartaxo para o governo do Estado","datePublished":"2017-12-04T21:10:22+00:00","mainEntityOfPage":{"@id":"https:\/\/noticiasemdestaque.com\/cd\/?p=6449"},"wordCount":242,"publisher":{"@id":"https:\/\/noticiasemdestaque.com\/cd\/#organization"},"image":{"@id":"https:\/\/noticiasemdestaque.com\/cd\/?p=6449#primaryimage"},"thumbnailUrl":"https:\/\/noticiasemdestaque.com\/cd\/wp-content\/uploads\/2017\/12\/02122017234443.jpeg","articleSection":["Pol\u00edtica"],"inLanguage":"pt-BR"},{"@type":"WebPage","@id":"https:\/\/noticiasemdestaque.com\/cd\/?p=6449","url":"https:\/\/noticiasemdestaque.com\/cd\/?p=6449","name":"Batinga confirma pr\u00e9-candidatura e defende Cartaxo para o governo do Estado - Not&iacute;cias em Destaque","isPartOf":{"@id":"https:\/\/noticiasemdestaque.com\/cd\/#website"},"primaryImageOfPage":{"@id":"https:\/\/noticiasemdestaque.com\/cd\/?p=6449#primaryimage"},"image":{"@id":"https:\/\/noticiasemdestaque.com\/cd\/?p=6449#primaryimage"},"thumbnailUrl":"https:\/\/noticiasemdestaque.com\/cd\/wp-content\/uploads\/2017\/12\/02122017234443.jpeg","datePublished":"2017-12-04T21:10:22+00:00","breadcrumb":{"@id":"https:\/\/noticiasemdestaque.com\/cd\/?p=6449#breadcrumb"},"inLanguage":"pt-BR","potentialAction":[{"@type":"ReadAction","target":["https:\/\/noticiasemdestaque.com\/cd\/?p=6449"]}]},{"@type":"ImageObject","inLanguage":"pt-BR","@id":"https:\/\/noticiasemdestaque.com\/cd\/?p=6449#primaryimage","url":"https:\/\/noticiasemdestaque.com\/cd\/wp-content\/uploads\/2017\/12\/02122017234443.jpeg","contentUrl":"https:\/\/noticiasemdestaque.com\/cd\/wp-content\/uploads\/2017\/12\/02122017234443.jpeg","width":720,"height":540},{"@type":"BreadcrumbList","@id":"https:\/\/noticiasemdestaque.com\/cd\/?p=6449#breadcrumb","itemListElement":[{"@type":"ListItem","position":1,"name":"In\u00edcio","item":"https:\/\/noticiasemdestaque.com\/cd\/"},{"@type":"ListItem","position":2,"name":"Batinga confirma pr\u00e9-candidatura e defende Cartaxo para o governo do Estado"}]},{"@type":"WebSite","@id":"https:\/\/noticiasemdestaque.com\/cd\/#website","url":"https:\/\/noticiasemdestaque.com\/cd\/","name":"Not&iacute;cias em Destaque","description":"","publisher":{"@id":"https:\/\/noticiasemdestaque.com\/cd\/#organization"},"potentialAction":[{"@type":"SearchAction","target":{"@type":"EntryPoint","urlTemplate":"https:\/\/noticiasemdestaque.com\/cd\/?s={search_term_string}"},"query-input":{"@type":"PropertyValueSpecification","valueRequired":true,"valueName":"search_term_string"}}],"inLanguage":"pt-BR"},{"@type":"Organization","@id":"https:\/\/noticiasemdestaque.com\/cd\/#organization","name":"Not\u00edcias em Destaque","url":"https:\/\/noticiasemdestaque.com\/cd\/","logo":{"@type":"ImageObject","inLanguage":"pt-BR","@id":"https:\/\/noticiasemdestaque.com\/cd\/#\/schema\/logo\/image\/","url":"https:\/\/noticiasemdestaque.com\/cd\/wp-content\/uploads\/2022\/05\/imagem-base-noticiasemdestaque.png","contentUrl":"https:\/\/noticiasemdestaque.com\/cd\/wp-content\/uploads\/2022\/05\/imagem-base-noticiasemdestaque.png","width":1200,"height":630,"caption":"Not\u00edcias em Destaque"},"image":{"@id":"https:\/\/noticiasemdestaque.com\/cd\/#\/schema\/logo\/image\/"}},{"@type":"Person","@id":"https:\/\/noticiasemdestaque.com\/cd\/#\/schema\/person\/47f7d4f55eec17c6b2ca036c5500f6ce","name":"Not\u00edcias em Destaque","url":"https:\/\/noticiasemdestaque.com\/cd\/?author=2"}]}},"jetpack_featured_media_url":"https:\/\/noticiasemdestaque.com\/cd\/wp-content\/uploads\/2017\/12\/02122017234443.jpeg","jetpack_sharing_enabled":true,"_links":{"self":[{"href":"https:\/\/noticiasemdestaque.com\/cd\/index.php?rest_route=\/wp\/v2\/posts\/6449","targetHints":{"allow":["GET"]}}],"collection":[{"href":"https:\/\/noticiasemdestaque.com\/cd\/index.php?rest_route=\/wp\/v2\/posts"}],"about":[{"href":"https:\/\/noticiasemdestaque.com\/cd\/index.php?rest_route=\/wp\/v2\/types\/post"}],"author":[{"embeddable":true,"href":"https:\/\/noticiasemdestaque.com\/cd\/index.php?rest_route=\/wp\/v2\/users\/2"}],"replies":[{"embeddable":true,"href":"https:\/\/noticiasemdestaque.com\/cd\/index.php?rest_route=%2Fwp%2Fv2%2Fcomments&post=6449"}],"version-history":[{"count":1,"href":"https:\/\/noticiasemdestaque.com\/cd\/index.php?rest_route=\/wp\/v2\/posts\/6449\/revisions"}],"predecessor-version":[{"id":6451,"href":"https:\/\/noticiasemdestaque.com\/cd\/index.php?rest_route=\/wp\/v2\/posts\/6449\/revisions\/6451"}],"wp:featuredmedia":[{"embeddable":true,"href":"https:\/\/noticiasemdestaque.com\/cd\/index.php?rest_route=\/wp\/v2\/media\/6450"}],"wp:attachment":[{"href":"https:\/\/noticiasemdestaque.com\/cd\/index.php?rest_route=%2Fwp%2Fv2%2Fmedia&parent=6449"}],"wp:term":[{"taxonomy":"category","embeddable":true,"href":"https:\/\/noticiasemdestaque.com\/cd\/index.php?rest_route=%2Fwp%2Fv2%2Fcategories&post=6449"},{"taxonomy":"post_tag","embeddable":true,"href":"https:\/\/noticiasemdestaque.com\/cd\/index.php?rest_route=%2Fwp%2Fv2%2Ftags&post=6449"}],"curies":[{"name":"wp","href":"https:\/\/api.w.org\/{rel}","templated":true}]}}