{"id":6363,"date":"2017-11-29T07:34:22","date_gmt":"2017-11-29T10:34:22","guid":{"rendered":"http:\/\/caririemdestaque.com\/cd\/?p=6363"},"modified":"2017-11-29T07:34:22","modified_gmt":"2017-11-29T10:34:22","slug":"ii-sengebbio-comeca-nesta-quarta-em-sume","status":"publish","type":"post","link":"https:\/\/noticiasemdestaque.com\/cd\/?p=6363","title":{"rendered":"II SENGEBBIO come\u00e7a nesta quarta em Sum\u00e9"},"content":{"rendered":"<div class=\"contentPost\">\n<p><img fetchpriority=\"high\" decoding=\"async\" class=\"size-medium wp-image-3028 alignleft\" src=\"http:\/\/95fmsume.com.br\/95\/wp-content\/uploads\/2017\/11\/timthumb-1-4-300x218.jpg\" alt=\"\" width=\"300\" height=\"218\" \/>O II Simp\u00f3sio de Engenharia de Biotecnologia e Bioprocessos do Semi\u00e1rido (II SENGEBBIO) do Centro de Desenvolvimento Sustent\u00e1vel do Semi\u00e1rido (CDSA), da Universidade Federal de Campina Grande (UFCG), campus Sum\u00e9, ser\u00e1 iniciado nesta quarta-feira, 29. A palestra de abertura abordar\u00e1 o tema \u201cBiotecnologia e a Engenharia de Bioprocessos consolidados, emergentes e portadores de futuro\u201d, e ser\u00e1 proferida pelo professor Elcio Ribeiro Borges, da UFRJ (DEB \u2013 EQ).<\/p>\n<p>O tema principal do evento, que acontece at\u00e9 a sexta-feira, 1\u00ba de dezembro, \u00e9 \u201cO papel da biotecnologia no uso da biodiversidade e no desenvolvimento sustent\u00e1vel\u201d. Na programa\u00e7\u00e3o, diversas palestras, minicursos e meetup.<\/p>\n<p>Durante a manh\u00e3 e a tarde ser\u00e3o realizados o credenciamento dos participantes e os minicursos.<\/p>\n<p>Veja mais informa\u00e7\u00f5es sobre o evento no endere\u00e7o: https:\/\/www.even3.com.br\/sengebbio2.<\/p>\n<\/div>\n<p>&nbsp;<\/p>\n","protected":false},"excerpt":{"rendered":"<p>O II Simp\u00f3sio de Engenharia de Biotecnologia e Bioprocessos do Semi\u00e1rido (II SENGEBBIO) do Centro de Desenvolvimento Sustent\u00e1vel do Semi\u00e1rido (CDSA), da Universidade Federal de Campina Grande (UFCG), campus Sum\u00e9, ser\u00e1 iniciado nesta quarta-feira, 29. A palestra de abertura abordar\u00e1 o tema \u201cBiotecnologia e a Engenharia de Bioprocessos consolidados, emergentes e portadores de futuro\u201d, e ser\u00e1 proferida pelo professor Elcio Ribeiro Borges, da UFRJ (DEB \u2013 EQ). O tema principal do evento, que acontece at\u00e9 a sexta-feira, 1\u00ba de dezembro, \u00e9 \u201cO papel da biotecnologia no uso da biodiversidade e no desenvolvimento sustent\u00e1vel\u201d. Na programa\u00e7\u00e3o, diversas palestras, minicursos e meetup. Durante a manh\u00e3 e a tarde ser\u00e3o realizados o credenciamento dos participantes e os minicursos. Veja mais informa\u00e7\u00f5es sobre o evento no endere\u00e7o: https:\/\/www.even3.com.br\/sengebbio2. &nbsp;<\/p>\n","protected":false},"author":2,"featured_media":6364,"comment_status":"closed","ping_status":"open","sticky":false,"template":"","format":"standard","meta":{"_eb_attr":"","_jetpack_memberships_contains_paid_content":false,"footnotes":""},"categories":[6],"tags":[],"class_list":["post-6363","post","type-post","status-publish","format-standard","has-post-thumbnail","hentry","category-educacao"],"yoast_head":"<!-- This site is optimized with the Yoast SEO plugin v26.5 - https:\/\/yoast.com\/wordpress\/plugins\/seo\/ -->\n<title>II SENGEBBIO come\u00e7a nesta quarta em Sum\u00e9 - Not&iacute;cias em Destaque<\/title>\n<meta name=\"robots\" content=\"index, follow, max-snippet:-1, max-image-preview:large, max-video-preview:-1\" \/>\n<link rel=\"canonical\" href=\"https:\/\/noticiasemdestaque.com\/cd\/?p=6363\" \/>\n<meta property=\"og:locale\" content=\"pt_BR\" \/>\n<meta property=\"og:type\" content=\"article\" \/>\n<meta property=\"og:title\" content=\"II SENGEBBIO come\u00e7a nesta quarta em Sum\u00e9 - Not&iacute;cias em Destaque\" \/>\n<meta property=\"og:description\" content=\"O II Simp\u00f3sio de Engenharia de Biotecnologia e Bioprocessos do Semi\u00e1rido (II SENGEBBIO) do Centro de Desenvolvimento Sustent\u00e1vel do Semi\u00e1rido (CDSA), da Universidade Federal de Campina Grande (UFCG), campus Sum\u00e9, ser\u00e1 iniciado nesta quarta-feira, 29. A palestra de abertura abordar\u00e1 o tema \u201cBiotecnologia e a Engenharia de Bioprocessos consolidados, emergentes e portadores de futuro\u201d, e ser\u00e1 proferida pelo professor Elcio Ribeiro Borges, da UFRJ (DEB \u2013 EQ). O tema principal do evento, que acontece at\u00e9 a sexta-feira, 1\u00ba de dezembro, \u00e9 \u201cO papel da biotecnologia no uso da biodiversidade e no desenvolvimento sustent\u00e1vel\u201d. Na programa\u00e7\u00e3o, diversas palestras, minicursos e meetup. Durante a manh\u00e3 e a tarde ser\u00e3o realizados o credenciamento dos participantes e os minicursos. Veja mais informa\u00e7\u00f5es sobre o evento no endere\u00e7o: https:\/\/www.even3.com.br\/sengebbio2. &nbsp;\" \/>\n<meta property=\"og:url\" content=\"https:\/\/noticiasemdestaque.com\/cd\/?p=6363\" \/>\n<meta property=\"og:site_name\" content=\"Not&iacute;cias em Destaque\" \/>\n<meta property=\"article:published_time\" content=\"2017-11-29T10:34:22+00:00\" \/>\n<meta property=\"og:image\" content=\"https:\/\/noticiasemdestaque.com\/cd\/wp-content\/uploads\/2017\/11\/timthumb-1-2.jpg\" \/>\n\t<meta property=\"og:image:width\" content=\"547\" \/>\n\t<meta property=\"og:image:height\" content=\"398\" \/>\n\t<meta property=\"og:image:type\" content=\"image\/jpeg\" \/>\n<meta name=\"author\" content=\"Not\u00edcias em Destaque\" \/>\n<meta name=\"twitter:card\" content=\"summary_large_image\" \/>\n<meta name=\"twitter:label1\" content=\"Escrito por\" \/>\n\t<meta name=\"twitter:data1\" content=\"Not\u00edcias em Destaque\" \/>\n\t<meta name=\"twitter:label2\" content=\"Est. tempo de leitura\" \/>\n\t<meta name=\"twitter:data2\" content=\"1 minuto\" \/>\n<script type=\"application\/ld+json\" class=\"yoast-schema-graph\">{\"@context\":\"https:\/\/schema.org\",\"@graph\":[{\"@type\":\"Article\",\"@id\":\"https:\/\/noticiasemdestaque.com\/cd\/?p=6363#article\",\"isPartOf\":{\"@id\":\"https:\/\/noticiasemdestaque.com\/cd\/?p=6363\"},\"author\":{\"name\":\"Not\u00edcias em Destaque\",\"@id\":\"https:\/\/noticiasemdestaque.com\/cd\/#\/schema\/person\/21320b03a7e8bb90128938dafc9b908a\"},\"headline\":\"II SENGEBBIO come\u00e7a nesta quarta em Sum\u00e9\",\"datePublished\":\"2017-11-29T10:34:22+00:00\",\"mainEntityOfPage\":{\"@id\":\"https:\/\/noticiasemdestaque.com\/cd\/?p=6363\"},\"wordCount\":143,\"publisher\":{\"@id\":\"https:\/\/noticiasemdestaque.com\/cd\/#organization\"},\"image\":{\"@id\":\"https:\/\/noticiasemdestaque.com\/cd\/?p=6363#primaryimage\"},\"thumbnailUrl\":\"https:\/\/noticiasemdestaque.com\/cd\/wp-content\/uploads\/2017\/11\/timthumb-1-2.jpg\",\"articleSection\":[\"Educa\u00e7\u00e3o\"],\"inLanguage\":\"pt-BR\"},{\"@type\":\"WebPage\",\"@id\":\"https:\/\/noticiasemdestaque.com\/cd\/?p=6363\",\"url\":\"https:\/\/noticiasemdestaque.com\/cd\/?p=6363\",\"name\":\"II SENGEBBIO come\u00e7a nesta quarta em Sum\u00e9 - Not&iacute;cias em Destaque\",\"isPartOf\":{\"@id\":\"https:\/\/noticiasemdestaque.com\/cd\/#website\"},\"primaryImageOfPage\":{\"@id\":\"https:\/\/noticiasemdestaque.com\/cd\/?p=6363#primaryimage\"},\"image\":{\"@id\":\"https:\/\/noticiasemdestaque.com\/cd\/?p=6363#primaryimage\"},\"thumbnailUrl\":\"https:\/\/noticiasemdestaque.com\/cd\/wp-content\/uploads\/2017\/11\/timthumb-1-2.jpg\",\"datePublished\":\"2017-11-29T10:34:22+00:00\",\"breadcrumb\":{\"@id\":\"https:\/\/noticiasemdestaque.com\/cd\/?p=6363#breadcrumb\"},\"inLanguage\":\"pt-BR\",\"potentialAction\":[{\"@type\":\"ReadAction\",\"target\":[\"https:\/\/noticiasemdestaque.com\/cd\/?p=6363\"]}]},{\"@type\":\"ImageObject\",\"inLanguage\":\"pt-BR\",\"@id\":\"https:\/\/noticiasemdestaque.com\/cd\/?p=6363#primaryimage\",\"url\":\"https:\/\/noticiasemdestaque.com\/cd\/wp-content\/uploads\/2017\/11\/timthumb-1-2.jpg\",\"contentUrl\":\"https:\/\/noticiasemdestaque.com\/cd\/wp-content\/uploads\/2017\/11\/timthumb-1-2.jpg\",\"width\":547,\"height\":398},{\"@type\":\"BreadcrumbList\",\"@id\":\"https:\/\/noticiasemdestaque.com\/cd\/?p=6363#breadcrumb\",\"itemListElement\":[{\"@type\":\"ListItem\",\"position\":1,\"name\":\"In\u00edcio\",\"item\":\"https:\/\/noticiasemdestaque.com\/cd\/\"},{\"@type\":\"ListItem\",\"position\":2,\"name\":\"II SENGEBBIO come\u00e7a nesta quarta em Sum\u00e9\"}]},{\"@type\":\"WebSite\",\"@id\":\"https:\/\/noticiasemdestaque.com\/cd\/#website\",\"url\":\"https:\/\/noticiasemdestaque.com\/cd\/\",\"name\":\"Not&iacute;cias em Destaque\",\"description\":\"\",\"publisher\":{\"@id\":\"https:\/\/noticiasemdestaque.com\/cd\/#organization\"},\"potentialAction\":[{\"@type\":\"SearchAction\",\"target\":{\"@type\":\"EntryPoint\",\"urlTemplate\":\"https:\/\/noticiasemdestaque.com\/cd\/?s={search_term_string}\"},\"query-input\":{\"@type\":\"PropertyValueSpecification\",\"valueRequired\":true,\"valueName\":\"search_term_string\"}}],\"inLanguage\":\"pt-BR\"},{\"@type\":\"Organization\",\"@id\":\"https:\/\/noticiasemdestaque.com\/cd\/#organization\",\"name\":\"Not\u00edcias em Destaque\",\"url\":\"https:\/\/noticiasemdestaque.com\/cd\/\",\"logo\":{\"@type\":\"ImageObject\",\"inLanguage\":\"pt-BR\",\"@id\":\"https:\/\/noticiasemdestaque.com\/cd\/#\/schema\/logo\/image\/\",\"url\":\"https:\/\/noticiasemdestaque.com\/cd\/wp-content\/uploads\/2022\/05\/imagem-base-noticiasemdestaque.png\",\"contentUrl\":\"https:\/\/noticiasemdestaque.com\/cd\/wp-content\/uploads\/2022\/05\/imagem-base-noticiasemdestaque.png\",\"width\":1200,\"height\":630,\"caption\":\"Not\u00edcias em Destaque\"},\"image\":{\"@id\":\"https:\/\/noticiasemdestaque.com\/cd\/#\/schema\/logo\/image\/\"}},{\"@type\":\"Person\",\"@id\":\"https:\/\/noticiasemdestaque.com\/cd\/#\/schema\/person\/21320b03a7e8bb90128938dafc9b908a\",\"name\":\"Not\u00edcias em Destaque\",\"url\":\"https:\/\/noticiasemdestaque.com\/cd\/?author=2\"}]}<\/script>\n<!-- \/ Yoast SEO plugin. -->","yoast_head_json":{"title":"II SENGEBBIO come\u00e7a nesta quarta em Sum\u00e9 - Not&iacute;cias em Destaque","robots":{"index":"index","follow":"follow","max-snippet":"max-snippet:-1","max-image-preview":"max-image-preview:large","max-video-preview":"max-video-preview:-1"},"canonical":"https:\/\/noticiasemdestaque.com\/cd\/?p=6363","og_locale":"pt_BR","og_type":"article","og_title":"II SENGEBBIO come\u00e7a nesta quarta em Sum\u00e9 - Not&iacute;cias em Destaque","og_description":"O II Simp\u00f3sio de Engenharia de Biotecnologia e Bioprocessos do Semi\u00e1rido (II SENGEBBIO) do Centro de Desenvolvimento Sustent\u00e1vel do Semi\u00e1rido (CDSA), da Universidade Federal de Campina Grande (UFCG), campus Sum\u00e9, ser\u00e1 iniciado nesta quarta-feira, 29. A palestra de abertura abordar\u00e1 o tema \u201cBiotecnologia e a Engenharia de Bioprocessos consolidados, emergentes e portadores de futuro\u201d, e ser\u00e1 proferida pelo professor Elcio Ribeiro Borges, da UFRJ (DEB \u2013 EQ). O tema principal do evento, que acontece at\u00e9 a sexta-feira, 1\u00ba de dezembro, \u00e9 \u201cO papel da biotecnologia no uso da biodiversidade e no desenvolvimento sustent\u00e1vel\u201d. Na programa\u00e7\u00e3o, diversas palestras, minicursos e meetup. Durante a manh\u00e3 e a tarde ser\u00e3o realizados o credenciamento dos participantes e os minicursos. Veja mais informa\u00e7\u00f5es sobre o evento no endere\u00e7o: https:\/\/www.even3.com.br\/sengebbio2. &nbsp;","og_url":"https:\/\/noticiasemdestaque.com\/cd\/?p=6363","og_site_name":"Not&iacute;cias em Destaque","article_published_time":"2017-11-29T10:34:22+00:00","og_image":[{"width":547,"height":398,"url":"https:\/\/noticiasemdestaque.com\/cd\/wp-content\/uploads\/2017\/11\/timthumb-1-2.jpg","type":"image\/jpeg"}],"author":"Not\u00edcias em Destaque","twitter_card":"summary_large_image","twitter_misc":{"Escrito por":"Not\u00edcias em Destaque","Est. tempo de leitura":"1 minuto"},"schema":{"@context":"https:\/\/schema.org","@graph":[{"@type":"Article","@id":"https:\/\/noticiasemdestaque.com\/cd\/?p=6363#article","isPartOf":{"@id":"https:\/\/noticiasemdestaque.com\/cd\/?p=6363"},"author":{"name":"Not\u00edcias em Destaque","@id":"https:\/\/noticiasemdestaque.com\/cd\/#\/schema\/person\/21320b03a7e8bb90128938dafc9b908a"},"headline":"II SENGEBBIO come\u00e7a nesta quarta em Sum\u00e9","datePublished":"2017-11-29T10:34:22+00:00","mainEntityOfPage":{"@id":"https:\/\/noticiasemdestaque.com\/cd\/?p=6363"},"wordCount":143,"publisher":{"@id":"https:\/\/noticiasemdestaque.com\/cd\/#organization"},"image":{"@id":"https:\/\/noticiasemdestaque.com\/cd\/?p=6363#primaryimage"},"thumbnailUrl":"https:\/\/noticiasemdestaque.com\/cd\/wp-content\/uploads\/2017\/11\/timthumb-1-2.jpg","articleSection":["Educa\u00e7\u00e3o"],"inLanguage":"pt-BR"},{"@type":"WebPage","@id":"https:\/\/noticiasemdestaque.com\/cd\/?p=6363","url":"https:\/\/noticiasemdestaque.com\/cd\/?p=6363","name":"II SENGEBBIO come\u00e7a nesta quarta em Sum\u00e9 - Not&iacute;cias em Destaque","isPartOf":{"@id":"https:\/\/noticiasemdestaque.com\/cd\/#website"},"primaryImageOfPage":{"@id":"https:\/\/noticiasemdestaque.com\/cd\/?p=6363#primaryimage"},"image":{"@id":"https:\/\/noticiasemdestaque.com\/cd\/?p=6363#primaryimage"},"thumbnailUrl":"https:\/\/noticiasemdestaque.com\/cd\/wp-content\/uploads\/2017\/11\/timthumb-1-2.jpg","datePublished":"2017-11-29T10:34:22+00:00","breadcrumb":{"@id":"https:\/\/noticiasemdestaque.com\/cd\/?p=6363#breadcrumb"},"inLanguage":"pt-BR","potentialAction":[{"@type":"ReadAction","target":["https:\/\/noticiasemdestaque.com\/cd\/?p=6363"]}]},{"@type":"ImageObject","inLanguage":"pt-BR","@id":"https:\/\/noticiasemdestaque.com\/cd\/?p=6363#primaryimage","url":"https:\/\/noticiasemdestaque.com\/cd\/wp-content\/uploads\/2017\/11\/timthumb-1-2.jpg","contentUrl":"https:\/\/noticiasemdestaque.com\/cd\/wp-content\/uploads\/2017\/11\/timthumb-1-2.jpg","width":547,"height":398},{"@type":"BreadcrumbList","@id":"https:\/\/noticiasemdestaque.com\/cd\/?p=6363#breadcrumb","itemListElement":[{"@type":"ListItem","position":1,"name":"In\u00edcio","item":"https:\/\/noticiasemdestaque.com\/cd\/"},{"@type":"ListItem","position":2,"name":"II SENGEBBIO come\u00e7a nesta quarta em Sum\u00e9"}]},{"@type":"WebSite","@id":"https:\/\/noticiasemdestaque.com\/cd\/#website","url":"https:\/\/noticiasemdestaque.com\/cd\/","name":"Not&iacute;cias em Destaque","description":"","publisher":{"@id":"https:\/\/noticiasemdestaque.com\/cd\/#organization"},"potentialAction":[{"@type":"SearchAction","target":{"@type":"EntryPoint","urlTemplate":"https:\/\/noticiasemdestaque.com\/cd\/?s={search_term_string}"},"query-input":{"@type":"PropertyValueSpecification","valueRequired":true,"valueName":"search_term_string"}}],"inLanguage":"pt-BR"},{"@type":"Organization","@id":"https:\/\/noticiasemdestaque.com\/cd\/#organization","name":"Not\u00edcias em Destaque","url":"https:\/\/noticiasemdestaque.com\/cd\/","logo":{"@type":"ImageObject","inLanguage":"pt-BR","@id":"https:\/\/noticiasemdestaque.com\/cd\/#\/schema\/logo\/image\/","url":"https:\/\/noticiasemdestaque.com\/cd\/wp-content\/uploads\/2022\/05\/imagem-base-noticiasemdestaque.png","contentUrl":"https:\/\/noticiasemdestaque.com\/cd\/wp-content\/uploads\/2022\/05\/imagem-base-noticiasemdestaque.png","width":1200,"height":630,"caption":"Not\u00edcias em Destaque"},"image":{"@id":"https:\/\/noticiasemdestaque.com\/cd\/#\/schema\/logo\/image\/"}},{"@type":"Person","@id":"https:\/\/noticiasemdestaque.com\/cd\/#\/schema\/person\/21320b03a7e8bb90128938dafc9b908a","name":"Not\u00edcias em Destaque","url":"https:\/\/noticiasemdestaque.com\/cd\/?author=2"}]}},"jetpack_featured_media_url":"https:\/\/noticiasemdestaque.com\/cd\/wp-content\/uploads\/2017\/11\/timthumb-1-2.jpg","jetpack_sharing_enabled":true,"_links":{"self":[{"href":"https:\/\/noticiasemdestaque.com\/cd\/index.php?rest_route=\/wp\/v2\/posts\/6363","targetHints":{"allow":["GET"]}}],"collection":[{"href":"https:\/\/noticiasemdestaque.com\/cd\/index.php?rest_route=\/wp\/v2\/posts"}],"about":[{"href":"https:\/\/noticiasemdestaque.com\/cd\/index.php?rest_route=\/wp\/v2\/types\/post"}],"author":[{"embeddable":true,"href":"https:\/\/noticiasemdestaque.com\/cd\/index.php?rest_route=\/wp\/v2\/users\/2"}],"replies":[{"embeddable":true,"href":"https:\/\/noticiasemdestaque.com\/cd\/index.php?rest_route=%2Fwp%2Fv2%2Fcomments&post=6363"}],"version-history":[{"count":1,"href":"https:\/\/noticiasemdestaque.com\/cd\/index.php?rest_route=\/wp\/v2\/posts\/6363\/revisions"}],"predecessor-version":[{"id":6365,"href":"https:\/\/noticiasemdestaque.com\/cd\/index.php?rest_route=\/wp\/v2\/posts\/6363\/revisions\/6365"}],"wp:featuredmedia":[{"embeddable":true,"href":"https:\/\/noticiasemdestaque.com\/cd\/index.php?rest_route=\/wp\/v2\/media\/6364"}],"wp:attachment":[{"href":"https:\/\/noticiasemdestaque.com\/cd\/index.php?rest_route=%2Fwp%2Fv2%2Fmedia&parent=6363"}],"wp:term":[{"taxonomy":"category","embeddable":true,"href":"https:\/\/noticiasemdestaque.com\/cd\/index.php?rest_route=%2Fwp%2Fv2%2Fcategories&post=6363"},{"taxonomy":"post_tag","embeddable":true,"href":"https:\/\/noticiasemdestaque.com\/cd\/index.php?rest_route=%2Fwp%2Fv2%2Ftags&post=6363"}],"curies":[{"name":"wp","href":"https:\/\/api.w.org\/{rel}","templated":true}]}}