{"id":6358,"date":"2017-11-28T07:16:50","date_gmt":"2017-11-28T10:16:50","guid":{"rendered":"http:\/\/caririemdestaque.com\/cd\/?p=6358"},"modified":"2017-11-28T07:16:50","modified_gmt":"2017-11-28T10:16:50","slug":"aneel-mantem-bandeira-vermelha-para-dezembro","status":"publish","type":"post","link":"https:\/\/noticiasemdestaque.com\/cd\/?p=6358","title":{"rendered":"Aneel mant\u00e9m bandeira vermelha para dezembro"},"content":{"rendered":"<p><img fetchpriority=\"high\" decoding=\"async\" class=\"size-medium wp-image-3011 alignleft\" src=\"http:\/\/95fmsume.com.br\/95\/wp-content\/uploads\/2017\/11\/Energia-el\u00e9trica-1-300x225-300x225.jpg\" alt=\"\" width=\"300\" height=\"225\" \/>A Ag\u00eancia Nacional de Elergia El\u00e9trica (Aneel) divulgou nesta segunda-feira (27) que a bandeira tarif\u00e1ria para o m\u00eas de dezembro ser\u00e1 vermelha, mas no patamar 1, com custo um pouco menor, de R$ 3 a cada 100 kWh (quilowatts-hora) consumidos.<\/p>\n<p>Desde outubro, vigorava o patamar 2 na cobran\u00e7a nas contas de luz, tarifa mais cara prevista na distribui\u00e7\u00e3o das bandeira e que implica a cobran\u00e7a de taxa extra nas contas de luz de\u00a0R$ 5 a cada 100 kWh consumidos, ap\u00f3s reajuste anunciado em novembro. Em setembro, vigorou na cobran\u00e7a das contas de luz a bandeira amarela, que aplicou uma taxa extra de R$ 2 para cada 100 kWh.<\/p>\n<p>De acordo com a ag\u00eancia, houve uma ligeira melhora na situa\u00e7\u00e3o dos reservat\u00f3rios das usinas hidrel\u00e9tricas. A Aneel disse ainda que, embora n\u00e3o haja risco de desabastecimento, \u00e9 preciso refor\u00e7ar as medidas para evitar o desperd\u00edcio de energia.<\/p>\n<p>Na semana passada, o Comit\u00ea de Monitoramento do Setor El\u00e9trico (CMSE) apontou uma \u201cpequena melhoria\u201d nas condi\u00e7\u00f5es de atendimento ao Sistema Interligado Nacional, em raz\u00e3o das chuvas registradas no m\u00eas de novembro.<\/p>\n<p>De acordo com o comit\u00ea, o cen\u00e1rio \u00e9 de acompanhamento da evolu\u00e7\u00e3o \u201cconsiderando as chuvas previstas nos pr\u00f3ximos dias em grande parte do pa\u00eds.\u201d Para o per\u00edodo de 15 a 30 dias, a previs\u00e3o \u00e9 de chuvas relativamente pr\u00f3ximas \u00e0 m\u00e9dia hist\u00f3rica no Sudeste, Centro-Oeste e no centro-norte da regi\u00e3o Sul.<\/p>\n<p><strong>Bandeiras tarif\u00e1rias<\/strong><\/p>\n<p>O sistema de bandeiras tarif\u00e1rias foi criado em 2015 como forma de recompor os gastos extras com a utiliza\u00e7\u00e3o de energia de usinas termel\u00e9tricas, que \u00e9 mais cara do que a de hidrel\u00e9tricas. A cor da bandeira \u00e9 impressa na conta de luz (vermelha, amarela ou verde) e indica o custo da energia em fun\u00e7\u00e3o das condi\u00e7\u00f5es de gera\u00e7\u00e3o.<\/p>\n<p>A bandeira vermelha \u00e9 acionada quando \u00e9 preciso ligar usinas termel\u00e9tricas mais caras, por causa da falta de chuvas. Segundo a Aneel, o sistema de bandeiras tarif\u00e1rias sinaliza o custo real da energia gerada, possibilitando aos consumidores o uso consciente. As cores verde, amarela ou vermelha (nos patamares 1 e 2) indicam se a energia custar\u00e1 mais ou menos em fun\u00e7\u00e3o das condi\u00e7\u00f5es de gera\u00e7\u00e3o de eletricidade.<\/p>\n<p>Fonte: Ag\u00eancia Brasil<\/p>\n","protected":false},"excerpt":{"rendered":"<p>A Ag\u00eancia Nacional de Elergia El\u00e9trica (Aneel) divulgou nesta segunda-feira (27) que a bandeira tarif\u00e1ria para o m\u00eas de dezembro ser\u00e1 vermelha, mas no patamar 1, com custo um pouco menor, de R$ 3 a cada 100 kWh (quilowatts-hora) consumidos. Desde outubro, vigorava o patamar 2 na cobran\u00e7a nas contas de luz, tarifa mais cara prevista na distribui\u00e7\u00e3o das bandeira e que implica a cobran\u00e7a de taxa extra nas contas de luz de\u00a0R$ 5 a cada 100 kWh consumidos, ap\u00f3s reajuste anunciado em novembro. Em setembro, vigorou na cobran\u00e7a das contas de luz a bandeira amarela, que aplicou uma taxa extra de R$ 2 para cada 100 kWh. De acordo com a ag\u00eancia, houve uma ligeira melhora na situa\u00e7\u00e3o dos reservat\u00f3rios das usinas hidrel\u00e9tricas. A Aneel disse ainda que, embora n\u00e3o haja risco de desabastecimento, \u00e9 preciso refor\u00e7ar as medidas para evitar o desperd\u00edcio de energia. Na semana passada, o Comit\u00ea de Monitoramento do Setor El\u00e9trico (CMSE) apontou uma \u201cpequena melhoria\u201d nas condi\u00e7\u00f5es de atendimento ao Sistema Interligado Nacional, em raz\u00e3o das chuvas registradas no m\u00eas de novembro. De acordo com o comit\u00ea, o cen\u00e1rio \u00e9 de acompanhamento da evolu\u00e7\u00e3o \u201cconsiderando as chuvas previstas nos pr\u00f3ximos dias em grande parte do pa\u00eds.\u201d Para o per\u00edodo de 15 a 30 dias, a previs\u00e3o \u00e9 de chuvas relativamente pr\u00f3ximas \u00e0 m\u00e9dia hist\u00f3rica no Sudeste, Centro-Oeste e no centro-norte da regi\u00e3o Sul. Bandeiras tarif\u00e1rias O sistema de bandeiras tarif\u00e1rias foi criado em 2015 como forma de recompor os gastos extras com a utiliza\u00e7\u00e3o de energia de usinas termel\u00e9tricas, que \u00e9 mais cara do que a de hidrel\u00e9tricas. A cor da bandeira \u00e9 impressa na conta de luz (vermelha, amarela ou verde) e indica o custo da energia em fun\u00e7\u00e3o das condi\u00e7\u00f5es de gera\u00e7\u00e3o. A bandeira vermelha \u00e9 acionada quando \u00e9 preciso ligar usinas termel\u00e9tricas mais caras, por causa da falta de chuvas. Segundo a Aneel, o sistema de bandeiras tarif\u00e1rias sinaliza o custo real da energia gerada, possibilitando aos consumidores o uso consciente. As cores verde, amarela ou vermelha (nos patamares 1 e 2) indicam se a energia custar\u00e1 mais ou menos em fun\u00e7\u00e3o das condi\u00e7\u00f5es de gera\u00e7\u00e3o de eletricidade. Fonte: Ag\u00eancia Brasil<\/p>\n","protected":false},"author":2,"featured_media":6359,"comment_status":"closed","ping_status":"open","sticky":false,"template":"","format":"standard","meta":{"_eb_attr":"","_jetpack_memberships_contains_paid_content":false,"footnotes":""},"categories":[11],"tags":[],"class_list":["post-6358","post","type-post","status-publish","format-standard","has-post-thumbnail","hentry","category-economia"],"yoast_head":"<!-- This site is optimized with the Yoast SEO plugin v26.5 - https:\/\/yoast.com\/wordpress\/plugins\/seo\/ -->\n<title>Aneel mant\u00e9m bandeira vermelha para dezembro - Not&iacute;cias em Destaque<\/title>\n<meta name=\"robots\" content=\"index, follow, max-snippet:-1, max-image-preview:large, max-video-preview:-1\" \/>\n<link rel=\"canonical\" href=\"https:\/\/noticiasemdestaque.com\/cd\/?p=6358\" \/>\n<meta property=\"og:locale\" content=\"pt_BR\" \/>\n<meta property=\"og:type\" content=\"article\" \/>\n<meta property=\"og:title\" content=\"Aneel mant\u00e9m bandeira vermelha para dezembro - Not&iacute;cias em Destaque\" \/>\n<meta property=\"og:description\" content=\"A Ag\u00eancia Nacional de Elergia El\u00e9trica (Aneel) divulgou nesta segunda-feira (27) que a bandeira tarif\u00e1ria para o m\u00eas de dezembro ser\u00e1 vermelha, mas no patamar 1, com custo um pouco menor, de R$ 3 a cada 100 kWh (quilowatts-hora) consumidos. Desde outubro, vigorava o patamar 2 na cobran\u00e7a nas contas de luz, tarifa mais cara prevista na distribui\u00e7\u00e3o das bandeira e que implica a cobran\u00e7a de taxa extra nas contas de luz de\u00a0R$ 5 a cada 100 kWh consumidos, ap\u00f3s reajuste anunciado em novembro. Em setembro, vigorou na cobran\u00e7a das contas de luz a bandeira amarela, que aplicou uma taxa extra de R$ 2 para cada 100 kWh. De acordo com a ag\u00eancia, houve uma ligeira melhora na situa\u00e7\u00e3o dos reservat\u00f3rios das usinas hidrel\u00e9tricas. A Aneel disse ainda que, embora n\u00e3o haja risco de desabastecimento, \u00e9 preciso refor\u00e7ar as medidas para evitar o desperd\u00edcio de energia. Na semana passada, o Comit\u00ea de Monitoramento do Setor El\u00e9trico (CMSE) apontou uma \u201cpequena melhoria\u201d nas condi\u00e7\u00f5es de atendimento ao Sistema Interligado Nacional, em raz\u00e3o das chuvas registradas no m\u00eas de novembro. De acordo com o comit\u00ea, o cen\u00e1rio \u00e9 de acompanhamento da evolu\u00e7\u00e3o \u201cconsiderando as chuvas previstas nos pr\u00f3ximos dias em grande parte do pa\u00eds.\u201d Para o per\u00edodo de 15 a 30 dias, a previs\u00e3o \u00e9 de chuvas relativamente pr\u00f3ximas \u00e0 m\u00e9dia hist\u00f3rica no Sudeste, Centro-Oeste e no centro-norte da regi\u00e3o Sul. Bandeiras tarif\u00e1rias O sistema de bandeiras tarif\u00e1rias foi criado em 2015 como forma de recompor os gastos extras com a utiliza\u00e7\u00e3o de energia de usinas termel\u00e9tricas, que \u00e9 mais cara do que a de hidrel\u00e9tricas. A cor da bandeira \u00e9 impressa na conta de luz (vermelha, amarela ou verde) e indica o custo da energia em fun\u00e7\u00e3o das condi\u00e7\u00f5es de gera\u00e7\u00e3o. A bandeira vermelha \u00e9 acionada quando \u00e9 preciso ligar usinas termel\u00e9tricas mais caras, por causa da falta de chuvas. Segundo a Aneel, o sistema de bandeiras tarif\u00e1rias sinaliza o custo real da energia gerada, possibilitando aos consumidores o uso consciente. As cores verde, amarela ou vermelha (nos patamares 1 e 2) indicam se a energia custar\u00e1 mais ou menos em fun\u00e7\u00e3o das condi\u00e7\u00f5es de gera\u00e7\u00e3o de eletricidade. Fonte: Ag\u00eancia Brasil\" \/>\n<meta property=\"og:url\" content=\"https:\/\/noticiasemdestaque.com\/cd\/?p=6358\" \/>\n<meta property=\"og:site_name\" content=\"Not&iacute;cias em Destaque\" \/>\n<meta property=\"article:published_time\" content=\"2017-11-28T10:16:50+00:00\" \/>\n<meta property=\"og:image\" content=\"https:\/\/noticiasemdestaque.com\/cd\/wp-content\/uploads\/2017\/11\/Energia-el\u00e9trica-1-300x225.jpg\" \/>\n\t<meta property=\"og:image:width\" content=\"300\" \/>\n\t<meta property=\"og:image:height\" content=\"225\" \/>\n\t<meta property=\"og:image:type\" content=\"image\/jpeg\" \/>\n<meta name=\"author\" content=\"Not\u00edcias em Destaque\" \/>\n<meta name=\"twitter:card\" content=\"summary_large_image\" \/>\n<meta name=\"twitter:label1\" content=\"Escrito por\" \/>\n\t<meta name=\"twitter:data1\" content=\"Not\u00edcias em Destaque\" \/>\n\t<meta name=\"twitter:label2\" content=\"Est. tempo de leitura\" \/>\n\t<meta name=\"twitter:data2\" content=\"2 minutos\" \/>\n<script type=\"application\/ld+json\" class=\"yoast-schema-graph\">{\"@context\":\"https:\/\/schema.org\",\"@graph\":[{\"@type\":\"Article\",\"@id\":\"https:\/\/noticiasemdestaque.com\/cd\/?p=6358#article\",\"isPartOf\":{\"@id\":\"https:\/\/noticiasemdestaque.com\/cd\/?p=6358\"},\"author\":{\"name\":\"Not\u00edcias em Destaque\",\"@id\":\"https:\/\/noticiasemdestaque.com\/cd\/#\/schema\/person\/4a81fb71f77579d059c3045891fa1786\"},\"headline\":\"Aneel mant\u00e9m bandeira vermelha para dezembro\",\"datePublished\":\"2017-11-28T10:16:50+00:00\",\"mainEntityOfPage\":{\"@id\":\"https:\/\/noticiasemdestaque.com\/cd\/?p=6358\"},\"wordCount\":390,\"publisher\":{\"@id\":\"https:\/\/noticiasemdestaque.com\/cd\/#organization\"},\"image\":{\"@id\":\"https:\/\/noticiasemdestaque.com\/cd\/?p=6358#primaryimage\"},\"thumbnailUrl\":\"https:\/\/noticiasemdestaque.com\/cd\/wp-content\/uploads\/2017\/11\/Energia-el\u00e9trica-1-300x225.jpg\",\"articleSection\":[\"Economia\"],\"inLanguage\":\"pt-BR\"},{\"@type\":\"WebPage\",\"@id\":\"https:\/\/noticiasemdestaque.com\/cd\/?p=6358\",\"url\":\"https:\/\/noticiasemdestaque.com\/cd\/?p=6358\",\"name\":\"Aneel mant\u00e9m bandeira vermelha para dezembro - Not&iacute;cias em Destaque\",\"isPartOf\":{\"@id\":\"https:\/\/noticiasemdestaque.com\/cd\/#website\"},\"primaryImageOfPage\":{\"@id\":\"https:\/\/noticiasemdestaque.com\/cd\/?p=6358#primaryimage\"},\"image\":{\"@id\":\"https:\/\/noticiasemdestaque.com\/cd\/?p=6358#primaryimage\"},\"thumbnailUrl\":\"https:\/\/noticiasemdestaque.com\/cd\/wp-content\/uploads\/2017\/11\/Energia-el\u00e9trica-1-300x225.jpg\",\"datePublished\":\"2017-11-28T10:16:50+00:00\",\"breadcrumb\":{\"@id\":\"https:\/\/noticiasemdestaque.com\/cd\/?p=6358#breadcrumb\"},\"inLanguage\":\"pt-BR\",\"potentialAction\":[{\"@type\":\"ReadAction\",\"target\":[\"https:\/\/noticiasemdestaque.com\/cd\/?p=6358\"]}]},{\"@type\":\"ImageObject\",\"inLanguage\":\"pt-BR\",\"@id\":\"https:\/\/noticiasemdestaque.com\/cd\/?p=6358#primaryimage\",\"url\":\"https:\/\/noticiasemdestaque.com\/cd\/wp-content\/uploads\/2017\/11\/Energia-el\u00e9trica-1-300x225.jpg\",\"contentUrl\":\"https:\/\/noticiasemdestaque.com\/cd\/wp-content\/uploads\/2017\/11\/Energia-el\u00e9trica-1-300x225.jpg\",\"width\":300,\"height\":225},{\"@type\":\"BreadcrumbList\",\"@id\":\"https:\/\/noticiasemdestaque.com\/cd\/?p=6358#breadcrumb\",\"itemListElement\":[{\"@type\":\"ListItem\",\"position\":1,\"name\":\"In\u00edcio\",\"item\":\"https:\/\/noticiasemdestaque.com\/cd\/\"},{\"@type\":\"ListItem\",\"position\":2,\"name\":\"Aneel mant\u00e9m bandeira vermelha para dezembro\"}]},{\"@type\":\"WebSite\",\"@id\":\"https:\/\/noticiasemdestaque.com\/cd\/#website\",\"url\":\"https:\/\/noticiasemdestaque.com\/cd\/\",\"name\":\"Not&iacute;cias em Destaque\",\"description\":\"\",\"publisher\":{\"@id\":\"https:\/\/noticiasemdestaque.com\/cd\/#organization\"},\"potentialAction\":[{\"@type\":\"SearchAction\",\"target\":{\"@type\":\"EntryPoint\",\"urlTemplate\":\"https:\/\/noticiasemdestaque.com\/cd\/?s={search_term_string}\"},\"query-input\":{\"@type\":\"PropertyValueSpecification\",\"valueRequired\":true,\"valueName\":\"search_term_string\"}}],\"inLanguage\":\"pt-BR\"},{\"@type\":\"Organization\",\"@id\":\"https:\/\/noticiasemdestaque.com\/cd\/#organization\",\"name\":\"Not\u00edcias em Destaque\",\"url\":\"https:\/\/noticiasemdestaque.com\/cd\/\",\"logo\":{\"@type\":\"ImageObject\",\"inLanguage\":\"pt-BR\",\"@id\":\"https:\/\/noticiasemdestaque.com\/cd\/#\/schema\/logo\/image\/\",\"url\":\"https:\/\/noticiasemdestaque.com\/cd\/wp-content\/uploads\/2022\/05\/imagem-base-noticiasemdestaque.png\",\"contentUrl\":\"https:\/\/noticiasemdestaque.com\/cd\/wp-content\/uploads\/2022\/05\/imagem-base-noticiasemdestaque.png\",\"width\":1200,\"height\":630,\"caption\":\"Not\u00edcias em Destaque\"},\"image\":{\"@id\":\"https:\/\/noticiasemdestaque.com\/cd\/#\/schema\/logo\/image\/\"}},{\"@type\":\"Person\",\"@id\":\"https:\/\/noticiasemdestaque.com\/cd\/#\/schema\/person\/4a81fb71f77579d059c3045891fa1786\",\"name\":\"Not\u00edcias em Destaque\",\"url\":\"https:\/\/noticiasemdestaque.com\/cd\/?author=2\"}]}<\/script>\n<!-- \/ Yoast SEO plugin. -->","yoast_head_json":{"title":"Aneel mant\u00e9m bandeira vermelha para dezembro - Not&iacute;cias em Destaque","robots":{"index":"index","follow":"follow","max-snippet":"max-snippet:-1","max-image-preview":"max-image-preview:large","max-video-preview":"max-video-preview:-1"},"canonical":"https:\/\/noticiasemdestaque.com\/cd\/?p=6358","og_locale":"pt_BR","og_type":"article","og_title":"Aneel mant\u00e9m bandeira vermelha para dezembro - Not&iacute;cias em Destaque","og_description":"A Ag\u00eancia Nacional de Elergia El\u00e9trica (Aneel) divulgou nesta segunda-feira (27) que a bandeira tarif\u00e1ria para o m\u00eas de dezembro ser\u00e1 vermelha, mas no patamar 1, com custo um pouco menor, de R$ 3 a cada 100 kWh (quilowatts-hora) consumidos. Desde outubro, vigorava o patamar 2 na cobran\u00e7a nas contas de luz, tarifa mais cara prevista na distribui\u00e7\u00e3o das bandeira e que implica a cobran\u00e7a de taxa extra nas contas de luz de\u00a0R$ 5 a cada 100 kWh consumidos, ap\u00f3s reajuste anunciado em novembro. Em setembro, vigorou na cobran\u00e7a das contas de luz a bandeira amarela, que aplicou uma taxa extra de R$ 2 para cada 100 kWh. De acordo com a ag\u00eancia, houve uma ligeira melhora na situa\u00e7\u00e3o dos reservat\u00f3rios das usinas hidrel\u00e9tricas. A Aneel disse ainda que, embora n\u00e3o haja risco de desabastecimento, \u00e9 preciso refor\u00e7ar as medidas para evitar o desperd\u00edcio de energia. Na semana passada, o Comit\u00ea de Monitoramento do Setor El\u00e9trico (CMSE) apontou uma \u201cpequena melhoria\u201d nas condi\u00e7\u00f5es de atendimento ao Sistema Interligado Nacional, em raz\u00e3o das chuvas registradas no m\u00eas de novembro. De acordo com o comit\u00ea, o cen\u00e1rio \u00e9 de acompanhamento da evolu\u00e7\u00e3o \u201cconsiderando as chuvas previstas nos pr\u00f3ximos dias em grande parte do pa\u00eds.\u201d Para o per\u00edodo de 15 a 30 dias, a previs\u00e3o \u00e9 de chuvas relativamente pr\u00f3ximas \u00e0 m\u00e9dia hist\u00f3rica no Sudeste, Centro-Oeste e no centro-norte da regi\u00e3o Sul. Bandeiras tarif\u00e1rias O sistema de bandeiras tarif\u00e1rias foi criado em 2015 como forma de recompor os gastos extras com a utiliza\u00e7\u00e3o de energia de usinas termel\u00e9tricas, que \u00e9 mais cara do que a de hidrel\u00e9tricas. A cor da bandeira \u00e9 impressa na conta de luz (vermelha, amarela ou verde) e indica o custo da energia em fun\u00e7\u00e3o das condi\u00e7\u00f5es de gera\u00e7\u00e3o. A bandeira vermelha \u00e9 acionada quando \u00e9 preciso ligar usinas termel\u00e9tricas mais caras, por causa da falta de chuvas. Segundo a Aneel, o sistema de bandeiras tarif\u00e1rias sinaliza o custo real da energia gerada, possibilitando aos consumidores o uso consciente. As cores verde, amarela ou vermelha (nos patamares 1 e 2) indicam se a energia custar\u00e1 mais ou menos em fun\u00e7\u00e3o das condi\u00e7\u00f5es de gera\u00e7\u00e3o de eletricidade. Fonte: Ag\u00eancia Brasil","og_url":"https:\/\/noticiasemdestaque.com\/cd\/?p=6358","og_site_name":"Not&iacute;cias em Destaque","article_published_time":"2017-11-28T10:16:50+00:00","og_image":[{"width":300,"height":225,"url":"https:\/\/noticiasemdestaque.com\/cd\/wp-content\/uploads\/2017\/11\/Energia-el\u00e9trica-1-300x225.jpg","type":"image\/jpeg"}],"author":"Not\u00edcias em Destaque","twitter_card":"summary_large_image","twitter_misc":{"Escrito por":"Not\u00edcias em Destaque","Est. tempo de leitura":"2 minutos"},"schema":{"@context":"https:\/\/schema.org","@graph":[{"@type":"Article","@id":"https:\/\/noticiasemdestaque.com\/cd\/?p=6358#article","isPartOf":{"@id":"https:\/\/noticiasemdestaque.com\/cd\/?p=6358"},"author":{"name":"Not\u00edcias em Destaque","@id":"https:\/\/noticiasemdestaque.com\/cd\/#\/schema\/person\/4a81fb71f77579d059c3045891fa1786"},"headline":"Aneel mant\u00e9m bandeira vermelha para dezembro","datePublished":"2017-11-28T10:16:50+00:00","mainEntityOfPage":{"@id":"https:\/\/noticiasemdestaque.com\/cd\/?p=6358"},"wordCount":390,"publisher":{"@id":"https:\/\/noticiasemdestaque.com\/cd\/#organization"},"image":{"@id":"https:\/\/noticiasemdestaque.com\/cd\/?p=6358#primaryimage"},"thumbnailUrl":"https:\/\/noticiasemdestaque.com\/cd\/wp-content\/uploads\/2017\/11\/Energia-el\u00e9trica-1-300x225.jpg","articleSection":["Economia"],"inLanguage":"pt-BR"},{"@type":"WebPage","@id":"https:\/\/noticiasemdestaque.com\/cd\/?p=6358","url":"https:\/\/noticiasemdestaque.com\/cd\/?p=6358","name":"Aneel mant\u00e9m bandeira vermelha para dezembro - Not&iacute;cias em Destaque","isPartOf":{"@id":"https:\/\/noticiasemdestaque.com\/cd\/#website"},"primaryImageOfPage":{"@id":"https:\/\/noticiasemdestaque.com\/cd\/?p=6358#primaryimage"},"image":{"@id":"https:\/\/noticiasemdestaque.com\/cd\/?p=6358#primaryimage"},"thumbnailUrl":"https:\/\/noticiasemdestaque.com\/cd\/wp-content\/uploads\/2017\/11\/Energia-el\u00e9trica-1-300x225.jpg","datePublished":"2017-11-28T10:16:50+00:00","breadcrumb":{"@id":"https:\/\/noticiasemdestaque.com\/cd\/?p=6358#breadcrumb"},"inLanguage":"pt-BR","potentialAction":[{"@type":"ReadAction","target":["https:\/\/noticiasemdestaque.com\/cd\/?p=6358"]}]},{"@type":"ImageObject","inLanguage":"pt-BR","@id":"https:\/\/noticiasemdestaque.com\/cd\/?p=6358#primaryimage","url":"https:\/\/noticiasemdestaque.com\/cd\/wp-content\/uploads\/2017\/11\/Energia-el\u00e9trica-1-300x225.jpg","contentUrl":"https:\/\/noticiasemdestaque.com\/cd\/wp-content\/uploads\/2017\/11\/Energia-el\u00e9trica-1-300x225.jpg","width":300,"height":225},{"@type":"BreadcrumbList","@id":"https:\/\/noticiasemdestaque.com\/cd\/?p=6358#breadcrumb","itemListElement":[{"@type":"ListItem","position":1,"name":"In\u00edcio","item":"https:\/\/noticiasemdestaque.com\/cd\/"},{"@type":"ListItem","position":2,"name":"Aneel mant\u00e9m bandeira vermelha para dezembro"}]},{"@type":"WebSite","@id":"https:\/\/noticiasemdestaque.com\/cd\/#website","url":"https:\/\/noticiasemdestaque.com\/cd\/","name":"Not&iacute;cias em Destaque","description":"","publisher":{"@id":"https:\/\/noticiasemdestaque.com\/cd\/#organization"},"potentialAction":[{"@type":"SearchAction","target":{"@type":"EntryPoint","urlTemplate":"https:\/\/noticiasemdestaque.com\/cd\/?s={search_term_string}"},"query-input":{"@type":"PropertyValueSpecification","valueRequired":true,"valueName":"search_term_string"}}],"inLanguage":"pt-BR"},{"@type":"Organization","@id":"https:\/\/noticiasemdestaque.com\/cd\/#organization","name":"Not\u00edcias em Destaque","url":"https:\/\/noticiasemdestaque.com\/cd\/","logo":{"@type":"ImageObject","inLanguage":"pt-BR","@id":"https:\/\/noticiasemdestaque.com\/cd\/#\/schema\/logo\/image\/","url":"https:\/\/noticiasemdestaque.com\/cd\/wp-content\/uploads\/2022\/05\/imagem-base-noticiasemdestaque.png","contentUrl":"https:\/\/noticiasemdestaque.com\/cd\/wp-content\/uploads\/2022\/05\/imagem-base-noticiasemdestaque.png","width":1200,"height":630,"caption":"Not\u00edcias em Destaque"},"image":{"@id":"https:\/\/noticiasemdestaque.com\/cd\/#\/schema\/logo\/image\/"}},{"@type":"Person","@id":"https:\/\/noticiasemdestaque.com\/cd\/#\/schema\/person\/4a81fb71f77579d059c3045891fa1786","name":"Not\u00edcias em Destaque","url":"https:\/\/noticiasemdestaque.com\/cd\/?author=2"}]}},"jetpack_featured_media_url":"https:\/\/noticiasemdestaque.com\/cd\/wp-content\/uploads\/2017\/11\/Energia-el\u00e9trica-1-300x225.jpg","jetpack_sharing_enabled":true,"_links":{"self":[{"href":"https:\/\/noticiasemdestaque.com\/cd\/index.php?rest_route=\/wp\/v2\/posts\/6358","targetHints":{"allow":["GET"]}}],"collection":[{"href":"https:\/\/noticiasemdestaque.com\/cd\/index.php?rest_route=\/wp\/v2\/posts"}],"about":[{"href":"https:\/\/noticiasemdestaque.com\/cd\/index.php?rest_route=\/wp\/v2\/types\/post"}],"author":[{"embeddable":true,"href":"https:\/\/noticiasemdestaque.com\/cd\/index.php?rest_route=\/wp\/v2\/users\/2"}],"replies":[{"embeddable":true,"href":"https:\/\/noticiasemdestaque.com\/cd\/index.php?rest_route=%2Fwp%2Fv2%2Fcomments&post=6358"}],"version-history":[{"count":1,"href":"https:\/\/noticiasemdestaque.com\/cd\/index.php?rest_route=\/wp\/v2\/posts\/6358\/revisions"}],"predecessor-version":[{"id":6360,"href":"https:\/\/noticiasemdestaque.com\/cd\/index.php?rest_route=\/wp\/v2\/posts\/6358\/revisions\/6360"}],"wp:featuredmedia":[{"embeddable":true,"href":"https:\/\/noticiasemdestaque.com\/cd\/index.php?rest_route=\/wp\/v2\/media\/6359"}],"wp:attachment":[{"href":"https:\/\/noticiasemdestaque.com\/cd\/index.php?rest_route=%2Fwp%2Fv2%2Fmedia&parent=6358"}],"wp:term":[{"taxonomy":"category","embeddable":true,"href":"https:\/\/noticiasemdestaque.com\/cd\/index.php?rest_route=%2Fwp%2Fv2%2Fcategories&post=6358"},{"taxonomy":"post_tag","embeddable":true,"href":"https:\/\/noticiasemdestaque.com\/cd\/index.php?rest_route=%2Fwp%2Fv2%2Ftags&post=6358"}],"curies":[{"name":"wp","href":"https:\/\/api.w.org\/{rel}","templated":true}]}}