{"id":6355,"date":"2017-11-28T07:10:34","date_gmt":"2017-11-28T10:10:34","guid":{"rendered":"http:\/\/caririemdestaque.com\/cd\/?p=6355"},"modified":"2017-11-28T07:10:34","modified_gmt":"2017-11-28T10:10:34","slug":"pesquisa-preliminar-aponta-que-546-dos-brasileiros-de-16-a-25-anos-tem-hpv","status":"publish","type":"post","link":"https:\/\/noticiasemdestaque.com\/cd\/?p=6355","title":{"rendered":"Pesquisa preliminar aponta que 54,6% dos brasileiros de 16 a 25 anos t\u00eam HPV"},"content":{"rendered":"<div class=\"mc-column content-text active-extra-styles active-capital-letter\" data-block-type=\"unstyled\" data-block-weight=\"45\" data-block-id=\"2\">\n<p class=\"content-text__container theme-color-primary-first-letter\" data-track-category=\"Link no Texto\" data-track-links=\"\"><a href=\"http:\/\/caririemdestaque.com\/cd\/wp-content\/uploads\/2017\/11\/vacina-300x200.jpg\"><img fetchpriority=\"high\" decoding=\"async\" class=\"wp-image-6356 size-medium alignleft\" src=\"http:\/\/caririemdestaque.com\/cd\/wp-content\/uploads\/2017\/11\/vacina-300x200-300x200.jpg\" alt=\"\" width=\"300\" height=\"200\" \/><\/a>Dados preliminares de um estudo divulgado nesta segunda-feira (27) pelo\u00a0Minist\u00e9rio da Sa\u00fade\u00a0apontam uma preval\u00eancia de 54,6% de casos de HPV entre a popula\u00e7\u00e3o brasileira de 16 a 25 anos, sendo que 38,4% s\u00e3o de tipos de alto risco para o desenvolvimento de c\u00e2ncer.<\/p>\n<\/div>\n<div class=\"mc-column content-text active-extra-styles \" data-block-type=\"unstyled\" data-block-weight=\"58\" data-block-id=\"3\">\n<p class=\"content-text__container \" data-track-category=\"Link no Texto\" data-track-links=\"\">Em junho deste ano, o governo federal anunciou a amplia\u00e7\u00e3o do p\u00fablico-alvo para a vacina\u00e7\u00e3o contra a doen\u00e7a:\u00a0meninos de 11 a 15 anos agora podem receber uma dose. A infec\u00e7\u00e3o por HPV \u00e9 associada a v\u00e1rios tipos de c\u00e2ncer, principalmente ao de colo de \u00fatero, mas tamb\u00e9m de p\u00eanis, de vulva, de canal anal e de orofaringe.<\/p>\n<\/div>\n<div class=\"mc-column content-text active-extra-styles \" data-block-type=\"unstyled\" data-block-weight=\"55\" data-block-id=\"4\">\n<p class=\"content-text__container \" data-track-category=\"Link no Texto\" data-track-links=\"\">A amostra do estudo \u00e9 composta por 5.812 mulheres e 1.774 homens com 16 a 25 anos, sendo a m\u00e9dia de idade de 20,6 anos. O grupo foi entrevistado e fez exames. Foram inclu\u00eddos dados de 119 Unidades B\u00e1sicas de Sa\u00fade e um Centro de Testagem e Aconselhamento das 26 capitais e do Distrito Federal.<\/p>\n<\/div>\n<div class=\"mc-column content-text active-extra-styles \" data-block-type=\"unstyled\" data-block-weight=\"86\" data-block-id=\"5\">\n<p class=\"content-text__container \" data-track-category=\"Link no Texto\" data-track-links=\"\">O minist\u00e9rio contou com o apoio do Hospital Moinhos do Vento, em\u00a0Porto Alegre, para planejar a pesquisa. Por enquanto, os resultados s\u00e3o preliminares e produzidos por meio de estimativa. O resultado laboratorial foi dado para 35,2% das amostras para o HPV \u2013 de onde se extraiu a informa\u00e7\u00e3o de que 54,6% dos participantes t\u00eam a doen\u00e7a. Como alguns munic\u00edpios ainda n\u00e3o encerraram as coletas, essa porcentagem pode mudar at\u00e9 o fim do estudo. O relat\u00f3rio deve ser totalmente encerrado e divulgado em mar\u00e7o de 2018.<\/p>\n<\/div>\n<div class=\"mc-column content-text active-extra-styles\" data-block-type=\"raw\" data-block-weight=\"55\" data-block-id=\"6\">\n<blockquote class=\"content-blockquote theme-border-color-primary-before\"><p>\u201cTodo mundo passou pela coleta, mas uma parte ainda n\u00e3o foi analisada. Esse dado pode ter uma pequena varia\u00e7\u00e3o n\u00e3o maior que 2 pontos percentuais, \u00e9 isso que a gente estima. De qualquer maneira, \u00e9 um n\u00famero muito alto, mesmo se for de 54% para 52%\u201d, disse a coordenadora do estudo, a m\u00e9dica Eliana Wendland.<\/p><\/blockquote>\n<p><strong>Como foi feito<\/strong><\/p>\n<div class=\"mc-column content-text active-extra-styles \" data-block-type=\"unstyled\" data-block-weight=\"45\" data-block-id=\"9\">\n<p class=\"content-text__container \" data-track-category=\"Link no Texto\" data-track-links=\"\">Os pesquisadores coletaram amostras genitais e orais para determinar a preval\u00eancia do HPV, objetivo principal do estudo. Tamb\u00e9m foram analisadas vari\u00e1veis sociodemogr\u00e1ficas, consumo de drogas l\u00edcitas e il\u00edcitas, comportamento sexual e sa\u00fade reprodutiva e infec\u00e7\u00f5es sexualmente transmiss\u00edveis, como HIV e s\u00edfilis, por meio das entrevistas.<\/p>\n<\/div>\n<div class=\"mc-column content-text active-extra-styles \" data-block-type=\"unstyled\" data-block-weight=\"42\" data-block-id=\"10\">\n<p class=\"content-text__container \" data-track-category=\"Link no Texto\" data-track-links=\"\">\u201cFizeram teste r\u00e1pido de HIV e s\u00edfilis, isso foi feito no mesmo momento da entrevista nas unidades de sa\u00fade\u201d, explicou Wendland. O estudo apontou que 16,1% da popula\u00e7\u00e3o avaliada j\u00e1 tinha alguma DST pr\u00e9via ou apresentou resultado positivo para HIV e s\u00edfilis.<\/p>\n<\/div>\n<div class=\"mc-column content-text active-extra-styles \" data-block-type=\"unstyled\" data-block-weight=\"41\" data-block-id=\"11\">\n<p class=\"content-text__container \" data-track-category=\"Link no Texto\" data-track-links=\"\">Estavam namorando 41,9% e 33,1% eram casados no momento da coleta. Eram solteiros 24,2% e apenas 0,7% eram divorciados. Em m\u00e9dia, os participantes fizeram sexo pela primeira vez aos 15,3 anos \u2013 mulheres aos 15,4 anos e homens aos 15 anos.<\/p>\n<\/div>\n<div class=\"mc-column content-text active-extra-styles \" data-block-type=\"unstyled\" data-block-weight=\"30\" data-block-id=\"12\">\n<p class=\"content-text__container \" data-track-category=\"Link no Texto\" data-track-links=\"\">Metade dos indiv\u00edduos (51,5%) disse usar camisinha na rotina sexual. Apenas 41,1% usou na \u00faltima vez que fez sexo. O comportamento sexual de risco foi observado em 83,4% dos entrevistados.<\/p>\n<\/div>\n<div data-track-category=\"fim do conteudo\" data-track-action=\"ultimo chunk conteudo\" data-track-noninteraction=\"false\" data-track-scroll=\"entrada completa viewport\">\n<div class=\"mc-column content-text active-extra-styles \" data-block-type=\"unstyled\" data-block-weight=\"62\" data-block-id=\"13\">\n<p class=\"content-text__container \" data-track-category=\"Link no Texto\" data-track-links=\"\">A pesquisa \u00e9 uma parceria com v\u00e1rias institui\u00e7\u00f5es: Universidade Federal de Ci\u00eancias da Sa\u00fade de Porto Alegre, Universidade de S\u00e3o Paulo, Centro de Controle e Preven\u00e7\u00e3o de Doen\u00e7as (CDC, sigla em ingl\u00eas), Escola de Higiene e Medicina Tropical de Londres, secretarias municipais de sa\u00fade de todas as capitais do Brasil e Unidades B\u00e1sicas de Sa\u00fade. Mais de 250 profissionais de sa\u00fade colaboraram.<\/p>\n<p class=\"content-text__container \" data-track-category=\"Link no Texto\" data-track-links=\"\">Fonte: G1<\/p>\n<\/div>\n<\/div>\n<\/div>\n","protected":false},"excerpt":{"rendered":"<p>Dados preliminares de um estudo divulgado nesta segunda-feira (27) pelo\u00a0Minist\u00e9rio da Sa\u00fade\u00a0apontam uma preval\u00eancia de 54,6% de casos de HPV entre a popula\u00e7\u00e3o brasileira de 16 a 25 anos, sendo que 38,4% s\u00e3o de tipos de alto risco para o desenvolvimento de c\u00e2ncer. Em junho deste ano, o governo federal anunciou a amplia\u00e7\u00e3o do p\u00fablico-alvo para a vacina\u00e7\u00e3o contra a doen\u00e7a:\u00a0meninos de 11 a 15 anos agora podem receber uma dose. A infec\u00e7\u00e3o por HPV \u00e9 associada a v\u00e1rios tipos de c\u00e2ncer, principalmente ao de colo de \u00fatero, mas tamb\u00e9m de p\u00eanis, de vulva, de canal anal e de orofaringe. A amostra do estudo \u00e9 composta por 5.812 mulheres e 1.774 homens com 16 a 25 anos, sendo a m\u00e9dia de idade de 20,6 anos. O grupo foi entrevistado e fez exames. Foram inclu\u00eddos dados de 119 Unidades B\u00e1sicas de Sa\u00fade e um Centro de Testagem e Aconselhamento das 26 capitais e do Distrito Federal. O minist\u00e9rio contou com o apoio do Hospital Moinhos do Vento, em\u00a0Porto Alegre, para planejar a pesquisa. Por enquanto, os resultados s\u00e3o preliminares e produzidos por meio de estimativa. O resultado laboratorial foi dado para 35,2% das amostras para o HPV \u2013 de onde se extraiu a informa\u00e7\u00e3o de que 54,6% dos participantes t\u00eam a doen\u00e7a. Como alguns munic\u00edpios ainda n\u00e3o encerraram as coletas, essa porcentagem pode mudar at\u00e9 o fim do estudo. O relat\u00f3rio deve ser totalmente encerrado e divulgado em mar\u00e7o de 2018. \u201cTodo mundo passou pela coleta, mas uma parte ainda n\u00e3o foi analisada. Esse dado pode ter uma pequena varia\u00e7\u00e3o n\u00e3o maior que 2 pontos percentuais, \u00e9 isso que a gente estima. De qualquer maneira, \u00e9 um n\u00famero muito alto, mesmo se for de 54% para 52%\u201d, disse a coordenadora do estudo, a m\u00e9dica Eliana Wendland. Como foi feito Os pesquisadores coletaram amostras genitais e orais para determinar a preval\u00eancia do HPV, objetivo principal do estudo. Tamb\u00e9m foram analisadas vari\u00e1veis sociodemogr\u00e1ficas, consumo de drogas l\u00edcitas e il\u00edcitas, comportamento sexual e sa\u00fade reprodutiva e infec\u00e7\u00f5es sexualmente transmiss\u00edveis, como HIV e s\u00edfilis, por meio das entrevistas. \u201cFizeram teste r\u00e1pido de HIV e s\u00edfilis, isso foi feito no mesmo momento da entrevista nas unidades de sa\u00fade\u201d, explicou Wendland. O estudo apontou que 16,1% da popula\u00e7\u00e3o avaliada j\u00e1 tinha alguma DST pr\u00e9via ou apresentou resultado positivo para HIV e s\u00edfilis. Estavam namorando 41,9% e 33,1% eram casados no momento da coleta. Eram solteiros 24,2% e apenas 0,7% eram divorciados. Em m\u00e9dia, os participantes fizeram sexo pela primeira vez aos 15,3 anos \u2013 mulheres aos 15,4 anos e homens aos 15 anos. Metade dos indiv\u00edduos (51,5%) disse usar camisinha na rotina sexual. Apenas 41,1% usou na \u00faltima vez que fez sexo. O comportamento sexual de risco foi observado em 83,4% dos entrevistados. A pesquisa \u00e9 uma parceria com v\u00e1rias institui\u00e7\u00f5es: Universidade Federal de Ci\u00eancias da Sa\u00fade de Porto Alegre, Universidade de S\u00e3o Paulo, Centro de Controle e Preven\u00e7\u00e3o de Doen\u00e7as (CDC, sigla em ingl\u00eas), Escola de Higiene e Medicina Tropical de Londres, secretarias municipais de sa\u00fade de todas as capitais do Brasil e Unidades B\u00e1sicas de Sa\u00fade. Mais de 250 profissionais de sa\u00fade colaboraram. Fonte: G1<\/p>\n","protected":false},"author":2,"featured_media":6356,"comment_status":"closed","ping_status":"open","sticky":false,"template":"","format":"standard","meta":{"_eb_attr":"","_jetpack_memberships_contains_paid_content":false,"footnotes":""},"categories":[8],"tags":[],"class_list":["post-6355","post","type-post","status-publish","format-standard","has-post-thumbnail","hentry","category-saude"],"yoast_head":"<!-- This site is optimized with the Yoast SEO plugin v26.5 - https:\/\/yoast.com\/wordpress\/plugins\/seo\/ -->\n<title>Pesquisa preliminar aponta que 54,6% dos brasileiros de 16 a 25 anos t\u00eam HPV - Not&iacute;cias em Destaque<\/title>\n<meta name=\"robots\" content=\"index, follow, max-snippet:-1, max-image-preview:large, max-video-preview:-1\" \/>\n<link rel=\"canonical\" href=\"https:\/\/noticiasemdestaque.com\/cd\/?p=6355\" \/>\n<meta property=\"og:locale\" content=\"pt_BR\" \/>\n<meta property=\"og:type\" content=\"article\" \/>\n<meta property=\"og:title\" content=\"Pesquisa preliminar aponta que 54,6% dos brasileiros de 16 a 25 anos t\u00eam HPV - Not&iacute;cias em Destaque\" \/>\n<meta property=\"og:description\" content=\"Dados preliminares de um estudo divulgado nesta segunda-feira (27) pelo\u00a0Minist\u00e9rio da Sa\u00fade\u00a0apontam uma preval\u00eancia de 54,6% de casos de HPV entre a popula\u00e7\u00e3o brasileira de 16 a 25 anos, sendo que 38,4% s\u00e3o de tipos de alto risco para o desenvolvimento de c\u00e2ncer. Em junho deste ano, o governo federal anunciou a amplia\u00e7\u00e3o do p\u00fablico-alvo para a vacina\u00e7\u00e3o contra a doen\u00e7a:\u00a0meninos de 11 a 15 anos agora podem receber uma dose. A infec\u00e7\u00e3o por HPV \u00e9 associada a v\u00e1rios tipos de c\u00e2ncer, principalmente ao de colo de \u00fatero, mas tamb\u00e9m de p\u00eanis, de vulva, de canal anal e de orofaringe. A amostra do estudo \u00e9 composta por 5.812 mulheres e 1.774 homens com 16 a 25 anos, sendo a m\u00e9dia de idade de 20,6 anos. O grupo foi entrevistado e fez exames. Foram inclu\u00eddos dados de 119 Unidades B\u00e1sicas de Sa\u00fade e um Centro de Testagem e Aconselhamento das 26 capitais e do Distrito Federal. O minist\u00e9rio contou com o apoio do Hospital Moinhos do Vento, em\u00a0Porto Alegre, para planejar a pesquisa. Por enquanto, os resultados s\u00e3o preliminares e produzidos por meio de estimativa. O resultado laboratorial foi dado para 35,2% das amostras para o HPV \u2013 de onde se extraiu a informa\u00e7\u00e3o de que 54,6% dos participantes t\u00eam a doen\u00e7a. Como alguns munic\u00edpios ainda n\u00e3o encerraram as coletas, essa porcentagem pode mudar at\u00e9 o fim do estudo. O relat\u00f3rio deve ser totalmente encerrado e divulgado em mar\u00e7o de 2018. \u201cTodo mundo passou pela coleta, mas uma parte ainda n\u00e3o foi analisada. Esse dado pode ter uma pequena varia\u00e7\u00e3o n\u00e3o maior que 2 pontos percentuais, \u00e9 isso que a gente estima. De qualquer maneira, \u00e9 um n\u00famero muito alto, mesmo se for de 54% para 52%\u201d, disse a coordenadora do estudo, a m\u00e9dica Eliana Wendland. Como foi feito Os pesquisadores coletaram amostras genitais e orais para determinar a preval\u00eancia do HPV, objetivo principal do estudo. Tamb\u00e9m foram analisadas vari\u00e1veis sociodemogr\u00e1ficas, consumo de drogas l\u00edcitas e il\u00edcitas, comportamento sexual e sa\u00fade reprodutiva e infec\u00e7\u00f5es sexualmente transmiss\u00edveis, como HIV e s\u00edfilis, por meio das entrevistas. \u201cFizeram teste r\u00e1pido de HIV e s\u00edfilis, isso foi feito no mesmo momento da entrevista nas unidades de sa\u00fade\u201d, explicou Wendland. O estudo apontou que 16,1% da popula\u00e7\u00e3o avaliada j\u00e1 tinha alguma DST pr\u00e9via ou apresentou resultado positivo para HIV e s\u00edfilis. Estavam namorando 41,9% e 33,1% eram casados no momento da coleta. Eram solteiros 24,2% e apenas 0,7% eram divorciados. Em m\u00e9dia, os participantes fizeram sexo pela primeira vez aos 15,3 anos \u2013 mulheres aos 15,4 anos e homens aos 15 anos. Metade dos indiv\u00edduos (51,5%) disse usar camisinha na rotina sexual. Apenas 41,1% usou na \u00faltima vez que fez sexo. O comportamento sexual de risco foi observado em 83,4% dos entrevistados. A pesquisa \u00e9 uma parceria com v\u00e1rias institui\u00e7\u00f5es: Universidade Federal de Ci\u00eancias da Sa\u00fade de Porto Alegre, Universidade de S\u00e3o Paulo, Centro de Controle e Preven\u00e7\u00e3o de Doen\u00e7as (CDC, sigla em ingl\u00eas), Escola de Higiene e Medicina Tropical de Londres, secretarias municipais de sa\u00fade de todas as capitais do Brasil e Unidades B\u00e1sicas de Sa\u00fade. Mais de 250 profissionais de sa\u00fade colaboraram. Fonte: G1\" \/>\n<meta property=\"og:url\" content=\"https:\/\/noticiasemdestaque.com\/cd\/?p=6355\" \/>\n<meta property=\"og:site_name\" content=\"Not&iacute;cias em Destaque\" \/>\n<meta property=\"article:published_time\" content=\"2017-11-28T10:10:34+00:00\" \/>\n<meta property=\"og:image\" content=\"https:\/\/noticiasemdestaque.com\/cd\/wp-content\/uploads\/2017\/11\/vacina-300x200.jpg\" \/>\n\t<meta property=\"og:image:width\" content=\"300\" \/>\n\t<meta property=\"og:image:height\" content=\"200\" \/>\n\t<meta property=\"og:image:type\" content=\"image\/jpeg\" \/>\n<meta name=\"author\" content=\"Not\u00edcias em Destaque\" \/>\n<meta name=\"twitter:card\" content=\"summary_large_image\" \/>\n<meta name=\"twitter:label1\" content=\"Escrito por\" \/>\n\t<meta name=\"twitter:data1\" content=\"Not\u00edcias em Destaque\" \/>\n\t<meta name=\"twitter:label2\" content=\"Est. tempo de leitura\" \/>\n\t<meta name=\"twitter:data2\" content=\"3 minutos\" \/>\n<script type=\"application\/ld+json\" class=\"yoast-schema-graph\">{\"@context\":\"https:\/\/schema.org\",\"@graph\":[{\"@type\":\"Article\",\"@id\":\"https:\/\/noticiasemdestaque.com\/cd\/?p=6355#article\",\"isPartOf\":{\"@id\":\"https:\/\/noticiasemdestaque.com\/cd\/?p=6355\"},\"author\":{\"name\":\"Not\u00edcias em Destaque\",\"@id\":\"https:\/\/noticiasemdestaque.com\/cd\/#\/schema\/person\/4a81fb71f77579d059c3045891fa1786\"},\"headline\":\"Pesquisa preliminar aponta que 54,6% dos brasileiros de 16 a 25 anos t\u00eam HPV\",\"datePublished\":\"2017-11-28T10:10:34+00:00\",\"mainEntityOfPage\":{\"@id\":\"https:\/\/noticiasemdestaque.com\/cd\/?p=6355\"},\"wordCount\":560,\"publisher\":{\"@id\":\"https:\/\/noticiasemdestaque.com\/cd\/#organization\"},\"image\":{\"@id\":\"https:\/\/noticiasemdestaque.com\/cd\/?p=6355#primaryimage\"},\"thumbnailUrl\":\"https:\/\/noticiasemdestaque.com\/cd\/wp-content\/uploads\/2017\/11\/vacina-300x200.jpg\",\"articleSection\":[\"Sa\u00fade\"],\"inLanguage\":\"pt-BR\"},{\"@type\":\"WebPage\",\"@id\":\"https:\/\/noticiasemdestaque.com\/cd\/?p=6355\",\"url\":\"https:\/\/noticiasemdestaque.com\/cd\/?p=6355\",\"name\":\"Pesquisa preliminar aponta que 54,6% dos brasileiros de 16 a 25 anos t\u00eam HPV - Not&iacute;cias em Destaque\",\"isPartOf\":{\"@id\":\"https:\/\/noticiasemdestaque.com\/cd\/#website\"},\"primaryImageOfPage\":{\"@id\":\"https:\/\/noticiasemdestaque.com\/cd\/?p=6355#primaryimage\"},\"image\":{\"@id\":\"https:\/\/noticiasemdestaque.com\/cd\/?p=6355#primaryimage\"},\"thumbnailUrl\":\"https:\/\/noticiasemdestaque.com\/cd\/wp-content\/uploads\/2017\/11\/vacina-300x200.jpg\",\"datePublished\":\"2017-11-28T10:10:34+00:00\",\"breadcrumb\":{\"@id\":\"https:\/\/noticiasemdestaque.com\/cd\/?p=6355#breadcrumb\"},\"inLanguage\":\"pt-BR\",\"potentialAction\":[{\"@type\":\"ReadAction\",\"target\":[\"https:\/\/noticiasemdestaque.com\/cd\/?p=6355\"]}]},{\"@type\":\"ImageObject\",\"inLanguage\":\"pt-BR\",\"@id\":\"https:\/\/noticiasemdestaque.com\/cd\/?p=6355#primaryimage\",\"url\":\"https:\/\/noticiasemdestaque.com\/cd\/wp-content\/uploads\/2017\/11\/vacina-300x200.jpg\",\"contentUrl\":\"https:\/\/noticiasemdestaque.com\/cd\/wp-content\/uploads\/2017\/11\/vacina-300x200.jpg\",\"width\":300,\"height\":200},{\"@type\":\"BreadcrumbList\",\"@id\":\"https:\/\/noticiasemdestaque.com\/cd\/?p=6355#breadcrumb\",\"itemListElement\":[{\"@type\":\"ListItem\",\"position\":1,\"name\":\"In\u00edcio\",\"item\":\"https:\/\/noticiasemdestaque.com\/cd\/\"},{\"@type\":\"ListItem\",\"position\":2,\"name\":\"Pesquisa preliminar aponta que 54,6% dos brasileiros de 16 a 25 anos t\u00eam HPV\"}]},{\"@type\":\"WebSite\",\"@id\":\"https:\/\/noticiasemdestaque.com\/cd\/#website\",\"url\":\"https:\/\/noticiasemdestaque.com\/cd\/\",\"name\":\"Not&iacute;cias em Destaque\",\"description\":\"\",\"publisher\":{\"@id\":\"https:\/\/noticiasemdestaque.com\/cd\/#organization\"},\"potentialAction\":[{\"@type\":\"SearchAction\",\"target\":{\"@type\":\"EntryPoint\",\"urlTemplate\":\"https:\/\/noticiasemdestaque.com\/cd\/?s={search_term_string}\"},\"query-input\":{\"@type\":\"PropertyValueSpecification\",\"valueRequired\":true,\"valueName\":\"search_term_string\"}}],\"inLanguage\":\"pt-BR\"},{\"@type\":\"Organization\",\"@id\":\"https:\/\/noticiasemdestaque.com\/cd\/#organization\",\"name\":\"Not\u00edcias em Destaque\",\"url\":\"https:\/\/noticiasemdestaque.com\/cd\/\",\"logo\":{\"@type\":\"ImageObject\",\"inLanguage\":\"pt-BR\",\"@id\":\"https:\/\/noticiasemdestaque.com\/cd\/#\/schema\/logo\/image\/\",\"url\":\"https:\/\/noticiasemdestaque.com\/cd\/wp-content\/uploads\/2022\/05\/imagem-base-noticiasemdestaque.png\",\"contentUrl\":\"https:\/\/noticiasemdestaque.com\/cd\/wp-content\/uploads\/2022\/05\/imagem-base-noticiasemdestaque.png\",\"width\":1200,\"height\":630,\"caption\":\"Not\u00edcias em Destaque\"},\"image\":{\"@id\":\"https:\/\/noticiasemdestaque.com\/cd\/#\/schema\/logo\/image\/\"}},{\"@type\":\"Person\",\"@id\":\"https:\/\/noticiasemdestaque.com\/cd\/#\/schema\/person\/4a81fb71f77579d059c3045891fa1786\",\"name\":\"Not\u00edcias em Destaque\",\"url\":\"https:\/\/noticiasemdestaque.com\/cd\/?author=2\"}]}<\/script>\n<!-- \/ Yoast SEO plugin. -->","yoast_head_json":{"title":"Pesquisa preliminar aponta que 54,6% dos brasileiros de 16 a 25 anos t\u00eam HPV - Not&iacute;cias em Destaque","robots":{"index":"index","follow":"follow","max-snippet":"max-snippet:-1","max-image-preview":"max-image-preview:large","max-video-preview":"max-video-preview:-1"},"canonical":"https:\/\/noticiasemdestaque.com\/cd\/?p=6355","og_locale":"pt_BR","og_type":"article","og_title":"Pesquisa preliminar aponta que 54,6% dos brasileiros de 16 a 25 anos t\u00eam HPV - Not&iacute;cias em Destaque","og_description":"Dados preliminares de um estudo divulgado nesta segunda-feira (27) pelo\u00a0Minist\u00e9rio da Sa\u00fade\u00a0apontam uma preval\u00eancia de 54,6% de casos de HPV entre a popula\u00e7\u00e3o brasileira de 16 a 25 anos, sendo que 38,4% s\u00e3o de tipos de alto risco para o desenvolvimento de c\u00e2ncer. Em junho deste ano, o governo federal anunciou a amplia\u00e7\u00e3o do p\u00fablico-alvo para a vacina\u00e7\u00e3o contra a doen\u00e7a:\u00a0meninos de 11 a 15 anos agora podem receber uma dose. A infec\u00e7\u00e3o por HPV \u00e9 associada a v\u00e1rios tipos de c\u00e2ncer, principalmente ao de colo de \u00fatero, mas tamb\u00e9m de p\u00eanis, de vulva, de canal anal e de orofaringe. A amostra do estudo \u00e9 composta por 5.812 mulheres e 1.774 homens com 16 a 25 anos, sendo a m\u00e9dia de idade de 20,6 anos. O grupo foi entrevistado e fez exames. Foram inclu\u00eddos dados de 119 Unidades B\u00e1sicas de Sa\u00fade e um Centro de Testagem e Aconselhamento das 26 capitais e do Distrito Federal. O minist\u00e9rio contou com o apoio do Hospital Moinhos do Vento, em\u00a0Porto Alegre, para planejar a pesquisa. Por enquanto, os resultados s\u00e3o preliminares e produzidos por meio de estimativa. O resultado laboratorial foi dado para 35,2% das amostras para o HPV \u2013 de onde se extraiu a informa\u00e7\u00e3o de que 54,6% dos participantes t\u00eam a doen\u00e7a. Como alguns munic\u00edpios ainda n\u00e3o encerraram as coletas, essa porcentagem pode mudar at\u00e9 o fim do estudo. O relat\u00f3rio deve ser totalmente encerrado e divulgado em mar\u00e7o de 2018. \u201cTodo mundo passou pela coleta, mas uma parte ainda n\u00e3o foi analisada. Esse dado pode ter uma pequena varia\u00e7\u00e3o n\u00e3o maior que 2 pontos percentuais, \u00e9 isso que a gente estima. De qualquer maneira, \u00e9 um n\u00famero muito alto, mesmo se for de 54% para 52%\u201d, disse a coordenadora do estudo, a m\u00e9dica Eliana Wendland. Como foi feito Os pesquisadores coletaram amostras genitais e orais para determinar a preval\u00eancia do HPV, objetivo principal do estudo. Tamb\u00e9m foram analisadas vari\u00e1veis sociodemogr\u00e1ficas, consumo de drogas l\u00edcitas e il\u00edcitas, comportamento sexual e sa\u00fade reprodutiva e infec\u00e7\u00f5es sexualmente transmiss\u00edveis, como HIV e s\u00edfilis, por meio das entrevistas. \u201cFizeram teste r\u00e1pido de HIV e s\u00edfilis, isso foi feito no mesmo momento da entrevista nas unidades de sa\u00fade\u201d, explicou Wendland. O estudo apontou que 16,1% da popula\u00e7\u00e3o avaliada j\u00e1 tinha alguma DST pr\u00e9via ou apresentou resultado positivo para HIV e s\u00edfilis. Estavam namorando 41,9% e 33,1% eram casados no momento da coleta. Eram solteiros 24,2% e apenas 0,7% eram divorciados. Em m\u00e9dia, os participantes fizeram sexo pela primeira vez aos 15,3 anos \u2013 mulheres aos 15,4 anos e homens aos 15 anos. Metade dos indiv\u00edduos (51,5%) disse usar camisinha na rotina sexual. Apenas 41,1% usou na \u00faltima vez que fez sexo. O comportamento sexual de risco foi observado em 83,4% dos entrevistados. A pesquisa \u00e9 uma parceria com v\u00e1rias institui\u00e7\u00f5es: Universidade Federal de Ci\u00eancias da Sa\u00fade de Porto Alegre, Universidade de S\u00e3o Paulo, Centro de Controle e Preven\u00e7\u00e3o de Doen\u00e7as (CDC, sigla em ingl\u00eas), Escola de Higiene e Medicina Tropical de Londres, secretarias municipais de sa\u00fade de todas as capitais do Brasil e Unidades B\u00e1sicas de Sa\u00fade. Mais de 250 profissionais de sa\u00fade colaboraram. Fonte: G1","og_url":"https:\/\/noticiasemdestaque.com\/cd\/?p=6355","og_site_name":"Not&iacute;cias em Destaque","article_published_time":"2017-11-28T10:10:34+00:00","og_image":[{"width":300,"height":200,"url":"https:\/\/noticiasemdestaque.com\/cd\/wp-content\/uploads\/2017\/11\/vacina-300x200.jpg","type":"image\/jpeg"}],"author":"Not\u00edcias em Destaque","twitter_card":"summary_large_image","twitter_misc":{"Escrito por":"Not\u00edcias em Destaque","Est. tempo de leitura":"3 minutos"},"schema":{"@context":"https:\/\/schema.org","@graph":[{"@type":"Article","@id":"https:\/\/noticiasemdestaque.com\/cd\/?p=6355#article","isPartOf":{"@id":"https:\/\/noticiasemdestaque.com\/cd\/?p=6355"},"author":{"name":"Not\u00edcias em Destaque","@id":"https:\/\/noticiasemdestaque.com\/cd\/#\/schema\/person\/4a81fb71f77579d059c3045891fa1786"},"headline":"Pesquisa preliminar aponta que 54,6% dos brasileiros de 16 a 25 anos t\u00eam HPV","datePublished":"2017-11-28T10:10:34+00:00","mainEntityOfPage":{"@id":"https:\/\/noticiasemdestaque.com\/cd\/?p=6355"},"wordCount":560,"publisher":{"@id":"https:\/\/noticiasemdestaque.com\/cd\/#organization"},"image":{"@id":"https:\/\/noticiasemdestaque.com\/cd\/?p=6355#primaryimage"},"thumbnailUrl":"https:\/\/noticiasemdestaque.com\/cd\/wp-content\/uploads\/2017\/11\/vacina-300x200.jpg","articleSection":["Sa\u00fade"],"inLanguage":"pt-BR"},{"@type":"WebPage","@id":"https:\/\/noticiasemdestaque.com\/cd\/?p=6355","url":"https:\/\/noticiasemdestaque.com\/cd\/?p=6355","name":"Pesquisa preliminar aponta que 54,6% dos brasileiros de 16 a 25 anos t\u00eam HPV - Not&iacute;cias em Destaque","isPartOf":{"@id":"https:\/\/noticiasemdestaque.com\/cd\/#website"},"primaryImageOfPage":{"@id":"https:\/\/noticiasemdestaque.com\/cd\/?p=6355#primaryimage"},"image":{"@id":"https:\/\/noticiasemdestaque.com\/cd\/?p=6355#primaryimage"},"thumbnailUrl":"https:\/\/noticiasemdestaque.com\/cd\/wp-content\/uploads\/2017\/11\/vacina-300x200.jpg","datePublished":"2017-11-28T10:10:34+00:00","breadcrumb":{"@id":"https:\/\/noticiasemdestaque.com\/cd\/?p=6355#breadcrumb"},"inLanguage":"pt-BR","potentialAction":[{"@type":"ReadAction","target":["https:\/\/noticiasemdestaque.com\/cd\/?p=6355"]}]},{"@type":"ImageObject","inLanguage":"pt-BR","@id":"https:\/\/noticiasemdestaque.com\/cd\/?p=6355#primaryimage","url":"https:\/\/noticiasemdestaque.com\/cd\/wp-content\/uploads\/2017\/11\/vacina-300x200.jpg","contentUrl":"https:\/\/noticiasemdestaque.com\/cd\/wp-content\/uploads\/2017\/11\/vacina-300x200.jpg","width":300,"height":200},{"@type":"BreadcrumbList","@id":"https:\/\/noticiasemdestaque.com\/cd\/?p=6355#breadcrumb","itemListElement":[{"@type":"ListItem","position":1,"name":"In\u00edcio","item":"https:\/\/noticiasemdestaque.com\/cd\/"},{"@type":"ListItem","position":2,"name":"Pesquisa preliminar aponta que 54,6% dos brasileiros de 16 a 25 anos t\u00eam HPV"}]},{"@type":"WebSite","@id":"https:\/\/noticiasemdestaque.com\/cd\/#website","url":"https:\/\/noticiasemdestaque.com\/cd\/","name":"Not&iacute;cias em Destaque","description":"","publisher":{"@id":"https:\/\/noticiasemdestaque.com\/cd\/#organization"},"potentialAction":[{"@type":"SearchAction","target":{"@type":"EntryPoint","urlTemplate":"https:\/\/noticiasemdestaque.com\/cd\/?s={search_term_string}"},"query-input":{"@type":"PropertyValueSpecification","valueRequired":true,"valueName":"search_term_string"}}],"inLanguage":"pt-BR"},{"@type":"Organization","@id":"https:\/\/noticiasemdestaque.com\/cd\/#organization","name":"Not\u00edcias em Destaque","url":"https:\/\/noticiasemdestaque.com\/cd\/","logo":{"@type":"ImageObject","inLanguage":"pt-BR","@id":"https:\/\/noticiasemdestaque.com\/cd\/#\/schema\/logo\/image\/","url":"https:\/\/noticiasemdestaque.com\/cd\/wp-content\/uploads\/2022\/05\/imagem-base-noticiasemdestaque.png","contentUrl":"https:\/\/noticiasemdestaque.com\/cd\/wp-content\/uploads\/2022\/05\/imagem-base-noticiasemdestaque.png","width":1200,"height":630,"caption":"Not\u00edcias em Destaque"},"image":{"@id":"https:\/\/noticiasemdestaque.com\/cd\/#\/schema\/logo\/image\/"}},{"@type":"Person","@id":"https:\/\/noticiasemdestaque.com\/cd\/#\/schema\/person\/4a81fb71f77579d059c3045891fa1786","name":"Not\u00edcias em Destaque","url":"https:\/\/noticiasemdestaque.com\/cd\/?author=2"}]}},"jetpack_featured_media_url":"https:\/\/noticiasemdestaque.com\/cd\/wp-content\/uploads\/2017\/11\/vacina-300x200.jpg","jetpack_sharing_enabled":true,"_links":{"self":[{"href":"https:\/\/noticiasemdestaque.com\/cd\/index.php?rest_route=\/wp\/v2\/posts\/6355","targetHints":{"allow":["GET"]}}],"collection":[{"href":"https:\/\/noticiasemdestaque.com\/cd\/index.php?rest_route=\/wp\/v2\/posts"}],"about":[{"href":"https:\/\/noticiasemdestaque.com\/cd\/index.php?rest_route=\/wp\/v2\/types\/post"}],"author":[{"embeddable":true,"href":"https:\/\/noticiasemdestaque.com\/cd\/index.php?rest_route=\/wp\/v2\/users\/2"}],"replies":[{"embeddable":true,"href":"https:\/\/noticiasemdestaque.com\/cd\/index.php?rest_route=%2Fwp%2Fv2%2Fcomments&post=6355"}],"version-history":[{"count":1,"href":"https:\/\/noticiasemdestaque.com\/cd\/index.php?rest_route=\/wp\/v2\/posts\/6355\/revisions"}],"predecessor-version":[{"id":6357,"href":"https:\/\/noticiasemdestaque.com\/cd\/index.php?rest_route=\/wp\/v2\/posts\/6355\/revisions\/6357"}],"wp:featuredmedia":[{"embeddable":true,"href":"https:\/\/noticiasemdestaque.com\/cd\/index.php?rest_route=\/wp\/v2\/media\/6356"}],"wp:attachment":[{"href":"https:\/\/noticiasemdestaque.com\/cd\/index.php?rest_route=%2Fwp%2Fv2%2Fmedia&parent=6355"}],"wp:term":[{"taxonomy":"category","embeddable":true,"href":"https:\/\/noticiasemdestaque.com\/cd\/index.php?rest_route=%2Fwp%2Fv2%2Fcategories&post=6355"},{"taxonomy":"post_tag","embeddable":true,"href":"https:\/\/noticiasemdestaque.com\/cd\/index.php?rest_route=%2Fwp%2Fv2%2Ftags&post=6355"}],"curies":[{"name":"wp","href":"https:\/\/api.w.org\/{rel}","templated":true}]}}