{"id":63493,"date":"2024-11-08T08:33:08","date_gmt":"2024-11-08T11:33:08","guid":{"rendered":"https:\/\/noticiasemdestaque.com\/cd\/?p=63493"},"modified":"2024-11-08T08:33:08","modified_gmt":"2024-11-08T11:33:08","slug":"zeca-camargo-explora-e-revela-a-magia-do-cariri-paraibano-em-sua-mais-recente-expedicao","status":"publish","type":"post","link":"https:\/\/noticiasemdestaque.com\/cd\/?p=63493","title":{"rendered":"Zeca Camargo explora e revela a magia do Cariri paraibano em sua mais recente expedi\u00e7\u00e3o"},"content":{"rendered":"<p><a href=\"https:\/\/noticiasemdestaque.com\/cd\/wp-content\/uploads\/2024\/11\/48c02c66-dd54-44ea-8786-7ddbbcf6de89.jpeg\"><img fetchpriority=\"high\" decoding=\"async\" class=\"size-medium wp-image-63494 aligncenter\" src=\"https:\/\/noticiasemdestaque.com\/cd\/wp-content\/uploads\/2024\/11\/48c02c66-dd54-44ea-8786-7ddbbcf6de89-218x300.jpeg\" alt=\"\" width=\"218\" height=\"300\" srcset=\"https:\/\/noticiasemdestaque.com\/cd\/wp-content\/uploads\/2024\/11\/48c02c66-dd54-44ea-8786-7ddbbcf6de89-218x300.jpeg 218w, https:\/\/noticiasemdestaque.com\/cd\/wp-content\/uploads\/2024\/11\/48c02c66-dd54-44ea-8786-7ddbbcf6de89.jpeg 559w\" sizes=\"(max-width: 218px) 100vw, 218px\" \/><\/a><\/p>\n<p>O renomado jornalista Zeca Camargo compartilhou suas impress\u00f5es sobre a experi\u00eancia de explorar o interior da Para\u00edba em sua coluna na Folha de S\u00e3o Paulo. Autor do livro A Fant\u00e1stica Volta ao Mundo, Camargo participou da Expedi\u00e7\u00e3o Cariri, ao lado do estilista Ronaldo Fraga, em uma jornada imersiva pela rica cultura e hist\u00f3ria da regi\u00e3o do Cariri Paraibano.<\/p>\n<p>No texto intitulado \u201cEra uma vez em Roli\u00fadi\u201d, Zeca Camargo detalha sua visita a locais emblem\u00e1ticos da regi\u00e3o, como Cabaceiras, famosa por sua paisagem des\u00e9rtica e por ser o cen\u00e1rio do ic\u00f4nico filme O Auto da Compadecida. \u201cO cen\u00e1rio era bastante conhecido, estampado na mem\u00f3ria. N\u00e3o que eu j\u00e1 tivesse visitado, mas a intimidade com aquela paisagem era t\u00e3o grande que parecia que eu j\u00e1 havia vivido ali\u201d, escreve Zeca, ressaltando a profunda conex\u00e3o que sentiu com o local.<\/p>\n<p>A expedi\u00e7\u00e3o levou Zeca a conhecer n\u00e3o apenas os cen\u00e1rios cinematogr\u00e1ficos, como Cabaceiras, mas tamb\u00e9m outros pontos hist\u00f3ricos e culturais da Para\u00edba. Entre os locais visitados est\u00e3o a Pedra do Ing\u00e1, com seus misteriosos desenhos rupestres, o Lajedo do Marinho, em Boqueir\u00e3o, e o Memorial Zab\u00e9 da Loca, em Monteiro. Acompanhado pelos habitantes locais, Zeca teve a oportunidade de conversar com artes\u00e3os e m\u00fasicos que mant\u00eam viva a tradi\u00e7\u00e3o popular da regi\u00e3o.<\/p>\n<p>Ferdinando Lucena, presidente da Empresa Paraibana de Turismo (PBTur), destaca que o relato de Zeca \u00e9 um convite para que mais pessoas se aventurem pelas trilhas culturais da Para\u00edba, um estado que, al\u00e9m de sua capital Jo\u00e3o Pessoa, tem se destacado como destino de turismo imersivo e aut\u00eantico. \u201cEm um pa\u00eds com tantas belezas naturais e culturais, o Cariri Paraibano se firma cada vez mais como um lugar \u00fanico para aqueles que buscam experi\u00eancias que v\u00e3o al\u00e9m do turismo tradicional\u201d, afirma.<\/p>\n<p>\u201cCom sua vasta experi\u00eancia no jornalismo de viagens, Zeca Camargo mais uma vez evidenciou como o Brasil \u00e9 repleto de destinos que merecem ser conhecidos e celebrados. A Para\u00edba, com suas paisagens deslumbrantes e uma cultura rica, \u00e9, sem d\u00favida, uma das joias do nosso pa\u00eds\u201d, comenta a Secretaria de Turismo e Desenvolvimento Econ\u00f4mico, Ros\u00e1lia Lucas.<\/p>\n<p>&nbsp;<\/p>\n","protected":false},"excerpt":{"rendered":"<p>O renomado jornalista Zeca Camargo compartilhou suas impress\u00f5es sobre a experi\u00eancia de explorar o interior da Para\u00edba em sua coluna na Folha de S\u00e3o Paulo. Autor do livro A Fant\u00e1stica Volta ao Mundo, Camargo participou da Expedi\u00e7\u00e3o Cariri, ao lado do estilista Ronaldo Fraga, em uma jornada imersiva pela rica cultura e hist\u00f3ria da regi\u00e3o do Cariri Paraibano. No texto intitulado \u201cEra uma vez em Roli\u00fadi\u201d, Zeca Camargo detalha sua visita a locais emblem\u00e1ticos da regi\u00e3o, como Cabaceiras, famosa por sua paisagem des\u00e9rtica e por ser o cen\u00e1rio do ic\u00f4nico filme O Auto da Compadecida. \u201cO cen\u00e1rio era bastante conhecido, estampado na mem\u00f3ria. N\u00e3o que eu j\u00e1 tivesse visitado, mas a intimidade com aquela paisagem era t\u00e3o grande que parecia que eu j\u00e1 havia vivido ali\u201d, escreve Zeca, ressaltando a profunda conex\u00e3o que sentiu com o local. A expedi\u00e7\u00e3o levou Zeca a conhecer n\u00e3o apenas os cen\u00e1rios cinematogr\u00e1ficos, como Cabaceiras, mas tamb\u00e9m outros pontos hist\u00f3ricos e culturais da Para\u00edba. Entre os locais visitados est\u00e3o a Pedra do Ing\u00e1, com seus misteriosos desenhos rupestres, o Lajedo do Marinho, em Boqueir\u00e3o, e o Memorial Zab\u00e9 da Loca, em Monteiro. Acompanhado pelos habitantes locais, Zeca teve a oportunidade de conversar com artes\u00e3os e m\u00fasicos que mant\u00eam viva a tradi\u00e7\u00e3o popular da regi\u00e3o. Ferdinando Lucena, presidente da Empresa Paraibana de Turismo (PBTur), destaca que o relato de Zeca \u00e9 um convite para que mais pessoas se aventurem pelas trilhas culturais da Para\u00edba, um estado que, al\u00e9m de sua capital Jo\u00e3o Pessoa, tem se destacado como destino de turismo imersivo e aut\u00eantico. \u201cEm um pa\u00eds com tantas belezas naturais e culturais, o Cariri Paraibano se firma cada vez mais como um lugar \u00fanico para aqueles que buscam experi\u00eancias que v\u00e3o al\u00e9m do turismo tradicional\u201d, afirma. \u201cCom sua vasta experi\u00eancia no jornalismo de viagens, Zeca Camargo mais uma vez evidenciou como o Brasil \u00e9 repleto de destinos que merecem ser conhecidos e celebrados. A Para\u00edba, com suas paisagens deslumbrantes e uma cultura rica, \u00e9, sem d\u00favida, uma das joias do nosso pa\u00eds\u201d, comenta a Secretaria de Turismo e Desenvolvimento Econ\u00f4mico, Ros\u00e1lia Lucas. &nbsp;<\/p>\n","protected":false},"author":2,"featured_media":63494,"comment_status":"closed","ping_status":"closed","sticky":false,"template":"","format":"standard","meta":{"_eb_attr":"","_jetpack_memberships_contains_paid_content":false,"footnotes":""},"categories":[3],"tags":[],"class_list":["post-63493","post","type-post","status-publish","format-standard","has-post-thumbnail","hentry","category-cidades"],"yoast_head":"<!-- This site is optimized with the Yoast SEO plugin v26.5 - https:\/\/yoast.com\/wordpress\/plugins\/seo\/ -->\n<title>Zeca Camargo explora e revela a magia do Cariri paraibano em sua mais recente expedi\u00e7\u00e3o - Not&iacute;cias em Destaque<\/title>\n<meta name=\"robots\" content=\"index, follow, max-snippet:-1, max-image-preview:large, max-video-preview:-1\" \/>\n<link rel=\"canonical\" href=\"https:\/\/noticiasemdestaque.com\/cd\/?p=63493\" \/>\n<meta property=\"og:locale\" content=\"pt_BR\" \/>\n<meta property=\"og:type\" content=\"article\" \/>\n<meta property=\"og:title\" content=\"Zeca Camargo explora e revela a magia do Cariri paraibano em sua mais recente expedi\u00e7\u00e3o - Not&iacute;cias em Destaque\" \/>\n<meta property=\"og:description\" content=\"O renomado jornalista Zeca Camargo compartilhou suas impress\u00f5es sobre a experi\u00eancia de explorar o interior da Para\u00edba em sua coluna na Folha de S\u00e3o Paulo. Autor do livro A Fant\u00e1stica Volta ao Mundo, Camargo participou da Expedi\u00e7\u00e3o Cariri, ao lado do estilista Ronaldo Fraga, em uma jornada imersiva pela rica cultura e hist\u00f3ria da regi\u00e3o do Cariri Paraibano. No texto intitulado \u201cEra uma vez em Roli\u00fadi\u201d, Zeca Camargo detalha sua visita a locais emblem\u00e1ticos da regi\u00e3o, como Cabaceiras, famosa por sua paisagem des\u00e9rtica e por ser o cen\u00e1rio do ic\u00f4nico filme O Auto da Compadecida. \u201cO cen\u00e1rio era bastante conhecido, estampado na mem\u00f3ria. N\u00e3o que eu j\u00e1 tivesse visitado, mas a intimidade com aquela paisagem era t\u00e3o grande que parecia que eu j\u00e1 havia vivido ali\u201d, escreve Zeca, ressaltando a profunda conex\u00e3o que sentiu com o local. A expedi\u00e7\u00e3o levou Zeca a conhecer n\u00e3o apenas os cen\u00e1rios cinematogr\u00e1ficos, como Cabaceiras, mas tamb\u00e9m outros pontos hist\u00f3ricos e culturais da Para\u00edba. Entre os locais visitados est\u00e3o a Pedra do Ing\u00e1, com seus misteriosos desenhos rupestres, o Lajedo do Marinho, em Boqueir\u00e3o, e o Memorial Zab\u00e9 da Loca, em Monteiro. Acompanhado pelos habitantes locais, Zeca teve a oportunidade de conversar com artes\u00e3os e m\u00fasicos que mant\u00eam viva a tradi\u00e7\u00e3o popular da regi\u00e3o. Ferdinando Lucena, presidente da Empresa Paraibana de Turismo (PBTur), destaca que o relato de Zeca \u00e9 um convite para que mais pessoas se aventurem pelas trilhas culturais da Para\u00edba, um estado que, al\u00e9m de sua capital Jo\u00e3o Pessoa, tem se destacado como destino de turismo imersivo e aut\u00eantico. \u201cEm um pa\u00eds com tantas belezas naturais e culturais, o Cariri Paraibano se firma cada vez mais como um lugar \u00fanico para aqueles que buscam experi\u00eancias que v\u00e3o al\u00e9m do turismo tradicional\u201d, afirma. \u201cCom sua vasta experi\u00eancia no jornalismo de viagens, Zeca Camargo mais uma vez evidenciou como o Brasil \u00e9 repleto de destinos que merecem ser conhecidos e celebrados. A Para\u00edba, com suas paisagens deslumbrantes e uma cultura rica, \u00e9, sem d\u00favida, uma das joias do nosso pa\u00eds\u201d, comenta a Secretaria de Turismo e Desenvolvimento Econ\u00f4mico, Ros\u00e1lia Lucas. &nbsp;\" \/>\n<meta property=\"og:url\" content=\"https:\/\/noticiasemdestaque.com\/cd\/?p=63493\" \/>\n<meta property=\"og:site_name\" content=\"Not&iacute;cias em Destaque\" \/>\n<meta property=\"article:published_time\" content=\"2024-11-08T11:33:08+00:00\" \/>\n<meta property=\"og:image\" content=\"https:\/\/noticiasemdestaque.com\/cd\/wp-content\/uploads\/2024\/11\/48c02c66-dd54-44ea-8786-7ddbbcf6de89.jpeg\" \/>\n\t<meta property=\"og:image:width\" content=\"559\" \/>\n\t<meta property=\"og:image:height\" content=\"768\" \/>\n\t<meta property=\"og:image:type\" content=\"image\/jpeg\" \/>\n<meta name=\"author\" content=\"Not\u00edcias em Destaque\" \/>\n<meta name=\"twitter:card\" content=\"summary_large_image\" \/>\n<meta name=\"twitter:label1\" content=\"Escrito por\" \/>\n\t<meta name=\"twitter:data1\" content=\"Not\u00edcias em Destaque\" \/>\n\t<meta name=\"twitter:label2\" content=\"Est. tempo de leitura\" \/>\n\t<meta name=\"twitter:data2\" content=\"3 minutos\" \/>\n<script type=\"application\/ld+json\" class=\"yoast-schema-graph\">{\"@context\":\"https:\/\/schema.org\",\"@graph\":[{\"@type\":\"Article\",\"@id\":\"https:\/\/noticiasemdestaque.com\/cd\/?p=63493#article\",\"isPartOf\":{\"@id\":\"https:\/\/noticiasemdestaque.com\/cd\/?p=63493\"},\"author\":{\"name\":\"Not\u00edcias em Destaque\",\"@id\":\"https:\/\/noticiasemdestaque.com\/cd\/#\/schema\/person\/47f7d4f55eec17c6b2ca036c5500f6ce\"},\"headline\":\"Zeca Camargo explora e revela a magia do Cariri paraibano em sua mais recente expedi\u00e7\u00e3o\",\"datePublished\":\"2024-11-08T11:33:08+00:00\",\"mainEntityOfPage\":{\"@id\":\"https:\/\/noticiasemdestaque.com\/cd\/?p=63493\"},\"wordCount\":407,\"publisher\":{\"@id\":\"https:\/\/noticiasemdestaque.com\/cd\/#organization\"},\"image\":{\"@id\":\"https:\/\/noticiasemdestaque.com\/cd\/?p=63493#primaryimage\"},\"thumbnailUrl\":\"https:\/\/noticiasemdestaque.com\/cd\/wp-content\/uploads\/2024\/11\/48c02c66-dd54-44ea-8786-7ddbbcf6de89.jpeg\",\"articleSection\":[\"Cidades\"],\"inLanguage\":\"pt-BR\"},{\"@type\":\"WebPage\",\"@id\":\"https:\/\/noticiasemdestaque.com\/cd\/?p=63493\",\"url\":\"https:\/\/noticiasemdestaque.com\/cd\/?p=63493\",\"name\":\"Zeca Camargo explora e revela a magia do Cariri paraibano em sua mais recente expedi\u00e7\u00e3o - Not&iacute;cias em Destaque\",\"isPartOf\":{\"@id\":\"https:\/\/noticiasemdestaque.com\/cd\/#website\"},\"primaryImageOfPage\":{\"@id\":\"https:\/\/noticiasemdestaque.com\/cd\/?p=63493#primaryimage\"},\"image\":{\"@id\":\"https:\/\/noticiasemdestaque.com\/cd\/?p=63493#primaryimage\"},\"thumbnailUrl\":\"https:\/\/noticiasemdestaque.com\/cd\/wp-content\/uploads\/2024\/11\/48c02c66-dd54-44ea-8786-7ddbbcf6de89.jpeg\",\"datePublished\":\"2024-11-08T11:33:08+00:00\",\"breadcrumb\":{\"@id\":\"https:\/\/noticiasemdestaque.com\/cd\/?p=63493#breadcrumb\"},\"inLanguage\":\"pt-BR\",\"potentialAction\":[{\"@type\":\"ReadAction\",\"target\":[\"https:\/\/noticiasemdestaque.com\/cd\/?p=63493\"]}]},{\"@type\":\"ImageObject\",\"inLanguage\":\"pt-BR\",\"@id\":\"https:\/\/noticiasemdestaque.com\/cd\/?p=63493#primaryimage\",\"url\":\"https:\/\/noticiasemdestaque.com\/cd\/wp-content\/uploads\/2024\/11\/48c02c66-dd54-44ea-8786-7ddbbcf6de89.jpeg\",\"contentUrl\":\"https:\/\/noticiasemdestaque.com\/cd\/wp-content\/uploads\/2024\/11\/48c02c66-dd54-44ea-8786-7ddbbcf6de89.jpeg\",\"width\":559,\"height\":768},{\"@type\":\"BreadcrumbList\",\"@id\":\"https:\/\/noticiasemdestaque.com\/cd\/?p=63493#breadcrumb\",\"itemListElement\":[{\"@type\":\"ListItem\",\"position\":1,\"name\":\"In\u00edcio\",\"item\":\"https:\/\/noticiasemdestaque.com\/cd\/\"},{\"@type\":\"ListItem\",\"position\":2,\"name\":\"Zeca Camargo explora e revela a magia do Cariri paraibano em sua mais recente expedi\u00e7\u00e3o\"}]},{\"@type\":\"WebSite\",\"@id\":\"https:\/\/noticiasemdestaque.com\/cd\/#website\",\"url\":\"https:\/\/noticiasemdestaque.com\/cd\/\",\"name\":\"Not&iacute;cias em Destaque\",\"description\":\"\",\"publisher\":{\"@id\":\"https:\/\/noticiasemdestaque.com\/cd\/#organization\"},\"potentialAction\":[{\"@type\":\"SearchAction\",\"target\":{\"@type\":\"EntryPoint\",\"urlTemplate\":\"https:\/\/noticiasemdestaque.com\/cd\/?s={search_term_string}\"},\"query-input\":{\"@type\":\"PropertyValueSpecification\",\"valueRequired\":true,\"valueName\":\"search_term_string\"}}],\"inLanguage\":\"pt-BR\"},{\"@type\":\"Organization\",\"@id\":\"https:\/\/noticiasemdestaque.com\/cd\/#organization\",\"name\":\"Not\u00edcias em Destaque\",\"url\":\"https:\/\/noticiasemdestaque.com\/cd\/\",\"logo\":{\"@type\":\"ImageObject\",\"inLanguage\":\"pt-BR\",\"@id\":\"https:\/\/noticiasemdestaque.com\/cd\/#\/schema\/logo\/image\/\",\"url\":\"https:\/\/noticiasemdestaque.com\/cd\/wp-content\/uploads\/2022\/05\/imagem-base-noticiasemdestaque.png\",\"contentUrl\":\"https:\/\/noticiasemdestaque.com\/cd\/wp-content\/uploads\/2022\/05\/imagem-base-noticiasemdestaque.png\",\"width\":1200,\"height\":630,\"caption\":\"Not\u00edcias em Destaque\"},\"image\":{\"@id\":\"https:\/\/noticiasemdestaque.com\/cd\/#\/schema\/logo\/image\/\"}},{\"@type\":\"Person\",\"@id\":\"https:\/\/noticiasemdestaque.com\/cd\/#\/schema\/person\/47f7d4f55eec17c6b2ca036c5500f6ce\",\"name\":\"Not\u00edcias em Destaque\",\"url\":\"https:\/\/noticiasemdestaque.com\/cd\/?author=2\"}]}<\/script>\n<!-- \/ Yoast SEO plugin. -->","yoast_head_json":{"title":"Zeca Camargo explora e revela a magia do Cariri paraibano em sua mais recente expedi\u00e7\u00e3o - Not&iacute;cias em Destaque","robots":{"index":"index","follow":"follow","max-snippet":"max-snippet:-1","max-image-preview":"max-image-preview:large","max-video-preview":"max-video-preview:-1"},"canonical":"https:\/\/noticiasemdestaque.com\/cd\/?p=63493","og_locale":"pt_BR","og_type":"article","og_title":"Zeca Camargo explora e revela a magia do Cariri paraibano em sua mais recente expedi\u00e7\u00e3o - Not&iacute;cias em Destaque","og_description":"O renomado jornalista Zeca Camargo compartilhou suas impress\u00f5es sobre a experi\u00eancia de explorar o interior da Para\u00edba em sua coluna na Folha de S\u00e3o Paulo. Autor do livro A Fant\u00e1stica Volta ao Mundo, Camargo participou da Expedi\u00e7\u00e3o Cariri, ao lado do estilista Ronaldo Fraga, em uma jornada imersiva pela rica cultura e hist\u00f3ria da regi\u00e3o do Cariri Paraibano. No texto intitulado \u201cEra uma vez em Roli\u00fadi\u201d, Zeca Camargo detalha sua visita a locais emblem\u00e1ticos da regi\u00e3o, como Cabaceiras, famosa por sua paisagem des\u00e9rtica e por ser o cen\u00e1rio do ic\u00f4nico filme O Auto da Compadecida. \u201cO cen\u00e1rio era bastante conhecido, estampado na mem\u00f3ria. N\u00e3o que eu j\u00e1 tivesse visitado, mas a intimidade com aquela paisagem era t\u00e3o grande que parecia que eu j\u00e1 havia vivido ali\u201d, escreve Zeca, ressaltando a profunda conex\u00e3o que sentiu com o local. A expedi\u00e7\u00e3o levou Zeca a conhecer n\u00e3o apenas os cen\u00e1rios cinematogr\u00e1ficos, como Cabaceiras, mas tamb\u00e9m outros pontos hist\u00f3ricos e culturais da Para\u00edba. Entre os locais visitados est\u00e3o a Pedra do Ing\u00e1, com seus misteriosos desenhos rupestres, o Lajedo do Marinho, em Boqueir\u00e3o, e o Memorial Zab\u00e9 da Loca, em Monteiro. Acompanhado pelos habitantes locais, Zeca teve a oportunidade de conversar com artes\u00e3os e m\u00fasicos que mant\u00eam viva a tradi\u00e7\u00e3o popular da regi\u00e3o. Ferdinando Lucena, presidente da Empresa Paraibana de Turismo (PBTur), destaca que o relato de Zeca \u00e9 um convite para que mais pessoas se aventurem pelas trilhas culturais da Para\u00edba, um estado que, al\u00e9m de sua capital Jo\u00e3o Pessoa, tem se destacado como destino de turismo imersivo e aut\u00eantico. \u201cEm um pa\u00eds com tantas belezas naturais e culturais, o Cariri Paraibano se firma cada vez mais como um lugar \u00fanico para aqueles que buscam experi\u00eancias que v\u00e3o al\u00e9m do turismo tradicional\u201d, afirma. \u201cCom sua vasta experi\u00eancia no jornalismo de viagens, Zeca Camargo mais uma vez evidenciou como o Brasil \u00e9 repleto de destinos que merecem ser conhecidos e celebrados. A Para\u00edba, com suas paisagens deslumbrantes e uma cultura rica, \u00e9, sem d\u00favida, uma das joias do nosso pa\u00eds\u201d, comenta a Secretaria de Turismo e Desenvolvimento Econ\u00f4mico, Ros\u00e1lia Lucas. &nbsp;","og_url":"https:\/\/noticiasemdestaque.com\/cd\/?p=63493","og_site_name":"Not&iacute;cias em Destaque","article_published_time":"2024-11-08T11:33:08+00:00","og_image":[{"width":559,"height":768,"url":"https:\/\/noticiasemdestaque.com\/cd\/wp-content\/uploads\/2024\/11\/48c02c66-dd54-44ea-8786-7ddbbcf6de89.jpeg","type":"image\/jpeg"}],"author":"Not\u00edcias em Destaque","twitter_card":"summary_large_image","twitter_misc":{"Escrito por":"Not\u00edcias em Destaque","Est. tempo de leitura":"3 minutos"},"schema":{"@context":"https:\/\/schema.org","@graph":[{"@type":"Article","@id":"https:\/\/noticiasemdestaque.com\/cd\/?p=63493#article","isPartOf":{"@id":"https:\/\/noticiasemdestaque.com\/cd\/?p=63493"},"author":{"name":"Not\u00edcias em Destaque","@id":"https:\/\/noticiasemdestaque.com\/cd\/#\/schema\/person\/47f7d4f55eec17c6b2ca036c5500f6ce"},"headline":"Zeca Camargo explora e revela a magia do Cariri paraibano em sua mais recente expedi\u00e7\u00e3o","datePublished":"2024-11-08T11:33:08+00:00","mainEntityOfPage":{"@id":"https:\/\/noticiasemdestaque.com\/cd\/?p=63493"},"wordCount":407,"publisher":{"@id":"https:\/\/noticiasemdestaque.com\/cd\/#organization"},"image":{"@id":"https:\/\/noticiasemdestaque.com\/cd\/?p=63493#primaryimage"},"thumbnailUrl":"https:\/\/noticiasemdestaque.com\/cd\/wp-content\/uploads\/2024\/11\/48c02c66-dd54-44ea-8786-7ddbbcf6de89.jpeg","articleSection":["Cidades"],"inLanguage":"pt-BR"},{"@type":"WebPage","@id":"https:\/\/noticiasemdestaque.com\/cd\/?p=63493","url":"https:\/\/noticiasemdestaque.com\/cd\/?p=63493","name":"Zeca Camargo explora e revela a magia do Cariri paraibano em sua mais recente expedi\u00e7\u00e3o - Not&iacute;cias em Destaque","isPartOf":{"@id":"https:\/\/noticiasemdestaque.com\/cd\/#website"},"primaryImageOfPage":{"@id":"https:\/\/noticiasemdestaque.com\/cd\/?p=63493#primaryimage"},"image":{"@id":"https:\/\/noticiasemdestaque.com\/cd\/?p=63493#primaryimage"},"thumbnailUrl":"https:\/\/noticiasemdestaque.com\/cd\/wp-content\/uploads\/2024\/11\/48c02c66-dd54-44ea-8786-7ddbbcf6de89.jpeg","datePublished":"2024-11-08T11:33:08+00:00","breadcrumb":{"@id":"https:\/\/noticiasemdestaque.com\/cd\/?p=63493#breadcrumb"},"inLanguage":"pt-BR","potentialAction":[{"@type":"ReadAction","target":["https:\/\/noticiasemdestaque.com\/cd\/?p=63493"]}]},{"@type":"ImageObject","inLanguage":"pt-BR","@id":"https:\/\/noticiasemdestaque.com\/cd\/?p=63493#primaryimage","url":"https:\/\/noticiasemdestaque.com\/cd\/wp-content\/uploads\/2024\/11\/48c02c66-dd54-44ea-8786-7ddbbcf6de89.jpeg","contentUrl":"https:\/\/noticiasemdestaque.com\/cd\/wp-content\/uploads\/2024\/11\/48c02c66-dd54-44ea-8786-7ddbbcf6de89.jpeg","width":559,"height":768},{"@type":"BreadcrumbList","@id":"https:\/\/noticiasemdestaque.com\/cd\/?p=63493#breadcrumb","itemListElement":[{"@type":"ListItem","position":1,"name":"In\u00edcio","item":"https:\/\/noticiasemdestaque.com\/cd\/"},{"@type":"ListItem","position":2,"name":"Zeca Camargo explora e revela a magia do Cariri paraibano em sua mais recente expedi\u00e7\u00e3o"}]},{"@type":"WebSite","@id":"https:\/\/noticiasemdestaque.com\/cd\/#website","url":"https:\/\/noticiasemdestaque.com\/cd\/","name":"Not&iacute;cias em Destaque","description":"","publisher":{"@id":"https:\/\/noticiasemdestaque.com\/cd\/#organization"},"potentialAction":[{"@type":"SearchAction","target":{"@type":"EntryPoint","urlTemplate":"https:\/\/noticiasemdestaque.com\/cd\/?s={search_term_string}"},"query-input":{"@type":"PropertyValueSpecification","valueRequired":true,"valueName":"search_term_string"}}],"inLanguage":"pt-BR"},{"@type":"Organization","@id":"https:\/\/noticiasemdestaque.com\/cd\/#organization","name":"Not\u00edcias em Destaque","url":"https:\/\/noticiasemdestaque.com\/cd\/","logo":{"@type":"ImageObject","inLanguage":"pt-BR","@id":"https:\/\/noticiasemdestaque.com\/cd\/#\/schema\/logo\/image\/","url":"https:\/\/noticiasemdestaque.com\/cd\/wp-content\/uploads\/2022\/05\/imagem-base-noticiasemdestaque.png","contentUrl":"https:\/\/noticiasemdestaque.com\/cd\/wp-content\/uploads\/2022\/05\/imagem-base-noticiasemdestaque.png","width":1200,"height":630,"caption":"Not\u00edcias em Destaque"},"image":{"@id":"https:\/\/noticiasemdestaque.com\/cd\/#\/schema\/logo\/image\/"}},{"@type":"Person","@id":"https:\/\/noticiasemdestaque.com\/cd\/#\/schema\/person\/47f7d4f55eec17c6b2ca036c5500f6ce","name":"Not\u00edcias em Destaque","url":"https:\/\/noticiasemdestaque.com\/cd\/?author=2"}]}},"jetpack_featured_media_url":"https:\/\/noticiasemdestaque.com\/cd\/wp-content\/uploads\/2024\/11\/48c02c66-dd54-44ea-8786-7ddbbcf6de89.jpeg","jetpack_sharing_enabled":true,"_links":{"self":[{"href":"https:\/\/noticiasemdestaque.com\/cd\/index.php?rest_route=\/wp\/v2\/posts\/63493","targetHints":{"allow":["GET"]}}],"collection":[{"href":"https:\/\/noticiasemdestaque.com\/cd\/index.php?rest_route=\/wp\/v2\/posts"}],"about":[{"href":"https:\/\/noticiasemdestaque.com\/cd\/index.php?rest_route=\/wp\/v2\/types\/post"}],"author":[{"embeddable":true,"href":"https:\/\/noticiasemdestaque.com\/cd\/index.php?rest_route=\/wp\/v2\/users\/2"}],"replies":[{"embeddable":true,"href":"https:\/\/noticiasemdestaque.com\/cd\/index.php?rest_route=%2Fwp%2Fv2%2Fcomments&post=63493"}],"version-history":[{"count":1,"href":"https:\/\/noticiasemdestaque.com\/cd\/index.php?rest_route=\/wp\/v2\/posts\/63493\/revisions"}],"predecessor-version":[{"id":63495,"href":"https:\/\/noticiasemdestaque.com\/cd\/index.php?rest_route=\/wp\/v2\/posts\/63493\/revisions\/63495"}],"wp:featuredmedia":[{"embeddable":true,"href":"https:\/\/noticiasemdestaque.com\/cd\/index.php?rest_route=\/wp\/v2\/media\/63494"}],"wp:attachment":[{"href":"https:\/\/noticiasemdestaque.com\/cd\/index.php?rest_route=%2Fwp%2Fv2%2Fmedia&parent=63493"}],"wp:term":[{"taxonomy":"category","embeddable":true,"href":"https:\/\/noticiasemdestaque.com\/cd\/index.php?rest_route=%2Fwp%2Fv2%2Fcategories&post=63493"},{"taxonomy":"post_tag","embeddable":true,"href":"https:\/\/noticiasemdestaque.com\/cd\/index.php?rest_route=%2Fwp%2Fv2%2Ftags&post=63493"}],"curies":[{"name":"wp","href":"https:\/\/api.w.org\/{rel}","templated":true}]}}