{"id":6349,"date":"2017-11-27T21:25:56","date_gmt":"2017-11-28T00:25:56","guid":{"rendered":"http:\/\/caririemdestaque.com\/cd\/?p=6349"},"modified":"2017-11-27T21:25:56","modified_gmt":"2017-11-28T00:25:56","slug":"gabarito-do-encceja-sera-divulgado-nesta-semana","status":"publish","type":"post","link":"https:\/\/noticiasemdestaque.com\/cd\/?p=6349","title":{"rendered":"Gabarito do Encceja ser\u00e1 divulgado nesta semana"},"content":{"rendered":"<p><a href=\"http:\/\/caririemdestaque.com\/cd\/wp-content\/uploads\/2017\/11\/b_650_0_16777215_00_images_stories_2017_novembro_27_encceja.jpg\"><img fetchpriority=\"high\" decoding=\"async\" class=\"alignleft wp-image-6350 size-medium\" src=\"http:\/\/caririemdestaque.com\/cd\/wp-content\/uploads\/2017\/11\/b_650_0_16777215_00_images_stories_2017_novembro_27_encceja-300x168.jpg\" alt=\"\" width=\"300\" height=\"168\" srcset=\"https:\/\/noticiasemdestaque.com\/cd\/wp-content\/uploads\/2017\/11\/b_650_0_16777215_00_images_stories_2017_novembro_27_encceja-300x168.jpg 300w, https:\/\/noticiasemdestaque.com\/cd\/wp-content\/uploads\/2017\/11\/b_650_0_16777215_00_images_stories_2017_novembro_27_encceja.jpg 650w\" sizes=\"(max-width: 300px) 100vw, 300px\" \/><\/a>O gabarito oficial do Exame Nacional para Certifica\u00e7\u00e3o de Compet\u00eancias de Jovens e Adultos (Encceja) deste ano, ser\u00e1 divulgado at\u00e9 a pr\u00f3xima sexta-feira (1\u00ba) no portal do Instituto Nacional de Estudos e Pesquisas Educacionais An\u00edsio Teixeira (Inep). O resultado individual ser\u00e1 disponibilizado na P\u00e1gina do Participante, mas ainda n\u00e3o h\u00e1 data prevista.<\/p>\n<p>As provas do Encceja foram aplicadas no dia 19 de novembro. O exame \u00e9 direcionado aos alunos que n\u00e3o conclu\u00edram os estudos na idade adequada e desejam obter a certifica\u00e7\u00e3o no ensino fundamental ou no ensino m\u00e9dio.<\/p>\n<p><strong>Avalia\u00e7\u00e3o<\/strong><\/p>\n<p>Assim como no Exame Nacional do Ensino M\u00e9dio, (Enem), o c\u00e1lculo das profici\u00eancias nas provas objetivas do Encceja tem como base a Teoria de Resposta ao Item (TRI), em que o valor de cada quest\u00e3o varia conforme o percentual de acertos e erros dos estudantes naquele item. O desempenho na prova objetiva ser\u00e1 quantificado em cada prova numa escala de profici\u00eancia com m\u00e9dia 100 e desvio padr\u00e3o de 20 pontos.<\/p>\n<p>O participante ser\u00e1 considerado habilitado se atingir o m\u00ednimo de 100 pontos em cada uma das \u00e1reas de conhecimento do Encceja. O n\u00edvel 100 dessa escala significa que o participante desenvolveu as habilidades m\u00ednimas necess\u00e1rias para obter a certifica\u00e7\u00e3o.<\/p>\n<p>No caso de L\u00edngua Portuguesa, L\u00edngua Estrangeira Moderna, Artes e Educa\u00e7\u00e3o F\u00edsica no Ensino Fundamental e de Linguagens e C\u00f3digos e suas Tecnologias no Ensino M\u00e9dio, para obter a certifica\u00e7\u00e3o ou declara\u00e7\u00e3o de profici\u00eancia voc\u00ea dever\u00e1 obter profici\u00eancia tamb\u00e9m na Reda\u00e7\u00e3o. Ser\u00e1 considerado habilitado na Reda\u00e7\u00e3o quem tiver nota igual ou superior a 5 pontos, em uma escala entre 0 e 10 pontos.<\/p>\n<p><em><strong>Cariri em Destaque<\/strong><\/em><\/p>\n<p>Com EBC<\/p>\n","protected":false},"excerpt":{"rendered":"<p>O gabarito oficial do Exame Nacional para Certifica\u00e7\u00e3o de Compet\u00eancias de Jovens e Adultos (Encceja) deste ano, ser\u00e1 divulgado at\u00e9 a pr\u00f3xima sexta-feira (1\u00ba) no portal do Instituto Nacional de Estudos e Pesquisas Educacionais An\u00edsio Teixeira (Inep). O resultado individual ser\u00e1 disponibilizado na P\u00e1gina do Participante, mas ainda n\u00e3o h\u00e1 data prevista. As provas do Encceja foram aplicadas no dia 19 de novembro. O exame \u00e9 direcionado aos alunos que n\u00e3o conclu\u00edram os estudos na idade adequada e desejam obter a certifica\u00e7\u00e3o no ensino fundamental ou no ensino m\u00e9dio. Avalia\u00e7\u00e3o Assim como no Exame Nacional do Ensino M\u00e9dio, (Enem), o c\u00e1lculo das profici\u00eancias nas provas objetivas do Encceja tem como base a Teoria de Resposta ao Item (TRI), em que o valor de cada quest\u00e3o varia conforme o percentual de acertos e erros dos estudantes naquele item. O desempenho na prova objetiva ser\u00e1 quantificado em cada prova numa escala de profici\u00eancia com m\u00e9dia 100 e desvio padr\u00e3o de 20 pontos. O participante ser\u00e1 considerado habilitado se atingir o m\u00ednimo de 100 pontos em cada uma das \u00e1reas de conhecimento do Encceja. O n\u00edvel 100 dessa escala significa que o participante desenvolveu as habilidades m\u00ednimas necess\u00e1rias para obter a certifica\u00e7\u00e3o. No caso de L\u00edngua Portuguesa, L\u00edngua Estrangeira Moderna, Artes e Educa\u00e7\u00e3o F\u00edsica no Ensino Fundamental e de Linguagens e C\u00f3digos e suas Tecnologias no Ensino M\u00e9dio, para obter a certifica\u00e7\u00e3o ou declara\u00e7\u00e3o de profici\u00eancia voc\u00ea dever\u00e1 obter profici\u00eancia tamb\u00e9m na Reda\u00e7\u00e3o. Ser\u00e1 considerado habilitado na Reda\u00e7\u00e3o quem tiver nota igual ou superior a 5 pontos, em uma escala entre 0 e 10 pontos. Cariri em Destaque Com EBC<\/p>\n","protected":false},"author":2,"featured_media":6350,"comment_status":"closed","ping_status":"open","sticky":false,"template":"","format":"standard","meta":{"_eb_attr":"","_jetpack_memberships_contains_paid_content":false,"footnotes":""},"categories":[6],"tags":[],"class_list":["post-6349","post","type-post","status-publish","format-standard","has-post-thumbnail","hentry","category-educacao"],"yoast_head":"<!-- This site is optimized with the Yoast SEO plugin v26.5 - https:\/\/yoast.com\/wordpress\/plugins\/seo\/ -->\n<title>Gabarito do Encceja ser\u00e1 divulgado nesta semana - Not&iacute;cias em Destaque<\/title>\n<meta name=\"robots\" content=\"index, follow, max-snippet:-1, max-image-preview:large, max-video-preview:-1\" \/>\n<link rel=\"canonical\" href=\"https:\/\/noticiasemdestaque.com\/cd\/?p=6349\" \/>\n<meta property=\"og:locale\" content=\"pt_BR\" \/>\n<meta property=\"og:type\" content=\"article\" \/>\n<meta property=\"og:title\" content=\"Gabarito do Encceja ser\u00e1 divulgado nesta semana - Not&iacute;cias em Destaque\" \/>\n<meta property=\"og:description\" content=\"O gabarito oficial do Exame Nacional para Certifica\u00e7\u00e3o de Compet\u00eancias de Jovens e Adultos (Encceja) deste ano, ser\u00e1 divulgado at\u00e9 a pr\u00f3xima sexta-feira (1\u00ba) no portal do Instituto Nacional de Estudos e Pesquisas Educacionais An\u00edsio Teixeira (Inep). O resultado individual ser\u00e1 disponibilizado na P\u00e1gina do Participante, mas ainda n\u00e3o h\u00e1 data prevista. As provas do Encceja foram aplicadas no dia 19 de novembro. O exame \u00e9 direcionado aos alunos que n\u00e3o conclu\u00edram os estudos na idade adequada e desejam obter a certifica\u00e7\u00e3o no ensino fundamental ou no ensino m\u00e9dio. Avalia\u00e7\u00e3o Assim como no Exame Nacional do Ensino M\u00e9dio, (Enem), o c\u00e1lculo das profici\u00eancias nas provas objetivas do Encceja tem como base a Teoria de Resposta ao Item (TRI), em que o valor de cada quest\u00e3o varia conforme o percentual de acertos e erros dos estudantes naquele item. O desempenho na prova objetiva ser\u00e1 quantificado em cada prova numa escala de profici\u00eancia com m\u00e9dia 100 e desvio padr\u00e3o de 20 pontos. O participante ser\u00e1 considerado habilitado se atingir o m\u00ednimo de 100 pontos em cada uma das \u00e1reas de conhecimento do Encceja. O n\u00edvel 100 dessa escala significa que o participante desenvolveu as habilidades m\u00ednimas necess\u00e1rias para obter a certifica\u00e7\u00e3o. No caso de L\u00edngua Portuguesa, L\u00edngua Estrangeira Moderna, Artes e Educa\u00e7\u00e3o F\u00edsica no Ensino Fundamental e de Linguagens e C\u00f3digos e suas Tecnologias no Ensino M\u00e9dio, para obter a certifica\u00e7\u00e3o ou declara\u00e7\u00e3o de profici\u00eancia voc\u00ea dever\u00e1 obter profici\u00eancia tamb\u00e9m na Reda\u00e7\u00e3o. Ser\u00e1 considerado habilitado na Reda\u00e7\u00e3o quem tiver nota igual ou superior a 5 pontos, em uma escala entre 0 e 10 pontos. Cariri em Destaque Com EBC\" \/>\n<meta property=\"og:url\" content=\"https:\/\/noticiasemdestaque.com\/cd\/?p=6349\" \/>\n<meta property=\"og:site_name\" content=\"Not&iacute;cias em Destaque\" \/>\n<meta property=\"article:published_time\" content=\"2017-11-28T00:25:56+00:00\" \/>\n<meta property=\"og:image\" content=\"https:\/\/noticiasemdestaque.com\/cd\/wp-content\/uploads\/2017\/11\/b_650_0_16777215_00_images_stories_2017_novembro_27_encceja.jpg\" \/>\n\t<meta property=\"og:image:width\" content=\"650\" \/>\n\t<meta property=\"og:image:height\" content=\"364\" \/>\n\t<meta property=\"og:image:type\" content=\"image\/jpeg\" \/>\n<meta name=\"author\" content=\"Not\u00edcias em Destaque\" \/>\n<meta name=\"twitter:card\" content=\"summary_large_image\" \/>\n<meta name=\"twitter:label1\" content=\"Escrito por\" \/>\n\t<meta name=\"twitter:data1\" content=\"Not\u00edcias em Destaque\" \/>\n\t<meta name=\"twitter:label2\" content=\"Est. tempo de leitura\" \/>\n\t<meta name=\"twitter:data2\" content=\"1 minuto\" \/>\n<script type=\"application\/ld+json\" class=\"yoast-schema-graph\">{\"@context\":\"https:\/\/schema.org\",\"@graph\":[{\"@type\":\"Article\",\"@id\":\"https:\/\/noticiasemdestaque.com\/cd\/?p=6349#article\",\"isPartOf\":{\"@id\":\"https:\/\/noticiasemdestaque.com\/cd\/?p=6349\"},\"author\":{\"name\":\"Not\u00edcias em Destaque\",\"@id\":\"https:\/\/noticiasemdestaque.com\/cd\/#\/schema\/person\/4a81fb71f77579d059c3045891fa1786\"},\"headline\":\"Gabarito do Encceja ser\u00e1 divulgado nesta semana\",\"datePublished\":\"2017-11-28T00:25:56+00:00\",\"mainEntityOfPage\":{\"@id\":\"https:\/\/noticiasemdestaque.com\/cd\/?p=6349\"},\"wordCount\":300,\"publisher\":{\"@id\":\"https:\/\/noticiasemdestaque.com\/cd\/#organization\"},\"image\":{\"@id\":\"https:\/\/noticiasemdestaque.com\/cd\/?p=6349#primaryimage\"},\"thumbnailUrl\":\"https:\/\/noticiasemdestaque.com\/cd\/wp-content\/uploads\/2017\/11\/b_650_0_16777215_00_images_stories_2017_novembro_27_encceja.jpg\",\"articleSection\":[\"Educa\u00e7\u00e3o\"],\"inLanguage\":\"pt-BR\"},{\"@type\":\"WebPage\",\"@id\":\"https:\/\/noticiasemdestaque.com\/cd\/?p=6349\",\"url\":\"https:\/\/noticiasemdestaque.com\/cd\/?p=6349\",\"name\":\"Gabarito do Encceja ser\u00e1 divulgado nesta semana - Not&iacute;cias em Destaque\",\"isPartOf\":{\"@id\":\"https:\/\/noticiasemdestaque.com\/cd\/#website\"},\"primaryImageOfPage\":{\"@id\":\"https:\/\/noticiasemdestaque.com\/cd\/?p=6349#primaryimage\"},\"image\":{\"@id\":\"https:\/\/noticiasemdestaque.com\/cd\/?p=6349#primaryimage\"},\"thumbnailUrl\":\"https:\/\/noticiasemdestaque.com\/cd\/wp-content\/uploads\/2017\/11\/b_650_0_16777215_00_images_stories_2017_novembro_27_encceja.jpg\",\"datePublished\":\"2017-11-28T00:25:56+00:00\",\"breadcrumb\":{\"@id\":\"https:\/\/noticiasemdestaque.com\/cd\/?p=6349#breadcrumb\"},\"inLanguage\":\"pt-BR\",\"potentialAction\":[{\"@type\":\"ReadAction\",\"target\":[\"https:\/\/noticiasemdestaque.com\/cd\/?p=6349\"]}]},{\"@type\":\"ImageObject\",\"inLanguage\":\"pt-BR\",\"@id\":\"https:\/\/noticiasemdestaque.com\/cd\/?p=6349#primaryimage\",\"url\":\"https:\/\/noticiasemdestaque.com\/cd\/wp-content\/uploads\/2017\/11\/b_650_0_16777215_00_images_stories_2017_novembro_27_encceja.jpg\",\"contentUrl\":\"https:\/\/noticiasemdestaque.com\/cd\/wp-content\/uploads\/2017\/11\/b_650_0_16777215_00_images_stories_2017_novembro_27_encceja.jpg\",\"width\":650,\"height\":364},{\"@type\":\"BreadcrumbList\",\"@id\":\"https:\/\/noticiasemdestaque.com\/cd\/?p=6349#breadcrumb\",\"itemListElement\":[{\"@type\":\"ListItem\",\"position\":1,\"name\":\"In\u00edcio\",\"item\":\"https:\/\/noticiasemdestaque.com\/cd\/\"},{\"@type\":\"ListItem\",\"position\":2,\"name\":\"Gabarito do Encceja ser\u00e1 divulgado nesta semana\"}]},{\"@type\":\"WebSite\",\"@id\":\"https:\/\/noticiasemdestaque.com\/cd\/#website\",\"url\":\"https:\/\/noticiasemdestaque.com\/cd\/\",\"name\":\"Not&iacute;cias em Destaque\",\"description\":\"\",\"publisher\":{\"@id\":\"https:\/\/noticiasemdestaque.com\/cd\/#organization\"},\"potentialAction\":[{\"@type\":\"SearchAction\",\"target\":{\"@type\":\"EntryPoint\",\"urlTemplate\":\"https:\/\/noticiasemdestaque.com\/cd\/?s={search_term_string}\"},\"query-input\":{\"@type\":\"PropertyValueSpecification\",\"valueRequired\":true,\"valueName\":\"search_term_string\"}}],\"inLanguage\":\"pt-BR\"},{\"@type\":\"Organization\",\"@id\":\"https:\/\/noticiasemdestaque.com\/cd\/#organization\",\"name\":\"Not\u00edcias em Destaque\",\"url\":\"https:\/\/noticiasemdestaque.com\/cd\/\",\"logo\":{\"@type\":\"ImageObject\",\"inLanguage\":\"pt-BR\",\"@id\":\"https:\/\/noticiasemdestaque.com\/cd\/#\/schema\/logo\/image\/\",\"url\":\"https:\/\/noticiasemdestaque.com\/cd\/wp-content\/uploads\/2022\/05\/imagem-base-noticiasemdestaque.png\",\"contentUrl\":\"https:\/\/noticiasemdestaque.com\/cd\/wp-content\/uploads\/2022\/05\/imagem-base-noticiasemdestaque.png\",\"width\":1200,\"height\":630,\"caption\":\"Not\u00edcias em Destaque\"},\"image\":{\"@id\":\"https:\/\/noticiasemdestaque.com\/cd\/#\/schema\/logo\/image\/\"}},{\"@type\":\"Person\",\"@id\":\"https:\/\/noticiasemdestaque.com\/cd\/#\/schema\/person\/4a81fb71f77579d059c3045891fa1786\",\"name\":\"Not\u00edcias em Destaque\",\"url\":\"https:\/\/noticiasemdestaque.com\/cd\/?author=2\"}]}<\/script>\n<!-- \/ Yoast SEO plugin. -->","yoast_head_json":{"title":"Gabarito do Encceja ser\u00e1 divulgado nesta semana - Not&iacute;cias em Destaque","robots":{"index":"index","follow":"follow","max-snippet":"max-snippet:-1","max-image-preview":"max-image-preview:large","max-video-preview":"max-video-preview:-1"},"canonical":"https:\/\/noticiasemdestaque.com\/cd\/?p=6349","og_locale":"pt_BR","og_type":"article","og_title":"Gabarito do Encceja ser\u00e1 divulgado nesta semana - Not&iacute;cias em Destaque","og_description":"O gabarito oficial do Exame Nacional para Certifica\u00e7\u00e3o de Compet\u00eancias de Jovens e Adultos (Encceja) deste ano, ser\u00e1 divulgado at\u00e9 a pr\u00f3xima sexta-feira (1\u00ba) no portal do Instituto Nacional de Estudos e Pesquisas Educacionais An\u00edsio Teixeira (Inep). O resultado individual ser\u00e1 disponibilizado na P\u00e1gina do Participante, mas ainda n\u00e3o h\u00e1 data prevista. As provas do Encceja foram aplicadas no dia 19 de novembro. O exame \u00e9 direcionado aos alunos que n\u00e3o conclu\u00edram os estudos na idade adequada e desejam obter a certifica\u00e7\u00e3o no ensino fundamental ou no ensino m\u00e9dio. Avalia\u00e7\u00e3o Assim como no Exame Nacional do Ensino M\u00e9dio, (Enem), o c\u00e1lculo das profici\u00eancias nas provas objetivas do Encceja tem como base a Teoria de Resposta ao Item (TRI), em que o valor de cada quest\u00e3o varia conforme o percentual de acertos e erros dos estudantes naquele item. O desempenho na prova objetiva ser\u00e1 quantificado em cada prova numa escala de profici\u00eancia com m\u00e9dia 100 e desvio padr\u00e3o de 20 pontos. O participante ser\u00e1 considerado habilitado se atingir o m\u00ednimo de 100 pontos em cada uma das \u00e1reas de conhecimento do Encceja. O n\u00edvel 100 dessa escala significa que o participante desenvolveu as habilidades m\u00ednimas necess\u00e1rias para obter a certifica\u00e7\u00e3o. No caso de L\u00edngua Portuguesa, L\u00edngua Estrangeira Moderna, Artes e Educa\u00e7\u00e3o F\u00edsica no Ensino Fundamental e de Linguagens e C\u00f3digos e suas Tecnologias no Ensino M\u00e9dio, para obter a certifica\u00e7\u00e3o ou declara\u00e7\u00e3o de profici\u00eancia voc\u00ea dever\u00e1 obter profici\u00eancia tamb\u00e9m na Reda\u00e7\u00e3o. Ser\u00e1 considerado habilitado na Reda\u00e7\u00e3o quem tiver nota igual ou superior a 5 pontos, em uma escala entre 0 e 10 pontos. Cariri em Destaque Com EBC","og_url":"https:\/\/noticiasemdestaque.com\/cd\/?p=6349","og_site_name":"Not&iacute;cias em Destaque","article_published_time":"2017-11-28T00:25:56+00:00","og_image":[{"width":650,"height":364,"url":"https:\/\/noticiasemdestaque.com\/cd\/wp-content\/uploads\/2017\/11\/b_650_0_16777215_00_images_stories_2017_novembro_27_encceja.jpg","type":"image\/jpeg"}],"author":"Not\u00edcias em Destaque","twitter_card":"summary_large_image","twitter_misc":{"Escrito por":"Not\u00edcias em Destaque","Est. tempo de leitura":"1 minuto"},"schema":{"@context":"https:\/\/schema.org","@graph":[{"@type":"Article","@id":"https:\/\/noticiasemdestaque.com\/cd\/?p=6349#article","isPartOf":{"@id":"https:\/\/noticiasemdestaque.com\/cd\/?p=6349"},"author":{"name":"Not\u00edcias em Destaque","@id":"https:\/\/noticiasemdestaque.com\/cd\/#\/schema\/person\/4a81fb71f77579d059c3045891fa1786"},"headline":"Gabarito do Encceja ser\u00e1 divulgado nesta semana","datePublished":"2017-11-28T00:25:56+00:00","mainEntityOfPage":{"@id":"https:\/\/noticiasemdestaque.com\/cd\/?p=6349"},"wordCount":300,"publisher":{"@id":"https:\/\/noticiasemdestaque.com\/cd\/#organization"},"image":{"@id":"https:\/\/noticiasemdestaque.com\/cd\/?p=6349#primaryimage"},"thumbnailUrl":"https:\/\/noticiasemdestaque.com\/cd\/wp-content\/uploads\/2017\/11\/b_650_0_16777215_00_images_stories_2017_novembro_27_encceja.jpg","articleSection":["Educa\u00e7\u00e3o"],"inLanguage":"pt-BR"},{"@type":"WebPage","@id":"https:\/\/noticiasemdestaque.com\/cd\/?p=6349","url":"https:\/\/noticiasemdestaque.com\/cd\/?p=6349","name":"Gabarito do Encceja ser\u00e1 divulgado nesta semana - Not&iacute;cias em Destaque","isPartOf":{"@id":"https:\/\/noticiasemdestaque.com\/cd\/#website"},"primaryImageOfPage":{"@id":"https:\/\/noticiasemdestaque.com\/cd\/?p=6349#primaryimage"},"image":{"@id":"https:\/\/noticiasemdestaque.com\/cd\/?p=6349#primaryimage"},"thumbnailUrl":"https:\/\/noticiasemdestaque.com\/cd\/wp-content\/uploads\/2017\/11\/b_650_0_16777215_00_images_stories_2017_novembro_27_encceja.jpg","datePublished":"2017-11-28T00:25:56+00:00","breadcrumb":{"@id":"https:\/\/noticiasemdestaque.com\/cd\/?p=6349#breadcrumb"},"inLanguage":"pt-BR","potentialAction":[{"@type":"ReadAction","target":["https:\/\/noticiasemdestaque.com\/cd\/?p=6349"]}]},{"@type":"ImageObject","inLanguage":"pt-BR","@id":"https:\/\/noticiasemdestaque.com\/cd\/?p=6349#primaryimage","url":"https:\/\/noticiasemdestaque.com\/cd\/wp-content\/uploads\/2017\/11\/b_650_0_16777215_00_images_stories_2017_novembro_27_encceja.jpg","contentUrl":"https:\/\/noticiasemdestaque.com\/cd\/wp-content\/uploads\/2017\/11\/b_650_0_16777215_00_images_stories_2017_novembro_27_encceja.jpg","width":650,"height":364},{"@type":"BreadcrumbList","@id":"https:\/\/noticiasemdestaque.com\/cd\/?p=6349#breadcrumb","itemListElement":[{"@type":"ListItem","position":1,"name":"In\u00edcio","item":"https:\/\/noticiasemdestaque.com\/cd\/"},{"@type":"ListItem","position":2,"name":"Gabarito do Encceja ser\u00e1 divulgado nesta semana"}]},{"@type":"WebSite","@id":"https:\/\/noticiasemdestaque.com\/cd\/#website","url":"https:\/\/noticiasemdestaque.com\/cd\/","name":"Not&iacute;cias em Destaque","description":"","publisher":{"@id":"https:\/\/noticiasemdestaque.com\/cd\/#organization"},"potentialAction":[{"@type":"SearchAction","target":{"@type":"EntryPoint","urlTemplate":"https:\/\/noticiasemdestaque.com\/cd\/?s={search_term_string}"},"query-input":{"@type":"PropertyValueSpecification","valueRequired":true,"valueName":"search_term_string"}}],"inLanguage":"pt-BR"},{"@type":"Organization","@id":"https:\/\/noticiasemdestaque.com\/cd\/#organization","name":"Not\u00edcias em Destaque","url":"https:\/\/noticiasemdestaque.com\/cd\/","logo":{"@type":"ImageObject","inLanguage":"pt-BR","@id":"https:\/\/noticiasemdestaque.com\/cd\/#\/schema\/logo\/image\/","url":"https:\/\/noticiasemdestaque.com\/cd\/wp-content\/uploads\/2022\/05\/imagem-base-noticiasemdestaque.png","contentUrl":"https:\/\/noticiasemdestaque.com\/cd\/wp-content\/uploads\/2022\/05\/imagem-base-noticiasemdestaque.png","width":1200,"height":630,"caption":"Not\u00edcias em Destaque"},"image":{"@id":"https:\/\/noticiasemdestaque.com\/cd\/#\/schema\/logo\/image\/"}},{"@type":"Person","@id":"https:\/\/noticiasemdestaque.com\/cd\/#\/schema\/person\/4a81fb71f77579d059c3045891fa1786","name":"Not\u00edcias em Destaque","url":"https:\/\/noticiasemdestaque.com\/cd\/?author=2"}]}},"jetpack_featured_media_url":"https:\/\/noticiasemdestaque.com\/cd\/wp-content\/uploads\/2017\/11\/b_650_0_16777215_00_images_stories_2017_novembro_27_encceja.jpg","jetpack_sharing_enabled":true,"_links":{"self":[{"href":"https:\/\/noticiasemdestaque.com\/cd\/index.php?rest_route=\/wp\/v2\/posts\/6349","targetHints":{"allow":["GET"]}}],"collection":[{"href":"https:\/\/noticiasemdestaque.com\/cd\/index.php?rest_route=\/wp\/v2\/posts"}],"about":[{"href":"https:\/\/noticiasemdestaque.com\/cd\/index.php?rest_route=\/wp\/v2\/types\/post"}],"author":[{"embeddable":true,"href":"https:\/\/noticiasemdestaque.com\/cd\/index.php?rest_route=\/wp\/v2\/users\/2"}],"replies":[{"embeddable":true,"href":"https:\/\/noticiasemdestaque.com\/cd\/index.php?rest_route=%2Fwp%2Fv2%2Fcomments&post=6349"}],"version-history":[{"count":1,"href":"https:\/\/noticiasemdestaque.com\/cd\/index.php?rest_route=\/wp\/v2\/posts\/6349\/revisions"}],"predecessor-version":[{"id":6351,"href":"https:\/\/noticiasemdestaque.com\/cd\/index.php?rest_route=\/wp\/v2\/posts\/6349\/revisions\/6351"}],"wp:featuredmedia":[{"embeddable":true,"href":"https:\/\/noticiasemdestaque.com\/cd\/index.php?rest_route=\/wp\/v2\/media\/6350"}],"wp:attachment":[{"href":"https:\/\/noticiasemdestaque.com\/cd\/index.php?rest_route=%2Fwp%2Fv2%2Fmedia&parent=6349"}],"wp:term":[{"taxonomy":"category","embeddable":true,"href":"https:\/\/noticiasemdestaque.com\/cd\/index.php?rest_route=%2Fwp%2Fv2%2Fcategories&post=6349"},{"taxonomy":"post_tag","embeddable":true,"href":"https:\/\/noticiasemdestaque.com\/cd\/index.php?rest_route=%2Fwp%2Fv2%2Ftags&post=6349"}],"curies":[{"name":"wp","href":"https:\/\/api.w.org\/{rel}","templated":true}]}}