{"id":6344,"date":"2017-11-27T21:12:54","date_gmt":"2017-11-28T00:12:54","guid":{"rendered":"http:\/\/caririemdestaque.com\/cd\/?p=6344"},"modified":"2017-11-27T21:12:54","modified_gmt":"2017-11-28T00:12:54","slug":"ricardo-anuncia-pagamento-de-fim-de-ano-dos-servidores-estaduais","status":"publish","type":"post","link":"https:\/\/noticiasemdestaque.com\/cd\/?p=6344","title":{"rendered":"Ricardo anuncia pagamento de fim de ano dos servidores estaduais"},"content":{"rendered":"<p><a href=\"http:\/\/caririemdestaque.com\/cd\/wp-content\/uploads\/2017\/11\/ricardo-no-forum-da-exame-debate-reducao-de-desingualdade-no-nordeste-em-salvador-foto-jose-marques-5.jpg\"><img fetchpriority=\"high\" decoding=\"async\" class=\"alignleft wp-image-6032 size-medium\" src=\"http:\/\/caririemdestaque.com\/cd\/wp-content\/uploads\/2017\/11\/ricardo-no-forum-da-exame-debate-reducao-de-desingualdade-no-nordeste-em-salvador-foto-jose-marques-5-300x188.jpg\" alt=\"\" width=\"300\" height=\"188\" srcset=\"https:\/\/noticiasemdestaque.com\/cd\/wp-content\/uploads\/2017\/11\/ricardo-no-forum-da-exame-debate-reducao-de-desingualdade-no-nordeste-em-salvador-foto-jose-marques-5-300x188.jpg 300w, https:\/\/noticiasemdestaque.com\/cd\/wp-content\/uploads\/2017\/11\/ricardo-no-forum-da-exame-debate-reducao-de-desingualdade-no-nordeste-em-salvador-foto-jose-marques-5-768x480.jpg 768w, https:\/\/noticiasemdestaque.com\/cd\/wp-content\/uploads\/2017\/11\/ricardo-no-forum-da-exame-debate-reducao-de-desingualdade-no-nordeste-em-salvador-foto-jose-marques-5-1024x640.jpg 1024w, https:\/\/noticiasemdestaque.com\/cd\/wp-content\/uploads\/2017\/11\/ricardo-no-forum-da-exame-debate-reducao-de-desingualdade-no-nordeste-em-salvador-foto-jose-marques-5.jpg 1240w\" sizes=\"(max-width: 300px) 100vw, 300px\" \/><\/a>O governador Ricardo Coutinho anunciou, nesta segunda-feira (27), o calend\u00e1rio de fim de ano referente ao pagamento dos servidores estaduais. De 29 de novembro at\u00e9 28 de dezembro, ser\u00e3o injetados mais de R$ 800 milh\u00f5es na economia paraibana com o pagamento da folha. O calend\u00e1rio, anunciado no Programa Fala Governador, transmitido em rede estadual de r\u00e1dio, inclui ainda o 14\u00ba e o 15\u00ba sal\u00e1rios da Educa\u00e7\u00e3o.<\/p>\n<p>De acordo com o governador Ricardo Coutinho, o pagamento da folha de novembro come\u00e7a nesta quarta-feira (29), quando recebem aposentados e pensionistas. J\u00e1 na quinta-feira (30), ser\u00e1 efetuado o pagamento dos servidores da ativa, administra\u00e7\u00e3o direta e indireta.<\/p>\n<p>No dia 13 de dezembro, ser\u00e1 pago o 13\u00ba sal\u00e1rio dos servidores estaduais.\u00a0 J\u00e1 no dia 19, ser\u00e1 pago o 14\u00ba sal\u00e1rio da Educa\u00e7\u00e3o, destinado a funcion\u00e1rios de escolas que alcan\u00e7aram \u00edndices de melhoria na qualidade de ensino.<\/p>\n<p>J\u00e1 no dia 22 de dezembro, ser\u00e1 pago o 15\u00ba sal\u00e1rio a professores que tiveram projetos aprovados por uma comiss\u00e3o contratada pela Secretaria de Estado da Educa\u00e7\u00e3o.<\/p>\n<p>O pagamento da folha de dezembro ser\u00e1 efetuado nos dias 27 e 28 de dezembro, quando recebem aposentados e servidores da ativa, respectivamente.<\/p>\n<p>Na ocasi\u00e3o, o governador Ricardo Coutinho destacou a import\u00e2ncia de se manter o pagamento da folha de pessoal em dia. \u201c\u00c9 uma preocupa\u00e7\u00e3o enorme [manter a folha em dia], n\u00e3o apenas pelos servidores, que precisam receber, mas tamb\u00e9m pela economia\u201d, disse. \u201cQuando o Estado atrasou os sal\u00e1rios em uma determinada \u00e9poca, a tristeza e o golpe contra a economia, contra o com\u00e9rcio, foram terr\u00edveis\u201d, observou o governador.<\/p>\n<p><strong>Calend\u00e1rio<\/strong><\/p>\n<p><strong>Folha de novembro<\/strong><\/p>\n<p>29\/11 \u2013 aposentados e pensionistas<\/p>\n<p>30\/11 \u2013 servidores da ativa (administra\u00e7\u00e3o direta e indireta)<\/p>\n<p><strong>D\u00e9cimo<\/strong><\/p>\n<p>13\/12 \u2013 13\u00ba sal\u00e1rio<\/p>\n<p>19\/12 \u2013 14\u00ba sal\u00e1rio da Educa\u00e7\u00e3o (escolas que atingiram metas)<\/p>\n<p>22\/12 \u2013 15\u00ba sal\u00e1rio da Educa\u00e7\u00e3o (professores com projetos aprovados)<\/p>\n<p><strong>Folha de dezembro<\/strong><\/p>\n<p>27\/12 \u2013 aposentados e pensionistas<\/p>\n<p>28\/12 \u2013 servidores da ativa (administra\u00e7\u00e3o direta e indireta)<\/p>\n<p><em><strong>Cariri em Destaque<\/strong><\/em><\/p>\n<p>Com Secom-PB<\/p>\n","protected":false},"excerpt":{"rendered":"<p>O governador Ricardo Coutinho anunciou, nesta segunda-feira (27), o calend\u00e1rio de fim de ano referente ao pagamento dos servidores estaduais. De 29 de novembro at\u00e9 28 de dezembro, ser\u00e3o injetados mais de R$ 800 milh\u00f5es na economia paraibana com o pagamento da folha. O calend\u00e1rio, anunciado no Programa Fala Governador, transmitido em rede estadual de r\u00e1dio, inclui ainda o 14\u00ba e o 15\u00ba sal\u00e1rios da Educa\u00e7\u00e3o. De acordo com o governador Ricardo Coutinho, o pagamento da folha de novembro come\u00e7a nesta quarta-feira (29), quando recebem aposentados e pensionistas. J\u00e1 na quinta-feira (30), ser\u00e1 efetuado o pagamento dos servidores da ativa, administra\u00e7\u00e3o direta e indireta. No dia 13 de dezembro, ser\u00e1 pago o 13\u00ba sal\u00e1rio dos servidores estaduais.\u00a0 J\u00e1 no dia 19, ser\u00e1 pago o 14\u00ba sal\u00e1rio da Educa\u00e7\u00e3o, destinado a funcion\u00e1rios de escolas que alcan\u00e7aram \u00edndices de melhoria na qualidade de ensino. J\u00e1 no dia 22 de dezembro, ser\u00e1 pago o 15\u00ba sal\u00e1rio a professores que tiveram projetos aprovados por uma comiss\u00e3o contratada pela Secretaria de Estado da Educa\u00e7\u00e3o. O pagamento da folha de dezembro ser\u00e1 efetuado nos dias 27 e 28 de dezembro, quando recebem aposentados e servidores da ativa, respectivamente. Na ocasi\u00e3o, o governador Ricardo Coutinho destacou a import\u00e2ncia de se manter o pagamento da folha de pessoal em dia. \u201c\u00c9 uma preocupa\u00e7\u00e3o enorme [manter a folha em dia], n\u00e3o apenas pelos servidores, que precisam receber, mas tamb\u00e9m pela economia\u201d, disse. \u201cQuando o Estado atrasou os sal\u00e1rios em uma determinada \u00e9poca, a tristeza e o golpe contra a economia, contra o com\u00e9rcio, foram terr\u00edveis\u201d, observou o governador. Calend\u00e1rio Folha de novembro 29\/11 \u2013 aposentados e pensionistas 30\/11 \u2013 servidores da ativa (administra\u00e7\u00e3o direta e indireta) D\u00e9cimo 13\/12 \u2013 13\u00ba sal\u00e1rio 19\/12 \u2013 14\u00ba sal\u00e1rio da Educa\u00e7\u00e3o (escolas que atingiram metas) 22\/12 \u2013 15\u00ba sal\u00e1rio da Educa\u00e7\u00e3o (professores com projetos aprovados) Folha de dezembro 27\/12 \u2013 aposentados e pensionistas 28\/12 \u2013 servidores da ativa (administra\u00e7\u00e3o direta e indireta) Cariri em Destaque Com Secom-PB<\/p>\n","protected":false},"author":2,"featured_media":5966,"comment_status":"closed","ping_status":"open","sticky":false,"template":"","format":"standard","meta":{"_eb_attr":"","_jetpack_memberships_contains_paid_content":false,"footnotes":""},"categories":[4],"tags":[],"class_list":["post-6344","post","type-post","status-publish","format-standard","has-post-thumbnail","hentry","category-politica"],"yoast_head":"<!-- This site is optimized with the Yoast SEO plugin v26.5 - https:\/\/yoast.com\/wordpress\/plugins\/seo\/ -->\n<title>Ricardo anuncia pagamento de fim de ano dos servidores estaduais - Not&iacute;cias em Destaque<\/title>\n<meta name=\"robots\" content=\"index, follow, max-snippet:-1, max-image-preview:large, max-video-preview:-1\" \/>\n<link rel=\"canonical\" href=\"https:\/\/noticiasemdestaque.com\/cd\/?p=6344\" \/>\n<meta property=\"og:locale\" content=\"pt_BR\" \/>\n<meta property=\"og:type\" content=\"article\" \/>\n<meta property=\"og:title\" content=\"Ricardo anuncia pagamento de fim de ano dos servidores estaduais - Not&iacute;cias em Destaque\" \/>\n<meta property=\"og:description\" content=\"O governador Ricardo Coutinho anunciou, nesta segunda-feira (27), o calend\u00e1rio de fim de ano referente ao pagamento dos servidores estaduais. De 29 de novembro at\u00e9 28 de dezembro, ser\u00e3o injetados mais de R$ 800 milh\u00f5es na economia paraibana com o pagamento da folha. O calend\u00e1rio, anunciado no Programa Fala Governador, transmitido em rede estadual de r\u00e1dio, inclui ainda o 14\u00ba e o 15\u00ba sal\u00e1rios da Educa\u00e7\u00e3o. De acordo com o governador Ricardo Coutinho, o pagamento da folha de novembro come\u00e7a nesta quarta-feira (29), quando recebem aposentados e pensionistas. J\u00e1 na quinta-feira (30), ser\u00e1 efetuado o pagamento dos servidores da ativa, administra\u00e7\u00e3o direta e indireta. No dia 13 de dezembro, ser\u00e1 pago o 13\u00ba sal\u00e1rio dos servidores estaduais.\u00a0 J\u00e1 no dia 19, ser\u00e1 pago o 14\u00ba sal\u00e1rio da Educa\u00e7\u00e3o, destinado a funcion\u00e1rios de escolas que alcan\u00e7aram \u00edndices de melhoria na qualidade de ensino. J\u00e1 no dia 22 de dezembro, ser\u00e1 pago o 15\u00ba sal\u00e1rio a professores que tiveram projetos aprovados por uma comiss\u00e3o contratada pela Secretaria de Estado da Educa\u00e7\u00e3o. O pagamento da folha de dezembro ser\u00e1 efetuado nos dias 27 e 28 de dezembro, quando recebem aposentados e servidores da ativa, respectivamente. Na ocasi\u00e3o, o governador Ricardo Coutinho destacou a import\u00e2ncia de se manter o pagamento da folha de pessoal em dia. \u201c\u00c9 uma preocupa\u00e7\u00e3o enorme [manter a folha em dia], n\u00e3o apenas pelos servidores, que precisam receber, mas tamb\u00e9m pela economia\u201d, disse. \u201cQuando o Estado atrasou os sal\u00e1rios em uma determinada \u00e9poca, a tristeza e o golpe contra a economia, contra o com\u00e9rcio, foram terr\u00edveis\u201d, observou o governador. Calend\u00e1rio Folha de novembro 29\/11 \u2013 aposentados e pensionistas 30\/11 \u2013 servidores da ativa (administra\u00e7\u00e3o direta e indireta) D\u00e9cimo 13\/12 \u2013 13\u00ba sal\u00e1rio 19\/12 \u2013 14\u00ba sal\u00e1rio da Educa\u00e7\u00e3o (escolas que atingiram metas) 22\/12 \u2013 15\u00ba sal\u00e1rio da Educa\u00e7\u00e3o (professores com projetos aprovados) Folha de dezembro 27\/12 \u2013 aposentados e pensionistas 28\/12 \u2013 servidores da ativa (administra\u00e7\u00e3o direta e indireta) Cariri em Destaque Com Secom-PB\" \/>\n<meta property=\"og:url\" content=\"https:\/\/noticiasemdestaque.com\/cd\/?p=6344\" \/>\n<meta property=\"og:site_name\" content=\"Not&iacute;cias em Destaque\" \/>\n<meta property=\"article:published_time\" content=\"2017-11-28T00:12:54+00:00\" \/>\n<meta property=\"og:image\" content=\"https:\/\/noticiasemdestaque.com\/cd\/wp-content\/uploads\/2017\/11\/Ricardo-Coutinho-1-2-300x156.jpg\" \/>\n\t<meta property=\"og:image:width\" content=\"300\" \/>\n\t<meta property=\"og:image:height\" content=\"156\" \/>\n\t<meta property=\"og:image:type\" content=\"image\/jpeg\" \/>\n<meta name=\"author\" content=\"Not\u00edcias em Destaque\" \/>\n<meta name=\"twitter:card\" content=\"summary_large_image\" \/>\n<meta name=\"twitter:label1\" content=\"Escrito por\" \/>\n\t<meta name=\"twitter:data1\" content=\"Not\u00edcias em Destaque\" \/>\n\t<meta name=\"twitter:label2\" content=\"Est. tempo de leitura\" \/>\n\t<meta name=\"twitter:data2\" content=\"2 minutos\" \/>\n<script type=\"application\/ld+json\" class=\"yoast-schema-graph\">{\"@context\":\"https:\/\/schema.org\",\"@graph\":[{\"@type\":\"Article\",\"@id\":\"https:\/\/noticiasemdestaque.com\/cd\/?p=6344#article\",\"isPartOf\":{\"@id\":\"https:\/\/noticiasemdestaque.com\/cd\/?p=6344\"},\"author\":{\"name\":\"Not\u00edcias em Destaque\",\"@id\":\"https:\/\/noticiasemdestaque.com\/cd\/#\/schema\/person\/4a81fb71f77579d059c3045891fa1786\"},\"headline\":\"Ricardo anuncia pagamento de fim de ano dos servidores estaduais\",\"datePublished\":\"2017-11-28T00:12:54+00:00\",\"mainEntityOfPage\":{\"@id\":\"https:\/\/noticiasemdestaque.com\/cd\/?p=6344\"},\"wordCount\":334,\"publisher\":{\"@id\":\"https:\/\/noticiasemdestaque.com\/cd\/#organization\"},\"image\":{\"@id\":\"https:\/\/noticiasemdestaque.com\/cd\/?p=6344#primaryimage\"},\"thumbnailUrl\":\"https:\/\/noticiasemdestaque.com\/cd\/wp-content\/uploads\/2017\/11\/Ricardo-Coutinho-1-2-300x156.jpg\",\"articleSection\":[\"Pol\u00edtica\"],\"inLanguage\":\"pt-BR\"},{\"@type\":\"WebPage\",\"@id\":\"https:\/\/noticiasemdestaque.com\/cd\/?p=6344\",\"url\":\"https:\/\/noticiasemdestaque.com\/cd\/?p=6344\",\"name\":\"Ricardo anuncia pagamento de fim de ano dos servidores estaduais - Not&iacute;cias em Destaque\",\"isPartOf\":{\"@id\":\"https:\/\/noticiasemdestaque.com\/cd\/#website\"},\"primaryImageOfPage\":{\"@id\":\"https:\/\/noticiasemdestaque.com\/cd\/?p=6344#primaryimage\"},\"image\":{\"@id\":\"https:\/\/noticiasemdestaque.com\/cd\/?p=6344#primaryimage\"},\"thumbnailUrl\":\"https:\/\/noticiasemdestaque.com\/cd\/wp-content\/uploads\/2017\/11\/Ricardo-Coutinho-1-2-300x156.jpg\",\"datePublished\":\"2017-11-28T00:12:54+00:00\",\"breadcrumb\":{\"@id\":\"https:\/\/noticiasemdestaque.com\/cd\/?p=6344#breadcrumb\"},\"inLanguage\":\"pt-BR\",\"potentialAction\":[{\"@type\":\"ReadAction\",\"target\":[\"https:\/\/noticiasemdestaque.com\/cd\/?p=6344\"]}]},{\"@type\":\"ImageObject\",\"inLanguage\":\"pt-BR\",\"@id\":\"https:\/\/noticiasemdestaque.com\/cd\/?p=6344#primaryimage\",\"url\":\"https:\/\/noticiasemdestaque.com\/cd\/wp-content\/uploads\/2017\/11\/Ricardo-Coutinho-1-2-300x156.jpg\",\"contentUrl\":\"https:\/\/noticiasemdestaque.com\/cd\/wp-content\/uploads\/2017\/11\/Ricardo-Coutinho-1-2-300x156.jpg\",\"width\":300,\"height\":156},{\"@type\":\"BreadcrumbList\",\"@id\":\"https:\/\/noticiasemdestaque.com\/cd\/?p=6344#breadcrumb\",\"itemListElement\":[{\"@type\":\"ListItem\",\"position\":1,\"name\":\"In\u00edcio\",\"item\":\"https:\/\/noticiasemdestaque.com\/cd\/\"},{\"@type\":\"ListItem\",\"position\":2,\"name\":\"Ricardo anuncia pagamento de fim de ano dos servidores estaduais\"}]},{\"@type\":\"WebSite\",\"@id\":\"https:\/\/noticiasemdestaque.com\/cd\/#website\",\"url\":\"https:\/\/noticiasemdestaque.com\/cd\/\",\"name\":\"Not&iacute;cias em Destaque\",\"description\":\"\",\"publisher\":{\"@id\":\"https:\/\/noticiasemdestaque.com\/cd\/#organization\"},\"potentialAction\":[{\"@type\":\"SearchAction\",\"target\":{\"@type\":\"EntryPoint\",\"urlTemplate\":\"https:\/\/noticiasemdestaque.com\/cd\/?s={search_term_string}\"},\"query-input\":{\"@type\":\"PropertyValueSpecification\",\"valueRequired\":true,\"valueName\":\"search_term_string\"}}],\"inLanguage\":\"pt-BR\"},{\"@type\":\"Organization\",\"@id\":\"https:\/\/noticiasemdestaque.com\/cd\/#organization\",\"name\":\"Not\u00edcias em Destaque\",\"url\":\"https:\/\/noticiasemdestaque.com\/cd\/\",\"logo\":{\"@type\":\"ImageObject\",\"inLanguage\":\"pt-BR\",\"@id\":\"https:\/\/noticiasemdestaque.com\/cd\/#\/schema\/logo\/image\/\",\"url\":\"https:\/\/noticiasemdestaque.com\/cd\/wp-content\/uploads\/2022\/05\/imagem-base-noticiasemdestaque.png\",\"contentUrl\":\"https:\/\/noticiasemdestaque.com\/cd\/wp-content\/uploads\/2022\/05\/imagem-base-noticiasemdestaque.png\",\"width\":1200,\"height\":630,\"caption\":\"Not\u00edcias em Destaque\"},\"image\":{\"@id\":\"https:\/\/noticiasemdestaque.com\/cd\/#\/schema\/logo\/image\/\"}},{\"@type\":\"Person\",\"@id\":\"https:\/\/noticiasemdestaque.com\/cd\/#\/schema\/person\/4a81fb71f77579d059c3045891fa1786\",\"name\":\"Not\u00edcias em Destaque\",\"url\":\"https:\/\/noticiasemdestaque.com\/cd\/?author=2\"}]}<\/script>\n<!-- \/ Yoast SEO plugin. -->","yoast_head_json":{"title":"Ricardo anuncia pagamento de fim de ano dos servidores estaduais - Not&iacute;cias em Destaque","robots":{"index":"index","follow":"follow","max-snippet":"max-snippet:-1","max-image-preview":"max-image-preview:large","max-video-preview":"max-video-preview:-1"},"canonical":"https:\/\/noticiasemdestaque.com\/cd\/?p=6344","og_locale":"pt_BR","og_type":"article","og_title":"Ricardo anuncia pagamento de fim de ano dos servidores estaduais - Not&iacute;cias em Destaque","og_description":"O governador Ricardo Coutinho anunciou, nesta segunda-feira (27), o calend\u00e1rio de fim de ano referente ao pagamento dos servidores estaduais. De 29 de novembro at\u00e9 28 de dezembro, ser\u00e3o injetados mais de R$ 800 milh\u00f5es na economia paraibana com o pagamento da folha. O calend\u00e1rio, anunciado no Programa Fala Governador, transmitido em rede estadual de r\u00e1dio, inclui ainda o 14\u00ba e o 15\u00ba sal\u00e1rios da Educa\u00e7\u00e3o. De acordo com o governador Ricardo Coutinho, o pagamento da folha de novembro come\u00e7a nesta quarta-feira (29), quando recebem aposentados e pensionistas. J\u00e1 na quinta-feira (30), ser\u00e1 efetuado o pagamento dos servidores da ativa, administra\u00e7\u00e3o direta e indireta. No dia 13 de dezembro, ser\u00e1 pago o 13\u00ba sal\u00e1rio dos servidores estaduais.\u00a0 J\u00e1 no dia 19, ser\u00e1 pago o 14\u00ba sal\u00e1rio da Educa\u00e7\u00e3o, destinado a funcion\u00e1rios de escolas que alcan\u00e7aram \u00edndices de melhoria na qualidade de ensino. J\u00e1 no dia 22 de dezembro, ser\u00e1 pago o 15\u00ba sal\u00e1rio a professores que tiveram projetos aprovados por uma comiss\u00e3o contratada pela Secretaria de Estado da Educa\u00e7\u00e3o. O pagamento da folha de dezembro ser\u00e1 efetuado nos dias 27 e 28 de dezembro, quando recebem aposentados e servidores da ativa, respectivamente. Na ocasi\u00e3o, o governador Ricardo Coutinho destacou a import\u00e2ncia de se manter o pagamento da folha de pessoal em dia. \u201c\u00c9 uma preocupa\u00e7\u00e3o enorme [manter a folha em dia], n\u00e3o apenas pelos servidores, que precisam receber, mas tamb\u00e9m pela economia\u201d, disse. \u201cQuando o Estado atrasou os sal\u00e1rios em uma determinada \u00e9poca, a tristeza e o golpe contra a economia, contra o com\u00e9rcio, foram terr\u00edveis\u201d, observou o governador. Calend\u00e1rio Folha de novembro 29\/11 \u2013 aposentados e pensionistas 30\/11 \u2013 servidores da ativa (administra\u00e7\u00e3o direta e indireta) D\u00e9cimo 13\/12 \u2013 13\u00ba sal\u00e1rio 19\/12 \u2013 14\u00ba sal\u00e1rio da Educa\u00e7\u00e3o (escolas que atingiram metas) 22\/12 \u2013 15\u00ba sal\u00e1rio da Educa\u00e7\u00e3o (professores com projetos aprovados) Folha de dezembro 27\/12 \u2013 aposentados e pensionistas 28\/12 \u2013 servidores da ativa (administra\u00e7\u00e3o direta e indireta) Cariri em Destaque Com Secom-PB","og_url":"https:\/\/noticiasemdestaque.com\/cd\/?p=6344","og_site_name":"Not&iacute;cias em Destaque","article_published_time":"2017-11-28T00:12:54+00:00","og_image":[{"width":300,"height":156,"url":"https:\/\/noticiasemdestaque.com\/cd\/wp-content\/uploads\/2017\/11\/Ricardo-Coutinho-1-2-300x156.jpg","type":"image\/jpeg"}],"author":"Not\u00edcias em Destaque","twitter_card":"summary_large_image","twitter_misc":{"Escrito por":"Not\u00edcias em Destaque","Est. tempo de leitura":"2 minutos"},"schema":{"@context":"https:\/\/schema.org","@graph":[{"@type":"Article","@id":"https:\/\/noticiasemdestaque.com\/cd\/?p=6344#article","isPartOf":{"@id":"https:\/\/noticiasemdestaque.com\/cd\/?p=6344"},"author":{"name":"Not\u00edcias em Destaque","@id":"https:\/\/noticiasemdestaque.com\/cd\/#\/schema\/person\/4a81fb71f77579d059c3045891fa1786"},"headline":"Ricardo anuncia pagamento de fim de ano dos servidores estaduais","datePublished":"2017-11-28T00:12:54+00:00","mainEntityOfPage":{"@id":"https:\/\/noticiasemdestaque.com\/cd\/?p=6344"},"wordCount":334,"publisher":{"@id":"https:\/\/noticiasemdestaque.com\/cd\/#organization"},"image":{"@id":"https:\/\/noticiasemdestaque.com\/cd\/?p=6344#primaryimage"},"thumbnailUrl":"https:\/\/noticiasemdestaque.com\/cd\/wp-content\/uploads\/2017\/11\/Ricardo-Coutinho-1-2-300x156.jpg","articleSection":["Pol\u00edtica"],"inLanguage":"pt-BR"},{"@type":"WebPage","@id":"https:\/\/noticiasemdestaque.com\/cd\/?p=6344","url":"https:\/\/noticiasemdestaque.com\/cd\/?p=6344","name":"Ricardo anuncia pagamento de fim de ano dos servidores estaduais - Not&iacute;cias em Destaque","isPartOf":{"@id":"https:\/\/noticiasemdestaque.com\/cd\/#website"},"primaryImageOfPage":{"@id":"https:\/\/noticiasemdestaque.com\/cd\/?p=6344#primaryimage"},"image":{"@id":"https:\/\/noticiasemdestaque.com\/cd\/?p=6344#primaryimage"},"thumbnailUrl":"https:\/\/noticiasemdestaque.com\/cd\/wp-content\/uploads\/2017\/11\/Ricardo-Coutinho-1-2-300x156.jpg","datePublished":"2017-11-28T00:12:54+00:00","breadcrumb":{"@id":"https:\/\/noticiasemdestaque.com\/cd\/?p=6344#breadcrumb"},"inLanguage":"pt-BR","potentialAction":[{"@type":"ReadAction","target":["https:\/\/noticiasemdestaque.com\/cd\/?p=6344"]}]},{"@type":"ImageObject","inLanguage":"pt-BR","@id":"https:\/\/noticiasemdestaque.com\/cd\/?p=6344#primaryimage","url":"https:\/\/noticiasemdestaque.com\/cd\/wp-content\/uploads\/2017\/11\/Ricardo-Coutinho-1-2-300x156.jpg","contentUrl":"https:\/\/noticiasemdestaque.com\/cd\/wp-content\/uploads\/2017\/11\/Ricardo-Coutinho-1-2-300x156.jpg","width":300,"height":156},{"@type":"BreadcrumbList","@id":"https:\/\/noticiasemdestaque.com\/cd\/?p=6344#breadcrumb","itemListElement":[{"@type":"ListItem","position":1,"name":"In\u00edcio","item":"https:\/\/noticiasemdestaque.com\/cd\/"},{"@type":"ListItem","position":2,"name":"Ricardo anuncia pagamento de fim de ano dos servidores estaduais"}]},{"@type":"WebSite","@id":"https:\/\/noticiasemdestaque.com\/cd\/#website","url":"https:\/\/noticiasemdestaque.com\/cd\/","name":"Not&iacute;cias em Destaque","description":"","publisher":{"@id":"https:\/\/noticiasemdestaque.com\/cd\/#organization"},"potentialAction":[{"@type":"SearchAction","target":{"@type":"EntryPoint","urlTemplate":"https:\/\/noticiasemdestaque.com\/cd\/?s={search_term_string}"},"query-input":{"@type":"PropertyValueSpecification","valueRequired":true,"valueName":"search_term_string"}}],"inLanguage":"pt-BR"},{"@type":"Organization","@id":"https:\/\/noticiasemdestaque.com\/cd\/#organization","name":"Not\u00edcias em Destaque","url":"https:\/\/noticiasemdestaque.com\/cd\/","logo":{"@type":"ImageObject","inLanguage":"pt-BR","@id":"https:\/\/noticiasemdestaque.com\/cd\/#\/schema\/logo\/image\/","url":"https:\/\/noticiasemdestaque.com\/cd\/wp-content\/uploads\/2022\/05\/imagem-base-noticiasemdestaque.png","contentUrl":"https:\/\/noticiasemdestaque.com\/cd\/wp-content\/uploads\/2022\/05\/imagem-base-noticiasemdestaque.png","width":1200,"height":630,"caption":"Not\u00edcias em Destaque"},"image":{"@id":"https:\/\/noticiasemdestaque.com\/cd\/#\/schema\/logo\/image\/"}},{"@type":"Person","@id":"https:\/\/noticiasemdestaque.com\/cd\/#\/schema\/person\/4a81fb71f77579d059c3045891fa1786","name":"Not\u00edcias em Destaque","url":"https:\/\/noticiasemdestaque.com\/cd\/?author=2"}]}},"jetpack_featured_media_url":"https:\/\/noticiasemdestaque.com\/cd\/wp-content\/uploads\/2017\/11\/Ricardo-Coutinho-1-2-300x156.jpg","jetpack_sharing_enabled":true,"_links":{"self":[{"href":"https:\/\/noticiasemdestaque.com\/cd\/index.php?rest_route=\/wp\/v2\/posts\/6344","targetHints":{"allow":["GET"]}}],"collection":[{"href":"https:\/\/noticiasemdestaque.com\/cd\/index.php?rest_route=\/wp\/v2\/posts"}],"about":[{"href":"https:\/\/noticiasemdestaque.com\/cd\/index.php?rest_route=\/wp\/v2\/types\/post"}],"author":[{"embeddable":true,"href":"https:\/\/noticiasemdestaque.com\/cd\/index.php?rest_route=\/wp\/v2\/users\/2"}],"replies":[{"embeddable":true,"href":"https:\/\/noticiasemdestaque.com\/cd\/index.php?rest_route=%2Fwp%2Fv2%2Fcomments&post=6344"}],"version-history":[{"count":1,"href":"https:\/\/noticiasemdestaque.com\/cd\/index.php?rest_route=\/wp\/v2\/posts\/6344\/revisions"}],"predecessor-version":[{"id":6345,"href":"https:\/\/noticiasemdestaque.com\/cd\/index.php?rest_route=\/wp\/v2\/posts\/6344\/revisions\/6345"}],"wp:featuredmedia":[{"embeddable":true,"href":"https:\/\/noticiasemdestaque.com\/cd\/index.php?rest_route=\/wp\/v2\/media\/5966"}],"wp:attachment":[{"href":"https:\/\/noticiasemdestaque.com\/cd\/index.php?rest_route=%2Fwp%2Fv2%2Fmedia&parent=6344"}],"wp:term":[{"taxonomy":"category","embeddable":true,"href":"https:\/\/noticiasemdestaque.com\/cd\/index.php?rest_route=%2Fwp%2Fv2%2Fcategories&post=6344"},{"taxonomy":"post_tag","embeddable":true,"href":"https:\/\/noticiasemdestaque.com\/cd\/index.php?rest_route=%2Fwp%2Fv2%2Ftags&post=6344"}],"curies":[{"name":"wp","href":"https:\/\/api.w.org\/{rel}","templated":true}]}}