{"id":63020,"date":"2024-10-24T07:46:35","date_gmt":"2024-10-24T10:46:35","guid":{"rendered":"https:\/\/noticiasemdestaque.com\/cd\/?p=63020"},"modified":"2024-10-24T07:46:35","modified_gmt":"2024-10-24T10:46:35","slug":"quase-200-criancas-e-adolescentes-sao-agredidos-por-dia-no-brasil","status":"publish","type":"post","link":"https:\/\/noticiasemdestaque.com\/cd\/?p=63020","title":{"rendered":"Quase 200 crian\u00e7as e adolescentes s\u00e3o agredidos por dia no Brasil"},"content":{"rendered":"<p><a href=\"https:\/\/noticiasemdestaque.com\/cd\/wp-content\/uploads\/2024\/10\/violencia_crianca_marcello_casal_jr.webp\"><img fetchpriority=\"high\" decoding=\"async\" class=\"size-medium wp-image-63021 aligncenter\" src=\"https:\/\/noticiasemdestaque.com\/cd\/wp-content\/uploads\/2024\/10\/violencia_crianca_marcello_casal_jr-300x179.webp\" alt=\"\" width=\"300\" height=\"179\" srcset=\"https:\/\/noticiasemdestaque.com\/cd\/wp-content\/uploads\/2024\/10\/violencia_crianca_marcello_casal_jr-300x179.webp 300w, https:\/\/noticiasemdestaque.com\/cd\/wp-content\/uploads\/2024\/10\/violencia_crianca_marcello_casal_jr-1024x613.webp 1024w, https:\/\/noticiasemdestaque.com\/cd\/wp-content\/uploads\/2024\/10\/violencia_crianca_marcello_casal_jr-768x459.webp 768w, https:\/\/noticiasemdestaque.com\/cd\/wp-content\/uploads\/2024\/10\/violencia_crianca_marcello_casal_jr.webp 1170w\" sizes=\"(max-width: 300px) 100vw, 300px\" \/><\/a><\/p>\n<p>O Brasil registrou, ao longo de todo o ano de 2023, uma m\u00e9dia de 196 casos de viol\u00eancia f\u00edsica contra crian\u00e7as e adolescentes de at\u00e9 19 anos. Cerca de 80% das agress\u00f5es contra crian\u00e7as de at\u00e9 14 anos ocorreram\u00a0dentro de suas pr\u00f3prias casas. Os n\u00fameros foram divulgados nesta quinta-feira (24) pela Sociedade Brasileira de Pediatria (SBP) com base em casos notificados por unidades de sa\u00fade.<\/p>\n<p>Dados do Sistema Nacional de Agravos de Notifica\u00e7\u00e3o (Sinan), mantido pelo Minist\u00e9rio da Sa\u00fade, indicam que casos de viol\u00eancia afetam todas as faixas et\u00e1rias em quest\u00e3o.<\/p>\n<p>Em 2023, foram registradas mais de 3 mil notifica\u00e7\u00f5es envolvendo beb\u00eas com menos de 1 ano, enquanto 8.370 casos estavam relacionados a crian\u00e7as de 5 a 9 anos. Adolescentes de 15 a 19 anos foram as principais v\u00edtimas de agress\u00f5es, respondendo por 35.851 notifica\u00e7\u00f5es ao longo do ano.<\/p>\n<p><strong>Subnotifica\u00e7\u00e3o<\/strong><\/p>\n<p>Apesar do n\u00famero expressivo de registros, a entidade alerta que os dados representam apenas \u201ca ponta do iceberg\u201d e que a subnotifica\u00e7\u00e3o figura como um grande desafio, impedindo uma compreens\u00e3o mais precisa da real dimens\u00e3o do problema. Segundo a SBP, muitas agress\u00f5es contra crian\u00e7as e adolescentes n\u00e3o s\u00e3o relatadas, sobretudo em \u00e1reas remotas ou com poucos recursos.<\/p>\n<p>O cen\u00e1rio de subnotifica\u00e7\u00e3o de casos de viol\u00eancia contra crian\u00e7as e adolescentes, de acordo com a SBP, \u00e9 particularmente evidente na Regi\u00e3o Norte, onde o n\u00famero de notifica\u00e7\u00f5es \u00e9 significativamente menor, o que pode estar relacionado tanto \u00e0 dificuldade de acesso aos servi\u00e7os de sa\u00fade quanto \u00e0 aus\u00eancia de mecanismos eficazes de den\u00fancia.<\/p>\n<p>A entidade destaca que, no Brasil, a notifica\u00e7\u00e3o de qualquer caso suspeito ou confirmado de viol\u00eancia contra crian\u00e7as e adolescentes \u00e9 compuls\u00f3ria, conforme estabelecido pelo Minist\u00e9rio da Sa\u00fade e pelo Estatuto da Crian\u00e7a e do Adolescente (ECA). Todos esses casos devem ser reportados ao conselho tutelar local.<\/p>\n<p>\u201cEm situa\u00e7\u00f5es mais graves ou que envolvem crimes como viol\u00eancia f\u00edsica, psicol\u00f3gica ou sexual, as delegacias de pol\u00edcia e o Minist\u00e9rio P\u00fablico tamb\u00e9m precisam ser notificados.\u201d<\/p>\n<p><strong>Distribui\u00e7\u00e3o geogr\u00e1fica<\/strong><\/p>\n<p>De modo geral, estados da Regi\u00e3o Sudeste concentram a maioria dos casos de viol\u00eancia f\u00edsica contra crian\u00e7as e adolescentes, o que, segundo a SBP, \u00e9 esperado em raz\u00e3o da alta densidade populacional e de sistemas mais eficientes de diagn\u00f3stico e den\u00fancia. Sul, Nordeste, Centro-Oeste e Norte, entretanto, tamb\u00e9m registraram n\u00fameros classificados pela entidade como expressivos.<\/p>\n<p>O estado de S\u00e3o Paulo lidera em todas as faixas et\u00e1rias, com 17.278 registros de viol\u00eancia f\u00edsica \u2013 uma m\u00e9dia de quase 50 casos por dia. Minas Gerais aparece como o segundo estado com mais notifica\u00e7\u00f5es, contabilizando 8.598 notifica\u00e7\u00f5es\u00a0ao longo de 2023.<\/p>\n<p>Em terceiro lugar, est\u00e1 o Rio de Janeiro, que registrou 7.634 agress\u00f5es.<\/p>\n<p>A entidade classifica os n\u00fameros relacionados \u00e0 Regi\u00e3o Sul como \u201cpreocupantes\u201d, com destaque para o Paran\u00e1, com 7.266 casos, e o Rio Grande do Sul, com 2.331 casos. \u201cNo Paran\u00e1, chama a aten\u00e7\u00e3o a elevada propor\u00e7\u00e3o de casos em menores de 10 anos, representando um ter\u00e7o das notifica\u00e7\u00f5es. Em Santa Catarina, 31% dos epis\u00f3dios de viol\u00eancia f\u00edsica tamb\u00e9m envolvem crian\u00e7as com menos de 10 anos\u201d.<\/p>\n<p>J\u00e1 no Nordeste, a Bahia aparece com o maior n\u00famero de ocorr\u00eancias, 3.496. Outros estados com n\u00fameros expressivos incluem Cear\u00e1 (2.954 casos) e Pernambuco (2.935 casos), sobretudo entre adolescentes de 15 a 19 anos.<\/p>\n<p>No Centro-Oeste, o estado de Goi\u00e1s se destaca com 2.533 casos, dos quais 70% ocorreram entre adolescentes de 10 a 19 anos.<\/p>\n<p>No Norte, o Par\u00e1 se sobressai, com 2.357 notifica\u00e7\u00f5es, o maior registrado\u00a0em toda a regi\u00e3o.<\/p>\n<p><strong>Orienta\u00e7\u00f5es<\/strong><\/p>\n<p>A SBP classifica a viol\u00eancia contra crian\u00e7as e adolescentes como uma doen\u00e7a silenciosa e avalia ser fundamental que profissionais de sa\u00fade estejam atentos e sens\u00edveis a poss\u00edveis sinais de agress\u00e3o, incluindo fraturas inexplic\u00e1veis ou espec\u00edficas de traumas intencionais; e relatos contradit\u00f3rios ou les\u00f5es incompat\u00edveis com o trauma descrito ou com o desenvolvimento psicomotor da crian\u00e7a.<\/p>\n<p>\u201cA viol\u00eancia intrafamiliar \u00e9 uma doen\u00e7a cr\u00f4nica e progressiva, que se repete de gera\u00e7\u00e3o em gera\u00e7\u00e3o e causa grande impacto devido \u00e0 rela\u00e7\u00e3o de depend\u00eancia entre v\u00edtima e agressor, tanto pelo dano f\u00edsico quanto pela destrui\u00e7\u00e3o de la\u00e7os afetivos. Como uma doen\u00e7a, que afeta todas as classes sociais e culturas, ela apresenta sinais e sintomas que exigem tratamento e a interrup\u00e7\u00e3o do ciclo com medidas de den\u00fancia e prote\u00e7\u00e3o.\u201d<\/p>\n<p>A entidade destaca que, embora o diagn\u00f3stico de viol\u00eancia e o encaminhamento de uma notifica\u00e7\u00e3o n\u00e3o constitua uma den\u00fancia formal contra os agressores, ambos configuram \u201cum passo importante no processo de cuidados destinado a pessoas em situa\u00e7\u00e3o de risco\u201d.<\/p>\n<p><strong>Campanha<\/strong><\/p>\n<p>A SBP informou que, ap\u00f3s debater o tema no 41\u00ba Congresso Brasileiro de Pediatria, que ocorreu\u00a0entre 22 e 26 de outubro em Florian\u00f3polis (SC), ser\u00e1 lan\u00e7ada uma nova campanha de sensibiliza\u00e7\u00e3o e orienta\u00e7\u00e3o diagn\u00f3stica sobre viol\u00eancia contra crian\u00e7as e adolescentes no Brasil.<\/p>\n<p>A proposta \u00e9 fortalecer a\u00e7\u00f5es de preven\u00e7\u00e3o e a identifica\u00e7\u00e3o precoce de sinais de agress\u00e3o em todos os n\u00edveis de servi\u00e7os de sa\u00fade.<\/p>\n<p>Fonte: Ag\u00eancia Brasil<\/p>\n","protected":false},"excerpt":{"rendered":"<p>O Brasil registrou, ao longo de todo o ano de 2023, uma m\u00e9dia de 196 casos de viol\u00eancia f\u00edsica contra crian\u00e7as e adolescentes de at\u00e9 19 anos. Cerca de 80% das agress\u00f5es contra crian\u00e7as de at\u00e9 14 anos ocorreram\u00a0dentro de suas pr\u00f3prias casas. Os n\u00fameros foram divulgados nesta quinta-feira (24) pela Sociedade Brasileira de Pediatria (SBP) com base em casos notificados por unidades de sa\u00fade. Dados do Sistema Nacional de Agravos de Notifica\u00e7\u00e3o (Sinan), mantido pelo Minist\u00e9rio da Sa\u00fade, indicam que casos de viol\u00eancia afetam todas as faixas et\u00e1rias em quest\u00e3o. Em 2023, foram registradas mais de 3 mil notifica\u00e7\u00f5es envolvendo beb\u00eas com menos de 1 ano, enquanto 8.370 casos estavam relacionados a crian\u00e7as de 5 a 9 anos. Adolescentes de 15 a 19 anos foram as principais v\u00edtimas de agress\u00f5es, respondendo por 35.851 notifica\u00e7\u00f5es ao longo do ano. Subnotifica\u00e7\u00e3o Apesar do n\u00famero expressivo de registros, a entidade alerta que os dados representam apenas \u201ca ponta do iceberg\u201d e que a subnotifica\u00e7\u00e3o figura como um grande desafio, impedindo uma compreens\u00e3o mais precisa da real dimens\u00e3o do problema. Segundo a SBP, muitas agress\u00f5es contra crian\u00e7as e adolescentes n\u00e3o s\u00e3o relatadas, sobretudo em \u00e1reas remotas ou com poucos recursos. O cen\u00e1rio de subnotifica\u00e7\u00e3o de casos de viol\u00eancia contra crian\u00e7as e adolescentes, de acordo com a SBP, \u00e9 particularmente evidente na Regi\u00e3o Norte, onde o n\u00famero de notifica\u00e7\u00f5es \u00e9 significativamente menor, o que pode estar relacionado tanto \u00e0 dificuldade de acesso aos servi\u00e7os de sa\u00fade quanto \u00e0 aus\u00eancia de mecanismos eficazes de den\u00fancia. A entidade destaca que, no Brasil, a notifica\u00e7\u00e3o de qualquer caso suspeito ou confirmado de viol\u00eancia contra crian\u00e7as e adolescentes \u00e9 compuls\u00f3ria, conforme estabelecido pelo Minist\u00e9rio da Sa\u00fade e pelo Estatuto da Crian\u00e7a e do Adolescente (ECA). Todos esses casos devem ser reportados ao conselho tutelar local. \u201cEm situa\u00e7\u00f5es mais graves ou que envolvem crimes como viol\u00eancia f\u00edsica, psicol\u00f3gica ou sexual, as delegacias de pol\u00edcia e o Minist\u00e9rio P\u00fablico tamb\u00e9m precisam ser notificados.\u201d Distribui\u00e7\u00e3o geogr\u00e1fica De modo geral, estados da Regi\u00e3o Sudeste concentram a maioria dos casos de viol\u00eancia f\u00edsica contra crian\u00e7as e adolescentes, o que, segundo a SBP, \u00e9 esperado em raz\u00e3o da alta densidade populacional e de sistemas mais eficientes de diagn\u00f3stico e den\u00fancia. Sul, Nordeste, Centro-Oeste e Norte, entretanto, tamb\u00e9m registraram n\u00fameros classificados pela entidade como expressivos. O estado de S\u00e3o Paulo lidera em todas as faixas et\u00e1rias, com 17.278 registros de viol\u00eancia f\u00edsica \u2013 uma m\u00e9dia de quase 50 casos por dia. Minas Gerais aparece como o segundo estado com mais notifica\u00e7\u00f5es, contabilizando 8.598 notifica\u00e7\u00f5es\u00a0ao longo de 2023. Em terceiro lugar, est\u00e1 o Rio de Janeiro, que registrou 7.634 agress\u00f5es. A entidade classifica os n\u00fameros relacionados \u00e0 Regi\u00e3o Sul como \u201cpreocupantes\u201d, com destaque para o Paran\u00e1, com 7.266 casos, e o Rio Grande do Sul, com 2.331 casos. \u201cNo Paran\u00e1, chama a aten\u00e7\u00e3o a elevada propor\u00e7\u00e3o de casos em menores de 10 anos, representando um ter\u00e7o das notifica\u00e7\u00f5es. Em Santa Catarina, 31% dos epis\u00f3dios de viol\u00eancia f\u00edsica tamb\u00e9m envolvem crian\u00e7as com menos de 10 anos\u201d. J\u00e1 no Nordeste, a Bahia aparece com o maior n\u00famero de ocorr\u00eancias, 3.496. Outros estados com n\u00fameros expressivos incluem Cear\u00e1 (2.954 casos) e Pernambuco (2.935 casos), sobretudo entre adolescentes de 15 a 19 anos. No Centro-Oeste, o estado de Goi\u00e1s se destaca com 2.533 casos, dos quais 70% ocorreram entre adolescentes de 10 a 19 anos. No Norte, o Par\u00e1 se sobressai, com 2.357 notifica\u00e7\u00f5es, o maior registrado\u00a0em toda a regi\u00e3o. Orienta\u00e7\u00f5es A SBP classifica a viol\u00eancia contra crian\u00e7as e adolescentes como uma doen\u00e7a silenciosa e avalia ser fundamental que profissionais de sa\u00fade estejam atentos e sens\u00edveis a poss\u00edveis sinais de agress\u00e3o, incluindo fraturas inexplic\u00e1veis ou espec\u00edficas de traumas intencionais; e relatos contradit\u00f3rios ou les\u00f5es incompat\u00edveis com o trauma descrito ou com o desenvolvimento psicomotor da crian\u00e7a. \u201cA viol\u00eancia intrafamiliar \u00e9 uma doen\u00e7a cr\u00f4nica e progressiva, que se repete de gera\u00e7\u00e3o em gera\u00e7\u00e3o e causa grande impacto devido \u00e0 rela\u00e7\u00e3o de depend\u00eancia entre v\u00edtima e agressor, tanto pelo dano f\u00edsico quanto pela destrui\u00e7\u00e3o de la\u00e7os afetivos. Como uma doen\u00e7a, que afeta todas as classes sociais e culturas, ela apresenta sinais e sintomas que exigem tratamento e a interrup\u00e7\u00e3o do ciclo com medidas de den\u00fancia e prote\u00e7\u00e3o.\u201d A entidade destaca que, embora o diagn\u00f3stico de viol\u00eancia e o encaminhamento de uma notifica\u00e7\u00e3o n\u00e3o constitua uma den\u00fancia formal contra os agressores, ambos configuram \u201cum passo importante no processo de cuidados destinado a pessoas em situa\u00e7\u00e3o de risco\u201d. Campanha A SBP informou que, ap\u00f3s debater o tema no 41\u00ba Congresso Brasileiro de Pediatria, que ocorreu\u00a0entre 22 e 26 de outubro em Florian\u00f3polis (SC), ser\u00e1 lan\u00e7ada uma nova campanha de sensibiliza\u00e7\u00e3o e orienta\u00e7\u00e3o diagn\u00f3stica sobre viol\u00eancia contra crian\u00e7as e adolescentes no Brasil. A proposta \u00e9 fortalecer a\u00e7\u00f5es de preven\u00e7\u00e3o e a identifica\u00e7\u00e3o precoce de sinais de agress\u00e3o em todos os n\u00edveis de servi\u00e7os de sa\u00fade. Fonte: Ag\u00eancia Brasil<\/p>\n","protected":false},"author":2,"featured_media":63021,"comment_status":"closed","ping_status":"closed","sticky":false,"template":"","format":"standard","meta":{"_eb_attr":"","_jetpack_memberships_contains_paid_content":false,"footnotes":""},"categories":[3],"tags":[],"class_list":["post-63020","post","type-post","status-publish","format-standard","has-post-thumbnail","hentry","category-cidades"],"yoast_head":"<!-- This site is optimized with the Yoast SEO plugin v26.5 - https:\/\/yoast.com\/wordpress\/plugins\/seo\/ -->\n<title>Quase 200 crian\u00e7as e adolescentes s\u00e3o agredidos por dia no Brasil - Not&iacute;cias em Destaque<\/title>\n<meta name=\"robots\" content=\"index, follow, max-snippet:-1, max-image-preview:large, max-video-preview:-1\" \/>\n<link rel=\"canonical\" href=\"https:\/\/noticiasemdestaque.com\/cd\/?p=63020\" \/>\n<meta property=\"og:locale\" content=\"pt_BR\" \/>\n<meta property=\"og:type\" content=\"article\" \/>\n<meta property=\"og:title\" content=\"Quase 200 crian\u00e7as e adolescentes s\u00e3o agredidos por dia no Brasil - Not&iacute;cias em Destaque\" \/>\n<meta property=\"og:description\" content=\"O Brasil registrou, ao longo de todo o ano de 2023, uma m\u00e9dia de 196 casos de viol\u00eancia f\u00edsica contra crian\u00e7as e adolescentes de at\u00e9 19 anos. Cerca de 80% das agress\u00f5es contra crian\u00e7as de at\u00e9 14 anos ocorreram\u00a0dentro de suas pr\u00f3prias casas. Os n\u00fameros foram divulgados nesta quinta-feira (24) pela Sociedade Brasileira de Pediatria (SBP) com base em casos notificados por unidades de sa\u00fade. Dados do Sistema Nacional de Agravos de Notifica\u00e7\u00e3o (Sinan), mantido pelo Minist\u00e9rio da Sa\u00fade, indicam que casos de viol\u00eancia afetam todas as faixas et\u00e1rias em quest\u00e3o. Em 2023, foram registradas mais de 3 mil notifica\u00e7\u00f5es envolvendo beb\u00eas com menos de 1 ano, enquanto 8.370 casos estavam relacionados a crian\u00e7as de 5 a 9 anos. Adolescentes de 15 a 19 anos foram as principais v\u00edtimas de agress\u00f5es, respondendo por 35.851 notifica\u00e7\u00f5es ao longo do ano. Subnotifica\u00e7\u00e3o Apesar do n\u00famero expressivo de registros, a entidade alerta que os dados representam apenas \u201ca ponta do iceberg\u201d e que a subnotifica\u00e7\u00e3o figura como um grande desafio, impedindo uma compreens\u00e3o mais precisa da real dimens\u00e3o do problema. Segundo a SBP, muitas agress\u00f5es contra crian\u00e7as e adolescentes n\u00e3o s\u00e3o relatadas, sobretudo em \u00e1reas remotas ou com poucos recursos. O cen\u00e1rio de subnotifica\u00e7\u00e3o de casos de viol\u00eancia contra crian\u00e7as e adolescentes, de acordo com a SBP, \u00e9 particularmente evidente na Regi\u00e3o Norte, onde o n\u00famero de notifica\u00e7\u00f5es \u00e9 significativamente menor, o que pode estar relacionado tanto \u00e0 dificuldade de acesso aos servi\u00e7os de sa\u00fade quanto \u00e0 aus\u00eancia de mecanismos eficazes de den\u00fancia. A entidade destaca que, no Brasil, a notifica\u00e7\u00e3o de qualquer caso suspeito ou confirmado de viol\u00eancia contra crian\u00e7as e adolescentes \u00e9 compuls\u00f3ria, conforme estabelecido pelo Minist\u00e9rio da Sa\u00fade e pelo Estatuto da Crian\u00e7a e do Adolescente (ECA). Todos esses casos devem ser reportados ao conselho tutelar local. \u201cEm situa\u00e7\u00f5es mais graves ou que envolvem crimes como viol\u00eancia f\u00edsica, psicol\u00f3gica ou sexual, as delegacias de pol\u00edcia e o Minist\u00e9rio P\u00fablico tamb\u00e9m precisam ser notificados.\u201d Distribui\u00e7\u00e3o geogr\u00e1fica De modo geral, estados da Regi\u00e3o Sudeste concentram a maioria dos casos de viol\u00eancia f\u00edsica contra crian\u00e7as e adolescentes, o que, segundo a SBP, \u00e9 esperado em raz\u00e3o da alta densidade populacional e de sistemas mais eficientes de diagn\u00f3stico e den\u00fancia. Sul, Nordeste, Centro-Oeste e Norte, entretanto, tamb\u00e9m registraram n\u00fameros classificados pela entidade como expressivos. O estado de S\u00e3o Paulo lidera em todas as faixas et\u00e1rias, com 17.278 registros de viol\u00eancia f\u00edsica \u2013 uma m\u00e9dia de quase 50 casos por dia. Minas Gerais aparece como o segundo estado com mais notifica\u00e7\u00f5es, contabilizando 8.598 notifica\u00e7\u00f5es\u00a0ao longo de 2023. Em terceiro lugar, est\u00e1 o Rio de Janeiro, que registrou 7.634 agress\u00f5es. A entidade classifica os n\u00fameros relacionados \u00e0 Regi\u00e3o Sul como \u201cpreocupantes\u201d, com destaque para o Paran\u00e1, com 7.266 casos, e o Rio Grande do Sul, com 2.331 casos. \u201cNo Paran\u00e1, chama a aten\u00e7\u00e3o a elevada propor\u00e7\u00e3o de casos em menores de 10 anos, representando um ter\u00e7o das notifica\u00e7\u00f5es. Em Santa Catarina, 31% dos epis\u00f3dios de viol\u00eancia f\u00edsica tamb\u00e9m envolvem crian\u00e7as com menos de 10 anos\u201d. J\u00e1 no Nordeste, a Bahia aparece com o maior n\u00famero de ocorr\u00eancias, 3.496. Outros estados com n\u00fameros expressivos incluem Cear\u00e1 (2.954 casos) e Pernambuco (2.935 casos), sobretudo entre adolescentes de 15 a 19 anos. No Centro-Oeste, o estado de Goi\u00e1s se destaca com 2.533 casos, dos quais 70% ocorreram entre adolescentes de 10 a 19 anos. No Norte, o Par\u00e1 se sobressai, com 2.357 notifica\u00e7\u00f5es, o maior registrado\u00a0em toda a regi\u00e3o. Orienta\u00e7\u00f5es A SBP classifica a viol\u00eancia contra crian\u00e7as e adolescentes como uma doen\u00e7a silenciosa e avalia ser fundamental que profissionais de sa\u00fade estejam atentos e sens\u00edveis a poss\u00edveis sinais de agress\u00e3o, incluindo fraturas inexplic\u00e1veis ou espec\u00edficas de traumas intencionais; e relatos contradit\u00f3rios ou les\u00f5es incompat\u00edveis com o trauma descrito ou com o desenvolvimento psicomotor da crian\u00e7a. \u201cA viol\u00eancia intrafamiliar \u00e9 uma doen\u00e7a cr\u00f4nica e progressiva, que se repete de gera\u00e7\u00e3o em gera\u00e7\u00e3o e causa grande impacto devido \u00e0 rela\u00e7\u00e3o de depend\u00eancia entre v\u00edtima e agressor, tanto pelo dano f\u00edsico quanto pela destrui\u00e7\u00e3o de la\u00e7os afetivos. Como uma doen\u00e7a, que afeta todas as classes sociais e culturas, ela apresenta sinais e sintomas que exigem tratamento e a interrup\u00e7\u00e3o do ciclo com medidas de den\u00fancia e prote\u00e7\u00e3o.\u201d A entidade destaca que, embora o diagn\u00f3stico de viol\u00eancia e o encaminhamento de uma notifica\u00e7\u00e3o n\u00e3o constitua uma den\u00fancia formal contra os agressores, ambos configuram \u201cum passo importante no processo de cuidados destinado a pessoas em situa\u00e7\u00e3o de risco\u201d. Campanha A SBP informou que, ap\u00f3s debater o tema no 41\u00ba Congresso Brasileiro de Pediatria, que ocorreu\u00a0entre 22 e 26 de outubro em Florian\u00f3polis (SC), ser\u00e1 lan\u00e7ada uma nova campanha de sensibiliza\u00e7\u00e3o e orienta\u00e7\u00e3o diagn\u00f3stica sobre viol\u00eancia contra crian\u00e7as e adolescentes no Brasil. A proposta \u00e9 fortalecer a\u00e7\u00f5es de preven\u00e7\u00e3o e a identifica\u00e7\u00e3o precoce de sinais de agress\u00e3o em todos os n\u00edveis de servi\u00e7os de sa\u00fade. Fonte: Ag\u00eancia Brasil\" \/>\n<meta property=\"og:url\" content=\"https:\/\/noticiasemdestaque.com\/cd\/?p=63020\" \/>\n<meta property=\"og:site_name\" content=\"Not&iacute;cias em Destaque\" \/>\n<meta property=\"article:published_time\" content=\"2024-10-24T10:46:35+00:00\" \/>\n<meta property=\"og:image\" content=\"https:\/\/noticiasemdestaque.com\/cd\/wp-content\/uploads\/2024\/10\/violencia_crianca_marcello_casal_jr.webp\" \/>\n\t<meta property=\"og:image:width\" content=\"1170\" \/>\n\t<meta property=\"og:image:height\" content=\"700\" \/>\n\t<meta property=\"og:image:type\" content=\"image\/webp\" \/>\n<meta name=\"author\" content=\"Not\u00edcias em Destaque\" \/>\n<meta name=\"twitter:card\" content=\"summary_large_image\" \/>\n<meta name=\"twitter:label1\" content=\"Escrito por\" \/>\n\t<meta name=\"twitter:data1\" content=\"Not\u00edcias em Destaque\" \/>\n\t<meta name=\"twitter:label2\" content=\"Est. tempo de leitura\" \/>\n\t<meta name=\"twitter:data2\" content=\"5 minutos\" \/>\n<script type=\"application\/ld+json\" class=\"yoast-schema-graph\">{\"@context\":\"https:\/\/schema.org\",\"@graph\":[{\"@type\":\"Article\",\"@id\":\"https:\/\/noticiasemdestaque.com\/cd\/?p=63020#article\",\"isPartOf\":{\"@id\":\"https:\/\/noticiasemdestaque.com\/cd\/?p=63020\"},\"author\":{\"name\":\"Not\u00edcias em Destaque\",\"@id\":\"https:\/\/noticiasemdestaque.com\/cd\/#\/schema\/person\/21320b03a7e8bb90128938dafc9b908a\"},\"headline\":\"Quase 200 crian\u00e7as e adolescentes s\u00e3o agredidos por dia no Brasil\",\"datePublished\":\"2024-10-24T10:46:35+00:00\",\"mainEntityOfPage\":{\"@id\":\"https:\/\/noticiasemdestaque.com\/cd\/?p=63020\"},\"wordCount\":913,\"publisher\":{\"@id\":\"https:\/\/noticiasemdestaque.com\/cd\/#organization\"},\"image\":{\"@id\":\"https:\/\/noticiasemdestaque.com\/cd\/?p=63020#primaryimage\"},\"thumbnailUrl\":\"https:\/\/noticiasemdestaque.com\/cd\/wp-content\/uploads\/2024\/10\/violencia_crianca_marcello_casal_jr.webp\",\"articleSection\":[\"Cidades\"],\"inLanguage\":\"pt-BR\"},{\"@type\":\"WebPage\",\"@id\":\"https:\/\/noticiasemdestaque.com\/cd\/?p=63020\",\"url\":\"https:\/\/noticiasemdestaque.com\/cd\/?p=63020\",\"name\":\"Quase 200 crian\u00e7as e adolescentes s\u00e3o agredidos por dia no Brasil - Not&iacute;cias em Destaque\",\"isPartOf\":{\"@id\":\"https:\/\/noticiasemdestaque.com\/cd\/#website\"},\"primaryImageOfPage\":{\"@id\":\"https:\/\/noticiasemdestaque.com\/cd\/?p=63020#primaryimage\"},\"image\":{\"@id\":\"https:\/\/noticiasemdestaque.com\/cd\/?p=63020#primaryimage\"},\"thumbnailUrl\":\"https:\/\/noticiasemdestaque.com\/cd\/wp-content\/uploads\/2024\/10\/violencia_crianca_marcello_casal_jr.webp\",\"datePublished\":\"2024-10-24T10:46:35+00:00\",\"breadcrumb\":{\"@id\":\"https:\/\/noticiasemdestaque.com\/cd\/?p=63020#breadcrumb\"},\"inLanguage\":\"pt-BR\",\"potentialAction\":[{\"@type\":\"ReadAction\",\"target\":[\"https:\/\/noticiasemdestaque.com\/cd\/?p=63020\"]}]},{\"@type\":\"ImageObject\",\"inLanguage\":\"pt-BR\",\"@id\":\"https:\/\/noticiasemdestaque.com\/cd\/?p=63020#primaryimage\",\"url\":\"https:\/\/noticiasemdestaque.com\/cd\/wp-content\/uploads\/2024\/10\/violencia_crianca_marcello_casal_jr.webp\",\"contentUrl\":\"https:\/\/noticiasemdestaque.com\/cd\/wp-content\/uploads\/2024\/10\/violencia_crianca_marcello_casal_jr.webp\",\"width\":1170,\"height\":700},{\"@type\":\"BreadcrumbList\",\"@id\":\"https:\/\/noticiasemdestaque.com\/cd\/?p=63020#breadcrumb\",\"itemListElement\":[{\"@type\":\"ListItem\",\"position\":1,\"name\":\"In\u00edcio\",\"item\":\"https:\/\/noticiasemdestaque.com\/cd\/\"},{\"@type\":\"ListItem\",\"position\":2,\"name\":\"Quase 200 crian\u00e7as e adolescentes s\u00e3o agredidos por dia no Brasil\"}]},{\"@type\":\"WebSite\",\"@id\":\"https:\/\/noticiasemdestaque.com\/cd\/#website\",\"url\":\"https:\/\/noticiasemdestaque.com\/cd\/\",\"name\":\"Not&iacute;cias em Destaque\",\"description\":\"\",\"publisher\":{\"@id\":\"https:\/\/noticiasemdestaque.com\/cd\/#organization\"},\"potentialAction\":[{\"@type\":\"SearchAction\",\"target\":{\"@type\":\"EntryPoint\",\"urlTemplate\":\"https:\/\/noticiasemdestaque.com\/cd\/?s={search_term_string}\"},\"query-input\":{\"@type\":\"PropertyValueSpecification\",\"valueRequired\":true,\"valueName\":\"search_term_string\"}}],\"inLanguage\":\"pt-BR\"},{\"@type\":\"Organization\",\"@id\":\"https:\/\/noticiasemdestaque.com\/cd\/#organization\",\"name\":\"Not\u00edcias em Destaque\",\"url\":\"https:\/\/noticiasemdestaque.com\/cd\/\",\"logo\":{\"@type\":\"ImageObject\",\"inLanguage\":\"pt-BR\",\"@id\":\"https:\/\/noticiasemdestaque.com\/cd\/#\/schema\/logo\/image\/\",\"url\":\"https:\/\/noticiasemdestaque.com\/cd\/wp-content\/uploads\/2022\/05\/imagem-base-noticiasemdestaque.png\",\"contentUrl\":\"https:\/\/noticiasemdestaque.com\/cd\/wp-content\/uploads\/2022\/05\/imagem-base-noticiasemdestaque.png\",\"width\":1200,\"height\":630,\"caption\":\"Not\u00edcias em Destaque\"},\"image\":{\"@id\":\"https:\/\/noticiasemdestaque.com\/cd\/#\/schema\/logo\/image\/\"}},{\"@type\":\"Person\",\"@id\":\"https:\/\/noticiasemdestaque.com\/cd\/#\/schema\/person\/21320b03a7e8bb90128938dafc9b908a\",\"name\":\"Not\u00edcias em Destaque\",\"url\":\"https:\/\/noticiasemdestaque.com\/cd\/?author=2\"}]}<\/script>\n<!-- \/ Yoast SEO plugin. -->","yoast_head_json":{"title":"Quase 200 crian\u00e7as e adolescentes s\u00e3o agredidos por dia no Brasil - Not&iacute;cias em Destaque","robots":{"index":"index","follow":"follow","max-snippet":"max-snippet:-1","max-image-preview":"max-image-preview:large","max-video-preview":"max-video-preview:-1"},"canonical":"https:\/\/noticiasemdestaque.com\/cd\/?p=63020","og_locale":"pt_BR","og_type":"article","og_title":"Quase 200 crian\u00e7as e adolescentes s\u00e3o agredidos por dia no Brasil - Not&iacute;cias em Destaque","og_description":"O Brasil registrou, ao longo de todo o ano de 2023, uma m\u00e9dia de 196 casos de viol\u00eancia f\u00edsica contra crian\u00e7as e adolescentes de at\u00e9 19 anos. Cerca de 80% das agress\u00f5es contra crian\u00e7as de at\u00e9 14 anos ocorreram\u00a0dentro de suas pr\u00f3prias casas. Os n\u00fameros foram divulgados nesta quinta-feira (24) pela Sociedade Brasileira de Pediatria (SBP) com base em casos notificados por unidades de sa\u00fade. Dados do Sistema Nacional de Agravos de Notifica\u00e7\u00e3o (Sinan), mantido pelo Minist\u00e9rio da Sa\u00fade, indicam que casos de viol\u00eancia afetam todas as faixas et\u00e1rias em quest\u00e3o. Em 2023, foram registradas mais de 3 mil notifica\u00e7\u00f5es envolvendo beb\u00eas com menos de 1 ano, enquanto 8.370 casos estavam relacionados a crian\u00e7as de 5 a 9 anos. Adolescentes de 15 a 19 anos foram as principais v\u00edtimas de agress\u00f5es, respondendo por 35.851 notifica\u00e7\u00f5es ao longo do ano. Subnotifica\u00e7\u00e3o Apesar do n\u00famero expressivo de registros, a entidade alerta que os dados representam apenas \u201ca ponta do iceberg\u201d e que a subnotifica\u00e7\u00e3o figura como um grande desafio, impedindo uma compreens\u00e3o mais precisa da real dimens\u00e3o do problema. Segundo a SBP, muitas agress\u00f5es contra crian\u00e7as e adolescentes n\u00e3o s\u00e3o relatadas, sobretudo em \u00e1reas remotas ou com poucos recursos. O cen\u00e1rio de subnotifica\u00e7\u00e3o de casos de viol\u00eancia contra crian\u00e7as e adolescentes, de acordo com a SBP, \u00e9 particularmente evidente na Regi\u00e3o Norte, onde o n\u00famero de notifica\u00e7\u00f5es \u00e9 significativamente menor, o que pode estar relacionado tanto \u00e0 dificuldade de acesso aos servi\u00e7os de sa\u00fade quanto \u00e0 aus\u00eancia de mecanismos eficazes de den\u00fancia. A entidade destaca que, no Brasil, a notifica\u00e7\u00e3o de qualquer caso suspeito ou confirmado de viol\u00eancia contra crian\u00e7as e adolescentes \u00e9 compuls\u00f3ria, conforme estabelecido pelo Minist\u00e9rio da Sa\u00fade e pelo Estatuto da Crian\u00e7a e do Adolescente (ECA). Todos esses casos devem ser reportados ao conselho tutelar local. \u201cEm situa\u00e7\u00f5es mais graves ou que envolvem crimes como viol\u00eancia f\u00edsica, psicol\u00f3gica ou sexual, as delegacias de pol\u00edcia e o Minist\u00e9rio P\u00fablico tamb\u00e9m precisam ser notificados.\u201d Distribui\u00e7\u00e3o geogr\u00e1fica De modo geral, estados da Regi\u00e3o Sudeste concentram a maioria dos casos de viol\u00eancia f\u00edsica contra crian\u00e7as e adolescentes, o que, segundo a SBP, \u00e9 esperado em raz\u00e3o da alta densidade populacional e de sistemas mais eficientes de diagn\u00f3stico e den\u00fancia. Sul, Nordeste, Centro-Oeste e Norte, entretanto, tamb\u00e9m registraram n\u00fameros classificados pela entidade como expressivos. O estado de S\u00e3o Paulo lidera em todas as faixas et\u00e1rias, com 17.278 registros de viol\u00eancia f\u00edsica \u2013 uma m\u00e9dia de quase 50 casos por dia. Minas Gerais aparece como o segundo estado com mais notifica\u00e7\u00f5es, contabilizando 8.598 notifica\u00e7\u00f5es\u00a0ao longo de 2023. Em terceiro lugar, est\u00e1 o Rio de Janeiro, que registrou 7.634 agress\u00f5es. A entidade classifica os n\u00fameros relacionados \u00e0 Regi\u00e3o Sul como \u201cpreocupantes\u201d, com destaque para o Paran\u00e1, com 7.266 casos, e o Rio Grande do Sul, com 2.331 casos. \u201cNo Paran\u00e1, chama a aten\u00e7\u00e3o a elevada propor\u00e7\u00e3o de casos em menores de 10 anos, representando um ter\u00e7o das notifica\u00e7\u00f5es. Em Santa Catarina, 31% dos epis\u00f3dios de viol\u00eancia f\u00edsica tamb\u00e9m envolvem crian\u00e7as com menos de 10 anos\u201d. J\u00e1 no Nordeste, a Bahia aparece com o maior n\u00famero de ocorr\u00eancias, 3.496. Outros estados com n\u00fameros expressivos incluem Cear\u00e1 (2.954 casos) e Pernambuco (2.935 casos), sobretudo entre adolescentes de 15 a 19 anos. No Centro-Oeste, o estado de Goi\u00e1s se destaca com 2.533 casos, dos quais 70% ocorreram entre adolescentes de 10 a 19 anos. No Norte, o Par\u00e1 se sobressai, com 2.357 notifica\u00e7\u00f5es, o maior registrado\u00a0em toda a regi\u00e3o. Orienta\u00e7\u00f5es A SBP classifica a viol\u00eancia contra crian\u00e7as e adolescentes como uma doen\u00e7a silenciosa e avalia ser fundamental que profissionais de sa\u00fade estejam atentos e sens\u00edveis a poss\u00edveis sinais de agress\u00e3o, incluindo fraturas inexplic\u00e1veis ou espec\u00edficas de traumas intencionais; e relatos contradit\u00f3rios ou les\u00f5es incompat\u00edveis com o trauma descrito ou com o desenvolvimento psicomotor da crian\u00e7a. \u201cA viol\u00eancia intrafamiliar \u00e9 uma doen\u00e7a cr\u00f4nica e progressiva, que se repete de gera\u00e7\u00e3o em gera\u00e7\u00e3o e causa grande impacto devido \u00e0 rela\u00e7\u00e3o de depend\u00eancia entre v\u00edtima e agressor, tanto pelo dano f\u00edsico quanto pela destrui\u00e7\u00e3o de la\u00e7os afetivos. Como uma doen\u00e7a, que afeta todas as classes sociais e culturas, ela apresenta sinais e sintomas que exigem tratamento e a interrup\u00e7\u00e3o do ciclo com medidas de den\u00fancia e prote\u00e7\u00e3o.\u201d A entidade destaca que, embora o diagn\u00f3stico de viol\u00eancia e o encaminhamento de uma notifica\u00e7\u00e3o n\u00e3o constitua uma den\u00fancia formal contra os agressores, ambos configuram \u201cum passo importante no processo de cuidados destinado a pessoas em situa\u00e7\u00e3o de risco\u201d. Campanha A SBP informou que, ap\u00f3s debater o tema no 41\u00ba Congresso Brasileiro de Pediatria, que ocorreu\u00a0entre 22 e 26 de outubro em Florian\u00f3polis (SC), ser\u00e1 lan\u00e7ada uma nova campanha de sensibiliza\u00e7\u00e3o e orienta\u00e7\u00e3o diagn\u00f3stica sobre viol\u00eancia contra crian\u00e7as e adolescentes no Brasil. A proposta \u00e9 fortalecer a\u00e7\u00f5es de preven\u00e7\u00e3o e a identifica\u00e7\u00e3o precoce de sinais de agress\u00e3o em todos os n\u00edveis de servi\u00e7os de sa\u00fade. Fonte: Ag\u00eancia Brasil","og_url":"https:\/\/noticiasemdestaque.com\/cd\/?p=63020","og_site_name":"Not&iacute;cias em Destaque","article_published_time":"2024-10-24T10:46:35+00:00","og_image":[{"width":1170,"height":700,"url":"https:\/\/noticiasemdestaque.com\/cd\/wp-content\/uploads\/2024\/10\/violencia_crianca_marcello_casal_jr.webp","type":"image\/webp"}],"author":"Not\u00edcias em Destaque","twitter_card":"summary_large_image","twitter_misc":{"Escrito por":"Not\u00edcias em Destaque","Est. tempo de leitura":"5 minutos"},"schema":{"@context":"https:\/\/schema.org","@graph":[{"@type":"Article","@id":"https:\/\/noticiasemdestaque.com\/cd\/?p=63020#article","isPartOf":{"@id":"https:\/\/noticiasemdestaque.com\/cd\/?p=63020"},"author":{"name":"Not\u00edcias em Destaque","@id":"https:\/\/noticiasemdestaque.com\/cd\/#\/schema\/person\/21320b03a7e8bb90128938dafc9b908a"},"headline":"Quase 200 crian\u00e7as e adolescentes s\u00e3o agredidos por dia no Brasil","datePublished":"2024-10-24T10:46:35+00:00","mainEntityOfPage":{"@id":"https:\/\/noticiasemdestaque.com\/cd\/?p=63020"},"wordCount":913,"publisher":{"@id":"https:\/\/noticiasemdestaque.com\/cd\/#organization"},"image":{"@id":"https:\/\/noticiasemdestaque.com\/cd\/?p=63020#primaryimage"},"thumbnailUrl":"https:\/\/noticiasemdestaque.com\/cd\/wp-content\/uploads\/2024\/10\/violencia_crianca_marcello_casal_jr.webp","articleSection":["Cidades"],"inLanguage":"pt-BR"},{"@type":"WebPage","@id":"https:\/\/noticiasemdestaque.com\/cd\/?p=63020","url":"https:\/\/noticiasemdestaque.com\/cd\/?p=63020","name":"Quase 200 crian\u00e7as e adolescentes s\u00e3o agredidos por dia no Brasil - Not&iacute;cias em Destaque","isPartOf":{"@id":"https:\/\/noticiasemdestaque.com\/cd\/#website"},"primaryImageOfPage":{"@id":"https:\/\/noticiasemdestaque.com\/cd\/?p=63020#primaryimage"},"image":{"@id":"https:\/\/noticiasemdestaque.com\/cd\/?p=63020#primaryimage"},"thumbnailUrl":"https:\/\/noticiasemdestaque.com\/cd\/wp-content\/uploads\/2024\/10\/violencia_crianca_marcello_casal_jr.webp","datePublished":"2024-10-24T10:46:35+00:00","breadcrumb":{"@id":"https:\/\/noticiasemdestaque.com\/cd\/?p=63020#breadcrumb"},"inLanguage":"pt-BR","potentialAction":[{"@type":"ReadAction","target":["https:\/\/noticiasemdestaque.com\/cd\/?p=63020"]}]},{"@type":"ImageObject","inLanguage":"pt-BR","@id":"https:\/\/noticiasemdestaque.com\/cd\/?p=63020#primaryimage","url":"https:\/\/noticiasemdestaque.com\/cd\/wp-content\/uploads\/2024\/10\/violencia_crianca_marcello_casal_jr.webp","contentUrl":"https:\/\/noticiasemdestaque.com\/cd\/wp-content\/uploads\/2024\/10\/violencia_crianca_marcello_casal_jr.webp","width":1170,"height":700},{"@type":"BreadcrumbList","@id":"https:\/\/noticiasemdestaque.com\/cd\/?p=63020#breadcrumb","itemListElement":[{"@type":"ListItem","position":1,"name":"In\u00edcio","item":"https:\/\/noticiasemdestaque.com\/cd\/"},{"@type":"ListItem","position":2,"name":"Quase 200 crian\u00e7as e adolescentes s\u00e3o agredidos por dia no Brasil"}]},{"@type":"WebSite","@id":"https:\/\/noticiasemdestaque.com\/cd\/#website","url":"https:\/\/noticiasemdestaque.com\/cd\/","name":"Not&iacute;cias em Destaque","description":"","publisher":{"@id":"https:\/\/noticiasemdestaque.com\/cd\/#organization"},"potentialAction":[{"@type":"SearchAction","target":{"@type":"EntryPoint","urlTemplate":"https:\/\/noticiasemdestaque.com\/cd\/?s={search_term_string}"},"query-input":{"@type":"PropertyValueSpecification","valueRequired":true,"valueName":"search_term_string"}}],"inLanguage":"pt-BR"},{"@type":"Organization","@id":"https:\/\/noticiasemdestaque.com\/cd\/#organization","name":"Not\u00edcias em Destaque","url":"https:\/\/noticiasemdestaque.com\/cd\/","logo":{"@type":"ImageObject","inLanguage":"pt-BR","@id":"https:\/\/noticiasemdestaque.com\/cd\/#\/schema\/logo\/image\/","url":"https:\/\/noticiasemdestaque.com\/cd\/wp-content\/uploads\/2022\/05\/imagem-base-noticiasemdestaque.png","contentUrl":"https:\/\/noticiasemdestaque.com\/cd\/wp-content\/uploads\/2022\/05\/imagem-base-noticiasemdestaque.png","width":1200,"height":630,"caption":"Not\u00edcias em Destaque"},"image":{"@id":"https:\/\/noticiasemdestaque.com\/cd\/#\/schema\/logo\/image\/"}},{"@type":"Person","@id":"https:\/\/noticiasemdestaque.com\/cd\/#\/schema\/person\/21320b03a7e8bb90128938dafc9b908a","name":"Not\u00edcias em Destaque","url":"https:\/\/noticiasemdestaque.com\/cd\/?author=2"}]}},"jetpack_featured_media_url":"https:\/\/noticiasemdestaque.com\/cd\/wp-content\/uploads\/2024\/10\/violencia_crianca_marcello_casal_jr.webp","jetpack_sharing_enabled":true,"_links":{"self":[{"href":"https:\/\/noticiasemdestaque.com\/cd\/index.php?rest_route=\/wp\/v2\/posts\/63020","targetHints":{"allow":["GET"]}}],"collection":[{"href":"https:\/\/noticiasemdestaque.com\/cd\/index.php?rest_route=\/wp\/v2\/posts"}],"about":[{"href":"https:\/\/noticiasemdestaque.com\/cd\/index.php?rest_route=\/wp\/v2\/types\/post"}],"author":[{"embeddable":true,"href":"https:\/\/noticiasemdestaque.com\/cd\/index.php?rest_route=\/wp\/v2\/users\/2"}],"replies":[{"embeddable":true,"href":"https:\/\/noticiasemdestaque.com\/cd\/index.php?rest_route=%2Fwp%2Fv2%2Fcomments&post=63020"}],"version-history":[{"count":1,"href":"https:\/\/noticiasemdestaque.com\/cd\/index.php?rest_route=\/wp\/v2\/posts\/63020\/revisions"}],"predecessor-version":[{"id":63022,"href":"https:\/\/noticiasemdestaque.com\/cd\/index.php?rest_route=\/wp\/v2\/posts\/63020\/revisions\/63022"}],"wp:featuredmedia":[{"embeddable":true,"href":"https:\/\/noticiasemdestaque.com\/cd\/index.php?rest_route=\/wp\/v2\/media\/63021"}],"wp:attachment":[{"href":"https:\/\/noticiasemdestaque.com\/cd\/index.php?rest_route=%2Fwp%2Fv2%2Fmedia&parent=63020"}],"wp:term":[{"taxonomy":"category","embeddable":true,"href":"https:\/\/noticiasemdestaque.com\/cd\/index.php?rest_route=%2Fwp%2Fv2%2Fcategories&post=63020"},{"taxonomy":"post_tag","embeddable":true,"href":"https:\/\/noticiasemdestaque.com\/cd\/index.php?rest_route=%2Fwp%2Fv2%2Ftags&post=63020"}],"curies":[{"name":"wp","href":"https:\/\/api.w.org\/{rel}","templated":true}]}}