{"id":6274,"date":"2017-11-25T17:20:58","date_gmt":"2017-11-25T20:20:58","guid":{"rendered":"http:\/\/caririemdestaque.com\/cd\/?p=6274"},"modified":"2017-11-25T17:20:58","modified_gmt":"2017-11-25T20:20:58","slug":"jefferson-roberto-entrega-sistema-de-dessalinizacao-que-vai-beneficiar-familias-da-zona-rural-de-sao-jose-dos-cordeiros","status":"publish","type":"post","link":"https:\/\/noticiasemdestaque.com\/cd\/?p=6274","title":{"rendered":"Jefferson Roberto entrega sistema de dessaliniza\u00e7\u00e3o que vai beneficiar fam\u00edlias da zona rural de S\u00e3o Jos\u00e9 dos Cordeiros"},"content":{"rendered":"<p><a href=\"http:\/\/caririemdestaque.com\/cd\/wp-content\/uploads\/2017\/11\/IMG_2226-800x600.jpg\"><img fetchpriority=\"high\" decoding=\"async\" class=\"alignleft wp-image-6275 size-medium\" src=\"http:\/\/caririemdestaque.com\/cd\/wp-content\/uploads\/2017\/11\/IMG_2226-800x600-300x200.jpg\" alt=\"\" width=\"300\" height=\"200\" srcset=\"https:\/\/noticiasemdestaque.com\/cd\/wp-content\/uploads\/2017\/11\/IMG_2226-800x600-300x200.jpg 300w, https:\/\/noticiasemdestaque.com\/cd\/wp-content\/uploads\/2017\/11\/IMG_2226-800x600-768x512.jpg 768w, https:\/\/noticiasemdestaque.com\/cd\/wp-content\/uploads\/2017\/11\/IMG_2226-800x600-480x320.jpg 480w, https:\/\/noticiasemdestaque.com\/cd\/wp-content\/uploads\/2017\/11\/IMG_2226-800x600.jpg 800w\" sizes=\"(max-width: 300px) 100vw, 300px\" \/><\/a>O prefeito da cidade de S\u00e3o Jos\u00e9 dos Cordeiros, Jefferson Roberto entregou nesta sexta-feira (24) o sistema de dessaliniza\u00e7\u00e3o do Programa \u00c1gua Doce (PAD) localizado no S\u00edtio Cardoso, na zona rural do munic\u00edpio.<\/p>\n<p>A a\u00e7\u00e3o foi realizada pelo Governo do Estado em parceria com a Prefeitura de S\u00e3o Jos\u00e9 dos Cordeiros e vai beneficiar 71 fam\u00edlias da regi\u00e3o.<\/p>\n<p>O prefeito Jefferson Roberto disse que neste momento \u00e9 muito importante oferecer a\u00e7\u00f5es na \u00e1rea de seguran\u00e7a h\u00eddrica e que esse sistema vai beneficiar muitas fam\u00edlias que tinham dificuldade no acesso a \u00e1gua de qualidade. Jefferson ainda destacou que apesar das dificuldades que os munic\u00edpios vem passando vai trabalhar incansavelmente com toda equipe de governo para levar ainda mais a\u00e7\u00f5es em prol da popula\u00e7\u00e3o.<\/p>\n<p>O ex-prefeito da cidade, Fernando Queiroz, tamb\u00e9m esteve prestigiando o evento e lembrou da parceria que vem sendo firmada desde a sua gest\u00e3o com o Governador Ricardo Coutinho e que tem gerado a\u00e7\u00f5es importantes como essa para as comunidades de S\u00e3o Jos\u00e9 dos Cordeiros.<\/p>\n<p>Robi Tabolka, coordenador do PAD no estado disse que toda equipe tem a satisfa\u00e7\u00e3o em beneficiar mais comunidades rurais e a meta \u00e9 construir 93 sistemas de dessaliniza\u00e7\u00e3o beneficiando aproximadamente 50 mil pessoas do semi\u00e1rido.<\/p>\n<p>O Programa \u00c1gua Doce (PAD), executado pelo Governo da Para\u00edba em diversos munic\u00edpios, vem melhorando a qualidade de vida de fam\u00edlias da regi\u00e3o do Semi\u00e1rido, tanto no que diz respeito \u00e0 sa\u00fade delas, como na cria\u00e7\u00e3o de possibilidade de gera\u00e7\u00e3o de renda. Na Para\u00edba 27 sistemas est\u00e3o operando, beneficiando 2.864 fam\u00edlias e 10.843 pessoas. Contando com os 38 sistemas em obras, o investimento \u00e9 de R$ 5,3 milh\u00f5es.<\/p>\n<p><em><strong>Cariri em Destaque<\/strong><\/em><\/p>\n<p>Com PB MIX<\/p>\n","protected":false},"excerpt":{"rendered":"<p>O prefeito da cidade de S\u00e3o Jos\u00e9 dos Cordeiros, Jefferson Roberto entregou nesta sexta-feira (24) o sistema de dessaliniza\u00e7\u00e3o do Programa \u00c1gua Doce (PAD) localizado no S\u00edtio Cardoso, na zona rural do munic\u00edpio. A a\u00e7\u00e3o foi realizada pelo Governo do Estado em parceria com a Prefeitura de S\u00e3o Jos\u00e9 dos Cordeiros e vai beneficiar 71 fam\u00edlias da regi\u00e3o. O prefeito Jefferson Roberto disse que neste momento \u00e9 muito importante oferecer a\u00e7\u00f5es na \u00e1rea de seguran\u00e7a h\u00eddrica e que esse sistema vai beneficiar muitas fam\u00edlias que tinham dificuldade no acesso a \u00e1gua de qualidade. Jefferson ainda destacou que apesar das dificuldades que os munic\u00edpios vem passando vai trabalhar incansavelmente com toda equipe de governo para levar ainda mais a\u00e7\u00f5es em prol da popula\u00e7\u00e3o. O ex-prefeito da cidade, Fernando Queiroz, tamb\u00e9m esteve prestigiando o evento e lembrou da parceria que vem sendo firmada desde a sua gest\u00e3o com o Governador Ricardo Coutinho e que tem gerado a\u00e7\u00f5es importantes como essa para as comunidades de S\u00e3o Jos\u00e9 dos Cordeiros. Robi Tabolka, coordenador do PAD no estado disse que toda equipe tem a satisfa\u00e7\u00e3o em beneficiar mais comunidades rurais e a meta \u00e9 construir 93 sistemas de dessaliniza\u00e7\u00e3o beneficiando aproximadamente 50 mil pessoas do semi\u00e1rido. O Programa \u00c1gua Doce (PAD), executado pelo Governo da Para\u00edba em diversos munic\u00edpios, vem melhorando a qualidade de vida de fam\u00edlias da regi\u00e3o do Semi\u00e1rido, tanto no que diz respeito \u00e0 sa\u00fade delas, como na cria\u00e7\u00e3o de possibilidade de gera\u00e7\u00e3o de renda. Na Para\u00edba 27 sistemas est\u00e3o operando, beneficiando 2.864 fam\u00edlias e 10.843 pessoas. Contando com os 38 sistemas em obras, o investimento \u00e9 de R$ 5,3 milh\u00f5es. Cariri em Destaque Com PB MIX<\/p>\n","protected":false},"author":2,"featured_media":6275,"comment_status":"closed","ping_status":"open","sticky":false,"template":"","format":"standard","meta":{"_eb_attr":"","_jetpack_memberships_contains_paid_content":false,"footnotes":""},"categories":[3],"tags":[],"class_list":["post-6274","post","type-post","status-publish","format-standard","has-post-thumbnail","hentry","category-cidades"],"yoast_head":"<!-- This site is optimized with the Yoast SEO plugin v26.5 - https:\/\/yoast.com\/wordpress\/plugins\/seo\/ -->\n<title>Jefferson Roberto entrega sistema de dessaliniza\u00e7\u00e3o que vai beneficiar fam\u00edlias da zona rural de S\u00e3o Jos\u00e9 dos Cordeiros - Not&iacute;cias em Destaque<\/title>\n<meta name=\"robots\" content=\"index, follow, max-snippet:-1, max-image-preview:large, max-video-preview:-1\" \/>\n<link rel=\"canonical\" href=\"https:\/\/noticiasemdestaque.com\/cd\/?p=6274\" \/>\n<meta property=\"og:locale\" content=\"pt_BR\" \/>\n<meta property=\"og:type\" content=\"article\" \/>\n<meta property=\"og:title\" content=\"Jefferson Roberto entrega sistema de dessaliniza\u00e7\u00e3o que vai beneficiar fam\u00edlias da zona rural de S\u00e3o Jos\u00e9 dos Cordeiros - Not&iacute;cias em Destaque\" \/>\n<meta property=\"og:description\" content=\"O prefeito da cidade de S\u00e3o Jos\u00e9 dos Cordeiros, Jefferson Roberto entregou nesta sexta-feira (24) o sistema de dessaliniza\u00e7\u00e3o do Programa \u00c1gua Doce (PAD) localizado no S\u00edtio Cardoso, na zona rural do munic\u00edpio. A a\u00e7\u00e3o foi realizada pelo Governo do Estado em parceria com a Prefeitura de S\u00e3o Jos\u00e9 dos Cordeiros e vai beneficiar 71 fam\u00edlias da regi\u00e3o. O prefeito Jefferson Roberto disse que neste momento \u00e9 muito importante oferecer a\u00e7\u00f5es na \u00e1rea de seguran\u00e7a h\u00eddrica e que esse sistema vai beneficiar muitas fam\u00edlias que tinham dificuldade no acesso a \u00e1gua de qualidade. Jefferson ainda destacou que apesar das dificuldades que os munic\u00edpios vem passando vai trabalhar incansavelmente com toda equipe de governo para levar ainda mais a\u00e7\u00f5es em prol da popula\u00e7\u00e3o. O ex-prefeito da cidade, Fernando Queiroz, tamb\u00e9m esteve prestigiando o evento e lembrou da parceria que vem sendo firmada desde a sua gest\u00e3o com o Governador Ricardo Coutinho e que tem gerado a\u00e7\u00f5es importantes como essa para as comunidades de S\u00e3o Jos\u00e9 dos Cordeiros. Robi Tabolka, coordenador do PAD no estado disse que toda equipe tem a satisfa\u00e7\u00e3o em beneficiar mais comunidades rurais e a meta \u00e9 construir 93 sistemas de dessaliniza\u00e7\u00e3o beneficiando aproximadamente 50 mil pessoas do semi\u00e1rido. O Programa \u00c1gua Doce (PAD), executado pelo Governo da Para\u00edba em diversos munic\u00edpios, vem melhorando a qualidade de vida de fam\u00edlias da regi\u00e3o do Semi\u00e1rido, tanto no que diz respeito \u00e0 sa\u00fade delas, como na cria\u00e7\u00e3o de possibilidade de gera\u00e7\u00e3o de renda. Na Para\u00edba 27 sistemas est\u00e3o operando, beneficiando 2.864 fam\u00edlias e 10.843 pessoas. Contando com os 38 sistemas em obras, o investimento \u00e9 de R$ 5,3 milh\u00f5es. Cariri em Destaque Com PB MIX\" \/>\n<meta property=\"og:url\" content=\"https:\/\/noticiasemdestaque.com\/cd\/?p=6274\" \/>\n<meta property=\"og:site_name\" content=\"Not&iacute;cias em Destaque\" \/>\n<meta property=\"article:published_time\" content=\"2017-11-25T20:20:58+00:00\" \/>\n<meta property=\"og:image\" content=\"https:\/\/noticiasemdestaque.com\/cd\/wp-content\/uploads\/2017\/11\/IMG_2226-800x600.jpg\" \/>\n\t<meta property=\"og:image:width\" content=\"800\" \/>\n\t<meta property=\"og:image:height\" content=\"533\" \/>\n\t<meta property=\"og:image:type\" content=\"image\/jpeg\" \/>\n<meta name=\"author\" content=\"Not\u00edcias em Destaque\" \/>\n<meta name=\"twitter:card\" content=\"summary_large_image\" \/>\n<meta name=\"twitter:label1\" content=\"Escrito por\" \/>\n\t<meta name=\"twitter:data1\" content=\"Not\u00edcias em Destaque\" \/>\n\t<meta name=\"twitter:label2\" content=\"Est. tempo de leitura\" \/>\n\t<meta name=\"twitter:data2\" content=\"1 minuto\" \/>\n<script type=\"application\/ld+json\" class=\"yoast-schema-graph\">{\"@context\":\"https:\/\/schema.org\",\"@graph\":[{\"@type\":\"Article\",\"@id\":\"https:\/\/noticiasemdestaque.com\/cd\/?p=6274#article\",\"isPartOf\":{\"@id\":\"https:\/\/noticiasemdestaque.com\/cd\/?p=6274\"},\"author\":{\"name\":\"Not\u00edcias em Destaque\",\"@id\":\"https:\/\/noticiasemdestaque.com\/cd\/#\/schema\/person\/21320b03a7e8bb90128938dafc9b908a\"},\"headline\":\"Jefferson Roberto entrega sistema de dessaliniza\u00e7\u00e3o que vai beneficiar fam\u00edlias da zona rural de S\u00e3o Jos\u00e9 dos Cordeiros\",\"datePublished\":\"2017-11-25T20:20:58+00:00\",\"mainEntityOfPage\":{\"@id\":\"https:\/\/noticiasemdestaque.com\/cd\/?p=6274\"},\"wordCount\":317,\"publisher\":{\"@id\":\"https:\/\/noticiasemdestaque.com\/cd\/#organization\"},\"image\":{\"@id\":\"https:\/\/noticiasemdestaque.com\/cd\/?p=6274#primaryimage\"},\"thumbnailUrl\":\"https:\/\/noticiasemdestaque.com\/cd\/wp-content\/uploads\/2017\/11\/IMG_2226-800x600.jpg\",\"articleSection\":[\"Cidades\"],\"inLanguage\":\"pt-BR\"},{\"@type\":\"WebPage\",\"@id\":\"https:\/\/noticiasemdestaque.com\/cd\/?p=6274\",\"url\":\"https:\/\/noticiasemdestaque.com\/cd\/?p=6274\",\"name\":\"Jefferson Roberto entrega sistema de dessaliniza\u00e7\u00e3o que vai beneficiar fam\u00edlias da zona rural de S\u00e3o Jos\u00e9 dos Cordeiros - Not&iacute;cias em Destaque\",\"isPartOf\":{\"@id\":\"https:\/\/noticiasemdestaque.com\/cd\/#website\"},\"primaryImageOfPage\":{\"@id\":\"https:\/\/noticiasemdestaque.com\/cd\/?p=6274#primaryimage\"},\"image\":{\"@id\":\"https:\/\/noticiasemdestaque.com\/cd\/?p=6274#primaryimage\"},\"thumbnailUrl\":\"https:\/\/noticiasemdestaque.com\/cd\/wp-content\/uploads\/2017\/11\/IMG_2226-800x600.jpg\",\"datePublished\":\"2017-11-25T20:20:58+00:00\",\"breadcrumb\":{\"@id\":\"https:\/\/noticiasemdestaque.com\/cd\/?p=6274#breadcrumb\"},\"inLanguage\":\"pt-BR\",\"potentialAction\":[{\"@type\":\"ReadAction\",\"target\":[\"https:\/\/noticiasemdestaque.com\/cd\/?p=6274\"]}]},{\"@type\":\"ImageObject\",\"inLanguage\":\"pt-BR\",\"@id\":\"https:\/\/noticiasemdestaque.com\/cd\/?p=6274#primaryimage\",\"url\":\"https:\/\/noticiasemdestaque.com\/cd\/wp-content\/uploads\/2017\/11\/IMG_2226-800x600.jpg\",\"contentUrl\":\"https:\/\/noticiasemdestaque.com\/cd\/wp-content\/uploads\/2017\/11\/IMG_2226-800x600.jpg\",\"width\":800,\"height\":533},{\"@type\":\"BreadcrumbList\",\"@id\":\"https:\/\/noticiasemdestaque.com\/cd\/?p=6274#breadcrumb\",\"itemListElement\":[{\"@type\":\"ListItem\",\"position\":1,\"name\":\"In\u00edcio\",\"item\":\"https:\/\/noticiasemdestaque.com\/cd\/\"},{\"@type\":\"ListItem\",\"position\":2,\"name\":\"Jefferson Roberto entrega sistema de dessaliniza\u00e7\u00e3o que vai beneficiar fam\u00edlias da zona rural de S\u00e3o Jos\u00e9 dos Cordeiros\"}]},{\"@type\":\"WebSite\",\"@id\":\"https:\/\/noticiasemdestaque.com\/cd\/#website\",\"url\":\"https:\/\/noticiasemdestaque.com\/cd\/\",\"name\":\"Not&iacute;cias em Destaque\",\"description\":\"\",\"publisher\":{\"@id\":\"https:\/\/noticiasemdestaque.com\/cd\/#organization\"},\"potentialAction\":[{\"@type\":\"SearchAction\",\"target\":{\"@type\":\"EntryPoint\",\"urlTemplate\":\"https:\/\/noticiasemdestaque.com\/cd\/?s={search_term_string}\"},\"query-input\":{\"@type\":\"PropertyValueSpecification\",\"valueRequired\":true,\"valueName\":\"search_term_string\"}}],\"inLanguage\":\"pt-BR\"},{\"@type\":\"Organization\",\"@id\":\"https:\/\/noticiasemdestaque.com\/cd\/#organization\",\"name\":\"Not\u00edcias em Destaque\",\"url\":\"https:\/\/noticiasemdestaque.com\/cd\/\",\"logo\":{\"@type\":\"ImageObject\",\"inLanguage\":\"pt-BR\",\"@id\":\"https:\/\/noticiasemdestaque.com\/cd\/#\/schema\/logo\/image\/\",\"url\":\"https:\/\/noticiasemdestaque.com\/cd\/wp-content\/uploads\/2022\/05\/imagem-base-noticiasemdestaque.png\",\"contentUrl\":\"https:\/\/noticiasemdestaque.com\/cd\/wp-content\/uploads\/2022\/05\/imagem-base-noticiasemdestaque.png\",\"width\":1200,\"height\":630,\"caption\":\"Not\u00edcias em Destaque\"},\"image\":{\"@id\":\"https:\/\/noticiasemdestaque.com\/cd\/#\/schema\/logo\/image\/\"}},{\"@type\":\"Person\",\"@id\":\"https:\/\/noticiasemdestaque.com\/cd\/#\/schema\/person\/21320b03a7e8bb90128938dafc9b908a\",\"name\":\"Not\u00edcias em Destaque\",\"url\":\"https:\/\/noticiasemdestaque.com\/cd\/?author=2\"}]}<\/script>\n<!-- \/ Yoast SEO plugin. -->","yoast_head_json":{"title":"Jefferson Roberto entrega sistema de dessaliniza\u00e7\u00e3o que vai beneficiar fam\u00edlias da zona rural de S\u00e3o Jos\u00e9 dos Cordeiros - Not&iacute;cias em Destaque","robots":{"index":"index","follow":"follow","max-snippet":"max-snippet:-1","max-image-preview":"max-image-preview:large","max-video-preview":"max-video-preview:-1"},"canonical":"https:\/\/noticiasemdestaque.com\/cd\/?p=6274","og_locale":"pt_BR","og_type":"article","og_title":"Jefferson Roberto entrega sistema de dessaliniza\u00e7\u00e3o que vai beneficiar fam\u00edlias da zona rural de S\u00e3o Jos\u00e9 dos Cordeiros - Not&iacute;cias em Destaque","og_description":"O prefeito da cidade de S\u00e3o Jos\u00e9 dos Cordeiros, Jefferson Roberto entregou nesta sexta-feira (24) o sistema de dessaliniza\u00e7\u00e3o do Programa \u00c1gua Doce (PAD) localizado no S\u00edtio Cardoso, na zona rural do munic\u00edpio. A a\u00e7\u00e3o foi realizada pelo Governo do Estado em parceria com a Prefeitura de S\u00e3o Jos\u00e9 dos Cordeiros e vai beneficiar 71 fam\u00edlias da regi\u00e3o. O prefeito Jefferson Roberto disse que neste momento \u00e9 muito importante oferecer a\u00e7\u00f5es na \u00e1rea de seguran\u00e7a h\u00eddrica e que esse sistema vai beneficiar muitas fam\u00edlias que tinham dificuldade no acesso a \u00e1gua de qualidade. Jefferson ainda destacou que apesar das dificuldades que os munic\u00edpios vem passando vai trabalhar incansavelmente com toda equipe de governo para levar ainda mais a\u00e7\u00f5es em prol da popula\u00e7\u00e3o. O ex-prefeito da cidade, Fernando Queiroz, tamb\u00e9m esteve prestigiando o evento e lembrou da parceria que vem sendo firmada desde a sua gest\u00e3o com o Governador Ricardo Coutinho e que tem gerado a\u00e7\u00f5es importantes como essa para as comunidades de S\u00e3o Jos\u00e9 dos Cordeiros. Robi Tabolka, coordenador do PAD no estado disse que toda equipe tem a satisfa\u00e7\u00e3o em beneficiar mais comunidades rurais e a meta \u00e9 construir 93 sistemas de dessaliniza\u00e7\u00e3o beneficiando aproximadamente 50 mil pessoas do semi\u00e1rido. O Programa \u00c1gua Doce (PAD), executado pelo Governo da Para\u00edba em diversos munic\u00edpios, vem melhorando a qualidade de vida de fam\u00edlias da regi\u00e3o do Semi\u00e1rido, tanto no que diz respeito \u00e0 sa\u00fade delas, como na cria\u00e7\u00e3o de possibilidade de gera\u00e7\u00e3o de renda. Na Para\u00edba 27 sistemas est\u00e3o operando, beneficiando 2.864 fam\u00edlias e 10.843 pessoas. Contando com os 38 sistemas em obras, o investimento \u00e9 de R$ 5,3 milh\u00f5es. Cariri em Destaque Com PB MIX","og_url":"https:\/\/noticiasemdestaque.com\/cd\/?p=6274","og_site_name":"Not&iacute;cias em Destaque","article_published_time":"2017-11-25T20:20:58+00:00","og_image":[{"width":800,"height":533,"url":"https:\/\/noticiasemdestaque.com\/cd\/wp-content\/uploads\/2017\/11\/IMG_2226-800x600.jpg","type":"image\/jpeg"}],"author":"Not\u00edcias em Destaque","twitter_card":"summary_large_image","twitter_misc":{"Escrito por":"Not\u00edcias em Destaque","Est. tempo de leitura":"1 minuto"},"schema":{"@context":"https:\/\/schema.org","@graph":[{"@type":"Article","@id":"https:\/\/noticiasemdestaque.com\/cd\/?p=6274#article","isPartOf":{"@id":"https:\/\/noticiasemdestaque.com\/cd\/?p=6274"},"author":{"name":"Not\u00edcias em Destaque","@id":"https:\/\/noticiasemdestaque.com\/cd\/#\/schema\/person\/21320b03a7e8bb90128938dafc9b908a"},"headline":"Jefferson Roberto entrega sistema de dessaliniza\u00e7\u00e3o que vai beneficiar fam\u00edlias da zona rural de S\u00e3o Jos\u00e9 dos Cordeiros","datePublished":"2017-11-25T20:20:58+00:00","mainEntityOfPage":{"@id":"https:\/\/noticiasemdestaque.com\/cd\/?p=6274"},"wordCount":317,"publisher":{"@id":"https:\/\/noticiasemdestaque.com\/cd\/#organization"},"image":{"@id":"https:\/\/noticiasemdestaque.com\/cd\/?p=6274#primaryimage"},"thumbnailUrl":"https:\/\/noticiasemdestaque.com\/cd\/wp-content\/uploads\/2017\/11\/IMG_2226-800x600.jpg","articleSection":["Cidades"],"inLanguage":"pt-BR"},{"@type":"WebPage","@id":"https:\/\/noticiasemdestaque.com\/cd\/?p=6274","url":"https:\/\/noticiasemdestaque.com\/cd\/?p=6274","name":"Jefferson Roberto entrega sistema de dessaliniza\u00e7\u00e3o que vai beneficiar fam\u00edlias da zona rural de S\u00e3o Jos\u00e9 dos Cordeiros - Not&iacute;cias em Destaque","isPartOf":{"@id":"https:\/\/noticiasemdestaque.com\/cd\/#website"},"primaryImageOfPage":{"@id":"https:\/\/noticiasemdestaque.com\/cd\/?p=6274#primaryimage"},"image":{"@id":"https:\/\/noticiasemdestaque.com\/cd\/?p=6274#primaryimage"},"thumbnailUrl":"https:\/\/noticiasemdestaque.com\/cd\/wp-content\/uploads\/2017\/11\/IMG_2226-800x600.jpg","datePublished":"2017-11-25T20:20:58+00:00","breadcrumb":{"@id":"https:\/\/noticiasemdestaque.com\/cd\/?p=6274#breadcrumb"},"inLanguage":"pt-BR","potentialAction":[{"@type":"ReadAction","target":["https:\/\/noticiasemdestaque.com\/cd\/?p=6274"]}]},{"@type":"ImageObject","inLanguage":"pt-BR","@id":"https:\/\/noticiasemdestaque.com\/cd\/?p=6274#primaryimage","url":"https:\/\/noticiasemdestaque.com\/cd\/wp-content\/uploads\/2017\/11\/IMG_2226-800x600.jpg","contentUrl":"https:\/\/noticiasemdestaque.com\/cd\/wp-content\/uploads\/2017\/11\/IMG_2226-800x600.jpg","width":800,"height":533},{"@type":"BreadcrumbList","@id":"https:\/\/noticiasemdestaque.com\/cd\/?p=6274#breadcrumb","itemListElement":[{"@type":"ListItem","position":1,"name":"In\u00edcio","item":"https:\/\/noticiasemdestaque.com\/cd\/"},{"@type":"ListItem","position":2,"name":"Jefferson Roberto entrega sistema de dessaliniza\u00e7\u00e3o que vai beneficiar fam\u00edlias da zona rural de S\u00e3o Jos\u00e9 dos Cordeiros"}]},{"@type":"WebSite","@id":"https:\/\/noticiasemdestaque.com\/cd\/#website","url":"https:\/\/noticiasemdestaque.com\/cd\/","name":"Not&iacute;cias em Destaque","description":"","publisher":{"@id":"https:\/\/noticiasemdestaque.com\/cd\/#organization"},"potentialAction":[{"@type":"SearchAction","target":{"@type":"EntryPoint","urlTemplate":"https:\/\/noticiasemdestaque.com\/cd\/?s={search_term_string}"},"query-input":{"@type":"PropertyValueSpecification","valueRequired":true,"valueName":"search_term_string"}}],"inLanguage":"pt-BR"},{"@type":"Organization","@id":"https:\/\/noticiasemdestaque.com\/cd\/#organization","name":"Not\u00edcias em Destaque","url":"https:\/\/noticiasemdestaque.com\/cd\/","logo":{"@type":"ImageObject","inLanguage":"pt-BR","@id":"https:\/\/noticiasemdestaque.com\/cd\/#\/schema\/logo\/image\/","url":"https:\/\/noticiasemdestaque.com\/cd\/wp-content\/uploads\/2022\/05\/imagem-base-noticiasemdestaque.png","contentUrl":"https:\/\/noticiasemdestaque.com\/cd\/wp-content\/uploads\/2022\/05\/imagem-base-noticiasemdestaque.png","width":1200,"height":630,"caption":"Not\u00edcias em Destaque"},"image":{"@id":"https:\/\/noticiasemdestaque.com\/cd\/#\/schema\/logo\/image\/"}},{"@type":"Person","@id":"https:\/\/noticiasemdestaque.com\/cd\/#\/schema\/person\/21320b03a7e8bb90128938dafc9b908a","name":"Not\u00edcias em Destaque","url":"https:\/\/noticiasemdestaque.com\/cd\/?author=2"}]}},"jetpack_featured_media_url":"https:\/\/noticiasemdestaque.com\/cd\/wp-content\/uploads\/2017\/11\/IMG_2226-800x600.jpg","jetpack_sharing_enabled":true,"_links":{"self":[{"href":"https:\/\/noticiasemdestaque.com\/cd\/index.php?rest_route=\/wp\/v2\/posts\/6274","targetHints":{"allow":["GET"]}}],"collection":[{"href":"https:\/\/noticiasemdestaque.com\/cd\/index.php?rest_route=\/wp\/v2\/posts"}],"about":[{"href":"https:\/\/noticiasemdestaque.com\/cd\/index.php?rest_route=\/wp\/v2\/types\/post"}],"author":[{"embeddable":true,"href":"https:\/\/noticiasemdestaque.com\/cd\/index.php?rest_route=\/wp\/v2\/users\/2"}],"replies":[{"embeddable":true,"href":"https:\/\/noticiasemdestaque.com\/cd\/index.php?rest_route=%2Fwp%2Fv2%2Fcomments&post=6274"}],"version-history":[{"count":1,"href":"https:\/\/noticiasemdestaque.com\/cd\/index.php?rest_route=\/wp\/v2\/posts\/6274\/revisions"}],"predecessor-version":[{"id":6276,"href":"https:\/\/noticiasemdestaque.com\/cd\/index.php?rest_route=\/wp\/v2\/posts\/6274\/revisions\/6276"}],"wp:featuredmedia":[{"embeddable":true,"href":"https:\/\/noticiasemdestaque.com\/cd\/index.php?rest_route=\/wp\/v2\/media\/6275"}],"wp:attachment":[{"href":"https:\/\/noticiasemdestaque.com\/cd\/index.php?rest_route=%2Fwp%2Fv2%2Fmedia&parent=6274"}],"wp:term":[{"taxonomy":"category","embeddable":true,"href":"https:\/\/noticiasemdestaque.com\/cd\/index.php?rest_route=%2Fwp%2Fv2%2Fcategories&post=6274"},{"taxonomy":"post_tag","embeddable":true,"href":"https:\/\/noticiasemdestaque.com\/cd\/index.php?rest_route=%2Fwp%2Fv2%2Ftags&post=6274"}],"curies":[{"name":"wp","href":"https:\/\/api.w.org\/{rel}","templated":true}]}}