{"id":6267,"date":"2017-11-25T14:27:49","date_gmt":"2017-11-25T17:27:49","guid":{"rendered":"http:\/\/caririemdestaque.com\/cd\/?p=6267"},"modified":"2017-11-25T14:27:49","modified_gmt":"2017-11-25T17:27:49","slug":"ricardo-abre-feira-de-negocios-e-empreendedorismo-em-monteiro","status":"publish","type":"post","link":"https:\/\/noticiasemdestaque.com\/cd\/?p=6267","title":{"rendered":"Ricardo abre Feira de Neg\u00f3cios e Empreendedorismo em Monteiro"},"content":{"rendered":"<p><a href=\"http:\/\/caririemdestaque.com\/cd\/wp-content\/uploads\/2017\/11\/feira-empreender-foto-alberi-pontes-11.jpg\"><img decoding=\"async\" class=\"alignleft wp-image-6269 \" src=\"http:\/\/caririemdestaque.com\/cd\/wp-content\/uploads\/2017\/11\/feira-empreender-foto-alberi-pontes-11-300x200.jpg\" alt=\"\" width=\"258\" height=\"172\" srcset=\"https:\/\/noticiasemdestaque.com\/cd\/wp-content\/uploads\/2017\/11\/feira-empreender-foto-alberi-pontes-11-300x200.jpg 300w, https:\/\/noticiasemdestaque.com\/cd\/wp-content\/uploads\/2017\/11\/feira-empreender-foto-alberi-pontes-11-768x512.jpg 768w, https:\/\/noticiasemdestaque.com\/cd\/wp-content\/uploads\/2017\/11\/feira-empreender-foto-alberi-pontes-11-1024x683.jpg 1024w, https:\/\/noticiasemdestaque.com\/cd\/wp-content\/uploads\/2017\/11\/feira-empreender-foto-alberi-pontes-11-480x320.jpg 480w, https:\/\/noticiasemdestaque.com\/cd\/wp-content\/uploads\/2017\/11\/feira-empreender-foto-alberi-pontes-11.jpg 1086w\" sizes=\"(max-width: 258px) 100vw, 258px\" \/><\/a>O governador Ricardo Coutinho participou, na noite desta sexta-feira (24), da abertura da Feira de Neg\u00f3cios e Empreendedorismo da Para\u00edba (Fenemp), na cidade de Monteiro. A Feira, que acontece at\u00e9 o pr\u00f3ximo domingo (26), re\u00fane estandes com diversos tipos de artesanato, gastronomia e ainda disponibiliza oficinas e palestras com orienta\u00e7\u00f5es para os empreendedores. Tamb\u00e9m participaram do evento o presidente da Assembleia Legislativa da Para\u00edba, Gerv\u00e1sio Maia, deputados estaduais, vereadores, auxiliares do Governo e lideran\u00e7as da regi\u00e3o.<\/p>\n<p>Na ocasi\u00e3o, o governador tamb\u00e9m assinou a ordem de servi\u00e7o para obras de realinhamento e amplia\u00e7\u00e3o da pista de pouso\/decolagem do Aer\u00f3dromo de Monteiro, com recursos na ordem de R$ 1,7 milh\u00e3o. <a href=\"http:\/\/caririemdestaque.com\/cd\/wp-content\/uploads\/2017\/11\/feira-empreender-foto-alberi-pontes-12.jpg\"><img decoding=\"async\" class=\" wp-image-6270 alignright\" src=\"http:\/\/caririemdestaque.com\/cd\/wp-content\/uploads\/2017\/11\/feira-empreender-foto-alberi-pontes-12-150x150.jpg\" alt=\"\" width=\"196\" height=\"196\" \/><\/a>A pista ter\u00e1 1.140 metros de extens\u00e3o por 30 de largura e dois stopway (parada de aeronaves, sendo um em cada cabeceira da pista).<\/p>\n<p>Na abertura da Fenemp, Ricardo Coutinho enfatizou a import\u00e2ncia do Empreender para a evolu\u00e7\u00e3o dos pequenos empreendedores e ressaltou a transpar\u00eancia do processo de libera\u00e7\u00e3o de cr\u00e9ditos por meio deste Programa. \u201cO Empreender \u00e9 um programa s\u00e9rio, feito com toda a transpar\u00eancia poss\u00edvel e que j\u00e1 destinou cerca de R$ 130 milh\u00f5es, promovendo o crescimento do empreendedorismo no Estado\u201d, observou.<\/p>\n<p>\u201cEsses empreendedores t\u00eam talento, bastava apenas o capital para que eles conseguissem dar um salto nas suas produ\u00e7\u00f5es e mudarem de vida. O Empreender veio para isso, investir na microeconomia e o programa vai continuar. Quero voltar aqui, em breve, para liberar os cr\u00e9ditos dessa regi\u00e3o\u201d, acrescentou o governador.<\/p>\n<p><a href=\"http:\/\/caririemdestaque.com\/cd\/wp-content\/uploads\/2017\/11\/feira-empreender-foto-alberi-pontes-13.jpg\"><img fetchpriority=\"high\" decoding=\"async\" class=\"alignleft wp-image-6271 \" src=\"http:\/\/caririemdestaque.com\/cd\/wp-content\/uploads\/2017\/11\/feira-empreender-foto-alberi-pontes-13-300x200.jpg\" alt=\"\" width=\"288\" height=\"192\" srcset=\"https:\/\/noticiasemdestaque.com\/cd\/wp-content\/uploads\/2017\/11\/feira-empreender-foto-alberi-pontes-13-300x200.jpg 300w, https:\/\/noticiasemdestaque.com\/cd\/wp-content\/uploads\/2017\/11\/feira-empreender-foto-alberi-pontes-13-768x512.jpg 768w, https:\/\/noticiasemdestaque.com\/cd\/wp-content\/uploads\/2017\/11\/feira-empreender-foto-alberi-pontes-13-1024x683.jpg 1024w, https:\/\/noticiasemdestaque.com\/cd\/wp-content\/uploads\/2017\/11\/feira-empreender-foto-alberi-pontes-13-480x320.jpg 480w, https:\/\/noticiasemdestaque.com\/cd\/wp-content\/uploads\/2017\/11\/feira-empreender-foto-alberi-pontes-13.jpg 1086w\" sizes=\"(max-width: 288px) 100vw, 288px\" \/><\/a>De acordo com a secret\u00e1ria Executiva do Empreendedorismo, Amanda Rodrigues, a edi\u00e7\u00e3o 2017 da Fenemp vai ser finalizada na cidade de Monteiro, mas j\u00e1 passou por Jo\u00e3o Pessoa, S\u00e3o Bento e Bananeiras. \u201cEm todas as cidades a Fenemp fez sucesso e contribuiu para o crescimento dos empreendedores paraibanos. Fazer estas feiras foi um grande desafio, mas cumprimos a nossa meta, que \u00e9 alimentar os sonhos da popula\u00e7\u00e3o que s\u00f3 precisa de um apoio para ampliar seus neg\u00f3cios. N\u00e3o desistiremos desse programa social que foi injustamente suspenso, vamos em frente mostrando a capacidade transformadora que tem o Empreender\u201d, afirmou.<\/p>\n<p>Na oportunidade, tamb\u00e9m houve a apresenta\u00e7\u00e3o da plataforma E-Commerce que se caracteriza como um novo ambiente de vendas por meio da internet. No site, as pessoas que j\u00e1 receberam cr\u00e9ditos pelo Empreender poder\u00e3o expor as suas mercadorias e ampliar os seus neg\u00f3cios.<\/p>\n<p>\u201cCada Fenemp tem uma excelente estrutura, produtos de qualidade e de diversos segmentos. Isso faz parte do trabalho dessa gest\u00e3o que olha para aqueles que antes eram esquecidos, como as cerca de 25 mil pessoas que foram beneficiadas com os microcr\u00e9ditos para desenvolverem seus empreendimentos\u201d, afirmou o secret\u00e1rio de Infraestrutura, Recursos H\u00eddricos, Meio Ambiente, Ci\u00eancia e Tecnologia, Jo\u00e3o Azev\u00eado.<\/p>\n<p><a href=\"http:\/\/caririemdestaque.com\/cd\/wp-content\/uploads\/2017\/11\/DSC_0067.jpg\"><img loading=\"lazy\" decoding=\"async\" class=\"alignleft wp-image-6272 size-medium\" src=\"http:\/\/caririemdestaque.com\/cd\/wp-content\/uploads\/2017\/11\/DSC_0067-300x199.jpg\" alt=\"\" width=\"300\" height=\"199\" srcset=\"https:\/\/noticiasemdestaque.com\/cd\/wp-content\/uploads\/2017\/11\/DSC_0067-300x199.jpg 300w, https:\/\/noticiasemdestaque.com\/cd\/wp-content\/uploads\/2017\/11\/DSC_0067-768x511.jpg 768w, https:\/\/noticiasemdestaque.com\/cd\/wp-content\/uploads\/2017\/11\/DSC_0067-1024x681.jpg 1024w, https:\/\/noticiasemdestaque.com\/cd\/wp-content\/uploads\/2017\/11\/DSC_0067-480x320.jpg 480w\" sizes=\"(max-width: 300px) 100vw, 300px\" \/><\/a><\/p>\n<p>Durante a solenidade, a artes\u00e3 Z\u00e9lia de Castro recebeu uma premia\u00e7\u00e3o em reconhecimento ao trabalho desenvolvido como empreendedora, sendo um dos cases de sucesso do Empreender. \u201cFaz oito anos que comecei este trabalho como empreendedora e hoje me sinto realizada trabalhando com pintura, pedrarias e outros artesanatos. O Empreender foi uma porta aberta para que eu pudesse expandir o trabalho e ter mais no\u00e7\u00e3o de como cuidar do meu neg\u00f3cio\u201d, falou.<\/p>\n<p>\u201cTenho 64 anos e conheci o artesanato com sete anos, atrav\u00e9s da minha tia. Fa\u00e7o roupas de renda para vender e ajudar na renda familiar. J\u00e1 recebi recursos do Empreender duas vezes e o programa me ajudou muito, porque com o dinheiro eu comprei mat\u00e9ria-prima para fazer mais pe\u00e7as e ampliar o lucro\u201d, frisou a empreendedora Maria Duarte, que est\u00e1 expondo seu material em um dos estandes da Fenemp.<\/p>\n<p>CONFIRA MAIS FOTOS: <a href=\"https:\/\/www.facebook.com\/1051584748308388\/photos\/?tab=album&amp;album_id=1171751136291748\"><strong>CLICK AQUI\u00a0<\/strong><\/a><\/p>\n<p><strong>Cariri em Destaque<\/strong>\/Secom\/PB<\/p>\n","protected":false},"excerpt":{"rendered":"<p>O governador Ricardo Coutinho participou, na noite desta sexta-feira (24), da abertura da Feira de Neg\u00f3cios e Empreendedorismo da Para\u00edba (Fenemp), na cidade de Monteiro. A Feira, que acontece at\u00e9 o pr\u00f3ximo domingo (26), re\u00fane estandes com diversos tipos de artesanato, gastronomia e ainda disponibiliza oficinas e palestras com orienta\u00e7\u00f5es para os empreendedores. Tamb\u00e9m participaram do evento o presidente da Assembleia Legislativa da Para\u00edba, Gerv\u00e1sio Maia, deputados estaduais, vereadores, auxiliares do Governo e lideran\u00e7as da regi\u00e3o. Na ocasi\u00e3o, o governador tamb\u00e9m assinou a ordem de servi\u00e7o para obras de realinhamento e amplia\u00e7\u00e3o da pista de pouso\/decolagem do Aer\u00f3dromo de Monteiro, com recursos na ordem de R$ 1,7 milh\u00e3o. A pista ter\u00e1 1.140 metros de extens\u00e3o por 30 de largura e dois stopway (parada de aeronaves, sendo um em cada cabeceira da pista). Na abertura da Fenemp, Ricardo Coutinho enfatizou a import\u00e2ncia do Empreender para a evolu\u00e7\u00e3o dos pequenos empreendedores e ressaltou a transpar\u00eancia do processo de libera\u00e7\u00e3o de cr\u00e9ditos por meio deste Programa. \u201cO Empreender \u00e9 um programa s\u00e9rio, feito com toda a transpar\u00eancia poss\u00edvel e que j\u00e1 destinou cerca de R$ 130 milh\u00f5es, promovendo o crescimento do empreendedorismo no Estado\u201d, observou. \u201cEsses empreendedores t\u00eam talento, bastava apenas o capital para que eles conseguissem dar um salto nas suas produ\u00e7\u00f5es e mudarem de vida. O Empreender veio para isso, investir na microeconomia e o programa vai continuar. Quero voltar aqui, em breve, para liberar os cr\u00e9ditos dessa regi\u00e3o\u201d, acrescentou o governador. De acordo com a secret\u00e1ria Executiva do Empreendedorismo, Amanda Rodrigues, a edi\u00e7\u00e3o 2017 da Fenemp vai ser finalizada na cidade de Monteiro, mas j\u00e1 passou por Jo\u00e3o Pessoa, S\u00e3o Bento e Bananeiras. \u201cEm todas as cidades a Fenemp fez sucesso e contribuiu para o crescimento dos empreendedores paraibanos. Fazer estas feiras foi um grande desafio, mas cumprimos a nossa meta, que \u00e9 alimentar os sonhos da popula\u00e7\u00e3o que s\u00f3 precisa de um apoio para ampliar seus neg\u00f3cios. N\u00e3o desistiremos desse programa social que foi injustamente suspenso, vamos em frente mostrando a capacidade transformadora que tem o Empreender\u201d, afirmou. Na oportunidade, tamb\u00e9m houve a apresenta\u00e7\u00e3o da plataforma E-Commerce que se caracteriza como um novo ambiente de vendas por meio da internet. No site, as pessoas que j\u00e1 receberam cr\u00e9ditos pelo Empreender poder\u00e3o expor as suas mercadorias e ampliar os seus neg\u00f3cios. \u201cCada Fenemp tem uma excelente estrutura, produtos de qualidade e de diversos segmentos. Isso faz parte do trabalho dessa gest\u00e3o que olha para aqueles que antes eram esquecidos, como as cerca de 25 mil pessoas que foram beneficiadas com os microcr\u00e9ditos para desenvolverem seus empreendimentos\u201d, afirmou o secret\u00e1rio de Infraestrutura, Recursos H\u00eddricos, Meio Ambiente, Ci\u00eancia e Tecnologia, Jo\u00e3o Azev\u00eado. Durante a solenidade, a artes\u00e3 Z\u00e9lia de Castro recebeu uma premia\u00e7\u00e3o em reconhecimento ao trabalho desenvolvido como empreendedora, sendo um dos cases de sucesso do Empreender. \u201cFaz oito anos que comecei este trabalho como empreendedora e hoje me sinto realizada trabalhando com pintura, pedrarias e outros artesanatos. O Empreender foi uma porta aberta para que eu pudesse expandir o trabalho e ter mais no\u00e7\u00e3o de como cuidar do meu neg\u00f3cio\u201d, falou. \u201cTenho 64 anos e conheci o artesanato com sete anos, atrav\u00e9s da minha tia. Fa\u00e7o roupas de renda para vender e ajudar na renda familiar. J\u00e1 recebi recursos do Empreender duas vezes e o programa me ajudou muito, porque com o dinheiro eu comprei mat\u00e9ria-prima para fazer mais pe\u00e7as e ampliar o lucro\u201d, frisou a empreendedora Maria Duarte, que est\u00e1 expondo seu material em um dos estandes da Fenemp. CONFIRA MAIS FOTOS: CLICK AQUI\u00a0 Cariri em Destaque\/Secom\/PB<\/p>\n","protected":false},"author":2,"featured_media":0,"comment_status":"closed","ping_status":"open","sticky":false,"template":"","format":"standard","meta":{"_eb_attr":"","_jetpack_memberships_contains_paid_content":false,"footnotes":""},"categories":[4],"tags":[],"class_list":["post-6267","post","type-post","status-publish","format-standard","hentry","category-politica"],"yoast_head":"<!-- This site is optimized with the Yoast SEO plugin v26.5 - https:\/\/yoast.com\/wordpress\/plugins\/seo\/ -->\n<title>Ricardo abre Feira de Neg\u00f3cios e Empreendedorismo em Monteiro - Not&iacute;cias em Destaque<\/title>\n<meta name=\"robots\" content=\"index, follow, max-snippet:-1, max-image-preview:large, max-video-preview:-1\" \/>\n<link rel=\"canonical\" href=\"https:\/\/noticiasemdestaque.com\/cd\/?p=6267\" \/>\n<meta property=\"og:locale\" content=\"pt_BR\" \/>\n<meta property=\"og:type\" content=\"article\" \/>\n<meta property=\"og:title\" content=\"Ricardo abre Feira de Neg\u00f3cios e Empreendedorismo em Monteiro - Not&iacute;cias em Destaque\" \/>\n<meta property=\"og:description\" content=\"O governador Ricardo Coutinho participou, na noite desta sexta-feira (24), da abertura da Feira de Neg\u00f3cios e Empreendedorismo da Para\u00edba (Fenemp), na cidade de Monteiro. A Feira, que acontece at\u00e9 o pr\u00f3ximo domingo (26), re\u00fane estandes com diversos tipos de artesanato, gastronomia e ainda disponibiliza oficinas e palestras com orienta\u00e7\u00f5es para os empreendedores. Tamb\u00e9m participaram do evento o presidente da Assembleia Legislativa da Para\u00edba, Gerv\u00e1sio Maia, deputados estaduais, vereadores, auxiliares do Governo e lideran\u00e7as da regi\u00e3o. Na ocasi\u00e3o, o governador tamb\u00e9m assinou a ordem de servi\u00e7o para obras de realinhamento e amplia\u00e7\u00e3o da pista de pouso\/decolagem do Aer\u00f3dromo de Monteiro, com recursos na ordem de R$ 1,7 milh\u00e3o. A pista ter\u00e1 1.140 metros de extens\u00e3o por 30 de largura e dois stopway (parada de aeronaves, sendo um em cada cabeceira da pista). Na abertura da Fenemp, Ricardo Coutinho enfatizou a import\u00e2ncia do Empreender para a evolu\u00e7\u00e3o dos pequenos empreendedores e ressaltou a transpar\u00eancia do processo de libera\u00e7\u00e3o de cr\u00e9ditos por meio deste Programa. \u201cO Empreender \u00e9 um programa s\u00e9rio, feito com toda a transpar\u00eancia poss\u00edvel e que j\u00e1 destinou cerca de R$ 130 milh\u00f5es, promovendo o crescimento do empreendedorismo no Estado\u201d, observou. \u201cEsses empreendedores t\u00eam talento, bastava apenas o capital para que eles conseguissem dar um salto nas suas produ\u00e7\u00f5es e mudarem de vida. O Empreender veio para isso, investir na microeconomia e o programa vai continuar. Quero voltar aqui, em breve, para liberar os cr\u00e9ditos dessa regi\u00e3o\u201d, acrescentou o governador. De acordo com a secret\u00e1ria Executiva do Empreendedorismo, Amanda Rodrigues, a edi\u00e7\u00e3o 2017 da Fenemp vai ser finalizada na cidade de Monteiro, mas j\u00e1 passou por Jo\u00e3o Pessoa, S\u00e3o Bento e Bananeiras. \u201cEm todas as cidades a Fenemp fez sucesso e contribuiu para o crescimento dos empreendedores paraibanos. Fazer estas feiras foi um grande desafio, mas cumprimos a nossa meta, que \u00e9 alimentar os sonhos da popula\u00e7\u00e3o que s\u00f3 precisa de um apoio para ampliar seus neg\u00f3cios. N\u00e3o desistiremos desse programa social que foi injustamente suspenso, vamos em frente mostrando a capacidade transformadora que tem o Empreender\u201d, afirmou. Na oportunidade, tamb\u00e9m houve a apresenta\u00e7\u00e3o da plataforma E-Commerce que se caracteriza como um novo ambiente de vendas por meio da internet. No site, as pessoas que j\u00e1 receberam cr\u00e9ditos pelo Empreender poder\u00e3o expor as suas mercadorias e ampliar os seus neg\u00f3cios. \u201cCada Fenemp tem uma excelente estrutura, produtos de qualidade e de diversos segmentos. Isso faz parte do trabalho dessa gest\u00e3o que olha para aqueles que antes eram esquecidos, como as cerca de 25 mil pessoas que foram beneficiadas com os microcr\u00e9ditos para desenvolverem seus empreendimentos\u201d, afirmou o secret\u00e1rio de Infraestrutura, Recursos H\u00eddricos, Meio Ambiente, Ci\u00eancia e Tecnologia, Jo\u00e3o Azev\u00eado. Durante a solenidade, a artes\u00e3 Z\u00e9lia de Castro recebeu uma premia\u00e7\u00e3o em reconhecimento ao trabalho desenvolvido como empreendedora, sendo um dos cases de sucesso do Empreender. \u201cFaz oito anos que comecei este trabalho como empreendedora e hoje me sinto realizada trabalhando com pintura, pedrarias e outros artesanatos. O Empreender foi uma porta aberta para que eu pudesse expandir o trabalho e ter mais no\u00e7\u00e3o de como cuidar do meu neg\u00f3cio\u201d, falou. \u201cTenho 64 anos e conheci o artesanato com sete anos, atrav\u00e9s da minha tia. Fa\u00e7o roupas de renda para vender e ajudar na renda familiar. J\u00e1 recebi recursos do Empreender duas vezes e o programa me ajudou muito, porque com o dinheiro eu comprei mat\u00e9ria-prima para fazer mais pe\u00e7as e ampliar o lucro\u201d, frisou a empreendedora Maria Duarte, que est\u00e1 expondo seu material em um dos estandes da Fenemp. CONFIRA MAIS FOTOS: CLICK AQUI\u00a0 Cariri em Destaque\/Secom\/PB\" \/>\n<meta property=\"og:url\" content=\"https:\/\/noticiasemdestaque.com\/cd\/?p=6267\" \/>\n<meta property=\"og:site_name\" content=\"Not&iacute;cias em Destaque\" \/>\n<meta property=\"article:published_time\" content=\"2017-11-25T17:27:49+00:00\" \/>\n<meta property=\"og:image\" content=\"http:\/\/caririemdestaque.com\/cd\/wp-content\/uploads\/2017\/11\/feira-empreender-foto-alberi-pontes-11-300x200.jpg\" \/>\n<meta name=\"author\" content=\"Not\u00edcias em Destaque\" \/>\n<meta name=\"twitter:card\" content=\"summary_large_image\" \/>\n<meta name=\"twitter:label1\" content=\"Escrito por\" \/>\n\t<meta name=\"twitter:data1\" content=\"Not\u00edcias em Destaque\" \/>\n\t<meta name=\"twitter:label2\" content=\"Est. tempo de leitura\" \/>\n\t<meta name=\"twitter:data2\" content=\"3 minutos\" \/>\n<script type=\"application\/ld+json\" class=\"yoast-schema-graph\">{\"@context\":\"https:\/\/schema.org\",\"@graph\":[{\"@type\":\"Article\",\"@id\":\"https:\/\/noticiasemdestaque.com\/cd\/?p=6267#article\",\"isPartOf\":{\"@id\":\"https:\/\/noticiasemdestaque.com\/cd\/?p=6267\"},\"author\":{\"name\":\"Not\u00edcias em Destaque\",\"@id\":\"https:\/\/noticiasemdestaque.com\/cd\/#\/schema\/person\/21320b03a7e8bb90128938dafc9b908a\"},\"headline\":\"Ricardo abre Feira de Neg\u00f3cios e Empreendedorismo em Monteiro\",\"datePublished\":\"2017-11-25T17:27:49+00:00\",\"mainEntityOfPage\":{\"@id\":\"https:\/\/noticiasemdestaque.com\/cd\/?p=6267\"},\"wordCount\":647,\"publisher\":{\"@id\":\"https:\/\/noticiasemdestaque.com\/cd\/#organization\"},\"image\":{\"@id\":\"https:\/\/noticiasemdestaque.com\/cd\/?p=6267#primaryimage\"},\"thumbnailUrl\":\"http:\/\/caririemdestaque.com\/cd\/wp-content\/uploads\/2017\/11\/feira-empreender-foto-alberi-pontes-11-300x200.jpg\",\"articleSection\":[\"Pol\u00edtica\"],\"inLanguage\":\"pt-BR\"},{\"@type\":\"WebPage\",\"@id\":\"https:\/\/noticiasemdestaque.com\/cd\/?p=6267\",\"url\":\"https:\/\/noticiasemdestaque.com\/cd\/?p=6267\",\"name\":\"Ricardo abre Feira de Neg\u00f3cios e Empreendedorismo em Monteiro - Not&iacute;cias em Destaque\",\"isPartOf\":{\"@id\":\"https:\/\/noticiasemdestaque.com\/cd\/#website\"},\"primaryImageOfPage\":{\"@id\":\"https:\/\/noticiasemdestaque.com\/cd\/?p=6267#primaryimage\"},\"image\":{\"@id\":\"https:\/\/noticiasemdestaque.com\/cd\/?p=6267#primaryimage\"},\"thumbnailUrl\":\"http:\/\/caririemdestaque.com\/cd\/wp-content\/uploads\/2017\/11\/feira-empreender-foto-alberi-pontes-11-300x200.jpg\",\"datePublished\":\"2017-11-25T17:27:49+00:00\",\"breadcrumb\":{\"@id\":\"https:\/\/noticiasemdestaque.com\/cd\/?p=6267#breadcrumb\"},\"inLanguage\":\"pt-BR\",\"potentialAction\":[{\"@type\":\"ReadAction\",\"target\":[\"https:\/\/noticiasemdestaque.com\/cd\/?p=6267\"]}]},{\"@type\":\"ImageObject\",\"inLanguage\":\"pt-BR\",\"@id\":\"https:\/\/noticiasemdestaque.com\/cd\/?p=6267#primaryimage\",\"url\":\"http:\/\/caririemdestaque.com\/cd\/wp-content\/uploads\/2017\/11\/feira-empreender-foto-alberi-pontes-11-300x200.jpg\",\"contentUrl\":\"http:\/\/caririemdestaque.com\/cd\/wp-content\/uploads\/2017\/11\/feira-empreender-foto-alberi-pontes-11-300x200.jpg\"},{\"@type\":\"BreadcrumbList\",\"@id\":\"https:\/\/noticiasemdestaque.com\/cd\/?p=6267#breadcrumb\",\"itemListElement\":[{\"@type\":\"ListItem\",\"position\":1,\"name\":\"In\u00edcio\",\"item\":\"https:\/\/noticiasemdestaque.com\/cd\/\"},{\"@type\":\"ListItem\",\"position\":2,\"name\":\"Ricardo abre Feira de Neg\u00f3cios e Empreendedorismo em Monteiro\"}]},{\"@type\":\"WebSite\",\"@id\":\"https:\/\/noticiasemdestaque.com\/cd\/#website\",\"url\":\"https:\/\/noticiasemdestaque.com\/cd\/\",\"name\":\"Not&iacute;cias em Destaque\",\"description\":\"\",\"publisher\":{\"@id\":\"https:\/\/noticiasemdestaque.com\/cd\/#organization\"},\"potentialAction\":[{\"@type\":\"SearchAction\",\"target\":{\"@type\":\"EntryPoint\",\"urlTemplate\":\"https:\/\/noticiasemdestaque.com\/cd\/?s={search_term_string}\"},\"query-input\":{\"@type\":\"PropertyValueSpecification\",\"valueRequired\":true,\"valueName\":\"search_term_string\"}}],\"inLanguage\":\"pt-BR\"},{\"@type\":\"Organization\",\"@id\":\"https:\/\/noticiasemdestaque.com\/cd\/#organization\",\"name\":\"Not\u00edcias em Destaque\",\"url\":\"https:\/\/noticiasemdestaque.com\/cd\/\",\"logo\":{\"@type\":\"ImageObject\",\"inLanguage\":\"pt-BR\",\"@id\":\"https:\/\/noticiasemdestaque.com\/cd\/#\/schema\/logo\/image\/\",\"url\":\"https:\/\/noticiasemdestaque.com\/cd\/wp-content\/uploads\/2022\/05\/imagem-base-noticiasemdestaque.png\",\"contentUrl\":\"https:\/\/noticiasemdestaque.com\/cd\/wp-content\/uploads\/2022\/05\/imagem-base-noticiasemdestaque.png\",\"width\":1200,\"height\":630,\"caption\":\"Not\u00edcias em Destaque\"},\"image\":{\"@id\":\"https:\/\/noticiasemdestaque.com\/cd\/#\/schema\/logo\/image\/\"}},{\"@type\":\"Person\",\"@id\":\"https:\/\/noticiasemdestaque.com\/cd\/#\/schema\/person\/21320b03a7e8bb90128938dafc9b908a\",\"name\":\"Not\u00edcias em Destaque\",\"url\":\"https:\/\/noticiasemdestaque.com\/cd\/?author=2\"}]}<\/script>\n<!-- \/ Yoast SEO plugin. -->","yoast_head_json":{"title":"Ricardo abre Feira de Neg\u00f3cios e Empreendedorismo em Monteiro - Not&iacute;cias em Destaque","robots":{"index":"index","follow":"follow","max-snippet":"max-snippet:-1","max-image-preview":"max-image-preview:large","max-video-preview":"max-video-preview:-1"},"canonical":"https:\/\/noticiasemdestaque.com\/cd\/?p=6267","og_locale":"pt_BR","og_type":"article","og_title":"Ricardo abre Feira de Neg\u00f3cios e Empreendedorismo em Monteiro - Not&iacute;cias em Destaque","og_description":"O governador Ricardo Coutinho participou, na noite desta sexta-feira (24), da abertura da Feira de Neg\u00f3cios e Empreendedorismo da Para\u00edba (Fenemp), na cidade de Monteiro. A Feira, que acontece at\u00e9 o pr\u00f3ximo domingo (26), re\u00fane estandes com diversos tipos de artesanato, gastronomia e ainda disponibiliza oficinas e palestras com orienta\u00e7\u00f5es para os empreendedores. Tamb\u00e9m participaram do evento o presidente da Assembleia Legislativa da Para\u00edba, Gerv\u00e1sio Maia, deputados estaduais, vereadores, auxiliares do Governo e lideran\u00e7as da regi\u00e3o. Na ocasi\u00e3o, o governador tamb\u00e9m assinou a ordem de servi\u00e7o para obras de realinhamento e amplia\u00e7\u00e3o da pista de pouso\/decolagem do Aer\u00f3dromo de Monteiro, com recursos na ordem de R$ 1,7 milh\u00e3o. A pista ter\u00e1 1.140 metros de extens\u00e3o por 30 de largura e dois stopway (parada de aeronaves, sendo um em cada cabeceira da pista). Na abertura da Fenemp, Ricardo Coutinho enfatizou a import\u00e2ncia do Empreender para a evolu\u00e7\u00e3o dos pequenos empreendedores e ressaltou a transpar\u00eancia do processo de libera\u00e7\u00e3o de cr\u00e9ditos por meio deste Programa. \u201cO Empreender \u00e9 um programa s\u00e9rio, feito com toda a transpar\u00eancia poss\u00edvel e que j\u00e1 destinou cerca de R$ 130 milh\u00f5es, promovendo o crescimento do empreendedorismo no Estado\u201d, observou. \u201cEsses empreendedores t\u00eam talento, bastava apenas o capital para que eles conseguissem dar um salto nas suas produ\u00e7\u00f5es e mudarem de vida. O Empreender veio para isso, investir na microeconomia e o programa vai continuar. Quero voltar aqui, em breve, para liberar os cr\u00e9ditos dessa regi\u00e3o\u201d, acrescentou o governador. De acordo com a secret\u00e1ria Executiva do Empreendedorismo, Amanda Rodrigues, a edi\u00e7\u00e3o 2017 da Fenemp vai ser finalizada na cidade de Monteiro, mas j\u00e1 passou por Jo\u00e3o Pessoa, S\u00e3o Bento e Bananeiras. \u201cEm todas as cidades a Fenemp fez sucesso e contribuiu para o crescimento dos empreendedores paraibanos. Fazer estas feiras foi um grande desafio, mas cumprimos a nossa meta, que \u00e9 alimentar os sonhos da popula\u00e7\u00e3o que s\u00f3 precisa de um apoio para ampliar seus neg\u00f3cios. N\u00e3o desistiremos desse programa social que foi injustamente suspenso, vamos em frente mostrando a capacidade transformadora que tem o Empreender\u201d, afirmou. Na oportunidade, tamb\u00e9m houve a apresenta\u00e7\u00e3o da plataforma E-Commerce que se caracteriza como um novo ambiente de vendas por meio da internet. No site, as pessoas que j\u00e1 receberam cr\u00e9ditos pelo Empreender poder\u00e3o expor as suas mercadorias e ampliar os seus neg\u00f3cios. \u201cCada Fenemp tem uma excelente estrutura, produtos de qualidade e de diversos segmentos. Isso faz parte do trabalho dessa gest\u00e3o que olha para aqueles que antes eram esquecidos, como as cerca de 25 mil pessoas que foram beneficiadas com os microcr\u00e9ditos para desenvolverem seus empreendimentos\u201d, afirmou o secret\u00e1rio de Infraestrutura, Recursos H\u00eddricos, Meio Ambiente, Ci\u00eancia e Tecnologia, Jo\u00e3o Azev\u00eado. Durante a solenidade, a artes\u00e3 Z\u00e9lia de Castro recebeu uma premia\u00e7\u00e3o em reconhecimento ao trabalho desenvolvido como empreendedora, sendo um dos cases de sucesso do Empreender. \u201cFaz oito anos que comecei este trabalho como empreendedora e hoje me sinto realizada trabalhando com pintura, pedrarias e outros artesanatos. O Empreender foi uma porta aberta para que eu pudesse expandir o trabalho e ter mais no\u00e7\u00e3o de como cuidar do meu neg\u00f3cio\u201d, falou. \u201cTenho 64 anos e conheci o artesanato com sete anos, atrav\u00e9s da minha tia. Fa\u00e7o roupas de renda para vender e ajudar na renda familiar. J\u00e1 recebi recursos do Empreender duas vezes e o programa me ajudou muito, porque com o dinheiro eu comprei mat\u00e9ria-prima para fazer mais pe\u00e7as e ampliar o lucro\u201d, frisou a empreendedora Maria Duarte, que est\u00e1 expondo seu material em um dos estandes da Fenemp. CONFIRA MAIS FOTOS: CLICK AQUI\u00a0 Cariri em Destaque\/Secom\/PB","og_url":"https:\/\/noticiasemdestaque.com\/cd\/?p=6267","og_site_name":"Not&iacute;cias em Destaque","article_published_time":"2017-11-25T17:27:49+00:00","og_image":[{"url":"http:\/\/caririemdestaque.com\/cd\/wp-content\/uploads\/2017\/11\/feira-empreender-foto-alberi-pontes-11-300x200.jpg","type":"","width":"","height":""}],"author":"Not\u00edcias em Destaque","twitter_card":"summary_large_image","twitter_misc":{"Escrito por":"Not\u00edcias em Destaque","Est. tempo de leitura":"3 minutos"},"schema":{"@context":"https:\/\/schema.org","@graph":[{"@type":"Article","@id":"https:\/\/noticiasemdestaque.com\/cd\/?p=6267#article","isPartOf":{"@id":"https:\/\/noticiasemdestaque.com\/cd\/?p=6267"},"author":{"name":"Not\u00edcias em Destaque","@id":"https:\/\/noticiasemdestaque.com\/cd\/#\/schema\/person\/21320b03a7e8bb90128938dafc9b908a"},"headline":"Ricardo abre Feira de Neg\u00f3cios e Empreendedorismo em Monteiro","datePublished":"2017-11-25T17:27:49+00:00","mainEntityOfPage":{"@id":"https:\/\/noticiasemdestaque.com\/cd\/?p=6267"},"wordCount":647,"publisher":{"@id":"https:\/\/noticiasemdestaque.com\/cd\/#organization"},"image":{"@id":"https:\/\/noticiasemdestaque.com\/cd\/?p=6267#primaryimage"},"thumbnailUrl":"http:\/\/caririemdestaque.com\/cd\/wp-content\/uploads\/2017\/11\/feira-empreender-foto-alberi-pontes-11-300x200.jpg","articleSection":["Pol\u00edtica"],"inLanguage":"pt-BR"},{"@type":"WebPage","@id":"https:\/\/noticiasemdestaque.com\/cd\/?p=6267","url":"https:\/\/noticiasemdestaque.com\/cd\/?p=6267","name":"Ricardo abre Feira de Neg\u00f3cios e Empreendedorismo em Monteiro - Not&iacute;cias em Destaque","isPartOf":{"@id":"https:\/\/noticiasemdestaque.com\/cd\/#website"},"primaryImageOfPage":{"@id":"https:\/\/noticiasemdestaque.com\/cd\/?p=6267#primaryimage"},"image":{"@id":"https:\/\/noticiasemdestaque.com\/cd\/?p=6267#primaryimage"},"thumbnailUrl":"http:\/\/caririemdestaque.com\/cd\/wp-content\/uploads\/2017\/11\/feira-empreender-foto-alberi-pontes-11-300x200.jpg","datePublished":"2017-11-25T17:27:49+00:00","breadcrumb":{"@id":"https:\/\/noticiasemdestaque.com\/cd\/?p=6267#breadcrumb"},"inLanguage":"pt-BR","potentialAction":[{"@type":"ReadAction","target":["https:\/\/noticiasemdestaque.com\/cd\/?p=6267"]}]},{"@type":"ImageObject","inLanguage":"pt-BR","@id":"https:\/\/noticiasemdestaque.com\/cd\/?p=6267#primaryimage","url":"http:\/\/caririemdestaque.com\/cd\/wp-content\/uploads\/2017\/11\/feira-empreender-foto-alberi-pontes-11-300x200.jpg","contentUrl":"http:\/\/caririemdestaque.com\/cd\/wp-content\/uploads\/2017\/11\/feira-empreender-foto-alberi-pontes-11-300x200.jpg"},{"@type":"BreadcrumbList","@id":"https:\/\/noticiasemdestaque.com\/cd\/?p=6267#breadcrumb","itemListElement":[{"@type":"ListItem","position":1,"name":"In\u00edcio","item":"https:\/\/noticiasemdestaque.com\/cd\/"},{"@type":"ListItem","position":2,"name":"Ricardo abre Feira de Neg\u00f3cios e Empreendedorismo em Monteiro"}]},{"@type":"WebSite","@id":"https:\/\/noticiasemdestaque.com\/cd\/#website","url":"https:\/\/noticiasemdestaque.com\/cd\/","name":"Not&iacute;cias em Destaque","description":"","publisher":{"@id":"https:\/\/noticiasemdestaque.com\/cd\/#organization"},"potentialAction":[{"@type":"SearchAction","target":{"@type":"EntryPoint","urlTemplate":"https:\/\/noticiasemdestaque.com\/cd\/?s={search_term_string}"},"query-input":{"@type":"PropertyValueSpecification","valueRequired":true,"valueName":"search_term_string"}}],"inLanguage":"pt-BR"},{"@type":"Organization","@id":"https:\/\/noticiasemdestaque.com\/cd\/#organization","name":"Not\u00edcias em Destaque","url":"https:\/\/noticiasemdestaque.com\/cd\/","logo":{"@type":"ImageObject","inLanguage":"pt-BR","@id":"https:\/\/noticiasemdestaque.com\/cd\/#\/schema\/logo\/image\/","url":"https:\/\/noticiasemdestaque.com\/cd\/wp-content\/uploads\/2022\/05\/imagem-base-noticiasemdestaque.png","contentUrl":"https:\/\/noticiasemdestaque.com\/cd\/wp-content\/uploads\/2022\/05\/imagem-base-noticiasemdestaque.png","width":1200,"height":630,"caption":"Not\u00edcias em Destaque"},"image":{"@id":"https:\/\/noticiasemdestaque.com\/cd\/#\/schema\/logo\/image\/"}},{"@type":"Person","@id":"https:\/\/noticiasemdestaque.com\/cd\/#\/schema\/person\/21320b03a7e8bb90128938dafc9b908a","name":"Not\u00edcias em Destaque","url":"https:\/\/noticiasemdestaque.com\/cd\/?author=2"}]}},"jetpack_featured_media_url":"","jetpack_sharing_enabled":true,"_links":{"self":[{"href":"https:\/\/noticiasemdestaque.com\/cd\/index.php?rest_route=\/wp\/v2\/posts\/6267","targetHints":{"allow":["GET"]}}],"collection":[{"href":"https:\/\/noticiasemdestaque.com\/cd\/index.php?rest_route=\/wp\/v2\/posts"}],"about":[{"href":"https:\/\/noticiasemdestaque.com\/cd\/index.php?rest_route=\/wp\/v2\/types\/post"}],"author":[{"embeddable":true,"href":"https:\/\/noticiasemdestaque.com\/cd\/index.php?rest_route=\/wp\/v2\/users\/2"}],"replies":[{"embeddable":true,"href":"https:\/\/noticiasemdestaque.com\/cd\/index.php?rest_route=%2Fwp%2Fv2%2Fcomments&post=6267"}],"version-history":[{"count":1,"href":"https:\/\/noticiasemdestaque.com\/cd\/index.php?rest_route=\/wp\/v2\/posts\/6267\/revisions"}],"predecessor-version":[{"id":6273,"href":"https:\/\/noticiasemdestaque.com\/cd\/index.php?rest_route=\/wp\/v2\/posts\/6267\/revisions\/6273"}],"wp:attachment":[{"href":"https:\/\/noticiasemdestaque.com\/cd\/index.php?rest_route=%2Fwp%2Fv2%2Fmedia&parent=6267"}],"wp:term":[{"taxonomy":"category","embeddable":true,"href":"https:\/\/noticiasemdestaque.com\/cd\/index.php?rest_route=%2Fwp%2Fv2%2Fcategories&post=6267"},{"taxonomy":"post_tag","embeddable":true,"href":"https:\/\/noticiasemdestaque.com\/cd\/index.php?rest_route=%2Fwp%2Fv2%2Ftags&post=6267"}],"curies":[{"name":"wp","href":"https:\/\/api.w.org\/{rel}","templated":true}]}}