{"id":6228,"date":"2017-11-23T07:31:23","date_gmt":"2017-11-23T10:31:23","guid":{"rendered":"http:\/\/caririemdestaque.com\/cd\/?p=6228"},"modified":"2017-11-23T07:31:23","modified_gmt":"2017-11-23T10:31:23","slug":"atuacao-de-couto-auxilia-comunidade-quilombola-do-cariri-a-obter-certificacao","status":"publish","type":"post","link":"https:\/\/noticiasemdestaque.com\/cd\/?p=6228","title":{"rendered":"Atua\u00e7\u00e3o de Couto auxilia comunidade quilombola do Cariri a obter certifica\u00e7\u00e3o"},"content":{"rendered":"<p><a href=\"http:\/\/caririemdestaque.com\/cd\/wp-content\/uploads\/2017\/11\/22112017160754.jpg\"><img fetchpriority=\"high\" decoding=\"async\" class=\"wp-image-6229 size-medium alignleft\" src=\"http:\/\/caririemdestaque.com\/cd\/wp-content\/uploads\/2017\/11\/22112017160754-300x170.jpg\" alt=\"\" width=\"300\" height=\"170\" srcset=\"https:\/\/noticiasemdestaque.com\/cd\/wp-content\/uploads\/2017\/11\/22112017160754-300x170.jpg 300w, https:\/\/noticiasemdestaque.com\/cd\/wp-content\/uploads\/2017\/11\/22112017160754.jpg 692w\" sizes=\"(max-width: 300px) 100vw, 300px\" \/><\/a>A atua\u00e7\u00e3o do deputado federal Luiz Couto auxiliou na obten\u00e7\u00e3o, nesta segunda-feira, 20, da certifica\u00e7\u00e3o formal da Funda\u00e7\u00e3o Cultural Palmares reconhecendo como remanescente de quilombo a comunidade Cacimba Nova, localizada no munic\u00edpio de S\u00e3o Jo\u00e3o do Tigre, no Cariri paraibano. A Portaria n\u00ba 299, de 16 de novembro de 2017, foi publicada no Dia da Consci\u00eancia Negra no Di\u00e1rio Oficial da Uni\u00e3o, data em que j\u00e1 entrou em vigor. A obten\u00e7\u00e3o do reconhecimento foi fruto da articula\u00e7\u00e3o do parlamentar, bem como do trabalho do Minist\u00e9rio P\u00fablico Federal (MPF) da Para\u00edba. Em Monteiro, tramita inqu\u00e9rito civil para apurar dificuldades enfrentadas pela comunidade quilombola, entre elas a aus\u00eancia de agente de sa\u00fade, inexist\u00eancia de fonte de \u00e1gua pot\u00e1vel e fam\u00edlias em risco alimentar.<\/p>\n<div><\/div>\n<div>&#8220;Para n\u00f3s, \u00e9 motivo de muita alegria ter contribu\u00eddo para esse reconhecimento. Nosso mandato, que se pauta pela defesa dos direitos humanos, quer atuar para melhorar a vida dos paraibanos, especialmente aqueles em situa\u00e7\u00e3o de vulnerabilidade. Com essa certifica\u00e7\u00e3o, a comunidade passar\u00e1 a ter mais acesso a pol\u00edticas p\u00fablicas de assist\u00eancia e inclus\u00e3o e tamb\u00e9m poder\u00e1 obter a certifica\u00e7\u00e3o formal de propriedade da terra&#8221;, explicou Couto.<\/div>\n<div><\/div>\n<div>Enquanto o processo de certifica\u00e7\u00e3o tramitava na Funda\u00e7\u00e3o Cultural Palmares, o MPF participou de reuni\u00f5es com o deputado federal Luiz Couto e com representante da Secretaria de Estado do Desenvolvimento Humano da Para\u00edba com vistas \u00e0 efetiva\u00e7\u00e3o das pol\u00edticas p\u00fablicas para a comunidade. O \u00f3rg\u00e3o tamb\u00e9m se reuniu com representante da Universidade Federal da Para\u00edba (UFPB) para o levantamento cient\u00edfico do hist\u00f3rico da comunidade remanescente de quilombo de Cacimba Nova.<\/div>\n<div><\/div>\n<div>Antes disso, o MPF realizou visitas \u00e0 comunidade e \u00e0 prefeitura de S\u00e3o Jo\u00e3o do Tigre. Buscou o apoio da Associa\u00e7\u00e3o de Apoio aos Assentamentos e Comunidades Afrodescendentes da Para\u00edba (Aacade-PB) para intermediar o contato com a Funda\u00e7\u00e3o Palmares. Para receber o certificado, a comunidade enviou \u00e0 funda\u00e7\u00e3o documento no qual integrantes das 87 fam\u00edlias que habitam a \u00e1rea reconhecem que s\u00e3o descendentes dos negros escravos que habitavam a regi\u00e3o h\u00e1, pelo menos, 200 anos.<\/div>\n<div><\/div>\n<div>A entrega simb\u00f3lica da certifica\u00e7\u00e3o \u00e0 comunidade ocorrer\u00e1 em 28 de novembro, e ter\u00e1 a participa\u00e7\u00e3o do procurador regional dos Direitos do Cidad\u00e3o na Para\u00edba, Jos\u00e9 Godoy Bezerra de Souza.<\/div>\n","protected":false},"excerpt":{"rendered":"<p>A atua\u00e7\u00e3o do deputado federal Luiz Couto auxiliou na obten\u00e7\u00e3o, nesta segunda-feira, 20, da certifica\u00e7\u00e3o formal da Funda\u00e7\u00e3o Cultural Palmares reconhecendo como remanescente de quilombo a comunidade Cacimba Nova, localizada no munic\u00edpio de S\u00e3o Jo\u00e3o do Tigre, no Cariri paraibano. A Portaria n\u00ba 299, de 16 de novembro de 2017, foi publicada no Dia da Consci\u00eancia Negra no Di\u00e1rio Oficial da Uni\u00e3o, data em que j\u00e1 entrou em vigor. A obten\u00e7\u00e3o do reconhecimento foi fruto da articula\u00e7\u00e3o do parlamentar, bem como do trabalho do Minist\u00e9rio P\u00fablico Federal (MPF) da Para\u00edba. Em Monteiro, tramita inqu\u00e9rito civil para apurar dificuldades enfrentadas pela comunidade quilombola, entre elas a aus\u00eancia de agente de sa\u00fade, inexist\u00eancia de fonte de \u00e1gua pot\u00e1vel e fam\u00edlias em risco alimentar. &#8220;Para n\u00f3s, \u00e9 motivo de muita alegria ter contribu\u00eddo para esse reconhecimento. Nosso mandato, que se pauta pela defesa dos direitos humanos, quer atuar para melhorar a vida dos paraibanos, especialmente aqueles em situa\u00e7\u00e3o de vulnerabilidade. Com essa certifica\u00e7\u00e3o, a comunidade passar\u00e1 a ter mais acesso a pol\u00edticas p\u00fablicas de assist\u00eancia e inclus\u00e3o e tamb\u00e9m poder\u00e1 obter a certifica\u00e7\u00e3o formal de propriedade da terra&#8221;, explicou Couto. Enquanto o processo de certifica\u00e7\u00e3o tramitava na Funda\u00e7\u00e3o Cultural Palmares, o MPF participou de reuni\u00f5es com o deputado federal Luiz Couto e com representante da Secretaria de Estado do Desenvolvimento Humano da Para\u00edba com vistas \u00e0 efetiva\u00e7\u00e3o das pol\u00edticas p\u00fablicas para a comunidade. O \u00f3rg\u00e3o tamb\u00e9m se reuniu com representante da Universidade Federal da Para\u00edba (UFPB) para o levantamento cient\u00edfico do hist\u00f3rico da comunidade remanescente de quilombo de Cacimba Nova. Antes disso, o MPF realizou visitas \u00e0 comunidade e \u00e0 prefeitura de S\u00e3o Jo\u00e3o do Tigre. Buscou o apoio da Associa\u00e7\u00e3o de Apoio aos Assentamentos e Comunidades Afrodescendentes da Para\u00edba (Aacade-PB) para intermediar o contato com a Funda\u00e7\u00e3o Palmares. Para receber o certificado, a comunidade enviou \u00e0 funda\u00e7\u00e3o documento no qual integrantes das 87 fam\u00edlias que habitam a \u00e1rea reconhecem que s\u00e3o descendentes dos negros escravos que habitavam a regi\u00e3o h\u00e1, pelo menos, 200 anos. A entrega simb\u00f3lica da certifica\u00e7\u00e3o \u00e0 comunidade ocorrer\u00e1 em 28 de novembro, e ter\u00e1 a participa\u00e7\u00e3o do procurador regional dos Direitos do Cidad\u00e3o na Para\u00edba, Jos\u00e9 Godoy Bezerra de Souza.<\/p>\n","protected":false},"author":2,"featured_media":6229,"comment_status":"closed","ping_status":"open","sticky":false,"template":"","format":"standard","meta":{"_eb_attr":"","_jetpack_memberships_contains_paid_content":false,"footnotes":""},"categories":[4],"tags":[],"class_list":["post-6228","post","type-post","status-publish","format-standard","has-post-thumbnail","hentry","category-politica"],"yoast_head":"<!-- This site is optimized with the Yoast SEO plugin v26.5 - https:\/\/yoast.com\/wordpress\/plugins\/seo\/ -->\n<title>Atua\u00e7\u00e3o de Couto auxilia comunidade quilombola do Cariri a obter certifica\u00e7\u00e3o - Not&iacute;cias em Destaque<\/title>\n<meta name=\"robots\" content=\"index, follow, max-snippet:-1, max-image-preview:large, max-video-preview:-1\" \/>\n<link rel=\"canonical\" href=\"https:\/\/noticiasemdestaque.com\/cd\/?p=6228\" \/>\n<meta property=\"og:locale\" content=\"pt_BR\" \/>\n<meta property=\"og:type\" content=\"article\" \/>\n<meta property=\"og:title\" content=\"Atua\u00e7\u00e3o de Couto auxilia comunidade quilombola do Cariri a obter certifica\u00e7\u00e3o - Not&iacute;cias em Destaque\" \/>\n<meta property=\"og:description\" content=\"A atua\u00e7\u00e3o do deputado federal Luiz Couto auxiliou na obten\u00e7\u00e3o, nesta segunda-feira, 20, da certifica\u00e7\u00e3o formal da Funda\u00e7\u00e3o Cultural Palmares reconhecendo como remanescente de quilombo a comunidade Cacimba Nova, localizada no munic\u00edpio de S\u00e3o Jo\u00e3o do Tigre, no Cariri paraibano. A Portaria n\u00ba 299, de 16 de novembro de 2017, foi publicada no Dia da Consci\u00eancia Negra no Di\u00e1rio Oficial da Uni\u00e3o, data em que j\u00e1 entrou em vigor. A obten\u00e7\u00e3o do reconhecimento foi fruto da articula\u00e7\u00e3o do parlamentar, bem como do trabalho do Minist\u00e9rio P\u00fablico Federal (MPF) da Para\u00edba. Em Monteiro, tramita inqu\u00e9rito civil para apurar dificuldades enfrentadas pela comunidade quilombola, entre elas a aus\u00eancia de agente de sa\u00fade, inexist\u00eancia de fonte de \u00e1gua pot\u00e1vel e fam\u00edlias em risco alimentar. &#8220;Para n\u00f3s, \u00e9 motivo de muita alegria ter contribu\u00eddo para esse reconhecimento. Nosso mandato, que se pauta pela defesa dos direitos humanos, quer atuar para melhorar a vida dos paraibanos, especialmente aqueles em situa\u00e7\u00e3o de vulnerabilidade. Com essa certifica\u00e7\u00e3o, a comunidade passar\u00e1 a ter mais acesso a pol\u00edticas p\u00fablicas de assist\u00eancia e inclus\u00e3o e tamb\u00e9m poder\u00e1 obter a certifica\u00e7\u00e3o formal de propriedade da terra&#8221;, explicou Couto. Enquanto o processo de certifica\u00e7\u00e3o tramitava na Funda\u00e7\u00e3o Cultural Palmares, o MPF participou de reuni\u00f5es com o deputado federal Luiz Couto e com representante da Secretaria de Estado do Desenvolvimento Humano da Para\u00edba com vistas \u00e0 efetiva\u00e7\u00e3o das pol\u00edticas p\u00fablicas para a comunidade. O \u00f3rg\u00e3o tamb\u00e9m se reuniu com representante da Universidade Federal da Para\u00edba (UFPB) para o levantamento cient\u00edfico do hist\u00f3rico da comunidade remanescente de quilombo de Cacimba Nova. Antes disso, o MPF realizou visitas \u00e0 comunidade e \u00e0 prefeitura de S\u00e3o Jo\u00e3o do Tigre. Buscou o apoio da Associa\u00e7\u00e3o de Apoio aos Assentamentos e Comunidades Afrodescendentes da Para\u00edba (Aacade-PB) para intermediar o contato com a Funda\u00e7\u00e3o Palmares. Para receber o certificado, a comunidade enviou \u00e0 funda\u00e7\u00e3o documento no qual integrantes das 87 fam\u00edlias que habitam a \u00e1rea reconhecem que s\u00e3o descendentes dos negros escravos que habitavam a regi\u00e3o h\u00e1, pelo menos, 200 anos. A entrega simb\u00f3lica da certifica\u00e7\u00e3o \u00e0 comunidade ocorrer\u00e1 em 28 de novembro, e ter\u00e1 a participa\u00e7\u00e3o do procurador regional dos Direitos do Cidad\u00e3o na Para\u00edba, Jos\u00e9 Godoy Bezerra de Souza.\" \/>\n<meta property=\"og:url\" content=\"https:\/\/noticiasemdestaque.com\/cd\/?p=6228\" \/>\n<meta property=\"og:site_name\" content=\"Not&iacute;cias em Destaque\" \/>\n<meta property=\"article:published_time\" content=\"2017-11-23T10:31:23+00:00\" \/>\n<meta property=\"og:image\" content=\"https:\/\/noticiasemdestaque.com\/cd\/wp-content\/uploads\/2017\/11\/22112017160754.jpg\" \/>\n\t<meta property=\"og:image:width\" content=\"692\" \/>\n\t<meta property=\"og:image:height\" content=\"393\" \/>\n\t<meta property=\"og:image:type\" content=\"image\/jpeg\" \/>\n<meta name=\"author\" content=\"Not\u00edcias em Destaque\" \/>\n<meta name=\"twitter:card\" content=\"summary_large_image\" \/>\n<meta name=\"twitter:label1\" content=\"Escrito por\" \/>\n\t<meta name=\"twitter:data1\" content=\"Not\u00edcias em Destaque\" \/>\n\t<meta name=\"twitter:label2\" content=\"Est. tempo de leitura\" \/>\n\t<meta name=\"twitter:data2\" content=\"2 minutos\" \/>\n<script type=\"application\/ld+json\" class=\"yoast-schema-graph\">{\"@context\":\"https:\/\/schema.org\",\"@graph\":[{\"@type\":\"Article\",\"@id\":\"https:\/\/noticiasemdestaque.com\/cd\/?p=6228#article\",\"isPartOf\":{\"@id\":\"https:\/\/noticiasemdestaque.com\/cd\/?p=6228\"},\"author\":{\"name\":\"Not\u00edcias em Destaque\",\"@id\":\"https:\/\/noticiasemdestaque.com\/cd\/#\/schema\/person\/21320b03a7e8bb90128938dafc9b908a\"},\"headline\":\"Atua\u00e7\u00e3o de Couto auxilia comunidade quilombola do Cariri a obter certifica\u00e7\u00e3o\",\"datePublished\":\"2017-11-23T10:31:23+00:00\",\"mainEntityOfPage\":{\"@id\":\"https:\/\/noticiasemdestaque.com\/cd\/?p=6228\"},\"wordCount\":419,\"publisher\":{\"@id\":\"https:\/\/noticiasemdestaque.com\/cd\/#organization\"},\"image\":{\"@id\":\"https:\/\/noticiasemdestaque.com\/cd\/?p=6228#primaryimage\"},\"thumbnailUrl\":\"https:\/\/noticiasemdestaque.com\/cd\/wp-content\/uploads\/2017\/11\/22112017160754.jpg\",\"articleSection\":[\"Pol\u00edtica\"],\"inLanguage\":\"pt-BR\"},{\"@type\":\"WebPage\",\"@id\":\"https:\/\/noticiasemdestaque.com\/cd\/?p=6228\",\"url\":\"https:\/\/noticiasemdestaque.com\/cd\/?p=6228\",\"name\":\"Atua\u00e7\u00e3o de Couto auxilia comunidade quilombola do Cariri a obter certifica\u00e7\u00e3o - Not&iacute;cias em Destaque\",\"isPartOf\":{\"@id\":\"https:\/\/noticiasemdestaque.com\/cd\/#website\"},\"primaryImageOfPage\":{\"@id\":\"https:\/\/noticiasemdestaque.com\/cd\/?p=6228#primaryimage\"},\"image\":{\"@id\":\"https:\/\/noticiasemdestaque.com\/cd\/?p=6228#primaryimage\"},\"thumbnailUrl\":\"https:\/\/noticiasemdestaque.com\/cd\/wp-content\/uploads\/2017\/11\/22112017160754.jpg\",\"datePublished\":\"2017-11-23T10:31:23+00:00\",\"breadcrumb\":{\"@id\":\"https:\/\/noticiasemdestaque.com\/cd\/?p=6228#breadcrumb\"},\"inLanguage\":\"pt-BR\",\"potentialAction\":[{\"@type\":\"ReadAction\",\"target\":[\"https:\/\/noticiasemdestaque.com\/cd\/?p=6228\"]}]},{\"@type\":\"ImageObject\",\"inLanguage\":\"pt-BR\",\"@id\":\"https:\/\/noticiasemdestaque.com\/cd\/?p=6228#primaryimage\",\"url\":\"https:\/\/noticiasemdestaque.com\/cd\/wp-content\/uploads\/2017\/11\/22112017160754.jpg\",\"contentUrl\":\"https:\/\/noticiasemdestaque.com\/cd\/wp-content\/uploads\/2017\/11\/22112017160754.jpg\",\"width\":692,\"height\":393},{\"@type\":\"BreadcrumbList\",\"@id\":\"https:\/\/noticiasemdestaque.com\/cd\/?p=6228#breadcrumb\",\"itemListElement\":[{\"@type\":\"ListItem\",\"position\":1,\"name\":\"In\u00edcio\",\"item\":\"https:\/\/noticiasemdestaque.com\/cd\/\"},{\"@type\":\"ListItem\",\"position\":2,\"name\":\"Atua\u00e7\u00e3o de Couto auxilia comunidade quilombola do Cariri a obter certifica\u00e7\u00e3o\"}]},{\"@type\":\"WebSite\",\"@id\":\"https:\/\/noticiasemdestaque.com\/cd\/#website\",\"url\":\"https:\/\/noticiasemdestaque.com\/cd\/\",\"name\":\"Not&iacute;cias em Destaque\",\"description\":\"\",\"publisher\":{\"@id\":\"https:\/\/noticiasemdestaque.com\/cd\/#organization\"},\"potentialAction\":[{\"@type\":\"SearchAction\",\"target\":{\"@type\":\"EntryPoint\",\"urlTemplate\":\"https:\/\/noticiasemdestaque.com\/cd\/?s={search_term_string}\"},\"query-input\":{\"@type\":\"PropertyValueSpecification\",\"valueRequired\":true,\"valueName\":\"search_term_string\"}}],\"inLanguage\":\"pt-BR\"},{\"@type\":\"Organization\",\"@id\":\"https:\/\/noticiasemdestaque.com\/cd\/#organization\",\"name\":\"Not\u00edcias em Destaque\",\"url\":\"https:\/\/noticiasemdestaque.com\/cd\/\",\"logo\":{\"@type\":\"ImageObject\",\"inLanguage\":\"pt-BR\",\"@id\":\"https:\/\/noticiasemdestaque.com\/cd\/#\/schema\/logo\/image\/\",\"url\":\"https:\/\/noticiasemdestaque.com\/cd\/wp-content\/uploads\/2022\/05\/imagem-base-noticiasemdestaque.png\",\"contentUrl\":\"https:\/\/noticiasemdestaque.com\/cd\/wp-content\/uploads\/2022\/05\/imagem-base-noticiasemdestaque.png\",\"width\":1200,\"height\":630,\"caption\":\"Not\u00edcias em Destaque\"},\"image\":{\"@id\":\"https:\/\/noticiasemdestaque.com\/cd\/#\/schema\/logo\/image\/\"}},{\"@type\":\"Person\",\"@id\":\"https:\/\/noticiasemdestaque.com\/cd\/#\/schema\/person\/21320b03a7e8bb90128938dafc9b908a\",\"name\":\"Not\u00edcias em Destaque\",\"url\":\"https:\/\/noticiasemdestaque.com\/cd\/?author=2\"}]}<\/script>\n<!-- \/ Yoast SEO plugin. -->","yoast_head_json":{"title":"Atua\u00e7\u00e3o de Couto auxilia comunidade quilombola do Cariri a obter certifica\u00e7\u00e3o - Not&iacute;cias em Destaque","robots":{"index":"index","follow":"follow","max-snippet":"max-snippet:-1","max-image-preview":"max-image-preview:large","max-video-preview":"max-video-preview:-1"},"canonical":"https:\/\/noticiasemdestaque.com\/cd\/?p=6228","og_locale":"pt_BR","og_type":"article","og_title":"Atua\u00e7\u00e3o de Couto auxilia comunidade quilombola do Cariri a obter certifica\u00e7\u00e3o - Not&iacute;cias em Destaque","og_description":"A atua\u00e7\u00e3o do deputado federal Luiz Couto auxiliou na obten\u00e7\u00e3o, nesta segunda-feira, 20, da certifica\u00e7\u00e3o formal da Funda\u00e7\u00e3o Cultural Palmares reconhecendo como remanescente de quilombo a comunidade Cacimba Nova, localizada no munic\u00edpio de S\u00e3o Jo\u00e3o do Tigre, no Cariri paraibano. A Portaria n\u00ba 299, de 16 de novembro de 2017, foi publicada no Dia da Consci\u00eancia Negra no Di\u00e1rio Oficial da Uni\u00e3o, data em que j\u00e1 entrou em vigor. A obten\u00e7\u00e3o do reconhecimento foi fruto da articula\u00e7\u00e3o do parlamentar, bem como do trabalho do Minist\u00e9rio P\u00fablico Federal (MPF) da Para\u00edba. Em Monteiro, tramita inqu\u00e9rito civil para apurar dificuldades enfrentadas pela comunidade quilombola, entre elas a aus\u00eancia de agente de sa\u00fade, inexist\u00eancia de fonte de \u00e1gua pot\u00e1vel e fam\u00edlias em risco alimentar. &#8220;Para n\u00f3s, \u00e9 motivo de muita alegria ter contribu\u00eddo para esse reconhecimento. Nosso mandato, que se pauta pela defesa dos direitos humanos, quer atuar para melhorar a vida dos paraibanos, especialmente aqueles em situa\u00e7\u00e3o de vulnerabilidade. Com essa certifica\u00e7\u00e3o, a comunidade passar\u00e1 a ter mais acesso a pol\u00edticas p\u00fablicas de assist\u00eancia e inclus\u00e3o e tamb\u00e9m poder\u00e1 obter a certifica\u00e7\u00e3o formal de propriedade da terra&#8221;, explicou Couto. Enquanto o processo de certifica\u00e7\u00e3o tramitava na Funda\u00e7\u00e3o Cultural Palmares, o MPF participou de reuni\u00f5es com o deputado federal Luiz Couto e com representante da Secretaria de Estado do Desenvolvimento Humano da Para\u00edba com vistas \u00e0 efetiva\u00e7\u00e3o das pol\u00edticas p\u00fablicas para a comunidade. O \u00f3rg\u00e3o tamb\u00e9m se reuniu com representante da Universidade Federal da Para\u00edba (UFPB) para o levantamento cient\u00edfico do hist\u00f3rico da comunidade remanescente de quilombo de Cacimba Nova. Antes disso, o MPF realizou visitas \u00e0 comunidade e \u00e0 prefeitura de S\u00e3o Jo\u00e3o do Tigre. Buscou o apoio da Associa\u00e7\u00e3o de Apoio aos Assentamentos e Comunidades Afrodescendentes da Para\u00edba (Aacade-PB) para intermediar o contato com a Funda\u00e7\u00e3o Palmares. Para receber o certificado, a comunidade enviou \u00e0 funda\u00e7\u00e3o documento no qual integrantes das 87 fam\u00edlias que habitam a \u00e1rea reconhecem que s\u00e3o descendentes dos negros escravos que habitavam a regi\u00e3o h\u00e1, pelo menos, 200 anos. A entrega simb\u00f3lica da certifica\u00e7\u00e3o \u00e0 comunidade ocorrer\u00e1 em 28 de novembro, e ter\u00e1 a participa\u00e7\u00e3o do procurador regional dos Direitos do Cidad\u00e3o na Para\u00edba, Jos\u00e9 Godoy Bezerra de Souza.","og_url":"https:\/\/noticiasemdestaque.com\/cd\/?p=6228","og_site_name":"Not&iacute;cias em Destaque","article_published_time":"2017-11-23T10:31:23+00:00","og_image":[{"width":692,"height":393,"url":"https:\/\/noticiasemdestaque.com\/cd\/wp-content\/uploads\/2017\/11\/22112017160754.jpg","type":"image\/jpeg"}],"author":"Not\u00edcias em Destaque","twitter_card":"summary_large_image","twitter_misc":{"Escrito por":"Not\u00edcias em Destaque","Est. tempo de leitura":"2 minutos"},"schema":{"@context":"https:\/\/schema.org","@graph":[{"@type":"Article","@id":"https:\/\/noticiasemdestaque.com\/cd\/?p=6228#article","isPartOf":{"@id":"https:\/\/noticiasemdestaque.com\/cd\/?p=6228"},"author":{"name":"Not\u00edcias em Destaque","@id":"https:\/\/noticiasemdestaque.com\/cd\/#\/schema\/person\/21320b03a7e8bb90128938dafc9b908a"},"headline":"Atua\u00e7\u00e3o de Couto auxilia comunidade quilombola do Cariri a obter certifica\u00e7\u00e3o","datePublished":"2017-11-23T10:31:23+00:00","mainEntityOfPage":{"@id":"https:\/\/noticiasemdestaque.com\/cd\/?p=6228"},"wordCount":419,"publisher":{"@id":"https:\/\/noticiasemdestaque.com\/cd\/#organization"},"image":{"@id":"https:\/\/noticiasemdestaque.com\/cd\/?p=6228#primaryimage"},"thumbnailUrl":"https:\/\/noticiasemdestaque.com\/cd\/wp-content\/uploads\/2017\/11\/22112017160754.jpg","articleSection":["Pol\u00edtica"],"inLanguage":"pt-BR"},{"@type":"WebPage","@id":"https:\/\/noticiasemdestaque.com\/cd\/?p=6228","url":"https:\/\/noticiasemdestaque.com\/cd\/?p=6228","name":"Atua\u00e7\u00e3o de Couto auxilia comunidade quilombola do Cariri a obter certifica\u00e7\u00e3o - Not&iacute;cias em Destaque","isPartOf":{"@id":"https:\/\/noticiasemdestaque.com\/cd\/#website"},"primaryImageOfPage":{"@id":"https:\/\/noticiasemdestaque.com\/cd\/?p=6228#primaryimage"},"image":{"@id":"https:\/\/noticiasemdestaque.com\/cd\/?p=6228#primaryimage"},"thumbnailUrl":"https:\/\/noticiasemdestaque.com\/cd\/wp-content\/uploads\/2017\/11\/22112017160754.jpg","datePublished":"2017-11-23T10:31:23+00:00","breadcrumb":{"@id":"https:\/\/noticiasemdestaque.com\/cd\/?p=6228#breadcrumb"},"inLanguage":"pt-BR","potentialAction":[{"@type":"ReadAction","target":["https:\/\/noticiasemdestaque.com\/cd\/?p=6228"]}]},{"@type":"ImageObject","inLanguage":"pt-BR","@id":"https:\/\/noticiasemdestaque.com\/cd\/?p=6228#primaryimage","url":"https:\/\/noticiasemdestaque.com\/cd\/wp-content\/uploads\/2017\/11\/22112017160754.jpg","contentUrl":"https:\/\/noticiasemdestaque.com\/cd\/wp-content\/uploads\/2017\/11\/22112017160754.jpg","width":692,"height":393},{"@type":"BreadcrumbList","@id":"https:\/\/noticiasemdestaque.com\/cd\/?p=6228#breadcrumb","itemListElement":[{"@type":"ListItem","position":1,"name":"In\u00edcio","item":"https:\/\/noticiasemdestaque.com\/cd\/"},{"@type":"ListItem","position":2,"name":"Atua\u00e7\u00e3o de Couto auxilia comunidade quilombola do Cariri a obter certifica\u00e7\u00e3o"}]},{"@type":"WebSite","@id":"https:\/\/noticiasemdestaque.com\/cd\/#website","url":"https:\/\/noticiasemdestaque.com\/cd\/","name":"Not&iacute;cias em Destaque","description":"","publisher":{"@id":"https:\/\/noticiasemdestaque.com\/cd\/#organization"},"potentialAction":[{"@type":"SearchAction","target":{"@type":"EntryPoint","urlTemplate":"https:\/\/noticiasemdestaque.com\/cd\/?s={search_term_string}"},"query-input":{"@type":"PropertyValueSpecification","valueRequired":true,"valueName":"search_term_string"}}],"inLanguage":"pt-BR"},{"@type":"Organization","@id":"https:\/\/noticiasemdestaque.com\/cd\/#organization","name":"Not\u00edcias em Destaque","url":"https:\/\/noticiasemdestaque.com\/cd\/","logo":{"@type":"ImageObject","inLanguage":"pt-BR","@id":"https:\/\/noticiasemdestaque.com\/cd\/#\/schema\/logo\/image\/","url":"https:\/\/noticiasemdestaque.com\/cd\/wp-content\/uploads\/2022\/05\/imagem-base-noticiasemdestaque.png","contentUrl":"https:\/\/noticiasemdestaque.com\/cd\/wp-content\/uploads\/2022\/05\/imagem-base-noticiasemdestaque.png","width":1200,"height":630,"caption":"Not\u00edcias em Destaque"},"image":{"@id":"https:\/\/noticiasemdestaque.com\/cd\/#\/schema\/logo\/image\/"}},{"@type":"Person","@id":"https:\/\/noticiasemdestaque.com\/cd\/#\/schema\/person\/21320b03a7e8bb90128938dafc9b908a","name":"Not\u00edcias em Destaque","url":"https:\/\/noticiasemdestaque.com\/cd\/?author=2"}]}},"jetpack_featured_media_url":"https:\/\/noticiasemdestaque.com\/cd\/wp-content\/uploads\/2017\/11\/22112017160754.jpg","jetpack_sharing_enabled":true,"_links":{"self":[{"href":"https:\/\/noticiasemdestaque.com\/cd\/index.php?rest_route=\/wp\/v2\/posts\/6228","targetHints":{"allow":["GET"]}}],"collection":[{"href":"https:\/\/noticiasemdestaque.com\/cd\/index.php?rest_route=\/wp\/v2\/posts"}],"about":[{"href":"https:\/\/noticiasemdestaque.com\/cd\/index.php?rest_route=\/wp\/v2\/types\/post"}],"author":[{"embeddable":true,"href":"https:\/\/noticiasemdestaque.com\/cd\/index.php?rest_route=\/wp\/v2\/users\/2"}],"replies":[{"embeddable":true,"href":"https:\/\/noticiasemdestaque.com\/cd\/index.php?rest_route=%2Fwp%2Fv2%2Fcomments&post=6228"}],"version-history":[{"count":1,"href":"https:\/\/noticiasemdestaque.com\/cd\/index.php?rest_route=\/wp\/v2\/posts\/6228\/revisions"}],"predecessor-version":[{"id":6230,"href":"https:\/\/noticiasemdestaque.com\/cd\/index.php?rest_route=\/wp\/v2\/posts\/6228\/revisions\/6230"}],"wp:featuredmedia":[{"embeddable":true,"href":"https:\/\/noticiasemdestaque.com\/cd\/index.php?rest_route=\/wp\/v2\/media\/6229"}],"wp:attachment":[{"href":"https:\/\/noticiasemdestaque.com\/cd\/index.php?rest_route=%2Fwp%2Fv2%2Fmedia&parent=6228"}],"wp:term":[{"taxonomy":"category","embeddable":true,"href":"https:\/\/noticiasemdestaque.com\/cd\/index.php?rest_route=%2Fwp%2Fv2%2Fcategories&post=6228"},{"taxonomy":"post_tag","embeddable":true,"href":"https:\/\/noticiasemdestaque.com\/cd\/index.php?rest_route=%2Fwp%2Fv2%2Ftags&post=6228"}],"curies":[{"name":"wp","href":"https:\/\/api.w.org\/{rel}","templated":true}]}}