{"id":6090,"date":"2017-11-17T15:37:58","date_gmt":"2017-11-17T18:37:58","guid":{"rendered":"http:\/\/caririemdestaque.com\/cd\/?p=6090"},"modified":"2017-11-17T17:17:46","modified_gmt":"2017-11-17T20:17:46","slug":"deputada-estela-bezerra-realiza-em-sume-mais-uma-edicao-do-circuito-das-aguas","status":"publish","type":"post","link":"https:\/\/noticiasemdestaque.com\/cd\/?p=6090","title":{"rendered":"Deputada Estela Bezerra realiza em Sum\u00e9 mais uma edi\u00e7\u00e3o do Circuito das \u00c1guas"},"content":{"rendered":"<p><a href=\"http:\/\/caririemdestaque.com\/cd\/wp-content\/uploads\/2017\/11\/DSC_0064.jpg\"><img fetchpriority=\"high\" decoding=\"async\" class=\"wp-image-6094 alignright\" src=\"http:\/\/caririemdestaque.com\/cd\/wp-content\/uploads\/2017\/11\/DSC_0064-300x200.jpg\" alt=\"\" width=\"283\" height=\"188\" srcset=\"https:\/\/noticiasemdestaque.com\/cd\/wp-content\/uploads\/2017\/11\/DSC_0064-300x200.jpg 300w, https:\/\/noticiasemdestaque.com\/cd\/wp-content\/uploads\/2017\/11\/DSC_0064-768x511.jpg 768w, https:\/\/noticiasemdestaque.com\/cd\/wp-content\/uploads\/2017\/11\/DSC_0064.jpg 1024w, https:\/\/noticiasemdestaque.com\/cd\/wp-content\/uploads\/2017\/11\/DSC_0064-480x320.jpg 480w\" sizes=\"(max-width: 283px) 100vw, 283px\" \/><\/a><\/p>\n<p>O Audit\u00f3rio do NEXT- N\u00facleo de Extens\u00e3o Cultural do CDSA em Sum\u00e9 ficou lotado na noite da desta quinta-feira (16\/11) durante a s\u00e9tima etapa do Circuito das \u00c1guas, uma s\u00e9rie de audi\u00eancias p\u00fablicas realizada pelo mandato da deputada estadual Estela Bezerra, que est\u00e1 percorrendo o Cariri paraibano com o objetivo de debater o uso consciente das \u00e1guas do projeto de Transposi\u00e7\u00e3o do Rio S\u00e3o Francisco.<\/p>\n<p>Na oportunidade, representantes do governo estadual, pequenos produtores locais, alunos e professores da UFCG-Sum\u00e9, sindicatos e MST (Movimento dos Trabalhadores Rurais Sem Terra), discutiram o acesso \u00e0 \u00e1gua para agricultura familiar.<\/p>\n<p><a href=\"http:\/\/caririemdestaque.com\/cd\/wp-content\/uploads\/2017\/11\/DSC_0072.jpg\"><img decoding=\"async\" class=\"wp-image-6100 alignleft\" src=\"http:\/\/caririemdestaque.com\/cd\/wp-content\/uploads\/2017\/11\/DSC_0072-300x200.jpg\" alt=\"\" width=\"281\" height=\"187\" srcset=\"https:\/\/noticiasemdestaque.com\/cd\/wp-content\/uploads\/2017\/11\/DSC_0072-300x200.jpg 300w, https:\/\/noticiasemdestaque.com\/cd\/wp-content\/uploads\/2017\/11\/DSC_0072-768x511.jpg 768w, https:\/\/noticiasemdestaque.com\/cd\/wp-content\/uploads\/2017\/11\/DSC_0072.jpg 1024w, https:\/\/noticiasemdestaque.com\/cd\/wp-content\/uploads\/2017\/11\/DSC_0072-480x320.jpg 480w\" sizes=\"(max-width: 281px) 100vw, 281px\" \/><\/a>Dos \u00f3rg\u00e3os do Governo do Estado estiveram presentes: Ronaldo Menezes (Gerente regional da CAGEPA), Jo\u00e3o Vicente (Superintendente da SUDEMA), Jo\u00e3o Adelino (Gerente regional da AESA), Itaragil Marinho (Secretaria de Estado da infra-estrutura e recursos h\u00eddricos do meio ambiente e da ci\u00eancia e tecnologia) e Joseane Bezerra (Procase).<\/p>\n<p>Participaram ainda, os vereadores de Sum\u00e9: Antonio Carlos Sarmento, Br\u00edgida Xavier, Bonilson Timot\u00e9o, o secret\u00e1rio de Obras e Agricultura Isca Viana, que esteve representando o prefeito \u00c9den Duarte que se recupera de um procedimento cir\u00fargico. Do munic\u00edpio de Camala\u00fa participou a vereadora Aldenice Chaves.<\/p>\n<p>De acordo com a deputada Estela, durante a audi\u00eancia de Sum\u00e9 surgiram novos questionamentos, como a necessidade de investir em tecnologia de acompanhamento e assessoria t\u00e9cnica para os agricultores da regi\u00e3o:<\/p>\n<p>Ou\u00e7a a entrevista da 95.7- Rep\u00f3rter Rodolfo Silva<\/p>\n<p><iframe src=\"https:\/\/w.soundcloud.com\/player\/?url=https%3A\/\/api.soundcloud.com\/tracks\/357057455&amp;color=%23ff5500&amp;auto_play=false&amp;hide_related=false&amp;show_comments=true&amp;show_user=true&amp;show_reposts=false&amp;show_teaser=true\" width=\"100%\" height=\"166\" frameborder=\"no\" scrolling=\"no\"><\/iframe><\/p>\n<p>Depois de visitar o munic\u00edpio de Sum\u00e9, a deputada Estela Bezerra, estar\u00e1 realizando a audi\u00eancia na pr\u00f3xima quinta-feira (23\/11) \u00e0s 16h na C\u00e2mara de Vereadores de Monteiro.<\/p>\n<p>CONFIRA MAIS FOTOS: <a href=\"https:\/\/www.facebook.com\/1051584748308388\/photos\/?tab=album&amp;album_id=1167105103423018\"><strong>CLICK AQUI\u00a0<\/strong><\/a><\/p>\n<p><em><strong>Cariri em Destaque<\/strong><\/em><\/p>\n","protected":false},"excerpt":{"rendered":"<p>O Audit\u00f3rio do NEXT- N\u00facleo de Extens\u00e3o Cultural do CDSA em Sum\u00e9 ficou lotado na noite da desta quinta-feira (16\/11) durante a s\u00e9tima etapa do Circuito das \u00c1guas, uma s\u00e9rie de audi\u00eancias p\u00fablicas realizada pelo mandato da deputada estadual Estela Bezerra, que est\u00e1 percorrendo o Cariri paraibano com o objetivo de debater o uso consciente das \u00e1guas do projeto de Transposi\u00e7\u00e3o do Rio S\u00e3o Francisco. Na oportunidade, representantes do governo estadual, pequenos produtores locais, alunos e professores da UFCG-Sum\u00e9, sindicatos e MST (Movimento dos Trabalhadores Rurais Sem Terra), discutiram o acesso \u00e0 \u00e1gua para agricultura familiar. Dos \u00f3rg\u00e3os do Governo do Estado estiveram presentes: Ronaldo Menezes (Gerente regional da CAGEPA), Jo\u00e3o Vicente (Superintendente da SUDEMA), Jo\u00e3o Adelino (Gerente regional da AESA), Itaragil Marinho (Secretaria de Estado da infra-estrutura e recursos h\u00eddricos do meio ambiente e da ci\u00eancia e tecnologia) e Joseane Bezerra (Procase). Participaram ainda, os vereadores de Sum\u00e9: Antonio Carlos Sarmento, Br\u00edgida Xavier, Bonilson Timot\u00e9o, o secret\u00e1rio de Obras e Agricultura Isca Viana, que esteve representando o prefeito \u00c9den Duarte que se recupera de um procedimento cir\u00fargico. Do munic\u00edpio de Camala\u00fa participou a vereadora Aldenice Chaves. De acordo com a deputada Estela, durante a audi\u00eancia de Sum\u00e9 surgiram novos questionamentos, como a necessidade de investir em tecnologia de acompanhamento e assessoria t\u00e9cnica para os agricultores da regi\u00e3o: Ou\u00e7a a entrevista da 95.7- Rep\u00f3rter Rodolfo Silva Depois de visitar o munic\u00edpio de Sum\u00e9, a deputada Estela Bezerra, estar\u00e1 realizando a audi\u00eancia na pr\u00f3xima quinta-feira (23\/11) \u00e0s 16h na C\u00e2mara de Vereadores de Monteiro. CONFIRA MAIS FOTOS: CLICK AQUI\u00a0 Cariri em Destaque<\/p>\n","protected":false},"author":2,"featured_media":6095,"comment_status":"closed","ping_status":"open","sticky":false,"template":"","format":"standard","meta":{"_eb_attr":"","_jetpack_memberships_contains_paid_content":false,"footnotes":""},"categories":[4],"tags":[],"class_list":["post-6090","post","type-post","status-publish","format-standard","has-post-thumbnail","hentry","category-politica"],"yoast_head":"<!-- This site is optimized with the Yoast SEO plugin v26.5 - https:\/\/yoast.com\/wordpress\/plugins\/seo\/ -->\n<title>Deputada Estela Bezerra realiza em Sum\u00e9 mais uma edi\u00e7\u00e3o do Circuito das \u00c1guas - Not&iacute;cias em Destaque<\/title>\n<meta name=\"robots\" content=\"index, follow, max-snippet:-1, max-image-preview:large, max-video-preview:-1\" \/>\n<link rel=\"canonical\" href=\"https:\/\/noticiasemdestaque.com\/cd\/?p=6090\" \/>\n<meta property=\"og:locale\" content=\"pt_BR\" \/>\n<meta property=\"og:type\" content=\"article\" \/>\n<meta property=\"og:title\" content=\"Deputada Estela Bezerra realiza em Sum\u00e9 mais uma edi\u00e7\u00e3o do Circuito das \u00c1guas - Not&iacute;cias em Destaque\" \/>\n<meta property=\"og:description\" content=\"O Audit\u00f3rio do NEXT- N\u00facleo de Extens\u00e3o Cultural do CDSA em Sum\u00e9 ficou lotado na noite da desta quinta-feira (16\/11) durante a s\u00e9tima etapa do Circuito das \u00c1guas, uma s\u00e9rie de audi\u00eancias p\u00fablicas realizada pelo mandato da deputada estadual Estela Bezerra, que est\u00e1 percorrendo o Cariri paraibano com o objetivo de debater o uso consciente das \u00e1guas do projeto de Transposi\u00e7\u00e3o do Rio S\u00e3o Francisco. Na oportunidade, representantes do governo estadual, pequenos produtores locais, alunos e professores da UFCG-Sum\u00e9, sindicatos e MST (Movimento dos Trabalhadores Rurais Sem Terra), discutiram o acesso \u00e0 \u00e1gua para agricultura familiar. Dos \u00f3rg\u00e3os do Governo do Estado estiveram presentes: Ronaldo Menezes (Gerente regional da CAGEPA), Jo\u00e3o Vicente (Superintendente da SUDEMA), Jo\u00e3o Adelino (Gerente regional da AESA), Itaragil Marinho (Secretaria de Estado da infra-estrutura e recursos h\u00eddricos do meio ambiente e da ci\u00eancia e tecnologia) e Joseane Bezerra (Procase). Participaram ainda, os vereadores de Sum\u00e9: Antonio Carlos Sarmento, Br\u00edgida Xavier, Bonilson Timot\u00e9o, o secret\u00e1rio de Obras e Agricultura Isca Viana, que esteve representando o prefeito \u00c9den Duarte que se recupera de um procedimento cir\u00fargico. Do munic\u00edpio de Camala\u00fa participou a vereadora Aldenice Chaves. De acordo com a deputada Estela, durante a audi\u00eancia de Sum\u00e9 surgiram novos questionamentos, como a necessidade de investir em tecnologia de acompanhamento e assessoria t\u00e9cnica para os agricultores da regi\u00e3o: Ou\u00e7a a entrevista da 95.7- Rep\u00f3rter Rodolfo Silva Depois de visitar o munic\u00edpio de Sum\u00e9, a deputada Estela Bezerra, estar\u00e1 realizando a audi\u00eancia na pr\u00f3xima quinta-feira (23\/11) \u00e0s 16h na C\u00e2mara de Vereadores de Monteiro. CONFIRA MAIS FOTOS: CLICK AQUI\u00a0 Cariri em Destaque\" \/>\n<meta property=\"og:url\" content=\"https:\/\/noticiasemdestaque.com\/cd\/?p=6090\" \/>\n<meta property=\"og:site_name\" content=\"Not&iacute;cias em Destaque\" \/>\n<meta property=\"article:published_time\" content=\"2017-11-17T18:37:58+00:00\" \/>\n<meta property=\"article:modified_time\" content=\"2017-11-17T20:17:46+00:00\" \/>\n<meta property=\"og:image\" content=\"https:\/\/noticiasemdestaque.com\/cd\/wp-content\/uploads\/2017\/11\/DSC_0149.jpg\" \/>\n\t<meta property=\"og:image:width\" content=\"943\" \/>\n\t<meta property=\"og:image:height\" content=\"768\" \/>\n\t<meta property=\"og:image:type\" content=\"image\/jpeg\" \/>\n<meta name=\"author\" content=\"Not\u00edcias em Destaque\" \/>\n<meta name=\"twitter:card\" content=\"summary_large_image\" \/>\n<meta name=\"twitter:label1\" content=\"Escrito por\" \/>\n\t<meta name=\"twitter:data1\" content=\"Not\u00edcias em Destaque\" \/>\n\t<meta name=\"twitter:label2\" content=\"Est. tempo de leitura\" \/>\n\t<meta name=\"twitter:data2\" content=\"1 minuto\" \/>\n<script type=\"application\/ld+json\" class=\"yoast-schema-graph\">{\"@context\":\"https:\/\/schema.org\",\"@graph\":[{\"@type\":\"Article\",\"@id\":\"https:\/\/noticiasemdestaque.com\/cd\/?p=6090#article\",\"isPartOf\":{\"@id\":\"https:\/\/noticiasemdestaque.com\/cd\/?p=6090\"},\"author\":{\"name\":\"Not\u00edcias em Destaque\",\"@id\":\"https:\/\/noticiasemdestaque.com\/cd\/#\/schema\/person\/21320b03a7e8bb90128938dafc9b908a\"},\"headline\":\"Deputada Estela Bezerra realiza em Sum\u00e9 mais uma edi\u00e7\u00e3o do Circuito das \u00c1guas\",\"datePublished\":\"2017-11-17T18:37:58+00:00\",\"dateModified\":\"2017-11-17T20:17:46+00:00\",\"mainEntityOfPage\":{\"@id\":\"https:\/\/noticiasemdestaque.com\/cd\/?p=6090\"},\"wordCount\":300,\"publisher\":{\"@id\":\"https:\/\/noticiasemdestaque.com\/cd\/#organization\"},\"image\":{\"@id\":\"https:\/\/noticiasemdestaque.com\/cd\/?p=6090#primaryimage\"},\"thumbnailUrl\":\"https:\/\/noticiasemdestaque.com\/cd\/wp-content\/uploads\/2017\/11\/DSC_0149.jpg\",\"articleSection\":[\"Pol\u00edtica\"],\"inLanguage\":\"pt-BR\"},{\"@type\":\"WebPage\",\"@id\":\"https:\/\/noticiasemdestaque.com\/cd\/?p=6090\",\"url\":\"https:\/\/noticiasemdestaque.com\/cd\/?p=6090\",\"name\":\"Deputada Estela Bezerra realiza em Sum\u00e9 mais uma edi\u00e7\u00e3o do Circuito das \u00c1guas - Not&iacute;cias em Destaque\",\"isPartOf\":{\"@id\":\"https:\/\/noticiasemdestaque.com\/cd\/#website\"},\"primaryImageOfPage\":{\"@id\":\"https:\/\/noticiasemdestaque.com\/cd\/?p=6090#primaryimage\"},\"image\":{\"@id\":\"https:\/\/noticiasemdestaque.com\/cd\/?p=6090#primaryimage\"},\"thumbnailUrl\":\"https:\/\/noticiasemdestaque.com\/cd\/wp-content\/uploads\/2017\/11\/DSC_0149.jpg\",\"datePublished\":\"2017-11-17T18:37:58+00:00\",\"dateModified\":\"2017-11-17T20:17:46+00:00\",\"breadcrumb\":{\"@id\":\"https:\/\/noticiasemdestaque.com\/cd\/?p=6090#breadcrumb\"},\"inLanguage\":\"pt-BR\",\"potentialAction\":[{\"@type\":\"ReadAction\",\"target\":[\"https:\/\/noticiasemdestaque.com\/cd\/?p=6090\"]}]},{\"@type\":\"ImageObject\",\"inLanguage\":\"pt-BR\",\"@id\":\"https:\/\/noticiasemdestaque.com\/cd\/?p=6090#primaryimage\",\"url\":\"https:\/\/noticiasemdestaque.com\/cd\/wp-content\/uploads\/2017\/11\/DSC_0149.jpg\",\"contentUrl\":\"https:\/\/noticiasemdestaque.com\/cd\/wp-content\/uploads\/2017\/11\/DSC_0149.jpg\",\"width\":943,\"height\":768,\"caption\":\"????????????????????????????????????\"},{\"@type\":\"BreadcrumbList\",\"@id\":\"https:\/\/noticiasemdestaque.com\/cd\/?p=6090#breadcrumb\",\"itemListElement\":[{\"@type\":\"ListItem\",\"position\":1,\"name\":\"In\u00edcio\",\"item\":\"https:\/\/noticiasemdestaque.com\/cd\/\"},{\"@type\":\"ListItem\",\"position\":2,\"name\":\"Deputada Estela Bezerra realiza em Sum\u00e9 mais uma edi\u00e7\u00e3o do Circuito das \u00c1guas\"}]},{\"@type\":\"WebSite\",\"@id\":\"https:\/\/noticiasemdestaque.com\/cd\/#website\",\"url\":\"https:\/\/noticiasemdestaque.com\/cd\/\",\"name\":\"Not&iacute;cias em Destaque\",\"description\":\"\",\"publisher\":{\"@id\":\"https:\/\/noticiasemdestaque.com\/cd\/#organization\"},\"potentialAction\":[{\"@type\":\"SearchAction\",\"target\":{\"@type\":\"EntryPoint\",\"urlTemplate\":\"https:\/\/noticiasemdestaque.com\/cd\/?s={search_term_string}\"},\"query-input\":{\"@type\":\"PropertyValueSpecification\",\"valueRequired\":true,\"valueName\":\"search_term_string\"}}],\"inLanguage\":\"pt-BR\"},{\"@type\":\"Organization\",\"@id\":\"https:\/\/noticiasemdestaque.com\/cd\/#organization\",\"name\":\"Not\u00edcias em Destaque\",\"url\":\"https:\/\/noticiasemdestaque.com\/cd\/\",\"logo\":{\"@type\":\"ImageObject\",\"inLanguage\":\"pt-BR\",\"@id\":\"https:\/\/noticiasemdestaque.com\/cd\/#\/schema\/logo\/image\/\",\"url\":\"https:\/\/noticiasemdestaque.com\/cd\/wp-content\/uploads\/2022\/05\/imagem-base-noticiasemdestaque.png\",\"contentUrl\":\"https:\/\/noticiasemdestaque.com\/cd\/wp-content\/uploads\/2022\/05\/imagem-base-noticiasemdestaque.png\",\"width\":1200,\"height\":630,\"caption\":\"Not\u00edcias em Destaque\"},\"image\":{\"@id\":\"https:\/\/noticiasemdestaque.com\/cd\/#\/schema\/logo\/image\/\"}},{\"@type\":\"Person\",\"@id\":\"https:\/\/noticiasemdestaque.com\/cd\/#\/schema\/person\/21320b03a7e8bb90128938dafc9b908a\",\"name\":\"Not\u00edcias em Destaque\",\"url\":\"https:\/\/noticiasemdestaque.com\/cd\/?author=2\"}]}<\/script>\n<!-- \/ Yoast SEO plugin. -->","yoast_head_json":{"title":"Deputada Estela Bezerra realiza em Sum\u00e9 mais uma edi\u00e7\u00e3o do Circuito das \u00c1guas - Not&iacute;cias em Destaque","robots":{"index":"index","follow":"follow","max-snippet":"max-snippet:-1","max-image-preview":"max-image-preview:large","max-video-preview":"max-video-preview:-1"},"canonical":"https:\/\/noticiasemdestaque.com\/cd\/?p=6090","og_locale":"pt_BR","og_type":"article","og_title":"Deputada Estela Bezerra realiza em Sum\u00e9 mais uma edi\u00e7\u00e3o do Circuito das \u00c1guas - Not&iacute;cias em Destaque","og_description":"O Audit\u00f3rio do NEXT- N\u00facleo de Extens\u00e3o Cultural do CDSA em Sum\u00e9 ficou lotado na noite da desta quinta-feira (16\/11) durante a s\u00e9tima etapa do Circuito das \u00c1guas, uma s\u00e9rie de audi\u00eancias p\u00fablicas realizada pelo mandato da deputada estadual Estela Bezerra, que est\u00e1 percorrendo o Cariri paraibano com o objetivo de debater o uso consciente das \u00e1guas do projeto de Transposi\u00e7\u00e3o do Rio S\u00e3o Francisco. Na oportunidade, representantes do governo estadual, pequenos produtores locais, alunos e professores da UFCG-Sum\u00e9, sindicatos e MST (Movimento dos Trabalhadores Rurais Sem Terra), discutiram o acesso \u00e0 \u00e1gua para agricultura familiar. Dos \u00f3rg\u00e3os do Governo do Estado estiveram presentes: Ronaldo Menezes (Gerente regional da CAGEPA), Jo\u00e3o Vicente (Superintendente da SUDEMA), Jo\u00e3o Adelino (Gerente regional da AESA), Itaragil Marinho (Secretaria de Estado da infra-estrutura e recursos h\u00eddricos do meio ambiente e da ci\u00eancia e tecnologia) e Joseane Bezerra (Procase). Participaram ainda, os vereadores de Sum\u00e9: Antonio Carlos Sarmento, Br\u00edgida Xavier, Bonilson Timot\u00e9o, o secret\u00e1rio de Obras e Agricultura Isca Viana, que esteve representando o prefeito \u00c9den Duarte que se recupera de um procedimento cir\u00fargico. Do munic\u00edpio de Camala\u00fa participou a vereadora Aldenice Chaves. De acordo com a deputada Estela, durante a audi\u00eancia de Sum\u00e9 surgiram novos questionamentos, como a necessidade de investir em tecnologia de acompanhamento e assessoria t\u00e9cnica para os agricultores da regi\u00e3o: Ou\u00e7a a entrevista da 95.7- Rep\u00f3rter Rodolfo Silva Depois de visitar o munic\u00edpio de Sum\u00e9, a deputada Estela Bezerra, estar\u00e1 realizando a audi\u00eancia na pr\u00f3xima quinta-feira (23\/11) \u00e0s 16h na C\u00e2mara de Vereadores de Monteiro. CONFIRA MAIS FOTOS: CLICK AQUI\u00a0 Cariri em Destaque","og_url":"https:\/\/noticiasemdestaque.com\/cd\/?p=6090","og_site_name":"Not&iacute;cias em Destaque","article_published_time":"2017-11-17T18:37:58+00:00","article_modified_time":"2017-11-17T20:17:46+00:00","og_image":[{"width":943,"height":768,"url":"https:\/\/noticiasemdestaque.com\/cd\/wp-content\/uploads\/2017\/11\/DSC_0149.jpg","type":"image\/jpeg"}],"author":"Not\u00edcias em Destaque","twitter_card":"summary_large_image","twitter_misc":{"Escrito por":"Not\u00edcias em Destaque","Est. tempo de leitura":"1 minuto"},"schema":{"@context":"https:\/\/schema.org","@graph":[{"@type":"Article","@id":"https:\/\/noticiasemdestaque.com\/cd\/?p=6090#article","isPartOf":{"@id":"https:\/\/noticiasemdestaque.com\/cd\/?p=6090"},"author":{"name":"Not\u00edcias em Destaque","@id":"https:\/\/noticiasemdestaque.com\/cd\/#\/schema\/person\/21320b03a7e8bb90128938dafc9b908a"},"headline":"Deputada Estela Bezerra realiza em Sum\u00e9 mais uma edi\u00e7\u00e3o do Circuito das \u00c1guas","datePublished":"2017-11-17T18:37:58+00:00","dateModified":"2017-11-17T20:17:46+00:00","mainEntityOfPage":{"@id":"https:\/\/noticiasemdestaque.com\/cd\/?p=6090"},"wordCount":300,"publisher":{"@id":"https:\/\/noticiasemdestaque.com\/cd\/#organization"},"image":{"@id":"https:\/\/noticiasemdestaque.com\/cd\/?p=6090#primaryimage"},"thumbnailUrl":"https:\/\/noticiasemdestaque.com\/cd\/wp-content\/uploads\/2017\/11\/DSC_0149.jpg","articleSection":["Pol\u00edtica"],"inLanguage":"pt-BR"},{"@type":"WebPage","@id":"https:\/\/noticiasemdestaque.com\/cd\/?p=6090","url":"https:\/\/noticiasemdestaque.com\/cd\/?p=6090","name":"Deputada Estela Bezerra realiza em Sum\u00e9 mais uma edi\u00e7\u00e3o do Circuito das \u00c1guas - Not&iacute;cias em Destaque","isPartOf":{"@id":"https:\/\/noticiasemdestaque.com\/cd\/#website"},"primaryImageOfPage":{"@id":"https:\/\/noticiasemdestaque.com\/cd\/?p=6090#primaryimage"},"image":{"@id":"https:\/\/noticiasemdestaque.com\/cd\/?p=6090#primaryimage"},"thumbnailUrl":"https:\/\/noticiasemdestaque.com\/cd\/wp-content\/uploads\/2017\/11\/DSC_0149.jpg","datePublished":"2017-11-17T18:37:58+00:00","dateModified":"2017-11-17T20:17:46+00:00","breadcrumb":{"@id":"https:\/\/noticiasemdestaque.com\/cd\/?p=6090#breadcrumb"},"inLanguage":"pt-BR","potentialAction":[{"@type":"ReadAction","target":["https:\/\/noticiasemdestaque.com\/cd\/?p=6090"]}]},{"@type":"ImageObject","inLanguage":"pt-BR","@id":"https:\/\/noticiasemdestaque.com\/cd\/?p=6090#primaryimage","url":"https:\/\/noticiasemdestaque.com\/cd\/wp-content\/uploads\/2017\/11\/DSC_0149.jpg","contentUrl":"https:\/\/noticiasemdestaque.com\/cd\/wp-content\/uploads\/2017\/11\/DSC_0149.jpg","width":943,"height":768,"caption":"????????????????????????????????????"},{"@type":"BreadcrumbList","@id":"https:\/\/noticiasemdestaque.com\/cd\/?p=6090#breadcrumb","itemListElement":[{"@type":"ListItem","position":1,"name":"In\u00edcio","item":"https:\/\/noticiasemdestaque.com\/cd\/"},{"@type":"ListItem","position":2,"name":"Deputada Estela Bezerra realiza em Sum\u00e9 mais uma edi\u00e7\u00e3o do Circuito das \u00c1guas"}]},{"@type":"WebSite","@id":"https:\/\/noticiasemdestaque.com\/cd\/#website","url":"https:\/\/noticiasemdestaque.com\/cd\/","name":"Not&iacute;cias em Destaque","description":"","publisher":{"@id":"https:\/\/noticiasemdestaque.com\/cd\/#organization"},"potentialAction":[{"@type":"SearchAction","target":{"@type":"EntryPoint","urlTemplate":"https:\/\/noticiasemdestaque.com\/cd\/?s={search_term_string}"},"query-input":{"@type":"PropertyValueSpecification","valueRequired":true,"valueName":"search_term_string"}}],"inLanguage":"pt-BR"},{"@type":"Organization","@id":"https:\/\/noticiasemdestaque.com\/cd\/#organization","name":"Not\u00edcias em Destaque","url":"https:\/\/noticiasemdestaque.com\/cd\/","logo":{"@type":"ImageObject","inLanguage":"pt-BR","@id":"https:\/\/noticiasemdestaque.com\/cd\/#\/schema\/logo\/image\/","url":"https:\/\/noticiasemdestaque.com\/cd\/wp-content\/uploads\/2022\/05\/imagem-base-noticiasemdestaque.png","contentUrl":"https:\/\/noticiasemdestaque.com\/cd\/wp-content\/uploads\/2022\/05\/imagem-base-noticiasemdestaque.png","width":1200,"height":630,"caption":"Not\u00edcias em Destaque"},"image":{"@id":"https:\/\/noticiasemdestaque.com\/cd\/#\/schema\/logo\/image\/"}},{"@type":"Person","@id":"https:\/\/noticiasemdestaque.com\/cd\/#\/schema\/person\/21320b03a7e8bb90128938dafc9b908a","name":"Not\u00edcias em Destaque","url":"https:\/\/noticiasemdestaque.com\/cd\/?author=2"}]}},"jetpack_featured_media_url":"https:\/\/noticiasemdestaque.com\/cd\/wp-content\/uploads\/2017\/11\/DSC_0149.jpg","jetpack_sharing_enabled":true,"_links":{"self":[{"href":"https:\/\/noticiasemdestaque.com\/cd\/index.php?rest_route=\/wp\/v2\/posts\/6090","targetHints":{"allow":["GET"]}}],"collection":[{"href":"https:\/\/noticiasemdestaque.com\/cd\/index.php?rest_route=\/wp\/v2\/posts"}],"about":[{"href":"https:\/\/noticiasemdestaque.com\/cd\/index.php?rest_route=\/wp\/v2\/types\/post"}],"author":[{"embeddable":true,"href":"https:\/\/noticiasemdestaque.com\/cd\/index.php?rest_route=\/wp\/v2\/users\/2"}],"replies":[{"embeddable":true,"href":"https:\/\/noticiasemdestaque.com\/cd\/index.php?rest_route=%2Fwp%2Fv2%2Fcomments&post=6090"}],"version-history":[{"count":8,"href":"https:\/\/noticiasemdestaque.com\/cd\/index.php?rest_route=\/wp\/v2\/posts\/6090\/revisions"}],"predecessor-version":[{"id":6118,"href":"https:\/\/noticiasemdestaque.com\/cd\/index.php?rest_route=\/wp\/v2\/posts\/6090\/revisions\/6118"}],"wp:featuredmedia":[{"embeddable":true,"href":"https:\/\/noticiasemdestaque.com\/cd\/index.php?rest_route=\/wp\/v2\/media\/6095"}],"wp:attachment":[{"href":"https:\/\/noticiasemdestaque.com\/cd\/index.php?rest_route=%2Fwp%2Fv2%2Fmedia&parent=6090"}],"wp:term":[{"taxonomy":"category","embeddable":true,"href":"https:\/\/noticiasemdestaque.com\/cd\/index.php?rest_route=%2Fwp%2Fv2%2Fcategories&post=6090"},{"taxonomy":"post_tag","embeddable":true,"href":"https:\/\/noticiasemdestaque.com\/cd\/index.php?rest_route=%2Fwp%2Fv2%2Ftags&post=6090"}],"curies":[{"name":"wp","href":"https:\/\/api.w.org\/{rel}","templated":true}]}}