{"id":60863,"date":"2024-09-10T14:39:28","date_gmt":"2024-09-10T17:39:28","guid":{"rendered":"https:\/\/noticiasemdestaque.com\/cd\/?p=60863"},"modified":"2024-09-10T14:39:28","modified_gmt":"2024-09-10T17:39:28","slug":"curso-de-engenharia-de-biotecnologia-e-bioprocessos-do-cdsa-ufcg-marca-presenca-na-europa","status":"publish","type":"post","link":"https:\/\/noticiasemdestaque.com\/cd\/?p=60863","title":{"rendered":"Curso de Engenharia de Biotecnologia e Bioprocessos do CDSA\/UFCG marca presen\u00e7a na Europa"},"content":{"rendered":"<p style=\"text-align: center;\"><a href=\"https:\/\/noticiasemdestaque.com\/cd\/wp-content\/uploads\/2024\/09\/ANDREMARCO.png\"><img fetchpriority=\"high\" decoding=\"async\" class=\"alignnone  wp-image-60864\" src=\"https:\/\/noticiasemdestaque.com\/cd\/wp-content\/uploads\/2024\/09\/ANDREMARCO-300x225.png\" alt=\"\" width=\"363\" height=\"272\" srcset=\"https:\/\/noticiasemdestaque.com\/cd\/wp-content\/uploads\/2024\/09\/ANDREMARCO-300x225.png 300w, https:\/\/noticiasemdestaque.com\/cd\/wp-content\/uploads\/2024\/09\/ANDREMARCO-768x576.png 768w, https:\/\/noticiasemdestaque.com\/cd\/wp-content\/uploads\/2024\/09\/ANDREMARCO.png 800w\" sizes=\"(max-width: 363px) 100vw, 363px\" \/><\/a><\/p>\n<p>O Curso de Engenharia de Biotecnologia e Bioprocessos do Centro de Desenvolvimento Sustent\u00e1vel do Semi\u00e1rido CDSA\/UFCG celebra um marco importante com a participa\u00e7\u00e3o do estudante Andr\u00e9 de Souza no evento promovido pela FCT e CIIMAR, centro de investiga\u00e7\u00e3o financiado pelo Programa Horizon Europe.<\/p>\n<p>Andr\u00e9 de Souza, que atualmente est\u00e1 em Regime de Mobilidade Acad\u00eamica Internacional na Universidade do Porto, em Portugal, teve a oportunidade de integrar atividades e projetos de pesquisa de ponta por meio do Horizon Europe. Este programa \u00e9 reconhecido por seu apoio a projetos inovadores que buscam resolver grandes desafios globais, abrangendo \u00e1reas como sa\u00fade, meio ambiente, tecnologia e mais.<\/p>\n<p>Com essa participa\u00e7\u00e3o, o CDSA\/UFCG demonstra mais uma vez seu compromisso com a excel\u00eancia acad\u00eamica e a inser\u00e7\u00e3o de seus alunos em redes internacionais de pesquisa, fortalecendo o nome da institui\u00e7\u00e3o em todo o mundo.<\/p>\n<p>Noticias em destaque<\/p>\n","protected":false},"excerpt":{"rendered":"<p>O Curso de Engenharia de Biotecnologia e Bioprocessos do Centro de Desenvolvimento Sustent\u00e1vel do Semi\u00e1rido CDSA\/UFCG celebra um marco importante com a participa\u00e7\u00e3o do estudante Andr\u00e9 de Souza no evento promovido pela FCT e CIIMAR, centro de investiga\u00e7\u00e3o financiado pelo Programa Horizon Europe. Andr\u00e9 de Souza, que atualmente est\u00e1 em Regime de Mobilidade Acad\u00eamica Internacional na Universidade do Porto, em Portugal, teve a oportunidade de integrar atividades e projetos de pesquisa de ponta por meio do Horizon Europe. Este programa \u00e9 reconhecido por seu apoio a projetos inovadores que buscam resolver grandes desafios globais, abrangendo \u00e1reas como sa\u00fade, meio ambiente, tecnologia e mais. Com essa participa\u00e7\u00e3o, o CDSA\/UFCG demonstra mais uma vez seu compromisso com a excel\u00eancia acad\u00eamica e a inser\u00e7\u00e3o de seus alunos em redes internacionais de pesquisa, fortalecendo o nome da institui\u00e7\u00e3o em todo o mundo. Noticias em destaque<\/p>\n","protected":false},"author":2,"featured_media":60864,"comment_status":"closed","ping_status":"closed","sticky":false,"template":"","format":"standard","meta":{"_eb_attr":"","_jetpack_memberships_contains_paid_content":false,"footnotes":""},"categories":[6],"tags":[],"class_list":["post-60863","post","type-post","status-publish","format-standard","has-post-thumbnail","hentry","category-educacao"],"yoast_head":"<!-- This site is optimized with the Yoast SEO plugin v26.5 - https:\/\/yoast.com\/wordpress\/plugins\/seo\/ -->\n<title>Curso de Engenharia de Biotecnologia e Bioprocessos do CDSA\/UFCG marca presen\u00e7a na Europa - Not&iacute;cias em Destaque<\/title>\n<meta name=\"robots\" content=\"index, follow, max-snippet:-1, max-image-preview:large, max-video-preview:-1\" \/>\n<link rel=\"canonical\" href=\"https:\/\/noticiasemdestaque.com\/cd\/?p=60863\" \/>\n<meta property=\"og:locale\" content=\"pt_BR\" \/>\n<meta property=\"og:type\" content=\"article\" \/>\n<meta property=\"og:title\" content=\"Curso de Engenharia de Biotecnologia e Bioprocessos do CDSA\/UFCG marca presen\u00e7a na Europa - Not&iacute;cias em Destaque\" \/>\n<meta property=\"og:description\" content=\"O Curso de Engenharia de Biotecnologia e Bioprocessos do Centro de Desenvolvimento Sustent\u00e1vel do Semi\u00e1rido CDSA\/UFCG celebra um marco importante com a participa\u00e7\u00e3o do estudante Andr\u00e9 de Souza no evento promovido pela FCT e CIIMAR, centro de investiga\u00e7\u00e3o financiado pelo Programa Horizon Europe. Andr\u00e9 de Souza, que atualmente est\u00e1 em Regime de Mobilidade Acad\u00eamica Internacional na Universidade do Porto, em Portugal, teve a oportunidade de integrar atividades e projetos de pesquisa de ponta por meio do Horizon Europe. Este programa \u00e9 reconhecido por seu apoio a projetos inovadores que buscam resolver grandes desafios globais, abrangendo \u00e1reas como sa\u00fade, meio ambiente, tecnologia e mais. Com essa participa\u00e7\u00e3o, o CDSA\/UFCG demonstra mais uma vez seu compromisso com a excel\u00eancia acad\u00eamica e a inser\u00e7\u00e3o de seus alunos em redes internacionais de pesquisa, fortalecendo o nome da institui\u00e7\u00e3o em todo o mundo. Noticias em destaque\" \/>\n<meta property=\"og:url\" content=\"https:\/\/noticiasemdestaque.com\/cd\/?p=60863\" \/>\n<meta property=\"og:site_name\" content=\"Not&iacute;cias em Destaque\" \/>\n<meta property=\"article:published_time\" content=\"2024-09-10T17:39:28+00:00\" \/>\n<meta property=\"og:image\" content=\"https:\/\/noticiasemdestaque.com\/cd\/wp-content\/uploads\/2024\/09\/ANDREMARCO.png\" \/>\n\t<meta property=\"og:image:width\" content=\"800\" \/>\n\t<meta property=\"og:image:height\" content=\"600\" \/>\n\t<meta property=\"og:image:type\" content=\"image\/png\" \/>\n<meta name=\"author\" content=\"Not\u00edcias em Destaque\" \/>\n<meta name=\"twitter:card\" content=\"summary_large_image\" \/>\n<meta name=\"twitter:label1\" content=\"Escrito por\" \/>\n\t<meta name=\"twitter:data1\" content=\"Not\u00edcias em Destaque\" \/>\n\t<meta name=\"twitter:label2\" content=\"Est. tempo de leitura\" \/>\n\t<meta name=\"twitter:data2\" content=\"2 minutos\" \/>\n<script type=\"application\/ld+json\" class=\"yoast-schema-graph\">{\"@context\":\"https:\/\/schema.org\",\"@graph\":[{\"@type\":\"Article\",\"@id\":\"https:\/\/noticiasemdestaque.com\/cd\/?p=60863#article\",\"isPartOf\":{\"@id\":\"https:\/\/noticiasemdestaque.com\/cd\/?p=60863\"},\"author\":{\"name\":\"Not\u00edcias em Destaque\",\"@id\":\"https:\/\/noticiasemdestaque.com\/cd\/#\/schema\/person\/47f7d4f55eec17c6b2ca036c5500f6ce\"},\"headline\":\"Curso de Engenharia de Biotecnologia e Bioprocessos do CDSA\/UFCG marca presen\u00e7a na Europa\",\"datePublished\":\"2024-09-10T17:39:28+00:00\",\"mainEntityOfPage\":{\"@id\":\"https:\/\/noticiasemdestaque.com\/cd\/?p=60863\"},\"wordCount\":168,\"publisher\":{\"@id\":\"https:\/\/noticiasemdestaque.com\/cd\/#organization\"},\"image\":{\"@id\":\"https:\/\/noticiasemdestaque.com\/cd\/?p=60863#primaryimage\"},\"thumbnailUrl\":\"https:\/\/noticiasemdestaque.com\/cd\/wp-content\/uploads\/2024\/09\/ANDREMARCO.png\",\"articleSection\":[\"Educa\u00e7\u00e3o\"],\"inLanguage\":\"pt-BR\"},{\"@type\":\"WebPage\",\"@id\":\"https:\/\/noticiasemdestaque.com\/cd\/?p=60863\",\"url\":\"https:\/\/noticiasemdestaque.com\/cd\/?p=60863\",\"name\":\"Curso de Engenharia de Biotecnologia e Bioprocessos do CDSA\/UFCG marca presen\u00e7a na Europa - Not&iacute;cias em Destaque\",\"isPartOf\":{\"@id\":\"https:\/\/noticiasemdestaque.com\/cd\/#website\"},\"primaryImageOfPage\":{\"@id\":\"https:\/\/noticiasemdestaque.com\/cd\/?p=60863#primaryimage\"},\"image\":{\"@id\":\"https:\/\/noticiasemdestaque.com\/cd\/?p=60863#primaryimage\"},\"thumbnailUrl\":\"https:\/\/noticiasemdestaque.com\/cd\/wp-content\/uploads\/2024\/09\/ANDREMARCO.png\",\"datePublished\":\"2024-09-10T17:39:28+00:00\",\"breadcrumb\":{\"@id\":\"https:\/\/noticiasemdestaque.com\/cd\/?p=60863#breadcrumb\"},\"inLanguage\":\"pt-BR\",\"potentialAction\":[{\"@type\":\"ReadAction\",\"target\":[\"https:\/\/noticiasemdestaque.com\/cd\/?p=60863\"]}]},{\"@type\":\"ImageObject\",\"inLanguage\":\"pt-BR\",\"@id\":\"https:\/\/noticiasemdestaque.com\/cd\/?p=60863#primaryimage\",\"url\":\"https:\/\/noticiasemdestaque.com\/cd\/wp-content\/uploads\/2024\/09\/ANDREMARCO.png\",\"contentUrl\":\"https:\/\/noticiasemdestaque.com\/cd\/wp-content\/uploads\/2024\/09\/ANDREMARCO.png\",\"width\":800,\"height\":600},{\"@type\":\"BreadcrumbList\",\"@id\":\"https:\/\/noticiasemdestaque.com\/cd\/?p=60863#breadcrumb\",\"itemListElement\":[{\"@type\":\"ListItem\",\"position\":1,\"name\":\"In\u00edcio\",\"item\":\"https:\/\/noticiasemdestaque.com\/cd\/\"},{\"@type\":\"ListItem\",\"position\":2,\"name\":\"Curso de Engenharia de Biotecnologia e Bioprocessos do CDSA\/UFCG marca presen\u00e7a na Europa\"}]},{\"@type\":\"WebSite\",\"@id\":\"https:\/\/noticiasemdestaque.com\/cd\/#website\",\"url\":\"https:\/\/noticiasemdestaque.com\/cd\/\",\"name\":\"Not&iacute;cias em Destaque\",\"description\":\"\",\"publisher\":{\"@id\":\"https:\/\/noticiasemdestaque.com\/cd\/#organization\"},\"potentialAction\":[{\"@type\":\"SearchAction\",\"target\":{\"@type\":\"EntryPoint\",\"urlTemplate\":\"https:\/\/noticiasemdestaque.com\/cd\/?s={search_term_string}\"},\"query-input\":{\"@type\":\"PropertyValueSpecification\",\"valueRequired\":true,\"valueName\":\"search_term_string\"}}],\"inLanguage\":\"pt-BR\"},{\"@type\":\"Organization\",\"@id\":\"https:\/\/noticiasemdestaque.com\/cd\/#organization\",\"name\":\"Not\u00edcias em Destaque\",\"url\":\"https:\/\/noticiasemdestaque.com\/cd\/\",\"logo\":{\"@type\":\"ImageObject\",\"inLanguage\":\"pt-BR\",\"@id\":\"https:\/\/noticiasemdestaque.com\/cd\/#\/schema\/logo\/image\/\",\"url\":\"https:\/\/noticiasemdestaque.com\/cd\/wp-content\/uploads\/2022\/05\/imagem-base-noticiasemdestaque.png\",\"contentUrl\":\"https:\/\/noticiasemdestaque.com\/cd\/wp-content\/uploads\/2022\/05\/imagem-base-noticiasemdestaque.png\",\"width\":1200,\"height\":630,\"caption\":\"Not\u00edcias em Destaque\"},\"image\":{\"@id\":\"https:\/\/noticiasemdestaque.com\/cd\/#\/schema\/logo\/image\/\"}},{\"@type\":\"Person\",\"@id\":\"https:\/\/noticiasemdestaque.com\/cd\/#\/schema\/person\/47f7d4f55eec17c6b2ca036c5500f6ce\",\"name\":\"Not\u00edcias em Destaque\",\"url\":\"https:\/\/noticiasemdestaque.com\/cd\/?author=2\"}]}<\/script>\n<!-- \/ Yoast SEO plugin. -->","yoast_head_json":{"title":"Curso de Engenharia de Biotecnologia e Bioprocessos do CDSA\/UFCG marca presen\u00e7a na Europa - Not&iacute;cias em Destaque","robots":{"index":"index","follow":"follow","max-snippet":"max-snippet:-1","max-image-preview":"max-image-preview:large","max-video-preview":"max-video-preview:-1"},"canonical":"https:\/\/noticiasemdestaque.com\/cd\/?p=60863","og_locale":"pt_BR","og_type":"article","og_title":"Curso de Engenharia de Biotecnologia e Bioprocessos do CDSA\/UFCG marca presen\u00e7a na Europa - Not&iacute;cias em Destaque","og_description":"O Curso de Engenharia de Biotecnologia e Bioprocessos do Centro de Desenvolvimento Sustent\u00e1vel do Semi\u00e1rido CDSA\/UFCG celebra um marco importante com a participa\u00e7\u00e3o do estudante Andr\u00e9 de Souza no evento promovido pela FCT e CIIMAR, centro de investiga\u00e7\u00e3o financiado pelo Programa Horizon Europe. Andr\u00e9 de Souza, que atualmente est\u00e1 em Regime de Mobilidade Acad\u00eamica Internacional na Universidade do Porto, em Portugal, teve a oportunidade de integrar atividades e projetos de pesquisa de ponta por meio do Horizon Europe. Este programa \u00e9 reconhecido por seu apoio a projetos inovadores que buscam resolver grandes desafios globais, abrangendo \u00e1reas como sa\u00fade, meio ambiente, tecnologia e mais. Com essa participa\u00e7\u00e3o, o CDSA\/UFCG demonstra mais uma vez seu compromisso com a excel\u00eancia acad\u00eamica e a inser\u00e7\u00e3o de seus alunos em redes internacionais de pesquisa, fortalecendo o nome da institui\u00e7\u00e3o em todo o mundo. Noticias em destaque","og_url":"https:\/\/noticiasemdestaque.com\/cd\/?p=60863","og_site_name":"Not&iacute;cias em Destaque","article_published_time":"2024-09-10T17:39:28+00:00","og_image":[{"width":800,"height":600,"url":"https:\/\/noticiasemdestaque.com\/cd\/wp-content\/uploads\/2024\/09\/ANDREMARCO.png","type":"image\/png"}],"author":"Not\u00edcias em Destaque","twitter_card":"summary_large_image","twitter_misc":{"Escrito por":"Not\u00edcias em Destaque","Est. tempo de leitura":"2 minutos"},"schema":{"@context":"https:\/\/schema.org","@graph":[{"@type":"Article","@id":"https:\/\/noticiasemdestaque.com\/cd\/?p=60863#article","isPartOf":{"@id":"https:\/\/noticiasemdestaque.com\/cd\/?p=60863"},"author":{"name":"Not\u00edcias em Destaque","@id":"https:\/\/noticiasemdestaque.com\/cd\/#\/schema\/person\/47f7d4f55eec17c6b2ca036c5500f6ce"},"headline":"Curso de Engenharia de Biotecnologia e Bioprocessos do CDSA\/UFCG marca presen\u00e7a na Europa","datePublished":"2024-09-10T17:39:28+00:00","mainEntityOfPage":{"@id":"https:\/\/noticiasemdestaque.com\/cd\/?p=60863"},"wordCount":168,"publisher":{"@id":"https:\/\/noticiasemdestaque.com\/cd\/#organization"},"image":{"@id":"https:\/\/noticiasemdestaque.com\/cd\/?p=60863#primaryimage"},"thumbnailUrl":"https:\/\/noticiasemdestaque.com\/cd\/wp-content\/uploads\/2024\/09\/ANDREMARCO.png","articleSection":["Educa\u00e7\u00e3o"],"inLanguage":"pt-BR"},{"@type":"WebPage","@id":"https:\/\/noticiasemdestaque.com\/cd\/?p=60863","url":"https:\/\/noticiasemdestaque.com\/cd\/?p=60863","name":"Curso de Engenharia de Biotecnologia e Bioprocessos do CDSA\/UFCG marca presen\u00e7a na Europa - Not&iacute;cias em Destaque","isPartOf":{"@id":"https:\/\/noticiasemdestaque.com\/cd\/#website"},"primaryImageOfPage":{"@id":"https:\/\/noticiasemdestaque.com\/cd\/?p=60863#primaryimage"},"image":{"@id":"https:\/\/noticiasemdestaque.com\/cd\/?p=60863#primaryimage"},"thumbnailUrl":"https:\/\/noticiasemdestaque.com\/cd\/wp-content\/uploads\/2024\/09\/ANDREMARCO.png","datePublished":"2024-09-10T17:39:28+00:00","breadcrumb":{"@id":"https:\/\/noticiasemdestaque.com\/cd\/?p=60863#breadcrumb"},"inLanguage":"pt-BR","potentialAction":[{"@type":"ReadAction","target":["https:\/\/noticiasemdestaque.com\/cd\/?p=60863"]}]},{"@type":"ImageObject","inLanguage":"pt-BR","@id":"https:\/\/noticiasemdestaque.com\/cd\/?p=60863#primaryimage","url":"https:\/\/noticiasemdestaque.com\/cd\/wp-content\/uploads\/2024\/09\/ANDREMARCO.png","contentUrl":"https:\/\/noticiasemdestaque.com\/cd\/wp-content\/uploads\/2024\/09\/ANDREMARCO.png","width":800,"height":600},{"@type":"BreadcrumbList","@id":"https:\/\/noticiasemdestaque.com\/cd\/?p=60863#breadcrumb","itemListElement":[{"@type":"ListItem","position":1,"name":"In\u00edcio","item":"https:\/\/noticiasemdestaque.com\/cd\/"},{"@type":"ListItem","position":2,"name":"Curso de Engenharia de Biotecnologia e Bioprocessos do CDSA\/UFCG marca presen\u00e7a na Europa"}]},{"@type":"WebSite","@id":"https:\/\/noticiasemdestaque.com\/cd\/#website","url":"https:\/\/noticiasemdestaque.com\/cd\/","name":"Not&iacute;cias em Destaque","description":"","publisher":{"@id":"https:\/\/noticiasemdestaque.com\/cd\/#organization"},"potentialAction":[{"@type":"SearchAction","target":{"@type":"EntryPoint","urlTemplate":"https:\/\/noticiasemdestaque.com\/cd\/?s={search_term_string}"},"query-input":{"@type":"PropertyValueSpecification","valueRequired":true,"valueName":"search_term_string"}}],"inLanguage":"pt-BR"},{"@type":"Organization","@id":"https:\/\/noticiasemdestaque.com\/cd\/#organization","name":"Not\u00edcias em Destaque","url":"https:\/\/noticiasemdestaque.com\/cd\/","logo":{"@type":"ImageObject","inLanguage":"pt-BR","@id":"https:\/\/noticiasemdestaque.com\/cd\/#\/schema\/logo\/image\/","url":"https:\/\/noticiasemdestaque.com\/cd\/wp-content\/uploads\/2022\/05\/imagem-base-noticiasemdestaque.png","contentUrl":"https:\/\/noticiasemdestaque.com\/cd\/wp-content\/uploads\/2022\/05\/imagem-base-noticiasemdestaque.png","width":1200,"height":630,"caption":"Not\u00edcias em Destaque"},"image":{"@id":"https:\/\/noticiasemdestaque.com\/cd\/#\/schema\/logo\/image\/"}},{"@type":"Person","@id":"https:\/\/noticiasemdestaque.com\/cd\/#\/schema\/person\/47f7d4f55eec17c6b2ca036c5500f6ce","name":"Not\u00edcias em Destaque","url":"https:\/\/noticiasemdestaque.com\/cd\/?author=2"}]}},"jetpack_featured_media_url":"https:\/\/noticiasemdestaque.com\/cd\/wp-content\/uploads\/2024\/09\/ANDREMARCO.png","jetpack_sharing_enabled":true,"_links":{"self":[{"href":"https:\/\/noticiasemdestaque.com\/cd\/index.php?rest_route=\/wp\/v2\/posts\/60863","targetHints":{"allow":["GET"]}}],"collection":[{"href":"https:\/\/noticiasemdestaque.com\/cd\/index.php?rest_route=\/wp\/v2\/posts"}],"about":[{"href":"https:\/\/noticiasemdestaque.com\/cd\/index.php?rest_route=\/wp\/v2\/types\/post"}],"author":[{"embeddable":true,"href":"https:\/\/noticiasemdestaque.com\/cd\/index.php?rest_route=\/wp\/v2\/users\/2"}],"replies":[{"embeddable":true,"href":"https:\/\/noticiasemdestaque.com\/cd\/index.php?rest_route=%2Fwp%2Fv2%2Fcomments&post=60863"}],"version-history":[{"count":1,"href":"https:\/\/noticiasemdestaque.com\/cd\/index.php?rest_route=\/wp\/v2\/posts\/60863\/revisions"}],"predecessor-version":[{"id":60865,"href":"https:\/\/noticiasemdestaque.com\/cd\/index.php?rest_route=\/wp\/v2\/posts\/60863\/revisions\/60865"}],"wp:featuredmedia":[{"embeddable":true,"href":"https:\/\/noticiasemdestaque.com\/cd\/index.php?rest_route=\/wp\/v2\/media\/60864"}],"wp:attachment":[{"href":"https:\/\/noticiasemdestaque.com\/cd\/index.php?rest_route=%2Fwp%2Fv2%2Fmedia&parent=60863"}],"wp:term":[{"taxonomy":"category","embeddable":true,"href":"https:\/\/noticiasemdestaque.com\/cd\/index.php?rest_route=%2Fwp%2Fv2%2Fcategories&post=60863"},{"taxonomy":"post_tag","embeddable":true,"href":"https:\/\/noticiasemdestaque.com\/cd\/index.php?rest_route=%2Fwp%2Fv2%2Ftags&post=60863"}],"curies":[{"name":"wp","href":"https:\/\/api.w.org\/{rel}","templated":true}]}}