{"id":6086,"date":"2017-11-17T08:40:47","date_gmt":"2017-11-17T11:40:47","guid":{"rendered":"http:\/\/caririemdestaque.com\/cd\/?p=6086"},"modified":"2017-11-17T08:40:47","modified_gmt":"2017-11-17T11:40:47","slug":"abertas-inscricoes-para-servidores-de-escolas-cidadas-na-pb-uma-delas-localizada-em-serra-branca","status":"publish","type":"post","link":"https:\/\/noticiasemdestaque.com\/cd\/?p=6086","title":{"rendered":"Abertas inscri\u00e7\u00f5es para servidores de Escolas Cidad\u00e3s na PB; uma delas localizada em Serra Branca"},"content":{"rendered":"<div class=\"mc-column content-text active-extra-styles active-capital-letter\" data-block-type=\"unstyled\" data-block-weight=\"45\" data-block-id=\"1\">\n<p class=\"content-text__container theme-color-primary-first-letter\" data-track-category=\"Link no Texto\" data-track-links=\"\"><img decoding=\"async\" class=\"wp-image-2934 alignleft\" src=\"http:\/\/95fmsume.com.br\/95\/wp-content\/uploads\/2017\/11\/escola_cidada-300x225.jpg\" alt=\"\" width=\"213\" height=\"160\" \/>Est\u00e3o abertas at\u00e9 o dia 3 de dezembro as inscri\u00e7\u00f5es no processo seletivo simplificado para a composi\u00e7\u00e3o do banco de reserva t\u00e9cnica dos servidores da rede estadual de ensino da Para\u00edba que queiram atuar como professores, coordenadores pedag\u00f3gicos e coordenadores administrativo-financeiros nas Escolas Cidad\u00e3s Integrais.<\/p>\n<\/div>\n<div class=\"mc-column content-text active-extra-styles \" data-block-type=\"unstyled\" data-block-weight=\"12\" data-block-id=\"2\">\n<p class=\"content-text__container \" data-track-category=\"Link no Texto\" data-track-links=\"\"><strong><a href=\"https:\/\/sites.google.com\/view\/processoseletivoeci2018\/edital-232017?authuser=0\" target=\"_blank\" rel=\"noopener\">Confira o edital da sele\u00e7\u00e3o de servidores para as Escolas Cidad\u00e3s Integrais<\/a><\/strong><\/p>\n<\/div>\n<div class=\"mc-column content-text active-extra-styles \" data-block-type=\"unstyled\" data-block-weight=\"61\" data-block-id=\"3\">\n<p class=\"content-text__container \" data-track-category=\"Link no Texto\" data-track-links=\"\">O processo seletivo consiste nas etapas de prova, entrevista e an\u00e1lise curricular e o total de vagas n\u00e3o foi informado no edital. Os sal\u00e1rios v\u00e3o ser compostos pela bolsa escola cidad\u00e3 de R$ 1 mil somada ao vencimento, a gratifica\u00e7\u00e3o por hora-aula e a bolsa de desempenho profissional.\u00a0<a href=\"https:\/\/sites.google.com\/view\/processoseletivoeci2018\/p%C3%A1gina-inicial\" target=\"_blank\" rel=\"noopener\">As inscri\u00e7\u00f5es devem ser feitas de forma online, no site do processo seletivo.<\/a><\/p>\n<\/div>\n<div class=\"mc-column content-text active-extra-styles \" data-block-type=\"unstyled\" data-block-weight=\"51\" data-block-id=\"4\">\n<p class=\"content-text__container \" data-track-category=\"Link no Texto\" data-track-links=\"\">Para se candidatar na fun\u00e7\u00e3o de professor, \u00e9 necess\u00e1rio que o servidor tenha curso superior em licenciatura, gradua\u00e7\u00e3o plena com habilita\u00e7\u00e3o espec\u00edfica em \u00e1rea pr\u00f3pria ou forma\u00e7\u00e3o superior em \u00e1rea correspodente. Al\u00e9m disso, \u00e9 preciso j\u00e1 ser professor em exerc\u00edcio com atua\u00e7\u00e3o em sala de aula e lotado na rede estadual.<\/p>\n<\/div>\n<div class=\"mc-column content-text active-extra-styles \" data-block-type=\"unstyled\" data-block-weight=\"34\" data-block-id=\"5\">\n<p class=\"content-text__container \" data-track-category=\"Link no Texto\" data-track-links=\"\">A fun\u00e7\u00e3o de coordenador pedag\u00f3gico exige forma\u00e7\u00e3o em qualquer curso superior de licenciatura plena, que exer\u00e7a a fun\u00e7\u00e3o preferencial de professor da rede estadual e tenha experi\u00eancia m\u00ednima de seis meses na rede estadual.<\/p>\n<\/div>\n<div class=\"mc-column content-text active-extra-styles \" data-block-type=\"unstyled\" data-block-weight=\"51\" data-block-id=\"6\">\n<p class=\"content-text__container \" data-track-category=\"Link no Texto\" data-track-links=\"\">J\u00e1 o cargo de coordenador administrativo-financeiro exige forma\u00e7\u00e3o em curso superior de licenciatura plena ou bacharel em administra\u00e7\u00e3o, contabilidade, economia ou direito. Tamb\u00e9m \u00e9 preciso ter experi\u00eancia de seis meses na rede estadual de ensino e ser professor ou profissional em exerc\u00edcio no ensino estadual, atuando na \u00e1rea administrativa ou doc\u00eancia.<\/p>\n<\/div>\n<div class=\"mc-column content-text active-extra-styles \" data-block-type=\"unstyled\" data-block-weight=\"41\" data-block-id=\"7\">\n<p class=\"content-text__container \" data-track-category=\"Link no Texto\" data-track-links=\"\">Para todas as func\u00f5es, o servidor precisa aderir voluntariamente \u00e0 carga hor\u00e1ria multidisciplinar de 40 horas, com plena disponibilidade para Regime de Dedica\u00e7\u00e3o Docente Integral (RDDI), al\u00e9m de n\u00e3o ter sofrido penalidades por qualquer tipo de il\u00edcito nos \u00faltimos cinco anos.<\/p>\n<\/div>\n<div data-track-category=\"fim do conteudo\" data-track-action=\"ultimo chunk conteudo\" data-track-noninteraction=\"false\" data-track-scroll=\"entrada completa viewport\">\n<div class=\"mc-column content-text active-extra-styles \" data-block-type=\"unstyled\" data-block-weight=\"30\" data-block-id=\"8\">\n<p class=\"content-text__container \" data-track-category=\"Link no Texto\" data-track-links=\"\">\u00c9 vedada \u00e0 participa\u00e7\u00e3o do processo seletivo de servidores que est\u00e3o admitidos por meio da celebra\u00e7\u00e3o de contrato de emerg\u00eancia, para atua\u00e7\u00e3o como docente, em virtude do afastamento de professores.<\/p>\n<\/div>\n<\/div>\n","protected":false},"excerpt":{"rendered":"<p>Est\u00e3o abertas at\u00e9 o dia 3 de dezembro as inscri\u00e7\u00f5es no processo seletivo simplificado para a composi\u00e7\u00e3o do banco de reserva t\u00e9cnica dos servidores da rede estadual de ensino da Para\u00edba que queiram atuar como professores, coordenadores pedag\u00f3gicos e coordenadores administrativo-financeiros nas Escolas Cidad\u00e3s Integrais. Confira o edital da sele\u00e7\u00e3o de servidores para as Escolas Cidad\u00e3s Integrais O processo seletivo consiste nas etapas de prova, entrevista e an\u00e1lise curricular e o total de vagas n\u00e3o foi informado no edital. Os sal\u00e1rios v\u00e3o ser compostos pela bolsa escola cidad\u00e3 de R$ 1 mil somada ao vencimento, a gratifica\u00e7\u00e3o por hora-aula e a bolsa de desempenho profissional.\u00a0As inscri\u00e7\u00f5es devem ser feitas de forma online, no site do processo seletivo. Para se candidatar na fun\u00e7\u00e3o de professor, \u00e9 necess\u00e1rio que o servidor tenha curso superior em licenciatura, gradua\u00e7\u00e3o plena com habilita\u00e7\u00e3o espec\u00edfica em \u00e1rea pr\u00f3pria ou forma\u00e7\u00e3o superior em \u00e1rea correspodente. Al\u00e9m disso, \u00e9 preciso j\u00e1 ser professor em exerc\u00edcio com atua\u00e7\u00e3o em sala de aula e lotado na rede estadual. A fun\u00e7\u00e3o de coordenador pedag\u00f3gico exige forma\u00e7\u00e3o em qualquer curso superior de licenciatura plena, que exer\u00e7a a fun\u00e7\u00e3o preferencial de professor da rede estadual e tenha experi\u00eancia m\u00ednima de seis meses na rede estadual. J\u00e1 o cargo de coordenador administrativo-financeiro exige forma\u00e7\u00e3o em curso superior de licenciatura plena ou bacharel em administra\u00e7\u00e3o, contabilidade, economia ou direito. Tamb\u00e9m \u00e9 preciso ter experi\u00eancia de seis meses na rede estadual de ensino e ser professor ou profissional em exerc\u00edcio no ensino estadual, atuando na \u00e1rea administrativa ou doc\u00eancia. Para todas as func\u00f5es, o servidor precisa aderir voluntariamente \u00e0 carga hor\u00e1ria multidisciplinar de 40 horas, com plena disponibilidade para Regime de Dedica\u00e7\u00e3o Docente Integral (RDDI), al\u00e9m de n\u00e3o ter sofrido penalidades por qualquer tipo de il\u00edcito nos \u00faltimos cinco anos. \u00c9 vedada \u00e0 participa\u00e7\u00e3o do processo seletivo de servidores que est\u00e3o admitidos por meio da celebra\u00e7\u00e3o de contrato de emerg\u00eancia, para atua\u00e7\u00e3o como docente, em virtude do afastamento de professores.<\/p>\n","protected":false},"author":2,"featured_media":6087,"comment_status":"closed","ping_status":"open","sticky":false,"template":"","format":"standard","meta":{"_eb_attr":"","_jetpack_memberships_contains_paid_content":false,"footnotes":""},"categories":[6],"tags":[],"class_list":["post-6086","post","type-post","status-publish","format-standard","has-post-thumbnail","hentry","category-educacao"],"yoast_head":"<!-- This site is optimized with the Yoast SEO plugin v26.5 - https:\/\/yoast.com\/wordpress\/plugins\/seo\/ -->\n<title>Abertas inscri\u00e7\u00f5es para servidores de Escolas Cidad\u00e3s na PB; uma delas localizada em Serra Branca - Not&iacute;cias em Destaque<\/title>\n<meta name=\"robots\" content=\"index, follow, max-snippet:-1, max-image-preview:large, max-video-preview:-1\" \/>\n<link rel=\"canonical\" href=\"https:\/\/noticiasemdestaque.com\/cd\/?p=6086\" \/>\n<meta property=\"og:locale\" content=\"pt_BR\" \/>\n<meta property=\"og:type\" content=\"article\" \/>\n<meta property=\"og:title\" content=\"Abertas inscri\u00e7\u00f5es para servidores de Escolas Cidad\u00e3s na PB; uma delas localizada em Serra Branca - Not&iacute;cias em Destaque\" \/>\n<meta property=\"og:description\" content=\"Est\u00e3o abertas at\u00e9 o dia 3 de dezembro as inscri\u00e7\u00f5es no processo seletivo simplificado para a composi\u00e7\u00e3o do banco de reserva t\u00e9cnica dos servidores da rede estadual de ensino da Para\u00edba que queiram atuar como professores, coordenadores pedag\u00f3gicos e coordenadores administrativo-financeiros nas Escolas Cidad\u00e3s Integrais. Confira o edital da sele\u00e7\u00e3o de servidores para as Escolas Cidad\u00e3s Integrais O processo seletivo consiste nas etapas de prova, entrevista e an\u00e1lise curricular e o total de vagas n\u00e3o foi informado no edital. Os sal\u00e1rios v\u00e3o ser compostos pela bolsa escola cidad\u00e3 de R$ 1 mil somada ao vencimento, a gratifica\u00e7\u00e3o por hora-aula e a bolsa de desempenho profissional.\u00a0As inscri\u00e7\u00f5es devem ser feitas de forma online, no site do processo seletivo. Para se candidatar na fun\u00e7\u00e3o de professor, \u00e9 necess\u00e1rio que o servidor tenha curso superior em licenciatura, gradua\u00e7\u00e3o plena com habilita\u00e7\u00e3o espec\u00edfica em \u00e1rea pr\u00f3pria ou forma\u00e7\u00e3o superior em \u00e1rea correspodente. Al\u00e9m disso, \u00e9 preciso j\u00e1 ser professor em exerc\u00edcio com atua\u00e7\u00e3o em sala de aula e lotado na rede estadual. A fun\u00e7\u00e3o de coordenador pedag\u00f3gico exige forma\u00e7\u00e3o em qualquer curso superior de licenciatura plena, que exer\u00e7a a fun\u00e7\u00e3o preferencial de professor da rede estadual e tenha experi\u00eancia m\u00ednima de seis meses na rede estadual. J\u00e1 o cargo de coordenador administrativo-financeiro exige forma\u00e7\u00e3o em curso superior de licenciatura plena ou bacharel em administra\u00e7\u00e3o, contabilidade, economia ou direito. Tamb\u00e9m \u00e9 preciso ter experi\u00eancia de seis meses na rede estadual de ensino e ser professor ou profissional em exerc\u00edcio no ensino estadual, atuando na \u00e1rea administrativa ou doc\u00eancia. Para todas as func\u00f5es, o servidor precisa aderir voluntariamente \u00e0 carga hor\u00e1ria multidisciplinar de 40 horas, com plena disponibilidade para Regime de Dedica\u00e7\u00e3o Docente Integral (RDDI), al\u00e9m de n\u00e3o ter sofrido penalidades por qualquer tipo de il\u00edcito nos \u00faltimos cinco anos. \u00c9 vedada \u00e0 participa\u00e7\u00e3o do processo seletivo de servidores que est\u00e3o admitidos por meio da celebra\u00e7\u00e3o de contrato de emerg\u00eancia, para atua\u00e7\u00e3o como docente, em virtude do afastamento de professores.\" \/>\n<meta property=\"og:url\" content=\"https:\/\/noticiasemdestaque.com\/cd\/?p=6086\" \/>\n<meta property=\"og:site_name\" content=\"Not&iacute;cias em Destaque\" \/>\n<meta property=\"article:published_time\" content=\"2017-11-17T11:40:47+00:00\" \/>\n<meta property=\"og:image\" content=\"https:\/\/noticiasemdestaque.com\/cd\/wp-content\/uploads\/2017\/11\/escola_cidada.jpg\" \/>\n\t<meta property=\"og:image:width\" content=\"556\" \/>\n\t<meta property=\"og:image:height\" content=\"417\" \/>\n\t<meta property=\"og:image:type\" content=\"image\/jpeg\" \/>\n<meta name=\"author\" content=\"Not\u00edcias em Destaque\" \/>\n<meta name=\"twitter:card\" content=\"summary_large_image\" \/>\n<meta name=\"twitter:label1\" content=\"Escrito por\" \/>\n\t<meta name=\"twitter:data1\" content=\"Not\u00edcias em Destaque\" \/>\n\t<meta name=\"twitter:label2\" content=\"Est. tempo de leitura\" \/>\n\t<meta name=\"twitter:data2\" content=\"2 minutos\" \/>\n<script type=\"application\/ld+json\" class=\"yoast-schema-graph\">{\"@context\":\"https:\/\/schema.org\",\"@graph\":[{\"@type\":\"Article\",\"@id\":\"https:\/\/noticiasemdestaque.com\/cd\/?p=6086#article\",\"isPartOf\":{\"@id\":\"https:\/\/noticiasemdestaque.com\/cd\/?p=6086\"},\"author\":{\"name\":\"Not\u00edcias em Destaque\",\"@id\":\"https:\/\/noticiasemdestaque.com\/cd\/#\/schema\/person\/21320b03a7e8bb90128938dafc9b908a\"},\"headline\":\"Abertas inscri\u00e7\u00f5es para servidores de Escolas Cidad\u00e3s na PB; uma delas localizada em Serra Branca\",\"datePublished\":\"2017-11-17T11:40:47+00:00\",\"mainEntityOfPage\":{\"@id\":\"https:\/\/noticiasemdestaque.com\/cd\/?p=6086\"},\"wordCount\":382,\"publisher\":{\"@id\":\"https:\/\/noticiasemdestaque.com\/cd\/#organization\"},\"image\":{\"@id\":\"https:\/\/noticiasemdestaque.com\/cd\/?p=6086#primaryimage\"},\"thumbnailUrl\":\"https:\/\/noticiasemdestaque.com\/cd\/wp-content\/uploads\/2017\/11\/escola_cidada.jpg\",\"articleSection\":[\"Educa\u00e7\u00e3o\"],\"inLanguage\":\"pt-BR\"},{\"@type\":\"WebPage\",\"@id\":\"https:\/\/noticiasemdestaque.com\/cd\/?p=6086\",\"url\":\"https:\/\/noticiasemdestaque.com\/cd\/?p=6086\",\"name\":\"Abertas inscri\u00e7\u00f5es para servidores de Escolas Cidad\u00e3s na PB; uma delas localizada em Serra Branca - Not&iacute;cias em Destaque\",\"isPartOf\":{\"@id\":\"https:\/\/noticiasemdestaque.com\/cd\/#website\"},\"primaryImageOfPage\":{\"@id\":\"https:\/\/noticiasemdestaque.com\/cd\/?p=6086#primaryimage\"},\"image\":{\"@id\":\"https:\/\/noticiasemdestaque.com\/cd\/?p=6086#primaryimage\"},\"thumbnailUrl\":\"https:\/\/noticiasemdestaque.com\/cd\/wp-content\/uploads\/2017\/11\/escola_cidada.jpg\",\"datePublished\":\"2017-11-17T11:40:47+00:00\",\"breadcrumb\":{\"@id\":\"https:\/\/noticiasemdestaque.com\/cd\/?p=6086#breadcrumb\"},\"inLanguage\":\"pt-BR\",\"potentialAction\":[{\"@type\":\"ReadAction\",\"target\":[\"https:\/\/noticiasemdestaque.com\/cd\/?p=6086\"]}]},{\"@type\":\"ImageObject\",\"inLanguage\":\"pt-BR\",\"@id\":\"https:\/\/noticiasemdestaque.com\/cd\/?p=6086#primaryimage\",\"url\":\"https:\/\/noticiasemdestaque.com\/cd\/wp-content\/uploads\/2017\/11\/escola_cidada.jpg\",\"contentUrl\":\"https:\/\/noticiasemdestaque.com\/cd\/wp-content\/uploads\/2017\/11\/escola_cidada.jpg\",\"width\":556,\"height\":417},{\"@type\":\"BreadcrumbList\",\"@id\":\"https:\/\/noticiasemdestaque.com\/cd\/?p=6086#breadcrumb\",\"itemListElement\":[{\"@type\":\"ListItem\",\"position\":1,\"name\":\"In\u00edcio\",\"item\":\"https:\/\/noticiasemdestaque.com\/cd\/\"},{\"@type\":\"ListItem\",\"position\":2,\"name\":\"Abertas inscri\u00e7\u00f5es para servidores de Escolas Cidad\u00e3s na PB; uma delas localizada em Serra Branca\"}]},{\"@type\":\"WebSite\",\"@id\":\"https:\/\/noticiasemdestaque.com\/cd\/#website\",\"url\":\"https:\/\/noticiasemdestaque.com\/cd\/\",\"name\":\"Not&iacute;cias em Destaque\",\"description\":\"\",\"publisher\":{\"@id\":\"https:\/\/noticiasemdestaque.com\/cd\/#organization\"},\"potentialAction\":[{\"@type\":\"SearchAction\",\"target\":{\"@type\":\"EntryPoint\",\"urlTemplate\":\"https:\/\/noticiasemdestaque.com\/cd\/?s={search_term_string}\"},\"query-input\":{\"@type\":\"PropertyValueSpecification\",\"valueRequired\":true,\"valueName\":\"search_term_string\"}}],\"inLanguage\":\"pt-BR\"},{\"@type\":\"Organization\",\"@id\":\"https:\/\/noticiasemdestaque.com\/cd\/#organization\",\"name\":\"Not\u00edcias em Destaque\",\"url\":\"https:\/\/noticiasemdestaque.com\/cd\/\",\"logo\":{\"@type\":\"ImageObject\",\"inLanguage\":\"pt-BR\",\"@id\":\"https:\/\/noticiasemdestaque.com\/cd\/#\/schema\/logo\/image\/\",\"url\":\"https:\/\/noticiasemdestaque.com\/cd\/wp-content\/uploads\/2022\/05\/imagem-base-noticiasemdestaque.png\",\"contentUrl\":\"https:\/\/noticiasemdestaque.com\/cd\/wp-content\/uploads\/2022\/05\/imagem-base-noticiasemdestaque.png\",\"width\":1200,\"height\":630,\"caption\":\"Not\u00edcias em Destaque\"},\"image\":{\"@id\":\"https:\/\/noticiasemdestaque.com\/cd\/#\/schema\/logo\/image\/\"}},{\"@type\":\"Person\",\"@id\":\"https:\/\/noticiasemdestaque.com\/cd\/#\/schema\/person\/21320b03a7e8bb90128938dafc9b908a\",\"name\":\"Not\u00edcias em Destaque\",\"url\":\"https:\/\/noticiasemdestaque.com\/cd\/?author=2\"}]}<\/script>\n<!-- \/ Yoast SEO plugin. -->","yoast_head_json":{"title":"Abertas inscri\u00e7\u00f5es para servidores de Escolas Cidad\u00e3s na PB; uma delas localizada em Serra Branca - Not&iacute;cias em Destaque","robots":{"index":"index","follow":"follow","max-snippet":"max-snippet:-1","max-image-preview":"max-image-preview:large","max-video-preview":"max-video-preview:-1"},"canonical":"https:\/\/noticiasemdestaque.com\/cd\/?p=6086","og_locale":"pt_BR","og_type":"article","og_title":"Abertas inscri\u00e7\u00f5es para servidores de Escolas Cidad\u00e3s na PB; uma delas localizada em Serra Branca - Not&iacute;cias em Destaque","og_description":"Est\u00e3o abertas at\u00e9 o dia 3 de dezembro as inscri\u00e7\u00f5es no processo seletivo simplificado para a composi\u00e7\u00e3o do banco de reserva t\u00e9cnica dos servidores da rede estadual de ensino da Para\u00edba que queiram atuar como professores, coordenadores pedag\u00f3gicos e coordenadores administrativo-financeiros nas Escolas Cidad\u00e3s Integrais. Confira o edital da sele\u00e7\u00e3o de servidores para as Escolas Cidad\u00e3s Integrais O processo seletivo consiste nas etapas de prova, entrevista e an\u00e1lise curricular e o total de vagas n\u00e3o foi informado no edital. Os sal\u00e1rios v\u00e3o ser compostos pela bolsa escola cidad\u00e3 de R$ 1 mil somada ao vencimento, a gratifica\u00e7\u00e3o por hora-aula e a bolsa de desempenho profissional.\u00a0As inscri\u00e7\u00f5es devem ser feitas de forma online, no site do processo seletivo. Para se candidatar na fun\u00e7\u00e3o de professor, \u00e9 necess\u00e1rio que o servidor tenha curso superior em licenciatura, gradua\u00e7\u00e3o plena com habilita\u00e7\u00e3o espec\u00edfica em \u00e1rea pr\u00f3pria ou forma\u00e7\u00e3o superior em \u00e1rea correspodente. Al\u00e9m disso, \u00e9 preciso j\u00e1 ser professor em exerc\u00edcio com atua\u00e7\u00e3o em sala de aula e lotado na rede estadual. A fun\u00e7\u00e3o de coordenador pedag\u00f3gico exige forma\u00e7\u00e3o em qualquer curso superior de licenciatura plena, que exer\u00e7a a fun\u00e7\u00e3o preferencial de professor da rede estadual e tenha experi\u00eancia m\u00ednima de seis meses na rede estadual. J\u00e1 o cargo de coordenador administrativo-financeiro exige forma\u00e7\u00e3o em curso superior de licenciatura plena ou bacharel em administra\u00e7\u00e3o, contabilidade, economia ou direito. Tamb\u00e9m \u00e9 preciso ter experi\u00eancia de seis meses na rede estadual de ensino e ser professor ou profissional em exerc\u00edcio no ensino estadual, atuando na \u00e1rea administrativa ou doc\u00eancia. Para todas as func\u00f5es, o servidor precisa aderir voluntariamente \u00e0 carga hor\u00e1ria multidisciplinar de 40 horas, com plena disponibilidade para Regime de Dedica\u00e7\u00e3o Docente Integral (RDDI), al\u00e9m de n\u00e3o ter sofrido penalidades por qualquer tipo de il\u00edcito nos \u00faltimos cinco anos. \u00c9 vedada \u00e0 participa\u00e7\u00e3o do processo seletivo de servidores que est\u00e3o admitidos por meio da celebra\u00e7\u00e3o de contrato de emerg\u00eancia, para atua\u00e7\u00e3o como docente, em virtude do afastamento de professores.","og_url":"https:\/\/noticiasemdestaque.com\/cd\/?p=6086","og_site_name":"Not&iacute;cias em Destaque","article_published_time":"2017-11-17T11:40:47+00:00","og_image":[{"width":556,"height":417,"url":"https:\/\/noticiasemdestaque.com\/cd\/wp-content\/uploads\/2017\/11\/escola_cidada.jpg","type":"image\/jpeg"}],"author":"Not\u00edcias em Destaque","twitter_card":"summary_large_image","twitter_misc":{"Escrito por":"Not\u00edcias em Destaque","Est. tempo de leitura":"2 minutos"},"schema":{"@context":"https:\/\/schema.org","@graph":[{"@type":"Article","@id":"https:\/\/noticiasemdestaque.com\/cd\/?p=6086#article","isPartOf":{"@id":"https:\/\/noticiasemdestaque.com\/cd\/?p=6086"},"author":{"name":"Not\u00edcias em Destaque","@id":"https:\/\/noticiasemdestaque.com\/cd\/#\/schema\/person\/21320b03a7e8bb90128938dafc9b908a"},"headline":"Abertas inscri\u00e7\u00f5es para servidores de Escolas Cidad\u00e3s na PB; uma delas localizada em Serra Branca","datePublished":"2017-11-17T11:40:47+00:00","mainEntityOfPage":{"@id":"https:\/\/noticiasemdestaque.com\/cd\/?p=6086"},"wordCount":382,"publisher":{"@id":"https:\/\/noticiasemdestaque.com\/cd\/#organization"},"image":{"@id":"https:\/\/noticiasemdestaque.com\/cd\/?p=6086#primaryimage"},"thumbnailUrl":"https:\/\/noticiasemdestaque.com\/cd\/wp-content\/uploads\/2017\/11\/escola_cidada.jpg","articleSection":["Educa\u00e7\u00e3o"],"inLanguage":"pt-BR"},{"@type":"WebPage","@id":"https:\/\/noticiasemdestaque.com\/cd\/?p=6086","url":"https:\/\/noticiasemdestaque.com\/cd\/?p=6086","name":"Abertas inscri\u00e7\u00f5es para servidores de Escolas Cidad\u00e3s na PB; uma delas localizada em Serra Branca - Not&iacute;cias em Destaque","isPartOf":{"@id":"https:\/\/noticiasemdestaque.com\/cd\/#website"},"primaryImageOfPage":{"@id":"https:\/\/noticiasemdestaque.com\/cd\/?p=6086#primaryimage"},"image":{"@id":"https:\/\/noticiasemdestaque.com\/cd\/?p=6086#primaryimage"},"thumbnailUrl":"https:\/\/noticiasemdestaque.com\/cd\/wp-content\/uploads\/2017\/11\/escola_cidada.jpg","datePublished":"2017-11-17T11:40:47+00:00","breadcrumb":{"@id":"https:\/\/noticiasemdestaque.com\/cd\/?p=6086#breadcrumb"},"inLanguage":"pt-BR","potentialAction":[{"@type":"ReadAction","target":["https:\/\/noticiasemdestaque.com\/cd\/?p=6086"]}]},{"@type":"ImageObject","inLanguage":"pt-BR","@id":"https:\/\/noticiasemdestaque.com\/cd\/?p=6086#primaryimage","url":"https:\/\/noticiasemdestaque.com\/cd\/wp-content\/uploads\/2017\/11\/escola_cidada.jpg","contentUrl":"https:\/\/noticiasemdestaque.com\/cd\/wp-content\/uploads\/2017\/11\/escola_cidada.jpg","width":556,"height":417},{"@type":"BreadcrumbList","@id":"https:\/\/noticiasemdestaque.com\/cd\/?p=6086#breadcrumb","itemListElement":[{"@type":"ListItem","position":1,"name":"In\u00edcio","item":"https:\/\/noticiasemdestaque.com\/cd\/"},{"@type":"ListItem","position":2,"name":"Abertas inscri\u00e7\u00f5es para servidores de Escolas Cidad\u00e3s na PB; uma delas localizada em Serra Branca"}]},{"@type":"WebSite","@id":"https:\/\/noticiasemdestaque.com\/cd\/#website","url":"https:\/\/noticiasemdestaque.com\/cd\/","name":"Not&iacute;cias em Destaque","description":"","publisher":{"@id":"https:\/\/noticiasemdestaque.com\/cd\/#organization"},"potentialAction":[{"@type":"SearchAction","target":{"@type":"EntryPoint","urlTemplate":"https:\/\/noticiasemdestaque.com\/cd\/?s={search_term_string}"},"query-input":{"@type":"PropertyValueSpecification","valueRequired":true,"valueName":"search_term_string"}}],"inLanguage":"pt-BR"},{"@type":"Organization","@id":"https:\/\/noticiasemdestaque.com\/cd\/#organization","name":"Not\u00edcias em Destaque","url":"https:\/\/noticiasemdestaque.com\/cd\/","logo":{"@type":"ImageObject","inLanguage":"pt-BR","@id":"https:\/\/noticiasemdestaque.com\/cd\/#\/schema\/logo\/image\/","url":"https:\/\/noticiasemdestaque.com\/cd\/wp-content\/uploads\/2022\/05\/imagem-base-noticiasemdestaque.png","contentUrl":"https:\/\/noticiasemdestaque.com\/cd\/wp-content\/uploads\/2022\/05\/imagem-base-noticiasemdestaque.png","width":1200,"height":630,"caption":"Not\u00edcias em Destaque"},"image":{"@id":"https:\/\/noticiasemdestaque.com\/cd\/#\/schema\/logo\/image\/"}},{"@type":"Person","@id":"https:\/\/noticiasemdestaque.com\/cd\/#\/schema\/person\/21320b03a7e8bb90128938dafc9b908a","name":"Not\u00edcias em Destaque","url":"https:\/\/noticiasemdestaque.com\/cd\/?author=2"}]}},"jetpack_featured_media_url":"https:\/\/noticiasemdestaque.com\/cd\/wp-content\/uploads\/2017\/11\/escola_cidada.jpg","jetpack_sharing_enabled":true,"_links":{"self":[{"href":"https:\/\/noticiasemdestaque.com\/cd\/index.php?rest_route=\/wp\/v2\/posts\/6086","targetHints":{"allow":["GET"]}}],"collection":[{"href":"https:\/\/noticiasemdestaque.com\/cd\/index.php?rest_route=\/wp\/v2\/posts"}],"about":[{"href":"https:\/\/noticiasemdestaque.com\/cd\/index.php?rest_route=\/wp\/v2\/types\/post"}],"author":[{"embeddable":true,"href":"https:\/\/noticiasemdestaque.com\/cd\/index.php?rest_route=\/wp\/v2\/users\/2"}],"replies":[{"embeddable":true,"href":"https:\/\/noticiasemdestaque.com\/cd\/index.php?rest_route=%2Fwp%2Fv2%2Fcomments&post=6086"}],"version-history":[{"count":1,"href":"https:\/\/noticiasemdestaque.com\/cd\/index.php?rest_route=\/wp\/v2\/posts\/6086\/revisions"}],"predecessor-version":[{"id":6088,"href":"https:\/\/noticiasemdestaque.com\/cd\/index.php?rest_route=\/wp\/v2\/posts\/6086\/revisions\/6088"}],"wp:featuredmedia":[{"embeddable":true,"href":"https:\/\/noticiasemdestaque.com\/cd\/index.php?rest_route=\/wp\/v2\/media\/6087"}],"wp:attachment":[{"href":"https:\/\/noticiasemdestaque.com\/cd\/index.php?rest_route=%2Fwp%2Fv2%2Fmedia&parent=6086"}],"wp:term":[{"taxonomy":"category","embeddable":true,"href":"https:\/\/noticiasemdestaque.com\/cd\/index.php?rest_route=%2Fwp%2Fv2%2Fcategories&post=6086"},{"taxonomy":"post_tag","embeddable":true,"href":"https:\/\/noticiasemdestaque.com\/cd\/index.php?rest_route=%2Fwp%2Fv2%2Ftags&post=6086"}],"curies":[{"name":"wp","href":"https:\/\/api.w.org\/{rel}","templated":true}]}}