{"id":6080,"date":"2017-11-17T07:56:34","date_gmt":"2017-11-17T10:56:34","guid":{"rendered":"http:\/\/caririemdestaque.com\/cd\/?p=6080"},"modified":"2017-11-17T07:56:34","modified_gmt":"2017-11-17T10:56:34","slug":"ex-prefeito-de-princesa-isabel-pb-deve-r-136-milhao-ao-municipio-e-multa-diz-tce","status":"publish","type":"post","link":"https:\/\/noticiasemdestaque.com\/cd\/?p=6080","title":{"rendered":"Ex-prefeito de Princesa Isabel, PB, deve R$ 1,36 milh\u00e3o ao munic\u00edpio e multa, diz TCE"},"content":{"rendered":"<div class=\"mc-column content-text active-extra-styles active-capital-letter\" data-block-type=\"unstyled\" data-block-weight=\"52\" data-block-id=\"2\">\n<figure id=\"attachment_6081\" aria-describedby=\"caption-attachment-6081\" style=\"width: 215px\" class=\"wp-caption alignleft\"><a href=\"http:\/\/caririemdestaque.com\/cd\/wp-content\/uploads\/2017\/11\/tce.jpg\"><img decoding=\"async\" class=\"wp-image-6081 \" src=\"http:\/\/caririemdestaque.com\/cd\/wp-content\/uploads\/2017\/11\/tce-300x225.jpg\" alt=\"\" width=\"215\" height=\"161\" srcset=\"https:\/\/noticiasemdestaque.com\/cd\/wp-content\/uploads\/2017\/11\/tce-300x225.jpg 300w, https:\/\/noticiasemdestaque.com\/cd\/wp-content\/uploads\/2017\/11\/tce-200x150.jpg 200w, https:\/\/noticiasemdestaque.com\/cd\/wp-content\/uploads\/2017\/11\/tce.jpg 600w\" sizes=\"(max-width: 215px) 100vw, 215px\" \/><\/a><figcaption id=\"caption-attachment-6081\" class=\"wp-caption-text\">Tribunal de Contas do Estado da Para\u00edba imputou d\u00e9bito de R$ 1,36 milh\u00e3o ao ex-prefeito de Princesa Isabel (Foto: Kleide Teixeira\/Jornal da Para\u00edba\/Arquivo)<\/figcaption><\/figure>\n<p class=\"content-text__container theme-color-primary-first-letter\" data-track-category=\"Link no Texto\" data-track-links=\"\">Um ex-prefeito de Princesa Isabel, no Sert\u00e3o da Para\u00edba, Domingos S\u00e1vio Maximiano Roberto (PSB) deve R$ 1,36 milh\u00e3o aos cofres p\u00fablicos, segundo decis\u00e3o do Tribunal de Contas do Estado da Para\u00edba (TCE-PB) publicada nesta quinta-feira (16) no Di\u00e1rio Oficial do Estado. Uma multa pessoal de R$ 8.815,42 tamb\u00e9m foi aplicada ao ex-gestor.<\/p>\n<\/div>\n<div class=\"mc-column content-text active-extra-styles \" data-block-type=\"unstyled\" data-block-weight=\"40\" data-block-id=\"3\">\n<p class=\"content-text__container \" data-track-category=\"Link no Texto\" data-track-links=\"\">No documento \u00e9 dito que a d\u00edvida de R$ 1.367.657,45 \u00e9 referente \u00e0 aus\u00eancia de documentos comprobat\u00f3rios de despesas com loca\u00e7\u00e3o de ve\u00edculos (R$ 311.772,00) e disponibilidades financeiras n\u00e3o comprovadas (R$ 1.055.885,45), no exerc\u00edcio de 2013 do cargo de Domingos.<\/p>\n<\/div>\n<div class=\"mc-column content-text active-extra-styles \" data-block-type=\"unstyled\" data-block-weight=\"25\" data-block-id=\"4\">\n<p class=\"content-text__container \" data-track-category=\"Link no Texto\" data-track-links=\"\">A multa pessoal foi aplicada pelo descumprimento das formalidades de natureza cont\u00e1bil, financeira e or\u00e7ament\u00e1ria, bem como, por infra\u00e7\u00e3o \u00e0s normas legais, segundo o di\u00e1rio.<\/p>\n<\/div>\n<div class=\"mc-column content-text active-extra-styles \" data-block-type=\"unstyled\" data-block-weight=\"21\" data-block-id=\"5\">\n<p class=\"content-text__container \" data-track-category=\"Link no Texto\" data-track-links=\"\">Domingos S\u00e1vio tem 60 dias para a devolu\u00e7\u00e3o do valor \u00e0 Prefeitura Municipal de Princesa Isabel, sob pena de cobran\u00e7a executiva.<\/p>\n<\/div>\n<div class=\"mc-column content-text active-extra-styles\" data-block-type=\"raw\" data-block-weight=\"3\" data-block-id=\"6\">\n<div class=\"content-intertitle\">\n<h2>Olho no futuro<\/h2>\n<\/div>\n<\/div>\n<div class=\"mc-column content-text active-extra-styles \" data-block-type=\"unstyled\" data-block-weight=\"48\" data-block-id=\"7\">\n<p class=\"content-text__container \" data-track-category=\"Link no Texto\" data-track-links=\"\">Os conselheiros do tribunal determinaram que seja verificado, \u201cdurante o acompanhamento da gest\u00e3o, o quadro de pessoal do Munic\u00edpio, levando em considera\u00e7\u00e3o o pagamento das gratifica\u00e7\u00f5es de forma subjetiva, o n\u00famero excessivo de servidores para o cargo de Assessor de Gabinete e o limite dos gastos com pessoal\u201d.<\/p>\n<\/div>\n<div data-track-category=\"fim do conteudo\" data-track-action=\"ultimo chunk conteudo\" data-track-noninteraction=\"false\" data-track-scroll=\"entrada completa viewport\">\n<div class=\"mc-column content-text active-extra-styles \" data-block-type=\"unstyled\" data-block-weight=\"36\" data-block-id=\"8\">\n<p class=\"content-text__container \" data-track-category=\"Link no Texto\" data-track-links=\"\">Ainda foi recomendado \u00e0 Prefeitura Municipal Princesa Isabel aten\u00e7\u00e3o ao cumprimento da Constitui\u00e7\u00e3o Federal, das normas infraconstitucionais e ao que determina o TCE em suas decis\u00f5es, evitando a reincid\u00eancia das falhas constatadas no exerc\u00edcio em an\u00e1lise.<\/p>\n<\/div>\n<\/div>\n","protected":false},"excerpt":{"rendered":"<p>Um ex-prefeito de Princesa Isabel, no Sert\u00e3o da Para\u00edba, Domingos S\u00e1vio Maximiano Roberto (PSB) deve R$ 1,36 milh\u00e3o aos cofres p\u00fablicos, segundo decis\u00e3o do Tribunal de Contas do Estado da Para\u00edba (TCE-PB) publicada nesta quinta-feira (16) no Di\u00e1rio Oficial do Estado. Uma multa pessoal de R$ 8.815,42 tamb\u00e9m foi aplicada ao ex-gestor. No documento \u00e9 dito que a d\u00edvida de R$ 1.367.657,45 \u00e9 referente \u00e0 aus\u00eancia de documentos comprobat\u00f3rios de despesas com loca\u00e7\u00e3o de ve\u00edculos (R$ 311.772,00) e disponibilidades financeiras n\u00e3o comprovadas (R$ 1.055.885,45), no exerc\u00edcio de 2013 do cargo de Domingos. A multa pessoal foi aplicada pelo descumprimento das formalidades de natureza cont\u00e1bil, financeira e or\u00e7ament\u00e1ria, bem como, por infra\u00e7\u00e3o \u00e0s normas legais, segundo o di\u00e1rio. Domingos S\u00e1vio tem 60 dias para a devolu\u00e7\u00e3o do valor \u00e0 Prefeitura Municipal de Princesa Isabel, sob pena de cobran\u00e7a executiva. Olho no futuro Os conselheiros do tribunal determinaram que seja verificado, \u201cdurante o acompanhamento da gest\u00e3o, o quadro de pessoal do Munic\u00edpio, levando em considera\u00e7\u00e3o o pagamento das gratifica\u00e7\u00f5es de forma subjetiva, o n\u00famero excessivo de servidores para o cargo de Assessor de Gabinete e o limite dos gastos com pessoal\u201d. Ainda foi recomendado \u00e0 Prefeitura Municipal Princesa Isabel aten\u00e7\u00e3o ao cumprimento da Constitui\u00e7\u00e3o Federal, das normas infraconstitucionais e ao que determina o TCE em suas decis\u00f5es, evitando a reincid\u00eancia das falhas constatadas no exerc\u00edcio em an\u00e1lise.<\/p>\n","protected":false},"author":2,"featured_media":6081,"comment_status":"closed","ping_status":"open","sticky":false,"template":"","format":"standard","meta":{"_eb_attr":"","_jetpack_memberships_contains_paid_content":false,"footnotes":""},"categories":[4],"tags":[],"class_list":["post-6080","post","type-post","status-publish","format-standard","has-post-thumbnail","hentry","category-politica"],"yoast_head":"<!-- This site is optimized with the Yoast SEO plugin v26.5 - https:\/\/yoast.com\/wordpress\/plugins\/seo\/ -->\n<title>Ex-prefeito de Princesa Isabel, PB, deve R$ 1,36 milh\u00e3o ao munic\u00edpio e multa, diz TCE - Not&iacute;cias em Destaque<\/title>\n<meta name=\"robots\" content=\"index, follow, max-snippet:-1, max-image-preview:large, max-video-preview:-1\" \/>\n<link rel=\"canonical\" href=\"https:\/\/noticiasemdestaque.com\/cd\/?p=6080\" \/>\n<meta property=\"og:locale\" content=\"pt_BR\" \/>\n<meta property=\"og:type\" content=\"article\" \/>\n<meta property=\"og:title\" content=\"Ex-prefeito de Princesa Isabel, PB, deve R$ 1,36 milh\u00e3o ao munic\u00edpio e multa, diz TCE - Not&iacute;cias em Destaque\" \/>\n<meta property=\"og:description\" content=\"Um ex-prefeito de Princesa Isabel, no Sert\u00e3o da Para\u00edba, Domingos S\u00e1vio Maximiano Roberto (PSB) deve R$ 1,36 milh\u00e3o aos cofres p\u00fablicos, segundo decis\u00e3o do Tribunal de Contas do Estado da Para\u00edba (TCE-PB) publicada nesta quinta-feira (16) no Di\u00e1rio Oficial do Estado. Uma multa pessoal de R$ 8.815,42 tamb\u00e9m foi aplicada ao ex-gestor. No documento \u00e9 dito que a d\u00edvida de R$ 1.367.657,45 \u00e9 referente \u00e0 aus\u00eancia de documentos comprobat\u00f3rios de despesas com loca\u00e7\u00e3o de ve\u00edculos (R$ 311.772,00) e disponibilidades financeiras n\u00e3o comprovadas (R$ 1.055.885,45), no exerc\u00edcio de 2013 do cargo de Domingos. A multa pessoal foi aplicada pelo descumprimento das formalidades de natureza cont\u00e1bil, financeira e or\u00e7ament\u00e1ria, bem como, por infra\u00e7\u00e3o \u00e0s normas legais, segundo o di\u00e1rio. Domingos S\u00e1vio tem 60 dias para a devolu\u00e7\u00e3o do valor \u00e0 Prefeitura Municipal de Princesa Isabel, sob pena de cobran\u00e7a executiva. Olho no futuro Os conselheiros do tribunal determinaram que seja verificado, \u201cdurante o acompanhamento da gest\u00e3o, o quadro de pessoal do Munic\u00edpio, levando em considera\u00e7\u00e3o o pagamento das gratifica\u00e7\u00f5es de forma subjetiva, o n\u00famero excessivo de servidores para o cargo de Assessor de Gabinete e o limite dos gastos com pessoal\u201d. Ainda foi recomendado \u00e0 Prefeitura Municipal Princesa Isabel aten\u00e7\u00e3o ao cumprimento da Constitui\u00e7\u00e3o Federal, das normas infraconstitucionais e ao que determina o TCE em suas decis\u00f5es, evitando a reincid\u00eancia das falhas constatadas no exerc\u00edcio em an\u00e1lise.\" \/>\n<meta property=\"og:url\" content=\"https:\/\/noticiasemdestaque.com\/cd\/?p=6080\" \/>\n<meta property=\"og:site_name\" content=\"Not&iacute;cias em Destaque\" \/>\n<meta property=\"article:published_time\" content=\"2017-11-17T10:56:34+00:00\" \/>\n<meta property=\"og:image\" content=\"https:\/\/noticiasemdestaque.com\/cd\/wp-content\/uploads\/2017\/11\/tce.jpg\" \/>\n\t<meta property=\"og:image:width\" content=\"600\" \/>\n\t<meta property=\"og:image:height\" content=\"450\" \/>\n\t<meta property=\"og:image:type\" content=\"image\/jpeg\" \/>\n<meta name=\"author\" content=\"Not\u00edcias em Destaque\" \/>\n<meta name=\"twitter:card\" content=\"summary_large_image\" \/>\n<meta name=\"twitter:label1\" content=\"Escrito por\" \/>\n\t<meta name=\"twitter:data1\" content=\"Not\u00edcias em Destaque\" \/>\n\t<meta name=\"twitter:label2\" content=\"Est. tempo de leitura\" \/>\n\t<meta name=\"twitter:data2\" content=\"1 minuto\" \/>\n<script type=\"application\/ld+json\" class=\"yoast-schema-graph\">{\"@context\":\"https:\/\/schema.org\",\"@graph\":[{\"@type\":\"Article\",\"@id\":\"https:\/\/noticiasemdestaque.com\/cd\/?p=6080#article\",\"isPartOf\":{\"@id\":\"https:\/\/noticiasemdestaque.com\/cd\/?p=6080\"},\"author\":{\"name\":\"Not\u00edcias em Destaque\",\"@id\":\"https:\/\/noticiasemdestaque.com\/cd\/#\/schema\/person\/21320b03a7e8bb90128938dafc9b908a\"},\"headline\":\"Ex-prefeito de Princesa Isabel, PB, deve R$ 1,36 milh\u00e3o ao munic\u00edpio e multa, diz TCE\",\"datePublished\":\"2017-11-17T10:56:34+00:00\",\"mainEntityOfPage\":{\"@id\":\"https:\/\/noticiasemdestaque.com\/cd\/?p=6080\"},\"wordCount\":298,\"publisher\":{\"@id\":\"https:\/\/noticiasemdestaque.com\/cd\/#organization\"},\"image\":{\"@id\":\"https:\/\/noticiasemdestaque.com\/cd\/?p=6080#primaryimage\"},\"thumbnailUrl\":\"https:\/\/noticiasemdestaque.com\/cd\/wp-content\/uploads\/2017\/11\/tce.jpg\",\"articleSection\":[\"Pol\u00edtica\"],\"inLanguage\":\"pt-BR\"},{\"@type\":\"WebPage\",\"@id\":\"https:\/\/noticiasemdestaque.com\/cd\/?p=6080\",\"url\":\"https:\/\/noticiasemdestaque.com\/cd\/?p=6080\",\"name\":\"Ex-prefeito de Princesa Isabel, PB, deve R$ 1,36 milh\u00e3o ao munic\u00edpio e multa, diz TCE - Not&iacute;cias em Destaque\",\"isPartOf\":{\"@id\":\"https:\/\/noticiasemdestaque.com\/cd\/#website\"},\"primaryImageOfPage\":{\"@id\":\"https:\/\/noticiasemdestaque.com\/cd\/?p=6080#primaryimage\"},\"image\":{\"@id\":\"https:\/\/noticiasemdestaque.com\/cd\/?p=6080#primaryimage\"},\"thumbnailUrl\":\"https:\/\/noticiasemdestaque.com\/cd\/wp-content\/uploads\/2017\/11\/tce.jpg\",\"datePublished\":\"2017-11-17T10:56:34+00:00\",\"breadcrumb\":{\"@id\":\"https:\/\/noticiasemdestaque.com\/cd\/?p=6080#breadcrumb\"},\"inLanguage\":\"pt-BR\",\"potentialAction\":[{\"@type\":\"ReadAction\",\"target\":[\"https:\/\/noticiasemdestaque.com\/cd\/?p=6080\"]}]},{\"@type\":\"ImageObject\",\"inLanguage\":\"pt-BR\",\"@id\":\"https:\/\/noticiasemdestaque.com\/cd\/?p=6080#primaryimage\",\"url\":\"https:\/\/noticiasemdestaque.com\/cd\/wp-content\/uploads\/2017\/11\/tce.jpg\",\"contentUrl\":\"https:\/\/noticiasemdestaque.com\/cd\/wp-content\/uploads\/2017\/11\/tce.jpg\",\"width\":600,\"height\":450},{\"@type\":\"BreadcrumbList\",\"@id\":\"https:\/\/noticiasemdestaque.com\/cd\/?p=6080#breadcrumb\",\"itemListElement\":[{\"@type\":\"ListItem\",\"position\":1,\"name\":\"In\u00edcio\",\"item\":\"https:\/\/noticiasemdestaque.com\/cd\/\"},{\"@type\":\"ListItem\",\"position\":2,\"name\":\"Ex-prefeito de Princesa Isabel, PB, deve R$ 1,36 milh\u00e3o ao munic\u00edpio e multa, diz TCE\"}]},{\"@type\":\"WebSite\",\"@id\":\"https:\/\/noticiasemdestaque.com\/cd\/#website\",\"url\":\"https:\/\/noticiasemdestaque.com\/cd\/\",\"name\":\"Not&iacute;cias em Destaque\",\"description\":\"\",\"publisher\":{\"@id\":\"https:\/\/noticiasemdestaque.com\/cd\/#organization\"},\"potentialAction\":[{\"@type\":\"SearchAction\",\"target\":{\"@type\":\"EntryPoint\",\"urlTemplate\":\"https:\/\/noticiasemdestaque.com\/cd\/?s={search_term_string}\"},\"query-input\":{\"@type\":\"PropertyValueSpecification\",\"valueRequired\":true,\"valueName\":\"search_term_string\"}}],\"inLanguage\":\"pt-BR\"},{\"@type\":\"Organization\",\"@id\":\"https:\/\/noticiasemdestaque.com\/cd\/#organization\",\"name\":\"Not\u00edcias em Destaque\",\"url\":\"https:\/\/noticiasemdestaque.com\/cd\/\",\"logo\":{\"@type\":\"ImageObject\",\"inLanguage\":\"pt-BR\",\"@id\":\"https:\/\/noticiasemdestaque.com\/cd\/#\/schema\/logo\/image\/\",\"url\":\"https:\/\/noticiasemdestaque.com\/cd\/wp-content\/uploads\/2022\/05\/imagem-base-noticiasemdestaque.png\",\"contentUrl\":\"https:\/\/noticiasemdestaque.com\/cd\/wp-content\/uploads\/2022\/05\/imagem-base-noticiasemdestaque.png\",\"width\":1200,\"height\":630,\"caption\":\"Not\u00edcias em Destaque\"},\"image\":{\"@id\":\"https:\/\/noticiasemdestaque.com\/cd\/#\/schema\/logo\/image\/\"}},{\"@type\":\"Person\",\"@id\":\"https:\/\/noticiasemdestaque.com\/cd\/#\/schema\/person\/21320b03a7e8bb90128938dafc9b908a\",\"name\":\"Not\u00edcias em Destaque\",\"url\":\"https:\/\/noticiasemdestaque.com\/cd\/?author=2\"}]}<\/script>\n<!-- \/ Yoast SEO plugin. -->","yoast_head_json":{"title":"Ex-prefeito de Princesa Isabel, PB, deve R$ 1,36 milh\u00e3o ao munic\u00edpio e multa, diz TCE - Not&iacute;cias em Destaque","robots":{"index":"index","follow":"follow","max-snippet":"max-snippet:-1","max-image-preview":"max-image-preview:large","max-video-preview":"max-video-preview:-1"},"canonical":"https:\/\/noticiasemdestaque.com\/cd\/?p=6080","og_locale":"pt_BR","og_type":"article","og_title":"Ex-prefeito de Princesa Isabel, PB, deve R$ 1,36 milh\u00e3o ao munic\u00edpio e multa, diz TCE - Not&iacute;cias em Destaque","og_description":"Um ex-prefeito de Princesa Isabel, no Sert\u00e3o da Para\u00edba, Domingos S\u00e1vio Maximiano Roberto (PSB) deve R$ 1,36 milh\u00e3o aos cofres p\u00fablicos, segundo decis\u00e3o do Tribunal de Contas do Estado da Para\u00edba (TCE-PB) publicada nesta quinta-feira (16) no Di\u00e1rio Oficial do Estado. Uma multa pessoal de R$ 8.815,42 tamb\u00e9m foi aplicada ao ex-gestor. No documento \u00e9 dito que a d\u00edvida de R$ 1.367.657,45 \u00e9 referente \u00e0 aus\u00eancia de documentos comprobat\u00f3rios de despesas com loca\u00e7\u00e3o de ve\u00edculos (R$ 311.772,00) e disponibilidades financeiras n\u00e3o comprovadas (R$ 1.055.885,45), no exerc\u00edcio de 2013 do cargo de Domingos. A multa pessoal foi aplicada pelo descumprimento das formalidades de natureza cont\u00e1bil, financeira e or\u00e7ament\u00e1ria, bem como, por infra\u00e7\u00e3o \u00e0s normas legais, segundo o di\u00e1rio. Domingos S\u00e1vio tem 60 dias para a devolu\u00e7\u00e3o do valor \u00e0 Prefeitura Municipal de Princesa Isabel, sob pena de cobran\u00e7a executiva. Olho no futuro Os conselheiros do tribunal determinaram que seja verificado, \u201cdurante o acompanhamento da gest\u00e3o, o quadro de pessoal do Munic\u00edpio, levando em considera\u00e7\u00e3o o pagamento das gratifica\u00e7\u00f5es de forma subjetiva, o n\u00famero excessivo de servidores para o cargo de Assessor de Gabinete e o limite dos gastos com pessoal\u201d. Ainda foi recomendado \u00e0 Prefeitura Municipal Princesa Isabel aten\u00e7\u00e3o ao cumprimento da Constitui\u00e7\u00e3o Federal, das normas infraconstitucionais e ao que determina o TCE em suas decis\u00f5es, evitando a reincid\u00eancia das falhas constatadas no exerc\u00edcio em an\u00e1lise.","og_url":"https:\/\/noticiasemdestaque.com\/cd\/?p=6080","og_site_name":"Not&iacute;cias em Destaque","article_published_time":"2017-11-17T10:56:34+00:00","og_image":[{"width":600,"height":450,"url":"https:\/\/noticiasemdestaque.com\/cd\/wp-content\/uploads\/2017\/11\/tce.jpg","type":"image\/jpeg"}],"author":"Not\u00edcias em Destaque","twitter_card":"summary_large_image","twitter_misc":{"Escrito por":"Not\u00edcias em Destaque","Est. tempo de leitura":"1 minuto"},"schema":{"@context":"https:\/\/schema.org","@graph":[{"@type":"Article","@id":"https:\/\/noticiasemdestaque.com\/cd\/?p=6080#article","isPartOf":{"@id":"https:\/\/noticiasemdestaque.com\/cd\/?p=6080"},"author":{"name":"Not\u00edcias em Destaque","@id":"https:\/\/noticiasemdestaque.com\/cd\/#\/schema\/person\/21320b03a7e8bb90128938dafc9b908a"},"headline":"Ex-prefeito de Princesa Isabel, PB, deve R$ 1,36 milh\u00e3o ao munic\u00edpio e multa, diz TCE","datePublished":"2017-11-17T10:56:34+00:00","mainEntityOfPage":{"@id":"https:\/\/noticiasemdestaque.com\/cd\/?p=6080"},"wordCount":298,"publisher":{"@id":"https:\/\/noticiasemdestaque.com\/cd\/#organization"},"image":{"@id":"https:\/\/noticiasemdestaque.com\/cd\/?p=6080#primaryimage"},"thumbnailUrl":"https:\/\/noticiasemdestaque.com\/cd\/wp-content\/uploads\/2017\/11\/tce.jpg","articleSection":["Pol\u00edtica"],"inLanguage":"pt-BR"},{"@type":"WebPage","@id":"https:\/\/noticiasemdestaque.com\/cd\/?p=6080","url":"https:\/\/noticiasemdestaque.com\/cd\/?p=6080","name":"Ex-prefeito de Princesa Isabel, PB, deve R$ 1,36 milh\u00e3o ao munic\u00edpio e multa, diz TCE - Not&iacute;cias em Destaque","isPartOf":{"@id":"https:\/\/noticiasemdestaque.com\/cd\/#website"},"primaryImageOfPage":{"@id":"https:\/\/noticiasemdestaque.com\/cd\/?p=6080#primaryimage"},"image":{"@id":"https:\/\/noticiasemdestaque.com\/cd\/?p=6080#primaryimage"},"thumbnailUrl":"https:\/\/noticiasemdestaque.com\/cd\/wp-content\/uploads\/2017\/11\/tce.jpg","datePublished":"2017-11-17T10:56:34+00:00","breadcrumb":{"@id":"https:\/\/noticiasemdestaque.com\/cd\/?p=6080#breadcrumb"},"inLanguage":"pt-BR","potentialAction":[{"@type":"ReadAction","target":["https:\/\/noticiasemdestaque.com\/cd\/?p=6080"]}]},{"@type":"ImageObject","inLanguage":"pt-BR","@id":"https:\/\/noticiasemdestaque.com\/cd\/?p=6080#primaryimage","url":"https:\/\/noticiasemdestaque.com\/cd\/wp-content\/uploads\/2017\/11\/tce.jpg","contentUrl":"https:\/\/noticiasemdestaque.com\/cd\/wp-content\/uploads\/2017\/11\/tce.jpg","width":600,"height":450},{"@type":"BreadcrumbList","@id":"https:\/\/noticiasemdestaque.com\/cd\/?p=6080#breadcrumb","itemListElement":[{"@type":"ListItem","position":1,"name":"In\u00edcio","item":"https:\/\/noticiasemdestaque.com\/cd\/"},{"@type":"ListItem","position":2,"name":"Ex-prefeito de Princesa Isabel, PB, deve R$ 1,36 milh\u00e3o ao munic\u00edpio e multa, diz TCE"}]},{"@type":"WebSite","@id":"https:\/\/noticiasemdestaque.com\/cd\/#website","url":"https:\/\/noticiasemdestaque.com\/cd\/","name":"Not&iacute;cias em Destaque","description":"","publisher":{"@id":"https:\/\/noticiasemdestaque.com\/cd\/#organization"},"potentialAction":[{"@type":"SearchAction","target":{"@type":"EntryPoint","urlTemplate":"https:\/\/noticiasemdestaque.com\/cd\/?s={search_term_string}"},"query-input":{"@type":"PropertyValueSpecification","valueRequired":true,"valueName":"search_term_string"}}],"inLanguage":"pt-BR"},{"@type":"Organization","@id":"https:\/\/noticiasemdestaque.com\/cd\/#organization","name":"Not\u00edcias em Destaque","url":"https:\/\/noticiasemdestaque.com\/cd\/","logo":{"@type":"ImageObject","inLanguage":"pt-BR","@id":"https:\/\/noticiasemdestaque.com\/cd\/#\/schema\/logo\/image\/","url":"https:\/\/noticiasemdestaque.com\/cd\/wp-content\/uploads\/2022\/05\/imagem-base-noticiasemdestaque.png","contentUrl":"https:\/\/noticiasemdestaque.com\/cd\/wp-content\/uploads\/2022\/05\/imagem-base-noticiasemdestaque.png","width":1200,"height":630,"caption":"Not\u00edcias em Destaque"},"image":{"@id":"https:\/\/noticiasemdestaque.com\/cd\/#\/schema\/logo\/image\/"}},{"@type":"Person","@id":"https:\/\/noticiasemdestaque.com\/cd\/#\/schema\/person\/21320b03a7e8bb90128938dafc9b908a","name":"Not\u00edcias em Destaque","url":"https:\/\/noticiasemdestaque.com\/cd\/?author=2"}]}},"jetpack_featured_media_url":"https:\/\/noticiasemdestaque.com\/cd\/wp-content\/uploads\/2017\/11\/tce.jpg","jetpack_sharing_enabled":true,"_links":{"self":[{"href":"https:\/\/noticiasemdestaque.com\/cd\/index.php?rest_route=\/wp\/v2\/posts\/6080","targetHints":{"allow":["GET"]}}],"collection":[{"href":"https:\/\/noticiasemdestaque.com\/cd\/index.php?rest_route=\/wp\/v2\/posts"}],"about":[{"href":"https:\/\/noticiasemdestaque.com\/cd\/index.php?rest_route=\/wp\/v2\/types\/post"}],"author":[{"embeddable":true,"href":"https:\/\/noticiasemdestaque.com\/cd\/index.php?rest_route=\/wp\/v2\/users\/2"}],"replies":[{"embeddable":true,"href":"https:\/\/noticiasemdestaque.com\/cd\/index.php?rest_route=%2Fwp%2Fv2%2Fcomments&post=6080"}],"version-history":[{"count":1,"href":"https:\/\/noticiasemdestaque.com\/cd\/index.php?rest_route=\/wp\/v2\/posts\/6080\/revisions"}],"predecessor-version":[{"id":6082,"href":"https:\/\/noticiasemdestaque.com\/cd\/index.php?rest_route=\/wp\/v2\/posts\/6080\/revisions\/6082"}],"wp:featuredmedia":[{"embeddable":true,"href":"https:\/\/noticiasemdestaque.com\/cd\/index.php?rest_route=\/wp\/v2\/media\/6081"}],"wp:attachment":[{"href":"https:\/\/noticiasemdestaque.com\/cd\/index.php?rest_route=%2Fwp%2Fv2%2Fmedia&parent=6080"}],"wp:term":[{"taxonomy":"category","embeddable":true,"href":"https:\/\/noticiasemdestaque.com\/cd\/index.php?rest_route=%2Fwp%2Fv2%2Fcategories&post=6080"},{"taxonomy":"post_tag","embeddable":true,"href":"https:\/\/noticiasemdestaque.com\/cd\/index.php?rest_route=%2Fwp%2Fv2%2Ftags&post=6080"}],"curies":[{"name":"wp","href":"https:\/\/api.w.org\/{rel}","templated":true}]}}