{"id":60274,"date":"2024-08-22T14:31:47","date_gmt":"2024-08-22T17:31:47","guid":{"rendered":"https:\/\/noticiasemdestaque.com\/cd\/?p=60274"},"modified":"2024-08-22T14:31:47","modified_gmt":"2024-08-22T17:31:47","slug":"flamengo-anuncia-a-contratacao-de-michael-meu-coracao-nunca-foi-embora","status":"publish","type":"post","link":"https:\/\/noticiasemdestaque.com\/cd\/?p=60274","title":{"rendered":"Flamengo anuncia a contrata\u00e7\u00e3o de Michael: \u201cMeu cora\u00e7\u00e3o nunca foi embora\u201d"},"content":{"rendered":"<p><a href=\"https:\/\/noticiasemdestaque.com\/cd\/wp-content\/uploads\/2024\/08\/WhatsApp-Image-2024-08-22-at-13.51.11.jpeg\"><img fetchpriority=\"high\" decoding=\"async\" class=\"size-medium wp-image-60275 aligncenter\" src=\"https:\/\/noticiasemdestaque.com\/cd\/wp-content\/uploads\/2024\/08\/WhatsApp-Image-2024-08-22-at-13.51.11-300x200.jpeg\" alt=\"\" width=\"300\" height=\"200\" srcset=\"https:\/\/noticiasemdestaque.com\/cd\/wp-content\/uploads\/2024\/08\/WhatsApp-Image-2024-08-22-at-13.51.11-300x200.jpeg 300w, https:\/\/noticiasemdestaque.com\/cd\/wp-content\/uploads\/2024\/08\/WhatsApp-Image-2024-08-22-at-13.51.11-768x512.jpeg 768w, https:\/\/noticiasemdestaque.com\/cd\/wp-content\/uploads\/2024\/08\/WhatsApp-Image-2024-08-22-at-13.51.11.jpeg 984w\" sizes=\"(max-width: 300px) 100vw, 300px\" \/><\/a><\/p>\n<p>&nbsp;<\/p>\n<p>Michael est\u00e1 oficialmente de volta ao\u00a0Flamengo. Xod\u00f3 rubro-negro, o Robozinho assinou contrato v\u00e1lido por quatro temporadas, e o clube anunciou a contrata\u00e7\u00e3o nesta quinta-feira.<\/p>\n<p>O atacante teve o nome publicado no BID da CBF, na tarde desta quinta. Portanto, Michael j\u00e1 tem condi\u00e7\u00f5es legais de estrear pelo\u00a0Flamengo. O aproveitamento do jogador depende de avalia\u00e7\u00e3o da comiss\u00e3o t\u00e9cnica.<\/p>\n<p>Mato-grossense de Poxor\u00e9u, Michael, de 28 anos, defendeu o\u00a0Flamengo\u00a0entre 2020 e 2021, com 105 jogos e 23 gols marcados. Foram seis t\u00edtulos conquistados: um Brasileiro, uma Recopa Sul-Americana, duas Supercopas do Brasil e dois estaduais.<\/p>\n<p>\u2013 O Manto Sagrado representa muita coisa. Representa muita gente e \u00e9 s\u00edmbolo de valor, de ra\u00e7a, de amor e de paix\u00e3o. Para honrar essas cores, voc\u00ea tem que estar disposto a dar a vida e suamos o Manto em busca do nosso lugar\u2026 o topo. O meu cora\u00e7\u00e3o nunca foi embora e agora eu estou de volta \u2013 disse Michael, em seu v\u00eddeo de apresenta\u00e7\u00e3o.<\/p>\n<p>No \u00faltimo s\u00e1bado, Michael foi titular na vit\u00f3ria por 4 a 1 do Al-Hilal sobre o Al-Nassr, que resultou na conquista da Supercopa da Ar\u00e1bia Saudita. O atleta teve boa atua\u00e7\u00e3o , e Jorge Jesus o substituiu nos acr\u00e9scimos da partida com o objetivo de que o futuro ex-pupilo fosse homenageado. Deu certo, e o camisa 96 do Hilal foi muito aplaudido e abra\u00e7ado, inclusive pelo Mister.<\/p>\n<p>Noticias em destaque<\/p>\n","protected":false},"excerpt":{"rendered":"<p>&nbsp; Michael est\u00e1 oficialmente de volta ao\u00a0Flamengo. Xod\u00f3 rubro-negro, o Robozinho assinou contrato v\u00e1lido por quatro temporadas, e o clube anunciou a contrata\u00e7\u00e3o nesta quinta-feira. O atacante teve o nome publicado no BID da CBF, na tarde desta quinta. Portanto, Michael j\u00e1 tem condi\u00e7\u00f5es legais de estrear pelo\u00a0Flamengo. O aproveitamento do jogador depende de avalia\u00e7\u00e3o da comiss\u00e3o t\u00e9cnica. Mato-grossense de Poxor\u00e9u, Michael, de 28 anos, defendeu o\u00a0Flamengo\u00a0entre 2020 e 2021, com 105 jogos e 23 gols marcados. Foram seis t\u00edtulos conquistados: um Brasileiro, uma Recopa Sul-Americana, duas Supercopas do Brasil e dois estaduais. \u2013 O Manto Sagrado representa muita coisa. Representa muita gente e \u00e9 s\u00edmbolo de valor, de ra\u00e7a, de amor e de paix\u00e3o. Para honrar essas cores, voc\u00ea tem que estar disposto a dar a vida e suamos o Manto em busca do nosso lugar\u2026 o topo. O meu cora\u00e7\u00e3o nunca foi embora e agora eu estou de volta \u2013 disse Michael, em seu v\u00eddeo de apresenta\u00e7\u00e3o. No \u00faltimo s\u00e1bado, Michael foi titular na vit\u00f3ria por 4 a 1 do Al-Hilal sobre o Al-Nassr, que resultou na conquista da Supercopa da Ar\u00e1bia Saudita. O atleta teve boa atua\u00e7\u00e3o , e Jorge Jesus o substituiu nos acr\u00e9scimos da partida com o objetivo de que o futuro ex-pupilo fosse homenageado. Deu certo, e o camisa 96 do Hilal foi muito aplaudido e abra\u00e7ado, inclusive pelo Mister. Noticias em destaque<\/p>\n","protected":false},"author":2,"featured_media":60275,"comment_status":"closed","ping_status":"open","sticky":false,"template":"","format":"standard","meta":{"_eb_attr":"","_jetpack_memberships_contains_paid_content":false,"footnotes":""},"categories":[3],"tags":[],"class_list":["post-60274","post","type-post","status-publish","format-standard","has-post-thumbnail","hentry","category-cidades"],"yoast_head":"<!-- This site is optimized with the Yoast SEO plugin v26.5 - https:\/\/yoast.com\/wordpress\/plugins\/seo\/ -->\n<title>Flamengo anuncia a contrata\u00e7\u00e3o de Michael: \u201cMeu cora\u00e7\u00e3o nunca foi embora\u201d - Not&iacute;cias em Destaque<\/title>\n<meta name=\"robots\" content=\"index, follow, max-snippet:-1, max-image-preview:large, max-video-preview:-1\" \/>\n<link rel=\"canonical\" href=\"https:\/\/noticiasemdestaque.com\/cd\/?p=60274\" \/>\n<meta property=\"og:locale\" content=\"pt_BR\" \/>\n<meta property=\"og:type\" content=\"article\" \/>\n<meta property=\"og:title\" content=\"Flamengo anuncia a contrata\u00e7\u00e3o de Michael: \u201cMeu cora\u00e7\u00e3o nunca foi embora\u201d - Not&iacute;cias em Destaque\" \/>\n<meta property=\"og:description\" content=\"&nbsp; Michael est\u00e1 oficialmente de volta ao\u00a0Flamengo. Xod\u00f3 rubro-negro, o Robozinho assinou contrato v\u00e1lido por quatro temporadas, e o clube anunciou a contrata\u00e7\u00e3o nesta quinta-feira. O atacante teve o nome publicado no BID da CBF, na tarde desta quinta. Portanto, Michael j\u00e1 tem condi\u00e7\u00f5es legais de estrear pelo\u00a0Flamengo. O aproveitamento do jogador depende de avalia\u00e7\u00e3o da comiss\u00e3o t\u00e9cnica. Mato-grossense de Poxor\u00e9u, Michael, de 28 anos, defendeu o\u00a0Flamengo\u00a0entre 2020 e 2021, com 105 jogos e 23 gols marcados. Foram seis t\u00edtulos conquistados: um Brasileiro, uma Recopa Sul-Americana, duas Supercopas do Brasil e dois estaduais. \u2013 O Manto Sagrado representa muita coisa. Representa muita gente e \u00e9 s\u00edmbolo de valor, de ra\u00e7a, de amor e de paix\u00e3o. Para honrar essas cores, voc\u00ea tem que estar disposto a dar a vida e suamos o Manto em busca do nosso lugar\u2026 o topo. O meu cora\u00e7\u00e3o nunca foi embora e agora eu estou de volta \u2013 disse Michael, em seu v\u00eddeo de apresenta\u00e7\u00e3o. No \u00faltimo s\u00e1bado, Michael foi titular na vit\u00f3ria por 4 a 1 do Al-Hilal sobre o Al-Nassr, que resultou na conquista da Supercopa da Ar\u00e1bia Saudita. O atleta teve boa atua\u00e7\u00e3o , e Jorge Jesus o substituiu nos acr\u00e9scimos da partida com o objetivo de que o futuro ex-pupilo fosse homenageado. Deu certo, e o camisa 96 do Hilal foi muito aplaudido e abra\u00e7ado, inclusive pelo Mister. Noticias em destaque\" \/>\n<meta property=\"og:url\" content=\"https:\/\/noticiasemdestaque.com\/cd\/?p=60274\" \/>\n<meta property=\"og:site_name\" content=\"Not&iacute;cias em Destaque\" \/>\n<meta property=\"article:published_time\" content=\"2024-08-22T17:31:47+00:00\" \/>\n<meta property=\"og:image\" content=\"https:\/\/noticiasemdestaque.com\/cd\/wp-content\/uploads\/2024\/08\/WhatsApp-Image-2024-08-22-at-13.51.11.jpeg\" \/>\n\t<meta property=\"og:image:width\" content=\"984\" \/>\n\t<meta property=\"og:image:height\" content=\"656\" \/>\n\t<meta property=\"og:image:type\" content=\"image\/jpeg\" \/>\n<meta name=\"author\" content=\"Not\u00edcias em Destaque\" \/>\n<meta name=\"twitter:card\" content=\"summary_large_image\" \/>\n<meta name=\"twitter:label1\" content=\"Escrito por\" \/>\n\t<meta name=\"twitter:data1\" content=\"Not\u00edcias em Destaque\" \/>\n\t<meta name=\"twitter:label2\" content=\"Est. tempo de leitura\" \/>\n\t<meta name=\"twitter:data2\" content=\"2 minutos\" \/>\n<script type=\"application\/ld+json\" class=\"yoast-schema-graph\">{\"@context\":\"https:\/\/schema.org\",\"@graph\":[{\"@type\":\"Article\",\"@id\":\"https:\/\/noticiasemdestaque.com\/cd\/?p=60274#article\",\"isPartOf\":{\"@id\":\"https:\/\/noticiasemdestaque.com\/cd\/?p=60274\"},\"author\":{\"name\":\"Not\u00edcias em Destaque\",\"@id\":\"https:\/\/noticiasemdestaque.com\/cd\/#\/schema\/person\/45ca272b3e1246ef14ebb78a48dbb218\"},\"headline\":\"Flamengo anuncia a contrata\u00e7\u00e3o de Michael: \u201cMeu cora\u00e7\u00e3o nunca foi embora\u201d\",\"datePublished\":\"2024-08-22T17:31:47+00:00\",\"mainEntityOfPage\":{\"@id\":\"https:\/\/noticiasemdestaque.com\/cd\/?p=60274\"},\"wordCount\":254,\"publisher\":{\"@id\":\"https:\/\/noticiasemdestaque.com\/cd\/#organization\"},\"image\":{\"@id\":\"https:\/\/noticiasemdestaque.com\/cd\/?p=60274#primaryimage\"},\"thumbnailUrl\":\"https:\/\/noticiasemdestaque.com\/cd\/wp-content\/uploads\/2024\/08\/WhatsApp-Image-2024-08-22-at-13.51.11.jpeg\",\"articleSection\":[\"Cidades\"],\"inLanguage\":\"pt-BR\"},{\"@type\":\"WebPage\",\"@id\":\"https:\/\/noticiasemdestaque.com\/cd\/?p=60274\",\"url\":\"https:\/\/noticiasemdestaque.com\/cd\/?p=60274\",\"name\":\"Flamengo anuncia a contrata\u00e7\u00e3o de Michael: \u201cMeu cora\u00e7\u00e3o nunca foi embora\u201d - Not&iacute;cias em Destaque\",\"isPartOf\":{\"@id\":\"https:\/\/noticiasemdestaque.com\/cd\/#website\"},\"primaryImageOfPage\":{\"@id\":\"https:\/\/noticiasemdestaque.com\/cd\/?p=60274#primaryimage\"},\"image\":{\"@id\":\"https:\/\/noticiasemdestaque.com\/cd\/?p=60274#primaryimage\"},\"thumbnailUrl\":\"https:\/\/noticiasemdestaque.com\/cd\/wp-content\/uploads\/2024\/08\/WhatsApp-Image-2024-08-22-at-13.51.11.jpeg\",\"datePublished\":\"2024-08-22T17:31:47+00:00\",\"breadcrumb\":{\"@id\":\"https:\/\/noticiasemdestaque.com\/cd\/?p=60274#breadcrumb\"},\"inLanguage\":\"pt-BR\",\"potentialAction\":[{\"@type\":\"ReadAction\",\"target\":[\"https:\/\/noticiasemdestaque.com\/cd\/?p=60274\"]}]},{\"@type\":\"ImageObject\",\"inLanguage\":\"pt-BR\",\"@id\":\"https:\/\/noticiasemdestaque.com\/cd\/?p=60274#primaryimage\",\"url\":\"https:\/\/noticiasemdestaque.com\/cd\/wp-content\/uploads\/2024\/08\/WhatsApp-Image-2024-08-22-at-13.51.11.jpeg\",\"contentUrl\":\"https:\/\/noticiasemdestaque.com\/cd\/wp-content\/uploads\/2024\/08\/WhatsApp-Image-2024-08-22-at-13.51.11.jpeg\",\"width\":984,\"height\":656},{\"@type\":\"BreadcrumbList\",\"@id\":\"https:\/\/noticiasemdestaque.com\/cd\/?p=60274#breadcrumb\",\"itemListElement\":[{\"@type\":\"ListItem\",\"position\":1,\"name\":\"In\u00edcio\",\"item\":\"https:\/\/noticiasemdestaque.com\/cd\/\"},{\"@type\":\"ListItem\",\"position\":2,\"name\":\"Flamengo anuncia a contrata\u00e7\u00e3o de Michael: \u201cMeu cora\u00e7\u00e3o nunca foi embora\u201d\"}]},{\"@type\":\"WebSite\",\"@id\":\"https:\/\/noticiasemdestaque.com\/cd\/#website\",\"url\":\"https:\/\/noticiasemdestaque.com\/cd\/\",\"name\":\"Not&iacute;cias em Destaque\",\"description\":\"\",\"publisher\":{\"@id\":\"https:\/\/noticiasemdestaque.com\/cd\/#organization\"},\"potentialAction\":[{\"@type\":\"SearchAction\",\"target\":{\"@type\":\"EntryPoint\",\"urlTemplate\":\"https:\/\/noticiasemdestaque.com\/cd\/?s={search_term_string}\"},\"query-input\":{\"@type\":\"PropertyValueSpecification\",\"valueRequired\":true,\"valueName\":\"search_term_string\"}}],\"inLanguage\":\"pt-BR\"},{\"@type\":\"Organization\",\"@id\":\"https:\/\/noticiasemdestaque.com\/cd\/#organization\",\"name\":\"Not\u00edcias em Destaque\",\"url\":\"https:\/\/noticiasemdestaque.com\/cd\/\",\"logo\":{\"@type\":\"ImageObject\",\"inLanguage\":\"pt-BR\",\"@id\":\"https:\/\/noticiasemdestaque.com\/cd\/#\/schema\/logo\/image\/\",\"url\":\"https:\/\/noticiasemdestaque.com\/cd\/wp-content\/uploads\/2022\/05\/imagem-base-noticiasemdestaque.png\",\"contentUrl\":\"https:\/\/noticiasemdestaque.com\/cd\/wp-content\/uploads\/2022\/05\/imagem-base-noticiasemdestaque.png\",\"width\":1200,\"height\":630,\"caption\":\"Not\u00edcias em Destaque\"},\"image\":{\"@id\":\"https:\/\/noticiasemdestaque.com\/cd\/#\/schema\/logo\/image\/\"}},{\"@type\":\"Person\",\"@id\":\"https:\/\/noticiasemdestaque.com\/cd\/#\/schema\/person\/45ca272b3e1246ef14ebb78a48dbb218\",\"name\":\"Not\u00edcias em Destaque\",\"url\":\"https:\/\/noticiasemdestaque.com\/cd\/?author=2\"}]}<\/script>\n<!-- \/ Yoast SEO plugin. -->","yoast_head_json":{"title":"Flamengo anuncia a contrata\u00e7\u00e3o de Michael: \u201cMeu cora\u00e7\u00e3o nunca foi embora\u201d - Not&iacute;cias em Destaque","robots":{"index":"index","follow":"follow","max-snippet":"max-snippet:-1","max-image-preview":"max-image-preview:large","max-video-preview":"max-video-preview:-1"},"canonical":"https:\/\/noticiasemdestaque.com\/cd\/?p=60274","og_locale":"pt_BR","og_type":"article","og_title":"Flamengo anuncia a contrata\u00e7\u00e3o de Michael: \u201cMeu cora\u00e7\u00e3o nunca foi embora\u201d - Not&iacute;cias em Destaque","og_description":"&nbsp; Michael est\u00e1 oficialmente de volta ao\u00a0Flamengo. Xod\u00f3 rubro-negro, o Robozinho assinou contrato v\u00e1lido por quatro temporadas, e o clube anunciou a contrata\u00e7\u00e3o nesta quinta-feira. O atacante teve o nome publicado no BID da CBF, na tarde desta quinta. Portanto, Michael j\u00e1 tem condi\u00e7\u00f5es legais de estrear pelo\u00a0Flamengo. O aproveitamento do jogador depende de avalia\u00e7\u00e3o da comiss\u00e3o t\u00e9cnica. Mato-grossense de Poxor\u00e9u, Michael, de 28 anos, defendeu o\u00a0Flamengo\u00a0entre 2020 e 2021, com 105 jogos e 23 gols marcados. Foram seis t\u00edtulos conquistados: um Brasileiro, uma Recopa Sul-Americana, duas Supercopas do Brasil e dois estaduais. \u2013 O Manto Sagrado representa muita coisa. Representa muita gente e \u00e9 s\u00edmbolo de valor, de ra\u00e7a, de amor e de paix\u00e3o. Para honrar essas cores, voc\u00ea tem que estar disposto a dar a vida e suamos o Manto em busca do nosso lugar\u2026 o topo. O meu cora\u00e7\u00e3o nunca foi embora e agora eu estou de volta \u2013 disse Michael, em seu v\u00eddeo de apresenta\u00e7\u00e3o. No \u00faltimo s\u00e1bado, Michael foi titular na vit\u00f3ria por 4 a 1 do Al-Hilal sobre o Al-Nassr, que resultou na conquista da Supercopa da Ar\u00e1bia Saudita. O atleta teve boa atua\u00e7\u00e3o , e Jorge Jesus o substituiu nos acr\u00e9scimos da partida com o objetivo de que o futuro ex-pupilo fosse homenageado. Deu certo, e o camisa 96 do Hilal foi muito aplaudido e abra\u00e7ado, inclusive pelo Mister. Noticias em destaque","og_url":"https:\/\/noticiasemdestaque.com\/cd\/?p=60274","og_site_name":"Not&iacute;cias em Destaque","article_published_time":"2024-08-22T17:31:47+00:00","og_image":[{"width":984,"height":656,"url":"https:\/\/noticiasemdestaque.com\/cd\/wp-content\/uploads\/2024\/08\/WhatsApp-Image-2024-08-22-at-13.51.11.jpeg","type":"image\/jpeg"}],"author":"Not\u00edcias em Destaque","twitter_card":"summary_large_image","twitter_misc":{"Escrito por":"Not\u00edcias em Destaque","Est. tempo de leitura":"2 minutos"},"schema":{"@context":"https:\/\/schema.org","@graph":[{"@type":"Article","@id":"https:\/\/noticiasemdestaque.com\/cd\/?p=60274#article","isPartOf":{"@id":"https:\/\/noticiasemdestaque.com\/cd\/?p=60274"},"author":{"name":"Not\u00edcias em Destaque","@id":"https:\/\/noticiasemdestaque.com\/cd\/#\/schema\/person\/45ca272b3e1246ef14ebb78a48dbb218"},"headline":"Flamengo anuncia a contrata\u00e7\u00e3o de Michael: \u201cMeu cora\u00e7\u00e3o nunca foi embora\u201d","datePublished":"2024-08-22T17:31:47+00:00","mainEntityOfPage":{"@id":"https:\/\/noticiasemdestaque.com\/cd\/?p=60274"},"wordCount":254,"publisher":{"@id":"https:\/\/noticiasemdestaque.com\/cd\/#organization"},"image":{"@id":"https:\/\/noticiasemdestaque.com\/cd\/?p=60274#primaryimage"},"thumbnailUrl":"https:\/\/noticiasemdestaque.com\/cd\/wp-content\/uploads\/2024\/08\/WhatsApp-Image-2024-08-22-at-13.51.11.jpeg","articleSection":["Cidades"],"inLanguage":"pt-BR"},{"@type":"WebPage","@id":"https:\/\/noticiasemdestaque.com\/cd\/?p=60274","url":"https:\/\/noticiasemdestaque.com\/cd\/?p=60274","name":"Flamengo anuncia a contrata\u00e7\u00e3o de Michael: \u201cMeu cora\u00e7\u00e3o nunca foi embora\u201d - Not&iacute;cias em Destaque","isPartOf":{"@id":"https:\/\/noticiasemdestaque.com\/cd\/#website"},"primaryImageOfPage":{"@id":"https:\/\/noticiasemdestaque.com\/cd\/?p=60274#primaryimage"},"image":{"@id":"https:\/\/noticiasemdestaque.com\/cd\/?p=60274#primaryimage"},"thumbnailUrl":"https:\/\/noticiasemdestaque.com\/cd\/wp-content\/uploads\/2024\/08\/WhatsApp-Image-2024-08-22-at-13.51.11.jpeg","datePublished":"2024-08-22T17:31:47+00:00","breadcrumb":{"@id":"https:\/\/noticiasemdestaque.com\/cd\/?p=60274#breadcrumb"},"inLanguage":"pt-BR","potentialAction":[{"@type":"ReadAction","target":["https:\/\/noticiasemdestaque.com\/cd\/?p=60274"]}]},{"@type":"ImageObject","inLanguage":"pt-BR","@id":"https:\/\/noticiasemdestaque.com\/cd\/?p=60274#primaryimage","url":"https:\/\/noticiasemdestaque.com\/cd\/wp-content\/uploads\/2024\/08\/WhatsApp-Image-2024-08-22-at-13.51.11.jpeg","contentUrl":"https:\/\/noticiasemdestaque.com\/cd\/wp-content\/uploads\/2024\/08\/WhatsApp-Image-2024-08-22-at-13.51.11.jpeg","width":984,"height":656},{"@type":"BreadcrumbList","@id":"https:\/\/noticiasemdestaque.com\/cd\/?p=60274#breadcrumb","itemListElement":[{"@type":"ListItem","position":1,"name":"In\u00edcio","item":"https:\/\/noticiasemdestaque.com\/cd\/"},{"@type":"ListItem","position":2,"name":"Flamengo anuncia a contrata\u00e7\u00e3o de Michael: \u201cMeu cora\u00e7\u00e3o nunca foi embora\u201d"}]},{"@type":"WebSite","@id":"https:\/\/noticiasemdestaque.com\/cd\/#website","url":"https:\/\/noticiasemdestaque.com\/cd\/","name":"Not&iacute;cias em Destaque","description":"","publisher":{"@id":"https:\/\/noticiasemdestaque.com\/cd\/#organization"},"potentialAction":[{"@type":"SearchAction","target":{"@type":"EntryPoint","urlTemplate":"https:\/\/noticiasemdestaque.com\/cd\/?s={search_term_string}"},"query-input":{"@type":"PropertyValueSpecification","valueRequired":true,"valueName":"search_term_string"}}],"inLanguage":"pt-BR"},{"@type":"Organization","@id":"https:\/\/noticiasemdestaque.com\/cd\/#organization","name":"Not\u00edcias em Destaque","url":"https:\/\/noticiasemdestaque.com\/cd\/","logo":{"@type":"ImageObject","inLanguage":"pt-BR","@id":"https:\/\/noticiasemdestaque.com\/cd\/#\/schema\/logo\/image\/","url":"https:\/\/noticiasemdestaque.com\/cd\/wp-content\/uploads\/2022\/05\/imagem-base-noticiasemdestaque.png","contentUrl":"https:\/\/noticiasemdestaque.com\/cd\/wp-content\/uploads\/2022\/05\/imagem-base-noticiasemdestaque.png","width":1200,"height":630,"caption":"Not\u00edcias em Destaque"},"image":{"@id":"https:\/\/noticiasemdestaque.com\/cd\/#\/schema\/logo\/image\/"}},{"@type":"Person","@id":"https:\/\/noticiasemdestaque.com\/cd\/#\/schema\/person\/45ca272b3e1246ef14ebb78a48dbb218","name":"Not\u00edcias em Destaque","url":"https:\/\/noticiasemdestaque.com\/cd\/?author=2"}]}},"jetpack_featured_media_url":"https:\/\/noticiasemdestaque.com\/cd\/wp-content\/uploads\/2024\/08\/WhatsApp-Image-2024-08-22-at-13.51.11.jpeg","jetpack_sharing_enabled":true,"_links":{"self":[{"href":"https:\/\/noticiasemdestaque.com\/cd\/index.php?rest_route=\/wp\/v2\/posts\/60274","targetHints":{"allow":["GET"]}}],"collection":[{"href":"https:\/\/noticiasemdestaque.com\/cd\/index.php?rest_route=\/wp\/v2\/posts"}],"about":[{"href":"https:\/\/noticiasemdestaque.com\/cd\/index.php?rest_route=\/wp\/v2\/types\/post"}],"author":[{"embeddable":true,"href":"https:\/\/noticiasemdestaque.com\/cd\/index.php?rest_route=\/wp\/v2\/users\/2"}],"replies":[{"embeddable":true,"href":"https:\/\/noticiasemdestaque.com\/cd\/index.php?rest_route=%2Fwp%2Fv2%2Fcomments&post=60274"}],"version-history":[{"count":1,"href":"https:\/\/noticiasemdestaque.com\/cd\/index.php?rest_route=\/wp\/v2\/posts\/60274\/revisions"}],"predecessor-version":[{"id":60276,"href":"https:\/\/noticiasemdestaque.com\/cd\/index.php?rest_route=\/wp\/v2\/posts\/60274\/revisions\/60276"}],"wp:featuredmedia":[{"embeddable":true,"href":"https:\/\/noticiasemdestaque.com\/cd\/index.php?rest_route=\/wp\/v2\/media\/60275"}],"wp:attachment":[{"href":"https:\/\/noticiasemdestaque.com\/cd\/index.php?rest_route=%2Fwp%2Fv2%2Fmedia&parent=60274"}],"wp:term":[{"taxonomy":"category","embeddable":true,"href":"https:\/\/noticiasemdestaque.com\/cd\/index.php?rest_route=%2Fwp%2Fv2%2Fcategories&post=60274"},{"taxonomy":"post_tag","embeddable":true,"href":"https:\/\/noticiasemdestaque.com\/cd\/index.php?rest_route=%2Fwp%2Fv2%2Ftags&post=60274"}],"curies":[{"name":"wp","href":"https:\/\/api.w.org\/{rel}","templated":true}]}}