{"id":60267,"date":"2024-08-22T14:26:41","date_gmt":"2024-08-22T17:26:41","guid":{"rendered":"https:\/\/noticiasemdestaque.com\/cd\/?p=60267"},"modified":"2024-08-22T14:26:41","modified_gmt":"2024-08-22T17:26:41","slug":"inscricoes-para-fies-do-2o-semestre-comecam-nesta-quinta-feira","status":"publish","type":"post","link":"https:\/\/noticiasemdestaque.com\/cd\/?p=60267","title":{"rendered":"Inscri\u00e7\u00f5es para Fies do 2\u00ba semestre come\u00e7am nesta quinta-feira"},"content":{"rendered":"<p style=\"text-align: center;\"><a href=\"https:\/\/noticiasemdestaque.com\/cd\/wp-content\/uploads\/2024\/08\/download.jpeg\"><img decoding=\"async\" class=\"alignnone size-medium wp-image-60268\" src=\"https:\/\/noticiasemdestaque.com\/cd\/wp-content\/uploads\/2024\/08\/download-300x150.jpeg\" alt=\"\" width=\"300\" height=\"150\" srcset=\"https:\/\/noticiasemdestaque.com\/cd\/wp-content\/uploads\/2024\/08\/download-300x150.jpeg 300w, https:\/\/noticiasemdestaque.com\/cd\/wp-content\/uploads\/2024\/08\/download-768x384.jpeg 768w, https:\/\/noticiasemdestaque.com\/cd\/wp-content\/uploads\/2024\/08\/download.jpeg 1024w\" sizes=\"(max-width: 300px) 100vw, 300px\" \/><\/a><\/p>\n<p>&nbsp;<\/p>\n<p>As inscri\u00e7\u00f5es para o Fundo de Financiamento Estudantil (Fies) do segundo semestre come\u00e7am nesta quinta-feira (22) exclusivamente pela internet, por meio do sistema de Sele\u00e7\u00e3o do Fies (FiesSele\u00e7\u00e3o). O candidato precisa de uma conta\u00a0Gov.br\u00a0para se inscrever. O prazo vence no dia 27 de agosto e o resultado deve ser divulgado no dia 9 de setembro.<img decoding=\"async\" src=\"https:\/\/agenciabrasil.ebc.com.br\/ebc.png?id=1608919&amp;o=node\" \/><img decoding=\"async\" src=\"https:\/\/agenciabrasil.ebc.com.br\/ebc.gif?id=1608919&amp;o=node\" \/><\/p>\n<p>Para a inscri\u00e7\u00e3o, o interessado precisa informar e-mail pessoal v\u00e1lido; nomes e n\u00famero de registro no CPF dos membros de seu grupo familiar com idade igual ou superior a 14 anos e as respectivas datas de nascimento; e renda bruta mensal de cada componente.<\/p>\n<p>Podem se inscrever em processos seletivos do Fies candidatos que, cumulativamente, atendam \u00e0s seguintes condi\u00e7\u00f5es:<\/p>\n<p>&#8211; Ter participado do Exame Nacional do Ensino M\u00e9dio (Enem) a partir da edi\u00e7\u00e3o de 2010, com nota v\u00e1lida at\u00e9 o momento anterior \u00e0 abertura das inscri\u00e7\u00f5es, al\u00e9m de obtido m\u00e9dia aritm\u00e9tica das notas nas cinco provas igual ou superior a 450 pontos e nota na prova de reda\u00e7\u00e3o acima de zero. O candidato n\u00e3o poder ter participado do exame como &#8220;treineiro&#8221;.<\/p>\n<p>&#8211; Possuir renda familiar mensal bruta per capita at\u00e9 tr\u00eas sal\u00e1rios m\u00ednimos.<\/p>\n<p>\u201cCompete exclusivamente ao candidato certificar\u2013se de que cumpre os requisitos estabelecidos para concorrer a cada processo seletivo, observadas as veda\u00e7\u00f5es previstas em edital do processo seletivo vigente\u201d, destacou o Minist\u00e9rio da Educa\u00e7\u00e3o (MEC).<\/p>\n<p>Noticias em destaque<\/p>\n","protected":false},"excerpt":{"rendered":"<p>&nbsp; As inscri\u00e7\u00f5es para o Fundo de Financiamento Estudantil (Fies) do segundo semestre come\u00e7am nesta quinta-feira (22) exclusivamente pela internet, por meio do sistema de Sele\u00e7\u00e3o do Fies (FiesSele\u00e7\u00e3o). O candidato precisa de uma conta\u00a0Gov.br\u00a0para se inscrever. O prazo vence no dia 27 de agosto e o resultado deve ser divulgado no dia 9 de setembro. Para a inscri\u00e7\u00e3o, o interessado precisa informar e-mail pessoal v\u00e1lido; nomes e n\u00famero de registro no CPF dos membros de seu grupo familiar com idade igual ou superior a 14 anos e as respectivas datas de nascimento; e renda bruta mensal de cada componente. Podem se inscrever em processos seletivos do Fies candidatos que, cumulativamente, atendam \u00e0s seguintes condi\u00e7\u00f5es: &#8211; Ter participado do Exame Nacional do Ensino M\u00e9dio (Enem) a partir da edi\u00e7\u00e3o de 2010, com nota v\u00e1lida at\u00e9 o momento anterior \u00e0 abertura das inscri\u00e7\u00f5es, al\u00e9m de obtido m\u00e9dia aritm\u00e9tica das notas nas cinco provas igual ou superior a 450 pontos e nota na prova de reda\u00e7\u00e3o acima de zero. O candidato n\u00e3o poder ter participado do exame como &#8220;treineiro&#8221;. &#8211; Possuir renda familiar mensal bruta per capita at\u00e9 tr\u00eas sal\u00e1rios m\u00ednimos. \u201cCompete exclusivamente ao candidato certificar\u2013se de que cumpre os requisitos estabelecidos para concorrer a cada processo seletivo, observadas as veda\u00e7\u00f5es previstas em edital do processo seletivo vigente\u201d, destacou o Minist\u00e9rio da Educa\u00e7\u00e3o (MEC). Noticias em destaque<\/p>\n","protected":false},"author":2,"featured_media":60268,"comment_status":"closed","ping_status":"open","sticky":false,"template":"","format":"standard","meta":{"_eb_attr":"","_jetpack_memberships_contains_paid_content":false,"footnotes":""},"categories":[3],"tags":[],"class_list":["post-60267","post","type-post","status-publish","format-standard","has-post-thumbnail","hentry","category-cidades"],"yoast_head":"<!-- This site is optimized with the Yoast SEO plugin v26.5 - https:\/\/yoast.com\/wordpress\/plugins\/seo\/ -->\n<title>Inscri\u00e7\u00f5es para Fies do 2\u00ba semestre come\u00e7am nesta quinta-feira - Not&iacute;cias em Destaque<\/title>\n<meta name=\"robots\" content=\"index, follow, max-snippet:-1, max-image-preview:large, max-video-preview:-1\" \/>\n<link rel=\"canonical\" href=\"https:\/\/noticiasemdestaque.com\/cd\/?p=60267\" \/>\n<meta property=\"og:locale\" content=\"pt_BR\" \/>\n<meta property=\"og:type\" content=\"article\" \/>\n<meta property=\"og:title\" content=\"Inscri\u00e7\u00f5es para Fies do 2\u00ba semestre come\u00e7am nesta quinta-feira - Not&iacute;cias em Destaque\" \/>\n<meta property=\"og:description\" content=\"&nbsp; As inscri\u00e7\u00f5es para o Fundo de Financiamento Estudantil (Fies) do segundo semestre come\u00e7am nesta quinta-feira (22) exclusivamente pela internet, por meio do sistema de Sele\u00e7\u00e3o do Fies (FiesSele\u00e7\u00e3o). O candidato precisa de uma conta\u00a0Gov.br\u00a0para se inscrever. O prazo vence no dia 27 de agosto e o resultado deve ser divulgado no dia 9 de setembro. Para a inscri\u00e7\u00e3o, o interessado precisa informar e-mail pessoal v\u00e1lido; nomes e n\u00famero de registro no CPF dos membros de seu grupo familiar com idade igual ou superior a 14 anos e as respectivas datas de nascimento; e renda bruta mensal de cada componente. Podem se inscrever em processos seletivos do Fies candidatos que, cumulativamente, atendam \u00e0s seguintes condi\u00e7\u00f5es: &#8211; Ter participado do Exame Nacional do Ensino M\u00e9dio (Enem) a partir da edi\u00e7\u00e3o de 2010, com nota v\u00e1lida at\u00e9 o momento anterior \u00e0 abertura das inscri\u00e7\u00f5es, al\u00e9m de obtido m\u00e9dia aritm\u00e9tica das notas nas cinco provas igual ou superior a 450 pontos e nota na prova de reda\u00e7\u00e3o acima de zero. O candidato n\u00e3o poder ter participado do exame como &#8220;treineiro&#8221;. &#8211; Possuir renda familiar mensal bruta per capita at\u00e9 tr\u00eas sal\u00e1rios m\u00ednimos. \u201cCompete exclusivamente ao candidato certificar\u2013se de que cumpre os requisitos estabelecidos para concorrer a cada processo seletivo, observadas as veda\u00e7\u00f5es previstas em edital do processo seletivo vigente\u201d, destacou o Minist\u00e9rio da Educa\u00e7\u00e3o (MEC). Noticias em destaque\" \/>\n<meta property=\"og:url\" content=\"https:\/\/noticiasemdestaque.com\/cd\/?p=60267\" \/>\n<meta property=\"og:site_name\" content=\"Not&iacute;cias em Destaque\" \/>\n<meta property=\"article:published_time\" content=\"2024-08-22T17:26:41+00:00\" \/>\n<meta property=\"og:image\" content=\"https:\/\/noticiasemdestaque.com\/cd\/wp-content\/uploads\/2024\/08\/download.jpeg\" \/>\n\t<meta property=\"og:image:width\" content=\"1024\" \/>\n\t<meta property=\"og:image:height\" content=\"512\" \/>\n\t<meta property=\"og:image:type\" content=\"image\/jpeg\" \/>\n<meta name=\"author\" content=\"Not\u00edcias em Destaque\" \/>\n<meta name=\"twitter:card\" content=\"summary_large_image\" \/>\n<meta name=\"twitter:label1\" content=\"Escrito por\" \/>\n\t<meta name=\"twitter:data1\" content=\"Not\u00edcias em Destaque\" \/>\n\t<meta name=\"twitter:label2\" content=\"Est. tempo de leitura\" \/>\n\t<meta name=\"twitter:data2\" content=\"3 minutos\" \/>\n<script type=\"application\/ld+json\" class=\"yoast-schema-graph\">{\"@context\":\"https:\/\/schema.org\",\"@graph\":[{\"@type\":\"Article\",\"@id\":\"https:\/\/noticiasemdestaque.com\/cd\/?p=60267#article\",\"isPartOf\":{\"@id\":\"https:\/\/noticiasemdestaque.com\/cd\/?p=60267\"},\"author\":{\"name\":\"Not\u00edcias em Destaque\",\"@id\":\"https:\/\/noticiasemdestaque.com\/cd\/#\/schema\/person\/45ca272b3e1246ef14ebb78a48dbb218\"},\"headline\":\"Inscri\u00e7\u00f5es para Fies do 2\u00ba semestre come\u00e7am nesta quinta-feira\",\"datePublished\":\"2024-08-22T17:26:41+00:00\",\"mainEntityOfPage\":{\"@id\":\"https:\/\/noticiasemdestaque.com\/cd\/?p=60267\"},\"wordCount\":255,\"publisher\":{\"@id\":\"https:\/\/noticiasemdestaque.com\/cd\/#organization\"},\"image\":{\"@id\":\"https:\/\/noticiasemdestaque.com\/cd\/?p=60267#primaryimage\"},\"thumbnailUrl\":\"https:\/\/noticiasemdestaque.com\/cd\/wp-content\/uploads\/2024\/08\/download.jpeg\",\"articleSection\":[\"Cidades\"],\"inLanguage\":\"pt-BR\"},{\"@type\":\"WebPage\",\"@id\":\"https:\/\/noticiasemdestaque.com\/cd\/?p=60267\",\"url\":\"https:\/\/noticiasemdestaque.com\/cd\/?p=60267\",\"name\":\"Inscri\u00e7\u00f5es para Fies do 2\u00ba semestre come\u00e7am nesta quinta-feira - Not&iacute;cias em Destaque\",\"isPartOf\":{\"@id\":\"https:\/\/noticiasemdestaque.com\/cd\/#website\"},\"primaryImageOfPage\":{\"@id\":\"https:\/\/noticiasemdestaque.com\/cd\/?p=60267#primaryimage\"},\"image\":{\"@id\":\"https:\/\/noticiasemdestaque.com\/cd\/?p=60267#primaryimage\"},\"thumbnailUrl\":\"https:\/\/noticiasemdestaque.com\/cd\/wp-content\/uploads\/2024\/08\/download.jpeg\",\"datePublished\":\"2024-08-22T17:26:41+00:00\",\"breadcrumb\":{\"@id\":\"https:\/\/noticiasemdestaque.com\/cd\/?p=60267#breadcrumb\"},\"inLanguage\":\"pt-BR\",\"potentialAction\":[{\"@type\":\"ReadAction\",\"target\":[\"https:\/\/noticiasemdestaque.com\/cd\/?p=60267\"]}]},{\"@type\":\"ImageObject\",\"inLanguage\":\"pt-BR\",\"@id\":\"https:\/\/noticiasemdestaque.com\/cd\/?p=60267#primaryimage\",\"url\":\"https:\/\/noticiasemdestaque.com\/cd\/wp-content\/uploads\/2024\/08\/download.jpeg\",\"contentUrl\":\"https:\/\/noticiasemdestaque.com\/cd\/wp-content\/uploads\/2024\/08\/download.jpeg\",\"width\":1024,\"height\":512},{\"@type\":\"BreadcrumbList\",\"@id\":\"https:\/\/noticiasemdestaque.com\/cd\/?p=60267#breadcrumb\",\"itemListElement\":[{\"@type\":\"ListItem\",\"position\":1,\"name\":\"In\u00edcio\",\"item\":\"https:\/\/noticiasemdestaque.com\/cd\/\"},{\"@type\":\"ListItem\",\"position\":2,\"name\":\"Inscri\u00e7\u00f5es para Fies do 2\u00ba semestre come\u00e7am nesta quinta-feira\"}]},{\"@type\":\"WebSite\",\"@id\":\"https:\/\/noticiasemdestaque.com\/cd\/#website\",\"url\":\"https:\/\/noticiasemdestaque.com\/cd\/\",\"name\":\"Not&iacute;cias em Destaque\",\"description\":\"\",\"publisher\":{\"@id\":\"https:\/\/noticiasemdestaque.com\/cd\/#organization\"},\"potentialAction\":[{\"@type\":\"SearchAction\",\"target\":{\"@type\":\"EntryPoint\",\"urlTemplate\":\"https:\/\/noticiasemdestaque.com\/cd\/?s={search_term_string}\"},\"query-input\":{\"@type\":\"PropertyValueSpecification\",\"valueRequired\":true,\"valueName\":\"search_term_string\"}}],\"inLanguage\":\"pt-BR\"},{\"@type\":\"Organization\",\"@id\":\"https:\/\/noticiasemdestaque.com\/cd\/#organization\",\"name\":\"Not\u00edcias em Destaque\",\"url\":\"https:\/\/noticiasemdestaque.com\/cd\/\",\"logo\":{\"@type\":\"ImageObject\",\"inLanguage\":\"pt-BR\",\"@id\":\"https:\/\/noticiasemdestaque.com\/cd\/#\/schema\/logo\/image\/\",\"url\":\"https:\/\/noticiasemdestaque.com\/cd\/wp-content\/uploads\/2022\/05\/imagem-base-noticiasemdestaque.png\",\"contentUrl\":\"https:\/\/noticiasemdestaque.com\/cd\/wp-content\/uploads\/2022\/05\/imagem-base-noticiasemdestaque.png\",\"width\":1200,\"height\":630,\"caption\":\"Not\u00edcias em Destaque\"},\"image\":{\"@id\":\"https:\/\/noticiasemdestaque.com\/cd\/#\/schema\/logo\/image\/\"}},{\"@type\":\"Person\",\"@id\":\"https:\/\/noticiasemdestaque.com\/cd\/#\/schema\/person\/45ca272b3e1246ef14ebb78a48dbb218\",\"name\":\"Not\u00edcias em Destaque\",\"url\":\"https:\/\/noticiasemdestaque.com\/cd\/?author=2\"}]}<\/script>\n<!-- \/ Yoast SEO plugin. -->","yoast_head_json":{"title":"Inscri\u00e7\u00f5es para Fies do 2\u00ba semestre come\u00e7am nesta quinta-feira - Not&iacute;cias em Destaque","robots":{"index":"index","follow":"follow","max-snippet":"max-snippet:-1","max-image-preview":"max-image-preview:large","max-video-preview":"max-video-preview:-1"},"canonical":"https:\/\/noticiasemdestaque.com\/cd\/?p=60267","og_locale":"pt_BR","og_type":"article","og_title":"Inscri\u00e7\u00f5es para Fies do 2\u00ba semestre come\u00e7am nesta quinta-feira - Not&iacute;cias em Destaque","og_description":"&nbsp; As inscri\u00e7\u00f5es para o Fundo de Financiamento Estudantil (Fies) do segundo semestre come\u00e7am nesta quinta-feira (22) exclusivamente pela internet, por meio do sistema de Sele\u00e7\u00e3o do Fies (FiesSele\u00e7\u00e3o). O candidato precisa de uma conta\u00a0Gov.br\u00a0para se inscrever. O prazo vence no dia 27 de agosto e o resultado deve ser divulgado no dia 9 de setembro. Para a inscri\u00e7\u00e3o, o interessado precisa informar e-mail pessoal v\u00e1lido; nomes e n\u00famero de registro no CPF dos membros de seu grupo familiar com idade igual ou superior a 14 anos e as respectivas datas de nascimento; e renda bruta mensal de cada componente. Podem se inscrever em processos seletivos do Fies candidatos que, cumulativamente, atendam \u00e0s seguintes condi\u00e7\u00f5es: &#8211; Ter participado do Exame Nacional do Ensino M\u00e9dio (Enem) a partir da edi\u00e7\u00e3o de 2010, com nota v\u00e1lida at\u00e9 o momento anterior \u00e0 abertura das inscri\u00e7\u00f5es, al\u00e9m de obtido m\u00e9dia aritm\u00e9tica das notas nas cinco provas igual ou superior a 450 pontos e nota na prova de reda\u00e7\u00e3o acima de zero. O candidato n\u00e3o poder ter participado do exame como &#8220;treineiro&#8221;. &#8211; Possuir renda familiar mensal bruta per capita at\u00e9 tr\u00eas sal\u00e1rios m\u00ednimos. \u201cCompete exclusivamente ao candidato certificar\u2013se de que cumpre os requisitos estabelecidos para concorrer a cada processo seletivo, observadas as veda\u00e7\u00f5es previstas em edital do processo seletivo vigente\u201d, destacou o Minist\u00e9rio da Educa\u00e7\u00e3o (MEC). Noticias em destaque","og_url":"https:\/\/noticiasemdestaque.com\/cd\/?p=60267","og_site_name":"Not&iacute;cias em Destaque","article_published_time":"2024-08-22T17:26:41+00:00","og_image":[{"width":1024,"height":512,"url":"https:\/\/noticiasemdestaque.com\/cd\/wp-content\/uploads\/2024\/08\/download.jpeg","type":"image\/jpeg"}],"author":"Not\u00edcias em Destaque","twitter_card":"summary_large_image","twitter_misc":{"Escrito por":"Not\u00edcias em Destaque","Est. tempo de leitura":"3 minutos"},"schema":{"@context":"https:\/\/schema.org","@graph":[{"@type":"Article","@id":"https:\/\/noticiasemdestaque.com\/cd\/?p=60267#article","isPartOf":{"@id":"https:\/\/noticiasemdestaque.com\/cd\/?p=60267"},"author":{"name":"Not\u00edcias em Destaque","@id":"https:\/\/noticiasemdestaque.com\/cd\/#\/schema\/person\/45ca272b3e1246ef14ebb78a48dbb218"},"headline":"Inscri\u00e7\u00f5es para Fies do 2\u00ba semestre come\u00e7am nesta quinta-feira","datePublished":"2024-08-22T17:26:41+00:00","mainEntityOfPage":{"@id":"https:\/\/noticiasemdestaque.com\/cd\/?p=60267"},"wordCount":255,"publisher":{"@id":"https:\/\/noticiasemdestaque.com\/cd\/#organization"},"image":{"@id":"https:\/\/noticiasemdestaque.com\/cd\/?p=60267#primaryimage"},"thumbnailUrl":"https:\/\/noticiasemdestaque.com\/cd\/wp-content\/uploads\/2024\/08\/download.jpeg","articleSection":["Cidades"],"inLanguage":"pt-BR"},{"@type":"WebPage","@id":"https:\/\/noticiasemdestaque.com\/cd\/?p=60267","url":"https:\/\/noticiasemdestaque.com\/cd\/?p=60267","name":"Inscri\u00e7\u00f5es para Fies do 2\u00ba semestre come\u00e7am nesta quinta-feira - Not&iacute;cias em Destaque","isPartOf":{"@id":"https:\/\/noticiasemdestaque.com\/cd\/#website"},"primaryImageOfPage":{"@id":"https:\/\/noticiasemdestaque.com\/cd\/?p=60267#primaryimage"},"image":{"@id":"https:\/\/noticiasemdestaque.com\/cd\/?p=60267#primaryimage"},"thumbnailUrl":"https:\/\/noticiasemdestaque.com\/cd\/wp-content\/uploads\/2024\/08\/download.jpeg","datePublished":"2024-08-22T17:26:41+00:00","breadcrumb":{"@id":"https:\/\/noticiasemdestaque.com\/cd\/?p=60267#breadcrumb"},"inLanguage":"pt-BR","potentialAction":[{"@type":"ReadAction","target":["https:\/\/noticiasemdestaque.com\/cd\/?p=60267"]}]},{"@type":"ImageObject","inLanguage":"pt-BR","@id":"https:\/\/noticiasemdestaque.com\/cd\/?p=60267#primaryimage","url":"https:\/\/noticiasemdestaque.com\/cd\/wp-content\/uploads\/2024\/08\/download.jpeg","contentUrl":"https:\/\/noticiasemdestaque.com\/cd\/wp-content\/uploads\/2024\/08\/download.jpeg","width":1024,"height":512},{"@type":"BreadcrumbList","@id":"https:\/\/noticiasemdestaque.com\/cd\/?p=60267#breadcrumb","itemListElement":[{"@type":"ListItem","position":1,"name":"In\u00edcio","item":"https:\/\/noticiasemdestaque.com\/cd\/"},{"@type":"ListItem","position":2,"name":"Inscri\u00e7\u00f5es para Fies do 2\u00ba semestre come\u00e7am nesta quinta-feira"}]},{"@type":"WebSite","@id":"https:\/\/noticiasemdestaque.com\/cd\/#website","url":"https:\/\/noticiasemdestaque.com\/cd\/","name":"Not&iacute;cias em Destaque","description":"","publisher":{"@id":"https:\/\/noticiasemdestaque.com\/cd\/#organization"},"potentialAction":[{"@type":"SearchAction","target":{"@type":"EntryPoint","urlTemplate":"https:\/\/noticiasemdestaque.com\/cd\/?s={search_term_string}"},"query-input":{"@type":"PropertyValueSpecification","valueRequired":true,"valueName":"search_term_string"}}],"inLanguage":"pt-BR"},{"@type":"Organization","@id":"https:\/\/noticiasemdestaque.com\/cd\/#organization","name":"Not\u00edcias em Destaque","url":"https:\/\/noticiasemdestaque.com\/cd\/","logo":{"@type":"ImageObject","inLanguage":"pt-BR","@id":"https:\/\/noticiasemdestaque.com\/cd\/#\/schema\/logo\/image\/","url":"https:\/\/noticiasemdestaque.com\/cd\/wp-content\/uploads\/2022\/05\/imagem-base-noticiasemdestaque.png","contentUrl":"https:\/\/noticiasemdestaque.com\/cd\/wp-content\/uploads\/2022\/05\/imagem-base-noticiasemdestaque.png","width":1200,"height":630,"caption":"Not\u00edcias em Destaque"},"image":{"@id":"https:\/\/noticiasemdestaque.com\/cd\/#\/schema\/logo\/image\/"}},{"@type":"Person","@id":"https:\/\/noticiasemdestaque.com\/cd\/#\/schema\/person\/45ca272b3e1246ef14ebb78a48dbb218","name":"Not\u00edcias em Destaque","url":"https:\/\/noticiasemdestaque.com\/cd\/?author=2"}]}},"jetpack_featured_media_url":"https:\/\/noticiasemdestaque.com\/cd\/wp-content\/uploads\/2024\/08\/download.jpeg","jetpack_sharing_enabled":true,"_links":{"self":[{"href":"https:\/\/noticiasemdestaque.com\/cd\/index.php?rest_route=\/wp\/v2\/posts\/60267","targetHints":{"allow":["GET"]}}],"collection":[{"href":"https:\/\/noticiasemdestaque.com\/cd\/index.php?rest_route=\/wp\/v2\/posts"}],"about":[{"href":"https:\/\/noticiasemdestaque.com\/cd\/index.php?rest_route=\/wp\/v2\/types\/post"}],"author":[{"embeddable":true,"href":"https:\/\/noticiasemdestaque.com\/cd\/index.php?rest_route=\/wp\/v2\/users\/2"}],"replies":[{"embeddable":true,"href":"https:\/\/noticiasemdestaque.com\/cd\/index.php?rest_route=%2Fwp%2Fv2%2Fcomments&post=60267"}],"version-history":[{"count":1,"href":"https:\/\/noticiasemdestaque.com\/cd\/index.php?rest_route=\/wp\/v2\/posts\/60267\/revisions"}],"predecessor-version":[{"id":60269,"href":"https:\/\/noticiasemdestaque.com\/cd\/index.php?rest_route=\/wp\/v2\/posts\/60267\/revisions\/60269"}],"wp:featuredmedia":[{"embeddable":true,"href":"https:\/\/noticiasemdestaque.com\/cd\/index.php?rest_route=\/wp\/v2\/media\/60268"}],"wp:attachment":[{"href":"https:\/\/noticiasemdestaque.com\/cd\/index.php?rest_route=%2Fwp%2Fv2%2Fmedia&parent=60267"}],"wp:term":[{"taxonomy":"category","embeddable":true,"href":"https:\/\/noticiasemdestaque.com\/cd\/index.php?rest_route=%2Fwp%2Fv2%2Fcategories&post=60267"},{"taxonomy":"post_tag","embeddable":true,"href":"https:\/\/noticiasemdestaque.com\/cd\/index.php?rest_route=%2Fwp%2Fv2%2Ftags&post=60267"}],"curies":[{"name":"wp","href":"https:\/\/api.w.org\/{rel}","templated":true}]}}