{"id":60261,"date":"2024-08-22T14:18:37","date_gmt":"2024-08-22T17:18:37","guid":{"rendered":"https:\/\/noticiasemdestaque.com\/cd\/?p=60261"},"modified":"2024-08-22T14:18:37","modified_gmt":"2024-08-22T17:18:37","slug":"paraiba-tera-novos-voos-para-sao-paulo-e-rio-de-janeiro","status":"publish","type":"post","link":"https:\/\/noticiasemdestaque.com\/cd\/?p=60261","title":{"rendered":"Para\u00edba ter\u00e1 novos voos para S\u00e3o Paulo e Rio de Janeiro"},"content":{"rendered":"<p><a href=\"https:\/\/noticiasemdestaque.com\/cd\/wp-content\/uploads\/2024\/08\/AEROPORTOCASTROPINTO-1.webp\"><img fetchpriority=\"high\" decoding=\"async\" class=\" wp-image-60262 aligncenter\" src=\"https:\/\/noticiasemdestaque.com\/cd\/wp-content\/uploads\/2024\/08\/AEROPORTOCASTROPINTO-1-300x200.webp\" alt=\"\" width=\"374\" height=\"249\" srcset=\"https:\/\/noticiasemdestaque.com\/cd\/wp-content\/uploads\/2024\/08\/AEROPORTOCASTROPINTO-1-300x200.webp 300w, https:\/\/noticiasemdestaque.com\/cd\/wp-content\/uploads\/2024\/08\/AEROPORTOCASTROPINTO-1.webp 675w\" sizes=\"(max-width: 374px) 100vw, 374px\" \/><\/a><\/p>\n<p>J\u00e1 est\u00e3o dispon\u00edveis para venda as passagens a\u00e9reas para os novos voos entre Jo\u00e3o Pessoa e S\u00e3o Paulo\/Congonhas (a partir de 27 de outubro) e Jo\u00e3o Pessoa-Rio de Janeiro\/Gale\u00e3o (a ser operado exclusivamente na alta temporada de novembro a fevereiro). Os voos s\u00e3o da Latam, que j\u00e1 opera regularmente em Jo\u00e3o Pessoa com rotas para Guarulhos e Bras\u00edlia. Este investimento na Para\u00edba faz parte dos esfor\u00e7os entre a companhia e o Governo do Estado, que oferece incentivo fiscal do Imposto sobre Circula\u00e7\u00e3o de Mercadorias e Servi\u00e7os (ICMS) sobre o combust\u00edvel de avia\u00e7\u00e3o.<\/p>\n<p>Para o secret\u00e1rio estadual de Turismo e Desenvolvimento Econ\u00f4mico, Miguel \u00c2ngelo, esta amplia\u00e7\u00e3o da malha a\u00e9rea \u00e9 o resultado de um esfor\u00e7o conjunto. \u201cN\u00f3s temos buscado construir um relacionamento institucional com as companhias a\u00e9reas de maneira tal que possamos construir uma agenda colaborativa enquanto Secretaria, enquanto Empresa Paraibana de Turismo, em linha tamb\u00e9m com a Secretaria da Fazenda, que \u00e9 uma grande parceira. Tudo para que possamos ter uma agenda propositiva junto com essas companhias a\u00e9reas, n\u00e3o s\u00f3 do ponto de vista da ren\u00fancia fiscal, que j\u00e1 \u00e9 um trabalho s\u00e9rio que o Governo do Estado vem fazendo na atra\u00e7\u00e3o de novos voos, mas tamb\u00e9m com rela\u00e7\u00e3o ao trabalho que a PBTur vem fazendo de fomento a essas novas ofertas de assentos a partir dos destinos nacionais e internacionais\u201d, ressaltou.<\/p>\n<p>A rota S\u00e3o Paulo\/Congonhas-Jo\u00e3o Pessoa ser\u00e1 operada seis vezes na semana. J\u00e1 a rota Rio de Janeiro\/Gale\u00e3o-Jo\u00e3o Pessoa contar\u00e1 com dois voos por semana (sexta-feira e domingo). Todos os voos ser\u00e3o realizados em aeronaves das fam\u00edlias Airbus A319 e A320, que acomodam at\u00e9 216 passageiros, dependendo do modelo.<\/p>\n<p>\u201cA Latam n\u00e3o conquistou 40% do mercado brasileiro \u00e0 toa. Esse n\u00famero \u00e9 resultado de muito investimento em produto, efici\u00eancia operacional e atendimento ao cliente. O investimento na Para\u00edba \u00e9 um exemplo do nosso compromisso de estarmos sempre atentos a todas as oportunidades de crescimento para permitir que mais brasileiros possam voar e descobrir o Pa\u00eds, sobretudo o Nordeste\u201d, comentou Aline Mafra, diretora de Vendas e Marketing da Latam Brasil.<\/p>\n<p>\u201cA conquista dos voos da Latam \u00e9 mais uma prova de como o trabalho realizado pelo Governo do Estado tem colocado a Para\u00edba como um mercado competitivo e consolidado no setor tur\u00edstico nacional. Seguimos trabalhando, promovendo e tra\u00e7ando novas estrat\u00e9gias para que a Para\u00edba continue com este crescimento cont\u00ednuo, tornando-se um dos principais mercados tur\u00edsticos do Brasil\u201d, destaca Ferdinando Lucena, presidente da PBTur.<\/p>\n<p>Noticias em destaque<\/p>\n","protected":false},"excerpt":{"rendered":"<p>J\u00e1 est\u00e3o dispon\u00edveis para venda as passagens a\u00e9reas para os novos voos entre Jo\u00e3o Pessoa e S\u00e3o Paulo\/Congonhas (a partir de 27 de outubro) e Jo\u00e3o Pessoa-Rio de Janeiro\/Gale\u00e3o (a ser operado exclusivamente na alta temporada de novembro a fevereiro). Os voos s\u00e3o da Latam, que j\u00e1 opera regularmente em Jo\u00e3o Pessoa com rotas para Guarulhos e Bras\u00edlia. Este investimento na Para\u00edba faz parte dos esfor\u00e7os entre a companhia e o Governo do Estado, que oferece incentivo fiscal do Imposto sobre Circula\u00e7\u00e3o de Mercadorias e Servi\u00e7os (ICMS) sobre o combust\u00edvel de avia\u00e7\u00e3o. Para o secret\u00e1rio estadual de Turismo e Desenvolvimento Econ\u00f4mico, Miguel \u00c2ngelo, esta amplia\u00e7\u00e3o da malha a\u00e9rea \u00e9 o resultado de um esfor\u00e7o conjunto. \u201cN\u00f3s temos buscado construir um relacionamento institucional com as companhias a\u00e9reas de maneira tal que possamos construir uma agenda colaborativa enquanto Secretaria, enquanto Empresa Paraibana de Turismo, em linha tamb\u00e9m com a Secretaria da Fazenda, que \u00e9 uma grande parceira. Tudo para que possamos ter uma agenda propositiva junto com essas companhias a\u00e9reas, n\u00e3o s\u00f3 do ponto de vista da ren\u00fancia fiscal, que j\u00e1 \u00e9 um trabalho s\u00e9rio que o Governo do Estado vem fazendo na atra\u00e7\u00e3o de novos voos, mas tamb\u00e9m com rela\u00e7\u00e3o ao trabalho que a PBTur vem fazendo de fomento a essas novas ofertas de assentos a partir dos destinos nacionais e internacionais\u201d, ressaltou. A rota S\u00e3o Paulo\/Congonhas-Jo\u00e3o Pessoa ser\u00e1 operada seis vezes na semana. J\u00e1 a rota Rio de Janeiro\/Gale\u00e3o-Jo\u00e3o Pessoa contar\u00e1 com dois voos por semana (sexta-feira e domingo). Todos os voos ser\u00e3o realizados em aeronaves das fam\u00edlias Airbus A319 e A320, que acomodam at\u00e9 216 passageiros, dependendo do modelo. \u201cA Latam n\u00e3o conquistou 40% do mercado brasileiro \u00e0 toa. Esse n\u00famero \u00e9 resultado de muito investimento em produto, efici\u00eancia operacional e atendimento ao cliente. O investimento na Para\u00edba \u00e9 um exemplo do nosso compromisso de estarmos sempre atentos a todas as oportunidades de crescimento para permitir que mais brasileiros possam voar e descobrir o Pa\u00eds, sobretudo o Nordeste\u201d, comentou Aline Mafra, diretora de Vendas e Marketing da Latam Brasil. \u201cA conquista dos voos da Latam \u00e9 mais uma prova de como o trabalho realizado pelo Governo do Estado tem colocado a Para\u00edba como um mercado competitivo e consolidado no setor tur\u00edstico nacional. Seguimos trabalhando, promovendo e tra\u00e7ando novas estrat\u00e9gias para que a Para\u00edba continue com este crescimento cont\u00ednuo, tornando-se um dos principais mercados tur\u00edsticos do Brasil\u201d, destaca Ferdinando Lucena, presidente da PBTur. Noticias em destaque<\/p>\n","protected":false},"author":2,"featured_media":60262,"comment_status":"closed","ping_status":"open","sticky":false,"template":"","format":"standard","meta":{"_eb_attr":"","_jetpack_memberships_contains_paid_content":false,"footnotes":""},"categories":[3],"tags":[],"class_list":["post-60261","post","type-post","status-publish","format-standard","has-post-thumbnail","hentry","category-cidades"],"yoast_head":"<!-- This site is optimized with the Yoast SEO plugin v26.5 - https:\/\/yoast.com\/wordpress\/plugins\/seo\/ -->\n<title>Para\u00edba ter\u00e1 novos voos para S\u00e3o Paulo e Rio de Janeiro - Not&iacute;cias em Destaque<\/title>\n<meta name=\"robots\" content=\"index, follow, max-snippet:-1, max-image-preview:large, max-video-preview:-1\" \/>\n<link rel=\"canonical\" href=\"https:\/\/noticiasemdestaque.com\/cd\/?p=60261\" \/>\n<meta property=\"og:locale\" content=\"pt_BR\" \/>\n<meta property=\"og:type\" content=\"article\" \/>\n<meta property=\"og:title\" content=\"Para\u00edba ter\u00e1 novos voos para S\u00e3o Paulo e Rio de Janeiro - Not&iacute;cias em Destaque\" \/>\n<meta property=\"og:description\" content=\"J\u00e1 est\u00e3o dispon\u00edveis para venda as passagens a\u00e9reas para os novos voos entre Jo\u00e3o Pessoa e S\u00e3o Paulo\/Congonhas (a partir de 27 de outubro) e Jo\u00e3o Pessoa-Rio de Janeiro\/Gale\u00e3o (a ser operado exclusivamente na alta temporada de novembro a fevereiro). Os voos s\u00e3o da Latam, que j\u00e1 opera regularmente em Jo\u00e3o Pessoa com rotas para Guarulhos e Bras\u00edlia. Este investimento na Para\u00edba faz parte dos esfor\u00e7os entre a companhia e o Governo do Estado, que oferece incentivo fiscal do Imposto sobre Circula\u00e7\u00e3o de Mercadorias e Servi\u00e7os (ICMS) sobre o combust\u00edvel de avia\u00e7\u00e3o. Para o secret\u00e1rio estadual de Turismo e Desenvolvimento Econ\u00f4mico, Miguel \u00c2ngelo, esta amplia\u00e7\u00e3o da malha a\u00e9rea \u00e9 o resultado de um esfor\u00e7o conjunto. \u201cN\u00f3s temos buscado construir um relacionamento institucional com as companhias a\u00e9reas de maneira tal que possamos construir uma agenda colaborativa enquanto Secretaria, enquanto Empresa Paraibana de Turismo, em linha tamb\u00e9m com a Secretaria da Fazenda, que \u00e9 uma grande parceira. Tudo para que possamos ter uma agenda propositiva junto com essas companhias a\u00e9reas, n\u00e3o s\u00f3 do ponto de vista da ren\u00fancia fiscal, que j\u00e1 \u00e9 um trabalho s\u00e9rio que o Governo do Estado vem fazendo na atra\u00e7\u00e3o de novos voos, mas tamb\u00e9m com rela\u00e7\u00e3o ao trabalho que a PBTur vem fazendo de fomento a essas novas ofertas de assentos a partir dos destinos nacionais e internacionais\u201d, ressaltou. A rota S\u00e3o Paulo\/Congonhas-Jo\u00e3o Pessoa ser\u00e1 operada seis vezes na semana. J\u00e1 a rota Rio de Janeiro\/Gale\u00e3o-Jo\u00e3o Pessoa contar\u00e1 com dois voos por semana (sexta-feira e domingo). Todos os voos ser\u00e3o realizados em aeronaves das fam\u00edlias Airbus A319 e A320, que acomodam at\u00e9 216 passageiros, dependendo do modelo. \u201cA Latam n\u00e3o conquistou 40% do mercado brasileiro \u00e0 toa. Esse n\u00famero \u00e9 resultado de muito investimento em produto, efici\u00eancia operacional e atendimento ao cliente. O investimento na Para\u00edba \u00e9 um exemplo do nosso compromisso de estarmos sempre atentos a todas as oportunidades de crescimento para permitir que mais brasileiros possam voar e descobrir o Pa\u00eds, sobretudo o Nordeste\u201d, comentou Aline Mafra, diretora de Vendas e Marketing da Latam Brasil. \u201cA conquista dos voos da Latam \u00e9 mais uma prova de como o trabalho realizado pelo Governo do Estado tem colocado a Para\u00edba como um mercado competitivo e consolidado no setor tur\u00edstico nacional. Seguimos trabalhando, promovendo e tra\u00e7ando novas estrat\u00e9gias para que a Para\u00edba continue com este crescimento cont\u00ednuo, tornando-se um dos principais mercados tur\u00edsticos do Brasil\u201d, destaca Ferdinando Lucena, presidente da PBTur. Noticias em destaque\" \/>\n<meta property=\"og:url\" content=\"https:\/\/noticiasemdestaque.com\/cd\/?p=60261\" \/>\n<meta property=\"og:site_name\" content=\"Not&iacute;cias em Destaque\" \/>\n<meta property=\"article:published_time\" content=\"2024-08-22T17:18:37+00:00\" \/>\n<meta property=\"og:image\" content=\"https:\/\/noticiasemdestaque.com\/cd\/wp-content\/uploads\/2024\/08\/AEROPORTOCASTROPINTO-1.webp\" \/>\n\t<meta property=\"og:image:width\" content=\"675\" \/>\n\t<meta property=\"og:image:height\" content=\"450\" \/>\n\t<meta property=\"og:image:type\" content=\"image\/webp\" \/>\n<meta name=\"author\" content=\"Not\u00edcias em Destaque\" \/>\n<meta name=\"twitter:card\" content=\"summary_large_image\" \/>\n<meta name=\"twitter:label1\" content=\"Escrito por\" \/>\n\t<meta name=\"twitter:data1\" content=\"Not\u00edcias em Destaque\" \/>\n\t<meta name=\"twitter:label2\" content=\"Est. tempo de leitura\" \/>\n\t<meta name=\"twitter:data2\" content=\"3 minutos\" \/>\n<script type=\"application\/ld+json\" class=\"yoast-schema-graph\">{\"@context\":\"https:\/\/schema.org\",\"@graph\":[{\"@type\":\"Article\",\"@id\":\"https:\/\/noticiasemdestaque.com\/cd\/?p=60261#article\",\"isPartOf\":{\"@id\":\"https:\/\/noticiasemdestaque.com\/cd\/?p=60261\"},\"author\":{\"name\":\"Not\u00edcias em Destaque\",\"@id\":\"https:\/\/noticiasemdestaque.com\/cd\/#\/schema\/person\/45ca272b3e1246ef14ebb78a48dbb218\"},\"headline\":\"Para\u00edba ter\u00e1 novos voos para S\u00e3o Paulo e Rio de Janeiro\",\"datePublished\":\"2024-08-22T17:18:37+00:00\",\"mainEntityOfPage\":{\"@id\":\"https:\/\/noticiasemdestaque.com\/cd\/?p=60261\"},\"wordCount\":462,\"publisher\":{\"@id\":\"https:\/\/noticiasemdestaque.com\/cd\/#organization\"},\"image\":{\"@id\":\"https:\/\/noticiasemdestaque.com\/cd\/?p=60261#primaryimage\"},\"thumbnailUrl\":\"https:\/\/noticiasemdestaque.com\/cd\/wp-content\/uploads\/2024\/08\/AEROPORTOCASTROPINTO-1.webp\",\"articleSection\":[\"Cidades\"],\"inLanguage\":\"pt-BR\"},{\"@type\":\"WebPage\",\"@id\":\"https:\/\/noticiasemdestaque.com\/cd\/?p=60261\",\"url\":\"https:\/\/noticiasemdestaque.com\/cd\/?p=60261\",\"name\":\"Para\u00edba ter\u00e1 novos voos para S\u00e3o Paulo e Rio de Janeiro - Not&iacute;cias em Destaque\",\"isPartOf\":{\"@id\":\"https:\/\/noticiasemdestaque.com\/cd\/#website\"},\"primaryImageOfPage\":{\"@id\":\"https:\/\/noticiasemdestaque.com\/cd\/?p=60261#primaryimage\"},\"image\":{\"@id\":\"https:\/\/noticiasemdestaque.com\/cd\/?p=60261#primaryimage\"},\"thumbnailUrl\":\"https:\/\/noticiasemdestaque.com\/cd\/wp-content\/uploads\/2024\/08\/AEROPORTOCASTROPINTO-1.webp\",\"datePublished\":\"2024-08-22T17:18:37+00:00\",\"breadcrumb\":{\"@id\":\"https:\/\/noticiasemdestaque.com\/cd\/?p=60261#breadcrumb\"},\"inLanguage\":\"pt-BR\",\"potentialAction\":[{\"@type\":\"ReadAction\",\"target\":[\"https:\/\/noticiasemdestaque.com\/cd\/?p=60261\"]}]},{\"@type\":\"ImageObject\",\"inLanguage\":\"pt-BR\",\"@id\":\"https:\/\/noticiasemdestaque.com\/cd\/?p=60261#primaryimage\",\"url\":\"https:\/\/noticiasemdestaque.com\/cd\/wp-content\/uploads\/2024\/08\/AEROPORTOCASTROPINTO-1.webp\",\"contentUrl\":\"https:\/\/noticiasemdestaque.com\/cd\/wp-content\/uploads\/2024\/08\/AEROPORTOCASTROPINTO-1.webp\",\"width\":675,\"height\":450},{\"@type\":\"BreadcrumbList\",\"@id\":\"https:\/\/noticiasemdestaque.com\/cd\/?p=60261#breadcrumb\",\"itemListElement\":[{\"@type\":\"ListItem\",\"position\":1,\"name\":\"In\u00edcio\",\"item\":\"https:\/\/noticiasemdestaque.com\/cd\/\"},{\"@type\":\"ListItem\",\"position\":2,\"name\":\"Para\u00edba ter\u00e1 novos voos para S\u00e3o Paulo e Rio de Janeiro\"}]},{\"@type\":\"WebSite\",\"@id\":\"https:\/\/noticiasemdestaque.com\/cd\/#website\",\"url\":\"https:\/\/noticiasemdestaque.com\/cd\/\",\"name\":\"Not&iacute;cias em Destaque\",\"description\":\"\",\"publisher\":{\"@id\":\"https:\/\/noticiasemdestaque.com\/cd\/#organization\"},\"potentialAction\":[{\"@type\":\"SearchAction\",\"target\":{\"@type\":\"EntryPoint\",\"urlTemplate\":\"https:\/\/noticiasemdestaque.com\/cd\/?s={search_term_string}\"},\"query-input\":{\"@type\":\"PropertyValueSpecification\",\"valueRequired\":true,\"valueName\":\"search_term_string\"}}],\"inLanguage\":\"pt-BR\"},{\"@type\":\"Organization\",\"@id\":\"https:\/\/noticiasemdestaque.com\/cd\/#organization\",\"name\":\"Not\u00edcias em Destaque\",\"url\":\"https:\/\/noticiasemdestaque.com\/cd\/\",\"logo\":{\"@type\":\"ImageObject\",\"inLanguage\":\"pt-BR\",\"@id\":\"https:\/\/noticiasemdestaque.com\/cd\/#\/schema\/logo\/image\/\",\"url\":\"https:\/\/noticiasemdestaque.com\/cd\/wp-content\/uploads\/2022\/05\/imagem-base-noticiasemdestaque.png\",\"contentUrl\":\"https:\/\/noticiasemdestaque.com\/cd\/wp-content\/uploads\/2022\/05\/imagem-base-noticiasemdestaque.png\",\"width\":1200,\"height\":630,\"caption\":\"Not\u00edcias em Destaque\"},\"image\":{\"@id\":\"https:\/\/noticiasemdestaque.com\/cd\/#\/schema\/logo\/image\/\"}},{\"@type\":\"Person\",\"@id\":\"https:\/\/noticiasemdestaque.com\/cd\/#\/schema\/person\/45ca272b3e1246ef14ebb78a48dbb218\",\"name\":\"Not\u00edcias em Destaque\",\"url\":\"https:\/\/noticiasemdestaque.com\/cd\/?author=2\"}]}<\/script>\n<!-- \/ Yoast SEO plugin. -->","yoast_head_json":{"title":"Para\u00edba ter\u00e1 novos voos para S\u00e3o Paulo e Rio de Janeiro - Not&iacute;cias em Destaque","robots":{"index":"index","follow":"follow","max-snippet":"max-snippet:-1","max-image-preview":"max-image-preview:large","max-video-preview":"max-video-preview:-1"},"canonical":"https:\/\/noticiasemdestaque.com\/cd\/?p=60261","og_locale":"pt_BR","og_type":"article","og_title":"Para\u00edba ter\u00e1 novos voos para S\u00e3o Paulo e Rio de Janeiro - Not&iacute;cias em Destaque","og_description":"J\u00e1 est\u00e3o dispon\u00edveis para venda as passagens a\u00e9reas para os novos voos entre Jo\u00e3o Pessoa e S\u00e3o Paulo\/Congonhas (a partir de 27 de outubro) e Jo\u00e3o Pessoa-Rio de Janeiro\/Gale\u00e3o (a ser operado exclusivamente na alta temporada de novembro a fevereiro). Os voos s\u00e3o da Latam, que j\u00e1 opera regularmente em Jo\u00e3o Pessoa com rotas para Guarulhos e Bras\u00edlia. Este investimento na Para\u00edba faz parte dos esfor\u00e7os entre a companhia e o Governo do Estado, que oferece incentivo fiscal do Imposto sobre Circula\u00e7\u00e3o de Mercadorias e Servi\u00e7os (ICMS) sobre o combust\u00edvel de avia\u00e7\u00e3o. Para o secret\u00e1rio estadual de Turismo e Desenvolvimento Econ\u00f4mico, Miguel \u00c2ngelo, esta amplia\u00e7\u00e3o da malha a\u00e9rea \u00e9 o resultado de um esfor\u00e7o conjunto. \u201cN\u00f3s temos buscado construir um relacionamento institucional com as companhias a\u00e9reas de maneira tal que possamos construir uma agenda colaborativa enquanto Secretaria, enquanto Empresa Paraibana de Turismo, em linha tamb\u00e9m com a Secretaria da Fazenda, que \u00e9 uma grande parceira. Tudo para que possamos ter uma agenda propositiva junto com essas companhias a\u00e9reas, n\u00e3o s\u00f3 do ponto de vista da ren\u00fancia fiscal, que j\u00e1 \u00e9 um trabalho s\u00e9rio que o Governo do Estado vem fazendo na atra\u00e7\u00e3o de novos voos, mas tamb\u00e9m com rela\u00e7\u00e3o ao trabalho que a PBTur vem fazendo de fomento a essas novas ofertas de assentos a partir dos destinos nacionais e internacionais\u201d, ressaltou. A rota S\u00e3o Paulo\/Congonhas-Jo\u00e3o Pessoa ser\u00e1 operada seis vezes na semana. J\u00e1 a rota Rio de Janeiro\/Gale\u00e3o-Jo\u00e3o Pessoa contar\u00e1 com dois voos por semana (sexta-feira e domingo). Todos os voos ser\u00e3o realizados em aeronaves das fam\u00edlias Airbus A319 e A320, que acomodam at\u00e9 216 passageiros, dependendo do modelo. \u201cA Latam n\u00e3o conquistou 40% do mercado brasileiro \u00e0 toa. Esse n\u00famero \u00e9 resultado de muito investimento em produto, efici\u00eancia operacional e atendimento ao cliente. O investimento na Para\u00edba \u00e9 um exemplo do nosso compromisso de estarmos sempre atentos a todas as oportunidades de crescimento para permitir que mais brasileiros possam voar e descobrir o Pa\u00eds, sobretudo o Nordeste\u201d, comentou Aline Mafra, diretora de Vendas e Marketing da Latam Brasil. \u201cA conquista dos voos da Latam \u00e9 mais uma prova de como o trabalho realizado pelo Governo do Estado tem colocado a Para\u00edba como um mercado competitivo e consolidado no setor tur\u00edstico nacional. Seguimos trabalhando, promovendo e tra\u00e7ando novas estrat\u00e9gias para que a Para\u00edba continue com este crescimento cont\u00ednuo, tornando-se um dos principais mercados tur\u00edsticos do Brasil\u201d, destaca Ferdinando Lucena, presidente da PBTur. Noticias em destaque","og_url":"https:\/\/noticiasemdestaque.com\/cd\/?p=60261","og_site_name":"Not&iacute;cias em Destaque","article_published_time":"2024-08-22T17:18:37+00:00","og_image":[{"width":675,"height":450,"url":"https:\/\/noticiasemdestaque.com\/cd\/wp-content\/uploads\/2024\/08\/AEROPORTOCASTROPINTO-1.webp","type":"image\/webp"}],"author":"Not\u00edcias em Destaque","twitter_card":"summary_large_image","twitter_misc":{"Escrito por":"Not\u00edcias em Destaque","Est. tempo de leitura":"3 minutos"},"schema":{"@context":"https:\/\/schema.org","@graph":[{"@type":"Article","@id":"https:\/\/noticiasemdestaque.com\/cd\/?p=60261#article","isPartOf":{"@id":"https:\/\/noticiasemdestaque.com\/cd\/?p=60261"},"author":{"name":"Not\u00edcias em Destaque","@id":"https:\/\/noticiasemdestaque.com\/cd\/#\/schema\/person\/45ca272b3e1246ef14ebb78a48dbb218"},"headline":"Para\u00edba ter\u00e1 novos voos para S\u00e3o Paulo e Rio de Janeiro","datePublished":"2024-08-22T17:18:37+00:00","mainEntityOfPage":{"@id":"https:\/\/noticiasemdestaque.com\/cd\/?p=60261"},"wordCount":462,"publisher":{"@id":"https:\/\/noticiasemdestaque.com\/cd\/#organization"},"image":{"@id":"https:\/\/noticiasemdestaque.com\/cd\/?p=60261#primaryimage"},"thumbnailUrl":"https:\/\/noticiasemdestaque.com\/cd\/wp-content\/uploads\/2024\/08\/AEROPORTOCASTROPINTO-1.webp","articleSection":["Cidades"],"inLanguage":"pt-BR"},{"@type":"WebPage","@id":"https:\/\/noticiasemdestaque.com\/cd\/?p=60261","url":"https:\/\/noticiasemdestaque.com\/cd\/?p=60261","name":"Para\u00edba ter\u00e1 novos voos para S\u00e3o Paulo e Rio de Janeiro - Not&iacute;cias em Destaque","isPartOf":{"@id":"https:\/\/noticiasemdestaque.com\/cd\/#website"},"primaryImageOfPage":{"@id":"https:\/\/noticiasemdestaque.com\/cd\/?p=60261#primaryimage"},"image":{"@id":"https:\/\/noticiasemdestaque.com\/cd\/?p=60261#primaryimage"},"thumbnailUrl":"https:\/\/noticiasemdestaque.com\/cd\/wp-content\/uploads\/2024\/08\/AEROPORTOCASTROPINTO-1.webp","datePublished":"2024-08-22T17:18:37+00:00","breadcrumb":{"@id":"https:\/\/noticiasemdestaque.com\/cd\/?p=60261#breadcrumb"},"inLanguage":"pt-BR","potentialAction":[{"@type":"ReadAction","target":["https:\/\/noticiasemdestaque.com\/cd\/?p=60261"]}]},{"@type":"ImageObject","inLanguage":"pt-BR","@id":"https:\/\/noticiasemdestaque.com\/cd\/?p=60261#primaryimage","url":"https:\/\/noticiasemdestaque.com\/cd\/wp-content\/uploads\/2024\/08\/AEROPORTOCASTROPINTO-1.webp","contentUrl":"https:\/\/noticiasemdestaque.com\/cd\/wp-content\/uploads\/2024\/08\/AEROPORTOCASTROPINTO-1.webp","width":675,"height":450},{"@type":"BreadcrumbList","@id":"https:\/\/noticiasemdestaque.com\/cd\/?p=60261#breadcrumb","itemListElement":[{"@type":"ListItem","position":1,"name":"In\u00edcio","item":"https:\/\/noticiasemdestaque.com\/cd\/"},{"@type":"ListItem","position":2,"name":"Para\u00edba ter\u00e1 novos voos para S\u00e3o Paulo e Rio de Janeiro"}]},{"@type":"WebSite","@id":"https:\/\/noticiasemdestaque.com\/cd\/#website","url":"https:\/\/noticiasemdestaque.com\/cd\/","name":"Not&iacute;cias em Destaque","description":"","publisher":{"@id":"https:\/\/noticiasemdestaque.com\/cd\/#organization"},"potentialAction":[{"@type":"SearchAction","target":{"@type":"EntryPoint","urlTemplate":"https:\/\/noticiasemdestaque.com\/cd\/?s={search_term_string}"},"query-input":{"@type":"PropertyValueSpecification","valueRequired":true,"valueName":"search_term_string"}}],"inLanguage":"pt-BR"},{"@type":"Organization","@id":"https:\/\/noticiasemdestaque.com\/cd\/#organization","name":"Not\u00edcias em Destaque","url":"https:\/\/noticiasemdestaque.com\/cd\/","logo":{"@type":"ImageObject","inLanguage":"pt-BR","@id":"https:\/\/noticiasemdestaque.com\/cd\/#\/schema\/logo\/image\/","url":"https:\/\/noticiasemdestaque.com\/cd\/wp-content\/uploads\/2022\/05\/imagem-base-noticiasemdestaque.png","contentUrl":"https:\/\/noticiasemdestaque.com\/cd\/wp-content\/uploads\/2022\/05\/imagem-base-noticiasemdestaque.png","width":1200,"height":630,"caption":"Not\u00edcias em Destaque"},"image":{"@id":"https:\/\/noticiasemdestaque.com\/cd\/#\/schema\/logo\/image\/"}},{"@type":"Person","@id":"https:\/\/noticiasemdestaque.com\/cd\/#\/schema\/person\/45ca272b3e1246ef14ebb78a48dbb218","name":"Not\u00edcias em Destaque","url":"https:\/\/noticiasemdestaque.com\/cd\/?author=2"}]}},"jetpack_featured_media_url":"https:\/\/noticiasemdestaque.com\/cd\/wp-content\/uploads\/2024\/08\/AEROPORTOCASTROPINTO-1.webp","jetpack_sharing_enabled":true,"_links":{"self":[{"href":"https:\/\/noticiasemdestaque.com\/cd\/index.php?rest_route=\/wp\/v2\/posts\/60261","targetHints":{"allow":["GET"]}}],"collection":[{"href":"https:\/\/noticiasemdestaque.com\/cd\/index.php?rest_route=\/wp\/v2\/posts"}],"about":[{"href":"https:\/\/noticiasemdestaque.com\/cd\/index.php?rest_route=\/wp\/v2\/types\/post"}],"author":[{"embeddable":true,"href":"https:\/\/noticiasemdestaque.com\/cd\/index.php?rest_route=\/wp\/v2\/users\/2"}],"replies":[{"embeddable":true,"href":"https:\/\/noticiasemdestaque.com\/cd\/index.php?rest_route=%2Fwp%2Fv2%2Fcomments&post=60261"}],"version-history":[{"count":1,"href":"https:\/\/noticiasemdestaque.com\/cd\/index.php?rest_route=\/wp\/v2\/posts\/60261\/revisions"}],"predecessor-version":[{"id":60263,"href":"https:\/\/noticiasemdestaque.com\/cd\/index.php?rest_route=\/wp\/v2\/posts\/60261\/revisions\/60263"}],"wp:featuredmedia":[{"embeddable":true,"href":"https:\/\/noticiasemdestaque.com\/cd\/index.php?rest_route=\/wp\/v2\/media\/60262"}],"wp:attachment":[{"href":"https:\/\/noticiasemdestaque.com\/cd\/index.php?rest_route=%2Fwp%2Fv2%2Fmedia&parent=60261"}],"wp:term":[{"taxonomy":"category","embeddable":true,"href":"https:\/\/noticiasemdestaque.com\/cd\/index.php?rest_route=%2Fwp%2Fv2%2Fcategories&post=60261"},{"taxonomy":"post_tag","embeddable":true,"href":"https:\/\/noticiasemdestaque.com\/cd\/index.php?rest_route=%2Fwp%2Fv2%2Ftags&post=60261"}],"curies":[{"name":"wp","href":"https:\/\/api.w.org\/{rel}","templated":true}]}}