{"id":60153,"date":"2024-08-19T14:31:45","date_gmt":"2024-08-19T17:31:45","guid":{"rendered":"https:\/\/noticiasemdestaque.com\/cd\/?p=60153"},"modified":"2024-08-19T14:31:53","modified_gmt":"2024-08-19T17:31:53","slug":"caixa-comeca-a-pagar-nesta-segunda-feira-bolsa-familia-de-agosto-2","status":"publish","type":"post","link":"https:\/\/noticiasemdestaque.com\/cd\/?p=60153","title":{"rendered":"Caixa come\u00e7a a pagar nesta segunda-feira Bolsa Fam\u00edlia de agosto"},"content":{"rendered":"<p><a href=\"https:\/\/noticiasemdestaque.com\/cd\/wp-content\/uploads\/2024\/08\/c6e78344-d174-432e-a0d7-dfc1e6e11520.jpeg\"><img fetchpriority=\"high\" decoding=\"async\" class=\"size-medium wp-image-60154 aligncenter\" src=\"https:\/\/noticiasemdestaque.com\/cd\/wp-content\/uploads\/2024\/08\/c6e78344-d174-432e-a0d7-dfc1e6e11520-300x300.jpeg\" alt=\"\" width=\"300\" height=\"300\" srcset=\"https:\/\/noticiasemdestaque.com\/cd\/wp-content\/uploads\/2024\/08\/c6e78344-d174-432e-a0d7-dfc1e6e11520-300x300.jpeg 300w, https:\/\/noticiasemdestaque.com\/cd\/wp-content\/uploads\/2024\/08\/c6e78344-d174-432e-a0d7-dfc1e6e11520-150x150.jpeg 150w, https:\/\/noticiasemdestaque.com\/cd\/wp-content\/uploads\/2024\/08\/c6e78344-d174-432e-a0d7-dfc1e6e11520.jpeg 600w\" sizes=\"(max-width: 300px) 100vw, 300px\" \/><\/a><\/p>\n<p>Na segunda e ter\u00e7a-feira, dia 19 e 20 de agosto, a equipe de vacina\u00e7\u00e3o estar\u00e1 visitando as comunidades rurais da \u00e1rea de atua\u00e7\u00e3o da Agente Comunit\u00e1ria de Sa\u00fade Sandra, s\u00e3o ela: Oiti, Olho d\u2019agua do Cunha, Lagoa da Cruz, Riach\u00e3o II, Pitombeira e Agrestina(pitombeira).<\/p>\n<p>Na quarta-feira, dia 21, \u00e1rea de atua\u00e7\u00e3o do Agente Comunit\u00e1ria de Sa\u00fade Marcelo: Assentamento Mandacaru, Cachoeirinha, Fazenda Jerimum, Fazenda Veneza do Ju\u00e1, Ju\u00e1, Jurema, Olho D\u2019agua do Ju\u00e1, Pedra Rachada, Princesa do Ju\u00e1, Ro\u00e7ado do Mato, Porteiras, Quixaba.<\/p>\n<p>Na quinta-feira, dia 22, \u00e1rea de atua\u00e7\u00e3o da Agente Comunit\u00e1ria de Sa\u00fade, Carmem: Riacho Fundo, Assentamento Mandacaru, Assentamento Novo Horizonte, Chincho de Baixo, Brava de Baixo, do Meio e de Cima, Firmeza, Paciente, Varzea do Meio, Impoeira do Po\u00e7o, Lagoa dos Pinh\u00f5es, Pedro Atravessada, Alexandria, Aroeira e Pinica Pau. Na sexta-feira, dia 23, \u00e1rea de atua\u00e7\u00e3o da Agente Comunit\u00e1ria de Sa\u00fade, Suerda: Cachoeirinha de Baixo e de Cima, Malhada da Pedra, Porteiras, Concei\u00e7\u00e3o e Caxing\u00f3.<\/p>\n<p>Noticias em destaque<\/p>\n","protected":false},"excerpt":{"rendered":"<p>Na segunda e ter\u00e7a-feira, dia 19 e 20 de agosto, a equipe de vacina\u00e7\u00e3o estar\u00e1 visitando as comunidades rurais da \u00e1rea de atua\u00e7\u00e3o da Agente Comunit\u00e1ria de Sa\u00fade Sandra, s\u00e3o ela: Oiti, Olho d\u2019agua do Cunha, Lagoa da Cruz, Riach\u00e3o II, Pitombeira e Agrestina(pitombeira). Na quarta-feira, dia 21, \u00e1rea de atua\u00e7\u00e3o do Agente Comunit\u00e1ria de Sa\u00fade Marcelo: Assentamento Mandacaru, Cachoeirinha, Fazenda Jerimum, Fazenda Veneza do Ju\u00e1, Ju\u00e1, Jurema, Olho D\u2019agua do Ju\u00e1, Pedra Rachada, Princesa do Ju\u00e1, Ro\u00e7ado do Mato, Porteiras, Quixaba. Na quinta-feira, dia 22, \u00e1rea de atua\u00e7\u00e3o da Agente Comunit\u00e1ria de Sa\u00fade, Carmem: Riacho Fundo, Assentamento Mandacaru, Assentamento Novo Horizonte, Chincho de Baixo, Brava de Baixo, do Meio e de Cima, Firmeza, Paciente, Varzea do Meio, Impoeira do Po\u00e7o, Lagoa dos Pinh\u00f5es, Pedro Atravessada, Alexandria, Aroeira e Pinica Pau. Na sexta-feira, dia 23, \u00e1rea de atua\u00e7\u00e3o da Agente Comunit\u00e1ria de Sa\u00fade, Suerda: Cachoeirinha de Baixo e de Cima, Malhada da Pedra, Porteiras, Concei\u00e7\u00e3o e Caxing\u00f3. Noticias em destaque<\/p>\n","protected":false},"author":2,"featured_media":60154,"comment_status":"closed","ping_status":"open","sticky":false,"template":"","format":"standard","meta":{"_eb_attr":"","_jetpack_memberships_contains_paid_content":false,"footnotes":""},"categories":[3],"tags":[],"class_list":["post-60153","post","type-post","status-publish","format-standard","has-post-thumbnail","hentry","category-cidades"],"yoast_head":"<!-- This site is optimized with the Yoast SEO plugin v26.5 - https:\/\/yoast.com\/wordpress\/plugins\/seo\/ -->\n<title>Caixa come\u00e7a a pagar nesta segunda-feira Bolsa Fam\u00edlia de agosto - Not&iacute;cias em Destaque<\/title>\n<meta name=\"robots\" content=\"index, follow, max-snippet:-1, max-image-preview:large, max-video-preview:-1\" \/>\n<link rel=\"canonical\" href=\"https:\/\/noticiasemdestaque.com\/cd\/?p=60153\" \/>\n<meta property=\"og:locale\" content=\"pt_BR\" \/>\n<meta property=\"og:type\" content=\"article\" \/>\n<meta property=\"og:title\" content=\"Caixa come\u00e7a a pagar nesta segunda-feira Bolsa Fam\u00edlia de agosto - Not&iacute;cias em Destaque\" \/>\n<meta property=\"og:description\" content=\"Na segunda e ter\u00e7a-feira, dia 19 e 20 de agosto, a equipe de vacina\u00e7\u00e3o estar\u00e1 visitando as comunidades rurais da \u00e1rea de atua\u00e7\u00e3o da Agente Comunit\u00e1ria de Sa\u00fade Sandra, s\u00e3o ela: Oiti, Olho d\u2019agua do Cunha, Lagoa da Cruz, Riach\u00e3o II, Pitombeira e Agrestina(pitombeira). Na quarta-feira, dia 21, \u00e1rea de atua\u00e7\u00e3o do Agente Comunit\u00e1ria de Sa\u00fade Marcelo: Assentamento Mandacaru, Cachoeirinha, Fazenda Jerimum, Fazenda Veneza do Ju\u00e1, Ju\u00e1, Jurema, Olho D\u2019agua do Ju\u00e1, Pedra Rachada, Princesa do Ju\u00e1, Ro\u00e7ado do Mato, Porteiras, Quixaba. Na quinta-feira, dia 22, \u00e1rea de atua\u00e7\u00e3o da Agente Comunit\u00e1ria de Sa\u00fade, Carmem: Riacho Fundo, Assentamento Mandacaru, Assentamento Novo Horizonte, Chincho de Baixo, Brava de Baixo, do Meio e de Cima, Firmeza, Paciente, Varzea do Meio, Impoeira do Po\u00e7o, Lagoa dos Pinh\u00f5es, Pedro Atravessada, Alexandria, Aroeira e Pinica Pau. Na sexta-feira, dia 23, \u00e1rea de atua\u00e7\u00e3o da Agente Comunit\u00e1ria de Sa\u00fade, Suerda: Cachoeirinha de Baixo e de Cima, Malhada da Pedra, Porteiras, Concei\u00e7\u00e3o e Caxing\u00f3. Noticias em destaque\" \/>\n<meta property=\"og:url\" content=\"https:\/\/noticiasemdestaque.com\/cd\/?p=60153\" \/>\n<meta property=\"og:site_name\" content=\"Not&iacute;cias em Destaque\" \/>\n<meta property=\"article:published_time\" content=\"2024-08-19T17:31:45+00:00\" \/>\n<meta property=\"article:modified_time\" content=\"2024-08-19T17:31:53+00:00\" \/>\n<meta property=\"og:image\" content=\"https:\/\/noticiasemdestaque.com\/cd\/wp-content\/uploads\/2024\/08\/c6e78344-d174-432e-a0d7-dfc1e6e11520.jpeg\" \/>\n\t<meta property=\"og:image:width\" content=\"600\" \/>\n\t<meta property=\"og:image:height\" content=\"600\" \/>\n\t<meta property=\"og:image:type\" content=\"image\/jpeg\" \/>\n<meta name=\"author\" content=\"Not\u00edcias em Destaque\" \/>\n<meta name=\"twitter:card\" content=\"summary_large_image\" \/>\n<meta name=\"twitter:label1\" content=\"Escrito por\" \/>\n\t<meta name=\"twitter:data1\" content=\"Not\u00edcias em Destaque\" \/>\n\t<meta name=\"twitter:label2\" content=\"Est. tempo de leitura\" \/>\n\t<meta name=\"twitter:data2\" content=\"2 minutos\" \/>\n<script type=\"application\/ld+json\" class=\"yoast-schema-graph\">{\"@context\":\"https:\/\/schema.org\",\"@graph\":[{\"@type\":\"Article\",\"@id\":\"https:\/\/noticiasemdestaque.com\/cd\/?p=60153#article\",\"isPartOf\":{\"@id\":\"https:\/\/noticiasemdestaque.com\/cd\/?p=60153\"},\"author\":{\"name\":\"Not\u00edcias em Destaque\",\"@id\":\"https:\/\/noticiasemdestaque.com\/cd\/#\/schema\/person\/45ca272b3e1246ef14ebb78a48dbb218\"},\"headline\":\"Caixa come\u00e7a a pagar nesta segunda-feira Bolsa Fam\u00edlia de agosto\",\"datePublished\":\"2024-08-19T17:31:45+00:00\",\"dateModified\":\"2024-08-19T17:31:53+00:00\",\"mainEntityOfPage\":{\"@id\":\"https:\/\/noticiasemdestaque.com\/cd\/?p=60153\"},\"wordCount\":190,\"publisher\":{\"@id\":\"https:\/\/noticiasemdestaque.com\/cd\/#organization\"},\"image\":{\"@id\":\"https:\/\/noticiasemdestaque.com\/cd\/?p=60153#primaryimage\"},\"thumbnailUrl\":\"https:\/\/noticiasemdestaque.com\/cd\/wp-content\/uploads\/2024\/08\/c6e78344-d174-432e-a0d7-dfc1e6e11520.jpeg\",\"articleSection\":[\"Cidades\"],\"inLanguage\":\"pt-BR\"},{\"@type\":\"WebPage\",\"@id\":\"https:\/\/noticiasemdestaque.com\/cd\/?p=60153\",\"url\":\"https:\/\/noticiasemdestaque.com\/cd\/?p=60153\",\"name\":\"Caixa come\u00e7a a pagar nesta segunda-feira Bolsa Fam\u00edlia de agosto - Not&iacute;cias em Destaque\",\"isPartOf\":{\"@id\":\"https:\/\/noticiasemdestaque.com\/cd\/#website\"},\"primaryImageOfPage\":{\"@id\":\"https:\/\/noticiasemdestaque.com\/cd\/?p=60153#primaryimage\"},\"image\":{\"@id\":\"https:\/\/noticiasemdestaque.com\/cd\/?p=60153#primaryimage\"},\"thumbnailUrl\":\"https:\/\/noticiasemdestaque.com\/cd\/wp-content\/uploads\/2024\/08\/c6e78344-d174-432e-a0d7-dfc1e6e11520.jpeg\",\"datePublished\":\"2024-08-19T17:31:45+00:00\",\"dateModified\":\"2024-08-19T17:31:53+00:00\",\"breadcrumb\":{\"@id\":\"https:\/\/noticiasemdestaque.com\/cd\/?p=60153#breadcrumb\"},\"inLanguage\":\"pt-BR\",\"potentialAction\":[{\"@type\":\"ReadAction\",\"target\":[\"https:\/\/noticiasemdestaque.com\/cd\/?p=60153\"]}]},{\"@type\":\"ImageObject\",\"inLanguage\":\"pt-BR\",\"@id\":\"https:\/\/noticiasemdestaque.com\/cd\/?p=60153#primaryimage\",\"url\":\"https:\/\/noticiasemdestaque.com\/cd\/wp-content\/uploads\/2024\/08\/c6e78344-d174-432e-a0d7-dfc1e6e11520.jpeg\",\"contentUrl\":\"https:\/\/noticiasemdestaque.com\/cd\/wp-content\/uploads\/2024\/08\/c6e78344-d174-432e-a0d7-dfc1e6e11520.jpeg\",\"width\":600,\"height\":600},{\"@type\":\"BreadcrumbList\",\"@id\":\"https:\/\/noticiasemdestaque.com\/cd\/?p=60153#breadcrumb\",\"itemListElement\":[{\"@type\":\"ListItem\",\"position\":1,\"name\":\"In\u00edcio\",\"item\":\"https:\/\/noticiasemdestaque.com\/cd\/\"},{\"@type\":\"ListItem\",\"position\":2,\"name\":\"Caixa come\u00e7a a pagar nesta segunda-feira Bolsa Fam\u00edlia de agosto\"}]},{\"@type\":\"WebSite\",\"@id\":\"https:\/\/noticiasemdestaque.com\/cd\/#website\",\"url\":\"https:\/\/noticiasemdestaque.com\/cd\/\",\"name\":\"Not&iacute;cias em Destaque\",\"description\":\"\",\"publisher\":{\"@id\":\"https:\/\/noticiasemdestaque.com\/cd\/#organization\"},\"potentialAction\":[{\"@type\":\"SearchAction\",\"target\":{\"@type\":\"EntryPoint\",\"urlTemplate\":\"https:\/\/noticiasemdestaque.com\/cd\/?s={search_term_string}\"},\"query-input\":{\"@type\":\"PropertyValueSpecification\",\"valueRequired\":true,\"valueName\":\"search_term_string\"}}],\"inLanguage\":\"pt-BR\"},{\"@type\":\"Organization\",\"@id\":\"https:\/\/noticiasemdestaque.com\/cd\/#organization\",\"name\":\"Not\u00edcias em Destaque\",\"url\":\"https:\/\/noticiasemdestaque.com\/cd\/\",\"logo\":{\"@type\":\"ImageObject\",\"inLanguage\":\"pt-BR\",\"@id\":\"https:\/\/noticiasemdestaque.com\/cd\/#\/schema\/logo\/image\/\",\"url\":\"https:\/\/noticiasemdestaque.com\/cd\/wp-content\/uploads\/2022\/05\/imagem-base-noticiasemdestaque.png\",\"contentUrl\":\"https:\/\/noticiasemdestaque.com\/cd\/wp-content\/uploads\/2022\/05\/imagem-base-noticiasemdestaque.png\",\"width\":1200,\"height\":630,\"caption\":\"Not\u00edcias em Destaque\"},\"image\":{\"@id\":\"https:\/\/noticiasemdestaque.com\/cd\/#\/schema\/logo\/image\/\"}},{\"@type\":\"Person\",\"@id\":\"https:\/\/noticiasemdestaque.com\/cd\/#\/schema\/person\/45ca272b3e1246ef14ebb78a48dbb218\",\"name\":\"Not\u00edcias em Destaque\",\"url\":\"https:\/\/noticiasemdestaque.com\/cd\/?author=2\"}]}<\/script>\n<!-- \/ Yoast SEO plugin. -->","yoast_head_json":{"title":"Caixa come\u00e7a a pagar nesta segunda-feira Bolsa Fam\u00edlia de agosto - Not&iacute;cias em Destaque","robots":{"index":"index","follow":"follow","max-snippet":"max-snippet:-1","max-image-preview":"max-image-preview:large","max-video-preview":"max-video-preview:-1"},"canonical":"https:\/\/noticiasemdestaque.com\/cd\/?p=60153","og_locale":"pt_BR","og_type":"article","og_title":"Caixa come\u00e7a a pagar nesta segunda-feira Bolsa Fam\u00edlia de agosto - Not&iacute;cias em Destaque","og_description":"Na segunda e ter\u00e7a-feira, dia 19 e 20 de agosto, a equipe de vacina\u00e7\u00e3o estar\u00e1 visitando as comunidades rurais da \u00e1rea de atua\u00e7\u00e3o da Agente Comunit\u00e1ria de Sa\u00fade Sandra, s\u00e3o ela: Oiti, Olho d\u2019agua do Cunha, Lagoa da Cruz, Riach\u00e3o II, Pitombeira e Agrestina(pitombeira). Na quarta-feira, dia 21, \u00e1rea de atua\u00e7\u00e3o do Agente Comunit\u00e1ria de Sa\u00fade Marcelo: Assentamento Mandacaru, Cachoeirinha, Fazenda Jerimum, Fazenda Veneza do Ju\u00e1, Ju\u00e1, Jurema, Olho D\u2019agua do Ju\u00e1, Pedra Rachada, Princesa do Ju\u00e1, Ro\u00e7ado do Mato, Porteiras, Quixaba. Na quinta-feira, dia 22, \u00e1rea de atua\u00e7\u00e3o da Agente Comunit\u00e1ria de Sa\u00fade, Carmem: Riacho Fundo, Assentamento Mandacaru, Assentamento Novo Horizonte, Chincho de Baixo, Brava de Baixo, do Meio e de Cima, Firmeza, Paciente, Varzea do Meio, Impoeira do Po\u00e7o, Lagoa dos Pinh\u00f5es, Pedro Atravessada, Alexandria, Aroeira e Pinica Pau. Na sexta-feira, dia 23, \u00e1rea de atua\u00e7\u00e3o da Agente Comunit\u00e1ria de Sa\u00fade, Suerda: Cachoeirinha de Baixo e de Cima, Malhada da Pedra, Porteiras, Concei\u00e7\u00e3o e Caxing\u00f3. Noticias em destaque","og_url":"https:\/\/noticiasemdestaque.com\/cd\/?p=60153","og_site_name":"Not&iacute;cias em Destaque","article_published_time":"2024-08-19T17:31:45+00:00","article_modified_time":"2024-08-19T17:31:53+00:00","og_image":[{"width":600,"height":600,"url":"https:\/\/noticiasemdestaque.com\/cd\/wp-content\/uploads\/2024\/08\/c6e78344-d174-432e-a0d7-dfc1e6e11520.jpeg","type":"image\/jpeg"}],"author":"Not\u00edcias em Destaque","twitter_card":"summary_large_image","twitter_misc":{"Escrito por":"Not\u00edcias em Destaque","Est. tempo de leitura":"2 minutos"},"schema":{"@context":"https:\/\/schema.org","@graph":[{"@type":"Article","@id":"https:\/\/noticiasemdestaque.com\/cd\/?p=60153#article","isPartOf":{"@id":"https:\/\/noticiasemdestaque.com\/cd\/?p=60153"},"author":{"name":"Not\u00edcias em Destaque","@id":"https:\/\/noticiasemdestaque.com\/cd\/#\/schema\/person\/45ca272b3e1246ef14ebb78a48dbb218"},"headline":"Caixa come\u00e7a a pagar nesta segunda-feira Bolsa Fam\u00edlia de agosto","datePublished":"2024-08-19T17:31:45+00:00","dateModified":"2024-08-19T17:31:53+00:00","mainEntityOfPage":{"@id":"https:\/\/noticiasemdestaque.com\/cd\/?p=60153"},"wordCount":190,"publisher":{"@id":"https:\/\/noticiasemdestaque.com\/cd\/#organization"},"image":{"@id":"https:\/\/noticiasemdestaque.com\/cd\/?p=60153#primaryimage"},"thumbnailUrl":"https:\/\/noticiasemdestaque.com\/cd\/wp-content\/uploads\/2024\/08\/c6e78344-d174-432e-a0d7-dfc1e6e11520.jpeg","articleSection":["Cidades"],"inLanguage":"pt-BR"},{"@type":"WebPage","@id":"https:\/\/noticiasemdestaque.com\/cd\/?p=60153","url":"https:\/\/noticiasemdestaque.com\/cd\/?p=60153","name":"Caixa come\u00e7a a pagar nesta segunda-feira Bolsa Fam\u00edlia de agosto - Not&iacute;cias em Destaque","isPartOf":{"@id":"https:\/\/noticiasemdestaque.com\/cd\/#website"},"primaryImageOfPage":{"@id":"https:\/\/noticiasemdestaque.com\/cd\/?p=60153#primaryimage"},"image":{"@id":"https:\/\/noticiasemdestaque.com\/cd\/?p=60153#primaryimage"},"thumbnailUrl":"https:\/\/noticiasemdestaque.com\/cd\/wp-content\/uploads\/2024\/08\/c6e78344-d174-432e-a0d7-dfc1e6e11520.jpeg","datePublished":"2024-08-19T17:31:45+00:00","dateModified":"2024-08-19T17:31:53+00:00","breadcrumb":{"@id":"https:\/\/noticiasemdestaque.com\/cd\/?p=60153#breadcrumb"},"inLanguage":"pt-BR","potentialAction":[{"@type":"ReadAction","target":["https:\/\/noticiasemdestaque.com\/cd\/?p=60153"]}]},{"@type":"ImageObject","inLanguage":"pt-BR","@id":"https:\/\/noticiasemdestaque.com\/cd\/?p=60153#primaryimage","url":"https:\/\/noticiasemdestaque.com\/cd\/wp-content\/uploads\/2024\/08\/c6e78344-d174-432e-a0d7-dfc1e6e11520.jpeg","contentUrl":"https:\/\/noticiasemdestaque.com\/cd\/wp-content\/uploads\/2024\/08\/c6e78344-d174-432e-a0d7-dfc1e6e11520.jpeg","width":600,"height":600},{"@type":"BreadcrumbList","@id":"https:\/\/noticiasemdestaque.com\/cd\/?p=60153#breadcrumb","itemListElement":[{"@type":"ListItem","position":1,"name":"In\u00edcio","item":"https:\/\/noticiasemdestaque.com\/cd\/"},{"@type":"ListItem","position":2,"name":"Caixa come\u00e7a a pagar nesta segunda-feira Bolsa Fam\u00edlia de agosto"}]},{"@type":"WebSite","@id":"https:\/\/noticiasemdestaque.com\/cd\/#website","url":"https:\/\/noticiasemdestaque.com\/cd\/","name":"Not&iacute;cias em Destaque","description":"","publisher":{"@id":"https:\/\/noticiasemdestaque.com\/cd\/#organization"},"potentialAction":[{"@type":"SearchAction","target":{"@type":"EntryPoint","urlTemplate":"https:\/\/noticiasemdestaque.com\/cd\/?s={search_term_string}"},"query-input":{"@type":"PropertyValueSpecification","valueRequired":true,"valueName":"search_term_string"}}],"inLanguage":"pt-BR"},{"@type":"Organization","@id":"https:\/\/noticiasemdestaque.com\/cd\/#organization","name":"Not\u00edcias em Destaque","url":"https:\/\/noticiasemdestaque.com\/cd\/","logo":{"@type":"ImageObject","inLanguage":"pt-BR","@id":"https:\/\/noticiasemdestaque.com\/cd\/#\/schema\/logo\/image\/","url":"https:\/\/noticiasemdestaque.com\/cd\/wp-content\/uploads\/2022\/05\/imagem-base-noticiasemdestaque.png","contentUrl":"https:\/\/noticiasemdestaque.com\/cd\/wp-content\/uploads\/2022\/05\/imagem-base-noticiasemdestaque.png","width":1200,"height":630,"caption":"Not\u00edcias em Destaque"},"image":{"@id":"https:\/\/noticiasemdestaque.com\/cd\/#\/schema\/logo\/image\/"}},{"@type":"Person","@id":"https:\/\/noticiasemdestaque.com\/cd\/#\/schema\/person\/45ca272b3e1246ef14ebb78a48dbb218","name":"Not\u00edcias em Destaque","url":"https:\/\/noticiasemdestaque.com\/cd\/?author=2"}]}},"jetpack_featured_media_url":"https:\/\/noticiasemdestaque.com\/cd\/wp-content\/uploads\/2024\/08\/c6e78344-d174-432e-a0d7-dfc1e6e11520.jpeg","jetpack_sharing_enabled":true,"_links":{"self":[{"href":"https:\/\/noticiasemdestaque.com\/cd\/index.php?rest_route=\/wp\/v2\/posts\/60153","targetHints":{"allow":["GET"]}}],"collection":[{"href":"https:\/\/noticiasemdestaque.com\/cd\/index.php?rest_route=\/wp\/v2\/posts"}],"about":[{"href":"https:\/\/noticiasemdestaque.com\/cd\/index.php?rest_route=\/wp\/v2\/types\/post"}],"author":[{"embeddable":true,"href":"https:\/\/noticiasemdestaque.com\/cd\/index.php?rest_route=\/wp\/v2\/users\/2"}],"replies":[{"embeddable":true,"href":"https:\/\/noticiasemdestaque.com\/cd\/index.php?rest_route=%2Fwp%2Fv2%2Fcomments&post=60153"}],"version-history":[{"count":1,"href":"https:\/\/noticiasemdestaque.com\/cd\/index.php?rest_route=\/wp\/v2\/posts\/60153\/revisions"}],"predecessor-version":[{"id":60155,"href":"https:\/\/noticiasemdestaque.com\/cd\/index.php?rest_route=\/wp\/v2\/posts\/60153\/revisions\/60155"}],"wp:featuredmedia":[{"embeddable":true,"href":"https:\/\/noticiasemdestaque.com\/cd\/index.php?rest_route=\/wp\/v2\/media\/60154"}],"wp:attachment":[{"href":"https:\/\/noticiasemdestaque.com\/cd\/index.php?rest_route=%2Fwp%2Fv2%2Fmedia&parent=60153"}],"wp:term":[{"taxonomy":"category","embeddable":true,"href":"https:\/\/noticiasemdestaque.com\/cd\/index.php?rest_route=%2Fwp%2Fv2%2Fcategories&post=60153"},{"taxonomy":"post_tag","embeddable":true,"href":"https:\/\/noticiasemdestaque.com\/cd\/index.php?rest_route=%2Fwp%2Fv2%2Ftags&post=60153"}],"curies":[{"name":"wp","href":"https:\/\/api.w.org\/{rel}","templated":true}]}}