{"id":60149,"date":"2024-08-19T14:23:16","date_gmt":"2024-08-19T17:23:16","guid":{"rendered":"https:\/\/noticiasemdestaque.com\/cd\/?p=60149"},"modified":"2024-08-19T14:23:16","modified_gmt":"2024-08-19T17:23:16","slug":"caixa-comeca-a-pagar-nesta-segunda-feira-bolsa-familia-de-agosto","status":"publish","type":"post","link":"https:\/\/noticiasemdestaque.com\/cd\/?p=60149","title":{"rendered":"Caixa come\u00e7a a pagar nesta segunda-feira Bolsa Fam\u00edlia de agosto"},"content":{"rendered":"<p><a href=\"https:\/\/noticiasemdestaque.com\/cd\/wp-content\/uploads\/2024\/08\/53627968209_984ba8fb2f_o.webp\"><img fetchpriority=\"high\" decoding=\"async\" class=\"size-medium wp-image-60150 aligncenter\" src=\"https:\/\/noticiasemdestaque.com\/cd\/wp-content\/uploads\/2024\/08\/53627968209_984ba8fb2f_o-300x179.webp\" alt=\"\" width=\"300\" height=\"179\" srcset=\"https:\/\/noticiasemdestaque.com\/cd\/wp-content\/uploads\/2024\/08\/53627968209_984ba8fb2f_o-300x179.webp 300w, https:\/\/noticiasemdestaque.com\/cd\/wp-content\/uploads\/2024\/08\/53627968209_984ba8fb2f_o-1024x613.webp 1024w, https:\/\/noticiasemdestaque.com\/cd\/wp-content\/uploads\/2024\/08\/53627968209_984ba8fb2f_o-768x459.webp 768w, https:\/\/noticiasemdestaque.com\/cd\/wp-content\/uploads\/2024\/08\/53627968209_984ba8fb2f_o.webp 1170w\" sizes=\"(max-width: 300px) 100vw, 300px\" \/><\/a><\/p>\n<p>&nbsp;<\/p>\n<p>O Minist\u00e9rio do Desenvolvimento e Assist\u00eancia Social, Fam\u00edlia e Combate \u00e0 Fome (MDS), por meio da Caixa Econ\u00f4mica Federal (CEF), come\u00e7a nesta segunda-feira (19) o pagamento do Bolsa Fam\u00edlia e do Aux\u00edlio G\u00e1s referentes ao m\u00eas de agosto.<img decoding=\"async\" class=\" lazyloaded\" src=\"https:\/\/agenciabrasil.ebc.com.br\/ebc.png?id=1608409&amp;o=node\" data-src=\"https:\/\/agenciabrasil.ebc.com.br\/ebc.png?id=1608409&amp;o=node\" \/><img decoding=\"async\" class=\" lazyloaded\" src=\"https:\/\/agenciabrasil.ebc.com.br\/ebc.gif?id=1608409&amp;o=node\" data-src=\"https:\/\/agenciabrasil.ebc.com.br\/ebc.gif?id=1608409&amp;o=node\" \/><\/p>\n<p>De acordo com o MDS, o investimento do governo federal no pagamento do Bolsa Fam\u00edlia neste m\u00eas \u00e9 de R$ 14,12 bilh\u00f5es. O programa de transfer\u00eancia de renda atender\u00e1 20,76 milh\u00f5es de fam\u00edlias. Neste m\u00eas, o benef\u00edcio m\u00e9dio \u00e9 de R$ 681,09 por fam\u00edlia.<\/p>\n<p>O pagamento do Bolsa Fam\u00edlia \u00e9 feito de acordo com o final do N\u00famero de Identifica\u00e7\u00e3o Social (NIS) do benefici\u00e1rio, com t\u00e9rmino previsto para 30 de julho.<\/p>\n<p>As transfer\u00eancias s\u00e3o realizadas sempre em dias \u00fateis.<\/p>\n<p>&nbsp;<\/p>\n<p><img decoding=\"async\" class=\"size-medium wp-image-60151 aligncenter\" src=\"https:\/\/noticiasemdestaque.com\/cd\/wp-content\/uploads\/2024\/08\/08calendario-bolsa-familia-agosto2024-197x300.webp\" alt=\"\" width=\"197\" height=\"300\" srcset=\"https:\/\/noticiasemdestaque.com\/cd\/wp-content\/uploads\/2024\/08\/08calendario-bolsa-familia-agosto2024-197x300.webp 197w, https:\/\/noticiasemdestaque.com\/cd\/wp-content\/uploads\/2024\/08\/08calendario-bolsa-familia-agosto2024-674x1024.webp 674w, https:\/\/noticiasemdestaque.com\/cd\/wp-content\/uploads\/2024\/08\/08calendario-bolsa-familia-agosto2024.webp 754w\" sizes=\"(max-width: 197px) 100vw, 197px\" \/><br \/>\nNoticias em destaque<\/p>\n<p>&nbsp;<\/p>\n","protected":false},"excerpt":{"rendered":"<p>&nbsp; O Minist\u00e9rio do Desenvolvimento e Assist\u00eancia Social, Fam\u00edlia e Combate \u00e0 Fome (MDS), por meio da Caixa Econ\u00f4mica Federal (CEF), come\u00e7a nesta segunda-feira (19) o pagamento do Bolsa Fam\u00edlia e do Aux\u00edlio G\u00e1s referentes ao m\u00eas de agosto. De acordo com o MDS, o investimento do governo federal no pagamento do Bolsa Fam\u00edlia neste m\u00eas \u00e9 de R$ 14,12 bilh\u00f5es. O programa de transfer\u00eancia de renda atender\u00e1 20,76 milh\u00f5es de fam\u00edlias. Neste m\u00eas, o benef\u00edcio m\u00e9dio \u00e9 de R$ 681,09 por fam\u00edlia. O pagamento do Bolsa Fam\u00edlia \u00e9 feito de acordo com o final do N\u00famero de Identifica\u00e7\u00e3o Social (NIS) do benefici\u00e1rio, com t\u00e9rmino previsto para 30 de julho. As transfer\u00eancias s\u00e3o realizadas sempre em dias \u00fateis. &nbsp; Noticias em destaque &nbsp;<\/p>\n","protected":false},"author":2,"featured_media":60150,"comment_status":"closed","ping_status":"open","sticky":false,"template":"","format":"standard","meta":{"_eb_attr":"","_jetpack_memberships_contains_paid_content":false,"footnotes":""},"categories":[3],"tags":[],"class_list":["post-60149","post","type-post","status-publish","format-standard","has-post-thumbnail","hentry","category-cidades"],"yoast_head":"<!-- This site is optimized with the Yoast SEO plugin v26.5 - https:\/\/yoast.com\/wordpress\/plugins\/seo\/ -->\n<title>Caixa come\u00e7a a pagar nesta segunda-feira Bolsa Fam\u00edlia de agosto - Not&iacute;cias em Destaque<\/title>\n<meta name=\"robots\" content=\"index, follow, max-snippet:-1, max-image-preview:large, max-video-preview:-1\" \/>\n<link rel=\"canonical\" href=\"https:\/\/noticiasemdestaque.com\/cd\/?p=60149\" \/>\n<meta property=\"og:locale\" content=\"pt_BR\" \/>\n<meta property=\"og:type\" content=\"article\" \/>\n<meta property=\"og:title\" content=\"Caixa come\u00e7a a pagar nesta segunda-feira Bolsa Fam\u00edlia de agosto - Not&iacute;cias em Destaque\" \/>\n<meta property=\"og:description\" content=\"&nbsp; O Minist\u00e9rio do Desenvolvimento e Assist\u00eancia Social, Fam\u00edlia e Combate \u00e0 Fome (MDS), por meio da Caixa Econ\u00f4mica Federal (CEF), come\u00e7a nesta segunda-feira (19) o pagamento do Bolsa Fam\u00edlia e do Aux\u00edlio G\u00e1s referentes ao m\u00eas de agosto. De acordo com o MDS, o investimento do governo federal no pagamento do Bolsa Fam\u00edlia neste m\u00eas \u00e9 de R$ 14,12 bilh\u00f5es. O programa de transfer\u00eancia de renda atender\u00e1 20,76 milh\u00f5es de fam\u00edlias. Neste m\u00eas, o benef\u00edcio m\u00e9dio \u00e9 de R$ 681,09 por fam\u00edlia. O pagamento do Bolsa Fam\u00edlia \u00e9 feito de acordo com o final do N\u00famero de Identifica\u00e7\u00e3o Social (NIS) do benefici\u00e1rio, com t\u00e9rmino previsto para 30 de julho. As transfer\u00eancias s\u00e3o realizadas sempre em dias \u00fateis. &nbsp; Noticias em destaque &nbsp;\" \/>\n<meta property=\"og:url\" content=\"https:\/\/noticiasemdestaque.com\/cd\/?p=60149\" \/>\n<meta property=\"og:site_name\" content=\"Not&iacute;cias em Destaque\" \/>\n<meta property=\"article:published_time\" content=\"2024-08-19T17:23:16+00:00\" \/>\n<meta property=\"og:image\" content=\"https:\/\/noticiasemdestaque.com\/cd\/wp-content\/uploads\/2024\/08\/53627968209_984ba8fb2f_o.webp\" \/>\n\t<meta property=\"og:image:width\" content=\"1170\" \/>\n\t<meta property=\"og:image:height\" content=\"700\" \/>\n\t<meta property=\"og:image:type\" content=\"image\/webp\" \/>\n<meta name=\"author\" content=\"Not\u00edcias em Destaque\" \/>\n<meta name=\"twitter:card\" content=\"summary_large_image\" \/>\n<meta name=\"twitter:label1\" content=\"Escrito por\" \/>\n\t<meta name=\"twitter:data1\" content=\"Not\u00edcias em Destaque\" \/>\n\t<meta name=\"twitter:label2\" content=\"Est. tempo de leitura\" \/>\n\t<meta name=\"twitter:data2\" content=\"3 minutos\" \/>\n<script type=\"application\/ld+json\" class=\"yoast-schema-graph\">{\"@context\":\"https:\/\/schema.org\",\"@graph\":[{\"@type\":\"Article\",\"@id\":\"https:\/\/noticiasemdestaque.com\/cd\/?p=60149#article\",\"isPartOf\":{\"@id\":\"https:\/\/noticiasemdestaque.com\/cd\/?p=60149\"},\"author\":{\"name\":\"Not\u00edcias em Destaque\",\"@id\":\"https:\/\/noticiasemdestaque.com\/cd\/#\/schema\/person\/45ca272b3e1246ef14ebb78a48dbb218\"},\"headline\":\"Caixa come\u00e7a a pagar nesta segunda-feira Bolsa Fam\u00edlia de agosto\",\"datePublished\":\"2024-08-19T17:23:16+00:00\",\"mainEntityOfPage\":{\"@id\":\"https:\/\/noticiasemdestaque.com\/cd\/?p=60149\"},\"wordCount\":152,\"publisher\":{\"@id\":\"https:\/\/noticiasemdestaque.com\/cd\/#organization\"},\"image\":{\"@id\":\"https:\/\/noticiasemdestaque.com\/cd\/?p=60149#primaryimage\"},\"thumbnailUrl\":\"https:\/\/noticiasemdestaque.com\/cd\/wp-content\/uploads\/2024\/08\/53627968209_984ba8fb2f_o.webp\",\"articleSection\":[\"Cidades\"],\"inLanguage\":\"pt-BR\"},{\"@type\":\"WebPage\",\"@id\":\"https:\/\/noticiasemdestaque.com\/cd\/?p=60149\",\"url\":\"https:\/\/noticiasemdestaque.com\/cd\/?p=60149\",\"name\":\"Caixa come\u00e7a a pagar nesta segunda-feira Bolsa Fam\u00edlia de agosto - Not&iacute;cias em Destaque\",\"isPartOf\":{\"@id\":\"https:\/\/noticiasemdestaque.com\/cd\/#website\"},\"primaryImageOfPage\":{\"@id\":\"https:\/\/noticiasemdestaque.com\/cd\/?p=60149#primaryimage\"},\"image\":{\"@id\":\"https:\/\/noticiasemdestaque.com\/cd\/?p=60149#primaryimage\"},\"thumbnailUrl\":\"https:\/\/noticiasemdestaque.com\/cd\/wp-content\/uploads\/2024\/08\/53627968209_984ba8fb2f_o.webp\",\"datePublished\":\"2024-08-19T17:23:16+00:00\",\"breadcrumb\":{\"@id\":\"https:\/\/noticiasemdestaque.com\/cd\/?p=60149#breadcrumb\"},\"inLanguage\":\"pt-BR\",\"potentialAction\":[{\"@type\":\"ReadAction\",\"target\":[\"https:\/\/noticiasemdestaque.com\/cd\/?p=60149\"]}]},{\"@type\":\"ImageObject\",\"inLanguage\":\"pt-BR\",\"@id\":\"https:\/\/noticiasemdestaque.com\/cd\/?p=60149#primaryimage\",\"url\":\"https:\/\/noticiasemdestaque.com\/cd\/wp-content\/uploads\/2024\/08\/53627968209_984ba8fb2f_o.webp\",\"contentUrl\":\"https:\/\/noticiasemdestaque.com\/cd\/wp-content\/uploads\/2024\/08\/53627968209_984ba8fb2f_o.webp\",\"width\":1170,\"height\":700},{\"@type\":\"BreadcrumbList\",\"@id\":\"https:\/\/noticiasemdestaque.com\/cd\/?p=60149#breadcrumb\",\"itemListElement\":[{\"@type\":\"ListItem\",\"position\":1,\"name\":\"In\u00edcio\",\"item\":\"https:\/\/noticiasemdestaque.com\/cd\/\"},{\"@type\":\"ListItem\",\"position\":2,\"name\":\"Caixa come\u00e7a a pagar nesta segunda-feira Bolsa Fam\u00edlia de agosto\"}]},{\"@type\":\"WebSite\",\"@id\":\"https:\/\/noticiasemdestaque.com\/cd\/#website\",\"url\":\"https:\/\/noticiasemdestaque.com\/cd\/\",\"name\":\"Not&iacute;cias em Destaque\",\"description\":\"\",\"publisher\":{\"@id\":\"https:\/\/noticiasemdestaque.com\/cd\/#organization\"},\"potentialAction\":[{\"@type\":\"SearchAction\",\"target\":{\"@type\":\"EntryPoint\",\"urlTemplate\":\"https:\/\/noticiasemdestaque.com\/cd\/?s={search_term_string}\"},\"query-input\":{\"@type\":\"PropertyValueSpecification\",\"valueRequired\":true,\"valueName\":\"search_term_string\"}}],\"inLanguage\":\"pt-BR\"},{\"@type\":\"Organization\",\"@id\":\"https:\/\/noticiasemdestaque.com\/cd\/#organization\",\"name\":\"Not\u00edcias em Destaque\",\"url\":\"https:\/\/noticiasemdestaque.com\/cd\/\",\"logo\":{\"@type\":\"ImageObject\",\"inLanguage\":\"pt-BR\",\"@id\":\"https:\/\/noticiasemdestaque.com\/cd\/#\/schema\/logo\/image\/\",\"url\":\"https:\/\/noticiasemdestaque.com\/cd\/wp-content\/uploads\/2022\/05\/imagem-base-noticiasemdestaque.png\",\"contentUrl\":\"https:\/\/noticiasemdestaque.com\/cd\/wp-content\/uploads\/2022\/05\/imagem-base-noticiasemdestaque.png\",\"width\":1200,\"height\":630,\"caption\":\"Not\u00edcias em Destaque\"},\"image\":{\"@id\":\"https:\/\/noticiasemdestaque.com\/cd\/#\/schema\/logo\/image\/\"}},{\"@type\":\"Person\",\"@id\":\"https:\/\/noticiasemdestaque.com\/cd\/#\/schema\/person\/45ca272b3e1246ef14ebb78a48dbb218\",\"name\":\"Not\u00edcias em Destaque\",\"url\":\"https:\/\/noticiasemdestaque.com\/cd\/?author=2\"}]}<\/script>\n<!-- \/ Yoast SEO plugin. -->","yoast_head_json":{"title":"Caixa come\u00e7a a pagar nesta segunda-feira Bolsa Fam\u00edlia de agosto - Not&iacute;cias em Destaque","robots":{"index":"index","follow":"follow","max-snippet":"max-snippet:-1","max-image-preview":"max-image-preview:large","max-video-preview":"max-video-preview:-1"},"canonical":"https:\/\/noticiasemdestaque.com\/cd\/?p=60149","og_locale":"pt_BR","og_type":"article","og_title":"Caixa come\u00e7a a pagar nesta segunda-feira Bolsa Fam\u00edlia de agosto - Not&iacute;cias em Destaque","og_description":"&nbsp; O Minist\u00e9rio do Desenvolvimento e Assist\u00eancia Social, Fam\u00edlia e Combate \u00e0 Fome (MDS), por meio da Caixa Econ\u00f4mica Federal (CEF), come\u00e7a nesta segunda-feira (19) o pagamento do Bolsa Fam\u00edlia e do Aux\u00edlio G\u00e1s referentes ao m\u00eas de agosto. De acordo com o MDS, o investimento do governo federal no pagamento do Bolsa Fam\u00edlia neste m\u00eas \u00e9 de R$ 14,12 bilh\u00f5es. O programa de transfer\u00eancia de renda atender\u00e1 20,76 milh\u00f5es de fam\u00edlias. Neste m\u00eas, o benef\u00edcio m\u00e9dio \u00e9 de R$ 681,09 por fam\u00edlia. O pagamento do Bolsa Fam\u00edlia \u00e9 feito de acordo com o final do N\u00famero de Identifica\u00e7\u00e3o Social (NIS) do benefici\u00e1rio, com t\u00e9rmino previsto para 30 de julho. As transfer\u00eancias s\u00e3o realizadas sempre em dias \u00fateis. &nbsp; Noticias em destaque &nbsp;","og_url":"https:\/\/noticiasemdestaque.com\/cd\/?p=60149","og_site_name":"Not&iacute;cias em Destaque","article_published_time":"2024-08-19T17:23:16+00:00","og_image":[{"width":1170,"height":700,"url":"https:\/\/noticiasemdestaque.com\/cd\/wp-content\/uploads\/2024\/08\/53627968209_984ba8fb2f_o.webp","type":"image\/webp"}],"author":"Not\u00edcias em Destaque","twitter_card":"summary_large_image","twitter_misc":{"Escrito por":"Not\u00edcias em Destaque","Est. tempo de leitura":"3 minutos"},"schema":{"@context":"https:\/\/schema.org","@graph":[{"@type":"Article","@id":"https:\/\/noticiasemdestaque.com\/cd\/?p=60149#article","isPartOf":{"@id":"https:\/\/noticiasemdestaque.com\/cd\/?p=60149"},"author":{"name":"Not\u00edcias em Destaque","@id":"https:\/\/noticiasemdestaque.com\/cd\/#\/schema\/person\/45ca272b3e1246ef14ebb78a48dbb218"},"headline":"Caixa come\u00e7a a pagar nesta segunda-feira Bolsa Fam\u00edlia de agosto","datePublished":"2024-08-19T17:23:16+00:00","mainEntityOfPage":{"@id":"https:\/\/noticiasemdestaque.com\/cd\/?p=60149"},"wordCount":152,"publisher":{"@id":"https:\/\/noticiasemdestaque.com\/cd\/#organization"},"image":{"@id":"https:\/\/noticiasemdestaque.com\/cd\/?p=60149#primaryimage"},"thumbnailUrl":"https:\/\/noticiasemdestaque.com\/cd\/wp-content\/uploads\/2024\/08\/53627968209_984ba8fb2f_o.webp","articleSection":["Cidades"],"inLanguage":"pt-BR"},{"@type":"WebPage","@id":"https:\/\/noticiasemdestaque.com\/cd\/?p=60149","url":"https:\/\/noticiasemdestaque.com\/cd\/?p=60149","name":"Caixa come\u00e7a a pagar nesta segunda-feira Bolsa Fam\u00edlia de agosto - Not&iacute;cias em Destaque","isPartOf":{"@id":"https:\/\/noticiasemdestaque.com\/cd\/#website"},"primaryImageOfPage":{"@id":"https:\/\/noticiasemdestaque.com\/cd\/?p=60149#primaryimage"},"image":{"@id":"https:\/\/noticiasemdestaque.com\/cd\/?p=60149#primaryimage"},"thumbnailUrl":"https:\/\/noticiasemdestaque.com\/cd\/wp-content\/uploads\/2024\/08\/53627968209_984ba8fb2f_o.webp","datePublished":"2024-08-19T17:23:16+00:00","breadcrumb":{"@id":"https:\/\/noticiasemdestaque.com\/cd\/?p=60149#breadcrumb"},"inLanguage":"pt-BR","potentialAction":[{"@type":"ReadAction","target":["https:\/\/noticiasemdestaque.com\/cd\/?p=60149"]}]},{"@type":"ImageObject","inLanguage":"pt-BR","@id":"https:\/\/noticiasemdestaque.com\/cd\/?p=60149#primaryimage","url":"https:\/\/noticiasemdestaque.com\/cd\/wp-content\/uploads\/2024\/08\/53627968209_984ba8fb2f_o.webp","contentUrl":"https:\/\/noticiasemdestaque.com\/cd\/wp-content\/uploads\/2024\/08\/53627968209_984ba8fb2f_o.webp","width":1170,"height":700},{"@type":"BreadcrumbList","@id":"https:\/\/noticiasemdestaque.com\/cd\/?p=60149#breadcrumb","itemListElement":[{"@type":"ListItem","position":1,"name":"In\u00edcio","item":"https:\/\/noticiasemdestaque.com\/cd\/"},{"@type":"ListItem","position":2,"name":"Caixa come\u00e7a a pagar nesta segunda-feira Bolsa Fam\u00edlia de agosto"}]},{"@type":"WebSite","@id":"https:\/\/noticiasemdestaque.com\/cd\/#website","url":"https:\/\/noticiasemdestaque.com\/cd\/","name":"Not&iacute;cias em Destaque","description":"","publisher":{"@id":"https:\/\/noticiasemdestaque.com\/cd\/#organization"},"potentialAction":[{"@type":"SearchAction","target":{"@type":"EntryPoint","urlTemplate":"https:\/\/noticiasemdestaque.com\/cd\/?s={search_term_string}"},"query-input":{"@type":"PropertyValueSpecification","valueRequired":true,"valueName":"search_term_string"}}],"inLanguage":"pt-BR"},{"@type":"Organization","@id":"https:\/\/noticiasemdestaque.com\/cd\/#organization","name":"Not\u00edcias em Destaque","url":"https:\/\/noticiasemdestaque.com\/cd\/","logo":{"@type":"ImageObject","inLanguage":"pt-BR","@id":"https:\/\/noticiasemdestaque.com\/cd\/#\/schema\/logo\/image\/","url":"https:\/\/noticiasemdestaque.com\/cd\/wp-content\/uploads\/2022\/05\/imagem-base-noticiasemdestaque.png","contentUrl":"https:\/\/noticiasemdestaque.com\/cd\/wp-content\/uploads\/2022\/05\/imagem-base-noticiasemdestaque.png","width":1200,"height":630,"caption":"Not\u00edcias em Destaque"},"image":{"@id":"https:\/\/noticiasemdestaque.com\/cd\/#\/schema\/logo\/image\/"}},{"@type":"Person","@id":"https:\/\/noticiasemdestaque.com\/cd\/#\/schema\/person\/45ca272b3e1246ef14ebb78a48dbb218","name":"Not\u00edcias em Destaque","url":"https:\/\/noticiasemdestaque.com\/cd\/?author=2"}]}},"jetpack_featured_media_url":"https:\/\/noticiasemdestaque.com\/cd\/wp-content\/uploads\/2024\/08\/53627968209_984ba8fb2f_o.webp","jetpack_sharing_enabled":true,"_links":{"self":[{"href":"https:\/\/noticiasemdestaque.com\/cd\/index.php?rest_route=\/wp\/v2\/posts\/60149","targetHints":{"allow":["GET"]}}],"collection":[{"href":"https:\/\/noticiasemdestaque.com\/cd\/index.php?rest_route=\/wp\/v2\/posts"}],"about":[{"href":"https:\/\/noticiasemdestaque.com\/cd\/index.php?rest_route=\/wp\/v2\/types\/post"}],"author":[{"embeddable":true,"href":"https:\/\/noticiasemdestaque.com\/cd\/index.php?rest_route=\/wp\/v2\/users\/2"}],"replies":[{"embeddable":true,"href":"https:\/\/noticiasemdestaque.com\/cd\/index.php?rest_route=%2Fwp%2Fv2%2Fcomments&post=60149"}],"version-history":[{"count":1,"href":"https:\/\/noticiasemdestaque.com\/cd\/index.php?rest_route=\/wp\/v2\/posts\/60149\/revisions"}],"predecessor-version":[{"id":60152,"href":"https:\/\/noticiasemdestaque.com\/cd\/index.php?rest_route=\/wp\/v2\/posts\/60149\/revisions\/60152"}],"wp:featuredmedia":[{"embeddable":true,"href":"https:\/\/noticiasemdestaque.com\/cd\/index.php?rest_route=\/wp\/v2\/media\/60150"}],"wp:attachment":[{"href":"https:\/\/noticiasemdestaque.com\/cd\/index.php?rest_route=%2Fwp%2Fv2%2Fmedia&parent=60149"}],"wp:term":[{"taxonomy":"category","embeddable":true,"href":"https:\/\/noticiasemdestaque.com\/cd\/index.php?rest_route=%2Fwp%2Fv2%2Fcategories&post=60149"},{"taxonomy":"post_tag","embeddable":true,"href":"https:\/\/noticiasemdestaque.com\/cd\/index.php?rest_route=%2Fwp%2Fv2%2Ftags&post=60149"}],"curies":[{"name":"wp","href":"https:\/\/api.w.org\/{rel}","templated":true}]}}