{"id":60037,"date":"2024-08-15T14:31:14","date_gmt":"2024-08-15T17:31:14","guid":{"rendered":"https:\/\/noticiasemdestaque.com\/cd\/?p=60037"},"modified":"2024-08-15T14:32:34","modified_gmt":"2024-08-15T17:32:34","slug":"oportunidade-em-sume-para-jovens-na-educacao-inclusiva","status":"publish","type":"post","link":"https:\/\/noticiasemdestaque.com\/cd\/?p=60037","title":{"rendered":"Oportunidade em Sum\u00e9 para Jovens na Educa\u00e7\u00e3o Inclusiva"},"content":{"rendered":"<p><a href=\"https:\/\/noticiasemdestaque.com\/cd\/wp-content\/uploads\/2024\/08\/WhatsApp-Image-2024-08-15-at-13.16.07.jpeg\"><img fetchpriority=\"high\" decoding=\"async\" class=\"size-medium wp-image-60038 aligncenter\" src=\"https:\/\/noticiasemdestaque.com\/cd\/wp-content\/uploads\/2024\/08\/WhatsApp-Image-2024-08-15-at-13.16.07-300x296.jpeg\" alt=\"\" width=\"300\" height=\"296\" srcset=\"https:\/\/noticiasemdestaque.com\/cd\/wp-content\/uploads\/2024\/08\/WhatsApp-Image-2024-08-15-at-13.16.07-300x296.jpeg 300w, https:\/\/noticiasemdestaque.com\/cd\/wp-content\/uploads\/2024\/08\/WhatsApp-Image-2024-08-15-at-13.16.07-1024x1011.jpeg 1024w, https:\/\/noticiasemdestaque.com\/cd\/wp-content\/uploads\/2024\/08\/WhatsApp-Image-2024-08-15-at-13.16.07-768x758.jpeg 768w, https:\/\/noticiasemdestaque.com\/cd\/wp-content\/uploads\/2024\/08\/WhatsApp-Image-2024-08-15-at-13.16.07.jpeg 1080w\" sizes=\"(max-width: 300px) 100vw, 300px\" \/><\/a><\/p>\n<p>&nbsp;<\/p>\n<p>O IFPB, em parceria com a Secretaria Municipal de Educa\u00e7\u00e3o de Sum\u00e9 est\u00e1 oferecendo 40 vagas para o curso de Forma\u00e7\u00e3o Inicial Continuada de Auxiliar Terap\u00eautico, destinado a jovens de 16 a 29 anos. As inscri\u00e7\u00f5es s\u00e3o gratuitas e ocorrem de 13 a 30 de agosto de 2024. O curso ter\u00e1 carga hor\u00e1ria de 200 horas, com in\u00edcio em 14 de setembro e t\u00e9rmino em 19 de novembro, incluindo aux\u00edlio alimenta\u00e7\u00e3o e transporte. Essa \u00e9 uma excelente oportunidade para se qualificar em uma \u00e1rea em alta no mercado de trabalho. Os interessados devem procurar a professora H\u00e9llem na Secretaria de Educa\u00e7\u00e3o de Sum\u00e9.<\/p>\n<p>&nbsp;<\/p>\n<p><a href=\"https:\/\/noticiasemdestaque.com\/cd\/wp-content\/uploads\/2024\/08\/WhatsApp-Image-2024-08-15-at-13.16.10.jpeg\"><img decoding=\"async\" class=\"size-medium wp-image-60039 aligncenter\" src=\"https:\/\/noticiasemdestaque.com\/cd\/wp-content\/uploads\/2024\/08\/WhatsApp-Image-2024-08-15-at-13.16.10-300x300.jpeg\" alt=\"\" width=\"300\" height=\"300\" srcset=\"https:\/\/noticiasemdestaque.com\/cd\/wp-content\/uploads\/2024\/08\/WhatsApp-Image-2024-08-15-at-13.16.10-300x300.jpeg 300w, https:\/\/noticiasemdestaque.com\/cd\/wp-content\/uploads\/2024\/08\/WhatsApp-Image-2024-08-15-at-13.16.10-1024x1024.jpeg 1024w, https:\/\/noticiasemdestaque.com\/cd\/wp-content\/uploads\/2024\/08\/WhatsApp-Image-2024-08-15-at-13.16.10-150x150.jpeg 150w, https:\/\/noticiasemdestaque.com\/cd\/wp-content\/uploads\/2024\/08\/WhatsApp-Image-2024-08-15-at-13.16.10-768x767.jpeg 768w, https:\/\/noticiasemdestaque.com\/cd\/wp-content\/uploads\/2024\/08\/WhatsApp-Image-2024-08-15-at-13.16.10.jpeg 1079w\" sizes=\"(max-width: 300px) 100vw, 300px\" \/><\/a><\/p>\n<p>Noticias em destaque<\/p>\n","protected":false},"excerpt":{"rendered":"<p>&nbsp; O IFPB, em parceria com a Secretaria Municipal de Educa\u00e7\u00e3o de Sum\u00e9 est\u00e1 oferecendo 40 vagas para o curso de Forma\u00e7\u00e3o Inicial Continuada de Auxiliar Terap\u00eautico, destinado a jovens de 16 a 29 anos. As inscri\u00e7\u00f5es s\u00e3o gratuitas e ocorrem de 13 a 30 de agosto de 2024. O curso ter\u00e1 carga hor\u00e1ria de 200 horas, com in\u00edcio em 14 de setembro e t\u00e9rmino em 19 de novembro, incluindo aux\u00edlio alimenta\u00e7\u00e3o e transporte. Essa \u00e9 uma excelente oportunidade para se qualificar em uma \u00e1rea em alta no mercado de trabalho. Os interessados devem procurar a professora H\u00e9llem na Secretaria de Educa\u00e7\u00e3o de Sum\u00e9. &nbsp; Noticias em destaque<\/p>\n","protected":false},"author":2,"featured_media":60038,"comment_status":"closed","ping_status":"open","sticky":false,"template":"","format":"standard","meta":{"_eb_attr":"","_jetpack_memberships_contains_paid_content":false,"footnotes":""},"categories":[3],"tags":[],"class_list":["post-60037","post","type-post","status-publish","format-standard","has-post-thumbnail","hentry","category-cidades"],"yoast_head":"<!-- This site is optimized with the Yoast SEO plugin v26.5 - https:\/\/yoast.com\/wordpress\/plugins\/seo\/ -->\n<title>Oportunidade em Sum\u00e9 para Jovens na Educa\u00e7\u00e3o Inclusiva - Not&iacute;cias em Destaque<\/title>\n<meta name=\"robots\" content=\"index, follow, max-snippet:-1, max-image-preview:large, max-video-preview:-1\" \/>\n<link rel=\"canonical\" href=\"https:\/\/noticiasemdestaque.com\/cd\/?p=60037\" \/>\n<meta property=\"og:locale\" content=\"pt_BR\" \/>\n<meta property=\"og:type\" content=\"article\" \/>\n<meta property=\"og:title\" content=\"Oportunidade em Sum\u00e9 para Jovens na Educa\u00e7\u00e3o Inclusiva - Not&iacute;cias em Destaque\" \/>\n<meta property=\"og:description\" content=\"&nbsp; O IFPB, em parceria com a Secretaria Municipal de Educa\u00e7\u00e3o de Sum\u00e9 est\u00e1 oferecendo 40 vagas para o curso de Forma\u00e7\u00e3o Inicial Continuada de Auxiliar Terap\u00eautico, destinado a jovens de 16 a 29 anos. As inscri\u00e7\u00f5es s\u00e3o gratuitas e ocorrem de 13 a 30 de agosto de 2024. O curso ter\u00e1 carga hor\u00e1ria de 200 horas, com in\u00edcio em 14 de setembro e t\u00e9rmino em 19 de novembro, incluindo aux\u00edlio alimenta\u00e7\u00e3o e transporte. Essa \u00e9 uma excelente oportunidade para se qualificar em uma \u00e1rea em alta no mercado de trabalho. Os interessados devem procurar a professora H\u00e9llem na Secretaria de Educa\u00e7\u00e3o de Sum\u00e9. &nbsp; Noticias em destaque\" \/>\n<meta property=\"og:url\" content=\"https:\/\/noticiasemdestaque.com\/cd\/?p=60037\" \/>\n<meta property=\"og:site_name\" content=\"Not&iacute;cias em Destaque\" \/>\n<meta property=\"article:published_time\" content=\"2024-08-15T17:31:14+00:00\" \/>\n<meta property=\"article:modified_time\" content=\"2024-08-15T17:32:34+00:00\" \/>\n<meta property=\"og:image\" content=\"https:\/\/noticiasemdestaque.com\/cd\/wp-content\/uploads\/2024\/08\/WhatsApp-Image-2024-08-15-at-13.16.07.jpeg\" \/>\n\t<meta property=\"og:image:width\" content=\"1080\" \/>\n\t<meta property=\"og:image:height\" content=\"1066\" \/>\n\t<meta property=\"og:image:type\" content=\"image\/jpeg\" \/>\n<meta name=\"author\" content=\"Not\u00edcias em Destaque\" \/>\n<meta name=\"twitter:card\" content=\"summary_large_image\" \/>\n<meta name=\"twitter:label1\" content=\"Escrito por\" \/>\n\t<meta name=\"twitter:data1\" content=\"Not\u00edcias em Destaque\" \/>\n\t<meta name=\"twitter:label2\" content=\"Est. tempo de leitura\" \/>\n\t<meta name=\"twitter:data2\" content=\"2 minutos\" \/>\n<script type=\"application\/ld+json\" class=\"yoast-schema-graph\">{\"@context\":\"https:\/\/schema.org\",\"@graph\":[{\"@type\":\"Article\",\"@id\":\"https:\/\/noticiasemdestaque.com\/cd\/?p=60037#article\",\"isPartOf\":{\"@id\":\"https:\/\/noticiasemdestaque.com\/cd\/?p=60037\"},\"author\":{\"name\":\"Not\u00edcias em Destaque\",\"@id\":\"https:\/\/noticiasemdestaque.com\/cd\/#\/schema\/person\/45ca272b3e1246ef14ebb78a48dbb218\"},\"headline\":\"Oportunidade em Sum\u00e9 para Jovens na Educa\u00e7\u00e3o Inclusiva\",\"datePublished\":\"2024-08-15T17:31:14+00:00\",\"dateModified\":\"2024-08-15T17:32:34+00:00\",\"mainEntityOfPage\":{\"@id\":\"https:\/\/noticiasemdestaque.com\/cd\/?p=60037\"},\"wordCount\":119,\"publisher\":{\"@id\":\"https:\/\/noticiasemdestaque.com\/cd\/#organization\"},\"image\":{\"@id\":\"https:\/\/noticiasemdestaque.com\/cd\/?p=60037#primaryimage\"},\"thumbnailUrl\":\"https:\/\/noticiasemdestaque.com\/cd\/wp-content\/uploads\/2024\/08\/WhatsApp-Image-2024-08-15-at-13.16.07.jpeg\",\"articleSection\":[\"Cidades\"],\"inLanguage\":\"pt-BR\"},{\"@type\":\"WebPage\",\"@id\":\"https:\/\/noticiasemdestaque.com\/cd\/?p=60037\",\"url\":\"https:\/\/noticiasemdestaque.com\/cd\/?p=60037\",\"name\":\"Oportunidade em Sum\u00e9 para Jovens na Educa\u00e7\u00e3o Inclusiva - Not&iacute;cias em Destaque\",\"isPartOf\":{\"@id\":\"https:\/\/noticiasemdestaque.com\/cd\/#website\"},\"primaryImageOfPage\":{\"@id\":\"https:\/\/noticiasemdestaque.com\/cd\/?p=60037#primaryimage\"},\"image\":{\"@id\":\"https:\/\/noticiasemdestaque.com\/cd\/?p=60037#primaryimage\"},\"thumbnailUrl\":\"https:\/\/noticiasemdestaque.com\/cd\/wp-content\/uploads\/2024\/08\/WhatsApp-Image-2024-08-15-at-13.16.07.jpeg\",\"datePublished\":\"2024-08-15T17:31:14+00:00\",\"dateModified\":\"2024-08-15T17:32:34+00:00\",\"breadcrumb\":{\"@id\":\"https:\/\/noticiasemdestaque.com\/cd\/?p=60037#breadcrumb\"},\"inLanguage\":\"pt-BR\",\"potentialAction\":[{\"@type\":\"ReadAction\",\"target\":[\"https:\/\/noticiasemdestaque.com\/cd\/?p=60037\"]}]},{\"@type\":\"ImageObject\",\"inLanguage\":\"pt-BR\",\"@id\":\"https:\/\/noticiasemdestaque.com\/cd\/?p=60037#primaryimage\",\"url\":\"https:\/\/noticiasemdestaque.com\/cd\/wp-content\/uploads\/2024\/08\/WhatsApp-Image-2024-08-15-at-13.16.07.jpeg\",\"contentUrl\":\"https:\/\/noticiasemdestaque.com\/cd\/wp-content\/uploads\/2024\/08\/WhatsApp-Image-2024-08-15-at-13.16.07.jpeg\",\"width\":1080,\"height\":1066},{\"@type\":\"BreadcrumbList\",\"@id\":\"https:\/\/noticiasemdestaque.com\/cd\/?p=60037#breadcrumb\",\"itemListElement\":[{\"@type\":\"ListItem\",\"position\":1,\"name\":\"In\u00edcio\",\"item\":\"https:\/\/noticiasemdestaque.com\/cd\/\"},{\"@type\":\"ListItem\",\"position\":2,\"name\":\"Oportunidade em Sum\u00e9 para Jovens na Educa\u00e7\u00e3o Inclusiva\"}]},{\"@type\":\"WebSite\",\"@id\":\"https:\/\/noticiasemdestaque.com\/cd\/#website\",\"url\":\"https:\/\/noticiasemdestaque.com\/cd\/\",\"name\":\"Not&iacute;cias em Destaque\",\"description\":\"\",\"publisher\":{\"@id\":\"https:\/\/noticiasemdestaque.com\/cd\/#organization\"},\"potentialAction\":[{\"@type\":\"SearchAction\",\"target\":{\"@type\":\"EntryPoint\",\"urlTemplate\":\"https:\/\/noticiasemdestaque.com\/cd\/?s={search_term_string}\"},\"query-input\":{\"@type\":\"PropertyValueSpecification\",\"valueRequired\":true,\"valueName\":\"search_term_string\"}}],\"inLanguage\":\"pt-BR\"},{\"@type\":\"Organization\",\"@id\":\"https:\/\/noticiasemdestaque.com\/cd\/#organization\",\"name\":\"Not\u00edcias em Destaque\",\"url\":\"https:\/\/noticiasemdestaque.com\/cd\/\",\"logo\":{\"@type\":\"ImageObject\",\"inLanguage\":\"pt-BR\",\"@id\":\"https:\/\/noticiasemdestaque.com\/cd\/#\/schema\/logo\/image\/\",\"url\":\"https:\/\/noticiasemdestaque.com\/cd\/wp-content\/uploads\/2022\/05\/imagem-base-noticiasemdestaque.png\",\"contentUrl\":\"https:\/\/noticiasemdestaque.com\/cd\/wp-content\/uploads\/2022\/05\/imagem-base-noticiasemdestaque.png\",\"width\":1200,\"height\":630,\"caption\":\"Not\u00edcias em Destaque\"},\"image\":{\"@id\":\"https:\/\/noticiasemdestaque.com\/cd\/#\/schema\/logo\/image\/\"}},{\"@type\":\"Person\",\"@id\":\"https:\/\/noticiasemdestaque.com\/cd\/#\/schema\/person\/45ca272b3e1246ef14ebb78a48dbb218\",\"name\":\"Not\u00edcias em Destaque\",\"url\":\"https:\/\/noticiasemdestaque.com\/cd\/?author=2\"}]}<\/script>\n<!-- \/ Yoast SEO plugin. -->","yoast_head_json":{"title":"Oportunidade em Sum\u00e9 para Jovens na Educa\u00e7\u00e3o Inclusiva - Not&iacute;cias em Destaque","robots":{"index":"index","follow":"follow","max-snippet":"max-snippet:-1","max-image-preview":"max-image-preview:large","max-video-preview":"max-video-preview:-1"},"canonical":"https:\/\/noticiasemdestaque.com\/cd\/?p=60037","og_locale":"pt_BR","og_type":"article","og_title":"Oportunidade em Sum\u00e9 para Jovens na Educa\u00e7\u00e3o Inclusiva - Not&iacute;cias em Destaque","og_description":"&nbsp; O IFPB, em parceria com a Secretaria Municipal de Educa\u00e7\u00e3o de Sum\u00e9 est\u00e1 oferecendo 40 vagas para o curso de Forma\u00e7\u00e3o Inicial Continuada de Auxiliar Terap\u00eautico, destinado a jovens de 16 a 29 anos. As inscri\u00e7\u00f5es s\u00e3o gratuitas e ocorrem de 13 a 30 de agosto de 2024. O curso ter\u00e1 carga hor\u00e1ria de 200 horas, com in\u00edcio em 14 de setembro e t\u00e9rmino em 19 de novembro, incluindo aux\u00edlio alimenta\u00e7\u00e3o e transporte. Essa \u00e9 uma excelente oportunidade para se qualificar em uma \u00e1rea em alta no mercado de trabalho. Os interessados devem procurar a professora H\u00e9llem na Secretaria de Educa\u00e7\u00e3o de Sum\u00e9. &nbsp; Noticias em destaque","og_url":"https:\/\/noticiasemdestaque.com\/cd\/?p=60037","og_site_name":"Not&iacute;cias em Destaque","article_published_time":"2024-08-15T17:31:14+00:00","article_modified_time":"2024-08-15T17:32:34+00:00","og_image":[{"width":1080,"height":1066,"url":"https:\/\/noticiasemdestaque.com\/cd\/wp-content\/uploads\/2024\/08\/WhatsApp-Image-2024-08-15-at-13.16.07.jpeg","type":"image\/jpeg"}],"author":"Not\u00edcias em Destaque","twitter_card":"summary_large_image","twitter_misc":{"Escrito por":"Not\u00edcias em Destaque","Est. tempo de leitura":"2 minutos"},"schema":{"@context":"https:\/\/schema.org","@graph":[{"@type":"Article","@id":"https:\/\/noticiasemdestaque.com\/cd\/?p=60037#article","isPartOf":{"@id":"https:\/\/noticiasemdestaque.com\/cd\/?p=60037"},"author":{"name":"Not\u00edcias em Destaque","@id":"https:\/\/noticiasemdestaque.com\/cd\/#\/schema\/person\/45ca272b3e1246ef14ebb78a48dbb218"},"headline":"Oportunidade em Sum\u00e9 para Jovens na Educa\u00e7\u00e3o Inclusiva","datePublished":"2024-08-15T17:31:14+00:00","dateModified":"2024-08-15T17:32:34+00:00","mainEntityOfPage":{"@id":"https:\/\/noticiasemdestaque.com\/cd\/?p=60037"},"wordCount":119,"publisher":{"@id":"https:\/\/noticiasemdestaque.com\/cd\/#organization"},"image":{"@id":"https:\/\/noticiasemdestaque.com\/cd\/?p=60037#primaryimage"},"thumbnailUrl":"https:\/\/noticiasemdestaque.com\/cd\/wp-content\/uploads\/2024\/08\/WhatsApp-Image-2024-08-15-at-13.16.07.jpeg","articleSection":["Cidades"],"inLanguage":"pt-BR"},{"@type":"WebPage","@id":"https:\/\/noticiasemdestaque.com\/cd\/?p=60037","url":"https:\/\/noticiasemdestaque.com\/cd\/?p=60037","name":"Oportunidade em Sum\u00e9 para Jovens na Educa\u00e7\u00e3o Inclusiva - Not&iacute;cias em Destaque","isPartOf":{"@id":"https:\/\/noticiasemdestaque.com\/cd\/#website"},"primaryImageOfPage":{"@id":"https:\/\/noticiasemdestaque.com\/cd\/?p=60037#primaryimage"},"image":{"@id":"https:\/\/noticiasemdestaque.com\/cd\/?p=60037#primaryimage"},"thumbnailUrl":"https:\/\/noticiasemdestaque.com\/cd\/wp-content\/uploads\/2024\/08\/WhatsApp-Image-2024-08-15-at-13.16.07.jpeg","datePublished":"2024-08-15T17:31:14+00:00","dateModified":"2024-08-15T17:32:34+00:00","breadcrumb":{"@id":"https:\/\/noticiasemdestaque.com\/cd\/?p=60037#breadcrumb"},"inLanguage":"pt-BR","potentialAction":[{"@type":"ReadAction","target":["https:\/\/noticiasemdestaque.com\/cd\/?p=60037"]}]},{"@type":"ImageObject","inLanguage":"pt-BR","@id":"https:\/\/noticiasemdestaque.com\/cd\/?p=60037#primaryimage","url":"https:\/\/noticiasemdestaque.com\/cd\/wp-content\/uploads\/2024\/08\/WhatsApp-Image-2024-08-15-at-13.16.07.jpeg","contentUrl":"https:\/\/noticiasemdestaque.com\/cd\/wp-content\/uploads\/2024\/08\/WhatsApp-Image-2024-08-15-at-13.16.07.jpeg","width":1080,"height":1066},{"@type":"BreadcrumbList","@id":"https:\/\/noticiasemdestaque.com\/cd\/?p=60037#breadcrumb","itemListElement":[{"@type":"ListItem","position":1,"name":"In\u00edcio","item":"https:\/\/noticiasemdestaque.com\/cd\/"},{"@type":"ListItem","position":2,"name":"Oportunidade em Sum\u00e9 para Jovens na Educa\u00e7\u00e3o Inclusiva"}]},{"@type":"WebSite","@id":"https:\/\/noticiasemdestaque.com\/cd\/#website","url":"https:\/\/noticiasemdestaque.com\/cd\/","name":"Not&iacute;cias em Destaque","description":"","publisher":{"@id":"https:\/\/noticiasemdestaque.com\/cd\/#organization"},"potentialAction":[{"@type":"SearchAction","target":{"@type":"EntryPoint","urlTemplate":"https:\/\/noticiasemdestaque.com\/cd\/?s={search_term_string}"},"query-input":{"@type":"PropertyValueSpecification","valueRequired":true,"valueName":"search_term_string"}}],"inLanguage":"pt-BR"},{"@type":"Organization","@id":"https:\/\/noticiasemdestaque.com\/cd\/#organization","name":"Not\u00edcias em Destaque","url":"https:\/\/noticiasemdestaque.com\/cd\/","logo":{"@type":"ImageObject","inLanguage":"pt-BR","@id":"https:\/\/noticiasemdestaque.com\/cd\/#\/schema\/logo\/image\/","url":"https:\/\/noticiasemdestaque.com\/cd\/wp-content\/uploads\/2022\/05\/imagem-base-noticiasemdestaque.png","contentUrl":"https:\/\/noticiasemdestaque.com\/cd\/wp-content\/uploads\/2022\/05\/imagem-base-noticiasemdestaque.png","width":1200,"height":630,"caption":"Not\u00edcias em Destaque"},"image":{"@id":"https:\/\/noticiasemdestaque.com\/cd\/#\/schema\/logo\/image\/"}},{"@type":"Person","@id":"https:\/\/noticiasemdestaque.com\/cd\/#\/schema\/person\/45ca272b3e1246ef14ebb78a48dbb218","name":"Not\u00edcias em Destaque","url":"https:\/\/noticiasemdestaque.com\/cd\/?author=2"}]}},"jetpack_featured_media_url":"https:\/\/noticiasemdestaque.com\/cd\/wp-content\/uploads\/2024\/08\/WhatsApp-Image-2024-08-15-at-13.16.07.jpeg","jetpack_sharing_enabled":true,"_links":{"self":[{"href":"https:\/\/noticiasemdestaque.com\/cd\/index.php?rest_route=\/wp\/v2\/posts\/60037","targetHints":{"allow":["GET"]}}],"collection":[{"href":"https:\/\/noticiasemdestaque.com\/cd\/index.php?rest_route=\/wp\/v2\/posts"}],"about":[{"href":"https:\/\/noticiasemdestaque.com\/cd\/index.php?rest_route=\/wp\/v2\/types\/post"}],"author":[{"embeddable":true,"href":"https:\/\/noticiasemdestaque.com\/cd\/index.php?rest_route=\/wp\/v2\/users\/2"}],"replies":[{"embeddable":true,"href":"https:\/\/noticiasemdestaque.com\/cd\/index.php?rest_route=%2Fwp%2Fv2%2Fcomments&post=60037"}],"version-history":[{"count":2,"href":"https:\/\/noticiasemdestaque.com\/cd\/index.php?rest_route=\/wp\/v2\/posts\/60037\/revisions"}],"predecessor-version":[{"id":60051,"href":"https:\/\/noticiasemdestaque.com\/cd\/index.php?rest_route=\/wp\/v2\/posts\/60037\/revisions\/60051"}],"wp:featuredmedia":[{"embeddable":true,"href":"https:\/\/noticiasemdestaque.com\/cd\/index.php?rest_route=\/wp\/v2\/media\/60038"}],"wp:attachment":[{"href":"https:\/\/noticiasemdestaque.com\/cd\/index.php?rest_route=%2Fwp%2Fv2%2Fmedia&parent=60037"}],"wp:term":[{"taxonomy":"category","embeddable":true,"href":"https:\/\/noticiasemdestaque.com\/cd\/index.php?rest_route=%2Fwp%2Fv2%2Fcategories&post=60037"},{"taxonomy":"post_tag","embeddable":true,"href":"https:\/\/noticiasemdestaque.com\/cd\/index.php?rest_route=%2Fwp%2Fv2%2Ftags&post=60037"}],"curies":[{"name":"wp","href":"https:\/\/api.w.org\/{rel}","templated":true}]}}