{"id":5999,"date":"2017-11-14T08:01:49","date_gmt":"2017-11-14T11:01:49","guid":{"rendered":"http:\/\/caririemdestaque.com\/cd\/?p=5999"},"modified":"2017-11-14T08:01:49","modified_gmt":"2017-11-14T11:01:49","slug":"joao-azevedo-recebe-adesao-de-mais-dois-prefeitos-para-a-sua-pre-candidatura","status":"publish","type":"post","link":"https:\/\/noticiasemdestaque.com\/cd\/?p=5999","title":{"rendered":"Jo\u00e3o Azevedo recebe ades\u00e3o de mais dois prefeitos para a sua pr\u00e9-candidatura"},"content":{"rendered":"<p><a href=\"http:\/\/caririemdestaque.com\/cd\/wp-content\/uploads\/2017\/11\/branco-e1510612357994.jpg\"><img decoding=\"async\" class=\"size-thumbnail wp-image-6000 alignleft\" src=\"http:\/\/caririemdestaque.com\/cd\/wp-content\/uploads\/2017\/11\/branco-e1510612357994-150x150.jpg\" alt=\"\" width=\"150\" height=\"150\" \/><\/a>O projeto do PSB para a disputa do Governo do Estado em 2018, que tem \u00e0 frente o pr\u00e9-candidato e secret\u00e1rio de Estado Jo\u00e3o Azevedo, nesta segunda-feira (13) ganhou a ades\u00e3o de mais dois prefeitos paraibanos. Trata-se dos prefeitos de Alhandra, Renato Mendes (DEM) e do prefeito de Caapor\u00e3, Kiko Monteiro (PDT).<\/p>\n<p>Os dois prefeitos de cidades do Litoral Sul do Estado, estiveram junto com o deputado estadual Branco Mendes (PEN), na presen\u00e7a do governador Ricardo Coutinho (PSB), para confirmar o apoio a pr\u00e9-candidatura de Azevedo.<\/p>\n<p>O PSB j\u00e1 contabiliza com 16 partidos com a inten\u00e7\u00e3o de apoiar o projeto pol\u00edtico do partido para a disputa estadual de 2018, com o secret\u00e1rio Jo\u00e3o Azevedo na condi\u00e7\u00e3o de candidato deste projeto.<\/p>\n","protected":false},"excerpt":{"rendered":"<p>O projeto do PSB para a disputa do Governo do Estado em 2018, que tem \u00e0 frente o pr\u00e9-candidato e secret\u00e1rio de Estado Jo\u00e3o Azevedo, nesta segunda-feira (13) ganhou a ades\u00e3o de mais dois prefeitos paraibanos. Trata-se dos prefeitos de Alhandra, Renato Mendes (DEM) e do prefeito de Caapor\u00e3, Kiko Monteiro (PDT). Os dois prefeitos de cidades do Litoral Sul do Estado, estiveram junto com o deputado estadual Branco Mendes (PEN), na presen\u00e7a do governador Ricardo Coutinho (PSB), para confirmar o apoio a pr\u00e9-candidatura de Azevedo. O PSB j\u00e1 contabiliza com 16 partidos com a inten\u00e7\u00e3o de apoiar o projeto pol\u00edtico do partido para a disputa estadual de 2018, com o secret\u00e1rio Jo\u00e3o Azevedo na condi\u00e7\u00e3o de candidato deste projeto.<\/p>\n","protected":false},"author":2,"featured_media":6000,"comment_status":"closed","ping_status":"open","sticky":false,"template":"","format":"standard","meta":{"_eb_attr":"","_jetpack_memberships_contains_paid_content":false,"footnotes":""},"categories":[4],"tags":[],"class_list":["post-5999","post","type-post","status-publish","format-standard","has-post-thumbnail","hentry","category-politica"],"yoast_head":"<!-- This site is optimized with the Yoast SEO plugin v26.5 - https:\/\/yoast.com\/wordpress\/plugins\/seo\/ -->\n<title>Jo\u00e3o Azevedo recebe ades\u00e3o de mais dois prefeitos para a sua pr\u00e9-candidatura - Not&iacute;cias em Destaque<\/title>\n<meta name=\"robots\" content=\"index, follow, max-snippet:-1, max-image-preview:large, max-video-preview:-1\" \/>\n<link rel=\"canonical\" href=\"https:\/\/noticiasemdestaque.com\/cd\/?p=5999\" \/>\n<meta property=\"og:locale\" content=\"pt_BR\" \/>\n<meta property=\"og:type\" content=\"article\" \/>\n<meta property=\"og:title\" content=\"Jo\u00e3o Azevedo recebe ades\u00e3o de mais dois prefeitos para a sua pr\u00e9-candidatura - Not&iacute;cias em Destaque\" \/>\n<meta property=\"og:description\" content=\"O projeto do PSB para a disputa do Governo do Estado em 2018, que tem \u00e0 frente o pr\u00e9-candidato e secret\u00e1rio de Estado Jo\u00e3o Azevedo, nesta segunda-feira (13) ganhou a ades\u00e3o de mais dois prefeitos paraibanos. Trata-se dos prefeitos de Alhandra, Renato Mendes (DEM) e do prefeito de Caapor\u00e3, Kiko Monteiro (PDT). Os dois prefeitos de cidades do Litoral Sul do Estado, estiveram junto com o deputado estadual Branco Mendes (PEN), na presen\u00e7a do governador Ricardo Coutinho (PSB), para confirmar o apoio a pr\u00e9-candidatura de Azevedo. O PSB j\u00e1 contabiliza com 16 partidos com a inten\u00e7\u00e3o de apoiar o projeto pol\u00edtico do partido para a disputa estadual de 2018, com o secret\u00e1rio Jo\u00e3o Azevedo na condi\u00e7\u00e3o de candidato deste projeto.\" \/>\n<meta property=\"og:url\" content=\"https:\/\/noticiasemdestaque.com\/cd\/?p=5999\" \/>\n<meta property=\"og:site_name\" content=\"Not&iacute;cias em Destaque\" \/>\n<meta property=\"article:published_time\" content=\"2017-11-14T11:01:49+00:00\" \/>\n<meta property=\"og:image\" content=\"https:\/\/noticiasemdestaque.com\/cd\/wp-content\/uploads\/2017\/11\/branco-e1510612357994.jpg\" \/>\n\t<meta property=\"og:image:width\" content=\"696\" \/>\n\t<meta property=\"og:image:height\" content=\"522\" \/>\n\t<meta property=\"og:image:type\" content=\"image\/jpeg\" \/>\n<meta name=\"author\" content=\"Not\u00edcias em Destaque\" \/>\n<meta name=\"twitter:card\" content=\"summary_large_image\" \/>\n<meta name=\"twitter:label1\" content=\"Escrito por\" \/>\n\t<meta name=\"twitter:data1\" content=\"Not\u00edcias em Destaque\" \/>\n\t<meta name=\"twitter:label2\" content=\"Est. tempo de leitura\" \/>\n\t<meta name=\"twitter:data2\" content=\"1 minuto\" \/>\n<script type=\"application\/ld+json\" class=\"yoast-schema-graph\">{\"@context\":\"https:\/\/schema.org\",\"@graph\":[{\"@type\":\"Article\",\"@id\":\"https:\/\/noticiasemdestaque.com\/cd\/?p=5999#article\",\"isPartOf\":{\"@id\":\"https:\/\/noticiasemdestaque.com\/cd\/?p=5999\"},\"author\":{\"name\":\"Not\u00edcias em Destaque\",\"@id\":\"https:\/\/noticiasemdestaque.com\/cd\/#\/schema\/person\/21320b03a7e8bb90128938dafc9b908a\"},\"headline\":\"Jo\u00e3o Azevedo recebe ades\u00e3o de mais dois prefeitos para a sua pr\u00e9-candidatura\",\"datePublished\":\"2017-11-14T11:01:49+00:00\",\"mainEntityOfPage\":{\"@id\":\"https:\/\/noticiasemdestaque.com\/cd\/?p=5999\"},\"wordCount\":141,\"publisher\":{\"@id\":\"https:\/\/noticiasemdestaque.com\/cd\/#organization\"},\"image\":{\"@id\":\"https:\/\/noticiasemdestaque.com\/cd\/?p=5999#primaryimage\"},\"thumbnailUrl\":\"https:\/\/noticiasemdestaque.com\/cd\/wp-content\/uploads\/2017\/11\/branco-e1510612357994.jpg\",\"articleSection\":[\"Pol\u00edtica\"],\"inLanguage\":\"pt-BR\"},{\"@type\":\"WebPage\",\"@id\":\"https:\/\/noticiasemdestaque.com\/cd\/?p=5999\",\"url\":\"https:\/\/noticiasemdestaque.com\/cd\/?p=5999\",\"name\":\"Jo\u00e3o Azevedo recebe ades\u00e3o de mais dois prefeitos para a sua pr\u00e9-candidatura - Not&iacute;cias em Destaque\",\"isPartOf\":{\"@id\":\"https:\/\/noticiasemdestaque.com\/cd\/#website\"},\"primaryImageOfPage\":{\"@id\":\"https:\/\/noticiasemdestaque.com\/cd\/?p=5999#primaryimage\"},\"image\":{\"@id\":\"https:\/\/noticiasemdestaque.com\/cd\/?p=5999#primaryimage\"},\"thumbnailUrl\":\"https:\/\/noticiasemdestaque.com\/cd\/wp-content\/uploads\/2017\/11\/branco-e1510612357994.jpg\",\"datePublished\":\"2017-11-14T11:01:49+00:00\",\"breadcrumb\":{\"@id\":\"https:\/\/noticiasemdestaque.com\/cd\/?p=5999#breadcrumb\"},\"inLanguage\":\"pt-BR\",\"potentialAction\":[{\"@type\":\"ReadAction\",\"target\":[\"https:\/\/noticiasemdestaque.com\/cd\/?p=5999\"]}]},{\"@type\":\"ImageObject\",\"inLanguage\":\"pt-BR\",\"@id\":\"https:\/\/noticiasemdestaque.com\/cd\/?p=5999#primaryimage\",\"url\":\"https:\/\/noticiasemdestaque.com\/cd\/wp-content\/uploads\/2017\/11\/branco-e1510612357994.jpg\",\"contentUrl\":\"https:\/\/noticiasemdestaque.com\/cd\/wp-content\/uploads\/2017\/11\/branco-e1510612357994.jpg\",\"width\":696,\"height\":522},{\"@type\":\"BreadcrumbList\",\"@id\":\"https:\/\/noticiasemdestaque.com\/cd\/?p=5999#breadcrumb\",\"itemListElement\":[{\"@type\":\"ListItem\",\"position\":1,\"name\":\"In\u00edcio\",\"item\":\"https:\/\/noticiasemdestaque.com\/cd\/\"},{\"@type\":\"ListItem\",\"position\":2,\"name\":\"Jo\u00e3o Azevedo recebe ades\u00e3o de mais dois prefeitos para a sua pr\u00e9-candidatura\"}]},{\"@type\":\"WebSite\",\"@id\":\"https:\/\/noticiasemdestaque.com\/cd\/#website\",\"url\":\"https:\/\/noticiasemdestaque.com\/cd\/\",\"name\":\"Not&iacute;cias em Destaque\",\"description\":\"\",\"publisher\":{\"@id\":\"https:\/\/noticiasemdestaque.com\/cd\/#organization\"},\"potentialAction\":[{\"@type\":\"SearchAction\",\"target\":{\"@type\":\"EntryPoint\",\"urlTemplate\":\"https:\/\/noticiasemdestaque.com\/cd\/?s={search_term_string}\"},\"query-input\":{\"@type\":\"PropertyValueSpecification\",\"valueRequired\":true,\"valueName\":\"search_term_string\"}}],\"inLanguage\":\"pt-BR\"},{\"@type\":\"Organization\",\"@id\":\"https:\/\/noticiasemdestaque.com\/cd\/#organization\",\"name\":\"Not\u00edcias em Destaque\",\"url\":\"https:\/\/noticiasemdestaque.com\/cd\/\",\"logo\":{\"@type\":\"ImageObject\",\"inLanguage\":\"pt-BR\",\"@id\":\"https:\/\/noticiasemdestaque.com\/cd\/#\/schema\/logo\/image\/\",\"url\":\"https:\/\/noticiasemdestaque.com\/cd\/wp-content\/uploads\/2022\/05\/imagem-base-noticiasemdestaque.png\",\"contentUrl\":\"https:\/\/noticiasemdestaque.com\/cd\/wp-content\/uploads\/2022\/05\/imagem-base-noticiasemdestaque.png\",\"width\":1200,\"height\":630,\"caption\":\"Not\u00edcias em Destaque\"},\"image\":{\"@id\":\"https:\/\/noticiasemdestaque.com\/cd\/#\/schema\/logo\/image\/\"}},{\"@type\":\"Person\",\"@id\":\"https:\/\/noticiasemdestaque.com\/cd\/#\/schema\/person\/21320b03a7e8bb90128938dafc9b908a\",\"name\":\"Not\u00edcias em Destaque\",\"url\":\"https:\/\/noticiasemdestaque.com\/cd\/?author=2\"}]}<\/script>\n<!-- \/ Yoast SEO plugin. -->","yoast_head_json":{"title":"Jo\u00e3o Azevedo recebe ades\u00e3o de mais dois prefeitos para a sua pr\u00e9-candidatura - Not&iacute;cias em Destaque","robots":{"index":"index","follow":"follow","max-snippet":"max-snippet:-1","max-image-preview":"max-image-preview:large","max-video-preview":"max-video-preview:-1"},"canonical":"https:\/\/noticiasemdestaque.com\/cd\/?p=5999","og_locale":"pt_BR","og_type":"article","og_title":"Jo\u00e3o Azevedo recebe ades\u00e3o de mais dois prefeitos para a sua pr\u00e9-candidatura - Not&iacute;cias em Destaque","og_description":"O projeto do PSB para a disputa do Governo do Estado em 2018, que tem \u00e0 frente o pr\u00e9-candidato e secret\u00e1rio de Estado Jo\u00e3o Azevedo, nesta segunda-feira (13) ganhou a ades\u00e3o de mais dois prefeitos paraibanos. Trata-se dos prefeitos de Alhandra, Renato Mendes (DEM) e do prefeito de Caapor\u00e3, Kiko Monteiro (PDT). Os dois prefeitos de cidades do Litoral Sul do Estado, estiveram junto com o deputado estadual Branco Mendes (PEN), na presen\u00e7a do governador Ricardo Coutinho (PSB), para confirmar o apoio a pr\u00e9-candidatura de Azevedo. O PSB j\u00e1 contabiliza com 16 partidos com a inten\u00e7\u00e3o de apoiar o projeto pol\u00edtico do partido para a disputa estadual de 2018, com o secret\u00e1rio Jo\u00e3o Azevedo na condi\u00e7\u00e3o de candidato deste projeto.","og_url":"https:\/\/noticiasemdestaque.com\/cd\/?p=5999","og_site_name":"Not&iacute;cias em Destaque","article_published_time":"2017-11-14T11:01:49+00:00","og_image":[{"width":696,"height":522,"url":"https:\/\/noticiasemdestaque.com\/cd\/wp-content\/uploads\/2017\/11\/branco-e1510612357994.jpg","type":"image\/jpeg"}],"author":"Not\u00edcias em Destaque","twitter_card":"summary_large_image","twitter_misc":{"Escrito por":"Not\u00edcias em Destaque","Est. tempo de leitura":"1 minuto"},"schema":{"@context":"https:\/\/schema.org","@graph":[{"@type":"Article","@id":"https:\/\/noticiasemdestaque.com\/cd\/?p=5999#article","isPartOf":{"@id":"https:\/\/noticiasemdestaque.com\/cd\/?p=5999"},"author":{"name":"Not\u00edcias em Destaque","@id":"https:\/\/noticiasemdestaque.com\/cd\/#\/schema\/person\/21320b03a7e8bb90128938dafc9b908a"},"headline":"Jo\u00e3o Azevedo recebe ades\u00e3o de mais dois prefeitos para a sua pr\u00e9-candidatura","datePublished":"2017-11-14T11:01:49+00:00","mainEntityOfPage":{"@id":"https:\/\/noticiasemdestaque.com\/cd\/?p=5999"},"wordCount":141,"publisher":{"@id":"https:\/\/noticiasemdestaque.com\/cd\/#organization"},"image":{"@id":"https:\/\/noticiasemdestaque.com\/cd\/?p=5999#primaryimage"},"thumbnailUrl":"https:\/\/noticiasemdestaque.com\/cd\/wp-content\/uploads\/2017\/11\/branco-e1510612357994.jpg","articleSection":["Pol\u00edtica"],"inLanguage":"pt-BR"},{"@type":"WebPage","@id":"https:\/\/noticiasemdestaque.com\/cd\/?p=5999","url":"https:\/\/noticiasemdestaque.com\/cd\/?p=5999","name":"Jo\u00e3o Azevedo recebe ades\u00e3o de mais dois prefeitos para a sua pr\u00e9-candidatura - Not&iacute;cias em Destaque","isPartOf":{"@id":"https:\/\/noticiasemdestaque.com\/cd\/#website"},"primaryImageOfPage":{"@id":"https:\/\/noticiasemdestaque.com\/cd\/?p=5999#primaryimage"},"image":{"@id":"https:\/\/noticiasemdestaque.com\/cd\/?p=5999#primaryimage"},"thumbnailUrl":"https:\/\/noticiasemdestaque.com\/cd\/wp-content\/uploads\/2017\/11\/branco-e1510612357994.jpg","datePublished":"2017-11-14T11:01:49+00:00","breadcrumb":{"@id":"https:\/\/noticiasemdestaque.com\/cd\/?p=5999#breadcrumb"},"inLanguage":"pt-BR","potentialAction":[{"@type":"ReadAction","target":["https:\/\/noticiasemdestaque.com\/cd\/?p=5999"]}]},{"@type":"ImageObject","inLanguage":"pt-BR","@id":"https:\/\/noticiasemdestaque.com\/cd\/?p=5999#primaryimage","url":"https:\/\/noticiasemdestaque.com\/cd\/wp-content\/uploads\/2017\/11\/branco-e1510612357994.jpg","contentUrl":"https:\/\/noticiasemdestaque.com\/cd\/wp-content\/uploads\/2017\/11\/branco-e1510612357994.jpg","width":696,"height":522},{"@type":"BreadcrumbList","@id":"https:\/\/noticiasemdestaque.com\/cd\/?p=5999#breadcrumb","itemListElement":[{"@type":"ListItem","position":1,"name":"In\u00edcio","item":"https:\/\/noticiasemdestaque.com\/cd\/"},{"@type":"ListItem","position":2,"name":"Jo\u00e3o Azevedo recebe ades\u00e3o de mais dois prefeitos para a sua pr\u00e9-candidatura"}]},{"@type":"WebSite","@id":"https:\/\/noticiasemdestaque.com\/cd\/#website","url":"https:\/\/noticiasemdestaque.com\/cd\/","name":"Not&iacute;cias em Destaque","description":"","publisher":{"@id":"https:\/\/noticiasemdestaque.com\/cd\/#organization"},"potentialAction":[{"@type":"SearchAction","target":{"@type":"EntryPoint","urlTemplate":"https:\/\/noticiasemdestaque.com\/cd\/?s={search_term_string}"},"query-input":{"@type":"PropertyValueSpecification","valueRequired":true,"valueName":"search_term_string"}}],"inLanguage":"pt-BR"},{"@type":"Organization","@id":"https:\/\/noticiasemdestaque.com\/cd\/#organization","name":"Not\u00edcias em Destaque","url":"https:\/\/noticiasemdestaque.com\/cd\/","logo":{"@type":"ImageObject","inLanguage":"pt-BR","@id":"https:\/\/noticiasemdestaque.com\/cd\/#\/schema\/logo\/image\/","url":"https:\/\/noticiasemdestaque.com\/cd\/wp-content\/uploads\/2022\/05\/imagem-base-noticiasemdestaque.png","contentUrl":"https:\/\/noticiasemdestaque.com\/cd\/wp-content\/uploads\/2022\/05\/imagem-base-noticiasemdestaque.png","width":1200,"height":630,"caption":"Not\u00edcias em Destaque"},"image":{"@id":"https:\/\/noticiasemdestaque.com\/cd\/#\/schema\/logo\/image\/"}},{"@type":"Person","@id":"https:\/\/noticiasemdestaque.com\/cd\/#\/schema\/person\/21320b03a7e8bb90128938dafc9b908a","name":"Not\u00edcias em Destaque","url":"https:\/\/noticiasemdestaque.com\/cd\/?author=2"}]}},"jetpack_featured_media_url":"https:\/\/noticiasemdestaque.com\/cd\/wp-content\/uploads\/2017\/11\/branco-e1510612357994.jpg","jetpack_sharing_enabled":true,"_links":{"self":[{"href":"https:\/\/noticiasemdestaque.com\/cd\/index.php?rest_route=\/wp\/v2\/posts\/5999","targetHints":{"allow":["GET"]}}],"collection":[{"href":"https:\/\/noticiasemdestaque.com\/cd\/index.php?rest_route=\/wp\/v2\/posts"}],"about":[{"href":"https:\/\/noticiasemdestaque.com\/cd\/index.php?rest_route=\/wp\/v2\/types\/post"}],"author":[{"embeddable":true,"href":"https:\/\/noticiasemdestaque.com\/cd\/index.php?rest_route=\/wp\/v2\/users\/2"}],"replies":[{"embeddable":true,"href":"https:\/\/noticiasemdestaque.com\/cd\/index.php?rest_route=%2Fwp%2Fv2%2Fcomments&post=5999"}],"version-history":[{"count":1,"href":"https:\/\/noticiasemdestaque.com\/cd\/index.php?rest_route=\/wp\/v2\/posts\/5999\/revisions"}],"predecessor-version":[{"id":6001,"href":"https:\/\/noticiasemdestaque.com\/cd\/index.php?rest_route=\/wp\/v2\/posts\/5999\/revisions\/6001"}],"wp:featuredmedia":[{"embeddable":true,"href":"https:\/\/noticiasemdestaque.com\/cd\/index.php?rest_route=\/wp\/v2\/media\/6000"}],"wp:attachment":[{"href":"https:\/\/noticiasemdestaque.com\/cd\/index.php?rest_route=%2Fwp%2Fv2%2Fmedia&parent=5999"}],"wp:term":[{"taxonomy":"category","embeddable":true,"href":"https:\/\/noticiasemdestaque.com\/cd\/index.php?rest_route=%2Fwp%2Fv2%2Fcategories&post=5999"},{"taxonomy":"post_tag","embeddable":true,"href":"https:\/\/noticiasemdestaque.com\/cd\/index.php?rest_route=%2Fwp%2Fv2%2Ftags&post=5999"}],"curies":[{"name":"wp","href":"https:\/\/api.w.org\/{rel}","templated":true}]}}