{"id":5990,"date":"2017-11-14T07:49:46","date_gmt":"2017-11-14T10:49:46","guid":{"rendered":"http:\/\/caririemdestaque.com\/cd\/?p=5990"},"modified":"2017-11-14T07:49:46","modified_gmt":"2017-11-14T10:49:46","slug":"palestra-no-cdsa-aborda-implicacoes-da-desigualdade-de-genero-para-a-politica-e-o-desenvolvimento-do-brasil","status":"publish","type":"post","link":"https:\/\/noticiasemdestaque.com\/cd\/?p=5990","title":{"rendered":"Palestra no CDSA aborda implica\u00e7\u00f5es da desigualdade de g\u00eanero para a pol\u00edtica e o desenvolvimento do Brasil"},"content":{"rendered":"<p><a href=\"http:\/\/caririemdestaque.com\/cd\/wp-content\/uploads\/2017\/11\/Slide1-palestra-sheyla.jpg\"><img decoding=\"async\" class=\"wp-image-5991  alignleft\" src=\"http:\/\/caririemdestaque.com\/cd\/wp-content\/uploads\/2017\/11\/Slide1-palestra-sheyla-300x169.jpg\" alt=\"\" width=\"254\" height=\"143\" srcset=\"https:\/\/noticiasemdestaque.com\/cd\/wp-content\/uploads\/2017\/11\/Slide1-palestra-sheyla-300x169.jpg 300w, https:\/\/noticiasemdestaque.com\/cd\/wp-content\/uploads\/2017\/11\/Slide1-palestra-sheyla-768x432.jpg 768w, https:\/\/noticiasemdestaque.com\/cd\/wp-content\/uploads\/2017\/11\/Slide1-palestra-sheyla-1024x576.jpg 1024w, https:\/\/noticiasemdestaque.com\/cd\/wp-content\/uploads\/2017\/11\/Slide1-palestra-sheyla.jpg 1280w\" sizes=\"(max-width: 254px) 100vw, 254px\" \/><\/a>O Grupo de Estudos e Pesquisas em Ci\u00eancia Pol\u00edtica (GEPESCP) realizar\u00e1 neste dia 14 de novembro, \u00e0s 18h30min, no audit\u00f3rio do Centro de Desenvolvimento Sustent\u00e1vel do Semi\u00e1rido da UFCG, o Simp\u00f3sio Tem\u00e1tico &#8220;Quais as implica\u00e7\u00f5es da desigualdade de g\u00eanero para a pol\u00edtica e o desenvolvimento do Brasil?&#8221;.<\/p>\n<p>A participa\u00e7\u00e3o no evento \u00e9 aberto a todos os interessados. As inscri\u00e7\u00f5es podem ser feitas gratuitamente no endere\u00e7o:\u00a0<a href=\"https:\/\/doity.com.br\/quais-as-implicacoes-da-desigualdade-de-genero-para-a-politica-e-o-desenvolvimento-do-brasil\" data-saferedirecturl=\"https:\/\/www.google.com\/url?hl=pt-BR&amp;q=https:\/\/doity.com.br\/quais-as-implicacoes-da-desigualdade-de-genero-para-a-politica-e-o-desenvolvimento-do-brasil&amp;source=gmail&amp;ust=1510742334182000&amp;usg=AFQjCNHaoxNr7bHyJ-sGU7u1F5u-EEaZHw\">https:\/\/doity.com.br\/quais-as-implicacoes-da-desigualdade-de-genero-para-a-politica-e-o-desenvolvimento-do-brasil<\/a>.<\/p>\n<p>Assimp CDSA\/UFCG<\/p>\n<p>&nbsp;<\/p>\n","protected":false},"excerpt":{"rendered":"<p>O Grupo de Estudos e Pesquisas em Ci\u00eancia Pol\u00edtica (GEPESCP) realizar\u00e1 neste dia 14 de novembro, \u00e0s 18h30min, no audit\u00f3rio do Centro de Desenvolvimento Sustent\u00e1vel do Semi\u00e1rido da UFCG, o Simp\u00f3sio Tem\u00e1tico &#8220;Quais as implica\u00e7\u00f5es da desigualdade de g\u00eanero para a pol\u00edtica e o desenvolvimento do Brasil?&#8221;. A participa\u00e7\u00e3o no evento \u00e9 aberto a todos os interessados. As inscri\u00e7\u00f5es podem ser feitas gratuitamente no endere\u00e7o:\u00a0https:\/\/doity.com.br\/quais-as-implicacoes-da-desigualdade-de-genero-para-a-politica-e-o-desenvolvimento-do-brasil. Assimp CDSA\/UFCG &nbsp;<\/p>\n","protected":false},"author":2,"featured_media":5991,"comment_status":"closed","ping_status":"open","sticky":false,"template":"","format":"standard","meta":{"_eb_attr":"","_jetpack_memberships_contains_paid_content":false,"footnotes":""},"categories":[6],"tags":[],"class_list":["post-5990","post","type-post","status-publish","format-standard","has-post-thumbnail","hentry","category-educacao"],"yoast_head":"<!-- This site is optimized with the Yoast SEO plugin v26.5 - https:\/\/yoast.com\/wordpress\/plugins\/seo\/ -->\n<title>Palestra no CDSA aborda implica\u00e7\u00f5es da desigualdade de g\u00eanero para a pol\u00edtica e o desenvolvimento do Brasil - Not&iacute;cias em Destaque<\/title>\n<meta name=\"robots\" content=\"index, follow, max-snippet:-1, max-image-preview:large, max-video-preview:-1\" \/>\n<link rel=\"canonical\" href=\"https:\/\/noticiasemdestaque.com\/cd\/?p=5990\" \/>\n<meta property=\"og:locale\" content=\"pt_BR\" \/>\n<meta property=\"og:type\" content=\"article\" \/>\n<meta property=\"og:title\" content=\"Palestra no CDSA aborda implica\u00e7\u00f5es da desigualdade de g\u00eanero para a pol\u00edtica e o desenvolvimento do Brasil - Not&iacute;cias em Destaque\" \/>\n<meta property=\"og:description\" content=\"O Grupo de Estudos e Pesquisas em Ci\u00eancia Pol\u00edtica (GEPESCP) realizar\u00e1 neste dia 14 de novembro, \u00e0s 18h30min, no audit\u00f3rio do Centro de Desenvolvimento Sustent\u00e1vel do Semi\u00e1rido da UFCG, o Simp\u00f3sio Tem\u00e1tico &#8220;Quais as implica\u00e7\u00f5es da desigualdade de g\u00eanero para a pol\u00edtica e o desenvolvimento do Brasil?&#8221;. A participa\u00e7\u00e3o no evento \u00e9 aberto a todos os interessados. As inscri\u00e7\u00f5es podem ser feitas gratuitamente no endere\u00e7o:\u00a0https:\/\/doity.com.br\/quais-as-implicacoes-da-desigualdade-de-genero-para-a-politica-e-o-desenvolvimento-do-brasil. Assimp CDSA\/UFCG &nbsp;\" \/>\n<meta property=\"og:url\" content=\"https:\/\/noticiasemdestaque.com\/cd\/?p=5990\" \/>\n<meta property=\"og:site_name\" content=\"Not&iacute;cias em Destaque\" \/>\n<meta property=\"article:published_time\" content=\"2017-11-14T10:49:46+00:00\" \/>\n<meta property=\"og:image\" content=\"https:\/\/noticiasemdestaque.com\/cd\/wp-content\/uploads\/2017\/11\/Slide1-palestra-sheyla.jpg\" \/>\n\t<meta property=\"og:image:width\" content=\"1280\" \/>\n\t<meta property=\"og:image:height\" content=\"720\" \/>\n\t<meta property=\"og:image:type\" content=\"image\/jpeg\" \/>\n<meta name=\"author\" content=\"Not\u00edcias em Destaque\" \/>\n<meta name=\"twitter:card\" content=\"summary_large_image\" \/>\n<meta name=\"twitter:label1\" content=\"Escrito por\" \/>\n\t<meta name=\"twitter:data1\" content=\"Not\u00edcias em Destaque\" \/>\n<script type=\"application\/ld+json\" class=\"yoast-schema-graph\">{\"@context\":\"https:\/\/schema.org\",\"@graph\":[{\"@type\":\"Article\",\"@id\":\"https:\/\/noticiasemdestaque.com\/cd\/?p=5990#article\",\"isPartOf\":{\"@id\":\"https:\/\/noticiasemdestaque.com\/cd\/?p=5990\"},\"author\":{\"name\":\"Not\u00edcias em Destaque\",\"@id\":\"https:\/\/noticiasemdestaque.com\/cd\/#\/schema\/person\/21320b03a7e8bb90128938dafc9b908a\"},\"headline\":\"Palestra no CDSA aborda implica\u00e7\u00f5es da desigualdade de g\u00eanero para a pol\u00edtica e o desenvolvimento do Brasil\",\"datePublished\":\"2017-11-14T10:49:46+00:00\",\"mainEntityOfPage\":{\"@id\":\"https:\/\/noticiasemdestaque.com\/cd\/?p=5990\"},\"wordCount\":106,\"publisher\":{\"@id\":\"https:\/\/noticiasemdestaque.com\/cd\/#organization\"},\"image\":{\"@id\":\"https:\/\/noticiasemdestaque.com\/cd\/?p=5990#primaryimage\"},\"thumbnailUrl\":\"https:\/\/noticiasemdestaque.com\/cd\/wp-content\/uploads\/2017\/11\/Slide1-palestra-sheyla.jpg\",\"articleSection\":[\"Educa\u00e7\u00e3o\"],\"inLanguage\":\"pt-BR\"},{\"@type\":\"WebPage\",\"@id\":\"https:\/\/noticiasemdestaque.com\/cd\/?p=5990\",\"url\":\"https:\/\/noticiasemdestaque.com\/cd\/?p=5990\",\"name\":\"Palestra no CDSA aborda implica\u00e7\u00f5es da desigualdade de g\u00eanero para a pol\u00edtica e o desenvolvimento do Brasil - Not&iacute;cias em Destaque\",\"isPartOf\":{\"@id\":\"https:\/\/noticiasemdestaque.com\/cd\/#website\"},\"primaryImageOfPage\":{\"@id\":\"https:\/\/noticiasemdestaque.com\/cd\/?p=5990#primaryimage\"},\"image\":{\"@id\":\"https:\/\/noticiasemdestaque.com\/cd\/?p=5990#primaryimage\"},\"thumbnailUrl\":\"https:\/\/noticiasemdestaque.com\/cd\/wp-content\/uploads\/2017\/11\/Slide1-palestra-sheyla.jpg\",\"datePublished\":\"2017-11-14T10:49:46+00:00\",\"breadcrumb\":{\"@id\":\"https:\/\/noticiasemdestaque.com\/cd\/?p=5990#breadcrumb\"},\"inLanguage\":\"pt-BR\",\"potentialAction\":[{\"@type\":\"ReadAction\",\"target\":[\"https:\/\/noticiasemdestaque.com\/cd\/?p=5990\"]}]},{\"@type\":\"ImageObject\",\"inLanguage\":\"pt-BR\",\"@id\":\"https:\/\/noticiasemdestaque.com\/cd\/?p=5990#primaryimage\",\"url\":\"https:\/\/noticiasemdestaque.com\/cd\/wp-content\/uploads\/2017\/11\/Slide1-palestra-sheyla.jpg\",\"contentUrl\":\"https:\/\/noticiasemdestaque.com\/cd\/wp-content\/uploads\/2017\/11\/Slide1-palestra-sheyla.jpg\",\"width\":1280,\"height\":720},{\"@type\":\"BreadcrumbList\",\"@id\":\"https:\/\/noticiasemdestaque.com\/cd\/?p=5990#breadcrumb\",\"itemListElement\":[{\"@type\":\"ListItem\",\"position\":1,\"name\":\"In\u00edcio\",\"item\":\"https:\/\/noticiasemdestaque.com\/cd\/\"},{\"@type\":\"ListItem\",\"position\":2,\"name\":\"Palestra no CDSA aborda implica\u00e7\u00f5es da desigualdade de g\u00eanero para a pol\u00edtica e o desenvolvimento do Brasil\"}]},{\"@type\":\"WebSite\",\"@id\":\"https:\/\/noticiasemdestaque.com\/cd\/#website\",\"url\":\"https:\/\/noticiasemdestaque.com\/cd\/\",\"name\":\"Not&iacute;cias em Destaque\",\"description\":\"\",\"publisher\":{\"@id\":\"https:\/\/noticiasemdestaque.com\/cd\/#organization\"},\"potentialAction\":[{\"@type\":\"SearchAction\",\"target\":{\"@type\":\"EntryPoint\",\"urlTemplate\":\"https:\/\/noticiasemdestaque.com\/cd\/?s={search_term_string}\"},\"query-input\":{\"@type\":\"PropertyValueSpecification\",\"valueRequired\":true,\"valueName\":\"search_term_string\"}}],\"inLanguage\":\"pt-BR\"},{\"@type\":\"Organization\",\"@id\":\"https:\/\/noticiasemdestaque.com\/cd\/#organization\",\"name\":\"Not\u00edcias em Destaque\",\"url\":\"https:\/\/noticiasemdestaque.com\/cd\/\",\"logo\":{\"@type\":\"ImageObject\",\"inLanguage\":\"pt-BR\",\"@id\":\"https:\/\/noticiasemdestaque.com\/cd\/#\/schema\/logo\/image\/\",\"url\":\"https:\/\/noticiasemdestaque.com\/cd\/wp-content\/uploads\/2022\/05\/imagem-base-noticiasemdestaque.png\",\"contentUrl\":\"https:\/\/noticiasemdestaque.com\/cd\/wp-content\/uploads\/2022\/05\/imagem-base-noticiasemdestaque.png\",\"width\":1200,\"height\":630,\"caption\":\"Not\u00edcias em Destaque\"},\"image\":{\"@id\":\"https:\/\/noticiasemdestaque.com\/cd\/#\/schema\/logo\/image\/\"}},{\"@type\":\"Person\",\"@id\":\"https:\/\/noticiasemdestaque.com\/cd\/#\/schema\/person\/21320b03a7e8bb90128938dafc9b908a\",\"name\":\"Not\u00edcias em Destaque\",\"url\":\"https:\/\/noticiasemdestaque.com\/cd\/?author=2\"}]}<\/script>\n<!-- \/ Yoast SEO plugin. -->","yoast_head_json":{"title":"Palestra no CDSA aborda implica\u00e7\u00f5es da desigualdade de g\u00eanero para a pol\u00edtica e o desenvolvimento do Brasil - Not&iacute;cias em Destaque","robots":{"index":"index","follow":"follow","max-snippet":"max-snippet:-1","max-image-preview":"max-image-preview:large","max-video-preview":"max-video-preview:-1"},"canonical":"https:\/\/noticiasemdestaque.com\/cd\/?p=5990","og_locale":"pt_BR","og_type":"article","og_title":"Palestra no CDSA aborda implica\u00e7\u00f5es da desigualdade de g\u00eanero para a pol\u00edtica e o desenvolvimento do Brasil - Not&iacute;cias em Destaque","og_description":"O Grupo de Estudos e Pesquisas em Ci\u00eancia Pol\u00edtica (GEPESCP) realizar\u00e1 neste dia 14 de novembro, \u00e0s 18h30min, no audit\u00f3rio do Centro de Desenvolvimento Sustent\u00e1vel do Semi\u00e1rido da UFCG, o Simp\u00f3sio Tem\u00e1tico &#8220;Quais as implica\u00e7\u00f5es da desigualdade de g\u00eanero para a pol\u00edtica e o desenvolvimento do Brasil?&#8221;. A participa\u00e7\u00e3o no evento \u00e9 aberto a todos os interessados. As inscri\u00e7\u00f5es podem ser feitas gratuitamente no endere\u00e7o:\u00a0https:\/\/doity.com.br\/quais-as-implicacoes-da-desigualdade-de-genero-para-a-politica-e-o-desenvolvimento-do-brasil. Assimp CDSA\/UFCG &nbsp;","og_url":"https:\/\/noticiasemdestaque.com\/cd\/?p=5990","og_site_name":"Not&iacute;cias em Destaque","article_published_time":"2017-11-14T10:49:46+00:00","og_image":[{"width":1280,"height":720,"url":"https:\/\/noticiasemdestaque.com\/cd\/wp-content\/uploads\/2017\/11\/Slide1-palestra-sheyla.jpg","type":"image\/jpeg"}],"author":"Not\u00edcias em Destaque","twitter_card":"summary_large_image","twitter_misc":{"Escrito por":"Not\u00edcias em Destaque"},"schema":{"@context":"https:\/\/schema.org","@graph":[{"@type":"Article","@id":"https:\/\/noticiasemdestaque.com\/cd\/?p=5990#article","isPartOf":{"@id":"https:\/\/noticiasemdestaque.com\/cd\/?p=5990"},"author":{"name":"Not\u00edcias em Destaque","@id":"https:\/\/noticiasemdestaque.com\/cd\/#\/schema\/person\/21320b03a7e8bb90128938dafc9b908a"},"headline":"Palestra no CDSA aborda implica\u00e7\u00f5es da desigualdade de g\u00eanero para a pol\u00edtica e o desenvolvimento do Brasil","datePublished":"2017-11-14T10:49:46+00:00","mainEntityOfPage":{"@id":"https:\/\/noticiasemdestaque.com\/cd\/?p=5990"},"wordCount":106,"publisher":{"@id":"https:\/\/noticiasemdestaque.com\/cd\/#organization"},"image":{"@id":"https:\/\/noticiasemdestaque.com\/cd\/?p=5990#primaryimage"},"thumbnailUrl":"https:\/\/noticiasemdestaque.com\/cd\/wp-content\/uploads\/2017\/11\/Slide1-palestra-sheyla.jpg","articleSection":["Educa\u00e7\u00e3o"],"inLanguage":"pt-BR"},{"@type":"WebPage","@id":"https:\/\/noticiasemdestaque.com\/cd\/?p=5990","url":"https:\/\/noticiasemdestaque.com\/cd\/?p=5990","name":"Palestra no CDSA aborda implica\u00e7\u00f5es da desigualdade de g\u00eanero para a pol\u00edtica e o desenvolvimento do Brasil - Not&iacute;cias em Destaque","isPartOf":{"@id":"https:\/\/noticiasemdestaque.com\/cd\/#website"},"primaryImageOfPage":{"@id":"https:\/\/noticiasemdestaque.com\/cd\/?p=5990#primaryimage"},"image":{"@id":"https:\/\/noticiasemdestaque.com\/cd\/?p=5990#primaryimage"},"thumbnailUrl":"https:\/\/noticiasemdestaque.com\/cd\/wp-content\/uploads\/2017\/11\/Slide1-palestra-sheyla.jpg","datePublished":"2017-11-14T10:49:46+00:00","breadcrumb":{"@id":"https:\/\/noticiasemdestaque.com\/cd\/?p=5990#breadcrumb"},"inLanguage":"pt-BR","potentialAction":[{"@type":"ReadAction","target":["https:\/\/noticiasemdestaque.com\/cd\/?p=5990"]}]},{"@type":"ImageObject","inLanguage":"pt-BR","@id":"https:\/\/noticiasemdestaque.com\/cd\/?p=5990#primaryimage","url":"https:\/\/noticiasemdestaque.com\/cd\/wp-content\/uploads\/2017\/11\/Slide1-palestra-sheyla.jpg","contentUrl":"https:\/\/noticiasemdestaque.com\/cd\/wp-content\/uploads\/2017\/11\/Slide1-palestra-sheyla.jpg","width":1280,"height":720},{"@type":"BreadcrumbList","@id":"https:\/\/noticiasemdestaque.com\/cd\/?p=5990#breadcrumb","itemListElement":[{"@type":"ListItem","position":1,"name":"In\u00edcio","item":"https:\/\/noticiasemdestaque.com\/cd\/"},{"@type":"ListItem","position":2,"name":"Palestra no CDSA aborda implica\u00e7\u00f5es da desigualdade de g\u00eanero para a pol\u00edtica e o desenvolvimento do Brasil"}]},{"@type":"WebSite","@id":"https:\/\/noticiasemdestaque.com\/cd\/#website","url":"https:\/\/noticiasemdestaque.com\/cd\/","name":"Not&iacute;cias em Destaque","description":"","publisher":{"@id":"https:\/\/noticiasemdestaque.com\/cd\/#organization"},"potentialAction":[{"@type":"SearchAction","target":{"@type":"EntryPoint","urlTemplate":"https:\/\/noticiasemdestaque.com\/cd\/?s={search_term_string}"},"query-input":{"@type":"PropertyValueSpecification","valueRequired":true,"valueName":"search_term_string"}}],"inLanguage":"pt-BR"},{"@type":"Organization","@id":"https:\/\/noticiasemdestaque.com\/cd\/#organization","name":"Not\u00edcias em Destaque","url":"https:\/\/noticiasemdestaque.com\/cd\/","logo":{"@type":"ImageObject","inLanguage":"pt-BR","@id":"https:\/\/noticiasemdestaque.com\/cd\/#\/schema\/logo\/image\/","url":"https:\/\/noticiasemdestaque.com\/cd\/wp-content\/uploads\/2022\/05\/imagem-base-noticiasemdestaque.png","contentUrl":"https:\/\/noticiasemdestaque.com\/cd\/wp-content\/uploads\/2022\/05\/imagem-base-noticiasemdestaque.png","width":1200,"height":630,"caption":"Not\u00edcias em Destaque"},"image":{"@id":"https:\/\/noticiasemdestaque.com\/cd\/#\/schema\/logo\/image\/"}},{"@type":"Person","@id":"https:\/\/noticiasemdestaque.com\/cd\/#\/schema\/person\/21320b03a7e8bb90128938dafc9b908a","name":"Not\u00edcias em Destaque","url":"https:\/\/noticiasemdestaque.com\/cd\/?author=2"}]}},"jetpack_featured_media_url":"https:\/\/noticiasemdestaque.com\/cd\/wp-content\/uploads\/2017\/11\/Slide1-palestra-sheyla.jpg","jetpack_sharing_enabled":true,"_links":{"self":[{"href":"https:\/\/noticiasemdestaque.com\/cd\/index.php?rest_route=\/wp\/v2\/posts\/5990","targetHints":{"allow":["GET"]}}],"collection":[{"href":"https:\/\/noticiasemdestaque.com\/cd\/index.php?rest_route=\/wp\/v2\/posts"}],"about":[{"href":"https:\/\/noticiasemdestaque.com\/cd\/index.php?rest_route=\/wp\/v2\/types\/post"}],"author":[{"embeddable":true,"href":"https:\/\/noticiasemdestaque.com\/cd\/index.php?rest_route=\/wp\/v2\/users\/2"}],"replies":[{"embeddable":true,"href":"https:\/\/noticiasemdestaque.com\/cd\/index.php?rest_route=%2Fwp%2Fv2%2Fcomments&post=5990"}],"version-history":[{"count":1,"href":"https:\/\/noticiasemdestaque.com\/cd\/index.php?rest_route=\/wp\/v2\/posts\/5990\/revisions"}],"predecessor-version":[{"id":5992,"href":"https:\/\/noticiasemdestaque.com\/cd\/index.php?rest_route=\/wp\/v2\/posts\/5990\/revisions\/5992"}],"wp:featuredmedia":[{"embeddable":true,"href":"https:\/\/noticiasemdestaque.com\/cd\/index.php?rest_route=\/wp\/v2\/media\/5991"}],"wp:attachment":[{"href":"https:\/\/noticiasemdestaque.com\/cd\/index.php?rest_route=%2Fwp%2Fv2%2Fmedia&parent=5990"}],"wp:term":[{"taxonomy":"category","embeddable":true,"href":"https:\/\/noticiasemdestaque.com\/cd\/index.php?rest_route=%2Fwp%2Fv2%2Fcategories&post=5990"},{"taxonomy":"post_tag","embeddable":true,"href":"https:\/\/noticiasemdestaque.com\/cd\/index.php?rest_route=%2Fwp%2Fv2%2Ftags&post=5990"}],"curies":[{"name":"wp","href":"https:\/\/api.w.org\/{rel}","templated":true}]}}