{"id":59876,"date":"2024-08-09T15:08:57","date_gmt":"2024-08-09T18:08:57","guid":{"rendered":"https:\/\/noticiasemdestaque.com\/cd\/?p=59876"},"modified":"2024-08-09T15:10:36","modified_gmt":"2024-08-09T18:10:36","slug":"aviao-da-voepass-com-62-pessoas-cai-em-vinhedo-sp","status":"publish","type":"post","link":"https:\/\/noticiasemdestaque.com\/cd\/?p=59876","title":{"rendered":"Avi\u00e3o da Voepass com 62 pessoas cai em Vinhedo (SP)"},"content":{"rendered":"<p><a href=\"https:\/\/noticiasemdestaque.com\/cd\/wp-content\/uploads\/2024\/08\/thumb_visualizar_webp_Sem_Titulo-17.jpg.webp\"><img fetchpriority=\"high\" decoding=\"async\" class=\" wp-image-59877 aligncenter\" src=\"https:\/\/noticiasemdestaque.com\/cd\/wp-content\/uploads\/2024\/08\/thumb_visualizar_webp_Sem_Titulo-17.jpg-300x169.webp\" alt=\"\" width=\"616\" height=\"347\" srcset=\"https:\/\/noticiasemdestaque.com\/cd\/wp-content\/uploads\/2024\/08\/thumb_visualizar_webp_Sem_Titulo-17.jpg-300x169.webp 300w, https:\/\/noticiasemdestaque.com\/cd\/wp-content\/uploads\/2024\/08\/thumb_visualizar_webp_Sem_Titulo-17.jpg-768x433.webp 768w, https:\/\/noticiasemdestaque.com\/cd\/wp-content\/uploads\/2024\/08\/thumb_visualizar_webp_Sem_Titulo-17.jpg.webp 825w\" sizes=\"(max-width: 616px) 100vw, 616px\" \/><\/a><\/p>\n<p>Um avi\u00e3o da Voepass, antiga Passaredo, caiu no in\u00edcio da tarde desta sexta-feira (9) em Vinhedo, no interior de S\u00e3o Paulo. Ainda n\u00e3o h\u00e1 informa\u00e7\u00f5es sobre v\u00edtimas.<\/p>\n<p>A Voepass informou que o avi\u00e3o tinha 62 pessoas a bordo, sendo 58 passageiros e quatro tripulantes.<\/p>\n<p>O voo 2283 saiu de Cascavel (PR) e iria para Guarulhos. O avi\u00e3o acidentado, prefixo PS-VPB, \u00e9 um ATR 72-500, cuja capacidade total \u00e9 de 74 pessoas, sendo 68 passageiros.<\/p>\n<p>O avi\u00e3o caiu na rua Edueta, altura do n\u00famero 2.500. Segundo a Defesa Civil, a aeronave caiu em cima de algumas casas.<\/p>\n<p>De acordo com o portal FlightRadar24,o avi\u00e3o saiu de Cascavel \u00e0s 11h56 e caiu \u00e0s 13h22. Conforme monitoramento do voo feito pelo site,\u00a0a aeronave perdeu o equivalente a 5 quil\u00f4metros de altitude em menos de 2 minutos. O hor\u00e1rio previsto para chegada em Guarulhos era 13h30.<\/p>\n<p>Por meio de nota, a Voepass afirmou que \u201cn\u00e3o h\u00e1 ainda confirma\u00e7\u00e3o de como ocorreu o acidente e nem da situa\u00e7\u00e3o atual das pessoas que estavam a bordo\u201d.<\/p>\n<p><strong>Video:\u00a0<\/strong><\/p>\n<p><iframe title=\"Avi\u00e3o com 62 pessoas cai em Vinhedo (SP)\" width=\"800\" height=\"450\" src=\"https:\/\/www.youtube.com\/embed\/-WvXCqMHTyQ?feature=oembed\" frameborder=\"0\" allow=\"accelerometer; autoplay; clipboard-write; encrypted-media; gyroscope; picture-in-picture; web-share\" referrerpolicy=\"strict-origin-when-cross-origin\" allowfullscreen><\/iframe><\/p>\n<p><strong>Noticias em Destaque<\/strong><\/p>\n<p style=\"text-align: right;\"><em>Fonte: CNN Brasil<\/em><\/p>\n","protected":false},"excerpt":{"rendered":"<p>Um avi\u00e3o da Voepass, antiga Passaredo, caiu no in\u00edcio da tarde desta sexta-feira (9) em Vinhedo, no interior de S\u00e3o Paulo. Ainda n\u00e3o h\u00e1 informa\u00e7\u00f5es sobre v\u00edtimas. A Voepass informou que o avi\u00e3o tinha 62 pessoas a bordo, sendo 58 passageiros e quatro tripulantes. O voo 2283 saiu de Cascavel (PR) e iria para Guarulhos. O avi\u00e3o acidentado, prefixo PS-VPB, \u00e9 um ATR 72-500, cuja capacidade total \u00e9 de 74 pessoas, sendo 68 passageiros. O avi\u00e3o caiu na rua Edueta, altura do n\u00famero 2.500. Segundo a Defesa Civil, a aeronave caiu em cima de algumas casas. De acordo com o portal FlightRadar24,o avi\u00e3o saiu de Cascavel \u00e0s 11h56 e caiu \u00e0s 13h22. Conforme monitoramento do voo feito pelo site,\u00a0a aeronave perdeu o equivalente a 5 quil\u00f4metros de altitude em menos de 2 minutos. O hor\u00e1rio previsto para chegada em Guarulhos era 13h30. Por meio de nota, a Voepass afirmou que \u201cn\u00e3o h\u00e1 ainda confirma\u00e7\u00e3o de como ocorreu o acidente e nem da situa\u00e7\u00e3o atual das pessoas que estavam a bordo\u201d. Video:\u00a0 Noticias em Destaque Fonte: CNN Brasil<\/p>\n","protected":false},"author":2,"featured_media":59877,"comment_status":"closed","ping_status":"open","sticky":false,"template":"","format":"standard","meta":{"_eb_attr":"","_jetpack_memberships_contains_paid_content":false,"footnotes":""},"categories":[20],"tags":[],"class_list":["post-59876","post","type-post","status-publish","format-standard","has-post-thumbnail","hentry","category-policia"],"yoast_head":"<!-- This site is optimized with the Yoast SEO plugin v26.5 - https:\/\/yoast.com\/wordpress\/plugins\/seo\/ -->\n<title>Avi\u00e3o da Voepass com 62 pessoas cai em Vinhedo (SP) - Not&iacute;cias em Destaque<\/title>\n<meta name=\"robots\" content=\"index, follow, max-snippet:-1, max-image-preview:large, max-video-preview:-1\" \/>\n<link rel=\"canonical\" href=\"https:\/\/noticiasemdestaque.com\/cd\/?p=59876\" \/>\n<meta property=\"og:locale\" content=\"pt_BR\" \/>\n<meta property=\"og:type\" content=\"article\" \/>\n<meta property=\"og:title\" content=\"Avi\u00e3o da Voepass com 62 pessoas cai em Vinhedo (SP) - Not&iacute;cias em Destaque\" \/>\n<meta property=\"og:description\" content=\"Um avi\u00e3o da Voepass, antiga Passaredo, caiu no in\u00edcio da tarde desta sexta-feira (9) em Vinhedo, no interior de S\u00e3o Paulo. Ainda n\u00e3o h\u00e1 informa\u00e7\u00f5es sobre v\u00edtimas. A Voepass informou que o avi\u00e3o tinha 62 pessoas a bordo, sendo 58 passageiros e quatro tripulantes. O voo 2283 saiu de Cascavel (PR) e iria para Guarulhos. O avi\u00e3o acidentado, prefixo PS-VPB, \u00e9 um ATR 72-500, cuja capacidade total \u00e9 de 74 pessoas, sendo 68 passageiros. O avi\u00e3o caiu na rua Edueta, altura do n\u00famero 2.500. Segundo a Defesa Civil, a aeronave caiu em cima de algumas casas. De acordo com o portal FlightRadar24,o avi\u00e3o saiu de Cascavel \u00e0s 11h56 e caiu \u00e0s 13h22. Conforme monitoramento do voo feito pelo site,\u00a0a aeronave perdeu o equivalente a 5 quil\u00f4metros de altitude em menos de 2 minutos. O hor\u00e1rio previsto para chegada em Guarulhos era 13h30. Por meio de nota, a Voepass afirmou que \u201cn\u00e3o h\u00e1 ainda confirma\u00e7\u00e3o de como ocorreu o acidente e nem da situa\u00e7\u00e3o atual das pessoas que estavam a bordo\u201d. Video:\u00a0 Noticias em Destaque Fonte: CNN Brasil\" \/>\n<meta property=\"og:url\" content=\"https:\/\/noticiasemdestaque.com\/cd\/?p=59876\" \/>\n<meta property=\"og:site_name\" content=\"Not&iacute;cias em Destaque\" \/>\n<meta property=\"article:published_time\" content=\"2024-08-09T18:08:57+00:00\" \/>\n<meta property=\"article:modified_time\" content=\"2024-08-09T18:10:36+00:00\" \/>\n<meta property=\"og:image\" content=\"https:\/\/noticiasemdestaque.com\/cd\/wp-content\/uploads\/2024\/08\/thumb_visualizar_webp_Sem_Titulo-17.jpg.webp\" \/>\n\t<meta property=\"og:image:width\" content=\"825\" \/>\n\t<meta property=\"og:image:height\" content=\"465\" \/>\n\t<meta property=\"og:image:type\" content=\"image\/webp\" \/>\n<meta name=\"author\" content=\"Not\u00edcias em Destaque\" \/>\n<meta name=\"twitter:card\" content=\"summary_large_image\" \/>\n<meta name=\"twitter:label1\" content=\"Escrito por\" \/>\n\t<meta name=\"twitter:data1\" content=\"Not\u00edcias em Destaque\" \/>\n\t<meta name=\"twitter:label2\" content=\"Est. tempo de leitura\" \/>\n\t<meta name=\"twitter:data2\" content=\"2 minutos\" \/>\n<script type=\"application\/ld+json\" class=\"yoast-schema-graph\">{\"@context\":\"https:\/\/schema.org\",\"@graph\":[{\"@type\":\"Article\",\"@id\":\"https:\/\/noticiasemdestaque.com\/cd\/?p=59876#article\",\"isPartOf\":{\"@id\":\"https:\/\/noticiasemdestaque.com\/cd\/?p=59876\"},\"author\":{\"name\":\"Not\u00edcias em Destaque\",\"@id\":\"https:\/\/noticiasemdestaque.com\/cd\/#\/schema\/person\/21320b03a7e8bb90128938dafc9b908a\"},\"headline\":\"Avi\u00e3o da Voepass com 62 pessoas cai em Vinhedo (SP)\",\"datePublished\":\"2024-08-09T18:08:57+00:00\",\"dateModified\":\"2024-08-09T18:10:36+00:00\",\"mainEntityOfPage\":{\"@id\":\"https:\/\/noticiasemdestaque.com\/cd\/?p=59876\"},\"wordCount\":205,\"publisher\":{\"@id\":\"https:\/\/noticiasemdestaque.com\/cd\/#organization\"},\"image\":{\"@id\":\"https:\/\/noticiasemdestaque.com\/cd\/?p=59876#primaryimage\"},\"thumbnailUrl\":\"https:\/\/noticiasemdestaque.com\/cd\/wp-content\/uploads\/2024\/08\/thumb_visualizar_webp_Sem_Titulo-17.jpg.webp\",\"articleSection\":[\"Pol\u00edcia\"],\"inLanguage\":\"pt-BR\"},{\"@type\":\"WebPage\",\"@id\":\"https:\/\/noticiasemdestaque.com\/cd\/?p=59876\",\"url\":\"https:\/\/noticiasemdestaque.com\/cd\/?p=59876\",\"name\":\"Avi\u00e3o da Voepass com 62 pessoas cai em Vinhedo (SP) - Not&iacute;cias em Destaque\",\"isPartOf\":{\"@id\":\"https:\/\/noticiasemdestaque.com\/cd\/#website\"},\"primaryImageOfPage\":{\"@id\":\"https:\/\/noticiasemdestaque.com\/cd\/?p=59876#primaryimage\"},\"image\":{\"@id\":\"https:\/\/noticiasemdestaque.com\/cd\/?p=59876#primaryimage\"},\"thumbnailUrl\":\"https:\/\/noticiasemdestaque.com\/cd\/wp-content\/uploads\/2024\/08\/thumb_visualizar_webp_Sem_Titulo-17.jpg.webp\",\"datePublished\":\"2024-08-09T18:08:57+00:00\",\"dateModified\":\"2024-08-09T18:10:36+00:00\",\"breadcrumb\":{\"@id\":\"https:\/\/noticiasemdestaque.com\/cd\/?p=59876#breadcrumb\"},\"inLanguage\":\"pt-BR\",\"potentialAction\":[{\"@type\":\"ReadAction\",\"target\":[\"https:\/\/noticiasemdestaque.com\/cd\/?p=59876\"]}]},{\"@type\":\"ImageObject\",\"inLanguage\":\"pt-BR\",\"@id\":\"https:\/\/noticiasemdestaque.com\/cd\/?p=59876#primaryimage\",\"url\":\"https:\/\/noticiasemdestaque.com\/cd\/wp-content\/uploads\/2024\/08\/thumb_visualizar_webp_Sem_Titulo-17.jpg.webp\",\"contentUrl\":\"https:\/\/noticiasemdestaque.com\/cd\/wp-content\/uploads\/2024\/08\/thumb_visualizar_webp_Sem_Titulo-17.jpg.webp\",\"width\":825,\"height\":465},{\"@type\":\"BreadcrumbList\",\"@id\":\"https:\/\/noticiasemdestaque.com\/cd\/?p=59876#breadcrumb\",\"itemListElement\":[{\"@type\":\"ListItem\",\"position\":1,\"name\":\"In\u00edcio\",\"item\":\"https:\/\/noticiasemdestaque.com\/cd\/\"},{\"@type\":\"ListItem\",\"position\":2,\"name\":\"Avi\u00e3o da Voepass com 62 pessoas cai em Vinhedo (SP)\"}]},{\"@type\":\"WebSite\",\"@id\":\"https:\/\/noticiasemdestaque.com\/cd\/#website\",\"url\":\"https:\/\/noticiasemdestaque.com\/cd\/\",\"name\":\"Not&iacute;cias em Destaque\",\"description\":\"\",\"publisher\":{\"@id\":\"https:\/\/noticiasemdestaque.com\/cd\/#organization\"},\"potentialAction\":[{\"@type\":\"SearchAction\",\"target\":{\"@type\":\"EntryPoint\",\"urlTemplate\":\"https:\/\/noticiasemdestaque.com\/cd\/?s={search_term_string}\"},\"query-input\":{\"@type\":\"PropertyValueSpecification\",\"valueRequired\":true,\"valueName\":\"search_term_string\"}}],\"inLanguage\":\"pt-BR\"},{\"@type\":\"Organization\",\"@id\":\"https:\/\/noticiasemdestaque.com\/cd\/#organization\",\"name\":\"Not\u00edcias em Destaque\",\"url\":\"https:\/\/noticiasemdestaque.com\/cd\/\",\"logo\":{\"@type\":\"ImageObject\",\"inLanguage\":\"pt-BR\",\"@id\":\"https:\/\/noticiasemdestaque.com\/cd\/#\/schema\/logo\/image\/\",\"url\":\"https:\/\/noticiasemdestaque.com\/cd\/wp-content\/uploads\/2022\/05\/imagem-base-noticiasemdestaque.png\",\"contentUrl\":\"https:\/\/noticiasemdestaque.com\/cd\/wp-content\/uploads\/2022\/05\/imagem-base-noticiasemdestaque.png\",\"width\":1200,\"height\":630,\"caption\":\"Not\u00edcias em Destaque\"},\"image\":{\"@id\":\"https:\/\/noticiasemdestaque.com\/cd\/#\/schema\/logo\/image\/\"}},{\"@type\":\"Person\",\"@id\":\"https:\/\/noticiasemdestaque.com\/cd\/#\/schema\/person\/21320b03a7e8bb90128938dafc9b908a\",\"name\":\"Not\u00edcias em Destaque\",\"url\":\"https:\/\/noticiasemdestaque.com\/cd\/?author=2\"}]}<\/script>\n<!-- \/ Yoast SEO plugin. -->","yoast_head_json":{"title":"Avi\u00e3o da Voepass com 62 pessoas cai em Vinhedo (SP) - Not&iacute;cias em Destaque","robots":{"index":"index","follow":"follow","max-snippet":"max-snippet:-1","max-image-preview":"max-image-preview:large","max-video-preview":"max-video-preview:-1"},"canonical":"https:\/\/noticiasemdestaque.com\/cd\/?p=59876","og_locale":"pt_BR","og_type":"article","og_title":"Avi\u00e3o da Voepass com 62 pessoas cai em Vinhedo (SP) - Not&iacute;cias em Destaque","og_description":"Um avi\u00e3o da Voepass, antiga Passaredo, caiu no in\u00edcio da tarde desta sexta-feira (9) em Vinhedo, no interior de S\u00e3o Paulo. Ainda n\u00e3o h\u00e1 informa\u00e7\u00f5es sobre v\u00edtimas. A Voepass informou que o avi\u00e3o tinha 62 pessoas a bordo, sendo 58 passageiros e quatro tripulantes. O voo 2283 saiu de Cascavel (PR) e iria para Guarulhos. O avi\u00e3o acidentado, prefixo PS-VPB, \u00e9 um ATR 72-500, cuja capacidade total \u00e9 de 74 pessoas, sendo 68 passageiros. O avi\u00e3o caiu na rua Edueta, altura do n\u00famero 2.500. Segundo a Defesa Civil, a aeronave caiu em cima de algumas casas. De acordo com o portal FlightRadar24,o avi\u00e3o saiu de Cascavel \u00e0s 11h56 e caiu \u00e0s 13h22. Conforme monitoramento do voo feito pelo site,\u00a0a aeronave perdeu o equivalente a 5 quil\u00f4metros de altitude em menos de 2 minutos. O hor\u00e1rio previsto para chegada em Guarulhos era 13h30. Por meio de nota, a Voepass afirmou que \u201cn\u00e3o h\u00e1 ainda confirma\u00e7\u00e3o de como ocorreu o acidente e nem da situa\u00e7\u00e3o atual das pessoas que estavam a bordo\u201d. Video:\u00a0 Noticias em Destaque Fonte: CNN Brasil","og_url":"https:\/\/noticiasemdestaque.com\/cd\/?p=59876","og_site_name":"Not&iacute;cias em Destaque","article_published_time":"2024-08-09T18:08:57+00:00","article_modified_time":"2024-08-09T18:10:36+00:00","og_image":[{"width":825,"height":465,"url":"https:\/\/noticiasemdestaque.com\/cd\/wp-content\/uploads\/2024\/08\/thumb_visualizar_webp_Sem_Titulo-17.jpg.webp","type":"image\/webp"}],"author":"Not\u00edcias em Destaque","twitter_card":"summary_large_image","twitter_misc":{"Escrito por":"Not\u00edcias em Destaque","Est. tempo de leitura":"2 minutos"},"schema":{"@context":"https:\/\/schema.org","@graph":[{"@type":"Article","@id":"https:\/\/noticiasemdestaque.com\/cd\/?p=59876#article","isPartOf":{"@id":"https:\/\/noticiasemdestaque.com\/cd\/?p=59876"},"author":{"name":"Not\u00edcias em Destaque","@id":"https:\/\/noticiasemdestaque.com\/cd\/#\/schema\/person\/21320b03a7e8bb90128938dafc9b908a"},"headline":"Avi\u00e3o da Voepass com 62 pessoas cai em Vinhedo (SP)","datePublished":"2024-08-09T18:08:57+00:00","dateModified":"2024-08-09T18:10:36+00:00","mainEntityOfPage":{"@id":"https:\/\/noticiasemdestaque.com\/cd\/?p=59876"},"wordCount":205,"publisher":{"@id":"https:\/\/noticiasemdestaque.com\/cd\/#organization"},"image":{"@id":"https:\/\/noticiasemdestaque.com\/cd\/?p=59876#primaryimage"},"thumbnailUrl":"https:\/\/noticiasemdestaque.com\/cd\/wp-content\/uploads\/2024\/08\/thumb_visualizar_webp_Sem_Titulo-17.jpg.webp","articleSection":["Pol\u00edcia"],"inLanguage":"pt-BR"},{"@type":"WebPage","@id":"https:\/\/noticiasemdestaque.com\/cd\/?p=59876","url":"https:\/\/noticiasemdestaque.com\/cd\/?p=59876","name":"Avi\u00e3o da Voepass com 62 pessoas cai em Vinhedo (SP) - Not&iacute;cias em Destaque","isPartOf":{"@id":"https:\/\/noticiasemdestaque.com\/cd\/#website"},"primaryImageOfPage":{"@id":"https:\/\/noticiasemdestaque.com\/cd\/?p=59876#primaryimage"},"image":{"@id":"https:\/\/noticiasemdestaque.com\/cd\/?p=59876#primaryimage"},"thumbnailUrl":"https:\/\/noticiasemdestaque.com\/cd\/wp-content\/uploads\/2024\/08\/thumb_visualizar_webp_Sem_Titulo-17.jpg.webp","datePublished":"2024-08-09T18:08:57+00:00","dateModified":"2024-08-09T18:10:36+00:00","breadcrumb":{"@id":"https:\/\/noticiasemdestaque.com\/cd\/?p=59876#breadcrumb"},"inLanguage":"pt-BR","potentialAction":[{"@type":"ReadAction","target":["https:\/\/noticiasemdestaque.com\/cd\/?p=59876"]}]},{"@type":"ImageObject","inLanguage":"pt-BR","@id":"https:\/\/noticiasemdestaque.com\/cd\/?p=59876#primaryimage","url":"https:\/\/noticiasemdestaque.com\/cd\/wp-content\/uploads\/2024\/08\/thumb_visualizar_webp_Sem_Titulo-17.jpg.webp","contentUrl":"https:\/\/noticiasemdestaque.com\/cd\/wp-content\/uploads\/2024\/08\/thumb_visualizar_webp_Sem_Titulo-17.jpg.webp","width":825,"height":465},{"@type":"BreadcrumbList","@id":"https:\/\/noticiasemdestaque.com\/cd\/?p=59876#breadcrumb","itemListElement":[{"@type":"ListItem","position":1,"name":"In\u00edcio","item":"https:\/\/noticiasemdestaque.com\/cd\/"},{"@type":"ListItem","position":2,"name":"Avi\u00e3o da Voepass com 62 pessoas cai em Vinhedo (SP)"}]},{"@type":"WebSite","@id":"https:\/\/noticiasemdestaque.com\/cd\/#website","url":"https:\/\/noticiasemdestaque.com\/cd\/","name":"Not&iacute;cias em Destaque","description":"","publisher":{"@id":"https:\/\/noticiasemdestaque.com\/cd\/#organization"},"potentialAction":[{"@type":"SearchAction","target":{"@type":"EntryPoint","urlTemplate":"https:\/\/noticiasemdestaque.com\/cd\/?s={search_term_string}"},"query-input":{"@type":"PropertyValueSpecification","valueRequired":true,"valueName":"search_term_string"}}],"inLanguage":"pt-BR"},{"@type":"Organization","@id":"https:\/\/noticiasemdestaque.com\/cd\/#organization","name":"Not\u00edcias em Destaque","url":"https:\/\/noticiasemdestaque.com\/cd\/","logo":{"@type":"ImageObject","inLanguage":"pt-BR","@id":"https:\/\/noticiasemdestaque.com\/cd\/#\/schema\/logo\/image\/","url":"https:\/\/noticiasemdestaque.com\/cd\/wp-content\/uploads\/2022\/05\/imagem-base-noticiasemdestaque.png","contentUrl":"https:\/\/noticiasemdestaque.com\/cd\/wp-content\/uploads\/2022\/05\/imagem-base-noticiasemdestaque.png","width":1200,"height":630,"caption":"Not\u00edcias em Destaque"},"image":{"@id":"https:\/\/noticiasemdestaque.com\/cd\/#\/schema\/logo\/image\/"}},{"@type":"Person","@id":"https:\/\/noticiasemdestaque.com\/cd\/#\/schema\/person\/21320b03a7e8bb90128938dafc9b908a","name":"Not\u00edcias em Destaque","url":"https:\/\/noticiasemdestaque.com\/cd\/?author=2"}]}},"jetpack_featured_media_url":"https:\/\/noticiasemdestaque.com\/cd\/wp-content\/uploads\/2024\/08\/thumb_visualizar_webp_Sem_Titulo-17.jpg.webp","jetpack_sharing_enabled":true,"_links":{"self":[{"href":"https:\/\/noticiasemdestaque.com\/cd\/index.php?rest_route=\/wp\/v2\/posts\/59876","targetHints":{"allow":["GET"]}}],"collection":[{"href":"https:\/\/noticiasemdestaque.com\/cd\/index.php?rest_route=\/wp\/v2\/posts"}],"about":[{"href":"https:\/\/noticiasemdestaque.com\/cd\/index.php?rest_route=\/wp\/v2\/types\/post"}],"author":[{"embeddable":true,"href":"https:\/\/noticiasemdestaque.com\/cd\/index.php?rest_route=\/wp\/v2\/users\/2"}],"replies":[{"embeddable":true,"href":"https:\/\/noticiasemdestaque.com\/cd\/index.php?rest_route=%2Fwp%2Fv2%2Fcomments&post=59876"}],"version-history":[{"count":1,"href":"https:\/\/noticiasemdestaque.com\/cd\/index.php?rest_route=\/wp\/v2\/posts\/59876\/revisions"}],"predecessor-version":[{"id":59879,"href":"https:\/\/noticiasemdestaque.com\/cd\/index.php?rest_route=\/wp\/v2\/posts\/59876\/revisions\/59879"}],"wp:featuredmedia":[{"embeddable":true,"href":"https:\/\/noticiasemdestaque.com\/cd\/index.php?rest_route=\/wp\/v2\/media\/59877"}],"wp:attachment":[{"href":"https:\/\/noticiasemdestaque.com\/cd\/index.php?rest_route=%2Fwp%2Fv2%2Fmedia&parent=59876"}],"wp:term":[{"taxonomy":"category","embeddable":true,"href":"https:\/\/noticiasemdestaque.com\/cd\/index.php?rest_route=%2Fwp%2Fv2%2Fcategories&post=59876"},{"taxonomy":"post_tag","embeddable":true,"href":"https:\/\/noticiasemdestaque.com\/cd\/index.php?rest_route=%2Fwp%2Fv2%2Ftags&post=59876"}],"curies":[{"name":"wp","href":"https:\/\/api.w.org\/{rel}","templated":true}]}}