{"id":5980,"date":"2017-11-13T10:09:50","date_gmt":"2017-11-13T13:09:50","guid":{"rendered":"http:\/\/caririemdestaque.com\/cd\/?p=5980"},"modified":"2017-11-15T10:36:44","modified_gmt":"2017-11-15T13:36:44","slug":"exclusivo-vereador-juan-pereira-e-indiciado-pela-policia-federal","status":"publish","type":"post","link":"https:\/\/noticiasemdestaque.com\/cd\/?p=5980","title":{"rendered":"EXCLUSIVO: Vereador Juan Pereira \u00e9 indiciado pela Pol\u00edcia Federal"},"content":{"rendered":"<p><a href=\"http:\/\/caririemdestaque.com\/cd\/wp-content\/uploads\/2017\/11\/22140902_1020388581436015_3896957673828610761_n.jpg\"><img fetchpriority=\"high\" decoding=\"async\" class=\"alignleft wp-image-5981 size-medium\" src=\"http:\/\/caririemdestaque.com\/cd\/wp-content\/uploads\/2017\/11\/22140902_1020388581436015_3896957673828610761_n-300x300.jpg\" alt=\"\" width=\"300\" height=\"300\" srcset=\"https:\/\/noticiasemdestaque.com\/cd\/wp-content\/uploads\/2017\/11\/22140902_1020388581436015_3896957673828610761_n-300x300.jpg 300w, https:\/\/noticiasemdestaque.com\/cd\/wp-content\/uploads\/2017\/11\/22140902_1020388581436015_3896957673828610761_n-150x150.jpg 150w, https:\/\/noticiasemdestaque.com\/cd\/wp-content\/uploads\/2017\/11\/22140902_1020388581436015_3896957673828610761_n.jpg 637w\" sizes=\"(max-width: 300px) 100vw, 300px\" \/><\/a>O vereador Juan Pereira (PMDB) foi indiciado pela Pol\u00edcia Federal acusado de ter prometido emprego em troca de apoio nas elei\u00e7\u00f5es de 2016.<\/p>\n<p>No dia 25 de outubro de 2016, a Promotoria de Justi\u00e7a de Sum\u00e9, tomou conhecimento atrav\u00e9s de uma den\u00fancia an\u00f4nima de que o vereador Juan Pereira teria prometido um est\u00e1gio a uma adolescente na R\u00e1dio Comunit\u00e1ria Alternativa FM.<\/p>\n<p>Insatisfeita com a remunera\u00e7\u00e3o paga pelo est\u00e1gio, iniciou-se um desentendimento entre a m\u00e3e da estagi\u00e1ria e o vereador Juan, o que a levou a devolver o dinheiro recebido por entender que a quantia era injusta.<\/p>\n<p>De acordo com a m\u00e3e da jovem, o pai de Juan, o empres\u00e1rio Jo\u00e3o Pereira, por tr\u00eas vezes a procurou em sua resid\u00eancia para tentar um acordo. Posteriormente ela recebeu de um funcion\u00e1rio da R\u00e1dio Alternativa FM a quantia de R$ 250,00 com a condi\u00e7\u00e3o de continuar apoiando a candidatura de Juan Pereira.<\/p>\n<p>O pr\u00f3prio vereador Juan, no mesmo dia, compareceu \u00e0 casa da estagi\u00e1ria para afirmar que o programa dela continuaria na R\u00e1dio e que ela receberia a remunera\u00e7\u00e3o corretamente caso a mesma continuasse apoiando a sua candidatura.<\/p>\n<p>A jovem declarou no inqu\u00e9rito que passadas as elei\u00e7\u00f5es, o seu programa foi tirado do ar na R\u00e1dio Comunit\u00e1ria Alternativa FM.<\/p>\n<p>A Pol\u00edcia Federal firmou convic\u00e7\u00e3o no inqu\u00e9rito n\u00ba 2016.0000521-DPF\/CGE\/PB, de que o vereador Juan Pereira prometeu \u00e0 fam\u00edlia da jovem, emprego na R\u00e1dio Comunit\u00e1ria em troca de apoio eleitoral e do voto \u00e0 sua campanha, motivo pelo qual foi indiciado pelo crime do Artigo 299 da Lei 4.737\/65.<\/p>\n<p>Na reuni\u00e3o da C\u00e2mara de Vereadores da \u00faltima quinta-feira (09\/11) o vereador Antonio Carlos Sarmento (PSB), ao usar a tribuna comentou a den\u00fancia:<\/p>\n<p><strong>CONFIRA O PRONUNCIAMENTO:\u00a0<\/strong><\/p>\n<p><iframe title=\"EXCLUSIVO: Vereador Juan Pereira \u00e9 indiciado pela Pol\u00edcia Federal\" width=\"800\" height=\"450\" src=\"https:\/\/www.youtube.com\/embed\/z8XqyCQHgEs?feature=oembed\" frameborder=\"0\" allow=\"accelerometer; autoplay; clipboard-write; encrypted-media; gyroscope; picture-in-picture; web-share\" referrerpolicy=\"strict-origin-when-cross-origin\" allowfullscreen><\/iframe><\/p>\n<p><strong><em>Cariri em Destaque<\/em><\/strong><\/p>\n","protected":false},"excerpt":{"rendered":"<p>O vereador Juan Pereira (PMDB) foi indiciado pela Pol\u00edcia Federal acusado de ter prometido emprego em troca de apoio nas elei\u00e7\u00f5es de 2016. No dia 25 de outubro de 2016, a Promotoria de Justi\u00e7a de Sum\u00e9, tomou conhecimento atrav\u00e9s de uma den\u00fancia an\u00f4nima de que o vereador Juan Pereira teria prometido um est\u00e1gio a uma adolescente na R\u00e1dio Comunit\u00e1ria Alternativa FM. Insatisfeita com a remunera\u00e7\u00e3o paga pelo est\u00e1gio, iniciou-se um desentendimento entre a m\u00e3e da estagi\u00e1ria e o vereador Juan, o que a levou a devolver o dinheiro recebido por entender que a quantia era injusta. De acordo com a m\u00e3e da jovem, o pai de Juan, o empres\u00e1rio Jo\u00e3o Pereira, por tr\u00eas vezes a procurou em sua resid\u00eancia para tentar um acordo. Posteriormente ela recebeu de um funcion\u00e1rio da R\u00e1dio Alternativa FM a quantia de R$ 250,00 com a condi\u00e7\u00e3o de continuar apoiando a candidatura de Juan Pereira. O pr\u00f3prio vereador Juan, no mesmo dia, compareceu \u00e0 casa da estagi\u00e1ria para afirmar que o programa dela continuaria na R\u00e1dio e que ela receberia a remunera\u00e7\u00e3o corretamente caso a mesma continuasse apoiando a sua candidatura. A jovem declarou no inqu\u00e9rito que passadas as elei\u00e7\u00f5es, o seu programa foi tirado do ar na R\u00e1dio Comunit\u00e1ria Alternativa FM. A Pol\u00edcia Federal firmou convic\u00e7\u00e3o no inqu\u00e9rito n\u00ba 2016.0000521-DPF\/CGE\/PB, de que o vereador Juan Pereira prometeu \u00e0 fam\u00edlia da jovem, emprego na R\u00e1dio Comunit\u00e1ria em troca de apoio eleitoral e do voto \u00e0 sua campanha, motivo pelo qual foi indiciado pelo crime do Artigo 299 da Lei 4.737\/65. Na reuni\u00e3o da C\u00e2mara de Vereadores da \u00faltima quinta-feira (09\/11) o vereador Antonio Carlos Sarmento (PSB), ao usar a tribuna comentou a den\u00fancia: CONFIRA O PRONUNCIAMENTO:\u00a0 Cariri em Destaque<\/p>\n","protected":false},"author":2,"featured_media":5981,"comment_status":"closed","ping_status":"open","sticky":false,"template":"","format":"standard","meta":{"_eb_attr":"","_jetpack_memberships_contains_paid_content":false,"footnotes":""},"categories":[4],"tags":[],"class_list":["post-5980","post","type-post","status-publish","format-standard","has-post-thumbnail","hentry","category-politica"],"yoast_head":"<!-- This site is optimized with the Yoast SEO plugin v26.5 - https:\/\/yoast.com\/wordpress\/plugins\/seo\/ -->\n<title>EXCLUSIVO: Vereador Juan Pereira \u00e9 indiciado pela Pol\u00edcia Federal - Not&iacute;cias em Destaque<\/title>\n<meta name=\"robots\" content=\"index, follow, max-snippet:-1, max-image-preview:large, max-video-preview:-1\" \/>\n<link rel=\"canonical\" href=\"https:\/\/noticiasemdestaque.com\/cd\/?p=5980\" \/>\n<meta property=\"og:locale\" content=\"pt_BR\" \/>\n<meta property=\"og:type\" content=\"article\" \/>\n<meta property=\"og:title\" content=\"EXCLUSIVO: Vereador Juan Pereira \u00e9 indiciado pela Pol\u00edcia Federal - Not&iacute;cias em Destaque\" \/>\n<meta property=\"og:description\" content=\"O vereador Juan Pereira (PMDB) foi indiciado pela Pol\u00edcia Federal acusado de ter prometido emprego em troca de apoio nas elei\u00e7\u00f5es de 2016. No dia 25 de outubro de 2016, a Promotoria de Justi\u00e7a de Sum\u00e9, tomou conhecimento atrav\u00e9s de uma den\u00fancia an\u00f4nima de que o vereador Juan Pereira teria prometido um est\u00e1gio a uma adolescente na R\u00e1dio Comunit\u00e1ria Alternativa FM. Insatisfeita com a remunera\u00e7\u00e3o paga pelo est\u00e1gio, iniciou-se um desentendimento entre a m\u00e3e da estagi\u00e1ria e o vereador Juan, o que a levou a devolver o dinheiro recebido por entender que a quantia era injusta. De acordo com a m\u00e3e da jovem, o pai de Juan, o empres\u00e1rio Jo\u00e3o Pereira, por tr\u00eas vezes a procurou em sua resid\u00eancia para tentar um acordo. Posteriormente ela recebeu de um funcion\u00e1rio da R\u00e1dio Alternativa FM a quantia de R$ 250,00 com a condi\u00e7\u00e3o de continuar apoiando a candidatura de Juan Pereira. O pr\u00f3prio vereador Juan, no mesmo dia, compareceu \u00e0 casa da estagi\u00e1ria para afirmar que o programa dela continuaria na R\u00e1dio e que ela receberia a remunera\u00e7\u00e3o corretamente caso a mesma continuasse apoiando a sua candidatura. A jovem declarou no inqu\u00e9rito que passadas as elei\u00e7\u00f5es, o seu programa foi tirado do ar na R\u00e1dio Comunit\u00e1ria Alternativa FM. A Pol\u00edcia Federal firmou convic\u00e7\u00e3o no inqu\u00e9rito n\u00ba 2016.0000521-DPF\/CGE\/PB, de que o vereador Juan Pereira prometeu \u00e0 fam\u00edlia da jovem, emprego na R\u00e1dio Comunit\u00e1ria em troca de apoio eleitoral e do voto \u00e0 sua campanha, motivo pelo qual foi indiciado pelo crime do Artigo 299 da Lei 4.737\/65. Na reuni\u00e3o da C\u00e2mara de Vereadores da \u00faltima quinta-feira (09\/11) o vereador Antonio Carlos Sarmento (PSB), ao usar a tribuna comentou a den\u00fancia: CONFIRA O PRONUNCIAMENTO:\u00a0 Cariri em Destaque\" \/>\n<meta property=\"og:url\" content=\"https:\/\/noticiasemdestaque.com\/cd\/?p=5980\" \/>\n<meta property=\"og:site_name\" content=\"Not&iacute;cias em Destaque\" \/>\n<meta property=\"article:published_time\" content=\"2017-11-13T13:09:50+00:00\" \/>\n<meta property=\"article:modified_time\" content=\"2017-11-15T13:36:44+00:00\" \/>\n<meta property=\"og:image\" content=\"https:\/\/noticiasemdestaque.com\/cd\/wp-content\/uploads\/2017\/11\/22140902_1020388581436015_3896957673828610761_n.jpg\" \/>\n\t<meta property=\"og:image:width\" content=\"637\" \/>\n\t<meta property=\"og:image:height\" content=\"638\" \/>\n\t<meta property=\"og:image:type\" content=\"image\/jpeg\" \/>\n<meta name=\"author\" content=\"Not\u00edcias em Destaque\" \/>\n<meta name=\"twitter:card\" content=\"summary_large_image\" \/>\n<meta name=\"twitter:label1\" content=\"Escrito por\" \/>\n\t<meta name=\"twitter:data1\" content=\"Not\u00edcias em Destaque\" \/>\n\t<meta name=\"twitter:label2\" content=\"Est. tempo de leitura\" \/>\n\t<meta name=\"twitter:data2\" content=\"2 minutos\" \/>\n<script type=\"application\/ld+json\" class=\"yoast-schema-graph\">{\"@context\":\"https:\/\/schema.org\",\"@graph\":[{\"@type\":\"Article\",\"@id\":\"https:\/\/noticiasemdestaque.com\/cd\/?p=5980#article\",\"isPartOf\":{\"@id\":\"https:\/\/noticiasemdestaque.com\/cd\/?p=5980\"},\"author\":{\"name\":\"Not\u00edcias em Destaque\",\"@id\":\"https:\/\/noticiasemdestaque.com\/cd\/#\/schema\/person\/21320b03a7e8bb90128938dafc9b908a\"},\"headline\":\"EXCLUSIVO: Vereador Juan Pereira \u00e9 indiciado pela Pol\u00edcia Federal\",\"datePublished\":\"2017-11-13T13:09:50+00:00\",\"dateModified\":\"2017-11-15T13:36:44+00:00\",\"mainEntityOfPage\":{\"@id\":\"https:\/\/noticiasemdestaque.com\/cd\/?p=5980\"},\"wordCount\":327,\"publisher\":{\"@id\":\"https:\/\/noticiasemdestaque.com\/cd\/#organization\"},\"image\":{\"@id\":\"https:\/\/noticiasemdestaque.com\/cd\/?p=5980#primaryimage\"},\"thumbnailUrl\":\"https:\/\/noticiasemdestaque.com\/cd\/wp-content\/uploads\/2017\/11\/22140902_1020388581436015_3896957673828610761_n.jpg\",\"articleSection\":[\"Pol\u00edtica\"],\"inLanguage\":\"pt-BR\"},{\"@type\":\"WebPage\",\"@id\":\"https:\/\/noticiasemdestaque.com\/cd\/?p=5980\",\"url\":\"https:\/\/noticiasemdestaque.com\/cd\/?p=5980\",\"name\":\"EXCLUSIVO: Vereador Juan Pereira \u00e9 indiciado pela Pol\u00edcia Federal - Not&iacute;cias em Destaque\",\"isPartOf\":{\"@id\":\"https:\/\/noticiasemdestaque.com\/cd\/#website\"},\"primaryImageOfPage\":{\"@id\":\"https:\/\/noticiasemdestaque.com\/cd\/?p=5980#primaryimage\"},\"image\":{\"@id\":\"https:\/\/noticiasemdestaque.com\/cd\/?p=5980#primaryimage\"},\"thumbnailUrl\":\"https:\/\/noticiasemdestaque.com\/cd\/wp-content\/uploads\/2017\/11\/22140902_1020388581436015_3896957673828610761_n.jpg\",\"datePublished\":\"2017-11-13T13:09:50+00:00\",\"dateModified\":\"2017-11-15T13:36:44+00:00\",\"breadcrumb\":{\"@id\":\"https:\/\/noticiasemdestaque.com\/cd\/?p=5980#breadcrumb\"},\"inLanguage\":\"pt-BR\",\"potentialAction\":[{\"@type\":\"ReadAction\",\"target\":[\"https:\/\/noticiasemdestaque.com\/cd\/?p=5980\"]}]},{\"@type\":\"ImageObject\",\"inLanguage\":\"pt-BR\",\"@id\":\"https:\/\/noticiasemdestaque.com\/cd\/?p=5980#primaryimage\",\"url\":\"https:\/\/noticiasemdestaque.com\/cd\/wp-content\/uploads\/2017\/11\/22140902_1020388581436015_3896957673828610761_n.jpg\",\"contentUrl\":\"https:\/\/noticiasemdestaque.com\/cd\/wp-content\/uploads\/2017\/11\/22140902_1020388581436015_3896957673828610761_n.jpg\",\"width\":637,\"height\":638},{\"@type\":\"BreadcrumbList\",\"@id\":\"https:\/\/noticiasemdestaque.com\/cd\/?p=5980#breadcrumb\",\"itemListElement\":[{\"@type\":\"ListItem\",\"position\":1,\"name\":\"In\u00edcio\",\"item\":\"https:\/\/noticiasemdestaque.com\/cd\/\"},{\"@type\":\"ListItem\",\"position\":2,\"name\":\"EXCLUSIVO: Vereador Juan Pereira \u00e9 indiciado pela Pol\u00edcia Federal\"}]},{\"@type\":\"WebSite\",\"@id\":\"https:\/\/noticiasemdestaque.com\/cd\/#website\",\"url\":\"https:\/\/noticiasemdestaque.com\/cd\/\",\"name\":\"Not&iacute;cias em Destaque\",\"description\":\"\",\"publisher\":{\"@id\":\"https:\/\/noticiasemdestaque.com\/cd\/#organization\"},\"potentialAction\":[{\"@type\":\"SearchAction\",\"target\":{\"@type\":\"EntryPoint\",\"urlTemplate\":\"https:\/\/noticiasemdestaque.com\/cd\/?s={search_term_string}\"},\"query-input\":{\"@type\":\"PropertyValueSpecification\",\"valueRequired\":true,\"valueName\":\"search_term_string\"}}],\"inLanguage\":\"pt-BR\"},{\"@type\":\"Organization\",\"@id\":\"https:\/\/noticiasemdestaque.com\/cd\/#organization\",\"name\":\"Not\u00edcias em Destaque\",\"url\":\"https:\/\/noticiasemdestaque.com\/cd\/\",\"logo\":{\"@type\":\"ImageObject\",\"inLanguage\":\"pt-BR\",\"@id\":\"https:\/\/noticiasemdestaque.com\/cd\/#\/schema\/logo\/image\/\",\"url\":\"https:\/\/noticiasemdestaque.com\/cd\/wp-content\/uploads\/2022\/05\/imagem-base-noticiasemdestaque.png\",\"contentUrl\":\"https:\/\/noticiasemdestaque.com\/cd\/wp-content\/uploads\/2022\/05\/imagem-base-noticiasemdestaque.png\",\"width\":1200,\"height\":630,\"caption\":\"Not\u00edcias em Destaque\"},\"image\":{\"@id\":\"https:\/\/noticiasemdestaque.com\/cd\/#\/schema\/logo\/image\/\"}},{\"@type\":\"Person\",\"@id\":\"https:\/\/noticiasemdestaque.com\/cd\/#\/schema\/person\/21320b03a7e8bb90128938dafc9b908a\",\"name\":\"Not\u00edcias em Destaque\",\"url\":\"https:\/\/noticiasemdestaque.com\/cd\/?author=2\"}]}<\/script>\n<!-- \/ Yoast SEO plugin. -->","yoast_head_json":{"title":"EXCLUSIVO: Vereador Juan Pereira \u00e9 indiciado pela Pol\u00edcia Federal - Not&iacute;cias em Destaque","robots":{"index":"index","follow":"follow","max-snippet":"max-snippet:-1","max-image-preview":"max-image-preview:large","max-video-preview":"max-video-preview:-1"},"canonical":"https:\/\/noticiasemdestaque.com\/cd\/?p=5980","og_locale":"pt_BR","og_type":"article","og_title":"EXCLUSIVO: Vereador Juan Pereira \u00e9 indiciado pela Pol\u00edcia Federal - Not&iacute;cias em Destaque","og_description":"O vereador Juan Pereira (PMDB) foi indiciado pela Pol\u00edcia Federal acusado de ter prometido emprego em troca de apoio nas elei\u00e7\u00f5es de 2016. No dia 25 de outubro de 2016, a Promotoria de Justi\u00e7a de Sum\u00e9, tomou conhecimento atrav\u00e9s de uma den\u00fancia an\u00f4nima de que o vereador Juan Pereira teria prometido um est\u00e1gio a uma adolescente na R\u00e1dio Comunit\u00e1ria Alternativa FM. Insatisfeita com a remunera\u00e7\u00e3o paga pelo est\u00e1gio, iniciou-se um desentendimento entre a m\u00e3e da estagi\u00e1ria e o vereador Juan, o que a levou a devolver o dinheiro recebido por entender que a quantia era injusta. De acordo com a m\u00e3e da jovem, o pai de Juan, o empres\u00e1rio Jo\u00e3o Pereira, por tr\u00eas vezes a procurou em sua resid\u00eancia para tentar um acordo. Posteriormente ela recebeu de um funcion\u00e1rio da R\u00e1dio Alternativa FM a quantia de R$ 250,00 com a condi\u00e7\u00e3o de continuar apoiando a candidatura de Juan Pereira. O pr\u00f3prio vereador Juan, no mesmo dia, compareceu \u00e0 casa da estagi\u00e1ria para afirmar que o programa dela continuaria na R\u00e1dio e que ela receberia a remunera\u00e7\u00e3o corretamente caso a mesma continuasse apoiando a sua candidatura. A jovem declarou no inqu\u00e9rito que passadas as elei\u00e7\u00f5es, o seu programa foi tirado do ar na R\u00e1dio Comunit\u00e1ria Alternativa FM. A Pol\u00edcia Federal firmou convic\u00e7\u00e3o no inqu\u00e9rito n\u00ba 2016.0000521-DPF\/CGE\/PB, de que o vereador Juan Pereira prometeu \u00e0 fam\u00edlia da jovem, emprego na R\u00e1dio Comunit\u00e1ria em troca de apoio eleitoral e do voto \u00e0 sua campanha, motivo pelo qual foi indiciado pelo crime do Artigo 299 da Lei 4.737\/65. Na reuni\u00e3o da C\u00e2mara de Vereadores da \u00faltima quinta-feira (09\/11) o vereador Antonio Carlos Sarmento (PSB), ao usar a tribuna comentou a den\u00fancia: CONFIRA O PRONUNCIAMENTO:\u00a0 Cariri em Destaque","og_url":"https:\/\/noticiasemdestaque.com\/cd\/?p=5980","og_site_name":"Not&iacute;cias em Destaque","article_published_time":"2017-11-13T13:09:50+00:00","article_modified_time":"2017-11-15T13:36:44+00:00","og_image":[{"width":637,"height":638,"url":"https:\/\/noticiasemdestaque.com\/cd\/wp-content\/uploads\/2017\/11\/22140902_1020388581436015_3896957673828610761_n.jpg","type":"image\/jpeg"}],"author":"Not\u00edcias em Destaque","twitter_card":"summary_large_image","twitter_misc":{"Escrito por":"Not\u00edcias em Destaque","Est. tempo de leitura":"2 minutos"},"schema":{"@context":"https:\/\/schema.org","@graph":[{"@type":"Article","@id":"https:\/\/noticiasemdestaque.com\/cd\/?p=5980#article","isPartOf":{"@id":"https:\/\/noticiasemdestaque.com\/cd\/?p=5980"},"author":{"name":"Not\u00edcias em Destaque","@id":"https:\/\/noticiasemdestaque.com\/cd\/#\/schema\/person\/21320b03a7e8bb90128938dafc9b908a"},"headline":"EXCLUSIVO: Vereador Juan Pereira \u00e9 indiciado pela Pol\u00edcia Federal","datePublished":"2017-11-13T13:09:50+00:00","dateModified":"2017-11-15T13:36:44+00:00","mainEntityOfPage":{"@id":"https:\/\/noticiasemdestaque.com\/cd\/?p=5980"},"wordCount":327,"publisher":{"@id":"https:\/\/noticiasemdestaque.com\/cd\/#organization"},"image":{"@id":"https:\/\/noticiasemdestaque.com\/cd\/?p=5980#primaryimage"},"thumbnailUrl":"https:\/\/noticiasemdestaque.com\/cd\/wp-content\/uploads\/2017\/11\/22140902_1020388581436015_3896957673828610761_n.jpg","articleSection":["Pol\u00edtica"],"inLanguage":"pt-BR"},{"@type":"WebPage","@id":"https:\/\/noticiasemdestaque.com\/cd\/?p=5980","url":"https:\/\/noticiasemdestaque.com\/cd\/?p=5980","name":"EXCLUSIVO: Vereador Juan Pereira \u00e9 indiciado pela Pol\u00edcia Federal - Not&iacute;cias em Destaque","isPartOf":{"@id":"https:\/\/noticiasemdestaque.com\/cd\/#website"},"primaryImageOfPage":{"@id":"https:\/\/noticiasemdestaque.com\/cd\/?p=5980#primaryimage"},"image":{"@id":"https:\/\/noticiasemdestaque.com\/cd\/?p=5980#primaryimage"},"thumbnailUrl":"https:\/\/noticiasemdestaque.com\/cd\/wp-content\/uploads\/2017\/11\/22140902_1020388581436015_3896957673828610761_n.jpg","datePublished":"2017-11-13T13:09:50+00:00","dateModified":"2017-11-15T13:36:44+00:00","breadcrumb":{"@id":"https:\/\/noticiasemdestaque.com\/cd\/?p=5980#breadcrumb"},"inLanguage":"pt-BR","potentialAction":[{"@type":"ReadAction","target":["https:\/\/noticiasemdestaque.com\/cd\/?p=5980"]}]},{"@type":"ImageObject","inLanguage":"pt-BR","@id":"https:\/\/noticiasemdestaque.com\/cd\/?p=5980#primaryimage","url":"https:\/\/noticiasemdestaque.com\/cd\/wp-content\/uploads\/2017\/11\/22140902_1020388581436015_3896957673828610761_n.jpg","contentUrl":"https:\/\/noticiasemdestaque.com\/cd\/wp-content\/uploads\/2017\/11\/22140902_1020388581436015_3896957673828610761_n.jpg","width":637,"height":638},{"@type":"BreadcrumbList","@id":"https:\/\/noticiasemdestaque.com\/cd\/?p=5980#breadcrumb","itemListElement":[{"@type":"ListItem","position":1,"name":"In\u00edcio","item":"https:\/\/noticiasemdestaque.com\/cd\/"},{"@type":"ListItem","position":2,"name":"EXCLUSIVO: Vereador Juan Pereira \u00e9 indiciado pela Pol\u00edcia Federal"}]},{"@type":"WebSite","@id":"https:\/\/noticiasemdestaque.com\/cd\/#website","url":"https:\/\/noticiasemdestaque.com\/cd\/","name":"Not&iacute;cias em Destaque","description":"","publisher":{"@id":"https:\/\/noticiasemdestaque.com\/cd\/#organization"},"potentialAction":[{"@type":"SearchAction","target":{"@type":"EntryPoint","urlTemplate":"https:\/\/noticiasemdestaque.com\/cd\/?s={search_term_string}"},"query-input":{"@type":"PropertyValueSpecification","valueRequired":true,"valueName":"search_term_string"}}],"inLanguage":"pt-BR"},{"@type":"Organization","@id":"https:\/\/noticiasemdestaque.com\/cd\/#organization","name":"Not\u00edcias em Destaque","url":"https:\/\/noticiasemdestaque.com\/cd\/","logo":{"@type":"ImageObject","inLanguage":"pt-BR","@id":"https:\/\/noticiasemdestaque.com\/cd\/#\/schema\/logo\/image\/","url":"https:\/\/noticiasemdestaque.com\/cd\/wp-content\/uploads\/2022\/05\/imagem-base-noticiasemdestaque.png","contentUrl":"https:\/\/noticiasemdestaque.com\/cd\/wp-content\/uploads\/2022\/05\/imagem-base-noticiasemdestaque.png","width":1200,"height":630,"caption":"Not\u00edcias em Destaque"},"image":{"@id":"https:\/\/noticiasemdestaque.com\/cd\/#\/schema\/logo\/image\/"}},{"@type":"Person","@id":"https:\/\/noticiasemdestaque.com\/cd\/#\/schema\/person\/21320b03a7e8bb90128938dafc9b908a","name":"Not\u00edcias em Destaque","url":"https:\/\/noticiasemdestaque.com\/cd\/?author=2"}]}},"jetpack_featured_media_url":"https:\/\/noticiasemdestaque.com\/cd\/wp-content\/uploads\/2017\/11\/22140902_1020388581436015_3896957673828610761_n.jpg","jetpack_sharing_enabled":true,"_links":{"self":[{"href":"https:\/\/noticiasemdestaque.com\/cd\/index.php?rest_route=\/wp\/v2\/posts\/5980","targetHints":{"allow":["GET"]}}],"collection":[{"href":"https:\/\/noticiasemdestaque.com\/cd\/index.php?rest_route=\/wp\/v2\/posts"}],"about":[{"href":"https:\/\/noticiasemdestaque.com\/cd\/index.php?rest_route=\/wp\/v2\/types\/post"}],"author":[{"embeddable":true,"href":"https:\/\/noticiasemdestaque.com\/cd\/index.php?rest_route=\/wp\/v2\/users\/2"}],"replies":[{"embeddable":true,"href":"https:\/\/noticiasemdestaque.com\/cd\/index.php?rest_route=%2Fwp%2Fv2%2Fcomments&post=5980"}],"version-history":[{"count":2,"href":"https:\/\/noticiasemdestaque.com\/cd\/index.php?rest_route=\/wp\/v2\/posts\/5980\/revisions"}],"predecessor-version":[{"id":6040,"href":"https:\/\/noticiasemdestaque.com\/cd\/index.php?rest_route=\/wp\/v2\/posts\/5980\/revisions\/6040"}],"wp:featuredmedia":[{"embeddable":true,"href":"https:\/\/noticiasemdestaque.com\/cd\/index.php?rest_route=\/wp\/v2\/media\/5981"}],"wp:attachment":[{"href":"https:\/\/noticiasemdestaque.com\/cd\/index.php?rest_route=%2Fwp%2Fv2%2Fmedia&parent=5980"}],"wp:term":[{"taxonomy":"category","embeddable":true,"href":"https:\/\/noticiasemdestaque.com\/cd\/index.php?rest_route=%2Fwp%2Fv2%2Fcategories&post=5980"},{"taxonomy":"post_tag","embeddable":true,"href":"https:\/\/noticiasemdestaque.com\/cd\/index.php?rest_route=%2Fwp%2Fv2%2Ftags&post=5980"}],"curies":[{"name":"wp","href":"https:\/\/api.w.org\/{rel}","templated":true}]}}