{"id":5971,"date":"2017-11-13T08:31:48","date_gmt":"2017-11-13T11:31:48","guid":{"rendered":"http:\/\/caririemdestaque.com\/cd\/?p=5971"},"modified":"2017-11-13T08:31:48","modified_gmt":"2017-11-13T11:31:48","slug":"mpf-divulga-resultado-de-concurso-de-estagio-em-direito-com-vagas-em-monteiro","status":"publish","type":"post","link":"https:\/\/noticiasemdestaque.com\/cd\/?p=5971","title":{"rendered":"MPF divulga resultado de concurso de est\u00e1gio em Direito com vagas em Monteiro"},"content":{"rendered":"<p><a href=\"http:\/\/caririemdestaque.com\/cd\/wp-content\/uploads\/2017\/11\/10112017181055.jpg\"><img decoding=\"async\" class=\"size-thumbnail wp-image-5972 alignleft\" src=\"http:\/\/caririemdestaque.com\/cd\/wp-content\/uploads\/2017\/11\/10112017181055-150x150.jpg\" alt=\"\" width=\"150\" height=\"150\" \/><\/a>O Minist\u00e9rio P\u00fablico Federal na Para\u00edba (MPF\/PB) divulgou nesta sexta-feira, 10 de novembro, a lista dos candidatos aprovados no \u00faltimo concurso de est\u00e1gio em Direito, bem como os n\u00e3o aprovados na prova subjetiva do processo seletivo de vagas para o \u00f3rg\u00e3o. O prazo recursal \u00e9 de dois dias.<\/p>\n<p>Os recursos dever\u00e3o utilizar o formul\u00e1rio que consta no Anexo IV do edital de abertura do processo seletivo (Edital n\u00ba 10\/2017) e protocolados em qualquer uma das unidades do MPF na Para\u00edba, conforme endere\u00e7os constantes do item 4.1.2.1 do mesmo edital.<\/p>\n<p>N\u00e3o ser\u00e3o aceitos recursos de outra forma ou que n\u00e3o sejam protocolados at\u00e9 o prazo estabelecido.<\/p>\n<p>As vagas s\u00e3o para as unidades do MPF em Jo\u00e3o Pessoa, Guarabira, Campina Grande, Monteiro, Patos e Sousa.<\/p>\n<p><a href=\"http:\/\/www.mpf.mp.br\/pb\/estagie-conosco\/selecao-de-direito-2017\/edital-no-20-2017-resultado-final-da-selecao-de-direito-2017\/view\">Confira o resultado<\/a><\/p>\n<p>Mais informa\u00e7\u00f5es no N\u00facleo de Gest\u00e3o de Pessoas do MPF\/PB: (83) 3044-6268<\/p>\n<p>&nbsp;<\/p>\n","protected":false},"excerpt":{"rendered":"<p>O Minist\u00e9rio P\u00fablico Federal na Para\u00edba (MPF\/PB) divulgou nesta sexta-feira, 10 de novembro, a lista dos candidatos aprovados no \u00faltimo concurso de est\u00e1gio em Direito, bem como os n\u00e3o aprovados na prova subjetiva do processo seletivo de vagas para o \u00f3rg\u00e3o. O prazo recursal \u00e9 de dois dias. Os recursos dever\u00e3o utilizar o formul\u00e1rio que consta no Anexo IV do edital de abertura do processo seletivo (Edital n\u00ba 10\/2017) e protocolados em qualquer uma das unidades do MPF na Para\u00edba, conforme endere\u00e7os constantes do item 4.1.2.1 do mesmo edital. N\u00e3o ser\u00e3o aceitos recursos de outra forma ou que n\u00e3o sejam protocolados at\u00e9 o prazo estabelecido. As vagas s\u00e3o para as unidades do MPF em Jo\u00e3o Pessoa, Guarabira, Campina Grande, Monteiro, Patos e Sousa. Confira o resultado Mais informa\u00e7\u00f5es no N\u00facleo de Gest\u00e3o de Pessoas do MPF\/PB: (83) 3044-6268 &nbsp;<\/p>\n","protected":false},"author":2,"featured_media":5972,"comment_status":"closed","ping_status":"open","sticky":false,"template":"","format":"standard","meta":{"_eb_attr":"","_jetpack_memberships_contains_paid_content":false,"footnotes":""},"categories":[3],"tags":[],"class_list":["post-5971","post","type-post","status-publish","format-standard","has-post-thumbnail","hentry","category-cidades"],"yoast_head":"<!-- This site is optimized with the Yoast SEO plugin v26.5 - https:\/\/yoast.com\/wordpress\/plugins\/seo\/ -->\n<title>MPF divulga resultado de concurso de est\u00e1gio em Direito com vagas em Monteiro - Not&iacute;cias em Destaque<\/title>\n<meta name=\"robots\" content=\"index, follow, max-snippet:-1, max-image-preview:large, max-video-preview:-1\" \/>\n<link rel=\"canonical\" href=\"https:\/\/noticiasemdestaque.com\/cd\/?p=5971\" \/>\n<meta property=\"og:locale\" content=\"pt_BR\" \/>\n<meta property=\"og:type\" content=\"article\" \/>\n<meta property=\"og:title\" content=\"MPF divulga resultado de concurso de est\u00e1gio em Direito com vagas em Monteiro - Not&iacute;cias em Destaque\" \/>\n<meta property=\"og:description\" content=\"O Minist\u00e9rio P\u00fablico Federal na Para\u00edba (MPF\/PB) divulgou nesta sexta-feira, 10 de novembro, a lista dos candidatos aprovados no \u00faltimo concurso de est\u00e1gio em Direito, bem como os n\u00e3o aprovados na prova subjetiva do processo seletivo de vagas para o \u00f3rg\u00e3o. O prazo recursal \u00e9 de dois dias. Os recursos dever\u00e3o utilizar o formul\u00e1rio que consta no Anexo IV do edital de abertura do processo seletivo (Edital n\u00ba 10\/2017) e protocolados em qualquer uma das unidades do MPF na Para\u00edba, conforme endere\u00e7os constantes do item 4.1.2.1 do mesmo edital. N\u00e3o ser\u00e3o aceitos recursos de outra forma ou que n\u00e3o sejam protocolados at\u00e9 o prazo estabelecido. As vagas s\u00e3o para as unidades do MPF em Jo\u00e3o Pessoa, Guarabira, Campina Grande, Monteiro, Patos e Sousa. Confira o resultado Mais informa\u00e7\u00f5es no N\u00facleo de Gest\u00e3o de Pessoas do MPF\/PB: (83) 3044-6268 &nbsp;\" \/>\n<meta property=\"og:url\" content=\"https:\/\/noticiasemdestaque.com\/cd\/?p=5971\" \/>\n<meta property=\"og:site_name\" content=\"Not&iacute;cias em Destaque\" \/>\n<meta property=\"article:published_time\" content=\"2017-11-13T11:31:48+00:00\" \/>\n<meta property=\"og:image\" content=\"https:\/\/noticiasemdestaque.com\/cd\/wp-content\/uploads\/2017\/11\/10112017181055.jpg\" \/>\n\t<meta property=\"og:image:width\" content=\"720\" \/>\n\t<meta property=\"og:image:height\" content=\"479\" \/>\n\t<meta property=\"og:image:type\" content=\"image\/jpeg\" \/>\n<meta name=\"author\" content=\"Not\u00edcias em Destaque\" \/>\n<meta name=\"twitter:card\" content=\"summary_large_image\" \/>\n<meta name=\"twitter:label1\" content=\"Escrito por\" \/>\n\t<meta name=\"twitter:data1\" content=\"Not\u00edcias em Destaque\" \/>\n\t<meta name=\"twitter:label2\" content=\"Est. tempo de leitura\" \/>\n\t<meta name=\"twitter:data2\" content=\"1 minuto\" \/>\n<script type=\"application\/ld+json\" class=\"yoast-schema-graph\">{\"@context\":\"https:\/\/schema.org\",\"@graph\":[{\"@type\":\"Article\",\"@id\":\"https:\/\/noticiasemdestaque.com\/cd\/?p=5971#article\",\"isPartOf\":{\"@id\":\"https:\/\/noticiasemdestaque.com\/cd\/?p=5971\"},\"author\":{\"name\":\"Not\u00edcias em Destaque\",\"@id\":\"https:\/\/noticiasemdestaque.com\/cd\/#\/schema\/person\/21320b03a7e8bb90128938dafc9b908a\"},\"headline\":\"MPF divulga resultado de concurso de est\u00e1gio em Direito com vagas em Monteiro\",\"datePublished\":\"2017-11-13T11:31:48+00:00\",\"mainEntityOfPage\":{\"@id\":\"https:\/\/noticiasemdestaque.com\/cd\/?p=5971\"},\"wordCount\":168,\"publisher\":{\"@id\":\"https:\/\/noticiasemdestaque.com\/cd\/#organization\"},\"image\":{\"@id\":\"https:\/\/noticiasemdestaque.com\/cd\/?p=5971#primaryimage\"},\"thumbnailUrl\":\"https:\/\/noticiasemdestaque.com\/cd\/wp-content\/uploads\/2017\/11\/10112017181055.jpg\",\"articleSection\":[\"Cidades\"],\"inLanguage\":\"pt-BR\"},{\"@type\":\"WebPage\",\"@id\":\"https:\/\/noticiasemdestaque.com\/cd\/?p=5971\",\"url\":\"https:\/\/noticiasemdestaque.com\/cd\/?p=5971\",\"name\":\"MPF divulga resultado de concurso de est\u00e1gio em Direito com vagas em Monteiro - Not&iacute;cias em Destaque\",\"isPartOf\":{\"@id\":\"https:\/\/noticiasemdestaque.com\/cd\/#website\"},\"primaryImageOfPage\":{\"@id\":\"https:\/\/noticiasemdestaque.com\/cd\/?p=5971#primaryimage\"},\"image\":{\"@id\":\"https:\/\/noticiasemdestaque.com\/cd\/?p=5971#primaryimage\"},\"thumbnailUrl\":\"https:\/\/noticiasemdestaque.com\/cd\/wp-content\/uploads\/2017\/11\/10112017181055.jpg\",\"datePublished\":\"2017-11-13T11:31:48+00:00\",\"breadcrumb\":{\"@id\":\"https:\/\/noticiasemdestaque.com\/cd\/?p=5971#breadcrumb\"},\"inLanguage\":\"pt-BR\",\"potentialAction\":[{\"@type\":\"ReadAction\",\"target\":[\"https:\/\/noticiasemdestaque.com\/cd\/?p=5971\"]}]},{\"@type\":\"ImageObject\",\"inLanguage\":\"pt-BR\",\"@id\":\"https:\/\/noticiasemdestaque.com\/cd\/?p=5971#primaryimage\",\"url\":\"https:\/\/noticiasemdestaque.com\/cd\/wp-content\/uploads\/2017\/11\/10112017181055.jpg\",\"contentUrl\":\"https:\/\/noticiasemdestaque.com\/cd\/wp-content\/uploads\/2017\/11\/10112017181055.jpg\",\"width\":720,\"height\":479},{\"@type\":\"BreadcrumbList\",\"@id\":\"https:\/\/noticiasemdestaque.com\/cd\/?p=5971#breadcrumb\",\"itemListElement\":[{\"@type\":\"ListItem\",\"position\":1,\"name\":\"In\u00edcio\",\"item\":\"https:\/\/noticiasemdestaque.com\/cd\/\"},{\"@type\":\"ListItem\",\"position\":2,\"name\":\"MPF divulga resultado de concurso de est\u00e1gio em Direito com vagas em Monteiro\"}]},{\"@type\":\"WebSite\",\"@id\":\"https:\/\/noticiasemdestaque.com\/cd\/#website\",\"url\":\"https:\/\/noticiasemdestaque.com\/cd\/\",\"name\":\"Not&iacute;cias em Destaque\",\"description\":\"\",\"publisher\":{\"@id\":\"https:\/\/noticiasemdestaque.com\/cd\/#organization\"},\"potentialAction\":[{\"@type\":\"SearchAction\",\"target\":{\"@type\":\"EntryPoint\",\"urlTemplate\":\"https:\/\/noticiasemdestaque.com\/cd\/?s={search_term_string}\"},\"query-input\":{\"@type\":\"PropertyValueSpecification\",\"valueRequired\":true,\"valueName\":\"search_term_string\"}}],\"inLanguage\":\"pt-BR\"},{\"@type\":\"Organization\",\"@id\":\"https:\/\/noticiasemdestaque.com\/cd\/#organization\",\"name\":\"Not\u00edcias em Destaque\",\"url\":\"https:\/\/noticiasemdestaque.com\/cd\/\",\"logo\":{\"@type\":\"ImageObject\",\"inLanguage\":\"pt-BR\",\"@id\":\"https:\/\/noticiasemdestaque.com\/cd\/#\/schema\/logo\/image\/\",\"url\":\"https:\/\/noticiasemdestaque.com\/cd\/wp-content\/uploads\/2022\/05\/imagem-base-noticiasemdestaque.png\",\"contentUrl\":\"https:\/\/noticiasemdestaque.com\/cd\/wp-content\/uploads\/2022\/05\/imagem-base-noticiasemdestaque.png\",\"width\":1200,\"height\":630,\"caption\":\"Not\u00edcias em Destaque\"},\"image\":{\"@id\":\"https:\/\/noticiasemdestaque.com\/cd\/#\/schema\/logo\/image\/\"}},{\"@type\":\"Person\",\"@id\":\"https:\/\/noticiasemdestaque.com\/cd\/#\/schema\/person\/21320b03a7e8bb90128938dafc9b908a\",\"name\":\"Not\u00edcias em Destaque\",\"url\":\"https:\/\/noticiasemdestaque.com\/cd\/?author=2\"}]}<\/script>\n<!-- \/ Yoast SEO plugin. -->","yoast_head_json":{"title":"MPF divulga resultado de concurso de est\u00e1gio em Direito com vagas em Monteiro - Not&iacute;cias em Destaque","robots":{"index":"index","follow":"follow","max-snippet":"max-snippet:-1","max-image-preview":"max-image-preview:large","max-video-preview":"max-video-preview:-1"},"canonical":"https:\/\/noticiasemdestaque.com\/cd\/?p=5971","og_locale":"pt_BR","og_type":"article","og_title":"MPF divulga resultado de concurso de est\u00e1gio em Direito com vagas em Monteiro - Not&iacute;cias em Destaque","og_description":"O Minist\u00e9rio P\u00fablico Federal na Para\u00edba (MPF\/PB) divulgou nesta sexta-feira, 10 de novembro, a lista dos candidatos aprovados no \u00faltimo concurso de est\u00e1gio em Direito, bem como os n\u00e3o aprovados na prova subjetiva do processo seletivo de vagas para o \u00f3rg\u00e3o. O prazo recursal \u00e9 de dois dias. Os recursos dever\u00e3o utilizar o formul\u00e1rio que consta no Anexo IV do edital de abertura do processo seletivo (Edital n\u00ba 10\/2017) e protocolados em qualquer uma das unidades do MPF na Para\u00edba, conforme endere\u00e7os constantes do item 4.1.2.1 do mesmo edital. N\u00e3o ser\u00e3o aceitos recursos de outra forma ou que n\u00e3o sejam protocolados at\u00e9 o prazo estabelecido. As vagas s\u00e3o para as unidades do MPF em Jo\u00e3o Pessoa, Guarabira, Campina Grande, Monteiro, Patos e Sousa. Confira o resultado Mais informa\u00e7\u00f5es no N\u00facleo de Gest\u00e3o de Pessoas do MPF\/PB: (83) 3044-6268 &nbsp;","og_url":"https:\/\/noticiasemdestaque.com\/cd\/?p=5971","og_site_name":"Not&iacute;cias em Destaque","article_published_time":"2017-11-13T11:31:48+00:00","og_image":[{"width":720,"height":479,"url":"https:\/\/noticiasemdestaque.com\/cd\/wp-content\/uploads\/2017\/11\/10112017181055.jpg","type":"image\/jpeg"}],"author":"Not\u00edcias em Destaque","twitter_card":"summary_large_image","twitter_misc":{"Escrito por":"Not\u00edcias em Destaque","Est. tempo de leitura":"1 minuto"},"schema":{"@context":"https:\/\/schema.org","@graph":[{"@type":"Article","@id":"https:\/\/noticiasemdestaque.com\/cd\/?p=5971#article","isPartOf":{"@id":"https:\/\/noticiasemdestaque.com\/cd\/?p=5971"},"author":{"name":"Not\u00edcias em Destaque","@id":"https:\/\/noticiasemdestaque.com\/cd\/#\/schema\/person\/21320b03a7e8bb90128938dafc9b908a"},"headline":"MPF divulga resultado de concurso de est\u00e1gio em Direito com vagas em Monteiro","datePublished":"2017-11-13T11:31:48+00:00","mainEntityOfPage":{"@id":"https:\/\/noticiasemdestaque.com\/cd\/?p=5971"},"wordCount":168,"publisher":{"@id":"https:\/\/noticiasemdestaque.com\/cd\/#organization"},"image":{"@id":"https:\/\/noticiasemdestaque.com\/cd\/?p=5971#primaryimage"},"thumbnailUrl":"https:\/\/noticiasemdestaque.com\/cd\/wp-content\/uploads\/2017\/11\/10112017181055.jpg","articleSection":["Cidades"],"inLanguage":"pt-BR"},{"@type":"WebPage","@id":"https:\/\/noticiasemdestaque.com\/cd\/?p=5971","url":"https:\/\/noticiasemdestaque.com\/cd\/?p=5971","name":"MPF divulga resultado de concurso de est\u00e1gio em Direito com vagas em Monteiro - Not&iacute;cias em Destaque","isPartOf":{"@id":"https:\/\/noticiasemdestaque.com\/cd\/#website"},"primaryImageOfPage":{"@id":"https:\/\/noticiasemdestaque.com\/cd\/?p=5971#primaryimage"},"image":{"@id":"https:\/\/noticiasemdestaque.com\/cd\/?p=5971#primaryimage"},"thumbnailUrl":"https:\/\/noticiasemdestaque.com\/cd\/wp-content\/uploads\/2017\/11\/10112017181055.jpg","datePublished":"2017-11-13T11:31:48+00:00","breadcrumb":{"@id":"https:\/\/noticiasemdestaque.com\/cd\/?p=5971#breadcrumb"},"inLanguage":"pt-BR","potentialAction":[{"@type":"ReadAction","target":["https:\/\/noticiasemdestaque.com\/cd\/?p=5971"]}]},{"@type":"ImageObject","inLanguage":"pt-BR","@id":"https:\/\/noticiasemdestaque.com\/cd\/?p=5971#primaryimage","url":"https:\/\/noticiasemdestaque.com\/cd\/wp-content\/uploads\/2017\/11\/10112017181055.jpg","contentUrl":"https:\/\/noticiasemdestaque.com\/cd\/wp-content\/uploads\/2017\/11\/10112017181055.jpg","width":720,"height":479},{"@type":"BreadcrumbList","@id":"https:\/\/noticiasemdestaque.com\/cd\/?p=5971#breadcrumb","itemListElement":[{"@type":"ListItem","position":1,"name":"In\u00edcio","item":"https:\/\/noticiasemdestaque.com\/cd\/"},{"@type":"ListItem","position":2,"name":"MPF divulga resultado de concurso de est\u00e1gio em Direito com vagas em Monteiro"}]},{"@type":"WebSite","@id":"https:\/\/noticiasemdestaque.com\/cd\/#website","url":"https:\/\/noticiasemdestaque.com\/cd\/","name":"Not&iacute;cias em Destaque","description":"","publisher":{"@id":"https:\/\/noticiasemdestaque.com\/cd\/#organization"},"potentialAction":[{"@type":"SearchAction","target":{"@type":"EntryPoint","urlTemplate":"https:\/\/noticiasemdestaque.com\/cd\/?s={search_term_string}"},"query-input":{"@type":"PropertyValueSpecification","valueRequired":true,"valueName":"search_term_string"}}],"inLanguage":"pt-BR"},{"@type":"Organization","@id":"https:\/\/noticiasemdestaque.com\/cd\/#organization","name":"Not\u00edcias em Destaque","url":"https:\/\/noticiasemdestaque.com\/cd\/","logo":{"@type":"ImageObject","inLanguage":"pt-BR","@id":"https:\/\/noticiasemdestaque.com\/cd\/#\/schema\/logo\/image\/","url":"https:\/\/noticiasemdestaque.com\/cd\/wp-content\/uploads\/2022\/05\/imagem-base-noticiasemdestaque.png","contentUrl":"https:\/\/noticiasemdestaque.com\/cd\/wp-content\/uploads\/2022\/05\/imagem-base-noticiasemdestaque.png","width":1200,"height":630,"caption":"Not\u00edcias em Destaque"},"image":{"@id":"https:\/\/noticiasemdestaque.com\/cd\/#\/schema\/logo\/image\/"}},{"@type":"Person","@id":"https:\/\/noticiasemdestaque.com\/cd\/#\/schema\/person\/21320b03a7e8bb90128938dafc9b908a","name":"Not\u00edcias em Destaque","url":"https:\/\/noticiasemdestaque.com\/cd\/?author=2"}]}},"jetpack_featured_media_url":"https:\/\/noticiasemdestaque.com\/cd\/wp-content\/uploads\/2017\/11\/10112017181055.jpg","jetpack_sharing_enabled":true,"_links":{"self":[{"href":"https:\/\/noticiasemdestaque.com\/cd\/index.php?rest_route=\/wp\/v2\/posts\/5971","targetHints":{"allow":["GET"]}}],"collection":[{"href":"https:\/\/noticiasemdestaque.com\/cd\/index.php?rest_route=\/wp\/v2\/posts"}],"about":[{"href":"https:\/\/noticiasemdestaque.com\/cd\/index.php?rest_route=\/wp\/v2\/types\/post"}],"author":[{"embeddable":true,"href":"https:\/\/noticiasemdestaque.com\/cd\/index.php?rest_route=\/wp\/v2\/users\/2"}],"replies":[{"embeddable":true,"href":"https:\/\/noticiasemdestaque.com\/cd\/index.php?rest_route=%2Fwp%2Fv2%2Fcomments&post=5971"}],"version-history":[{"count":1,"href":"https:\/\/noticiasemdestaque.com\/cd\/index.php?rest_route=\/wp\/v2\/posts\/5971\/revisions"}],"predecessor-version":[{"id":5973,"href":"https:\/\/noticiasemdestaque.com\/cd\/index.php?rest_route=\/wp\/v2\/posts\/5971\/revisions\/5973"}],"wp:featuredmedia":[{"embeddable":true,"href":"https:\/\/noticiasemdestaque.com\/cd\/index.php?rest_route=\/wp\/v2\/media\/5972"}],"wp:attachment":[{"href":"https:\/\/noticiasemdestaque.com\/cd\/index.php?rest_route=%2Fwp%2Fv2%2Fmedia&parent=5971"}],"wp:term":[{"taxonomy":"category","embeddable":true,"href":"https:\/\/noticiasemdestaque.com\/cd\/index.php?rest_route=%2Fwp%2Fv2%2Fcategories&post=5971"},{"taxonomy":"post_tag","embeddable":true,"href":"https:\/\/noticiasemdestaque.com\/cd\/index.php?rest_route=%2Fwp%2Fv2%2Ftags&post=5971"}],"curies":[{"name":"wp","href":"https:\/\/api.w.org\/{rel}","templated":true}]}}