{"id":59125,"date":"2024-07-17T17:35:27","date_gmt":"2024-07-17T20:35:27","guid":{"rendered":"https:\/\/noticiasemdestaque.com\/cd\/?p=59125"},"modified":"2024-07-17T17:35:27","modified_gmt":"2024-07-17T20:35:27","slug":"marquinhos-soares-participa-da-pega-de-boi-da-fazenda-cachoeira-em-sume","status":"publish","type":"post","link":"https:\/\/noticiasemdestaque.com\/cd\/?p=59125","title":{"rendered":"Marquinhos Soares participa da pega de boi da Fazenda Cachoeira em Sum\u00e9"},"content":{"rendered":"<p><a href=\"https:\/\/noticiasemdestaque.com\/cd\/wp-content\/uploads\/2024\/07\/Imagem-do-WhatsApp-de-2024-07-17-as-16.47.26_33dbc10d.jpg\"><img fetchpriority=\"high\" decoding=\"async\" class=\" wp-image-59127 aligncenter\" src=\"https:\/\/noticiasemdestaque.com\/cd\/wp-content\/uploads\/2024\/07\/Imagem-do-WhatsApp-de-2024-07-17-as-16.47.26_33dbc10d-300x200.jpg\" alt=\"\" width=\"638\" height=\"425\" srcset=\"https:\/\/noticiasemdestaque.com\/cd\/wp-content\/uploads\/2024\/07\/Imagem-do-WhatsApp-de-2024-07-17-as-16.47.26_33dbc10d-300x200.jpg 300w, https:\/\/noticiasemdestaque.com\/cd\/wp-content\/uploads\/2024\/07\/Imagem-do-WhatsApp-de-2024-07-17-as-16.47.26_33dbc10d-1024x682.jpg 1024w, https:\/\/noticiasemdestaque.com\/cd\/wp-content\/uploads\/2024\/07\/Imagem-do-WhatsApp-de-2024-07-17-as-16.47.26_33dbc10d-768x512.jpg 768w, https:\/\/noticiasemdestaque.com\/cd\/wp-content\/uploads\/2024\/07\/Imagem-do-WhatsApp-de-2024-07-17-as-16.47.26_33dbc10d-1536x1023.jpg 1536w, https:\/\/noticiasemdestaque.com\/cd\/wp-content\/uploads\/2024\/07\/Imagem-do-WhatsApp-de-2024-07-17-as-16.47.26_33dbc10d-18x12.jpg 18w, https:\/\/noticiasemdestaque.com\/cd\/wp-content\/uploads\/2024\/07\/Imagem-do-WhatsApp-de-2024-07-17-as-16.47.26_33dbc10d.jpg 1600w\" sizes=\"(max-width: 638px) 100vw, 638px\" \/><\/a><\/p>\n<p>No \u00faltimo fim de semana, o pr\u00e9-candidato a vereador Marquinhos Soares (PL), cumpriu uma grande agenda de compromissos a convite de amigos e correligion\u00e1rios na zona rural de Sum\u00e9.<\/p>\n<p>Marquinhos, sempre ao lado do prefeito \u00c9den Duarte e dos pr\u00e9-candidatos \u00e0 Prefeitura Juninho e Carlinhos, esteve junto de amigos e familiares na edi\u00e7\u00e3o 2024 da pega de boi da Fazenda Cachoeira, evento organizado por Frutuoso Severo e fam\u00edlia.<\/p>\n<p><a href=\"https:\/\/noticiasemdestaque.com\/cd\/wp-content\/uploads\/2024\/07\/Imagem-do-WhatsApp-de-2024-07-17-as-16.48.02_d54bf46e.jpg\"><img decoding=\"async\" class=\" wp-image-59128 aligncenter\" src=\"https:\/\/noticiasemdestaque.com\/cd\/wp-content\/uploads\/2024\/07\/Imagem-do-WhatsApp-de-2024-07-17-as-16.48.02_d54bf46e-300x200.jpg\" alt=\"\" width=\"674\" height=\"449\" srcset=\"https:\/\/noticiasemdestaque.com\/cd\/wp-content\/uploads\/2024\/07\/Imagem-do-WhatsApp-de-2024-07-17-as-16.48.02_d54bf46e-300x200.jpg 300w, https:\/\/noticiasemdestaque.com\/cd\/wp-content\/uploads\/2024\/07\/Imagem-do-WhatsApp-de-2024-07-17-as-16.48.02_d54bf46e-1024x682.jpg 1024w, https:\/\/noticiasemdestaque.com\/cd\/wp-content\/uploads\/2024\/07\/Imagem-do-WhatsApp-de-2024-07-17-as-16.48.02_d54bf46e-768x512.jpg 768w, https:\/\/noticiasemdestaque.com\/cd\/wp-content\/uploads\/2024\/07\/Imagem-do-WhatsApp-de-2024-07-17-as-16.48.02_d54bf46e-1536x1023.jpg 1536w, https:\/\/noticiasemdestaque.com\/cd\/wp-content\/uploads\/2024\/07\/Imagem-do-WhatsApp-de-2024-07-17-as-16.48.02_d54bf46e-18x12.jpg 18w, https:\/\/noticiasemdestaque.com\/cd\/wp-content\/uploads\/2024\/07\/Imagem-do-WhatsApp-de-2024-07-17-as-16.48.02_d54bf46e.jpg 1600w\" sizes=\"(max-width: 674px) 100vw, 674px\" \/><\/a><\/p>\n<p>Durante a visita, Marquinhos Soares tamb\u00e9m teve a oportunidade de ouvir a popula\u00e7\u00e3o sobre uma variedade de temas relacionados ao munic\u00edpio.<\/p>\n<p>Em conversa com o nosso portal, Marquinhos parabenizou os organizadores pelo tradicional evento e tamb\u00e9m destacou a alegria de poder est\u00e1 dialogando com a popula\u00e7\u00e3o.<\/p>\n<p><a href=\"https:\/\/noticiasemdestaque.com\/cd\/wp-content\/uploads\/2024\/07\/Imagem-do-WhatsApp-de-2024-07-17-as-16.43.49_505bdaa4.jpg\"><img decoding=\"async\" class=\" wp-image-59126 aligncenter\" src=\"https:\/\/noticiasemdestaque.com\/cd\/wp-content\/uploads\/2024\/07\/Imagem-do-WhatsApp-de-2024-07-17-as-16.43.49_505bdaa4-300x192.jpg\" alt=\"\" width=\"684\" height=\"438\" srcset=\"https:\/\/noticiasemdestaque.com\/cd\/wp-content\/uploads\/2024\/07\/Imagem-do-WhatsApp-de-2024-07-17-as-16.43.49_505bdaa4-300x192.jpg 300w, https:\/\/noticiasemdestaque.com\/cd\/wp-content\/uploads\/2024\/07\/Imagem-do-WhatsApp-de-2024-07-17-as-16.43.49_505bdaa4-1024x655.jpg 1024w, https:\/\/noticiasemdestaque.com\/cd\/wp-content\/uploads\/2024\/07\/Imagem-do-WhatsApp-de-2024-07-17-as-16.43.49_505bdaa4-768x492.jpg 768w, https:\/\/noticiasemdestaque.com\/cd\/wp-content\/uploads\/2024\/07\/Imagem-do-WhatsApp-de-2024-07-17-as-16.43.49_505bdaa4-1536x983.jpg 1536w, https:\/\/noticiasemdestaque.com\/cd\/wp-content\/uploads\/2024\/07\/Imagem-do-WhatsApp-de-2024-07-17-as-16.43.49_505bdaa4-18x12.jpg 18w, https:\/\/noticiasemdestaque.com\/cd\/wp-content\/uploads\/2024\/07\/Imagem-do-WhatsApp-de-2024-07-17-as-16.43.49_505bdaa4.jpg 1600w\" sizes=\"(max-width: 684px) 100vw, 684px\" \/><\/a><\/p>\n<p><strong>Not\u00edcias\u00a0em\u00a0Destaque<\/strong><\/p>\n","protected":false},"excerpt":{"rendered":"<p>No \u00faltimo fim de semana, o pr\u00e9-candidato a vereador Marquinhos Soares (PL), cumpriu uma grande agenda de compromissos a convite de amigos e correligion\u00e1rios na zona rural de Sum\u00e9. Marquinhos, sempre ao lado do prefeito \u00c9den Duarte e dos pr\u00e9-candidatos \u00e0 Prefeitura Juninho e Carlinhos, esteve junto de amigos e familiares na edi\u00e7\u00e3o 2024 da pega de boi da Fazenda Cachoeira, evento organizado por Frutuoso Severo e fam\u00edlia. Durante a visita, Marquinhos Soares tamb\u00e9m teve a oportunidade de ouvir a popula\u00e7\u00e3o sobre uma variedade de temas relacionados ao munic\u00edpio. Em conversa com o nosso portal, Marquinhos parabenizou os organizadores pelo tradicional evento e tamb\u00e9m destacou a alegria de poder est\u00e1 dialogando com a popula\u00e7\u00e3o. Not\u00edcias\u00a0em\u00a0Destaque<\/p>\n","protected":false},"author":2,"featured_media":59127,"comment_status":"closed","ping_status":"open","sticky":false,"template":"","format":"standard","meta":{"_eb_attr":"","_jetpack_memberships_contains_paid_content":false,"footnotes":""},"categories":[4],"tags":[],"class_list":["post-59125","post","type-post","status-publish","format-standard","has-post-thumbnail","hentry","category-politica"],"yoast_head":"<!-- This site is optimized with the Yoast SEO plugin v26.5 - https:\/\/yoast.com\/wordpress\/plugins\/seo\/ -->\n<title>Marquinhos Soares participa da pega de boi da Fazenda Cachoeira em Sum\u00e9 - Not&iacute;cias em Destaque<\/title>\n<meta name=\"robots\" content=\"index, follow, max-snippet:-1, max-image-preview:large, max-video-preview:-1\" \/>\n<link rel=\"canonical\" href=\"https:\/\/noticiasemdestaque.com\/cd\/?p=59125\" \/>\n<meta property=\"og:locale\" content=\"pt_BR\" \/>\n<meta property=\"og:type\" content=\"article\" \/>\n<meta property=\"og:title\" content=\"Marquinhos Soares participa da pega de boi da Fazenda Cachoeira em Sum\u00e9 - Not&iacute;cias em Destaque\" \/>\n<meta property=\"og:description\" content=\"No \u00faltimo fim de semana, o pr\u00e9-candidato a vereador Marquinhos Soares (PL), cumpriu uma grande agenda de compromissos a convite de amigos e correligion\u00e1rios na zona rural de Sum\u00e9. Marquinhos, sempre ao lado do prefeito \u00c9den Duarte e dos pr\u00e9-candidatos \u00e0 Prefeitura Juninho e Carlinhos, esteve junto de amigos e familiares na edi\u00e7\u00e3o 2024 da pega de boi da Fazenda Cachoeira, evento organizado por Frutuoso Severo e fam\u00edlia. Durante a visita, Marquinhos Soares tamb\u00e9m teve a oportunidade de ouvir a popula\u00e7\u00e3o sobre uma variedade de temas relacionados ao munic\u00edpio. Em conversa com o nosso portal, Marquinhos parabenizou os organizadores pelo tradicional evento e tamb\u00e9m destacou a alegria de poder est\u00e1 dialogando com a popula\u00e7\u00e3o. Not\u00edcias\u00a0em\u00a0Destaque\" \/>\n<meta property=\"og:url\" content=\"https:\/\/noticiasemdestaque.com\/cd\/?p=59125\" \/>\n<meta property=\"og:site_name\" content=\"Not&iacute;cias em Destaque\" \/>\n<meta property=\"article:published_time\" content=\"2024-07-17T20:35:27+00:00\" \/>\n<meta property=\"og:image\" content=\"https:\/\/noticiasemdestaque.com\/cd\/wp-content\/uploads\/2024\/07\/Imagem-do-WhatsApp-de-2024-07-17-as-16.47.26_33dbc10d.jpg\" \/>\n\t<meta property=\"og:image:width\" content=\"1600\" \/>\n\t<meta property=\"og:image:height\" content=\"1066\" \/>\n\t<meta property=\"og:image:type\" content=\"image\/jpeg\" \/>\n<meta name=\"author\" content=\"Not\u00edcias em Destaque\" \/>\n<meta name=\"twitter:card\" content=\"summary_large_image\" \/>\n<meta name=\"twitter:label1\" content=\"Escrito por\" \/>\n\t<meta name=\"twitter:data1\" content=\"Not\u00edcias em Destaque\" \/>\n\t<meta name=\"twitter:label2\" content=\"Est. tempo de leitura\" \/>\n\t<meta name=\"twitter:data2\" content=\"2 minutos\" \/>\n<script type=\"application\/ld+json\" class=\"yoast-schema-graph\">{\"@context\":\"https:\/\/schema.org\",\"@graph\":[{\"@type\":\"Article\",\"@id\":\"https:\/\/noticiasemdestaque.com\/cd\/?p=59125#article\",\"isPartOf\":{\"@id\":\"https:\/\/noticiasemdestaque.com\/cd\/?p=59125\"},\"author\":{\"name\":\"Not\u00edcias em Destaque\",\"@id\":\"https:\/\/noticiasemdestaque.com\/cd\/#\/schema\/person\/47f7d4f55eec17c6b2ca036c5500f6ce\"},\"headline\":\"Marquinhos Soares participa da pega de boi da Fazenda Cachoeira em Sum\u00e9\",\"datePublished\":\"2024-07-17T20:35:27+00:00\",\"mainEntityOfPage\":{\"@id\":\"https:\/\/noticiasemdestaque.com\/cd\/?p=59125\"},\"wordCount\":138,\"publisher\":{\"@id\":\"https:\/\/noticiasemdestaque.com\/cd\/#organization\"},\"image\":{\"@id\":\"https:\/\/noticiasemdestaque.com\/cd\/?p=59125#primaryimage\"},\"thumbnailUrl\":\"https:\/\/noticiasemdestaque.com\/cd\/wp-content\/uploads\/2024\/07\/Imagem-do-WhatsApp-de-2024-07-17-as-16.47.26_33dbc10d.jpg\",\"articleSection\":[\"Pol\u00edtica\"],\"inLanguage\":\"pt-BR\"},{\"@type\":\"WebPage\",\"@id\":\"https:\/\/noticiasemdestaque.com\/cd\/?p=59125\",\"url\":\"https:\/\/noticiasemdestaque.com\/cd\/?p=59125\",\"name\":\"Marquinhos Soares participa da pega de boi da Fazenda Cachoeira em Sum\u00e9 - Not&iacute;cias em Destaque\",\"isPartOf\":{\"@id\":\"https:\/\/noticiasemdestaque.com\/cd\/#website\"},\"primaryImageOfPage\":{\"@id\":\"https:\/\/noticiasemdestaque.com\/cd\/?p=59125#primaryimage\"},\"image\":{\"@id\":\"https:\/\/noticiasemdestaque.com\/cd\/?p=59125#primaryimage\"},\"thumbnailUrl\":\"https:\/\/noticiasemdestaque.com\/cd\/wp-content\/uploads\/2024\/07\/Imagem-do-WhatsApp-de-2024-07-17-as-16.47.26_33dbc10d.jpg\",\"datePublished\":\"2024-07-17T20:35:27+00:00\",\"breadcrumb\":{\"@id\":\"https:\/\/noticiasemdestaque.com\/cd\/?p=59125#breadcrumb\"},\"inLanguage\":\"pt-BR\",\"potentialAction\":[{\"@type\":\"ReadAction\",\"target\":[\"https:\/\/noticiasemdestaque.com\/cd\/?p=59125\"]}]},{\"@type\":\"ImageObject\",\"inLanguage\":\"pt-BR\",\"@id\":\"https:\/\/noticiasemdestaque.com\/cd\/?p=59125#primaryimage\",\"url\":\"https:\/\/noticiasemdestaque.com\/cd\/wp-content\/uploads\/2024\/07\/Imagem-do-WhatsApp-de-2024-07-17-as-16.47.26_33dbc10d.jpg\",\"contentUrl\":\"https:\/\/noticiasemdestaque.com\/cd\/wp-content\/uploads\/2024\/07\/Imagem-do-WhatsApp-de-2024-07-17-as-16.47.26_33dbc10d.jpg\",\"width\":1600,\"height\":1066},{\"@type\":\"BreadcrumbList\",\"@id\":\"https:\/\/noticiasemdestaque.com\/cd\/?p=59125#breadcrumb\",\"itemListElement\":[{\"@type\":\"ListItem\",\"position\":1,\"name\":\"In\u00edcio\",\"item\":\"https:\/\/noticiasemdestaque.com\/cd\/\"},{\"@type\":\"ListItem\",\"position\":2,\"name\":\"Marquinhos Soares participa da pega de boi da Fazenda Cachoeira em Sum\u00e9\"}]},{\"@type\":\"WebSite\",\"@id\":\"https:\/\/noticiasemdestaque.com\/cd\/#website\",\"url\":\"https:\/\/noticiasemdestaque.com\/cd\/\",\"name\":\"Not&iacute;cias em Destaque\",\"description\":\"\",\"publisher\":{\"@id\":\"https:\/\/noticiasemdestaque.com\/cd\/#organization\"},\"potentialAction\":[{\"@type\":\"SearchAction\",\"target\":{\"@type\":\"EntryPoint\",\"urlTemplate\":\"https:\/\/noticiasemdestaque.com\/cd\/?s={search_term_string}\"},\"query-input\":{\"@type\":\"PropertyValueSpecification\",\"valueRequired\":true,\"valueName\":\"search_term_string\"}}],\"inLanguage\":\"pt-BR\"},{\"@type\":\"Organization\",\"@id\":\"https:\/\/noticiasemdestaque.com\/cd\/#organization\",\"name\":\"Not\u00edcias em Destaque\",\"url\":\"https:\/\/noticiasemdestaque.com\/cd\/\",\"logo\":{\"@type\":\"ImageObject\",\"inLanguage\":\"pt-BR\",\"@id\":\"https:\/\/noticiasemdestaque.com\/cd\/#\/schema\/logo\/image\/\",\"url\":\"https:\/\/noticiasemdestaque.com\/cd\/wp-content\/uploads\/2022\/05\/imagem-base-noticiasemdestaque.png\",\"contentUrl\":\"https:\/\/noticiasemdestaque.com\/cd\/wp-content\/uploads\/2022\/05\/imagem-base-noticiasemdestaque.png\",\"width\":1200,\"height\":630,\"caption\":\"Not\u00edcias em Destaque\"},\"image\":{\"@id\":\"https:\/\/noticiasemdestaque.com\/cd\/#\/schema\/logo\/image\/\"}},{\"@type\":\"Person\",\"@id\":\"https:\/\/noticiasemdestaque.com\/cd\/#\/schema\/person\/47f7d4f55eec17c6b2ca036c5500f6ce\",\"name\":\"Not\u00edcias em Destaque\",\"url\":\"https:\/\/noticiasemdestaque.com\/cd\/?author=2\"}]}<\/script>\n<!-- \/ Yoast SEO plugin. -->","yoast_head_json":{"title":"Marquinhos Soares participa da pega de boi da Fazenda Cachoeira em Sum\u00e9 - Not&iacute;cias em Destaque","robots":{"index":"index","follow":"follow","max-snippet":"max-snippet:-1","max-image-preview":"max-image-preview:large","max-video-preview":"max-video-preview:-1"},"canonical":"https:\/\/noticiasemdestaque.com\/cd\/?p=59125","og_locale":"pt_BR","og_type":"article","og_title":"Marquinhos Soares participa da pega de boi da Fazenda Cachoeira em Sum\u00e9 - Not&iacute;cias em Destaque","og_description":"No \u00faltimo fim de semana, o pr\u00e9-candidato a vereador Marquinhos Soares (PL), cumpriu uma grande agenda de compromissos a convite de amigos e correligion\u00e1rios na zona rural de Sum\u00e9. Marquinhos, sempre ao lado do prefeito \u00c9den Duarte e dos pr\u00e9-candidatos \u00e0 Prefeitura Juninho e Carlinhos, esteve junto de amigos e familiares na edi\u00e7\u00e3o 2024 da pega de boi da Fazenda Cachoeira, evento organizado por Frutuoso Severo e fam\u00edlia. Durante a visita, Marquinhos Soares tamb\u00e9m teve a oportunidade de ouvir a popula\u00e7\u00e3o sobre uma variedade de temas relacionados ao munic\u00edpio. Em conversa com o nosso portal, Marquinhos parabenizou os organizadores pelo tradicional evento e tamb\u00e9m destacou a alegria de poder est\u00e1 dialogando com a popula\u00e7\u00e3o. Not\u00edcias\u00a0em\u00a0Destaque","og_url":"https:\/\/noticiasemdestaque.com\/cd\/?p=59125","og_site_name":"Not&iacute;cias em Destaque","article_published_time":"2024-07-17T20:35:27+00:00","og_image":[{"width":1600,"height":1066,"url":"https:\/\/noticiasemdestaque.com\/cd\/wp-content\/uploads\/2024\/07\/Imagem-do-WhatsApp-de-2024-07-17-as-16.47.26_33dbc10d.jpg","type":"image\/jpeg"}],"author":"Not\u00edcias em Destaque","twitter_card":"summary_large_image","twitter_misc":{"Escrito por":"Not\u00edcias em Destaque","Est. tempo de leitura":"2 minutos"},"schema":{"@context":"https:\/\/schema.org","@graph":[{"@type":"Article","@id":"https:\/\/noticiasemdestaque.com\/cd\/?p=59125#article","isPartOf":{"@id":"https:\/\/noticiasemdestaque.com\/cd\/?p=59125"},"author":{"name":"Not\u00edcias em Destaque","@id":"https:\/\/noticiasemdestaque.com\/cd\/#\/schema\/person\/47f7d4f55eec17c6b2ca036c5500f6ce"},"headline":"Marquinhos Soares participa da pega de boi da Fazenda Cachoeira em Sum\u00e9","datePublished":"2024-07-17T20:35:27+00:00","mainEntityOfPage":{"@id":"https:\/\/noticiasemdestaque.com\/cd\/?p=59125"},"wordCount":138,"publisher":{"@id":"https:\/\/noticiasemdestaque.com\/cd\/#organization"},"image":{"@id":"https:\/\/noticiasemdestaque.com\/cd\/?p=59125#primaryimage"},"thumbnailUrl":"https:\/\/noticiasemdestaque.com\/cd\/wp-content\/uploads\/2024\/07\/Imagem-do-WhatsApp-de-2024-07-17-as-16.47.26_33dbc10d.jpg","articleSection":["Pol\u00edtica"],"inLanguage":"pt-BR"},{"@type":"WebPage","@id":"https:\/\/noticiasemdestaque.com\/cd\/?p=59125","url":"https:\/\/noticiasemdestaque.com\/cd\/?p=59125","name":"Marquinhos Soares participa da pega de boi da Fazenda Cachoeira em Sum\u00e9 - Not&iacute;cias em Destaque","isPartOf":{"@id":"https:\/\/noticiasemdestaque.com\/cd\/#website"},"primaryImageOfPage":{"@id":"https:\/\/noticiasemdestaque.com\/cd\/?p=59125#primaryimage"},"image":{"@id":"https:\/\/noticiasemdestaque.com\/cd\/?p=59125#primaryimage"},"thumbnailUrl":"https:\/\/noticiasemdestaque.com\/cd\/wp-content\/uploads\/2024\/07\/Imagem-do-WhatsApp-de-2024-07-17-as-16.47.26_33dbc10d.jpg","datePublished":"2024-07-17T20:35:27+00:00","breadcrumb":{"@id":"https:\/\/noticiasemdestaque.com\/cd\/?p=59125#breadcrumb"},"inLanguage":"pt-BR","potentialAction":[{"@type":"ReadAction","target":["https:\/\/noticiasemdestaque.com\/cd\/?p=59125"]}]},{"@type":"ImageObject","inLanguage":"pt-BR","@id":"https:\/\/noticiasemdestaque.com\/cd\/?p=59125#primaryimage","url":"https:\/\/noticiasemdestaque.com\/cd\/wp-content\/uploads\/2024\/07\/Imagem-do-WhatsApp-de-2024-07-17-as-16.47.26_33dbc10d.jpg","contentUrl":"https:\/\/noticiasemdestaque.com\/cd\/wp-content\/uploads\/2024\/07\/Imagem-do-WhatsApp-de-2024-07-17-as-16.47.26_33dbc10d.jpg","width":1600,"height":1066},{"@type":"BreadcrumbList","@id":"https:\/\/noticiasemdestaque.com\/cd\/?p=59125#breadcrumb","itemListElement":[{"@type":"ListItem","position":1,"name":"In\u00edcio","item":"https:\/\/noticiasemdestaque.com\/cd\/"},{"@type":"ListItem","position":2,"name":"Marquinhos Soares participa da pega de boi da Fazenda Cachoeira em Sum\u00e9"}]},{"@type":"WebSite","@id":"https:\/\/noticiasemdestaque.com\/cd\/#website","url":"https:\/\/noticiasemdestaque.com\/cd\/","name":"Not&iacute;cias em Destaque","description":"","publisher":{"@id":"https:\/\/noticiasemdestaque.com\/cd\/#organization"},"potentialAction":[{"@type":"SearchAction","target":{"@type":"EntryPoint","urlTemplate":"https:\/\/noticiasemdestaque.com\/cd\/?s={search_term_string}"},"query-input":{"@type":"PropertyValueSpecification","valueRequired":true,"valueName":"search_term_string"}}],"inLanguage":"pt-BR"},{"@type":"Organization","@id":"https:\/\/noticiasemdestaque.com\/cd\/#organization","name":"Not\u00edcias em Destaque","url":"https:\/\/noticiasemdestaque.com\/cd\/","logo":{"@type":"ImageObject","inLanguage":"pt-BR","@id":"https:\/\/noticiasemdestaque.com\/cd\/#\/schema\/logo\/image\/","url":"https:\/\/noticiasemdestaque.com\/cd\/wp-content\/uploads\/2022\/05\/imagem-base-noticiasemdestaque.png","contentUrl":"https:\/\/noticiasemdestaque.com\/cd\/wp-content\/uploads\/2022\/05\/imagem-base-noticiasemdestaque.png","width":1200,"height":630,"caption":"Not\u00edcias em Destaque"},"image":{"@id":"https:\/\/noticiasemdestaque.com\/cd\/#\/schema\/logo\/image\/"}},{"@type":"Person","@id":"https:\/\/noticiasemdestaque.com\/cd\/#\/schema\/person\/47f7d4f55eec17c6b2ca036c5500f6ce","name":"Not\u00edcias em Destaque","url":"https:\/\/noticiasemdestaque.com\/cd\/?author=2"}]}},"jetpack_featured_media_url":"https:\/\/noticiasemdestaque.com\/cd\/wp-content\/uploads\/2024\/07\/Imagem-do-WhatsApp-de-2024-07-17-as-16.47.26_33dbc10d.jpg","jetpack_sharing_enabled":true,"_links":{"self":[{"href":"https:\/\/noticiasemdestaque.com\/cd\/index.php?rest_route=\/wp\/v2\/posts\/59125","targetHints":{"allow":["GET"]}}],"collection":[{"href":"https:\/\/noticiasemdestaque.com\/cd\/index.php?rest_route=\/wp\/v2\/posts"}],"about":[{"href":"https:\/\/noticiasemdestaque.com\/cd\/index.php?rest_route=\/wp\/v2\/types\/post"}],"author":[{"embeddable":true,"href":"https:\/\/noticiasemdestaque.com\/cd\/index.php?rest_route=\/wp\/v2\/users\/2"}],"replies":[{"embeddable":true,"href":"https:\/\/noticiasemdestaque.com\/cd\/index.php?rest_route=%2Fwp%2Fv2%2Fcomments&post=59125"}],"version-history":[{"count":1,"href":"https:\/\/noticiasemdestaque.com\/cd\/index.php?rest_route=\/wp\/v2\/posts\/59125\/revisions"}],"predecessor-version":[{"id":59129,"href":"https:\/\/noticiasemdestaque.com\/cd\/index.php?rest_route=\/wp\/v2\/posts\/59125\/revisions\/59129"}],"wp:featuredmedia":[{"embeddable":true,"href":"https:\/\/noticiasemdestaque.com\/cd\/index.php?rest_route=\/wp\/v2\/media\/59127"}],"wp:attachment":[{"href":"https:\/\/noticiasemdestaque.com\/cd\/index.php?rest_route=%2Fwp%2Fv2%2Fmedia&parent=59125"}],"wp:term":[{"taxonomy":"category","embeddable":true,"href":"https:\/\/noticiasemdestaque.com\/cd\/index.php?rest_route=%2Fwp%2Fv2%2Fcategories&post=59125"},{"taxonomy":"post_tag","embeddable":true,"href":"https:\/\/noticiasemdestaque.com\/cd\/index.php?rest_route=%2Fwp%2Fv2%2Ftags&post=59125"}],"curies":[{"name":"wp","href":"https:\/\/api.w.org\/{rel}","templated":true}]}}