{"id":59121,"date":"2024-07-17T08:51:42","date_gmt":"2024-07-17T11:51:42","guid":{"rendered":"https:\/\/noticiasemdestaque.com\/cd\/?p=59121"},"modified":"2024-07-17T08:51:42","modified_gmt":"2024-07-17T11:51:42","slug":"quatro-municipios-do-cariri-sao-contemplados-com-selo-social-prefeitura-parceira-das-mulheres-2024","status":"publish","type":"post","link":"https:\/\/noticiasemdestaque.com\/cd\/?p=59121","title":{"rendered":"Quatro munic\u00edpios do Cariri s\u00e3o contemplados com Selo Social \u201cPrefeitura Parceira das Mulheres\u201d 2024"},"content":{"rendered":"<p><a href=\"https:\/\/noticiasemdestaque.com\/cd\/wp-content\/uploads\/2024\/07\/imagem_2024-07-16_163415667.png\"><img fetchpriority=\"high\" decoding=\"async\" class=\"size-medium wp-image-59122 aligncenter\" src=\"https:\/\/noticiasemdestaque.com\/cd\/wp-content\/uploads\/2024\/07\/imagem_2024-07-16_163415667-300x225.png\" alt=\"\" width=\"300\" height=\"225\" srcset=\"https:\/\/noticiasemdestaque.com\/cd\/wp-content\/uploads\/2024\/07\/imagem_2024-07-16_163415667-300x225.png 300w, https:\/\/noticiasemdestaque.com\/cd\/wp-content\/uploads\/2024\/07\/imagem_2024-07-16_163415667-768x576.png 768w, https:\/\/noticiasemdestaque.com\/cd\/wp-content\/uploads\/2024\/07\/imagem_2024-07-16_163415667-16x12.png 16w, https:\/\/noticiasemdestaque.com\/cd\/wp-content\/uploads\/2024\/07\/imagem_2024-07-16_163415667.png 1000w\" sizes=\"(max-width: 300px) 100vw, 300px\" \/><\/a><\/p>\n<p>O Governo da Para\u00edba, por meio da Secretaria da Mulher e da Diversidade Humana e da Secretaria de Articula\u00e7\u00e3o Municipal (Sedam) em parceria com a Federa\u00e7\u00e3o das Associa\u00e7\u00f5es de Munic\u00edpios da Para\u00edba (Famup), divulgou a lista final dos munic\u00edpios contemplados com o Selo Social \u201cPrefeitura Parceira das Mulheres\u201d para 2023\/2024. Ao todo, foram selecionadas 38 prefeituras premiadas.<\/p>\n<p>Da regi\u00e3o do Cariri, apenas os munic\u00edpios de Sum\u00e9, Cabaceiras, Monteiro e S\u00e3o Jo\u00e3o do Tigre foram contemplados.<\/p>\n<p>O selo, que est\u00e1 em sua terceira edi\u00e7\u00e3o com o tema \u201cDiversidade Sexual e de G\u00eanero\u201d, visa estimular pol\u00edticas p\u00fablicas destinadas \u00e0 promo\u00e7\u00e3o da diversidade sexual, dos direitos das mulheres e \u00e0 equidade de g\u00eanero desenvolvidas pelas prefeituras da Para\u00edba. Segundo a secret\u00e1ria da Mulher e da Diversidade Humana, L\u00eddia Moura, as prefeituras contempladas desenvolveram pr\u00e1ticas inovadoras e comprometidas com as mulheres em toda sua diversidade, considerando recortes \u00e9tnico-raciais, idade, orienta\u00e7\u00e3o sexual, identidade de g\u00eanero, entre outras.<\/p>\n<p>As a\u00e7\u00f5es das gest\u00f5es municipais contempladas integram o contexto da universalidade das pol\u00edticas p\u00fablicas, na perspectiva da diversidade sexual e de g\u00eanero para as mulheres, garantidos pelos princ\u00edpios dos direitos humanos. As diretrizes foram: Sa\u00fade integral das Mulheres em seus Direitos Sexuais e Direitos Reprodutivos; Fortalecimento e participa\u00e7\u00e3o das mulheres nos espa\u00e7os de poder e decis\u00e3o; Empreendedorismo, autonomia econ\u00f4mica, desenvolvimento sustent\u00e1vel com igualdade social; Enfrentamento de todas as formas de viol\u00eancia contra as mulheres; e Promo\u00e7\u00e3o e apoio a arte e cultura produzida e desenvolvida pelas mulheres. A premia\u00e7\u00e3o do selo ser\u00e1 entregue no dia 29 de agosto, em Jo\u00e3o Pessoa.<\/p>\n<p><strong>LISTA DOS MUNIC\u00cdPIOS CONTEMPLADOS<\/strong><\/p>\n<p>MUNIC\u00cdPIO \u2013 PONTOS<\/p>\n<p>1\u00ba POMBAL \u2013 14.500<\/p>\n<p>2\u00ba S\u00c3O BENTO \u2013 14.150<\/p>\n<p>3\u00ba ALAGOINHA \u2013 13.200<\/p>\n<p>4\u00ba SERRARIA \u2013 12.500<\/p>\n<p><strong>5\u00ba SUM\u00c9 \u2013 11.750<\/strong><\/p>\n<p>6\u00ba S\u00c3O JOS\u00c9 DO SABUGI \u2013 11.700<\/p>\n<p>7\u00ba JERIC\u00d3 \u2013 11.400<\/p>\n<p>8\u00ba CABEDELO \u2013 10.850<\/p>\n<p>9\u00ba SOSSEGO \u2013 10.500<\/p>\n<p>10\u00ba BOM JESUS \u2013 10.050<\/p>\n<p><strong>11\u00ba CABACEIRAS \u2013 9.300<\/strong><\/p>\n<p>12\u00ba PICU\u00cd \u2013 9.300<\/p>\n<p>13\u00ba ITAPORANGA \u2013 8.800<\/p>\n<p>14\u00ba PEDRA LAVRADA \u2013 8.750<\/p>\n<p>15\u00ba ALHANDRA \u2013 8.650<\/p>\n<p>16\u00ba MAMANGUAPE \u2013 8.650<\/p>\n<p>17\u00ba MATO GROSSO \u2013 8.450<\/p>\n<p>18\u00ba UMBUZEIRO \u2013 8.350<\/p>\n<p>19\u00ba DONA IN\u00caS \u2013 8.300<\/p>\n<p>20\u00ba CRUZ DO ESP\u00cdRITO SANTO \u2013 8.050<\/p>\n<p>21\u00ba DUAS ESTRADAS \u2013 8.020<\/p>\n<p>22\u00ba CUBAT\u00cd \u2013 7.900<\/p>\n<p><strong>23\u00ba MONTEIRO \u2013 7.650<\/strong><\/p>\n<p>24\u00ba TRIUNFO \u2013 7.500<\/p>\n<p>25\u00ba BERNADINO BATISTA \u2013 7.325<\/p>\n<p><strong>26\u00ba S\u00c3O JO\u00c3O DO TIGRE \u2013 7.300<\/strong><\/p>\n<p>27\u00ba BAYEUX \u2013\u00a0 7.1 5 0<\/p>\n<p>28\u00ba CUIT\u00c9 \u2013 6.9 9 5<\/p>\n<p>29\u00ba AROEIRA \u2013 6.6 5 0<\/p>\n<p>30\u00ba BORBOREMA \u2013 6.6 5 0<\/p>\n<p>31\u00ba BARA\u00daNA \u2013 6.2 0 0]<\/p>\n<p>32\u00ba JOCA CLAUDINO \u2013 6.1 0 0<\/p>\n<p>33\u00ba PO\u00c7O DANTAS \u2013 6.0 5 0<\/p>\n<p>34\u00ba CATOL\u00c9 DO ROCHA \u2013\u00a0 6.0 0 0<\/p>\n<p>35\u00ba DAMI\u00c3O \u2013 5.7 0 0<\/p>\n<p>36\u00ba POCINHOS \u2013 5.7 0 0<\/p>\n<p>37\u00ba APARECIDA \u2013 5.0 5 0<\/p>\n<p>38\u00ba FREI MARTINHO \u2013 5.0 2 5<\/p>\n<p>&nbsp;<\/p>\n","protected":false},"excerpt":{"rendered":"<p>O Governo da Para\u00edba, por meio da Secretaria da Mulher e da Diversidade Humana e da Secretaria de Articula\u00e7\u00e3o Municipal (Sedam) em parceria com a Federa\u00e7\u00e3o das Associa\u00e7\u00f5es de Munic\u00edpios da Para\u00edba (Famup), divulgou a lista final dos munic\u00edpios contemplados com o Selo Social \u201cPrefeitura Parceira das Mulheres\u201d para 2023\/2024. Ao todo, foram selecionadas 38 prefeituras premiadas. Da regi\u00e3o do Cariri, apenas os munic\u00edpios de Sum\u00e9, Cabaceiras, Monteiro e S\u00e3o Jo\u00e3o do Tigre foram contemplados. O selo, que est\u00e1 em sua terceira edi\u00e7\u00e3o com o tema \u201cDiversidade Sexual e de G\u00eanero\u201d, visa estimular pol\u00edticas p\u00fablicas destinadas \u00e0 promo\u00e7\u00e3o da diversidade sexual, dos direitos das mulheres e \u00e0 equidade de g\u00eanero desenvolvidas pelas prefeituras da Para\u00edba. Segundo a secret\u00e1ria da Mulher e da Diversidade Humana, L\u00eddia Moura, as prefeituras contempladas desenvolveram pr\u00e1ticas inovadoras e comprometidas com as mulheres em toda sua diversidade, considerando recortes \u00e9tnico-raciais, idade, orienta\u00e7\u00e3o sexual, identidade de g\u00eanero, entre outras. As a\u00e7\u00f5es das gest\u00f5es municipais contempladas integram o contexto da universalidade das pol\u00edticas p\u00fablicas, na perspectiva da diversidade sexual e de g\u00eanero para as mulheres, garantidos pelos princ\u00edpios dos direitos humanos. As diretrizes foram: Sa\u00fade integral das Mulheres em seus Direitos Sexuais e Direitos Reprodutivos; Fortalecimento e participa\u00e7\u00e3o das mulheres nos espa\u00e7os de poder e decis\u00e3o; Empreendedorismo, autonomia econ\u00f4mica, desenvolvimento sustent\u00e1vel com igualdade social; Enfrentamento de todas as formas de viol\u00eancia contra as mulheres; e Promo\u00e7\u00e3o e apoio a arte e cultura produzida e desenvolvida pelas mulheres. A premia\u00e7\u00e3o do selo ser\u00e1 entregue no dia 29 de agosto, em Jo\u00e3o Pessoa. LISTA DOS MUNIC\u00cdPIOS CONTEMPLADOS MUNIC\u00cdPIO \u2013 PONTOS 1\u00ba POMBAL \u2013 14.500 2\u00ba S\u00c3O BENTO \u2013 14.150 3\u00ba ALAGOINHA \u2013 13.200 4\u00ba SERRARIA \u2013 12.500 5\u00ba SUM\u00c9 \u2013 11.750 6\u00ba S\u00c3O JOS\u00c9 DO SABUGI \u2013 11.700 7\u00ba JERIC\u00d3 \u2013 11.400 8\u00ba CABEDELO \u2013 10.850 9\u00ba SOSSEGO \u2013 10.500 10\u00ba BOM JESUS \u2013 10.050 11\u00ba CABACEIRAS \u2013 9.300 12\u00ba PICU\u00cd \u2013 9.300 13\u00ba ITAPORANGA \u2013 8.800 14\u00ba PEDRA LAVRADA \u2013 8.750 15\u00ba ALHANDRA \u2013 8.650 16\u00ba MAMANGUAPE \u2013 8.650 17\u00ba MATO GROSSO \u2013 8.450 18\u00ba UMBUZEIRO \u2013 8.350 19\u00ba DONA IN\u00caS \u2013 8.300 20\u00ba CRUZ DO ESP\u00cdRITO SANTO \u2013 8.050 21\u00ba DUAS ESTRADAS \u2013 8.020 22\u00ba CUBAT\u00cd \u2013 7.900 23\u00ba MONTEIRO \u2013 7.650 24\u00ba TRIUNFO \u2013 7.500 25\u00ba BERNADINO BATISTA \u2013 7.325 26\u00ba S\u00c3O JO\u00c3O DO TIGRE \u2013 7.300 27\u00ba BAYEUX \u2013\u00a0 7.1 5 0 28\u00ba CUIT\u00c9 \u2013 6.9 9 5 29\u00ba AROEIRA \u2013 6.6 5 0 30\u00ba BORBOREMA \u2013 6.6 5 0 31\u00ba BARA\u00daNA \u2013 6.2 0 0] 32\u00ba JOCA CLAUDINO \u2013 6.1 0 0 33\u00ba PO\u00c7O DANTAS \u2013 6.0 5 0 34\u00ba CATOL\u00c9 DO ROCHA \u2013\u00a0 6.0 0 0 35\u00ba DAMI\u00c3O \u2013 5.7 0 0 36\u00ba POCINHOS \u2013 5.7 0 0 37\u00ba APARECIDA \u2013 5.0 5 0 38\u00ba FREI MARTINHO \u2013 5.0 2 5 &nbsp;<\/p>\n","protected":false},"author":2,"featured_media":59122,"comment_status":"closed","ping_status":"open","sticky":false,"template":"","format":"standard","meta":{"_eb_attr":"","_jetpack_memberships_contains_paid_content":false,"footnotes":""},"categories":[4],"tags":[],"class_list":["post-59121","post","type-post","status-publish","format-standard","has-post-thumbnail","hentry","category-politica"],"yoast_head":"<!-- This site is optimized with the Yoast SEO plugin v26.5 - https:\/\/yoast.com\/wordpress\/plugins\/seo\/ -->\n<title>Quatro munic\u00edpios do Cariri s\u00e3o contemplados com Selo Social \u201cPrefeitura Parceira das Mulheres\u201d 2024 - Not&iacute;cias em Destaque<\/title>\n<meta name=\"robots\" content=\"index, follow, max-snippet:-1, max-image-preview:large, max-video-preview:-1\" \/>\n<link rel=\"canonical\" href=\"https:\/\/noticiasemdestaque.com\/cd\/?p=59121\" \/>\n<meta property=\"og:locale\" content=\"pt_BR\" \/>\n<meta property=\"og:type\" content=\"article\" \/>\n<meta property=\"og:title\" content=\"Quatro munic\u00edpios do Cariri s\u00e3o contemplados com Selo Social \u201cPrefeitura Parceira das Mulheres\u201d 2024 - Not&iacute;cias em Destaque\" \/>\n<meta property=\"og:description\" content=\"O Governo da Para\u00edba, por meio da Secretaria da Mulher e da Diversidade Humana e da Secretaria de Articula\u00e7\u00e3o Municipal (Sedam) em parceria com a Federa\u00e7\u00e3o das Associa\u00e7\u00f5es de Munic\u00edpios da Para\u00edba (Famup), divulgou a lista final dos munic\u00edpios contemplados com o Selo Social \u201cPrefeitura Parceira das Mulheres\u201d para 2023\/2024. Ao todo, foram selecionadas 38 prefeituras premiadas. Da regi\u00e3o do Cariri, apenas os munic\u00edpios de Sum\u00e9, Cabaceiras, Monteiro e S\u00e3o Jo\u00e3o do Tigre foram contemplados. O selo, que est\u00e1 em sua terceira edi\u00e7\u00e3o com o tema \u201cDiversidade Sexual e de G\u00eanero\u201d, visa estimular pol\u00edticas p\u00fablicas destinadas \u00e0 promo\u00e7\u00e3o da diversidade sexual, dos direitos das mulheres e \u00e0 equidade de g\u00eanero desenvolvidas pelas prefeituras da Para\u00edba. Segundo a secret\u00e1ria da Mulher e da Diversidade Humana, L\u00eddia Moura, as prefeituras contempladas desenvolveram pr\u00e1ticas inovadoras e comprometidas com as mulheres em toda sua diversidade, considerando recortes \u00e9tnico-raciais, idade, orienta\u00e7\u00e3o sexual, identidade de g\u00eanero, entre outras. As a\u00e7\u00f5es das gest\u00f5es municipais contempladas integram o contexto da universalidade das pol\u00edticas p\u00fablicas, na perspectiva da diversidade sexual e de g\u00eanero para as mulheres, garantidos pelos princ\u00edpios dos direitos humanos. As diretrizes foram: Sa\u00fade integral das Mulheres em seus Direitos Sexuais e Direitos Reprodutivos; Fortalecimento e participa\u00e7\u00e3o das mulheres nos espa\u00e7os de poder e decis\u00e3o; Empreendedorismo, autonomia econ\u00f4mica, desenvolvimento sustent\u00e1vel com igualdade social; Enfrentamento de todas as formas de viol\u00eancia contra as mulheres; e Promo\u00e7\u00e3o e apoio a arte e cultura produzida e desenvolvida pelas mulheres. A premia\u00e7\u00e3o do selo ser\u00e1 entregue no dia 29 de agosto, em Jo\u00e3o Pessoa. LISTA DOS MUNIC\u00cdPIOS CONTEMPLADOS MUNIC\u00cdPIO \u2013 PONTOS 1\u00ba POMBAL \u2013 14.500 2\u00ba S\u00c3O BENTO \u2013 14.150 3\u00ba ALAGOINHA \u2013 13.200 4\u00ba SERRARIA \u2013 12.500 5\u00ba SUM\u00c9 \u2013 11.750 6\u00ba S\u00c3O JOS\u00c9 DO SABUGI \u2013 11.700 7\u00ba JERIC\u00d3 \u2013 11.400 8\u00ba CABEDELO \u2013 10.850 9\u00ba SOSSEGO \u2013 10.500 10\u00ba BOM JESUS \u2013 10.050 11\u00ba CABACEIRAS \u2013 9.300 12\u00ba PICU\u00cd \u2013 9.300 13\u00ba ITAPORANGA \u2013 8.800 14\u00ba PEDRA LAVRADA \u2013 8.750 15\u00ba ALHANDRA \u2013 8.650 16\u00ba MAMANGUAPE \u2013 8.650 17\u00ba MATO GROSSO \u2013 8.450 18\u00ba UMBUZEIRO \u2013 8.350 19\u00ba DONA IN\u00caS \u2013 8.300 20\u00ba CRUZ DO ESP\u00cdRITO SANTO \u2013 8.050 21\u00ba DUAS ESTRADAS \u2013 8.020 22\u00ba CUBAT\u00cd \u2013 7.900 23\u00ba MONTEIRO \u2013 7.650 24\u00ba TRIUNFO \u2013 7.500 25\u00ba BERNADINO BATISTA \u2013 7.325 26\u00ba S\u00c3O JO\u00c3O DO TIGRE \u2013 7.300 27\u00ba BAYEUX \u2013\u00a0 7.1 5 0 28\u00ba CUIT\u00c9 \u2013 6.9 9 5 29\u00ba AROEIRA \u2013 6.6 5 0 30\u00ba BORBOREMA \u2013 6.6 5 0 31\u00ba BARA\u00daNA \u2013 6.2 0 0] 32\u00ba JOCA CLAUDINO \u2013 6.1 0 0 33\u00ba PO\u00c7O DANTAS \u2013 6.0 5 0 34\u00ba CATOL\u00c9 DO ROCHA \u2013\u00a0 6.0 0 0 35\u00ba DAMI\u00c3O \u2013 5.7 0 0 36\u00ba POCINHOS \u2013 5.7 0 0 37\u00ba APARECIDA \u2013 5.0 5 0 38\u00ba FREI MARTINHO \u2013 5.0 2 5 &nbsp;\" \/>\n<meta property=\"og:url\" content=\"https:\/\/noticiasemdestaque.com\/cd\/?p=59121\" \/>\n<meta property=\"og:site_name\" content=\"Not&iacute;cias em Destaque\" \/>\n<meta property=\"article:published_time\" content=\"2024-07-17T11:51:42+00:00\" \/>\n<meta property=\"og:image\" content=\"https:\/\/noticiasemdestaque.com\/cd\/wp-content\/uploads\/2024\/07\/imagem_2024-07-16_163415667.png\" \/>\n\t<meta property=\"og:image:width\" content=\"1000\" \/>\n\t<meta property=\"og:image:height\" content=\"750\" \/>\n\t<meta property=\"og:image:type\" content=\"image\/png\" \/>\n<meta name=\"author\" content=\"Not\u00edcias em Destaque\" \/>\n<meta name=\"twitter:card\" content=\"summary_large_image\" \/>\n<meta name=\"twitter:label1\" content=\"Escrito por\" \/>\n\t<meta name=\"twitter:data1\" content=\"Not\u00edcias em Destaque\" \/>\n\t<meta name=\"twitter:label2\" content=\"Est. tempo de leitura\" \/>\n\t<meta name=\"twitter:data2\" content=\"3 minutos\" \/>\n<script type=\"application\/ld+json\" class=\"yoast-schema-graph\">{\"@context\":\"https:\/\/schema.org\",\"@graph\":[{\"@type\":\"Article\",\"@id\":\"https:\/\/noticiasemdestaque.com\/cd\/?p=59121#article\",\"isPartOf\":{\"@id\":\"https:\/\/noticiasemdestaque.com\/cd\/?p=59121\"},\"author\":{\"name\":\"Not\u00edcias em Destaque\",\"@id\":\"https:\/\/noticiasemdestaque.com\/cd\/#\/schema\/person\/47f7d4f55eec17c6b2ca036c5500f6ce\"},\"headline\":\"Quatro munic\u00edpios do Cariri s\u00e3o contemplados com Selo Social \u201cPrefeitura Parceira das Mulheres\u201d 2024\",\"datePublished\":\"2024-07-17T11:51:42+00:00\",\"mainEntityOfPage\":{\"@id\":\"https:\/\/noticiasemdestaque.com\/cd\/?p=59121\"},\"wordCount\":379,\"publisher\":{\"@id\":\"https:\/\/noticiasemdestaque.com\/cd\/#organization\"},\"image\":{\"@id\":\"https:\/\/noticiasemdestaque.com\/cd\/?p=59121#primaryimage\"},\"thumbnailUrl\":\"https:\/\/noticiasemdestaque.com\/cd\/wp-content\/uploads\/2024\/07\/imagem_2024-07-16_163415667.png\",\"articleSection\":[\"Pol\u00edtica\"],\"inLanguage\":\"pt-BR\"},{\"@type\":\"WebPage\",\"@id\":\"https:\/\/noticiasemdestaque.com\/cd\/?p=59121\",\"url\":\"https:\/\/noticiasemdestaque.com\/cd\/?p=59121\",\"name\":\"Quatro munic\u00edpios do Cariri s\u00e3o contemplados com Selo Social \u201cPrefeitura Parceira das Mulheres\u201d 2024 - Not&iacute;cias em Destaque\",\"isPartOf\":{\"@id\":\"https:\/\/noticiasemdestaque.com\/cd\/#website\"},\"primaryImageOfPage\":{\"@id\":\"https:\/\/noticiasemdestaque.com\/cd\/?p=59121#primaryimage\"},\"image\":{\"@id\":\"https:\/\/noticiasemdestaque.com\/cd\/?p=59121#primaryimage\"},\"thumbnailUrl\":\"https:\/\/noticiasemdestaque.com\/cd\/wp-content\/uploads\/2024\/07\/imagem_2024-07-16_163415667.png\",\"datePublished\":\"2024-07-17T11:51:42+00:00\",\"breadcrumb\":{\"@id\":\"https:\/\/noticiasemdestaque.com\/cd\/?p=59121#breadcrumb\"},\"inLanguage\":\"pt-BR\",\"potentialAction\":[{\"@type\":\"ReadAction\",\"target\":[\"https:\/\/noticiasemdestaque.com\/cd\/?p=59121\"]}]},{\"@type\":\"ImageObject\",\"inLanguage\":\"pt-BR\",\"@id\":\"https:\/\/noticiasemdestaque.com\/cd\/?p=59121#primaryimage\",\"url\":\"https:\/\/noticiasemdestaque.com\/cd\/wp-content\/uploads\/2024\/07\/imagem_2024-07-16_163415667.png\",\"contentUrl\":\"https:\/\/noticiasemdestaque.com\/cd\/wp-content\/uploads\/2024\/07\/imagem_2024-07-16_163415667.png\",\"width\":1000,\"height\":750},{\"@type\":\"BreadcrumbList\",\"@id\":\"https:\/\/noticiasemdestaque.com\/cd\/?p=59121#breadcrumb\",\"itemListElement\":[{\"@type\":\"ListItem\",\"position\":1,\"name\":\"In\u00edcio\",\"item\":\"https:\/\/noticiasemdestaque.com\/cd\/\"},{\"@type\":\"ListItem\",\"position\":2,\"name\":\"Quatro munic\u00edpios do Cariri s\u00e3o contemplados com Selo Social \u201cPrefeitura Parceira das Mulheres\u201d 2024\"}]},{\"@type\":\"WebSite\",\"@id\":\"https:\/\/noticiasemdestaque.com\/cd\/#website\",\"url\":\"https:\/\/noticiasemdestaque.com\/cd\/\",\"name\":\"Not&iacute;cias em Destaque\",\"description\":\"\",\"publisher\":{\"@id\":\"https:\/\/noticiasemdestaque.com\/cd\/#organization\"},\"potentialAction\":[{\"@type\":\"SearchAction\",\"target\":{\"@type\":\"EntryPoint\",\"urlTemplate\":\"https:\/\/noticiasemdestaque.com\/cd\/?s={search_term_string}\"},\"query-input\":{\"@type\":\"PropertyValueSpecification\",\"valueRequired\":true,\"valueName\":\"search_term_string\"}}],\"inLanguage\":\"pt-BR\"},{\"@type\":\"Organization\",\"@id\":\"https:\/\/noticiasemdestaque.com\/cd\/#organization\",\"name\":\"Not\u00edcias em Destaque\",\"url\":\"https:\/\/noticiasemdestaque.com\/cd\/\",\"logo\":{\"@type\":\"ImageObject\",\"inLanguage\":\"pt-BR\",\"@id\":\"https:\/\/noticiasemdestaque.com\/cd\/#\/schema\/logo\/image\/\",\"url\":\"https:\/\/noticiasemdestaque.com\/cd\/wp-content\/uploads\/2022\/05\/imagem-base-noticiasemdestaque.png\",\"contentUrl\":\"https:\/\/noticiasemdestaque.com\/cd\/wp-content\/uploads\/2022\/05\/imagem-base-noticiasemdestaque.png\",\"width\":1200,\"height\":630,\"caption\":\"Not\u00edcias em Destaque\"},\"image\":{\"@id\":\"https:\/\/noticiasemdestaque.com\/cd\/#\/schema\/logo\/image\/\"}},{\"@type\":\"Person\",\"@id\":\"https:\/\/noticiasemdestaque.com\/cd\/#\/schema\/person\/47f7d4f55eec17c6b2ca036c5500f6ce\",\"name\":\"Not\u00edcias em Destaque\",\"url\":\"https:\/\/noticiasemdestaque.com\/cd\/?author=2\"}]}<\/script>\n<!-- \/ Yoast SEO plugin. -->","yoast_head_json":{"title":"Quatro munic\u00edpios do Cariri s\u00e3o contemplados com Selo Social \u201cPrefeitura Parceira das Mulheres\u201d 2024 - Not&iacute;cias em Destaque","robots":{"index":"index","follow":"follow","max-snippet":"max-snippet:-1","max-image-preview":"max-image-preview:large","max-video-preview":"max-video-preview:-1"},"canonical":"https:\/\/noticiasemdestaque.com\/cd\/?p=59121","og_locale":"pt_BR","og_type":"article","og_title":"Quatro munic\u00edpios do Cariri s\u00e3o contemplados com Selo Social \u201cPrefeitura Parceira das Mulheres\u201d 2024 - Not&iacute;cias em Destaque","og_description":"O Governo da Para\u00edba, por meio da Secretaria da Mulher e da Diversidade Humana e da Secretaria de Articula\u00e7\u00e3o Municipal (Sedam) em parceria com a Federa\u00e7\u00e3o das Associa\u00e7\u00f5es de Munic\u00edpios da Para\u00edba (Famup), divulgou a lista final dos munic\u00edpios contemplados com o Selo Social \u201cPrefeitura Parceira das Mulheres\u201d para 2023\/2024. Ao todo, foram selecionadas 38 prefeituras premiadas. Da regi\u00e3o do Cariri, apenas os munic\u00edpios de Sum\u00e9, Cabaceiras, Monteiro e S\u00e3o Jo\u00e3o do Tigre foram contemplados. O selo, que est\u00e1 em sua terceira edi\u00e7\u00e3o com o tema \u201cDiversidade Sexual e de G\u00eanero\u201d, visa estimular pol\u00edticas p\u00fablicas destinadas \u00e0 promo\u00e7\u00e3o da diversidade sexual, dos direitos das mulheres e \u00e0 equidade de g\u00eanero desenvolvidas pelas prefeituras da Para\u00edba. Segundo a secret\u00e1ria da Mulher e da Diversidade Humana, L\u00eddia Moura, as prefeituras contempladas desenvolveram pr\u00e1ticas inovadoras e comprometidas com as mulheres em toda sua diversidade, considerando recortes \u00e9tnico-raciais, idade, orienta\u00e7\u00e3o sexual, identidade de g\u00eanero, entre outras. As a\u00e7\u00f5es das gest\u00f5es municipais contempladas integram o contexto da universalidade das pol\u00edticas p\u00fablicas, na perspectiva da diversidade sexual e de g\u00eanero para as mulheres, garantidos pelos princ\u00edpios dos direitos humanos. As diretrizes foram: Sa\u00fade integral das Mulheres em seus Direitos Sexuais e Direitos Reprodutivos; Fortalecimento e participa\u00e7\u00e3o das mulheres nos espa\u00e7os de poder e decis\u00e3o; Empreendedorismo, autonomia econ\u00f4mica, desenvolvimento sustent\u00e1vel com igualdade social; Enfrentamento de todas as formas de viol\u00eancia contra as mulheres; e Promo\u00e7\u00e3o e apoio a arte e cultura produzida e desenvolvida pelas mulheres. A premia\u00e7\u00e3o do selo ser\u00e1 entregue no dia 29 de agosto, em Jo\u00e3o Pessoa. LISTA DOS MUNIC\u00cdPIOS CONTEMPLADOS MUNIC\u00cdPIO \u2013 PONTOS 1\u00ba POMBAL \u2013 14.500 2\u00ba S\u00c3O BENTO \u2013 14.150 3\u00ba ALAGOINHA \u2013 13.200 4\u00ba SERRARIA \u2013 12.500 5\u00ba SUM\u00c9 \u2013 11.750 6\u00ba S\u00c3O JOS\u00c9 DO SABUGI \u2013 11.700 7\u00ba JERIC\u00d3 \u2013 11.400 8\u00ba CABEDELO \u2013 10.850 9\u00ba SOSSEGO \u2013 10.500 10\u00ba BOM JESUS \u2013 10.050 11\u00ba CABACEIRAS \u2013 9.300 12\u00ba PICU\u00cd \u2013 9.300 13\u00ba ITAPORANGA \u2013 8.800 14\u00ba PEDRA LAVRADA \u2013 8.750 15\u00ba ALHANDRA \u2013 8.650 16\u00ba MAMANGUAPE \u2013 8.650 17\u00ba MATO GROSSO \u2013 8.450 18\u00ba UMBUZEIRO \u2013 8.350 19\u00ba DONA IN\u00caS \u2013 8.300 20\u00ba CRUZ DO ESP\u00cdRITO SANTO \u2013 8.050 21\u00ba DUAS ESTRADAS \u2013 8.020 22\u00ba CUBAT\u00cd \u2013 7.900 23\u00ba MONTEIRO \u2013 7.650 24\u00ba TRIUNFO \u2013 7.500 25\u00ba BERNADINO BATISTA \u2013 7.325 26\u00ba S\u00c3O JO\u00c3O DO TIGRE \u2013 7.300 27\u00ba BAYEUX \u2013\u00a0 7.1 5 0 28\u00ba CUIT\u00c9 \u2013 6.9 9 5 29\u00ba AROEIRA \u2013 6.6 5 0 30\u00ba BORBOREMA \u2013 6.6 5 0 31\u00ba BARA\u00daNA \u2013 6.2 0 0] 32\u00ba JOCA CLAUDINO \u2013 6.1 0 0 33\u00ba PO\u00c7O DANTAS \u2013 6.0 5 0 34\u00ba CATOL\u00c9 DO ROCHA \u2013\u00a0 6.0 0 0 35\u00ba DAMI\u00c3O \u2013 5.7 0 0 36\u00ba POCINHOS \u2013 5.7 0 0 37\u00ba APARECIDA \u2013 5.0 5 0 38\u00ba FREI MARTINHO \u2013 5.0 2 5 &nbsp;","og_url":"https:\/\/noticiasemdestaque.com\/cd\/?p=59121","og_site_name":"Not&iacute;cias em Destaque","article_published_time":"2024-07-17T11:51:42+00:00","og_image":[{"width":1000,"height":750,"url":"https:\/\/noticiasemdestaque.com\/cd\/wp-content\/uploads\/2024\/07\/imagem_2024-07-16_163415667.png","type":"image\/png"}],"author":"Not\u00edcias em Destaque","twitter_card":"summary_large_image","twitter_misc":{"Escrito por":"Not\u00edcias em Destaque","Est. tempo de leitura":"3 minutos"},"schema":{"@context":"https:\/\/schema.org","@graph":[{"@type":"Article","@id":"https:\/\/noticiasemdestaque.com\/cd\/?p=59121#article","isPartOf":{"@id":"https:\/\/noticiasemdestaque.com\/cd\/?p=59121"},"author":{"name":"Not\u00edcias em Destaque","@id":"https:\/\/noticiasemdestaque.com\/cd\/#\/schema\/person\/47f7d4f55eec17c6b2ca036c5500f6ce"},"headline":"Quatro munic\u00edpios do Cariri s\u00e3o contemplados com Selo Social \u201cPrefeitura Parceira das Mulheres\u201d 2024","datePublished":"2024-07-17T11:51:42+00:00","mainEntityOfPage":{"@id":"https:\/\/noticiasemdestaque.com\/cd\/?p=59121"},"wordCount":379,"publisher":{"@id":"https:\/\/noticiasemdestaque.com\/cd\/#organization"},"image":{"@id":"https:\/\/noticiasemdestaque.com\/cd\/?p=59121#primaryimage"},"thumbnailUrl":"https:\/\/noticiasemdestaque.com\/cd\/wp-content\/uploads\/2024\/07\/imagem_2024-07-16_163415667.png","articleSection":["Pol\u00edtica"],"inLanguage":"pt-BR"},{"@type":"WebPage","@id":"https:\/\/noticiasemdestaque.com\/cd\/?p=59121","url":"https:\/\/noticiasemdestaque.com\/cd\/?p=59121","name":"Quatro munic\u00edpios do Cariri s\u00e3o contemplados com Selo Social \u201cPrefeitura Parceira das Mulheres\u201d 2024 - Not&iacute;cias em Destaque","isPartOf":{"@id":"https:\/\/noticiasemdestaque.com\/cd\/#website"},"primaryImageOfPage":{"@id":"https:\/\/noticiasemdestaque.com\/cd\/?p=59121#primaryimage"},"image":{"@id":"https:\/\/noticiasemdestaque.com\/cd\/?p=59121#primaryimage"},"thumbnailUrl":"https:\/\/noticiasemdestaque.com\/cd\/wp-content\/uploads\/2024\/07\/imagem_2024-07-16_163415667.png","datePublished":"2024-07-17T11:51:42+00:00","breadcrumb":{"@id":"https:\/\/noticiasemdestaque.com\/cd\/?p=59121#breadcrumb"},"inLanguage":"pt-BR","potentialAction":[{"@type":"ReadAction","target":["https:\/\/noticiasemdestaque.com\/cd\/?p=59121"]}]},{"@type":"ImageObject","inLanguage":"pt-BR","@id":"https:\/\/noticiasemdestaque.com\/cd\/?p=59121#primaryimage","url":"https:\/\/noticiasemdestaque.com\/cd\/wp-content\/uploads\/2024\/07\/imagem_2024-07-16_163415667.png","contentUrl":"https:\/\/noticiasemdestaque.com\/cd\/wp-content\/uploads\/2024\/07\/imagem_2024-07-16_163415667.png","width":1000,"height":750},{"@type":"BreadcrumbList","@id":"https:\/\/noticiasemdestaque.com\/cd\/?p=59121#breadcrumb","itemListElement":[{"@type":"ListItem","position":1,"name":"In\u00edcio","item":"https:\/\/noticiasemdestaque.com\/cd\/"},{"@type":"ListItem","position":2,"name":"Quatro munic\u00edpios do Cariri s\u00e3o contemplados com Selo Social \u201cPrefeitura Parceira das Mulheres\u201d 2024"}]},{"@type":"WebSite","@id":"https:\/\/noticiasemdestaque.com\/cd\/#website","url":"https:\/\/noticiasemdestaque.com\/cd\/","name":"Not&iacute;cias em Destaque","description":"","publisher":{"@id":"https:\/\/noticiasemdestaque.com\/cd\/#organization"},"potentialAction":[{"@type":"SearchAction","target":{"@type":"EntryPoint","urlTemplate":"https:\/\/noticiasemdestaque.com\/cd\/?s={search_term_string}"},"query-input":{"@type":"PropertyValueSpecification","valueRequired":true,"valueName":"search_term_string"}}],"inLanguage":"pt-BR"},{"@type":"Organization","@id":"https:\/\/noticiasemdestaque.com\/cd\/#organization","name":"Not\u00edcias em Destaque","url":"https:\/\/noticiasemdestaque.com\/cd\/","logo":{"@type":"ImageObject","inLanguage":"pt-BR","@id":"https:\/\/noticiasemdestaque.com\/cd\/#\/schema\/logo\/image\/","url":"https:\/\/noticiasemdestaque.com\/cd\/wp-content\/uploads\/2022\/05\/imagem-base-noticiasemdestaque.png","contentUrl":"https:\/\/noticiasemdestaque.com\/cd\/wp-content\/uploads\/2022\/05\/imagem-base-noticiasemdestaque.png","width":1200,"height":630,"caption":"Not\u00edcias em Destaque"},"image":{"@id":"https:\/\/noticiasemdestaque.com\/cd\/#\/schema\/logo\/image\/"}},{"@type":"Person","@id":"https:\/\/noticiasemdestaque.com\/cd\/#\/schema\/person\/47f7d4f55eec17c6b2ca036c5500f6ce","name":"Not\u00edcias em Destaque","url":"https:\/\/noticiasemdestaque.com\/cd\/?author=2"}]}},"jetpack_featured_media_url":"https:\/\/noticiasemdestaque.com\/cd\/wp-content\/uploads\/2024\/07\/imagem_2024-07-16_163415667.png","jetpack_sharing_enabled":true,"_links":{"self":[{"href":"https:\/\/noticiasemdestaque.com\/cd\/index.php?rest_route=\/wp\/v2\/posts\/59121","targetHints":{"allow":["GET"]}}],"collection":[{"href":"https:\/\/noticiasemdestaque.com\/cd\/index.php?rest_route=\/wp\/v2\/posts"}],"about":[{"href":"https:\/\/noticiasemdestaque.com\/cd\/index.php?rest_route=\/wp\/v2\/types\/post"}],"author":[{"embeddable":true,"href":"https:\/\/noticiasemdestaque.com\/cd\/index.php?rest_route=\/wp\/v2\/users\/2"}],"replies":[{"embeddable":true,"href":"https:\/\/noticiasemdestaque.com\/cd\/index.php?rest_route=%2Fwp%2Fv2%2Fcomments&post=59121"}],"version-history":[{"count":2,"href":"https:\/\/noticiasemdestaque.com\/cd\/index.php?rest_route=\/wp\/v2\/posts\/59121\/revisions"}],"predecessor-version":[{"id":59124,"href":"https:\/\/noticiasemdestaque.com\/cd\/index.php?rest_route=\/wp\/v2\/posts\/59121\/revisions\/59124"}],"wp:featuredmedia":[{"embeddable":true,"href":"https:\/\/noticiasemdestaque.com\/cd\/index.php?rest_route=\/wp\/v2\/media\/59122"}],"wp:attachment":[{"href":"https:\/\/noticiasemdestaque.com\/cd\/index.php?rest_route=%2Fwp%2Fv2%2Fmedia&parent=59121"}],"wp:term":[{"taxonomy":"category","embeddable":true,"href":"https:\/\/noticiasemdestaque.com\/cd\/index.php?rest_route=%2Fwp%2Fv2%2Fcategories&post=59121"},{"taxonomy":"post_tag","embeddable":true,"href":"https:\/\/noticiasemdestaque.com\/cd\/index.php?rest_route=%2Fwp%2Fv2%2Ftags&post=59121"}],"curies":[{"name":"wp","href":"https:\/\/api.w.org\/{rel}","templated":true}]}}