{"id":58886,"date":"2024-07-06T21:22:55","date_gmt":"2024-07-07T00:22:55","guid":{"rendered":"https:\/\/noticiasemdestaque.com\/cd\/?p=58886"},"modified":"2024-07-06T21:22:55","modified_gmt":"2024-07-07T00:22:55","slug":"daniel-lela-lanca-pre-candidatura-a-vereador-e-comemora-chapa-majoritaria-do-pl","status":"publish","type":"post","link":"https:\/\/noticiasemdestaque.com\/cd\/?p=58886","title":{"rendered":"Daniel L\u00eala lan\u00e7a pr\u00e9-candidatura a vereador e comemora chapa majorit\u00e1ria do PL"},"content":{"rendered":"<p><a href=\"https:\/\/noticiasemdestaque.com\/cd\/wp-content\/uploads\/2024\/07\/DSC_0332-scaled-1.webp\"><img fetchpriority=\"high\" decoding=\"async\" class=\" wp-image-58887 aligncenter\" src=\"https:\/\/noticiasemdestaque.com\/cd\/wp-content\/uploads\/2024\/07\/DSC_0332-scaled-1-300x167.webp\" alt=\"\" width=\"1038\" height=\"578\" srcset=\"https:\/\/noticiasemdestaque.com\/cd\/wp-content\/uploads\/2024\/07\/DSC_0332-scaled-1-300x167.webp 300w, https:\/\/noticiasemdestaque.com\/cd\/wp-content\/uploads\/2024\/07\/DSC_0332-scaled-1-1024x569.webp 1024w, https:\/\/noticiasemdestaque.com\/cd\/wp-content\/uploads\/2024\/07\/DSC_0332-scaled-1-768x427.webp 768w, https:\/\/noticiasemdestaque.com\/cd\/wp-content\/uploads\/2024\/07\/DSC_0332-scaled-1-18x10.webp 18w, https:\/\/noticiasemdestaque.com\/cd\/wp-content\/uploads\/2024\/07\/DSC_0332-scaled-1.webp 1170w\" sizes=\"(max-width: 1038px) 100vw, 1038px\" \/><\/a><\/p>\n<p>Daniel L\u00eala anunciou oficialmente a sua pr\u00e9-candidatura a vereador de Sum\u00e9, durante evento que aconteceu na noite de quinta-feira (04\/07).<\/p>\n<p>Com a presen\u00e7a de lideran\u00e7as pol\u00edticas como o prefeito \u00c9den Duarte e dos pr\u00e9-candidatos a prefeito e vice, respectivamente, Juninho e Carlinhos, al\u00e9m de amigos, familiares e apoiadores.<\/p>\n<p>O lan\u00e7amento da pr\u00e9-candidatura de Daniel L\u00eala representa um marco importante na sua trajet\u00f3ria pol\u00edtica, e refor\u00e7a seu compromisso em busca de melhorias para os sumeenses.<\/p>\n<p>Em conversa com a reportagem, Daniel enfatizou \u201cEsse momento \u00e9 de alegria em dobro, pois, continuarei realizando um trabalho pautado em ouvir as demandas das fam\u00edlias, apresentando projetos que ir\u00e3o impactar de forma positiva a vida da nossa popula\u00e7\u00e3o\u201d.<\/p>\n<p>Daniel tamb\u00e9m comemorou apresenta\u00e7\u00e3o dos nomes de Juninho e Carlinhos na chapa de pr\u00e9-candidatos a prefeito e vice, proposta por \u00c9den Duarte, pelo PL. \u201cDois bons nomes foram colocados para concorrer \u00e0s elei\u00e7\u00f5es municipais desse ano. Juninho e Carlinhos tem carisma, simpatia e representam a continuidade do trabalho, compromisso e desenvolvimento em nosso munic\u00edpio. Fiquei muito feliz com pr\u00e9-candidatos, apenas do PL e que contam com o apoio muito forte do deputado federal Wellington Roberto\u201d.<\/p>\n<p>Durante sua fala, Daniel L\u00eala fez um discurso firme e emocionante, que contagiou seus simpatizantes.<\/p>\n<p><strong>Noticias em Destaque<\/strong><\/p>\n<p style=\"text-align: right;\"><em>Fonte: Focando Para\u00edba<\/em><\/p>\n","protected":false},"excerpt":{"rendered":"<p>Daniel L\u00eala anunciou oficialmente a sua pr\u00e9-candidatura a vereador de Sum\u00e9, durante evento que aconteceu na noite de quinta-feira (04\/07). Com a presen\u00e7a de lideran\u00e7as pol\u00edticas como o prefeito \u00c9den Duarte e dos pr\u00e9-candidatos a prefeito e vice, respectivamente, Juninho e Carlinhos, al\u00e9m de amigos, familiares e apoiadores. O lan\u00e7amento da pr\u00e9-candidatura de Daniel L\u00eala representa um marco importante na sua trajet\u00f3ria pol\u00edtica, e refor\u00e7a seu compromisso em busca de melhorias para os sumeenses. Em conversa com a reportagem, Daniel enfatizou \u201cEsse momento \u00e9 de alegria em dobro, pois, continuarei realizando um trabalho pautado em ouvir as demandas das fam\u00edlias, apresentando projetos que ir\u00e3o impactar de forma positiva a vida da nossa popula\u00e7\u00e3o\u201d. Daniel tamb\u00e9m comemorou apresenta\u00e7\u00e3o dos nomes de Juninho e Carlinhos na chapa de pr\u00e9-candidatos a prefeito e vice, proposta por \u00c9den Duarte, pelo PL. \u201cDois bons nomes foram colocados para concorrer \u00e0s elei\u00e7\u00f5es municipais desse ano. Juninho e Carlinhos tem carisma, simpatia e representam a continuidade do trabalho, compromisso e desenvolvimento em nosso munic\u00edpio. Fiquei muito feliz com pr\u00e9-candidatos, apenas do PL e que contam com o apoio muito forte do deputado federal Wellington Roberto\u201d. Durante sua fala, Daniel L\u00eala fez um discurso firme e emocionante, que contagiou seus simpatizantes. Noticias em Destaque Fonte: Focando Para\u00edba<\/p>\n","protected":false},"author":2,"featured_media":58887,"comment_status":"closed","ping_status":"open","sticky":false,"template":"","format":"standard","meta":{"_eb_attr":"","_jetpack_memberships_contains_paid_content":false,"footnotes":""},"categories":[4],"tags":[],"class_list":["post-58886","post","type-post","status-publish","format-standard","has-post-thumbnail","hentry","category-politica"],"yoast_head":"<!-- This site is optimized with the Yoast SEO plugin v26.5 - https:\/\/yoast.com\/wordpress\/plugins\/seo\/ -->\n<title>Daniel L\u00eala lan\u00e7a pr\u00e9-candidatura a vereador e comemora chapa majorit\u00e1ria do PL - Not&iacute;cias em Destaque<\/title>\n<meta name=\"robots\" content=\"index, follow, max-snippet:-1, max-image-preview:large, max-video-preview:-1\" \/>\n<link rel=\"canonical\" href=\"https:\/\/noticiasemdestaque.com\/cd\/?p=58886\" \/>\n<meta property=\"og:locale\" content=\"pt_BR\" \/>\n<meta property=\"og:type\" content=\"article\" \/>\n<meta property=\"og:title\" content=\"Daniel L\u00eala lan\u00e7a pr\u00e9-candidatura a vereador e comemora chapa majorit\u00e1ria do PL - Not&iacute;cias em Destaque\" \/>\n<meta property=\"og:description\" content=\"Daniel L\u00eala anunciou oficialmente a sua pr\u00e9-candidatura a vereador de Sum\u00e9, durante evento que aconteceu na noite de quinta-feira (04\/07). Com a presen\u00e7a de lideran\u00e7as pol\u00edticas como o prefeito \u00c9den Duarte e dos pr\u00e9-candidatos a prefeito e vice, respectivamente, Juninho e Carlinhos, al\u00e9m de amigos, familiares e apoiadores. O lan\u00e7amento da pr\u00e9-candidatura de Daniel L\u00eala representa um marco importante na sua trajet\u00f3ria pol\u00edtica, e refor\u00e7a seu compromisso em busca de melhorias para os sumeenses. Em conversa com a reportagem, Daniel enfatizou \u201cEsse momento \u00e9 de alegria em dobro, pois, continuarei realizando um trabalho pautado em ouvir as demandas das fam\u00edlias, apresentando projetos que ir\u00e3o impactar de forma positiva a vida da nossa popula\u00e7\u00e3o\u201d. Daniel tamb\u00e9m comemorou apresenta\u00e7\u00e3o dos nomes de Juninho e Carlinhos na chapa de pr\u00e9-candidatos a prefeito e vice, proposta por \u00c9den Duarte, pelo PL. \u201cDois bons nomes foram colocados para concorrer \u00e0s elei\u00e7\u00f5es municipais desse ano. Juninho e Carlinhos tem carisma, simpatia e representam a continuidade do trabalho, compromisso e desenvolvimento em nosso munic\u00edpio. Fiquei muito feliz com pr\u00e9-candidatos, apenas do PL e que contam com o apoio muito forte do deputado federal Wellington Roberto\u201d. Durante sua fala, Daniel L\u00eala fez um discurso firme e emocionante, que contagiou seus simpatizantes. Noticias em Destaque Fonte: Focando Para\u00edba\" \/>\n<meta property=\"og:url\" content=\"https:\/\/noticiasemdestaque.com\/cd\/?p=58886\" \/>\n<meta property=\"og:site_name\" content=\"Not&iacute;cias em Destaque\" \/>\n<meta property=\"article:published_time\" content=\"2024-07-07T00:22:55+00:00\" \/>\n<meta property=\"og:image\" content=\"https:\/\/noticiasemdestaque.com\/cd\/wp-content\/uploads\/2024\/07\/DSC_0332-scaled-1.webp\" \/>\n\t<meta property=\"og:image:width\" content=\"1170\" \/>\n\t<meta property=\"og:image:height\" content=\"650\" \/>\n\t<meta property=\"og:image:type\" content=\"image\/webp\" \/>\n<meta name=\"author\" content=\"Not\u00edcias em Destaque\" \/>\n<meta name=\"twitter:card\" content=\"summary_large_image\" \/>\n<meta name=\"twitter:label1\" content=\"Escrito por\" \/>\n\t<meta name=\"twitter:data1\" content=\"Not\u00edcias em Destaque\" \/>\n\t<meta name=\"twitter:label2\" content=\"Est. tempo de leitura\" \/>\n\t<meta name=\"twitter:data2\" content=\"2 minutos\" \/>\n<script type=\"application\/ld+json\" class=\"yoast-schema-graph\">{\"@context\":\"https:\/\/schema.org\",\"@graph\":[{\"@type\":\"Article\",\"@id\":\"https:\/\/noticiasemdestaque.com\/cd\/?p=58886#article\",\"isPartOf\":{\"@id\":\"https:\/\/noticiasemdestaque.com\/cd\/?p=58886\"},\"author\":{\"name\":\"Not\u00edcias em Destaque\",\"@id\":\"https:\/\/noticiasemdestaque.com\/cd\/#\/schema\/person\/21320b03a7e8bb90128938dafc9b908a\"},\"headline\":\"Daniel L\u00eala lan\u00e7a pr\u00e9-candidatura a vereador e comemora chapa majorit\u00e1ria do PL\",\"datePublished\":\"2024-07-07T00:22:55+00:00\",\"mainEntityOfPage\":{\"@id\":\"https:\/\/noticiasemdestaque.com\/cd\/?p=58886\"},\"wordCount\":247,\"publisher\":{\"@id\":\"https:\/\/noticiasemdestaque.com\/cd\/#organization\"},\"image\":{\"@id\":\"https:\/\/noticiasemdestaque.com\/cd\/?p=58886#primaryimage\"},\"thumbnailUrl\":\"https:\/\/noticiasemdestaque.com\/cd\/wp-content\/uploads\/2024\/07\/DSC_0332-scaled-1.webp\",\"articleSection\":[\"Pol\u00edtica\"],\"inLanguage\":\"pt-BR\"},{\"@type\":\"WebPage\",\"@id\":\"https:\/\/noticiasemdestaque.com\/cd\/?p=58886\",\"url\":\"https:\/\/noticiasemdestaque.com\/cd\/?p=58886\",\"name\":\"Daniel L\u00eala lan\u00e7a pr\u00e9-candidatura a vereador e comemora chapa majorit\u00e1ria do PL - Not&iacute;cias em Destaque\",\"isPartOf\":{\"@id\":\"https:\/\/noticiasemdestaque.com\/cd\/#website\"},\"primaryImageOfPage\":{\"@id\":\"https:\/\/noticiasemdestaque.com\/cd\/?p=58886#primaryimage\"},\"image\":{\"@id\":\"https:\/\/noticiasemdestaque.com\/cd\/?p=58886#primaryimage\"},\"thumbnailUrl\":\"https:\/\/noticiasemdestaque.com\/cd\/wp-content\/uploads\/2024\/07\/DSC_0332-scaled-1.webp\",\"datePublished\":\"2024-07-07T00:22:55+00:00\",\"breadcrumb\":{\"@id\":\"https:\/\/noticiasemdestaque.com\/cd\/?p=58886#breadcrumb\"},\"inLanguage\":\"pt-BR\",\"potentialAction\":[{\"@type\":\"ReadAction\",\"target\":[\"https:\/\/noticiasemdestaque.com\/cd\/?p=58886\"]}]},{\"@type\":\"ImageObject\",\"inLanguage\":\"pt-BR\",\"@id\":\"https:\/\/noticiasemdestaque.com\/cd\/?p=58886#primaryimage\",\"url\":\"https:\/\/noticiasemdestaque.com\/cd\/wp-content\/uploads\/2024\/07\/DSC_0332-scaled-1.webp\",\"contentUrl\":\"https:\/\/noticiasemdestaque.com\/cd\/wp-content\/uploads\/2024\/07\/DSC_0332-scaled-1.webp\",\"width\":1170,\"height\":650},{\"@type\":\"BreadcrumbList\",\"@id\":\"https:\/\/noticiasemdestaque.com\/cd\/?p=58886#breadcrumb\",\"itemListElement\":[{\"@type\":\"ListItem\",\"position\":1,\"name\":\"In\u00edcio\",\"item\":\"https:\/\/noticiasemdestaque.com\/cd\/\"},{\"@type\":\"ListItem\",\"position\":2,\"name\":\"Daniel L\u00eala lan\u00e7a pr\u00e9-candidatura a vereador e comemora chapa majorit\u00e1ria do PL\"}]},{\"@type\":\"WebSite\",\"@id\":\"https:\/\/noticiasemdestaque.com\/cd\/#website\",\"url\":\"https:\/\/noticiasemdestaque.com\/cd\/\",\"name\":\"Not&iacute;cias em Destaque\",\"description\":\"\",\"publisher\":{\"@id\":\"https:\/\/noticiasemdestaque.com\/cd\/#organization\"},\"potentialAction\":[{\"@type\":\"SearchAction\",\"target\":{\"@type\":\"EntryPoint\",\"urlTemplate\":\"https:\/\/noticiasemdestaque.com\/cd\/?s={search_term_string}\"},\"query-input\":{\"@type\":\"PropertyValueSpecification\",\"valueRequired\":true,\"valueName\":\"search_term_string\"}}],\"inLanguage\":\"pt-BR\"},{\"@type\":\"Organization\",\"@id\":\"https:\/\/noticiasemdestaque.com\/cd\/#organization\",\"name\":\"Not\u00edcias em Destaque\",\"url\":\"https:\/\/noticiasemdestaque.com\/cd\/\",\"logo\":{\"@type\":\"ImageObject\",\"inLanguage\":\"pt-BR\",\"@id\":\"https:\/\/noticiasemdestaque.com\/cd\/#\/schema\/logo\/image\/\",\"url\":\"https:\/\/noticiasemdestaque.com\/cd\/wp-content\/uploads\/2022\/05\/imagem-base-noticiasemdestaque.png\",\"contentUrl\":\"https:\/\/noticiasemdestaque.com\/cd\/wp-content\/uploads\/2022\/05\/imagem-base-noticiasemdestaque.png\",\"width\":1200,\"height\":630,\"caption\":\"Not\u00edcias em Destaque\"},\"image\":{\"@id\":\"https:\/\/noticiasemdestaque.com\/cd\/#\/schema\/logo\/image\/\"}},{\"@type\":\"Person\",\"@id\":\"https:\/\/noticiasemdestaque.com\/cd\/#\/schema\/person\/21320b03a7e8bb90128938dafc9b908a\",\"name\":\"Not\u00edcias em Destaque\",\"url\":\"https:\/\/noticiasemdestaque.com\/cd\/?author=2\"}]}<\/script>\n<!-- \/ Yoast SEO plugin. -->","yoast_head_json":{"title":"Daniel L\u00eala lan\u00e7a pr\u00e9-candidatura a vereador e comemora chapa majorit\u00e1ria do PL - Not&iacute;cias em Destaque","robots":{"index":"index","follow":"follow","max-snippet":"max-snippet:-1","max-image-preview":"max-image-preview:large","max-video-preview":"max-video-preview:-1"},"canonical":"https:\/\/noticiasemdestaque.com\/cd\/?p=58886","og_locale":"pt_BR","og_type":"article","og_title":"Daniel L\u00eala lan\u00e7a pr\u00e9-candidatura a vereador e comemora chapa majorit\u00e1ria do PL - Not&iacute;cias em Destaque","og_description":"Daniel L\u00eala anunciou oficialmente a sua pr\u00e9-candidatura a vereador de Sum\u00e9, durante evento que aconteceu na noite de quinta-feira (04\/07). Com a presen\u00e7a de lideran\u00e7as pol\u00edticas como o prefeito \u00c9den Duarte e dos pr\u00e9-candidatos a prefeito e vice, respectivamente, Juninho e Carlinhos, al\u00e9m de amigos, familiares e apoiadores. O lan\u00e7amento da pr\u00e9-candidatura de Daniel L\u00eala representa um marco importante na sua trajet\u00f3ria pol\u00edtica, e refor\u00e7a seu compromisso em busca de melhorias para os sumeenses. Em conversa com a reportagem, Daniel enfatizou \u201cEsse momento \u00e9 de alegria em dobro, pois, continuarei realizando um trabalho pautado em ouvir as demandas das fam\u00edlias, apresentando projetos que ir\u00e3o impactar de forma positiva a vida da nossa popula\u00e7\u00e3o\u201d. Daniel tamb\u00e9m comemorou apresenta\u00e7\u00e3o dos nomes de Juninho e Carlinhos na chapa de pr\u00e9-candidatos a prefeito e vice, proposta por \u00c9den Duarte, pelo PL. \u201cDois bons nomes foram colocados para concorrer \u00e0s elei\u00e7\u00f5es municipais desse ano. Juninho e Carlinhos tem carisma, simpatia e representam a continuidade do trabalho, compromisso e desenvolvimento em nosso munic\u00edpio. Fiquei muito feliz com pr\u00e9-candidatos, apenas do PL e que contam com o apoio muito forte do deputado federal Wellington Roberto\u201d. Durante sua fala, Daniel L\u00eala fez um discurso firme e emocionante, que contagiou seus simpatizantes. Noticias em Destaque Fonte: Focando Para\u00edba","og_url":"https:\/\/noticiasemdestaque.com\/cd\/?p=58886","og_site_name":"Not&iacute;cias em Destaque","article_published_time":"2024-07-07T00:22:55+00:00","og_image":[{"width":1170,"height":650,"url":"https:\/\/noticiasemdestaque.com\/cd\/wp-content\/uploads\/2024\/07\/DSC_0332-scaled-1.webp","type":"image\/webp"}],"author":"Not\u00edcias em Destaque","twitter_card":"summary_large_image","twitter_misc":{"Escrito por":"Not\u00edcias em Destaque","Est. tempo de leitura":"2 minutos"},"schema":{"@context":"https:\/\/schema.org","@graph":[{"@type":"Article","@id":"https:\/\/noticiasemdestaque.com\/cd\/?p=58886#article","isPartOf":{"@id":"https:\/\/noticiasemdestaque.com\/cd\/?p=58886"},"author":{"name":"Not\u00edcias em Destaque","@id":"https:\/\/noticiasemdestaque.com\/cd\/#\/schema\/person\/21320b03a7e8bb90128938dafc9b908a"},"headline":"Daniel L\u00eala lan\u00e7a pr\u00e9-candidatura a vereador e comemora chapa majorit\u00e1ria do PL","datePublished":"2024-07-07T00:22:55+00:00","mainEntityOfPage":{"@id":"https:\/\/noticiasemdestaque.com\/cd\/?p=58886"},"wordCount":247,"publisher":{"@id":"https:\/\/noticiasemdestaque.com\/cd\/#organization"},"image":{"@id":"https:\/\/noticiasemdestaque.com\/cd\/?p=58886#primaryimage"},"thumbnailUrl":"https:\/\/noticiasemdestaque.com\/cd\/wp-content\/uploads\/2024\/07\/DSC_0332-scaled-1.webp","articleSection":["Pol\u00edtica"],"inLanguage":"pt-BR"},{"@type":"WebPage","@id":"https:\/\/noticiasemdestaque.com\/cd\/?p=58886","url":"https:\/\/noticiasemdestaque.com\/cd\/?p=58886","name":"Daniel L\u00eala lan\u00e7a pr\u00e9-candidatura a vereador e comemora chapa majorit\u00e1ria do PL - Not&iacute;cias em Destaque","isPartOf":{"@id":"https:\/\/noticiasemdestaque.com\/cd\/#website"},"primaryImageOfPage":{"@id":"https:\/\/noticiasemdestaque.com\/cd\/?p=58886#primaryimage"},"image":{"@id":"https:\/\/noticiasemdestaque.com\/cd\/?p=58886#primaryimage"},"thumbnailUrl":"https:\/\/noticiasemdestaque.com\/cd\/wp-content\/uploads\/2024\/07\/DSC_0332-scaled-1.webp","datePublished":"2024-07-07T00:22:55+00:00","breadcrumb":{"@id":"https:\/\/noticiasemdestaque.com\/cd\/?p=58886#breadcrumb"},"inLanguage":"pt-BR","potentialAction":[{"@type":"ReadAction","target":["https:\/\/noticiasemdestaque.com\/cd\/?p=58886"]}]},{"@type":"ImageObject","inLanguage":"pt-BR","@id":"https:\/\/noticiasemdestaque.com\/cd\/?p=58886#primaryimage","url":"https:\/\/noticiasemdestaque.com\/cd\/wp-content\/uploads\/2024\/07\/DSC_0332-scaled-1.webp","contentUrl":"https:\/\/noticiasemdestaque.com\/cd\/wp-content\/uploads\/2024\/07\/DSC_0332-scaled-1.webp","width":1170,"height":650},{"@type":"BreadcrumbList","@id":"https:\/\/noticiasemdestaque.com\/cd\/?p=58886#breadcrumb","itemListElement":[{"@type":"ListItem","position":1,"name":"In\u00edcio","item":"https:\/\/noticiasemdestaque.com\/cd\/"},{"@type":"ListItem","position":2,"name":"Daniel L\u00eala lan\u00e7a pr\u00e9-candidatura a vereador e comemora chapa majorit\u00e1ria do PL"}]},{"@type":"WebSite","@id":"https:\/\/noticiasemdestaque.com\/cd\/#website","url":"https:\/\/noticiasemdestaque.com\/cd\/","name":"Not&iacute;cias em Destaque","description":"","publisher":{"@id":"https:\/\/noticiasemdestaque.com\/cd\/#organization"},"potentialAction":[{"@type":"SearchAction","target":{"@type":"EntryPoint","urlTemplate":"https:\/\/noticiasemdestaque.com\/cd\/?s={search_term_string}"},"query-input":{"@type":"PropertyValueSpecification","valueRequired":true,"valueName":"search_term_string"}}],"inLanguage":"pt-BR"},{"@type":"Organization","@id":"https:\/\/noticiasemdestaque.com\/cd\/#organization","name":"Not\u00edcias em Destaque","url":"https:\/\/noticiasemdestaque.com\/cd\/","logo":{"@type":"ImageObject","inLanguage":"pt-BR","@id":"https:\/\/noticiasemdestaque.com\/cd\/#\/schema\/logo\/image\/","url":"https:\/\/noticiasemdestaque.com\/cd\/wp-content\/uploads\/2022\/05\/imagem-base-noticiasemdestaque.png","contentUrl":"https:\/\/noticiasemdestaque.com\/cd\/wp-content\/uploads\/2022\/05\/imagem-base-noticiasemdestaque.png","width":1200,"height":630,"caption":"Not\u00edcias em Destaque"},"image":{"@id":"https:\/\/noticiasemdestaque.com\/cd\/#\/schema\/logo\/image\/"}},{"@type":"Person","@id":"https:\/\/noticiasemdestaque.com\/cd\/#\/schema\/person\/21320b03a7e8bb90128938dafc9b908a","name":"Not\u00edcias em Destaque","url":"https:\/\/noticiasemdestaque.com\/cd\/?author=2"}]}},"jetpack_featured_media_url":"https:\/\/noticiasemdestaque.com\/cd\/wp-content\/uploads\/2024\/07\/DSC_0332-scaled-1.webp","jetpack_sharing_enabled":true,"_links":{"self":[{"href":"https:\/\/noticiasemdestaque.com\/cd\/index.php?rest_route=\/wp\/v2\/posts\/58886","targetHints":{"allow":["GET"]}}],"collection":[{"href":"https:\/\/noticiasemdestaque.com\/cd\/index.php?rest_route=\/wp\/v2\/posts"}],"about":[{"href":"https:\/\/noticiasemdestaque.com\/cd\/index.php?rest_route=\/wp\/v2\/types\/post"}],"author":[{"embeddable":true,"href":"https:\/\/noticiasemdestaque.com\/cd\/index.php?rest_route=\/wp\/v2\/users\/2"}],"replies":[{"embeddable":true,"href":"https:\/\/noticiasemdestaque.com\/cd\/index.php?rest_route=%2Fwp%2Fv2%2Fcomments&post=58886"}],"version-history":[{"count":1,"href":"https:\/\/noticiasemdestaque.com\/cd\/index.php?rest_route=\/wp\/v2\/posts\/58886\/revisions"}],"predecessor-version":[{"id":58888,"href":"https:\/\/noticiasemdestaque.com\/cd\/index.php?rest_route=\/wp\/v2\/posts\/58886\/revisions\/58888"}],"wp:featuredmedia":[{"embeddable":true,"href":"https:\/\/noticiasemdestaque.com\/cd\/index.php?rest_route=\/wp\/v2\/media\/58887"}],"wp:attachment":[{"href":"https:\/\/noticiasemdestaque.com\/cd\/index.php?rest_route=%2Fwp%2Fv2%2Fmedia&parent=58886"}],"wp:term":[{"taxonomy":"category","embeddable":true,"href":"https:\/\/noticiasemdestaque.com\/cd\/index.php?rest_route=%2Fwp%2Fv2%2Fcategories&post=58886"},{"taxonomy":"post_tag","embeddable":true,"href":"https:\/\/noticiasemdestaque.com\/cd\/index.php?rest_route=%2Fwp%2Fv2%2Ftags&post=58886"}],"curies":[{"name":"wp","href":"https:\/\/api.w.org\/{rel}","templated":true}]}}