{"id":58162,"date":"2024-06-07T23:16:04","date_gmt":"2024-06-08T02:16:04","guid":{"rendered":"https:\/\/noticiasemdestaque.com\/cd\/?p=58162"},"modified":"2024-06-07T23:16:04","modified_gmt":"2024-06-08T02:16:04","slug":"policia-militar-prende-individuo-com-grande-quantidade-de-drogas-no-cariri","status":"publish","type":"post","link":"https:\/\/noticiasemdestaque.com\/cd\/?p=58162","title":{"rendered":"Pol\u00edcia Militar prende indiv\u00edduo com grande quantidade de drogas no Cariri"},"content":{"rendered":"<p><a href=\"https:\/\/noticiasemdestaque.com\/cd\/wp-content\/uploads\/2024\/06\/drogas.jpeg\"><img fetchpriority=\"high\" decoding=\"async\" class=\" wp-image-58163 aligncenter\" src=\"https:\/\/noticiasemdestaque.com\/cd\/wp-content\/uploads\/2024\/06\/drogas-300x225.jpeg\" alt=\"\" width=\"727\" height=\"545\" srcset=\"https:\/\/noticiasemdestaque.com\/cd\/wp-content\/uploads\/2024\/06\/drogas-300x225.jpeg 300w, https:\/\/noticiasemdestaque.com\/cd\/wp-content\/uploads\/2024\/06\/drogas-1024x768.jpeg 1024w, https:\/\/noticiasemdestaque.com\/cd\/wp-content\/uploads\/2024\/06\/drogas-768x576.jpeg 768w, https:\/\/noticiasemdestaque.com\/cd\/wp-content\/uploads\/2024\/06\/drogas-1536x1152.jpeg 1536w, https:\/\/noticiasemdestaque.com\/cd\/wp-content\/uploads\/2024\/06\/drogas-16x12.jpeg 16w, https:\/\/noticiasemdestaque.com\/cd\/wp-content\/uploads\/2024\/06\/drogas.jpeg 1600w\" sizes=\"(max-width: 727px) 100vw, 727px\" \/><\/a><\/p>\n<p>Na tarde desta \u00faltima quinta-feira (06), a Pol\u00edcia Militar efetuou a pris\u00e3o de um reincidente no bairro Alto do S\u00e3o Vicente, em Monteiro. O indiv\u00edduo, que j\u00e1 havia sido preso anteriormente por crimes relacionados a drogas e armas de fogo, foi novamente detido ap\u00f3s ser encontrado com uma grande quantidade de entorpecentes.<\/p>\n<p>A pris\u00e3o ocorreu no in\u00edcio da tarde, durante uma opera\u00e7\u00e3o de rotina da Pol\u00edcia Militar . Ao abordar o suspeito, os policiais encontraram uma significativa quantidade de drogas.<\/p>\n<p>O meliante, conhecido por suas atividades criminosas, j\u00e1 havia sido preso em outra ocasi\u00e3o por crimes envolvendo drogas e posse de armas de fogo.<\/p>\n<p>O indiv\u00edduo preso foi encaminhado \u00e0 delegacia, onde ficar\u00e1 \u00e0 disposi\u00e7\u00e3o da Justi\u00e7a.<\/p>\n<p><strong>Noticias em Destaque<\/strong><\/p>\n<p style=\"text-align: right;\"><em>Fonte: De Olho no Cariri<\/em><\/p>\n","protected":false},"excerpt":{"rendered":"<p>Na tarde desta \u00faltima quinta-feira (06), a Pol\u00edcia Militar efetuou a pris\u00e3o de um reincidente no bairro Alto do S\u00e3o Vicente, em Monteiro. O indiv\u00edduo, que j\u00e1 havia sido preso anteriormente por crimes relacionados a drogas e armas de fogo, foi novamente detido ap\u00f3s ser encontrado com uma grande quantidade de entorpecentes. A pris\u00e3o ocorreu no in\u00edcio da tarde, durante uma opera\u00e7\u00e3o de rotina da Pol\u00edcia Militar . Ao abordar o suspeito, os policiais encontraram uma significativa quantidade de drogas. O meliante, conhecido por suas atividades criminosas, j\u00e1 havia sido preso em outra ocasi\u00e3o por crimes envolvendo drogas e posse de armas de fogo. O indiv\u00edduo preso foi encaminhado \u00e0 delegacia, onde ficar\u00e1 \u00e0 disposi\u00e7\u00e3o da Justi\u00e7a. Noticias em Destaque Fonte: De Olho no Cariri<\/p>\n","protected":false},"author":2,"featured_media":58163,"comment_status":"closed","ping_status":"open","sticky":false,"template":"","format":"standard","meta":{"_eb_attr":"","_jetpack_memberships_contains_paid_content":false,"footnotes":""},"categories":[20],"tags":[],"class_list":["post-58162","post","type-post","status-publish","format-standard","has-post-thumbnail","hentry","category-policia"],"yoast_head":"<!-- This site is optimized with the Yoast SEO plugin v26.5 - https:\/\/yoast.com\/wordpress\/plugins\/seo\/ -->\n<title>Pol\u00edcia Militar prende indiv\u00edduo com grande quantidade de drogas no Cariri - Not&iacute;cias em Destaque<\/title>\n<meta name=\"robots\" content=\"index, follow, max-snippet:-1, max-image-preview:large, max-video-preview:-1\" \/>\n<link rel=\"canonical\" href=\"https:\/\/noticiasemdestaque.com\/cd\/?p=58162\" \/>\n<meta property=\"og:locale\" content=\"pt_BR\" \/>\n<meta property=\"og:type\" content=\"article\" \/>\n<meta property=\"og:title\" content=\"Pol\u00edcia Militar prende indiv\u00edduo com grande quantidade de drogas no Cariri - Not&iacute;cias em Destaque\" \/>\n<meta property=\"og:description\" content=\"Na tarde desta \u00faltima quinta-feira (06), a Pol\u00edcia Militar efetuou a pris\u00e3o de um reincidente no bairro Alto do S\u00e3o Vicente, em Monteiro. O indiv\u00edduo, que j\u00e1 havia sido preso anteriormente por crimes relacionados a drogas e armas de fogo, foi novamente detido ap\u00f3s ser encontrado com uma grande quantidade de entorpecentes. A pris\u00e3o ocorreu no in\u00edcio da tarde, durante uma opera\u00e7\u00e3o de rotina da Pol\u00edcia Militar . Ao abordar o suspeito, os policiais encontraram uma significativa quantidade de drogas. O meliante, conhecido por suas atividades criminosas, j\u00e1 havia sido preso em outra ocasi\u00e3o por crimes envolvendo drogas e posse de armas de fogo. O indiv\u00edduo preso foi encaminhado \u00e0 delegacia, onde ficar\u00e1 \u00e0 disposi\u00e7\u00e3o da Justi\u00e7a. Noticias em Destaque Fonte: De Olho no Cariri\" \/>\n<meta property=\"og:url\" content=\"https:\/\/noticiasemdestaque.com\/cd\/?p=58162\" \/>\n<meta property=\"og:site_name\" content=\"Not&iacute;cias em Destaque\" \/>\n<meta property=\"article:published_time\" content=\"2024-06-08T02:16:04+00:00\" \/>\n<meta property=\"og:image\" content=\"https:\/\/noticiasemdestaque.com\/cd\/wp-content\/uploads\/2024\/06\/drogas.jpeg\" \/>\n\t<meta property=\"og:image:width\" content=\"1600\" \/>\n\t<meta property=\"og:image:height\" content=\"1200\" \/>\n\t<meta property=\"og:image:type\" content=\"image\/jpeg\" \/>\n<meta name=\"author\" content=\"Not\u00edcias em Destaque\" \/>\n<meta name=\"twitter:card\" content=\"summary_large_image\" \/>\n<meta name=\"twitter:label1\" content=\"Escrito por\" \/>\n\t<meta name=\"twitter:data1\" content=\"Not\u00edcias em Destaque\" \/>\n\t<meta name=\"twitter:label2\" content=\"Est. tempo de leitura\" \/>\n\t<meta name=\"twitter:data2\" content=\"2 minutos\" \/>\n<script type=\"application\/ld+json\" class=\"yoast-schema-graph\">{\"@context\":\"https:\/\/schema.org\",\"@graph\":[{\"@type\":\"Article\",\"@id\":\"https:\/\/noticiasemdestaque.com\/cd\/?p=58162#article\",\"isPartOf\":{\"@id\":\"https:\/\/noticiasemdestaque.com\/cd\/?p=58162\"},\"author\":{\"name\":\"Not\u00edcias em Destaque\",\"@id\":\"https:\/\/noticiasemdestaque.com\/cd\/#\/schema\/person\/21320b03a7e8bb90128938dafc9b908a\"},\"headline\":\"Pol\u00edcia Militar prende indiv\u00edduo com grande quantidade de drogas no Cariri\",\"datePublished\":\"2024-06-08T02:16:04+00:00\",\"mainEntityOfPage\":{\"@id\":\"https:\/\/noticiasemdestaque.com\/cd\/?p=58162\"},\"wordCount\":147,\"publisher\":{\"@id\":\"https:\/\/noticiasemdestaque.com\/cd\/#organization\"},\"image\":{\"@id\":\"https:\/\/noticiasemdestaque.com\/cd\/?p=58162#primaryimage\"},\"thumbnailUrl\":\"https:\/\/noticiasemdestaque.com\/cd\/wp-content\/uploads\/2024\/06\/drogas.jpeg\",\"articleSection\":[\"Pol\u00edcia\"],\"inLanguage\":\"pt-BR\"},{\"@type\":\"WebPage\",\"@id\":\"https:\/\/noticiasemdestaque.com\/cd\/?p=58162\",\"url\":\"https:\/\/noticiasemdestaque.com\/cd\/?p=58162\",\"name\":\"Pol\u00edcia Militar prende indiv\u00edduo com grande quantidade de drogas no Cariri - Not&iacute;cias em Destaque\",\"isPartOf\":{\"@id\":\"https:\/\/noticiasemdestaque.com\/cd\/#website\"},\"primaryImageOfPage\":{\"@id\":\"https:\/\/noticiasemdestaque.com\/cd\/?p=58162#primaryimage\"},\"image\":{\"@id\":\"https:\/\/noticiasemdestaque.com\/cd\/?p=58162#primaryimage\"},\"thumbnailUrl\":\"https:\/\/noticiasemdestaque.com\/cd\/wp-content\/uploads\/2024\/06\/drogas.jpeg\",\"datePublished\":\"2024-06-08T02:16:04+00:00\",\"breadcrumb\":{\"@id\":\"https:\/\/noticiasemdestaque.com\/cd\/?p=58162#breadcrumb\"},\"inLanguage\":\"pt-BR\",\"potentialAction\":[{\"@type\":\"ReadAction\",\"target\":[\"https:\/\/noticiasemdestaque.com\/cd\/?p=58162\"]}]},{\"@type\":\"ImageObject\",\"inLanguage\":\"pt-BR\",\"@id\":\"https:\/\/noticiasemdestaque.com\/cd\/?p=58162#primaryimage\",\"url\":\"https:\/\/noticiasemdestaque.com\/cd\/wp-content\/uploads\/2024\/06\/drogas.jpeg\",\"contentUrl\":\"https:\/\/noticiasemdestaque.com\/cd\/wp-content\/uploads\/2024\/06\/drogas.jpeg\",\"width\":1600,\"height\":1200},{\"@type\":\"BreadcrumbList\",\"@id\":\"https:\/\/noticiasemdestaque.com\/cd\/?p=58162#breadcrumb\",\"itemListElement\":[{\"@type\":\"ListItem\",\"position\":1,\"name\":\"In\u00edcio\",\"item\":\"https:\/\/noticiasemdestaque.com\/cd\/\"},{\"@type\":\"ListItem\",\"position\":2,\"name\":\"Pol\u00edcia Militar prende indiv\u00edduo com grande quantidade de drogas no Cariri\"}]},{\"@type\":\"WebSite\",\"@id\":\"https:\/\/noticiasemdestaque.com\/cd\/#website\",\"url\":\"https:\/\/noticiasemdestaque.com\/cd\/\",\"name\":\"Not&iacute;cias em Destaque\",\"description\":\"\",\"publisher\":{\"@id\":\"https:\/\/noticiasemdestaque.com\/cd\/#organization\"},\"potentialAction\":[{\"@type\":\"SearchAction\",\"target\":{\"@type\":\"EntryPoint\",\"urlTemplate\":\"https:\/\/noticiasemdestaque.com\/cd\/?s={search_term_string}\"},\"query-input\":{\"@type\":\"PropertyValueSpecification\",\"valueRequired\":true,\"valueName\":\"search_term_string\"}}],\"inLanguage\":\"pt-BR\"},{\"@type\":\"Organization\",\"@id\":\"https:\/\/noticiasemdestaque.com\/cd\/#organization\",\"name\":\"Not\u00edcias em Destaque\",\"url\":\"https:\/\/noticiasemdestaque.com\/cd\/\",\"logo\":{\"@type\":\"ImageObject\",\"inLanguage\":\"pt-BR\",\"@id\":\"https:\/\/noticiasemdestaque.com\/cd\/#\/schema\/logo\/image\/\",\"url\":\"https:\/\/noticiasemdestaque.com\/cd\/wp-content\/uploads\/2022\/05\/imagem-base-noticiasemdestaque.png\",\"contentUrl\":\"https:\/\/noticiasemdestaque.com\/cd\/wp-content\/uploads\/2022\/05\/imagem-base-noticiasemdestaque.png\",\"width\":1200,\"height\":630,\"caption\":\"Not\u00edcias em Destaque\"},\"image\":{\"@id\":\"https:\/\/noticiasemdestaque.com\/cd\/#\/schema\/logo\/image\/\"}},{\"@type\":\"Person\",\"@id\":\"https:\/\/noticiasemdestaque.com\/cd\/#\/schema\/person\/21320b03a7e8bb90128938dafc9b908a\",\"name\":\"Not\u00edcias em Destaque\",\"url\":\"https:\/\/noticiasemdestaque.com\/cd\/?author=2\"}]}<\/script>\n<!-- \/ Yoast SEO plugin. -->","yoast_head_json":{"title":"Pol\u00edcia Militar prende indiv\u00edduo com grande quantidade de drogas no Cariri - Not&iacute;cias em Destaque","robots":{"index":"index","follow":"follow","max-snippet":"max-snippet:-1","max-image-preview":"max-image-preview:large","max-video-preview":"max-video-preview:-1"},"canonical":"https:\/\/noticiasemdestaque.com\/cd\/?p=58162","og_locale":"pt_BR","og_type":"article","og_title":"Pol\u00edcia Militar prende indiv\u00edduo com grande quantidade de drogas no Cariri - Not&iacute;cias em Destaque","og_description":"Na tarde desta \u00faltima quinta-feira (06), a Pol\u00edcia Militar efetuou a pris\u00e3o de um reincidente no bairro Alto do S\u00e3o Vicente, em Monteiro. O indiv\u00edduo, que j\u00e1 havia sido preso anteriormente por crimes relacionados a drogas e armas de fogo, foi novamente detido ap\u00f3s ser encontrado com uma grande quantidade de entorpecentes. A pris\u00e3o ocorreu no in\u00edcio da tarde, durante uma opera\u00e7\u00e3o de rotina da Pol\u00edcia Militar . Ao abordar o suspeito, os policiais encontraram uma significativa quantidade de drogas. O meliante, conhecido por suas atividades criminosas, j\u00e1 havia sido preso em outra ocasi\u00e3o por crimes envolvendo drogas e posse de armas de fogo. O indiv\u00edduo preso foi encaminhado \u00e0 delegacia, onde ficar\u00e1 \u00e0 disposi\u00e7\u00e3o da Justi\u00e7a. Noticias em Destaque Fonte: De Olho no Cariri","og_url":"https:\/\/noticiasemdestaque.com\/cd\/?p=58162","og_site_name":"Not&iacute;cias em Destaque","article_published_time":"2024-06-08T02:16:04+00:00","og_image":[{"width":1600,"height":1200,"url":"https:\/\/noticiasemdestaque.com\/cd\/wp-content\/uploads\/2024\/06\/drogas.jpeg","type":"image\/jpeg"}],"author":"Not\u00edcias em Destaque","twitter_card":"summary_large_image","twitter_misc":{"Escrito por":"Not\u00edcias em Destaque","Est. tempo de leitura":"2 minutos"},"schema":{"@context":"https:\/\/schema.org","@graph":[{"@type":"Article","@id":"https:\/\/noticiasemdestaque.com\/cd\/?p=58162#article","isPartOf":{"@id":"https:\/\/noticiasemdestaque.com\/cd\/?p=58162"},"author":{"name":"Not\u00edcias em Destaque","@id":"https:\/\/noticiasemdestaque.com\/cd\/#\/schema\/person\/21320b03a7e8bb90128938dafc9b908a"},"headline":"Pol\u00edcia Militar prende indiv\u00edduo com grande quantidade de drogas no Cariri","datePublished":"2024-06-08T02:16:04+00:00","mainEntityOfPage":{"@id":"https:\/\/noticiasemdestaque.com\/cd\/?p=58162"},"wordCount":147,"publisher":{"@id":"https:\/\/noticiasemdestaque.com\/cd\/#organization"},"image":{"@id":"https:\/\/noticiasemdestaque.com\/cd\/?p=58162#primaryimage"},"thumbnailUrl":"https:\/\/noticiasemdestaque.com\/cd\/wp-content\/uploads\/2024\/06\/drogas.jpeg","articleSection":["Pol\u00edcia"],"inLanguage":"pt-BR"},{"@type":"WebPage","@id":"https:\/\/noticiasemdestaque.com\/cd\/?p=58162","url":"https:\/\/noticiasemdestaque.com\/cd\/?p=58162","name":"Pol\u00edcia Militar prende indiv\u00edduo com grande quantidade de drogas no Cariri - Not&iacute;cias em Destaque","isPartOf":{"@id":"https:\/\/noticiasemdestaque.com\/cd\/#website"},"primaryImageOfPage":{"@id":"https:\/\/noticiasemdestaque.com\/cd\/?p=58162#primaryimage"},"image":{"@id":"https:\/\/noticiasemdestaque.com\/cd\/?p=58162#primaryimage"},"thumbnailUrl":"https:\/\/noticiasemdestaque.com\/cd\/wp-content\/uploads\/2024\/06\/drogas.jpeg","datePublished":"2024-06-08T02:16:04+00:00","breadcrumb":{"@id":"https:\/\/noticiasemdestaque.com\/cd\/?p=58162#breadcrumb"},"inLanguage":"pt-BR","potentialAction":[{"@type":"ReadAction","target":["https:\/\/noticiasemdestaque.com\/cd\/?p=58162"]}]},{"@type":"ImageObject","inLanguage":"pt-BR","@id":"https:\/\/noticiasemdestaque.com\/cd\/?p=58162#primaryimage","url":"https:\/\/noticiasemdestaque.com\/cd\/wp-content\/uploads\/2024\/06\/drogas.jpeg","contentUrl":"https:\/\/noticiasemdestaque.com\/cd\/wp-content\/uploads\/2024\/06\/drogas.jpeg","width":1600,"height":1200},{"@type":"BreadcrumbList","@id":"https:\/\/noticiasemdestaque.com\/cd\/?p=58162#breadcrumb","itemListElement":[{"@type":"ListItem","position":1,"name":"In\u00edcio","item":"https:\/\/noticiasemdestaque.com\/cd\/"},{"@type":"ListItem","position":2,"name":"Pol\u00edcia Militar prende indiv\u00edduo com grande quantidade de drogas no Cariri"}]},{"@type":"WebSite","@id":"https:\/\/noticiasemdestaque.com\/cd\/#website","url":"https:\/\/noticiasemdestaque.com\/cd\/","name":"Not&iacute;cias em Destaque","description":"","publisher":{"@id":"https:\/\/noticiasemdestaque.com\/cd\/#organization"},"potentialAction":[{"@type":"SearchAction","target":{"@type":"EntryPoint","urlTemplate":"https:\/\/noticiasemdestaque.com\/cd\/?s={search_term_string}"},"query-input":{"@type":"PropertyValueSpecification","valueRequired":true,"valueName":"search_term_string"}}],"inLanguage":"pt-BR"},{"@type":"Organization","@id":"https:\/\/noticiasemdestaque.com\/cd\/#organization","name":"Not\u00edcias em Destaque","url":"https:\/\/noticiasemdestaque.com\/cd\/","logo":{"@type":"ImageObject","inLanguage":"pt-BR","@id":"https:\/\/noticiasemdestaque.com\/cd\/#\/schema\/logo\/image\/","url":"https:\/\/noticiasemdestaque.com\/cd\/wp-content\/uploads\/2022\/05\/imagem-base-noticiasemdestaque.png","contentUrl":"https:\/\/noticiasemdestaque.com\/cd\/wp-content\/uploads\/2022\/05\/imagem-base-noticiasemdestaque.png","width":1200,"height":630,"caption":"Not\u00edcias em Destaque"},"image":{"@id":"https:\/\/noticiasemdestaque.com\/cd\/#\/schema\/logo\/image\/"}},{"@type":"Person","@id":"https:\/\/noticiasemdestaque.com\/cd\/#\/schema\/person\/21320b03a7e8bb90128938dafc9b908a","name":"Not\u00edcias em Destaque","url":"https:\/\/noticiasemdestaque.com\/cd\/?author=2"}]}},"jetpack_featured_media_url":"https:\/\/noticiasemdestaque.com\/cd\/wp-content\/uploads\/2024\/06\/drogas.jpeg","jetpack_sharing_enabled":true,"_links":{"self":[{"href":"https:\/\/noticiasemdestaque.com\/cd\/index.php?rest_route=\/wp\/v2\/posts\/58162","targetHints":{"allow":["GET"]}}],"collection":[{"href":"https:\/\/noticiasemdestaque.com\/cd\/index.php?rest_route=\/wp\/v2\/posts"}],"about":[{"href":"https:\/\/noticiasemdestaque.com\/cd\/index.php?rest_route=\/wp\/v2\/types\/post"}],"author":[{"embeddable":true,"href":"https:\/\/noticiasemdestaque.com\/cd\/index.php?rest_route=\/wp\/v2\/users\/2"}],"replies":[{"embeddable":true,"href":"https:\/\/noticiasemdestaque.com\/cd\/index.php?rest_route=%2Fwp%2Fv2%2Fcomments&post=58162"}],"version-history":[{"count":1,"href":"https:\/\/noticiasemdestaque.com\/cd\/index.php?rest_route=\/wp\/v2\/posts\/58162\/revisions"}],"predecessor-version":[{"id":58164,"href":"https:\/\/noticiasemdestaque.com\/cd\/index.php?rest_route=\/wp\/v2\/posts\/58162\/revisions\/58164"}],"wp:featuredmedia":[{"embeddable":true,"href":"https:\/\/noticiasemdestaque.com\/cd\/index.php?rest_route=\/wp\/v2\/media\/58163"}],"wp:attachment":[{"href":"https:\/\/noticiasemdestaque.com\/cd\/index.php?rest_route=%2Fwp%2Fv2%2Fmedia&parent=58162"}],"wp:term":[{"taxonomy":"category","embeddable":true,"href":"https:\/\/noticiasemdestaque.com\/cd\/index.php?rest_route=%2Fwp%2Fv2%2Fcategories&post=58162"},{"taxonomy":"post_tag","embeddable":true,"href":"https:\/\/noticiasemdestaque.com\/cd\/index.php?rest_route=%2Fwp%2Fv2%2Ftags&post=58162"}],"curies":[{"name":"wp","href":"https:\/\/api.w.org\/{rel}","templated":true}]}}