{"id":5802,"date":"2017-11-06T20:01:29","date_gmt":"2017-11-06T23:01:29","guid":{"rendered":"http:\/\/caririemdestaque.com\/cd\/?p=5802"},"modified":"2017-11-06T20:01:29","modified_gmt":"2017-11-06T23:01:29","slug":"petrobras-aprova-reajustes-de-23-na-gasolina-e-de-19-para-diesel","status":"publish","type":"post","link":"https:\/\/noticiasemdestaque.com\/cd\/?p=5802","title":{"rendered":"Petrobras aprova reajustes de 2,3% na gasolina e de 1,9% para diesel"},"content":{"rendered":"<p><a href=\"http:\/\/caririemdestaque.com\/cd\/wp-content\/uploads\/2017\/11\/1476437602-979417939.jpg\"><img decoding=\"async\" class=\"size-thumbnail wp-image-5803 alignleft\" src=\"http:\/\/caririemdestaque.com\/cd\/wp-content\/uploads\/2017\/11\/1476437602-979417939-150x150.jpg\" alt=\"\" width=\"150\" height=\"150\" \/><\/a>A Petrobras autorizou nesta segunda-feira alta de 2,3 por cento para a gasolina e aumento de 1,9 por cento para o diesel nas suas refinarias, a partir de ter\u00e7a-feira, devido principalmente ao aumento das cota\u00e7\u00f5es dos produtos e do petr\u00f3leo no mercado internacional, informou a empresa em nota \u00e0 imprensa.<\/p>\n<p>A decis\u00e3o foi tomada pelo Grupo Executivo de Mercado e Pre\u00e7os (GEMP), que atua quando h\u00e1 necessidade de reajustar os combust\u00edveis em mais de 7 por cento para cima ou para baixo em um \u00fanico m\u00eas.<\/p>\n<p>&#8220;O reajuste foi causado principalmente pelo aumento das cota\u00e7\u00f5es dos produtos e do petr\u00f3leo no mercado exterior, influenciado pela geopol\u00edtica internacional, assim como pela continuidade da pol\u00edtica de conten\u00e7\u00e3o da oferta pela Organiza\u00e7\u00e3o dos Pa\u00edses Produtores de Petr\u00f3leo (Opep)&#8221;, disse a Petrobras.<\/p>\n<p>Al\u00e9m disso, verificou-se uma deprecia\u00e7\u00e3o do valor do real frente ao d\u00f3lar, acrescentou a empresa.<\/p>\n<p>A avalia\u00e7\u00e3o dos representantes do GEMP \u00e9 que a pol\u00edtica de pre\u00e7os definida pela Petrobras, de reajustes quase que di\u00e1rios pela \u00e1rea t\u00e9cnica, tem sido capaz de garantir a ader\u00eancia dos pre\u00e7os praticados pela companhia \u00e0s volatilidades dos mercados de derivados e ao c\u00e2mbio.<\/p>\n<p>Com os ajustes definidos hoje, a \u00e1rea de marketing e comercializa\u00e7\u00e3o da Petrobras volta a contar com uma faixa de -7 por cento a +7 por cento para operar os movimentos de pre\u00e7os necess\u00e1rios ao longo do m\u00eas.<\/p>\n<p>&#8220;Caso este limite seja novamente ultrapassado, o GEMP realizar\u00e1 novas reuni\u00f5es ao longo do per\u00edodo.&#8221;<\/p>\n<p><em><strong>Cariri em Destaque<\/strong><\/em><\/p>\n<p>Extra<\/p>\n","protected":false},"excerpt":{"rendered":"<p>A Petrobras autorizou nesta segunda-feira alta de 2,3 por cento para a gasolina e aumento de 1,9 por cento para o diesel nas suas refinarias, a partir de ter\u00e7a-feira, devido principalmente ao aumento das cota\u00e7\u00f5es dos produtos e do petr\u00f3leo no mercado internacional, informou a empresa em nota \u00e0 imprensa. A decis\u00e3o foi tomada pelo Grupo Executivo de Mercado e Pre\u00e7os (GEMP), que atua quando h\u00e1 necessidade de reajustar os combust\u00edveis em mais de 7 por cento para cima ou para baixo em um \u00fanico m\u00eas. &#8220;O reajuste foi causado principalmente pelo aumento das cota\u00e7\u00f5es dos produtos e do petr\u00f3leo no mercado exterior, influenciado pela geopol\u00edtica internacional, assim como pela continuidade da pol\u00edtica de conten\u00e7\u00e3o da oferta pela Organiza\u00e7\u00e3o dos Pa\u00edses Produtores de Petr\u00f3leo (Opep)&#8221;, disse a Petrobras. Al\u00e9m disso, verificou-se uma deprecia\u00e7\u00e3o do valor do real frente ao d\u00f3lar, acrescentou a empresa. A avalia\u00e7\u00e3o dos representantes do GEMP \u00e9 que a pol\u00edtica de pre\u00e7os definida pela Petrobras, de reajustes quase que di\u00e1rios pela \u00e1rea t\u00e9cnica, tem sido capaz de garantir a ader\u00eancia dos pre\u00e7os praticados pela companhia \u00e0s volatilidades dos mercados de derivados e ao c\u00e2mbio. Com os ajustes definidos hoje, a \u00e1rea de marketing e comercializa\u00e7\u00e3o da Petrobras volta a contar com uma faixa de -7 por cento a +7 por cento para operar os movimentos de pre\u00e7os necess\u00e1rios ao longo do m\u00eas. &#8220;Caso este limite seja novamente ultrapassado, o GEMP realizar\u00e1 novas reuni\u00f5es ao longo do per\u00edodo.&#8221; Cariri em Destaque Extra<\/p>\n","protected":false},"author":2,"featured_media":5803,"comment_status":"closed","ping_status":"open","sticky":false,"template":"","format":"standard","meta":{"_eb_attr":"","_jetpack_memberships_contains_paid_content":false,"footnotes":""},"categories":[6],"tags":[],"class_list":["post-5802","post","type-post","status-publish","format-standard","has-post-thumbnail","hentry","category-educacao"],"yoast_head":"<!-- This site is optimized with the Yoast SEO plugin v26.5 - https:\/\/yoast.com\/wordpress\/plugins\/seo\/ -->\n<title>Petrobras aprova reajustes de 2,3% na gasolina e de 1,9% para diesel - Not&iacute;cias em Destaque<\/title>\n<meta name=\"robots\" content=\"index, follow, max-snippet:-1, max-image-preview:large, max-video-preview:-1\" \/>\n<link rel=\"canonical\" href=\"https:\/\/noticiasemdestaque.com\/cd\/?p=5802\" \/>\n<meta property=\"og:locale\" content=\"pt_BR\" \/>\n<meta property=\"og:type\" content=\"article\" \/>\n<meta property=\"og:title\" content=\"Petrobras aprova reajustes de 2,3% na gasolina e de 1,9% para diesel - Not&iacute;cias em Destaque\" \/>\n<meta property=\"og:description\" content=\"A Petrobras autorizou nesta segunda-feira alta de 2,3 por cento para a gasolina e aumento de 1,9 por cento para o diesel nas suas refinarias, a partir de ter\u00e7a-feira, devido principalmente ao aumento das cota\u00e7\u00f5es dos produtos e do petr\u00f3leo no mercado internacional, informou a empresa em nota \u00e0 imprensa. A decis\u00e3o foi tomada pelo Grupo Executivo de Mercado e Pre\u00e7os (GEMP), que atua quando h\u00e1 necessidade de reajustar os combust\u00edveis em mais de 7 por cento para cima ou para baixo em um \u00fanico m\u00eas. &#8220;O reajuste foi causado principalmente pelo aumento das cota\u00e7\u00f5es dos produtos e do petr\u00f3leo no mercado exterior, influenciado pela geopol\u00edtica internacional, assim como pela continuidade da pol\u00edtica de conten\u00e7\u00e3o da oferta pela Organiza\u00e7\u00e3o dos Pa\u00edses Produtores de Petr\u00f3leo (Opep)&#8221;, disse a Petrobras. Al\u00e9m disso, verificou-se uma deprecia\u00e7\u00e3o do valor do real frente ao d\u00f3lar, acrescentou a empresa. A avalia\u00e7\u00e3o dos representantes do GEMP \u00e9 que a pol\u00edtica de pre\u00e7os definida pela Petrobras, de reajustes quase que di\u00e1rios pela \u00e1rea t\u00e9cnica, tem sido capaz de garantir a ader\u00eancia dos pre\u00e7os praticados pela companhia \u00e0s volatilidades dos mercados de derivados e ao c\u00e2mbio. Com os ajustes definidos hoje, a \u00e1rea de marketing e comercializa\u00e7\u00e3o da Petrobras volta a contar com uma faixa de -7 por cento a +7 por cento para operar os movimentos de pre\u00e7os necess\u00e1rios ao longo do m\u00eas. &#8220;Caso este limite seja novamente ultrapassado, o GEMP realizar\u00e1 novas reuni\u00f5es ao longo do per\u00edodo.&#8221; Cariri em Destaque Extra\" \/>\n<meta property=\"og:url\" content=\"https:\/\/noticiasemdestaque.com\/cd\/?p=5802\" \/>\n<meta property=\"og:site_name\" content=\"Not&iacute;cias em Destaque\" \/>\n<meta property=\"article:published_time\" content=\"2017-11-06T23:01:29+00:00\" \/>\n<meta property=\"og:image\" content=\"https:\/\/noticiasemdestaque.com\/cd\/wp-content\/uploads\/2017\/11\/1476437602-979417939.jpg\" \/>\n\t<meta property=\"og:image:width\" content=\"720\" \/>\n\t<meta property=\"og:image:height\" content=\"413\" \/>\n\t<meta property=\"og:image:type\" content=\"image\/jpeg\" \/>\n<meta name=\"author\" content=\"Not\u00edcias em Destaque\" \/>\n<meta name=\"twitter:card\" content=\"summary_large_image\" \/>\n<meta name=\"twitter:label1\" content=\"Escrito por\" \/>\n\t<meta name=\"twitter:data1\" content=\"Not\u00edcias em Destaque\" \/>\n\t<meta name=\"twitter:label2\" content=\"Est. tempo de leitura\" \/>\n\t<meta name=\"twitter:data2\" content=\"1 minuto\" \/>\n<script type=\"application\/ld+json\" class=\"yoast-schema-graph\">{\"@context\":\"https:\/\/schema.org\",\"@graph\":[{\"@type\":\"Article\",\"@id\":\"https:\/\/noticiasemdestaque.com\/cd\/?p=5802#article\",\"isPartOf\":{\"@id\":\"https:\/\/noticiasemdestaque.com\/cd\/?p=5802\"},\"author\":{\"name\":\"Not\u00edcias em Destaque\",\"@id\":\"https:\/\/noticiasemdestaque.com\/cd\/#\/schema\/person\/21320b03a7e8bb90128938dafc9b908a\"},\"headline\":\"Petrobras aprova reajustes de 2,3% na gasolina e de 1,9% para diesel\",\"datePublished\":\"2017-11-06T23:01:29+00:00\",\"mainEntityOfPage\":{\"@id\":\"https:\/\/noticiasemdestaque.com\/cd\/?p=5802\"},\"wordCount\":280,\"publisher\":{\"@id\":\"https:\/\/noticiasemdestaque.com\/cd\/#organization\"},\"image\":{\"@id\":\"https:\/\/noticiasemdestaque.com\/cd\/?p=5802#primaryimage\"},\"thumbnailUrl\":\"https:\/\/noticiasemdestaque.com\/cd\/wp-content\/uploads\/2017\/11\/1476437602-979417939.jpg\",\"articleSection\":[\"Educa\u00e7\u00e3o\"],\"inLanguage\":\"pt-BR\"},{\"@type\":\"WebPage\",\"@id\":\"https:\/\/noticiasemdestaque.com\/cd\/?p=5802\",\"url\":\"https:\/\/noticiasemdestaque.com\/cd\/?p=5802\",\"name\":\"Petrobras aprova reajustes de 2,3% na gasolina e de 1,9% para diesel - Not&iacute;cias em Destaque\",\"isPartOf\":{\"@id\":\"https:\/\/noticiasemdestaque.com\/cd\/#website\"},\"primaryImageOfPage\":{\"@id\":\"https:\/\/noticiasemdestaque.com\/cd\/?p=5802#primaryimage\"},\"image\":{\"@id\":\"https:\/\/noticiasemdestaque.com\/cd\/?p=5802#primaryimage\"},\"thumbnailUrl\":\"https:\/\/noticiasemdestaque.com\/cd\/wp-content\/uploads\/2017\/11\/1476437602-979417939.jpg\",\"datePublished\":\"2017-11-06T23:01:29+00:00\",\"breadcrumb\":{\"@id\":\"https:\/\/noticiasemdestaque.com\/cd\/?p=5802#breadcrumb\"},\"inLanguage\":\"pt-BR\",\"potentialAction\":[{\"@type\":\"ReadAction\",\"target\":[\"https:\/\/noticiasemdestaque.com\/cd\/?p=5802\"]}]},{\"@type\":\"ImageObject\",\"inLanguage\":\"pt-BR\",\"@id\":\"https:\/\/noticiasemdestaque.com\/cd\/?p=5802#primaryimage\",\"url\":\"https:\/\/noticiasemdestaque.com\/cd\/wp-content\/uploads\/2017\/11\/1476437602-979417939.jpg\",\"contentUrl\":\"https:\/\/noticiasemdestaque.com\/cd\/wp-content\/uploads\/2017\/11\/1476437602-979417939.jpg\",\"width\":720,\"height\":413},{\"@type\":\"BreadcrumbList\",\"@id\":\"https:\/\/noticiasemdestaque.com\/cd\/?p=5802#breadcrumb\",\"itemListElement\":[{\"@type\":\"ListItem\",\"position\":1,\"name\":\"In\u00edcio\",\"item\":\"https:\/\/noticiasemdestaque.com\/cd\/\"},{\"@type\":\"ListItem\",\"position\":2,\"name\":\"Petrobras aprova reajustes de 2,3% na gasolina e de 1,9% para diesel\"}]},{\"@type\":\"WebSite\",\"@id\":\"https:\/\/noticiasemdestaque.com\/cd\/#website\",\"url\":\"https:\/\/noticiasemdestaque.com\/cd\/\",\"name\":\"Not&iacute;cias em Destaque\",\"description\":\"\",\"publisher\":{\"@id\":\"https:\/\/noticiasemdestaque.com\/cd\/#organization\"},\"potentialAction\":[{\"@type\":\"SearchAction\",\"target\":{\"@type\":\"EntryPoint\",\"urlTemplate\":\"https:\/\/noticiasemdestaque.com\/cd\/?s={search_term_string}\"},\"query-input\":{\"@type\":\"PropertyValueSpecification\",\"valueRequired\":true,\"valueName\":\"search_term_string\"}}],\"inLanguage\":\"pt-BR\"},{\"@type\":\"Organization\",\"@id\":\"https:\/\/noticiasemdestaque.com\/cd\/#organization\",\"name\":\"Not\u00edcias em Destaque\",\"url\":\"https:\/\/noticiasemdestaque.com\/cd\/\",\"logo\":{\"@type\":\"ImageObject\",\"inLanguage\":\"pt-BR\",\"@id\":\"https:\/\/noticiasemdestaque.com\/cd\/#\/schema\/logo\/image\/\",\"url\":\"https:\/\/noticiasemdestaque.com\/cd\/wp-content\/uploads\/2022\/05\/imagem-base-noticiasemdestaque.png\",\"contentUrl\":\"https:\/\/noticiasemdestaque.com\/cd\/wp-content\/uploads\/2022\/05\/imagem-base-noticiasemdestaque.png\",\"width\":1200,\"height\":630,\"caption\":\"Not\u00edcias em Destaque\"},\"image\":{\"@id\":\"https:\/\/noticiasemdestaque.com\/cd\/#\/schema\/logo\/image\/\"}},{\"@type\":\"Person\",\"@id\":\"https:\/\/noticiasemdestaque.com\/cd\/#\/schema\/person\/21320b03a7e8bb90128938dafc9b908a\",\"name\":\"Not\u00edcias em Destaque\",\"url\":\"https:\/\/noticiasemdestaque.com\/cd\/?author=2\"}]}<\/script>\n<!-- \/ Yoast SEO plugin. -->","yoast_head_json":{"title":"Petrobras aprova reajustes de 2,3% na gasolina e de 1,9% para diesel - Not&iacute;cias em Destaque","robots":{"index":"index","follow":"follow","max-snippet":"max-snippet:-1","max-image-preview":"max-image-preview:large","max-video-preview":"max-video-preview:-1"},"canonical":"https:\/\/noticiasemdestaque.com\/cd\/?p=5802","og_locale":"pt_BR","og_type":"article","og_title":"Petrobras aprova reajustes de 2,3% na gasolina e de 1,9% para diesel - Not&iacute;cias em Destaque","og_description":"A Petrobras autorizou nesta segunda-feira alta de 2,3 por cento para a gasolina e aumento de 1,9 por cento para o diesel nas suas refinarias, a partir de ter\u00e7a-feira, devido principalmente ao aumento das cota\u00e7\u00f5es dos produtos e do petr\u00f3leo no mercado internacional, informou a empresa em nota \u00e0 imprensa. A decis\u00e3o foi tomada pelo Grupo Executivo de Mercado e Pre\u00e7os (GEMP), que atua quando h\u00e1 necessidade de reajustar os combust\u00edveis em mais de 7 por cento para cima ou para baixo em um \u00fanico m\u00eas. &#8220;O reajuste foi causado principalmente pelo aumento das cota\u00e7\u00f5es dos produtos e do petr\u00f3leo no mercado exterior, influenciado pela geopol\u00edtica internacional, assim como pela continuidade da pol\u00edtica de conten\u00e7\u00e3o da oferta pela Organiza\u00e7\u00e3o dos Pa\u00edses Produtores de Petr\u00f3leo (Opep)&#8221;, disse a Petrobras. Al\u00e9m disso, verificou-se uma deprecia\u00e7\u00e3o do valor do real frente ao d\u00f3lar, acrescentou a empresa. A avalia\u00e7\u00e3o dos representantes do GEMP \u00e9 que a pol\u00edtica de pre\u00e7os definida pela Petrobras, de reajustes quase que di\u00e1rios pela \u00e1rea t\u00e9cnica, tem sido capaz de garantir a ader\u00eancia dos pre\u00e7os praticados pela companhia \u00e0s volatilidades dos mercados de derivados e ao c\u00e2mbio. Com os ajustes definidos hoje, a \u00e1rea de marketing e comercializa\u00e7\u00e3o da Petrobras volta a contar com uma faixa de -7 por cento a +7 por cento para operar os movimentos de pre\u00e7os necess\u00e1rios ao longo do m\u00eas. &#8220;Caso este limite seja novamente ultrapassado, o GEMP realizar\u00e1 novas reuni\u00f5es ao longo do per\u00edodo.&#8221; Cariri em Destaque Extra","og_url":"https:\/\/noticiasemdestaque.com\/cd\/?p=5802","og_site_name":"Not&iacute;cias em Destaque","article_published_time":"2017-11-06T23:01:29+00:00","og_image":[{"width":720,"height":413,"url":"https:\/\/noticiasemdestaque.com\/cd\/wp-content\/uploads\/2017\/11\/1476437602-979417939.jpg","type":"image\/jpeg"}],"author":"Not\u00edcias em Destaque","twitter_card":"summary_large_image","twitter_misc":{"Escrito por":"Not\u00edcias em Destaque","Est. tempo de leitura":"1 minuto"},"schema":{"@context":"https:\/\/schema.org","@graph":[{"@type":"Article","@id":"https:\/\/noticiasemdestaque.com\/cd\/?p=5802#article","isPartOf":{"@id":"https:\/\/noticiasemdestaque.com\/cd\/?p=5802"},"author":{"name":"Not\u00edcias em Destaque","@id":"https:\/\/noticiasemdestaque.com\/cd\/#\/schema\/person\/21320b03a7e8bb90128938dafc9b908a"},"headline":"Petrobras aprova reajustes de 2,3% na gasolina e de 1,9% para diesel","datePublished":"2017-11-06T23:01:29+00:00","mainEntityOfPage":{"@id":"https:\/\/noticiasemdestaque.com\/cd\/?p=5802"},"wordCount":280,"publisher":{"@id":"https:\/\/noticiasemdestaque.com\/cd\/#organization"},"image":{"@id":"https:\/\/noticiasemdestaque.com\/cd\/?p=5802#primaryimage"},"thumbnailUrl":"https:\/\/noticiasemdestaque.com\/cd\/wp-content\/uploads\/2017\/11\/1476437602-979417939.jpg","articleSection":["Educa\u00e7\u00e3o"],"inLanguage":"pt-BR"},{"@type":"WebPage","@id":"https:\/\/noticiasemdestaque.com\/cd\/?p=5802","url":"https:\/\/noticiasemdestaque.com\/cd\/?p=5802","name":"Petrobras aprova reajustes de 2,3% na gasolina e de 1,9% para diesel - Not&iacute;cias em Destaque","isPartOf":{"@id":"https:\/\/noticiasemdestaque.com\/cd\/#website"},"primaryImageOfPage":{"@id":"https:\/\/noticiasemdestaque.com\/cd\/?p=5802#primaryimage"},"image":{"@id":"https:\/\/noticiasemdestaque.com\/cd\/?p=5802#primaryimage"},"thumbnailUrl":"https:\/\/noticiasemdestaque.com\/cd\/wp-content\/uploads\/2017\/11\/1476437602-979417939.jpg","datePublished":"2017-11-06T23:01:29+00:00","breadcrumb":{"@id":"https:\/\/noticiasemdestaque.com\/cd\/?p=5802#breadcrumb"},"inLanguage":"pt-BR","potentialAction":[{"@type":"ReadAction","target":["https:\/\/noticiasemdestaque.com\/cd\/?p=5802"]}]},{"@type":"ImageObject","inLanguage":"pt-BR","@id":"https:\/\/noticiasemdestaque.com\/cd\/?p=5802#primaryimage","url":"https:\/\/noticiasemdestaque.com\/cd\/wp-content\/uploads\/2017\/11\/1476437602-979417939.jpg","contentUrl":"https:\/\/noticiasemdestaque.com\/cd\/wp-content\/uploads\/2017\/11\/1476437602-979417939.jpg","width":720,"height":413},{"@type":"BreadcrumbList","@id":"https:\/\/noticiasemdestaque.com\/cd\/?p=5802#breadcrumb","itemListElement":[{"@type":"ListItem","position":1,"name":"In\u00edcio","item":"https:\/\/noticiasemdestaque.com\/cd\/"},{"@type":"ListItem","position":2,"name":"Petrobras aprova reajustes de 2,3% na gasolina e de 1,9% para diesel"}]},{"@type":"WebSite","@id":"https:\/\/noticiasemdestaque.com\/cd\/#website","url":"https:\/\/noticiasemdestaque.com\/cd\/","name":"Not&iacute;cias em Destaque","description":"","publisher":{"@id":"https:\/\/noticiasemdestaque.com\/cd\/#organization"},"potentialAction":[{"@type":"SearchAction","target":{"@type":"EntryPoint","urlTemplate":"https:\/\/noticiasemdestaque.com\/cd\/?s={search_term_string}"},"query-input":{"@type":"PropertyValueSpecification","valueRequired":true,"valueName":"search_term_string"}}],"inLanguage":"pt-BR"},{"@type":"Organization","@id":"https:\/\/noticiasemdestaque.com\/cd\/#organization","name":"Not\u00edcias em Destaque","url":"https:\/\/noticiasemdestaque.com\/cd\/","logo":{"@type":"ImageObject","inLanguage":"pt-BR","@id":"https:\/\/noticiasemdestaque.com\/cd\/#\/schema\/logo\/image\/","url":"https:\/\/noticiasemdestaque.com\/cd\/wp-content\/uploads\/2022\/05\/imagem-base-noticiasemdestaque.png","contentUrl":"https:\/\/noticiasemdestaque.com\/cd\/wp-content\/uploads\/2022\/05\/imagem-base-noticiasemdestaque.png","width":1200,"height":630,"caption":"Not\u00edcias em Destaque"},"image":{"@id":"https:\/\/noticiasemdestaque.com\/cd\/#\/schema\/logo\/image\/"}},{"@type":"Person","@id":"https:\/\/noticiasemdestaque.com\/cd\/#\/schema\/person\/21320b03a7e8bb90128938dafc9b908a","name":"Not\u00edcias em Destaque","url":"https:\/\/noticiasemdestaque.com\/cd\/?author=2"}]}},"jetpack_featured_media_url":"https:\/\/noticiasemdestaque.com\/cd\/wp-content\/uploads\/2017\/11\/1476437602-979417939.jpg","jetpack_sharing_enabled":true,"_links":{"self":[{"href":"https:\/\/noticiasemdestaque.com\/cd\/index.php?rest_route=\/wp\/v2\/posts\/5802","targetHints":{"allow":["GET"]}}],"collection":[{"href":"https:\/\/noticiasemdestaque.com\/cd\/index.php?rest_route=\/wp\/v2\/posts"}],"about":[{"href":"https:\/\/noticiasemdestaque.com\/cd\/index.php?rest_route=\/wp\/v2\/types\/post"}],"author":[{"embeddable":true,"href":"https:\/\/noticiasemdestaque.com\/cd\/index.php?rest_route=\/wp\/v2\/users\/2"}],"replies":[{"embeddable":true,"href":"https:\/\/noticiasemdestaque.com\/cd\/index.php?rest_route=%2Fwp%2Fv2%2Fcomments&post=5802"}],"version-history":[{"count":1,"href":"https:\/\/noticiasemdestaque.com\/cd\/index.php?rest_route=\/wp\/v2\/posts\/5802\/revisions"}],"predecessor-version":[{"id":5804,"href":"https:\/\/noticiasemdestaque.com\/cd\/index.php?rest_route=\/wp\/v2\/posts\/5802\/revisions\/5804"}],"wp:featuredmedia":[{"embeddable":true,"href":"https:\/\/noticiasemdestaque.com\/cd\/index.php?rest_route=\/wp\/v2\/media\/5803"}],"wp:attachment":[{"href":"https:\/\/noticiasemdestaque.com\/cd\/index.php?rest_route=%2Fwp%2Fv2%2Fmedia&parent=5802"}],"wp:term":[{"taxonomy":"category","embeddable":true,"href":"https:\/\/noticiasemdestaque.com\/cd\/index.php?rest_route=%2Fwp%2Fv2%2Fcategories&post=5802"},{"taxonomy":"post_tag","embeddable":true,"href":"https:\/\/noticiasemdestaque.com\/cd\/index.php?rest_route=%2Fwp%2Fv2%2Ftags&post=5802"}],"curies":[{"name":"wp","href":"https:\/\/api.w.org\/{rel}","templated":true}]}}