{"id":5779,"date":"2017-11-06T13:57:51","date_gmt":"2017-11-06T16:57:51","guid":{"rendered":"http:\/\/caririemdestaque.com\/cd\/?p=5779"},"modified":"2017-11-06T13:57:51","modified_gmt":"2017-11-06T16:57:51","slug":"machismo-e-barreira-para-a-prevencao-ao-cancer-de-prostata","status":"publish","type":"post","link":"https:\/\/noticiasemdestaque.com\/cd\/?p=5779","title":{"rendered":"Machismo \u00e9 barreira para a preven\u00e7\u00e3o ao c\u00e2ncer de pr\u00f3stata"},"content":{"rendered":"<p><a href=\"http:\/\/caririemdestaque.com\/cd\/wp-content\/uploads\/2017\/11\/medico-300x200.jpg\"><img decoding=\"async\" class=\"size-thumbnail wp-image-5780 alignleft\" src=\"http:\/\/caririemdestaque.com\/cd\/wp-content\/uploads\/2017\/11\/medico-300x200-150x150.jpg\" alt=\"\" width=\"150\" height=\"150\" \/><\/a>O Novembro Azul, uma campanha de conscientiza\u00e7\u00e3o realizada por diversas entidades e dirigida \u00e0 sociedade e, em especial, aos homens, precisa ser visualizado n\u00e3o apenas como um m\u00eas que luta contra o c\u00e2ncer de pr\u00f3stata, mas como um momento de discuss\u00f5es e aten\u00e7\u00e3o a outras tantas causas de doen\u00e7as e condi\u00e7\u00f5es masculinas. A observa\u00e7\u00e3o \u00e9 da professora da Universidade Federal de Campina Grande (UFCG), Jocelly de Ara\u00fajo Ferreira, especialista em Sa\u00fade P\u00fablica e Terapia Intensiva e pesquisadora em G\u00eanero e Sa\u00fade Masculina, Necessidades de Sa\u00fade e Aten\u00e7\u00e3o Domiciliar.<\/p>\n<p>Ela afirma, em uma an\u00e1lise mais acurada, que \u00e9 preciso enxergar nessa campanha a oportunidade de cuidar dos homens e de estimular que eles se cuidem. \u201cPrecisamos reconhecer e entender sobre diversos determinantes que levam a popula\u00e7\u00e3o masculina a \u00f3bitos e a quadros de cronicidade, de incapacidades f\u00edsicas e mentais, associados a uma ideologia de vida que eles adotam como certa\u201d, examina. Jocelly Ferreira considera que a busca pelos servi\u00e7os de sa\u00fade por esse grupo populacional apresenta muitas barreiras, e ter uma visibilidade em massa em rela\u00e7\u00e3o a isso, significa um pr\u00e9stimo e aten\u00e7\u00e3o para os homens, ou seja, uma preocupa\u00e7\u00e3o a mais dos governantes, profissionais e dos demais cidad\u00e3os para com eles.<\/p>\n<p>\u201cIsso desenvolve no eu masculino a aproxima\u00e7\u00e3o com o cuidado, com o zelo, o que se torna crucial para que os homens reconhe\u00e7am que os servi\u00e7os de sa\u00fade tamb\u00e9m est\u00e3o prontos para assisti-los\u201d, analisa. Em sua avalia\u00e7\u00e3o, Jocelly verifica que, na atualidade e na maioria dos casos, os homens em idade f\u00e9rtil, quando n\u00e3o mortos, est\u00e3o presos, limitados a um leito, devido ao desvelo com que gerenciam a sua vida. Os idosos vivendo mais, mas muitas vezes sem qualidade.<\/p>\n<p>Os adolescentes envolvidos com drogas e viol\u00eancia, por vezes n\u00e3o conseguem ao menos chegar na idade adulta. Ela explica que, de uma maneira geral, \u00e9 muito baixa a procura dos homens pelos servi\u00e7os de sa\u00fade que prezam pela preven\u00e7\u00e3o de doen\u00e7as e promo\u00e7\u00e3o \u00e0 sa\u00fade, em contram\u00e3o ao que acontece quando se trata dos servi\u00e7os de sa\u00fade de aten\u00e7\u00e3o secund\u00e1ria e terci\u00e1ria, compreendido pelos pronto-atendimentos hospitalares de urg\u00eancia e emerg\u00eancia. \u201cEste fato est\u00e1 atrelado aos padr\u00f5es de masculinidade hegem\u00f4nica, que confere aos homens caracter\u00edsticas r\u00edgidas, no que diz respeito a eles se sentirem invulner\u00e1veis, fortes, dominadores, entre outros predicativos, que na nossa cultura resumimos no voc\u00e1bulo machista\u201d, observa.<\/p>\n<p>Fonte: PBAgora<\/p>\n","protected":false},"excerpt":{"rendered":"<p>O Novembro Azul, uma campanha de conscientiza\u00e7\u00e3o realizada por diversas entidades e dirigida \u00e0 sociedade e, em especial, aos homens, precisa ser visualizado n\u00e3o apenas como um m\u00eas que luta contra o c\u00e2ncer de pr\u00f3stata, mas como um momento de discuss\u00f5es e aten\u00e7\u00e3o a outras tantas causas de doen\u00e7as e condi\u00e7\u00f5es masculinas. A observa\u00e7\u00e3o \u00e9 da professora da Universidade Federal de Campina Grande (UFCG), Jocelly de Ara\u00fajo Ferreira, especialista em Sa\u00fade P\u00fablica e Terapia Intensiva e pesquisadora em G\u00eanero e Sa\u00fade Masculina, Necessidades de Sa\u00fade e Aten\u00e7\u00e3o Domiciliar. Ela afirma, em uma an\u00e1lise mais acurada, que \u00e9 preciso enxergar nessa campanha a oportunidade de cuidar dos homens e de estimular que eles se cuidem. \u201cPrecisamos reconhecer e entender sobre diversos determinantes que levam a popula\u00e7\u00e3o masculina a \u00f3bitos e a quadros de cronicidade, de incapacidades f\u00edsicas e mentais, associados a uma ideologia de vida que eles adotam como certa\u201d, examina. Jocelly Ferreira considera que a busca pelos servi\u00e7os de sa\u00fade por esse grupo populacional apresenta muitas barreiras, e ter uma visibilidade em massa em rela\u00e7\u00e3o a isso, significa um pr\u00e9stimo e aten\u00e7\u00e3o para os homens, ou seja, uma preocupa\u00e7\u00e3o a mais dos governantes, profissionais e dos demais cidad\u00e3os para com eles. \u201cIsso desenvolve no eu masculino a aproxima\u00e7\u00e3o com o cuidado, com o zelo, o que se torna crucial para que os homens reconhe\u00e7am que os servi\u00e7os de sa\u00fade tamb\u00e9m est\u00e3o prontos para assisti-los\u201d, analisa. Em sua avalia\u00e7\u00e3o, Jocelly verifica que, na atualidade e na maioria dos casos, os homens em idade f\u00e9rtil, quando n\u00e3o mortos, est\u00e3o presos, limitados a um leito, devido ao desvelo com que gerenciam a sua vida. Os idosos vivendo mais, mas muitas vezes sem qualidade. Os adolescentes envolvidos com drogas e viol\u00eancia, por vezes n\u00e3o conseguem ao menos chegar na idade adulta. Ela explica que, de uma maneira geral, \u00e9 muito baixa a procura dos homens pelos servi\u00e7os de sa\u00fade que prezam pela preven\u00e7\u00e3o de doen\u00e7as e promo\u00e7\u00e3o \u00e0 sa\u00fade, em contram\u00e3o ao que acontece quando se trata dos servi\u00e7os de sa\u00fade de aten\u00e7\u00e3o secund\u00e1ria e terci\u00e1ria, compreendido pelos pronto-atendimentos hospitalares de urg\u00eancia e emerg\u00eancia. \u201cEste fato est\u00e1 atrelado aos padr\u00f5es de masculinidade hegem\u00f4nica, que confere aos homens caracter\u00edsticas r\u00edgidas, no que diz respeito a eles se sentirem invulner\u00e1veis, fortes, dominadores, entre outros predicativos, que na nossa cultura resumimos no voc\u00e1bulo machista\u201d, observa. Fonte: PBAgora<\/p>\n","protected":false},"author":2,"featured_media":5780,"comment_status":"closed","ping_status":"open","sticky":false,"template":"","format":"standard","meta":{"_eb_attr":"","_jetpack_memberships_contains_paid_content":false,"footnotes":""},"categories":[8],"tags":[],"class_list":["post-5779","post","type-post","status-publish","format-standard","has-post-thumbnail","hentry","category-saude"],"yoast_head":"<!-- This site is optimized with the Yoast SEO plugin v26.5 - https:\/\/yoast.com\/wordpress\/plugins\/seo\/ -->\n<title>Machismo \u00e9 barreira para a preven\u00e7\u00e3o ao c\u00e2ncer de pr\u00f3stata - Not&iacute;cias em Destaque<\/title>\n<meta name=\"robots\" content=\"index, follow, max-snippet:-1, max-image-preview:large, max-video-preview:-1\" \/>\n<link rel=\"canonical\" href=\"https:\/\/noticiasemdestaque.com\/cd\/?p=5779\" \/>\n<meta property=\"og:locale\" content=\"pt_BR\" \/>\n<meta property=\"og:type\" content=\"article\" \/>\n<meta property=\"og:title\" content=\"Machismo \u00e9 barreira para a preven\u00e7\u00e3o ao c\u00e2ncer de pr\u00f3stata - Not&iacute;cias em Destaque\" \/>\n<meta property=\"og:description\" content=\"O Novembro Azul, uma campanha de conscientiza\u00e7\u00e3o realizada por diversas entidades e dirigida \u00e0 sociedade e, em especial, aos homens, precisa ser visualizado n\u00e3o apenas como um m\u00eas que luta contra o c\u00e2ncer de pr\u00f3stata, mas como um momento de discuss\u00f5es e aten\u00e7\u00e3o a outras tantas causas de doen\u00e7as e condi\u00e7\u00f5es masculinas. A observa\u00e7\u00e3o \u00e9 da professora da Universidade Federal de Campina Grande (UFCG), Jocelly de Ara\u00fajo Ferreira, especialista em Sa\u00fade P\u00fablica e Terapia Intensiva e pesquisadora em G\u00eanero e Sa\u00fade Masculina, Necessidades de Sa\u00fade e Aten\u00e7\u00e3o Domiciliar. Ela afirma, em uma an\u00e1lise mais acurada, que \u00e9 preciso enxergar nessa campanha a oportunidade de cuidar dos homens e de estimular que eles se cuidem. \u201cPrecisamos reconhecer e entender sobre diversos determinantes que levam a popula\u00e7\u00e3o masculina a \u00f3bitos e a quadros de cronicidade, de incapacidades f\u00edsicas e mentais, associados a uma ideologia de vida que eles adotam como certa\u201d, examina. Jocelly Ferreira considera que a busca pelos servi\u00e7os de sa\u00fade por esse grupo populacional apresenta muitas barreiras, e ter uma visibilidade em massa em rela\u00e7\u00e3o a isso, significa um pr\u00e9stimo e aten\u00e7\u00e3o para os homens, ou seja, uma preocupa\u00e7\u00e3o a mais dos governantes, profissionais e dos demais cidad\u00e3os para com eles. \u201cIsso desenvolve no eu masculino a aproxima\u00e7\u00e3o com o cuidado, com o zelo, o que se torna crucial para que os homens reconhe\u00e7am que os servi\u00e7os de sa\u00fade tamb\u00e9m est\u00e3o prontos para assisti-los\u201d, analisa. Em sua avalia\u00e7\u00e3o, Jocelly verifica que, na atualidade e na maioria dos casos, os homens em idade f\u00e9rtil, quando n\u00e3o mortos, est\u00e3o presos, limitados a um leito, devido ao desvelo com que gerenciam a sua vida. Os idosos vivendo mais, mas muitas vezes sem qualidade. Os adolescentes envolvidos com drogas e viol\u00eancia, por vezes n\u00e3o conseguem ao menos chegar na idade adulta. Ela explica que, de uma maneira geral, \u00e9 muito baixa a procura dos homens pelos servi\u00e7os de sa\u00fade que prezam pela preven\u00e7\u00e3o de doen\u00e7as e promo\u00e7\u00e3o \u00e0 sa\u00fade, em contram\u00e3o ao que acontece quando se trata dos servi\u00e7os de sa\u00fade de aten\u00e7\u00e3o secund\u00e1ria e terci\u00e1ria, compreendido pelos pronto-atendimentos hospitalares de urg\u00eancia e emerg\u00eancia. \u201cEste fato est\u00e1 atrelado aos padr\u00f5es de masculinidade hegem\u00f4nica, que confere aos homens caracter\u00edsticas r\u00edgidas, no que diz respeito a eles se sentirem invulner\u00e1veis, fortes, dominadores, entre outros predicativos, que na nossa cultura resumimos no voc\u00e1bulo machista\u201d, observa. Fonte: PBAgora\" \/>\n<meta property=\"og:url\" content=\"https:\/\/noticiasemdestaque.com\/cd\/?p=5779\" \/>\n<meta property=\"og:site_name\" content=\"Not&iacute;cias em Destaque\" \/>\n<meta property=\"article:published_time\" content=\"2017-11-06T16:57:51+00:00\" \/>\n<meta property=\"og:image\" content=\"https:\/\/noticiasemdestaque.com\/cd\/wp-content\/uploads\/2017\/11\/medico-300x200.jpg\" \/>\n\t<meta property=\"og:image:width\" content=\"300\" \/>\n\t<meta property=\"og:image:height\" content=\"200\" \/>\n\t<meta property=\"og:image:type\" content=\"image\/jpeg\" \/>\n<meta name=\"author\" content=\"Not\u00edcias em Destaque\" \/>\n<meta name=\"twitter:card\" content=\"summary_large_image\" \/>\n<meta name=\"twitter:label1\" content=\"Escrito por\" \/>\n\t<meta name=\"twitter:data1\" content=\"Not\u00edcias em Destaque\" \/>\n\t<meta name=\"twitter:label2\" content=\"Est. tempo de leitura\" \/>\n\t<meta name=\"twitter:data2\" content=\"2 minutos\" \/>\n<script type=\"application\/ld+json\" class=\"yoast-schema-graph\">{\"@context\":\"https:\/\/schema.org\",\"@graph\":[{\"@type\":\"Article\",\"@id\":\"https:\/\/noticiasemdestaque.com\/cd\/?p=5779#article\",\"isPartOf\":{\"@id\":\"https:\/\/noticiasemdestaque.com\/cd\/?p=5779\"},\"author\":{\"name\":\"Not\u00edcias em Destaque\",\"@id\":\"https:\/\/noticiasemdestaque.com\/cd\/#\/schema\/person\/21320b03a7e8bb90128938dafc9b908a\"},\"headline\":\"Machismo \u00e9 barreira para a preven\u00e7\u00e3o ao c\u00e2ncer de pr\u00f3stata\",\"datePublished\":\"2017-11-06T16:57:51+00:00\",\"mainEntityOfPage\":{\"@id\":\"https:\/\/noticiasemdestaque.com\/cd\/?p=5779\"},\"wordCount\":456,\"publisher\":{\"@id\":\"https:\/\/noticiasemdestaque.com\/cd\/#organization\"},\"image\":{\"@id\":\"https:\/\/noticiasemdestaque.com\/cd\/?p=5779#primaryimage\"},\"thumbnailUrl\":\"https:\/\/noticiasemdestaque.com\/cd\/wp-content\/uploads\/2017\/11\/medico-300x200.jpg\",\"articleSection\":[\"Sa\u00fade\"],\"inLanguage\":\"pt-BR\"},{\"@type\":\"WebPage\",\"@id\":\"https:\/\/noticiasemdestaque.com\/cd\/?p=5779\",\"url\":\"https:\/\/noticiasemdestaque.com\/cd\/?p=5779\",\"name\":\"Machismo \u00e9 barreira para a preven\u00e7\u00e3o ao c\u00e2ncer de pr\u00f3stata - Not&iacute;cias em Destaque\",\"isPartOf\":{\"@id\":\"https:\/\/noticiasemdestaque.com\/cd\/#website\"},\"primaryImageOfPage\":{\"@id\":\"https:\/\/noticiasemdestaque.com\/cd\/?p=5779#primaryimage\"},\"image\":{\"@id\":\"https:\/\/noticiasemdestaque.com\/cd\/?p=5779#primaryimage\"},\"thumbnailUrl\":\"https:\/\/noticiasemdestaque.com\/cd\/wp-content\/uploads\/2017\/11\/medico-300x200.jpg\",\"datePublished\":\"2017-11-06T16:57:51+00:00\",\"breadcrumb\":{\"@id\":\"https:\/\/noticiasemdestaque.com\/cd\/?p=5779#breadcrumb\"},\"inLanguage\":\"pt-BR\",\"potentialAction\":[{\"@type\":\"ReadAction\",\"target\":[\"https:\/\/noticiasemdestaque.com\/cd\/?p=5779\"]}]},{\"@type\":\"ImageObject\",\"inLanguage\":\"pt-BR\",\"@id\":\"https:\/\/noticiasemdestaque.com\/cd\/?p=5779#primaryimage\",\"url\":\"https:\/\/noticiasemdestaque.com\/cd\/wp-content\/uploads\/2017\/11\/medico-300x200.jpg\",\"contentUrl\":\"https:\/\/noticiasemdestaque.com\/cd\/wp-content\/uploads\/2017\/11\/medico-300x200.jpg\",\"width\":300,\"height\":200},{\"@type\":\"BreadcrumbList\",\"@id\":\"https:\/\/noticiasemdestaque.com\/cd\/?p=5779#breadcrumb\",\"itemListElement\":[{\"@type\":\"ListItem\",\"position\":1,\"name\":\"In\u00edcio\",\"item\":\"https:\/\/noticiasemdestaque.com\/cd\/\"},{\"@type\":\"ListItem\",\"position\":2,\"name\":\"Machismo \u00e9 barreira para a preven\u00e7\u00e3o ao c\u00e2ncer de pr\u00f3stata\"}]},{\"@type\":\"WebSite\",\"@id\":\"https:\/\/noticiasemdestaque.com\/cd\/#website\",\"url\":\"https:\/\/noticiasemdestaque.com\/cd\/\",\"name\":\"Not&iacute;cias em Destaque\",\"description\":\"\",\"publisher\":{\"@id\":\"https:\/\/noticiasemdestaque.com\/cd\/#organization\"},\"potentialAction\":[{\"@type\":\"SearchAction\",\"target\":{\"@type\":\"EntryPoint\",\"urlTemplate\":\"https:\/\/noticiasemdestaque.com\/cd\/?s={search_term_string}\"},\"query-input\":{\"@type\":\"PropertyValueSpecification\",\"valueRequired\":true,\"valueName\":\"search_term_string\"}}],\"inLanguage\":\"pt-BR\"},{\"@type\":\"Organization\",\"@id\":\"https:\/\/noticiasemdestaque.com\/cd\/#organization\",\"name\":\"Not\u00edcias em Destaque\",\"url\":\"https:\/\/noticiasemdestaque.com\/cd\/\",\"logo\":{\"@type\":\"ImageObject\",\"inLanguage\":\"pt-BR\",\"@id\":\"https:\/\/noticiasemdestaque.com\/cd\/#\/schema\/logo\/image\/\",\"url\":\"https:\/\/noticiasemdestaque.com\/cd\/wp-content\/uploads\/2022\/05\/imagem-base-noticiasemdestaque.png\",\"contentUrl\":\"https:\/\/noticiasemdestaque.com\/cd\/wp-content\/uploads\/2022\/05\/imagem-base-noticiasemdestaque.png\",\"width\":1200,\"height\":630,\"caption\":\"Not\u00edcias em Destaque\"},\"image\":{\"@id\":\"https:\/\/noticiasemdestaque.com\/cd\/#\/schema\/logo\/image\/\"}},{\"@type\":\"Person\",\"@id\":\"https:\/\/noticiasemdestaque.com\/cd\/#\/schema\/person\/21320b03a7e8bb90128938dafc9b908a\",\"name\":\"Not\u00edcias em Destaque\",\"url\":\"https:\/\/noticiasemdestaque.com\/cd\/?author=2\"}]}<\/script>\n<!-- \/ Yoast SEO plugin. -->","yoast_head_json":{"title":"Machismo \u00e9 barreira para a preven\u00e7\u00e3o ao c\u00e2ncer de pr\u00f3stata - Not&iacute;cias em Destaque","robots":{"index":"index","follow":"follow","max-snippet":"max-snippet:-1","max-image-preview":"max-image-preview:large","max-video-preview":"max-video-preview:-1"},"canonical":"https:\/\/noticiasemdestaque.com\/cd\/?p=5779","og_locale":"pt_BR","og_type":"article","og_title":"Machismo \u00e9 barreira para a preven\u00e7\u00e3o ao c\u00e2ncer de pr\u00f3stata - Not&iacute;cias em Destaque","og_description":"O Novembro Azul, uma campanha de conscientiza\u00e7\u00e3o realizada por diversas entidades e dirigida \u00e0 sociedade e, em especial, aos homens, precisa ser visualizado n\u00e3o apenas como um m\u00eas que luta contra o c\u00e2ncer de pr\u00f3stata, mas como um momento de discuss\u00f5es e aten\u00e7\u00e3o a outras tantas causas de doen\u00e7as e condi\u00e7\u00f5es masculinas. A observa\u00e7\u00e3o \u00e9 da professora da Universidade Federal de Campina Grande (UFCG), Jocelly de Ara\u00fajo Ferreira, especialista em Sa\u00fade P\u00fablica e Terapia Intensiva e pesquisadora em G\u00eanero e Sa\u00fade Masculina, Necessidades de Sa\u00fade e Aten\u00e7\u00e3o Domiciliar. Ela afirma, em uma an\u00e1lise mais acurada, que \u00e9 preciso enxergar nessa campanha a oportunidade de cuidar dos homens e de estimular que eles se cuidem. \u201cPrecisamos reconhecer e entender sobre diversos determinantes que levam a popula\u00e7\u00e3o masculina a \u00f3bitos e a quadros de cronicidade, de incapacidades f\u00edsicas e mentais, associados a uma ideologia de vida que eles adotam como certa\u201d, examina. Jocelly Ferreira considera que a busca pelos servi\u00e7os de sa\u00fade por esse grupo populacional apresenta muitas barreiras, e ter uma visibilidade em massa em rela\u00e7\u00e3o a isso, significa um pr\u00e9stimo e aten\u00e7\u00e3o para os homens, ou seja, uma preocupa\u00e7\u00e3o a mais dos governantes, profissionais e dos demais cidad\u00e3os para com eles. \u201cIsso desenvolve no eu masculino a aproxima\u00e7\u00e3o com o cuidado, com o zelo, o que se torna crucial para que os homens reconhe\u00e7am que os servi\u00e7os de sa\u00fade tamb\u00e9m est\u00e3o prontos para assisti-los\u201d, analisa. Em sua avalia\u00e7\u00e3o, Jocelly verifica que, na atualidade e na maioria dos casos, os homens em idade f\u00e9rtil, quando n\u00e3o mortos, est\u00e3o presos, limitados a um leito, devido ao desvelo com que gerenciam a sua vida. Os idosos vivendo mais, mas muitas vezes sem qualidade. Os adolescentes envolvidos com drogas e viol\u00eancia, por vezes n\u00e3o conseguem ao menos chegar na idade adulta. Ela explica que, de uma maneira geral, \u00e9 muito baixa a procura dos homens pelos servi\u00e7os de sa\u00fade que prezam pela preven\u00e7\u00e3o de doen\u00e7as e promo\u00e7\u00e3o \u00e0 sa\u00fade, em contram\u00e3o ao que acontece quando se trata dos servi\u00e7os de sa\u00fade de aten\u00e7\u00e3o secund\u00e1ria e terci\u00e1ria, compreendido pelos pronto-atendimentos hospitalares de urg\u00eancia e emerg\u00eancia. \u201cEste fato est\u00e1 atrelado aos padr\u00f5es de masculinidade hegem\u00f4nica, que confere aos homens caracter\u00edsticas r\u00edgidas, no que diz respeito a eles se sentirem invulner\u00e1veis, fortes, dominadores, entre outros predicativos, que na nossa cultura resumimos no voc\u00e1bulo machista\u201d, observa. Fonte: PBAgora","og_url":"https:\/\/noticiasemdestaque.com\/cd\/?p=5779","og_site_name":"Not&iacute;cias em Destaque","article_published_time":"2017-11-06T16:57:51+00:00","og_image":[{"width":300,"height":200,"url":"https:\/\/noticiasemdestaque.com\/cd\/wp-content\/uploads\/2017\/11\/medico-300x200.jpg","type":"image\/jpeg"}],"author":"Not\u00edcias em Destaque","twitter_card":"summary_large_image","twitter_misc":{"Escrito por":"Not\u00edcias em Destaque","Est. tempo de leitura":"2 minutos"},"schema":{"@context":"https:\/\/schema.org","@graph":[{"@type":"Article","@id":"https:\/\/noticiasemdestaque.com\/cd\/?p=5779#article","isPartOf":{"@id":"https:\/\/noticiasemdestaque.com\/cd\/?p=5779"},"author":{"name":"Not\u00edcias em Destaque","@id":"https:\/\/noticiasemdestaque.com\/cd\/#\/schema\/person\/21320b03a7e8bb90128938dafc9b908a"},"headline":"Machismo \u00e9 barreira para a preven\u00e7\u00e3o ao c\u00e2ncer de pr\u00f3stata","datePublished":"2017-11-06T16:57:51+00:00","mainEntityOfPage":{"@id":"https:\/\/noticiasemdestaque.com\/cd\/?p=5779"},"wordCount":456,"publisher":{"@id":"https:\/\/noticiasemdestaque.com\/cd\/#organization"},"image":{"@id":"https:\/\/noticiasemdestaque.com\/cd\/?p=5779#primaryimage"},"thumbnailUrl":"https:\/\/noticiasemdestaque.com\/cd\/wp-content\/uploads\/2017\/11\/medico-300x200.jpg","articleSection":["Sa\u00fade"],"inLanguage":"pt-BR"},{"@type":"WebPage","@id":"https:\/\/noticiasemdestaque.com\/cd\/?p=5779","url":"https:\/\/noticiasemdestaque.com\/cd\/?p=5779","name":"Machismo \u00e9 barreira para a preven\u00e7\u00e3o ao c\u00e2ncer de pr\u00f3stata - Not&iacute;cias em Destaque","isPartOf":{"@id":"https:\/\/noticiasemdestaque.com\/cd\/#website"},"primaryImageOfPage":{"@id":"https:\/\/noticiasemdestaque.com\/cd\/?p=5779#primaryimage"},"image":{"@id":"https:\/\/noticiasemdestaque.com\/cd\/?p=5779#primaryimage"},"thumbnailUrl":"https:\/\/noticiasemdestaque.com\/cd\/wp-content\/uploads\/2017\/11\/medico-300x200.jpg","datePublished":"2017-11-06T16:57:51+00:00","breadcrumb":{"@id":"https:\/\/noticiasemdestaque.com\/cd\/?p=5779#breadcrumb"},"inLanguage":"pt-BR","potentialAction":[{"@type":"ReadAction","target":["https:\/\/noticiasemdestaque.com\/cd\/?p=5779"]}]},{"@type":"ImageObject","inLanguage":"pt-BR","@id":"https:\/\/noticiasemdestaque.com\/cd\/?p=5779#primaryimage","url":"https:\/\/noticiasemdestaque.com\/cd\/wp-content\/uploads\/2017\/11\/medico-300x200.jpg","contentUrl":"https:\/\/noticiasemdestaque.com\/cd\/wp-content\/uploads\/2017\/11\/medico-300x200.jpg","width":300,"height":200},{"@type":"BreadcrumbList","@id":"https:\/\/noticiasemdestaque.com\/cd\/?p=5779#breadcrumb","itemListElement":[{"@type":"ListItem","position":1,"name":"In\u00edcio","item":"https:\/\/noticiasemdestaque.com\/cd\/"},{"@type":"ListItem","position":2,"name":"Machismo \u00e9 barreira para a preven\u00e7\u00e3o ao c\u00e2ncer de pr\u00f3stata"}]},{"@type":"WebSite","@id":"https:\/\/noticiasemdestaque.com\/cd\/#website","url":"https:\/\/noticiasemdestaque.com\/cd\/","name":"Not&iacute;cias em Destaque","description":"","publisher":{"@id":"https:\/\/noticiasemdestaque.com\/cd\/#organization"},"potentialAction":[{"@type":"SearchAction","target":{"@type":"EntryPoint","urlTemplate":"https:\/\/noticiasemdestaque.com\/cd\/?s={search_term_string}"},"query-input":{"@type":"PropertyValueSpecification","valueRequired":true,"valueName":"search_term_string"}}],"inLanguage":"pt-BR"},{"@type":"Organization","@id":"https:\/\/noticiasemdestaque.com\/cd\/#organization","name":"Not\u00edcias em Destaque","url":"https:\/\/noticiasemdestaque.com\/cd\/","logo":{"@type":"ImageObject","inLanguage":"pt-BR","@id":"https:\/\/noticiasemdestaque.com\/cd\/#\/schema\/logo\/image\/","url":"https:\/\/noticiasemdestaque.com\/cd\/wp-content\/uploads\/2022\/05\/imagem-base-noticiasemdestaque.png","contentUrl":"https:\/\/noticiasemdestaque.com\/cd\/wp-content\/uploads\/2022\/05\/imagem-base-noticiasemdestaque.png","width":1200,"height":630,"caption":"Not\u00edcias em Destaque"},"image":{"@id":"https:\/\/noticiasemdestaque.com\/cd\/#\/schema\/logo\/image\/"}},{"@type":"Person","@id":"https:\/\/noticiasemdestaque.com\/cd\/#\/schema\/person\/21320b03a7e8bb90128938dafc9b908a","name":"Not\u00edcias em Destaque","url":"https:\/\/noticiasemdestaque.com\/cd\/?author=2"}]}},"jetpack_featured_media_url":"https:\/\/noticiasemdestaque.com\/cd\/wp-content\/uploads\/2017\/11\/medico-300x200.jpg","jetpack_sharing_enabled":true,"_links":{"self":[{"href":"https:\/\/noticiasemdestaque.com\/cd\/index.php?rest_route=\/wp\/v2\/posts\/5779","targetHints":{"allow":["GET"]}}],"collection":[{"href":"https:\/\/noticiasemdestaque.com\/cd\/index.php?rest_route=\/wp\/v2\/posts"}],"about":[{"href":"https:\/\/noticiasemdestaque.com\/cd\/index.php?rest_route=\/wp\/v2\/types\/post"}],"author":[{"embeddable":true,"href":"https:\/\/noticiasemdestaque.com\/cd\/index.php?rest_route=\/wp\/v2\/users\/2"}],"replies":[{"embeddable":true,"href":"https:\/\/noticiasemdestaque.com\/cd\/index.php?rest_route=%2Fwp%2Fv2%2Fcomments&post=5779"}],"version-history":[{"count":1,"href":"https:\/\/noticiasemdestaque.com\/cd\/index.php?rest_route=\/wp\/v2\/posts\/5779\/revisions"}],"predecessor-version":[{"id":5781,"href":"https:\/\/noticiasemdestaque.com\/cd\/index.php?rest_route=\/wp\/v2\/posts\/5779\/revisions\/5781"}],"wp:featuredmedia":[{"embeddable":true,"href":"https:\/\/noticiasemdestaque.com\/cd\/index.php?rest_route=\/wp\/v2\/media\/5780"}],"wp:attachment":[{"href":"https:\/\/noticiasemdestaque.com\/cd\/index.php?rest_route=%2Fwp%2Fv2%2Fmedia&parent=5779"}],"wp:term":[{"taxonomy":"category","embeddable":true,"href":"https:\/\/noticiasemdestaque.com\/cd\/index.php?rest_route=%2Fwp%2Fv2%2Fcategories&post=5779"},{"taxonomy":"post_tag","embeddable":true,"href":"https:\/\/noticiasemdestaque.com\/cd\/index.php?rest_route=%2Fwp%2Fv2%2Ftags&post=5779"}],"curies":[{"name":"wp","href":"https:\/\/api.w.org\/{rel}","templated":true}]}}